{"id":15339,"date":"2010-08-26T16:54:54","date_gmt":"2010-08-26T14:54:54","guid":{"rendered":"https:\/\/www.toutsurmesfinances.com\/retraite\/confier-la-liquidation-de-ses-droits-a-la-retraite-a-un-professionnel.html"},"modified":"2012-12-12T15:40:42","modified_gmt":"2012-12-12T15:40:42","slug":"confier-la-liquidation-de-ses-droits-a-la-retraite-a-un-professionnel","status":"publish","type":"post","link":"https:\/\/www.toutsurmesfinances.com\/retraite\/confier-la-liquidation-de-ses-droits-a-la-retraite-a-un-professionnel.html","title":{"rendered":"Confier la liquidation de ses droits \u00e0 la retraite \u00e0 un professionnel"},"content":{"rendered":"<p>La pension de retraite ne s&rsquo;obtient pas en claquant des doigts. Vous devez, plusieurs mois avant la date de d\u00e9part que vous avez choisie (un d\u00e9lai de 4 \u00e0 6 mois est recommand\u00e9) effectuer une demande \u00e0 votre caisse de retraite.<\/p>\n<p>Facile si vous avez eu une carri\u00e8re sans accident et que vous avez cotis\u00e9 \u00e0 un seul r\u00e9gime : il faut lui adresser le formulaire de \u00ab\u00a0demande unique de retraite\u00a0\u00bb. Cette demande unique est \u00e9galement valable si votre activit\u00e9 professionnelle a relev\u00e9 de plusieurs des r\u00e9gimes de retraite de base suivants : salari\u00e9s, exploitants ou salari\u00e9s agricole, artisans et commer\u00e7ants.<\/p>\n<p><strong>Solution appropri\u00e9e pour les affili\u00e9s \u00e0 plusieurs r\u00e9gimes<\/strong><\/p>\n<p>Mais si vous avez \u00e9t\u00e9 affili\u00e9 \u00e0 un ou plusieurs autres r\u00e9gimes que ceux susmentionn\u00e9s, la situation se complique : vous devez en effet vous adresser \u00e0 chacune des caisses dont vous relevez ou avez relev\u00e9 !<\/p>\n<p>Dans ce cas, vous pouvez vous faire aider, moyennant finances, par un professionnel. La plupart des soci\u00e9t\u00e9s priv\u00e9es sp\u00e9cialis\u00e9es dans la r\u00e9alisation de bilans ou audits retraite pr\u00e9visionnels peuvent r\u00e9aliser cette prestation, g\u00e9n\u00e9ralement appel\u00e9e aide ou assistance \u00e0 la liquidation des droits.<\/p>\n<p>Dans ce cas, vous donnez mandat au prestataire que vous avez choisi pour qu&rsquo;il effectue les d\u00e9marches administratives en votre nom aupr\u00e8s des organismes de retraite.<\/p>\n<p>La prestation d&rsquo;assistance \u00e0 la liquidation des droits recouvre alors les d\u00e9marches suivantes :<br \/>&#8211; prise de contact avec vos caisses pour demander \u00e0 \u00ab liquider \u00bb votre retraite <br \/>&#8211; r\u00e9ponses aux objections formul\u00e9es par les caisses de retraite<br \/>&#8211; v\u00e9rification des montants des pensions <\/p>\n<p><strong>&gt; Notre conseil : <\/strong>attention, votre demande aupr\u00e8s d&rsquo;un sp\u00e9cialiste doit \u00e9galement s&rsquo;effectuer 4 \u00e0 6 mois avant votre date souhait\u00e9e de d\u00e9part en retraite.<\/p>\n<p><strong>En savoir plus<\/strong><br \/><strong>&gt;&gt; Comparatif des offres des soci\u00e9t\u00e9s sp\u00e9cialis\u00e9es dans l&rsquo;aide au d\u00e9marches de d\u00e9part en retraite<\/strong><\/p><\/p>\n","protected":false},"excerpt":{"rendered":"<p>Aucune pension de retraite n&rsquo;est attribu\u00e9e automatiquement. Les polypensionn\u00e9s peuvent donc trouver un int\u00e9r\u00eat \u00e0 se faire aider d&rsquo;un sp\u00e9cialiste qui l&rsquo;assistera dans ses d\u00e9marches et le traitement des formalit\u00e9s. Cette prestation, payante, s&rsquo;appelle aide ou assistance \u00e0 la liquidation des droits.<\/p>\n","protected":false},"author":13718,"featured_media":0,"comment_status":"closed","ping_status":"closed","sticky":false,"template":"","format":"standard","meta":{"footnotes":""},"categories":[25],"tags":[],"class_list":["post-15339","post","type-post","status-publish","format-standard","hentry","category-preparation-a-la-retraite"],"acf":[],"yoast_head":"<!-- This site is optimized with the Yoast SEO plugin v24.9 - https:\/\/yoast.com\/wordpress\/plugins\/seo\/ -->\n<title>D\u00e9l\u00e9guer ses d\u00e9marches \u00e0 un pro<\/title>\n<meta name=\"description\" content=\"Confier la liquidation de ses droits \u00e0 la retraite \u00e0 un professionnel\" \/>\n<meta name=\"robots\" content=\"index, follow, max-snippet:-1, max-image-preview:large, max-video-preview:-1\" \/>\n<link rel=\"canonical\" href=\"https:\/\/www.toutsurmesfinances.com\/retraite\/confier-la-liquidation-de-ses-droits-a-la-retraite-a-un-professionnel.html\" \/>\n<meta property=\"og:locale\" content=\"fr_FR\" \/>\n<meta property=\"og:type\" content=\"article\" \/>\n<meta property=\"og:title\" content=\"D\u00e9l\u00e9guer ses d\u00e9marches \u00e0 un pro\" \/>\n<meta property=\"og:description\" content=\"Confier la liquidation de ses droits \u00e0 la retraite \u00e0 un professionnel\" \/>\n<meta property=\"og:url\" content=\"https:\/\/www.toutsurmesfinances.com\/retraite\/confier-la-liquidation-de-ses-droits-a-la-retraite-a-un-professionnel.html\" \/>\n<meta property=\"og:site_name\" content=\"Retraite\" \/>\n<meta property=\"article:published_time\" content=\"2010-08-26T14:54:54+00:00\" \/>\n<meta property=\"article:modified_time\" content=\"2012-12-12T15:40:42+00:00\" \/>\n<meta name=\"author\" content=\"L&#039;\u00e9quipe de r\u00e9daction\" \/>\n<meta name=\"twitter:card\" content=\"summary_large_image\" \/>\n<meta name=\"twitter:creator\" content=\"@Toutsur\" \/>\n<meta name=\"twitter:site\" content=\"@Toutsur\" \/>\n<meta name=\"twitter:label1\" content=\"\u00c9crit par\" \/>\n\t<meta name=\"twitter:data1\" content=\"L&#039;\u00e9quipe de r\u00e9daction\" \/>\n\t<meta name=\"twitter:label2\" content=\"Dur\u00e9e de lecture estim\u00e9e\" \/>\n\t<meta name=\"twitter:data2\" content=\"2 minutes\" \/>\n<script type=\"application\/ld+json\" class=\"yoast-schema-graph\">{\"@context\":\"https:\/\/schema.org\",\"@graph\":[{\"@type\":\"Article\",\"@id\":\"https:\/\/www.toutsurmesfinances.com\/retraite\/confier-la-liquidation-de-ses-droits-a-la-retraite-a-un-professionnel.html#article\",\"isPartOf\":{\"@id\":\"https:\/\/www.toutsurmesfinances.com\/retraite\/confier-la-liquidation-de-ses-droits-a-la-retraite-a-un-professionnel.html\"},\"author\":{\"name\":\"L'\u00e9quipe de r\u00e9daction\",\"@id\":\"https:\/\/www.toutsurmesfinances.com\/retraite\/#\/schema\/person\/19a038f31d078d13966363e7ab7343c6\"},\"headline\":\"Confier la liquidation de ses droits \u00e0 la retraite \u00e0 un professionnel\",\"dateModified\":\"2012-12-12T15:40:42+00:00\",\"mainEntityOfPage\":{\"@id\":\"https:\/\/www.toutsurmesfinances.com\/retraite\/confier-la-liquidation-de-ses-droits-a-la-retraite-a-un-professionnel.html\"},\"wordCount\":336,\"publisher\":{\"@id\":\"https:\/\/www.toutsurmesfinances.com\/retraite\/#organization\"},\"articleSection\":[\"Pr\u00e9paration \u00e0 la retraite\"],\"inLanguage\":\"fr-FR\"},{\"@type\":\"WebPage\",\"@id\":\"https:\/\/www.toutsurmesfinances.com\/retraite\/confier-la-liquidation-de-ses-droits-a-la-retraite-a-un-professionnel.html\",\"url\":\"https:\/\/www.toutsurmesfinances.com\/retraite\/confier-la-liquidation-de-ses-droits-a-la-retraite-a-un-professionnel.html\",\"name\":\"D\u00e9l\u00e9guer ses d\u00e9marches \u00e0 un pro\",\"isPartOf\":{\"@id\":\"https:\/\/www.toutsurmesfinances.com\/retraite\/#website\"},\"dateModified\":\"2012-12-12T15:40:42+00:00\",\"description\":\"Confier la liquidation de ses droits \u00e0 la retraite \u00e0 un professionnel\",\"breadcrumb\":{\"@id\":\"https:\/\/www.toutsurmesfinances.com\/retraite\/confier-la-liquidation-de-ses-droits-a-la-retraite-a-un-professionnel.html#breadcrumb\"},\"inLanguage\":\"fr-FR\",\"potentialAction\":[{\"@type\":\"ReadAction\",\"target\":[\"https:\/\/www.toutsurmesfinances.com\/retraite\/confier-la-liquidation-de-ses-droits-a-la-retraite-a-un-professionnel.html\"]}]},{\"@type\":\"BreadcrumbList\",\"@id\":\"https:\/\/www.toutsurmesfinances.com\/retraite\/confier-la-liquidation-de-ses-droits-a-la-retraite-a-un-professionnel.html#breadcrumb\",\"itemListElement\":[{\"@type\":\"ListItem\",\"position\":1,\"name\":\"Accueil\",\"item\":\"https:\/\/www.toutsurmesfinances.com\/retraite\/\"},{\"@type\":\"ListItem\",\"position\":2,\"name\":\"Pr\u00e9paration\",\"item\":\"https:\/\/www.toutsurmesfinances.com\/retraite\/c\/preparation\"},{\"@type\":\"ListItem\",\"position\":3,\"name\":\"Pr\u00e9paration \u00e0 la retraite\",\"item\":\"https:\/\/www.toutsurmesfinances.com\/retraite\/c\/preparation-a-la-retraite\"},{\"@type\":\"ListItem\",\"position\":4,\"name\":\"Confier la liquidation de ses droits \u00e0 la retraite \u00e0 un professionnel\"}]},{\"@type\":\"WebSite\",\"@id\":\"https:\/\/www.toutsurmesfinances.com\/retraite\/#website\",\"url\":\"https:\/\/www.toutsurmesfinances.com\/retraite\/\",\"name\":\"Retraite\",\"description\":\"\",\"publisher\":{\"@id\":\"https:\/\/www.toutsurmesfinances.com\/retraite\/#organization\"},\"potentialAction\":[{\"@type\":\"SearchAction\",\"target\":{\"@type\":\"EntryPoint\",\"urlTemplate\":\"https:\/\/www.toutsurmesfinances.com\/retraite\/?s={search_term_string}\"},\"query-input\":{\"@type\":\"PropertyValueSpecification\",\"valueRequired\":true,\"valueName\":\"search_term_string\"}}],\"inLanguage\":\"fr-FR\"},{\"@type\":\"Organization\",\"@id\":\"https:\/\/www.toutsurmesfinances.com\/retraite\/#organization\",\"name\":\"Tout Sur Mes Finances\",\"url\":\"https:\/\/www.toutsurmesfinances.com\/retraite\/\",\"logo\":{\"@type\":\"ImageObject\",\"inLanguage\":\"fr-FR\",\"@id\":\"https:\/\/www.toutsurmesfinances.com\/retraite\/#\/schema\/logo\/image\/\",\"url\":\"https:\/\/www.toutsurmesfinances.com\/retraite\/wp-content\/uploads\/sites\/4\/2021\/01\/favicon.png\",\"contentUrl\":\"https:\/\/www.toutsurmesfinances.com\/retraite\/wp-content\/uploads\/sites\/4\/2021\/01\/favicon.png\",\"width\":512,\"height\":512,\"caption\":\"Tout Sur Mes Finances\"},\"image\":{\"@id\":\"https:\/\/www.toutsurmesfinances.com\/retraite\/#\/schema\/logo\/image\/\"},\"sameAs\":[\"https:\/\/x.com\/Toutsur\"]},{\"@type\":\"Person\",\"@id\":\"https:\/\/www.toutsurmesfinances.com\/retraite\/#\/schema\/person\/19a038f31d078d13966363e7ab7343c6\",\"name\":\"L'\u00e9quipe de r\u00e9daction\",\"image\":{\"@type\":\"ImageObject\",\"inLanguage\":\"fr-FR\",\"@id\":\"https:\/\/www.toutsurmesfinances.com\/retraite\/#\/schema\/person\/image\/\",\"url\":\"https:\/\/secure.gravatar.com\/avatar\/5d078ff23d3ce7cd29bc258e76954673?s=96&d=mm&r=g\",\"contentUrl\":\"https:\/\/secure.gravatar.com\/avatar\/5d078ff23d3ce7cd29bc258e76954673?s=96&d=mm&r=g\",\"caption\":\"L'\u00e9quipe de r\u00e9daction\"}}]}<\/script>\n<!-- \/ Yoast SEO plugin. -->","yoast_head_json":{"title":"D\u00e9l\u00e9guer ses d\u00e9marches \u00e0 un pro","description":"Confier la liquidation de ses droits \u00e0 la retraite \u00e0 un professionnel","robots":{"index":"index","follow":"follow","max-snippet":"max-snippet:-1","max-image-preview":"max-image-preview:large","max-video-preview":"max-video-preview:-1"},"canonical":"https:\/\/www.toutsurmesfinances.com\/retraite\/confier-la-liquidation-de-ses-droits-a-la-retraite-a-un-professionnel.html","og_locale":"fr_FR","og_type":"article","og_title":"D\u00e9l\u00e9guer ses d\u00e9marches \u00e0 un pro","og_description":"Confier la liquidation de ses droits \u00e0 la retraite \u00e0 un professionnel","og_url":"https:\/\/www.toutsurmesfinances.com\/retraite\/confier-la-liquidation-de-ses-droits-a-la-retraite-a-un-professionnel.html","og_site_name":"Retraite","article_published_time":"2010-08-26T14:54:54+00:00","article_modified_time":"2012-12-12T15:40:42+00:00","author":"L'\u00e9quipe de r\u00e9daction","twitter_card":"summary_large_image","twitter_creator":"@Toutsur","twitter_site":"@Toutsur","twitter_misc":{"\u00c9crit par":"L'\u00e9quipe de r\u00e9daction","Dur\u00e9e de lecture estim\u00e9e":"2 minutes"},"schema":{"@context":"https:\/\/schema.org","@graph":[{"@type":"Article","@id":"https:\/\/www.toutsurmesfinances.com\/retraite\/confier-la-liquidation-de-ses-droits-a-la-retraite-a-un-professionnel.html#article","isPartOf":{"@id":"https:\/\/www.toutsurmesfinances.com\/retraite\/confier-la-liquidation-de-ses-droits-a-la-retraite-a-un-professionnel.html"},"author":{"name":"L'\u00e9quipe de r\u00e9daction","@id":"https:\/\/www.toutsurmesfinances.com\/retraite\/#\/schema\/person\/19a038f31d078d13966363e7ab7343c6"},"headline":"Confier la liquidation de ses droits \u00e0 la retraite \u00e0 un professionnel","dateModified":"2012-12-12T15:40:42+00:00","mainEntityOfPage":{"@id":"https:\/\/www.toutsurmesfinances.com\/retraite\/confier-la-liquidation-de-ses-droits-a-la-retraite-a-un-professionnel.html"},"wordCount":336,"publisher":{"@id":"https:\/\/www.toutsurmesfinances.com\/retraite\/#organization"},"articleSection":["Pr\u00e9paration \u00e0 la retraite"],"inLanguage":"fr-FR"},{"@type":"WebPage","@id":"https:\/\/www.toutsurmesfinances.com\/retraite\/confier-la-liquidation-de-ses-droits-a-la-retraite-a-un-professionnel.html","url":"https:\/\/www.toutsurmesfinances.com\/retraite\/confier-la-liquidation-de-ses-droits-a-la-retraite-a-un-professionnel.html","name":"D\u00e9l\u00e9guer ses d\u00e9marches \u00e0 un pro","isPartOf":{"@id":"https:\/\/www.toutsurmesfinances.com\/retraite\/#website"},"dateModified":"2012-12-12T15:40:42+00:00","description":"Confier la liquidation de ses droits \u00e0 la retraite \u00e0 un professionnel","breadcrumb":{"@id":"https:\/\/www.toutsurmesfinances.com\/retraite\/confier-la-liquidation-de-ses-droits-a-la-retraite-a-un-professionnel.html#breadcrumb"},"inLanguage":"fr-FR","potentialAction":[{"@type":"ReadAction","target":["https:\/\/www.toutsurmesfinances.com\/retraite\/confier-la-liquidation-de-ses-droits-a-la-retraite-a-un-professionnel.html"]}]},{"@type":"BreadcrumbList","@id":"https:\/\/www.toutsurmesfinances.com\/retraite\/confier-la-liquidation-de-ses-droits-a-la-retraite-a-un-professionnel.html#breadcrumb","itemListElement":[{"@type":"ListItem","position":1,"name":"Accueil","item":"https:\/\/www.toutsurmesfinances.com\/retraite\/"},{"@type":"ListItem","position":2,"name":"Pr\u00e9paration","item":"https:\/\/www.toutsurmesfinances.com\/retraite\/c\/preparation"},{"@type":"ListItem","position":3,"name":"Pr\u00e9paration \u00e0 la retraite","item":"https:\/\/www.toutsurmesfinances.com\/retraite\/c\/preparation-a-la-retraite"},{"@type":"ListItem","position":4,"name":"Confier la liquidation de ses droits \u00e0 la retraite \u00e0 un professionnel"}]},{"@type":"WebSite","@id":"https:\/\/www.toutsurmesfinances.com\/retraite\/#website","url":"https:\/\/www.toutsurmesfinances.com\/retraite\/","name":"Retraite","description":"","publisher":{"@id":"https:\/\/www.toutsurmesfinances.com\/retraite\/#organization"},"potentialAction":[{"@type":"SearchAction","target":{"@type":"EntryPoint","urlTemplate":"https:\/\/www.toutsurmesfinances.com\/retraite\/?s={search_term_string}"},"query-input":{"@type":"PropertyValueSpecification","valueRequired":true,"valueName":"search_term_string"}}],"inLanguage":"fr-FR"},{"@type":"Organization","@id":"https:\/\/www.toutsurmesfinances.com\/retraite\/#organization","name":"Tout Sur Mes Finances","url":"https:\/\/www.toutsurmesfinances.com\/retraite\/","logo":{"@type":"ImageObject","inLanguage":"fr-FR","@id":"https:\/\/www.toutsurmesfinances.com\/retraite\/#\/schema\/logo\/image\/","url":"https:\/\/www.toutsurmesfinances.com\/retraite\/wp-content\/uploads\/sites\/4\/2021\/01\/favicon.png","contentUrl":"https:\/\/www.toutsurmesfinances.com\/retraite\/wp-content\/uploads\/sites\/4\/2021\/01\/favicon.png","width":512,"height":512,"caption":"Tout Sur Mes Finances"},"image":{"@id":"https:\/\/www.toutsurmesfinances.com\/retraite\/#\/schema\/logo\/image\/"},"sameAs":["https:\/\/x.com\/Toutsur"]},{"@type":"Person","@id":"https:\/\/www.toutsurmesfinances.com\/retraite\/#\/schema\/person\/19a038f31d078d13966363e7ab7343c6","name":"L'\u00e9quipe de r\u00e9daction","image":{"@type":"ImageObject","inLanguage":"fr-FR","@id":"https:\/\/www.toutsurmesfinances.com\/retraite\/#\/schema\/person\/image\/","url":"https:\/\/secure.gravatar.com\/avatar\/5d078ff23d3ce7cd29bc258e76954673?s=96&d=mm&r=g","contentUrl":"https:\/\/secure.gravatar.com\/avatar\/5d078ff23d3ce7cd29bc258e76954673?s=96&d=mm&r=g","caption":"L'\u00e9quipe de r\u00e9daction"}}]}},"_links":{"self":[{"href":"https:\/\/www.toutsurmesfinances.com\/retraite\/wp-json\/wp\/v2\/posts\/15339","targetHints":{"allow":["GET"]}}],"collection":[{"href":"https:\/\/www.toutsurmesfinances.com\/retraite\/wp-json\/wp\/v2\/posts"}],"about":[{"href":"https:\/\/www.toutsurmesfinances.com\/retraite\/wp-json\/wp\/v2\/types\/post"}],"author":[{"embeddable":true,"href":"https:\/\/www.toutsurmesfinances.com\/retraite\/wp-json\/wp\/v2\/users\/13718"}],"replies":[{"embeddable":true,"href":"https:\/\/www.toutsurmesfinances.com\/retraite\/wp-json\/wp\/v2\/comments?post=15339"}],"version-history":[{"count":1,"href":"https:\/\/www.toutsurmesfinances.com\/retraite\/wp-json\/wp\/v2\/posts\/15339\/revisions"}],"predecessor-version":[{"id":21906,"href":"https:\/\/www.toutsurmesfinances.com\/retraite\/wp-json\/wp\/v2\/posts\/15339\/revisions\/21906"}],"wp:attachment":[{"href":"https:\/\/www.toutsurmesfinances.com\/retraite\/wp-json\/wp\/v2\/media?parent=15339"}],"wp:term":[{"taxonomy":"category","embeddable":true,"href":"https:\/\/www.toutsurmesfinances.com\/retraite\/wp-json\/wp\/v2\/categories?post=15339"},{"taxonomy":"post_tag","embeddable":true,"href":"https:\/\/www.toutsurmesfinances.com\/retraite\/wp-json\/wp\/v2\/tags?post=15339"}],"curies":[{"name":"wp","href":"https:\/\/api.w.org\/{rel}","templated":true}]}}