{"id":15411,"date":"2010-09-23T16:06:40","date_gmt":"2010-09-23T14:06:40","guid":{"rendered":"https:\/\/www.toutsurmesfinances.com\/retraite\/ne-en-1954-impact-de-la-reforme-des-retraites-sur-votre-age-de-depart-legal-et-a-taux-plein.html"},"modified":"2021-12-08T14:36:03","modified_gmt":"2021-12-08T13:36:03","slug":"ne-en-1954-impact-de-la-reforme-des-retraites-sur-votre-age-de-depart-legal-et-a-taux-plein","status":"publish","type":"post","link":"https:\/\/www.toutsurmesfinances.com\/retraite\/ne-en-1954-impact-de-la-reforme-des-retraites-sur-votre-age-de-depart-legal-et-a-taux-plein.html","title":{"rendered":"N\u00e9 en 1954 : impact de la r\u00e9forme des retraites sur votre \u00e2ge de d\u00e9part l\u00e9gal et \u00e0 taux plein"},"content":{"rendered":"<section class=\"l-section wpb_row height_small\"><div class=\"l-section-h i-cf\"><div class=\"g-cols vc_row via_flex valign_top type_default stacking_default\"><div class=\"vc_col-sm-12 wpb_column vc_column_container\"><div class=\"vc_column-inner\"><div class=\"wpb_wrapper\"><div class=\"wpb_text_column\"><div class=\"wpb_wrapper\"><p>&gt; Votre situation avant et apr\u00e8s la r\u00e9forme au regard de l&rsquo;\u00e2ge l\u00e9gal (ouverture des droits \u00e0 la retraite) :<\/p>\n<table style=\"border: #bbbbbb 1px solid;\" border=\"1\" rules=\"all\">\n<tbody>\n<tr>\n<td style=\"text-align: center;\"><strong><span style=\"font-size: 8pt;\">Date de naissance<\/span><\/strong><\/td>\n<td style=\"text-align: center;\"><strong><span style=\"font-size: 8pt;\">Age de d\u00e9part avant la r\u00e9forme<\/span><\/strong><\/td>\n<td style=\"text-align: center;\"><strong><span style=\"font-size: 8pt;\">Date de d\u00e9part avant la r\u00e9forme<\/span><\/strong><\/td>\n<td style=\"text-align: center;\"><strong><span style=\"font-size: 8pt;\">Report de l&rsquo;\u00e2ge de d\u00e9part<\/span><\/strong><\/td>\n<td style=\"text-align: center;\"><strong><span style=\"font-size: 8pt;\">Age de d\u00e9part apr\u00e8s la r\u00e9forme<\/span><\/strong><\/td>\n<td style=\"text-align: center;\"><strong><span style=\"font-size: 8pt;\">Date de d\u00e9part apr\u00e8s la r\u00e9forme<\/span><\/strong><\/td>\n<\/tr>\n<tr>\n<td style=\"text-align: center;\"><span style=\"font-size: 8pt;\"><strong>1er janvier 1954<\/strong> <\/span><\/td>\n<td style=\"text-align: center;\"><span style=\"font-size: 8pt;\">60 ans <\/span><\/td>\n<td style=\"text-align: center;\"><span style=\"font-size: 8pt;\">1er janvier 2014 <\/span><\/td>\n<td style=\"text-align: center;\"><span style=\"font-size: 8pt;\">1 an et 7 mois <\/span><\/td>\n<td style=\"text-align: center;\"><span style=\"font-size: 8pt;\">61 ans et 7 mois <\/span><\/td>\n<td style=\"text-align: center;\"><span style=\"font-size: 8pt;\">1er septembre 2015 <\/span><\/td>\n<\/tr>\n<\/tbody>\n<\/table>\n<p>&gt; Votre situation avant et apr\u00e8s la r\u00e9forme au regard de l&rsquo;\u00e2ge de d\u00e9part sans d\u00e9cote :<\/p>\n<table style=\"border: #bbbbbb 1px solid;\" border=\"1\" rules=\"all\">\n<tbody>\n<tr>\n<td style=\"text-align: center;\"><strong><span style=\"font-size: 8pt;\">Date de naissance<\/span><\/strong><\/td>\n<td style=\"text-align: center;\"><strong><span style=\"font-size: 8pt;\">Age du taux plein avant la r\u00e9forme<\/span><\/strong><\/td>\n<td style=\"text-align: center;\"><strong><span style=\"font-size: 8pt;\">Date du taux plein avant la r\u00e9forme<\/span><\/strong><\/td>\n<td style=\"text-align: center;\"><strong><span style=\"font-size: 8pt;\">Report du taux plein<\/span><\/strong><\/td>\n<td style=\"text-align: center;\"><strong><span style=\"font-size: 8pt;\">Age du taux plein apr\u00e8s la r\u00e9forme<\/span><\/strong><\/td>\n<td style=\"text-align: center;\"><strong><span style=\"font-size: 8pt;\">Date du taux plein apr\u00e8s la r\u00e9forme<\/span><\/strong><\/td>\n<\/tr>\n<tr>\n<td style=\"text-align: center;\"><span style=\"font-size: 8pt;\"><strong>1er janvier 1954<\/strong> <\/span><\/td>\n<td style=\"text-align: center;\"><span style=\"font-size: 8pt;\">65 ans <\/span><\/td>\n<td style=\"text-align: center;\"><span style=\"font-size: 8pt;\">1er janvier 2019<\/span><\/td>\n<td style=\"text-align: center;\"><span style=\"font-size: 8pt;\">1 an et 7 mois <\/span><\/td>\n<td style=\"text-align: center;\"><span style=\"font-size: 8pt;\">66 ans et 7 mois <\/span><\/td>\n<td style=\"text-align: center;\"><span style=\"font-size: 8pt;\">1er septembre 2020 <\/span><\/td>\n<\/tr>\n<\/tbody>\n<\/table>\n<p>Ces dispositions sont valables pour les salari\u00e9s du secteur priv\u00e9 et les fonctionnaires s\u00e9dentaires, c&rsquo;est-\u00e0-dire hors \u00ab cat\u00e9gories actives \u00bb.<\/p>\n<p><em>Source : loi du 21 d\u00e9cembre 2011 de financement de la S\u00e9curit\u00e9 sociale pour 2012.<\/em><\/p>\n<p>&nbsp;<\/p>\n<p><strong>En savoir plus<br \/>\n<\/strong><strong>&gt;&gt; Le dispositif carri\u00e8res longues pour la g\u00e9n\u00e9ration 1954<\/strong><strong><br \/>\n<strong>&gt;&gt; Lire notre article : report de l&rsquo;\u00e2ge l\u00e9gal de droit commun, comment \u00e7a marche<\/strong><\/strong><br \/>\n<strong>&gt;&gt; Avant &#8211; apr\u00e8s la r\u00e9forme : tableau r\u00e9capitulatif des \u00e2ges de d\u00e9part entre 2011 et 2018<\/strong> (salari\u00e9s du priv\u00e9 et les fonctionnaires s\u00e9dentaires)<br \/>\n<strong>&gt;&gt; Avant &#8211; apr\u00e8s la r\u00e9forme : tableau r\u00e9capitulatif des \u00e2ges de d\u00e9part sans d\u00e9cote (\u00e0 taux plein) entre 2016 et 2023<\/strong><\/p>\n<\/div><\/div><\/div><\/div><\/div><\/div><\/div><\/section>\n","protected":false},"excerpt":{"rendered":"<p>Si vous \u00eates n\u00e9 entre le 1er janvier et le 31 d\u00e9cembre\u00a01954, vous pouvez prendre votre retraite \u00e0 compter de 61 ans et 7 mois. Votre \u00e9ventuelle d\u00e9cote sera supprim\u00e9e si vous partez \u00e0 66 ans et 7 mois. Ces bornes d&rsquo;\u00e2ge d\u00e9coulent de la r\u00e9forme des retraites de 2010.<\/p>\n","protected":false},"author":13718,"featured_media":15410,"comment_status":"closed","ping_status":"closed","sticky":false,"template":"","format":"standard","meta":{"footnotes":""},"categories":[7],"tags":[],"class_list":["post-15411","post","type-post","status-publish","format-standard","has-post-thumbnail","hentry","category-reforme-des-retraites"],"acf":[],"yoast_head":"<!-- This site is optimized with the Yoast SEO plugin v24.9 - https:\/\/yoast.com\/wordpress\/plugins\/seo\/ -->\n<title>N\u00e9 en 1954 : impact de la r\u00e9forme des retraites sur votre \u00e2ge de d\u00e9part l\u00e9gal et \u00e0 taux plein<\/title>\n<meta name=\"description\" content=\"N\u00e9 en 1954 : impact de la r\u00e9forme des retraites sur votre \u00e2ge de d\u00e9part l\u00e9gal et \u00e0 taux plein\" \/>\n<meta name=\"robots\" content=\"index, follow, max-snippet:-1, max-image-preview:large, max-video-preview:-1\" \/>\n<link rel=\"canonical\" href=\"https:\/\/www.toutsurmesfinances.com\/retraite\/ne-en-1954-impact-de-la-reforme-des-retraites-sur-votre-age-de-depart-legal-et-a-taux-plein.html\" \/>\n<meta property=\"og:locale\" content=\"fr_FR\" \/>\n<meta property=\"og:type\" content=\"article\" \/>\n<meta property=\"og:title\" content=\"N\u00e9 en 1954 : impact de la r\u00e9forme des retraites sur votre \u00e2ge de d\u00e9part l\u00e9gal et \u00e0 taux plein\" \/>\n<meta property=\"og:description\" content=\"N\u00e9 en 1954 : impact de la r\u00e9forme des retraites sur votre \u00e2ge de d\u00e9part l\u00e9gal et \u00e0 taux plein\" \/>\n<meta property=\"og:url\" content=\"https:\/\/www.toutsurmesfinances.com\/retraite\/ne-en-1954-impact-de-la-reforme-des-retraites-sur-votre-age-de-depart-legal-et-a-taux-plein.html\" \/>\n<meta property=\"og:site_name\" content=\"Retraite\" \/>\n<meta property=\"article:published_time\" content=\"2010-09-23T14:06:40+00:00\" \/>\n<meta property=\"article:modified_time\" content=\"2021-12-08T13:36:03+00:00\" \/>\n<meta property=\"og:image\" content=\"https:\/\/www.toutsurmesfinances.com\/retraite\/wp-content\/uploads\/sites\/4\/2010\/09\/foule.jpg\" \/>\n\t<meta property=\"og:image:width\" content=\"823\" \/>\n\t<meta property=\"og:image:height\" content=\"463\" \/>\n\t<meta property=\"og:image:type\" content=\"image\/jpeg\" \/>\n<meta name=\"author\" content=\"L&#039;\u00e9quipe de r\u00e9daction\" \/>\n<meta name=\"twitter:card\" content=\"summary_large_image\" \/>\n<meta name=\"twitter:creator\" content=\"@Toutsur\" \/>\n<meta name=\"twitter:site\" content=\"@Toutsur\" \/>\n<meta name=\"twitter:label1\" content=\"\u00c9crit par\" \/>\n\t<meta name=\"twitter:data1\" content=\"L&#039;\u00e9quipe de r\u00e9daction\" \/>\n\t<meta name=\"twitter:label2\" content=\"Dur\u00e9e de lecture estim\u00e9e\" \/>\n\t<meta name=\"twitter:data2\" content=\"1 minute\" \/>\n<script type=\"application\/ld+json\" class=\"yoast-schema-graph\">{\"@context\":\"https:\/\/schema.org\",\"@graph\":[{\"@type\":\"Article\",\"@id\":\"https:\/\/www.toutsurmesfinances.com\/retraite\/ne-en-1954-impact-de-la-reforme-des-retraites-sur-votre-age-de-depart-legal-et-a-taux-plein.html#article\",\"isPartOf\":{\"@id\":\"https:\/\/www.toutsurmesfinances.com\/retraite\/ne-en-1954-impact-de-la-reforme-des-retraites-sur-votre-age-de-depart-legal-et-a-taux-plein.html\"},\"author\":{\"name\":\"L'\u00e9quipe de r\u00e9daction\",\"@id\":\"https:\/\/www.toutsurmesfinances.com\/retraite\/#\/schema\/person\/19a038f31d078d13966363e7ab7343c6\"},\"headline\":\"N\u00e9 en 1954 : impact de la r\u00e9forme des retraites sur votre \u00e2ge de d\u00e9part l\u00e9gal et \u00e0 taux plein\",\"dateModified\":\"2021-12-08T13:36:03+00:00\",\"mainEntityOfPage\":{\"@id\":\"https:\/\/www.toutsurmesfinances.com\/retraite\/ne-en-1954-impact-de-la-reforme-des-retraites-sur-votre-age-de-depart-legal-et-a-taux-plein.html\"},\"wordCount\":309,\"publisher\":{\"@id\":\"https:\/\/www.toutsurmesfinances.com\/retraite\/#organization\"},\"image\":{\"@id\":\"https:\/\/www.toutsurmesfinances.com\/retraite\/ne-en-1954-impact-de-la-reforme-des-retraites-sur-votre-age-de-depart-legal-et-a-taux-plein.html#primaryimage\"},\"thumbnailUrl\":\"https:\/\/www.toutsurmesfinances.com\/retraite\/wp-content\/uploads\/sites\/4\/2010\/09\/foule.jpg\",\"articleSection\":[\"R\u00e9forme des retraites\"],\"inLanguage\":\"fr-FR\"},{\"@type\":\"WebPage\",\"@id\":\"https:\/\/www.toutsurmesfinances.com\/retraite\/ne-en-1954-impact-de-la-reforme-des-retraites-sur-votre-age-de-depart-legal-et-a-taux-plein.html\",\"url\":\"https:\/\/www.toutsurmesfinances.com\/retraite\/ne-en-1954-impact-de-la-reforme-des-retraites-sur-votre-age-de-depart-legal-et-a-taux-plein.html\",\"name\":\"N\u00e9 en 1954 : impact de la r\u00e9forme des retraites sur votre \u00e2ge de d\u00e9part l\u00e9gal et \u00e0 taux plein\",\"isPartOf\":{\"@id\":\"https:\/\/www.toutsurmesfinances.com\/retraite\/#website\"},\"primaryImageOfPage\":{\"@id\":\"https:\/\/www.toutsurmesfinances.com\/retraite\/ne-en-1954-impact-de-la-reforme-des-retraites-sur-votre-age-de-depart-legal-et-a-taux-plein.html#primaryimage\"},\"image\":{\"@id\":\"https:\/\/www.toutsurmesfinances.com\/retraite\/ne-en-1954-impact-de-la-reforme-des-retraites-sur-votre-age-de-depart-legal-et-a-taux-plein.html#primaryimage\"},\"thumbnailUrl\":\"https:\/\/www.toutsurmesfinances.com\/retraite\/wp-content\/uploads\/sites\/4\/2010\/09\/foule.jpg\",\"dateModified\":\"2021-12-08T13:36:03+00:00\",\"description\":\"N\u00e9 en 1954 : impact de la r\u00e9forme des retraites sur votre \u00e2ge de d\u00e9part l\u00e9gal et \u00e0 taux plein\",\"breadcrumb\":{\"@id\":\"https:\/\/www.toutsurmesfinances.com\/retraite\/ne-en-1954-impact-de-la-reforme-des-retraites-sur-votre-age-de-depart-legal-et-a-taux-plein.html#breadcrumb\"},\"inLanguage\":\"fr-FR\",\"potentialAction\":[{\"@type\":\"ReadAction\",\"target\":[\"https:\/\/www.toutsurmesfinances.com\/retraite\/ne-en-1954-impact-de-la-reforme-des-retraites-sur-votre-age-de-depart-legal-et-a-taux-plein.html\"]}]},{\"@type\":\"ImageObject\",\"inLanguage\":\"fr-FR\",\"@id\":\"https:\/\/www.toutsurmesfinances.com\/retraite\/ne-en-1954-impact-de-la-reforme-des-retraites-sur-votre-age-de-depart-legal-et-a-taux-plein.html#primaryimage\",\"url\":\"https:\/\/www.toutsurmesfinances.com\/retraite\/wp-content\/uploads\/sites\/4\/2010\/09\/foule.jpg\",\"contentUrl\":\"https:\/\/www.toutsurmesfinances.com\/retraite\/wp-content\/uploads\/sites\/4\/2010\/09\/foule.jpg\",\"width\":823,\"height\":463,\"caption\":\"Les assur\u00e9s n\u00e9s en 1954 peuvent partir \u00e0 la retraite \u00e0 61 ans et 7 mois\"},{\"@type\":\"BreadcrumbList\",\"@id\":\"https:\/\/www.toutsurmesfinances.com\/retraite\/ne-en-1954-impact-de-la-reforme-des-retraites-sur-votre-age-de-depart-legal-et-a-taux-plein.html#breadcrumb\",\"itemListElement\":[{\"@type\":\"ListItem\",\"position\":1,\"name\":\"Accueil\",\"item\":\"https:\/\/www.toutsurmesfinances.com\/retraite\/\"},{\"@type\":\"ListItem\",\"position\":2,\"name\":\"R\u00e9forme\",\"item\":\"https:\/\/www.toutsurmesfinances.com\/retraite\/c\/reforme\"},{\"@type\":\"ListItem\",\"position\":3,\"name\":\"R\u00e9forme des retraites\",\"item\":\"https:\/\/www.toutsurmesfinances.com\/retraite\/c\/reforme-des-retraites\"},{\"@type\":\"ListItem\",\"position\":4,\"name\":\"N\u00e9 en 1954 : impact de la r\u00e9forme des retraites sur votre \u00e2ge de d\u00e9part l\u00e9gal et \u00e0 taux plein\"}]},{\"@type\":\"WebSite\",\"@id\":\"https:\/\/www.toutsurmesfinances.com\/retraite\/#website\",\"url\":\"https:\/\/www.toutsurmesfinances.com\/retraite\/\",\"name\":\"Retraite\",\"description\":\"\",\"publisher\":{\"@id\":\"https:\/\/www.toutsurmesfinances.com\/retraite\/#organization\"},\"potentialAction\":[{\"@type\":\"SearchAction\",\"target\":{\"@type\":\"EntryPoint\",\"urlTemplate\":\"https:\/\/www.toutsurmesfinances.com\/retraite\/?s={search_term_string}\"},\"query-input\":{\"@type\":\"PropertyValueSpecification\",\"valueRequired\":true,\"valueName\":\"search_term_string\"}}],\"inLanguage\":\"fr-FR\"},{\"@type\":\"Organization\",\"@id\":\"https:\/\/www.toutsurmesfinances.com\/retraite\/#organization\",\"name\":\"Tout Sur Mes Finances\",\"url\":\"https:\/\/www.toutsurmesfinances.com\/retraite\/\",\"logo\":{\"@type\":\"ImageObject\",\"inLanguage\":\"fr-FR\",\"@id\":\"https:\/\/www.toutsurmesfinances.com\/retraite\/#\/schema\/logo\/image\/\",\"url\":\"https:\/\/www.toutsurmesfinances.com\/retraite\/wp-content\/uploads\/sites\/4\/2021\/01\/favicon.png\",\"contentUrl\":\"https:\/\/www.toutsurmesfinances.com\/retraite\/wp-content\/uploads\/sites\/4\/2021\/01\/favicon.png\",\"width\":512,\"height\":512,\"caption\":\"Tout Sur Mes Finances\"},\"image\":{\"@id\":\"https:\/\/www.toutsurmesfinances.com\/retraite\/#\/schema\/logo\/image\/\"},\"sameAs\":[\"https:\/\/x.com\/Toutsur\"]},{\"@type\":\"Person\",\"@id\":\"https:\/\/www.toutsurmesfinances.com\/retraite\/#\/schema\/person\/19a038f31d078d13966363e7ab7343c6\",\"name\":\"L'\u00e9quipe de r\u00e9daction\",\"image\":{\"@type\":\"ImageObject\",\"inLanguage\":\"fr-FR\",\"@id\":\"https:\/\/www.toutsurmesfinances.com\/retraite\/#\/schema\/person\/image\/\",\"url\":\"https:\/\/secure.gravatar.com\/avatar\/5d078ff23d3ce7cd29bc258e76954673?s=96&d=mm&r=g\",\"contentUrl\":\"https:\/\/secure.gravatar.com\/avatar\/5d078ff23d3ce7cd29bc258e76954673?s=96&d=mm&r=g\",\"caption\":\"L'\u00e9quipe de r\u00e9daction\"}}]}<\/script>\n<!-- \/ Yoast SEO plugin. -->","yoast_head_json":{"title":"N\u00e9 en 1954 : impact de la r\u00e9forme des retraites sur votre \u00e2ge de d\u00e9part l\u00e9gal et \u00e0 taux plein","description":"N\u00e9 en 1954 : impact de la r\u00e9forme des retraites sur votre \u00e2ge de d\u00e9part l\u00e9gal et \u00e0 taux plein","robots":{"index":"index","follow":"follow","max-snippet":"max-snippet:-1","max-image-preview":"max-image-preview:large","max-video-preview":"max-video-preview:-1"},"canonical":"https:\/\/www.toutsurmesfinances.com\/retraite\/ne-en-1954-impact-de-la-reforme-des-retraites-sur-votre-age-de-depart-legal-et-a-taux-plein.html","og_locale":"fr_FR","og_type":"article","og_title":"N\u00e9 en 1954 : impact de la r\u00e9forme des retraites sur votre \u00e2ge de d\u00e9part l\u00e9gal et \u00e0 taux plein","og_description":"N\u00e9 en 1954 : impact de la r\u00e9forme des retraites sur votre \u00e2ge de d\u00e9part l\u00e9gal et \u00e0 taux plein","og_url":"https:\/\/www.toutsurmesfinances.com\/retraite\/ne-en-1954-impact-de-la-reforme-des-retraites-sur-votre-age-de-depart-legal-et-a-taux-plein.html","og_site_name":"Retraite","article_published_time":"2010-09-23T14:06:40+00:00","article_modified_time":"2021-12-08T13:36:03+00:00","og_image":[{"width":823,"height":463,"url":"https:\/\/www.toutsurmesfinances.com\/retraite\/wp-content\/uploads\/sites\/4\/2010\/09\/foule.jpg","type":"image\/jpeg"}],"author":"L'\u00e9quipe de r\u00e9daction","twitter_card":"summary_large_image","twitter_creator":"@Toutsur","twitter_site":"@Toutsur","twitter_misc":{"\u00c9crit par":"L'\u00e9quipe de r\u00e9daction","Dur\u00e9e de lecture estim\u00e9e":"1 minute"},"schema":{"@context":"https:\/\/schema.org","@graph":[{"@type":"Article","@id":"https:\/\/www.toutsurmesfinances.com\/retraite\/ne-en-1954-impact-de-la-reforme-des-retraites-sur-votre-age-de-depart-legal-et-a-taux-plein.html#article","isPartOf":{"@id":"https:\/\/www.toutsurmesfinances.com\/retraite\/ne-en-1954-impact-de-la-reforme-des-retraites-sur-votre-age-de-depart-legal-et-a-taux-plein.html"},"author":{"name":"L'\u00e9quipe de r\u00e9daction","@id":"https:\/\/www.toutsurmesfinances.com\/retraite\/#\/schema\/person\/19a038f31d078d13966363e7ab7343c6"},"headline":"N\u00e9 en 1954 : impact de la r\u00e9forme des retraites sur votre \u00e2ge de d\u00e9part l\u00e9gal et \u00e0 taux plein","dateModified":"2021-12-08T13:36:03+00:00","mainEntityOfPage":{"@id":"https:\/\/www.toutsurmesfinances.com\/retraite\/ne-en-1954-impact-de-la-reforme-des-retraites-sur-votre-age-de-depart-legal-et-a-taux-plein.html"},"wordCount":309,"publisher":{"@id":"https:\/\/www.toutsurmesfinances.com\/retraite\/#organization"},"image":{"@id":"https:\/\/www.toutsurmesfinances.com\/retraite\/ne-en-1954-impact-de-la-reforme-des-retraites-sur-votre-age-de-depart-legal-et-a-taux-plein.html#primaryimage"},"thumbnailUrl":"https:\/\/www.toutsurmesfinances.com\/retraite\/wp-content\/uploads\/sites\/4\/2010\/09\/foule.jpg","articleSection":["R\u00e9forme des retraites"],"inLanguage":"fr-FR"},{"@type":"WebPage","@id":"https:\/\/www.toutsurmesfinances.com\/retraite\/ne-en-1954-impact-de-la-reforme-des-retraites-sur-votre-age-de-depart-legal-et-a-taux-plein.html","url":"https:\/\/www.toutsurmesfinances.com\/retraite\/ne-en-1954-impact-de-la-reforme-des-retraites-sur-votre-age-de-depart-legal-et-a-taux-plein.html","name":"N\u00e9 en 1954 : impact de la r\u00e9forme des retraites sur votre \u00e2ge de d\u00e9part l\u00e9gal et \u00e0 taux plein","isPartOf":{"@id":"https:\/\/www.toutsurmesfinances.com\/retraite\/#website"},"primaryImageOfPage":{"@id":"https:\/\/www.toutsurmesfinances.com\/retraite\/ne-en-1954-impact-de-la-reforme-des-retraites-sur-votre-age-de-depart-legal-et-a-taux-plein.html#primaryimage"},"image":{"@id":"https:\/\/www.toutsurmesfinances.com\/retraite\/ne-en-1954-impact-de-la-reforme-des-retraites-sur-votre-age-de-depart-legal-et-a-taux-plein.html#primaryimage"},"thumbnailUrl":"https:\/\/www.toutsurmesfinances.com\/retraite\/wp-content\/uploads\/sites\/4\/2010\/09\/foule.jpg","dateModified":"2021-12-08T13:36:03+00:00","description":"N\u00e9 en 1954 : impact de la r\u00e9forme des retraites sur votre \u00e2ge de d\u00e9part l\u00e9gal et \u00e0 taux plein","breadcrumb":{"@id":"https:\/\/www.toutsurmesfinances.com\/retraite\/ne-en-1954-impact-de-la-reforme-des-retraites-sur-votre-age-de-depart-legal-et-a-taux-plein.html#breadcrumb"},"inLanguage":"fr-FR","potentialAction":[{"@type":"ReadAction","target":["https:\/\/www.toutsurmesfinances.com\/retraite\/ne-en-1954-impact-de-la-reforme-des-retraites-sur-votre-age-de-depart-legal-et-a-taux-plein.html"]}]},{"@type":"ImageObject","inLanguage":"fr-FR","@id":"https:\/\/www.toutsurmesfinances.com\/retraite\/ne-en-1954-impact-de-la-reforme-des-retraites-sur-votre-age-de-depart-legal-et-a-taux-plein.html#primaryimage","url":"https:\/\/www.toutsurmesfinances.com\/retraite\/wp-content\/uploads\/sites\/4\/2010\/09\/foule.jpg","contentUrl":"https:\/\/www.toutsurmesfinances.com\/retraite\/wp-content\/uploads\/sites\/4\/2010\/09\/foule.jpg","width":823,"height":463,"caption":"Les assur\u00e9s n\u00e9s en 1954 peuvent partir \u00e0 la retraite \u00e0 61 ans et 7 mois"},{"@type":"BreadcrumbList","@id":"https:\/\/www.toutsurmesfinances.com\/retraite\/ne-en-1954-impact-de-la-reforme-des-retraites-sur-votre-age-de-depart-legal-et-a-taux-plein.html#breadcrumb","itemListElement":[{"@type":"ListItem","position":1,"name":"Accueil","item":"https:\/\/www.toutsurmesfinances.com\/retraite\/"},{"@type":"ListItem","position":2,"name":"R\u00e9forme","item":"https:\/\/www.toutsurmesfinances.com\/retraite\/c\/reforme"},{"@type":"ListItem","position":3,"name":"R\u00e9forme des retraites","item":"https:\/\/www.toutsurmesfinances.com\/retraite\/c\/reforme-des-retraites"},{"@type":"ListItem","position":4,"name":"N\u00e9 en 1954 : impact de la r\u00e9forme des retraites sur votre \u00e2ge de d\u00e9part l\u00e9gal et \u00e0 taux plein"}]},{"@type":"WebSite","@id":"https:\/\/www.toutsurmesfinances.com\/retraite\/#website","url":"https:\/\/www.toutsurmesfinances.com\/retraite\/","name":"Retraite","description":"","publisher":{"@id":"https:\/\/www.toutsurmesfinances.com\/retraite\/#organization"},"potentialAction":[{"@type":"SearchAction","target":{"@type":"EntryPoint","urlTemplate":"https:\/\/www.toutsurmesfinances.com\/retraite\/?s={search_term_string}"},"query-input":{"@type":"PropertyValueSpecification","valueRequired":true,"valueName":"search_term_string"}}],"inLanguage":"fr-FR"},{"@type":"Organization","@id":"https:\/\/www.toutsurmesfinances.com\/retraite\/#organization","name":"Tout Sur Mes Finances","url":"https:\/\/www.toutsurmesfinances.com\/retraite\/","logo":{"@type":"ImageObject","inLanguage":"fr-FR","@id":"https:\/\/www.toutsurmesfinances.com\/retraite\/#\/schema\/logo\/image\/","url":"https:\/\/www.toutsurmesfinances.com\/retraite\/wp-content\/uploads\/sites\/4\/2021\/01\/favicon.png","contentUrl":"https:\/\/www.toutsurmesfinances.com\/retraite\/wp-content\/uploads\/sites\/4\/2021\/01\/favicon.png","width":512,"height":512,"caption":"Tout Sur Mes Finances"},"image":{"@id":"https:\/\/www.toutsurmesfinances.com\/retraite\/#\/schema\/logo\/image\/"},"sameAs":["https:\/\/x.com\/Toutsur"]},{"@type":"Person","@id":"https:\/\/www.toutsurmesfinances.com\/retraite\/#\/schema\/person\/19a038f31d078d13966363e7ab7343c6","name":"L'\u00e9quipe de r\u00e9daction","image":{"@type":"ImageObject","inLanguage":"fr-FR","@id":"https:\/\/www.toutsurmesfinances.com\/retraite\/#\/schema\/person\/image\/","url":"https:\/\/secure.gravatar.com\/avatar\/5d078ff23d3ce7cd29bc258e76954673?s=96&d=mm&r=g","contentUrl":"https:\/\/secure.gravatar.com\/avatar\/5d078ff23d3ce7cd29bc258e76954673?s=96&d=mm&r=g","caption":"L'\u00e9quipe de r\u00e9daction"}}]}},"_links":{"self":[{"href":"https:\/\/www.toutsurmesfinances.com\/retraite\/wp-json\/wp\/v2\/posts\/15411","targetHints":{"allow":["GET"]}}],"collection":[{"href":"https:\/\/www.toutsurmesfinances.com\/retraite\/wp-json\/wp\/v2\/posts"}],"about":[{"href":"https:\/\/www.toutsurmesfinances.com\/retraite\/wp-json\/wp\/v2\/types\/post"}],"author":[{"embeddable":true,"href":"https:\/\/www.toutsurmesfinances.com\/retraite\/wp-json\/wp\/v2\/users\/13718"}],"replies":[{"embeddable":true,"href":"https:\/\/www.toutsurmesfinances.com\/retraite\/wp-json\/wp\/v2\/comments?post=15411"}],"version-history":[{"count":2,"href":"https:\/\/www.toutsurmesfinances.com\/retraite\/wp-json\/wp\/v2\/posts\/15411\/revisions"}],"predecessor-version":[{"id":30478,"href":"https:\/\/www.toutsurmesfinances.com\/retraite\/wp-json\/wp\/v2\/posts\/15411\/revisions\/30478"}],"wp:featuredmedia":[{"embeddable":true,"href":"https:\/\/www.toutsurmesfinances.com\/retraite\/wp-json\/wp\/v2\/media\/15410"}],"wp:attachment":[{"href":"https:\/\/www.toutsurmesfinances.com\/retraite\/wp-json\/wp\/v2\/media?parent=15411"}],"wp:term":[{"taxonomy":"category","embeddable":true,"href":"https:\/\/www.toutsurmesfinances.com\/retraite\/wp-json\/wp\/v2\/categories?post=15411"},{"taxonomy":"post_tag","embeddable":true,"href":"https:\/\/www.toutsurmesfinances.com\/retraite\/wp-json\/wp\/v2\/tags?post=15411"}],"curies":[{"name":"wp","href":"https:\/\/api.w.org\/{rel}","templated":true}]}}