{"id":15592,"date":"2010-12-02T18:35:46","date_gmt":"2010-12-02T17:35:46","guid":{"rendered":"https:\/\/www.toutsurmesfinances.com\/retraite\/retraite-quelle-est-la-difference-entre-l-age-legal-de-depart-et-l-age-du-taux-plein-ou-sans-decote.html"},"modified":"2012-12-12T15:40:42","modified_gmt":"2012-12-12T15:40:42","slug":"retraite-quelle-est-la-difference-entre-l-age-legal-de-depart-et-l-age-du-taux-plein-ou-sans-decote","status":"publish","type":"post","link":"https:\/\/www.toutsurmesfinances.com\/retraite\/retraite-quelle-est-la-difference-entre-l-age-legal-de-depart-et-l-age-du-taux-plein-ou-sans-decote.html","title":{"rendered":"Retraite : quelle est la diff\u00e9rence entre l&rsquo;\u00e2ge l\u00e9gal de d\u00e9part et l&rsquo;\u00e2ge du taux plein ou sans d\u00e9cote ?"},"content":{"rendered":"<\/p>\n<p>Apr\u00e8s la r\u00e9forme de 2010, plus de 6 Fran\u00e7ais sur 10 ont du mal \u00e0 faire clairement la diff\u00e9rence entre la notion d&rsquo;\u00e2ge l\u00e9gal de d\u00e9part \u00e0 la retraite et celle de l&rsquo;\u00e2ge de d\u00e9part sans d\u00e9cote, d&rsquo;apr\u00e8s un sondage Ipsos. Explications :\u00a0<\/p>\n<p><strong>&gt; \u00c2ge l\u00e9gal de d\u00e9part \u00e0 la retraite : d\u00e9finition<\/strong><\/p>\n<p>L&rsquo;\u00e2ge l\u00e9gal de d\u00e9part en retraite est l&rsquo;\u00e2ge minimum auquel on peut partir en retraite, sauf exceptions. Avant cet \u00e2ge, impossible de toucher une pension, en r\u00e8gle g\u00e9n\u00e9rale.\u00a0 Un synonyme : l&rsquo;expression \u00e2ge d&rsquo;ouverture des droits \u00e0 retraite signifie la m\u00eame chose qu&rsquo;\u00e2ge l\u00e9gal de d\u00e9part.<\/p>\n<p><span style=\"text-decoration: underline;\">&#8211; Impact de la r\u00e9forme 2010 des retraites sur l&rsquo;\u00e2ge l\u00e9gal :<\/span><\/p>\n<p>Avant la loi du 9 novembre 2010, l&rsquo;\u00e2ge l\u00e9gal de d\u00e9part en retraite \u00e9tait 60 ans. En 2018, cet \u00e2ge l\u00e9gal sera repouss\u00e9 \u00e0 62 ans pour les g\u00e9n\u00e9rations n\u00e9es apr\u00e8s le 1er janvier 1956 apr\u00e8s un rel\u00e8vement progressif pour les personnes n\u00e9es entre le 1er juillet 1951 et le 31 d\u00e9cembre 1955.<\/p>\n<p><strong>&gt; \u00c2ge de la retraite sans d\u00e9cote : d\u00e9finition<\/strong><\/p>\n<p>L&rsquo;\u00e2ge de la retraite sans d\u00e9cote est l&rsquo;\u00e2ge auquel on peut partir en retraite \u00e0 taux plein, c&rsquo;est \u00e0 dire sans perte d&rsquo;argent sur le montant de sa pension de retraite, m\u00eame vous n&rsquo;avez pas assez cotis\u00e9 durant assez de trimestres pour obtenir cette pleine pension.\u00a0Un synonyme : c&rsquo;est pour cette raison que l&rsquo;on utilise \u00e9galement l&rsquo;expression retraite \u00e0 taux plein pour d\u00e9signer la retraite sans d\u00e9cote<\/p>\n<p><span style=\"text-decoration: underline;\">&#8211; Impact de la r\u00e9forme 2010 des retraites sur l&rsquo;\u00e2ge du taux plein :<\/span><\/p>\n<p>Avant la loi du 9 novembre 2010, l&rsquo;\u00e2ge de la retraite sans d\u00e9cote \u00e9tait fix\u00e9 \u00e0 65 ans. En 2023, cet \u00e2ge du taux plein sera recul\u00e9 \u00e0 67 ans pour les personnes n\u00e9es apr\u00e8s le 1er janvier 1956 apr\u00e8s une phase de rel\u00e8vement progressif pour les g\u00e9n\u00e9rations 1951 (\u00e0 partir du 1er juillet), 1952, 1953, 1954 et 1955.<\/p>\n","protected":false},"excerpt":{"rendered":"<p>D\u00c9FINITIONS. Petite piq\u00fbre de rappel sur les principes de base de la retraite.<\/p>\n","protected":false},"author":13718,"featured_media":0,"comment_status":"closed","ping_status":"closed","sticky":false,"template":"","format":"standard","meta":{"footnotes":""},"categories":[13],"tags":[],"class_list":["post-15592","post","type-post","status-publish","format-standard","hentry","category-depart-a-la-retraite"],"acf":[],"yoast_head":"<!-- This site is optimized with the Yoast SEO plugin v24.9 - https:\/\/yoast.com\/wordpress\/plugins\/seo\/ -->\n<title>Retraite : quelle est la diff\u00e9rence entre l&#039;\u00e2ge l\u00e9gal de d\u00e9part et l&#039;\u00e2ge du taux plein ou sans d\u00e9cote ?<\/title>\n<meta name=\"description\" content=\"D\u00e9finitions de l&#039;\u00e2ge l\u00e9gal de la retraite et du taux plein\" \/>\n<meta name=\"robots\" content=\"index, follow, max-snippet:-1, max-image-preview:large, max-video-preview:-1\" \/>\n<link rel=\"canonical\" href=\"https:\/\/www.toutsurmesfinances.com\/retraite\/retraite-quelle-est-la-difference-entre-l-age-legal-de-depart-et-l-age-du-taux-plein-ou-sans-decote.html\" \/>\n<meta property=\"og:locale\" content=\"fr_FR\" \/>\n<meta property=\"og:type\" content=\"article\" \/>\n<meta property=\"og:title\" content=\"Retraite : quelle est la diff\u00e9rence entre l&#039;\u00e2ge l\u00e9gal de d\u00e9part et l&#039;\u00e2ge du taux plein ou sans d\u00e9cote ?\" \/>\n<meta property=\"og:description\" content=\"D\u00e9finitions de l&#039;\u00e2ge l\u00e9gal de la retraite et du taux plein\" \/>\n<meta property=\"og:url\" content=\"https:\/\/www.toutsurmesfinances.com\/retraite\/retraite-quelle-est-la-difference-entre-l-age-legal-de-depart-et-l-age-du-taux-plein-ou-sans-decote.html\" \/>\n<meta property=\"og:site_name\" content=\"Retraite\" \/>\n<meta property=\"article:published_time\" content=\"2010-12-02T17:35:46+00:00\" \/>\n<meta property=\"article:modified_time\" content=\"2012-12-12T15:40:42+00:00\" \/>\n<meta name=\"author\" content=\"L&#039;\u00e9quipe de r\u00e9daction\" \/>\n<meta name=\"twitter:card\" content=\"summary_large_image\" \/>\n<meta name=\"twitter:creator\" content=\"@Toutsur\" \/>\n<meta name=\"twitter:site\" content=\"@Toutsur\" \/>\n<meta name=\"twitter:label1\" content=\"\u00c9crit par\" \/>\n\t<meta name=\"twitter:data1\" content=\"L&#039;\u00e9quipe de r\u00e9daction\" \/>\n\t<meta name=\"twitter:label2\" content=\"Dur\u00e9e de lecture estim\u00e9e\" \/>\n\t<meta name=\"twitter:data2\" content=\"2 minutes\" \/>\n<script type=\"application\/ld+json\" class=\"yoast-schema-graph\">{\"@context\":\"https:\/\/schema.org\",\"@graph\":[{\"@type\":\"Article\",\"@id\":\"https:\/\/www.toutsurmesfinances.com\/retraite\/retraite-quelle-est-la-difference-entre-l-age-legal-de-depart-et-l-age-du-taux-plein-ou-sans-decote.html#article\",\"isPartOf\":{\"@id\":\"https:\/\/www.toutsurmesfinances.com\/retraite\/retraite-quelle-est-la-difference-entre-l-age-legal-de-depart-et-l-age-du-taux-plein-ou-sans-decote.html\"},\"author\":{\"name\":\"L'\u00e9quipe de r\u00e9daction\",\"@id\":\"https:\/\/www.toutsurmesfinances.com\/retraite\/#\/schema\/person\/19a038f31d078d13966363e7ab7343c6\"},\"headline\":\"Retraite : quelle est la diff\u00e9rence entre l&rsquo;\u00e2ge l\u00e9gal de d\u00e9part et l&rsquo;\u00e2ge du taux plein ou sans d\u00e9cote ?\",\"dateModified\":\"2012-12-12T15:40:42+00:00\",\"mainEntityOfPage\":{\"@id\":\"https:\/\/www.toutsurmesfinances.com\/retraite\/retraite-quelle-est-la-difference-entre-l-age-legal-de-depart-et-l-age-du-taux-plein-ou-sans-decote.html\"},\"wordCount\":362,\"publisher\":{\"@id\":\"https:\/\/www.toutsurmesfinances.com\/retraite\/#organization\"},\"articleSection\":[\"D\u00e9part \u00e0 la retraite\"],\"inLanguage\":\"fr-FR\"},{\"@type\":\"WebPage\",\"@id\":\"https:\/\/www.toutsurmesfinances.com\/retraite\/retraite-quelle-est-la-difference-entre-l-age-legal-de-depart-et-l-age-du-taux-plein-ou-sans-decote.html\",\"url\":\"https:\/\/www.toutsurmesfinances.com\/retraite\/retraite-quelle-est-la-difference-entre-l-age-legal-de-depart-et-l-age-du-taux-plein-ou-sans-decote.html\",\"name\":\"Retraite : quelle est la diff\u00e9rence entre l'\u00e2ge l\u00e9gal de d\u00e9part et l'\u00e2ge du taux plein ou sans d\u00e9cote ?\",\"isPartOf\":{\"@id\":\"https:\/\/www.toutsurmesfinances.com\/retraite\/#website\"},\"dateModified\":\"2012-12-12T15:40:42+00:00\",\"description\":\"D\u00e9finitions de l'\u00e2ge l\u00e9gal de la retraite et du taux plein\",\"breadcrumb\":{\"@id\":\"https:\/\/www.toutsurmesfinances.com\/retraite\/retraite-quelle-est-la-difference-entre-l-age-legal-de-depart-et-l-age-du-taux-plein-ou-sans-decote.html#breadcrumb\"},\"inLanguage\":\"fr-FR\",\"potentialAction\":[{\"@type\":\"ReadAction\",\"target\":[\"https:\/\/www.toutsurmesfinances.com\/retraite\/retraite-quelle-est-la-difference-entre-l-age-legal-de-depart-et-l-age-du-taux-plein-ou-sans-decote.html\"]}]},{\"@type\":\"BreadcrumbList\",\"@id\":\"https:\/\/www.toutsurmesfinances.com\/retraite\/retraite-quelle-est-la-difference-entre-l-age-legal-de-depart-et-l-age-du-taux-plein-ou-sans-decote.html#breadcrumb\",\"itemListElement\":[{\"@type\":\"ListItem\",\"position\":1,\"name\":\"Accueil\",\"item\":\"https:\/\/www.toutsurmesfinances.com\/retraite\/\"},{\"@type\":\"ListItem\",\"position\":2,\"name\":\"Liquidation\",\"item\":\"https:\/\/www.toutsurmesfinances.com\/retraite\/c\/liquidation\"},{\"@type\":\"ListItem\",\"position\":3,\"name\":\"D\u00e9part \u00e0 la retraite\",\"item\":\"https:\/\/www.toutsurmesfinances.com\/retraite\/c\/depart-a-la-retraite\"},{\"@type\":\"ListItem\",\"position\":4,\"name\":\"Retraite : quelle est la diff\u00e9rence entre l&rsquo;\u00e2ge l\u00e9gal de d\u00e9part et l&rsquo;\u00e2ge du taux plein ou sans d\u00e9cote ?\"}]},{\"@type\":\"WebSite\",\"@id\":\"https:\/\/www.toutsurmesfinances.com\/retraite\/#website\",\"url\":\"https:\/\/www.toutsurmesfinances.com\/retraite\/\",\"name\":\"Retraite\",\"description\":\"\",\"publisher\":{\"@id\":\"https:\/\/www.toutsurmesfinances.com\/retraite\/#organization\"},\"potentialAction\":[{\"@type\":\"SearchAction\",\"target\":{\"@type\":\"EntryPoint\",\"urlTemplate\":\"https:\/\/www.toutsurmesfinances.com\/retraite\/?s={search_term_string}\"},\"query-input\":{\"@type\":\"PropertyValueSpecification\",\"valueRequired\":true,\"valueName\":\"search_term_string\"}}],\"inLanguage\":\"fr-FR\"},{\"@type\":\"Organization\",\"@id\":\"https:\/\/www.toutsurmesfinances.com\/retraite\/#organization\",\"name\":\"Tout Sur Mes Finances\",\"url\":\"https:\/\/www.toutsurmesfinances.com\/retraite\/\",\"logo\":{\"@type\":\"ImageObject\",\"inLanguage\":\"fr-FR\",\"@id\":\"https:\/\/www.toutsurmesfinances.com\/retraite\/#\/schema\/logo\/image\/\",\"url\":\"https:\/\/www.toutsurmesfinances.com\/retraite\/wp-content\/uploads\/sites\/4\/2021\/01\/favicon.png\",\"contentUrl\":\"https:\/\/www.toutsurmesfinances.com\/retraite\/wp-content\/uploads\/sites\/4\/2021\/01\/favicon.png\",\"width\":512,\"height\":512,\"caption\":\"Tout Sur Mes Finances\"},\"image\":{\"@id\":\"https:\/\/www.toutsurmesfinances.com\/retraite\/#\/schema\/logo\/image\/\"},\"sameAs\":[\"https:\/\/x.com\/Toutsur\"]},{\"@type\":\"Person\",\"@id\":\"https:\/\/www.toutsurmesfinances.com\/retraite\/#\/schema\/person\/19a038f31d078d13966363e7ab7343c6\",\"name\":\"L'\u00e9quipe de r\u00e9daction\",\"image\":{\"@type\":\"ImageObject\",\"inLanguage\":\"fr-FR\",\"@id\":\"https:\/\/www.toutsurmesfinances.com\/retraite\/#\/schema\/person\/image\/\",\"url\":\"https:\/\/secure.gravatar.com\/avatar\/5d078ff23d3ce7cd29bc258e76954673?s=96&d=mm&r=g\",\"contentUrl\":\"https:\/\/secure.gravatar.com\/avatar\/5d078ff23d3ce7cd29bc258e76954673?s=96&d=mm&r=g\",\"caption\":\"L'\u00e9quipe de r\u00e9daction\"}}]}<\/script>\n<!-- \/ Yoast SEO plugin. -->","yoast_head_json":{"title":"Retraite : quelle est la diff\u00e9rence entre l'\u00e2ge l\u00e9gal de d\u00e9part et l'\u00e2ge du taux plein ou sans d\u00e9cote ?","description":"D\u00e9finitions de l'\u00e2ge l\u00e9gal de la retraite et du taux plein","robots":{"index":"index","follow":"follow","max-snippet":"max-snippet:-1","max-image-preview":"max-image-preview:large","max-video-preview":"max-video-preview:-1"},"canonical":"https:\/\/www.toutsurmesfinances.com\/retraite\/retraite-quelle-est-la-difference-entre-l-age-legal-de-depart-et-l-age-du-taux-plein-ou-sans-decote.html","og_locale":"fr_FR","og_type":"article","og_title":"Retraite : quelle est la diff\u00e9rence entre l'\u00e2ge l\u00e9gal de d\u00e9part et l'\u00e2ge du taux plein ou sans d\u00e9cote ?","og_description":"D\u00e9finitions de l'\u00e2ge l\u00e9gal de la retraite et du taux plein","og_url":"https:\/\/www.toutsurmesfinances.com\/retraite\/retraite-quelle-est-la-difference-entre-l-age-legal-de-depart-et-l-age-du-taux-plein-ou-sans-decote.html","og_site_name":"Retraite","article_published_time":"2010-12-02T17:35:46+00:00","article_modified_time":"2012-12-12T15:40:42+00:00","author":"L'\u00e9quipe de r\u00e9daction","twitter_card":"summary_large_image","twitter_creator":"@Toutsur","twitter_site":"@Toutsur","twitter_misc":{"\u00c9crit par":"L'\u00e9quipe de r\u00e9daction","Dur\u00e9e de lecture estim\u00e9e":"2 minutes"},"schema":{"@context":"https:\/\/schema.org","@graph":[{"@type":"Article","@id":"https:\/\/www.toutsurmesfinances.com\/retraite\/retraite-quelle-est-la-difference-entre-l-age-legal-de-depart-et-l-age-du-taux-plein-ou-sans-decote.html#article","isPartOf":{"@id":"https:\/\/www.toutsurmesfinances.com\/retraite\/retraite-quelle-est-la-difference-entre-l-age-legal-de-depart-et-l-age-du-taux-plein-ou-sans-decote.html"},"author":{"name":"L'\u00e9quipe de r\u00e9daction","@id":"https:\/\/www.toutsurmesfinances.com\/retraite\/#\/schema\/person\/19a038f31d078d13966363e7ab7343c6"},"headline":"Retraite : quelle est la diff\u00e9rence entre l&rsquo;\u00e2ge l\u00e9gal de d\u00e9part et l&rsquo;\u00e2ge du taux plein ou sans d\u00e9cote ?","dateModified":"2012-12-12T15:40:42+00:00","mainEntityOfPage":{"@id":"https:\/\/www.toutsurmesfinances.com\/retraite\/retraite-quelle-est-la-difference-entre-l-age-legal-de-depart-et-l-age-du-taux-plein-ou-sans-decote.html"},"wordCount":362,"publisher":{"@id":"https:\/\/www.toutsurmesfinances.com\/retraite\/#organization"},"articleSection":["D\u00e9part \u00e0 la retraite"],"inLanguage":"fr-FR"},{"@type":"WebPage","@id":"https:\/\/www.toutsurmesfinances.com\/retraite\/retraite-quelle-est-la-difference-entre-l-age-legal-de-depart-et-l-age-du-taux-plein-ou-sans-decote.html","url":"https:\/\/www.toutsurmesfinances.com\/retraite\/retraite-quelle-est-la-difference-entre-l-age-legal-de-depart-et-l-age-du-taux-plein-ou-sans-decote.html","name":"Retraite : quelle est la diff\u00e9rence entre l'\u00e2ge l\u00e9gal de d\u00e9part et l'\u00e2ge du taux plein ou sans d\u00e9cote ?","isPartOf":{"@id":"https:\/\/www.toutsurmesfinances.com\/retraite\/#website"},"dateModified":"2012-12-12T15:40:42+00:00","description":"D\u00e9finitions de l'\u00e2ge l\u00e9gal de la retraite et du taux plein","breadcrumb":{"@id":"https:\/\/www.toutsurmesfinances.com\/retraite\/retraite-quelle-est-la-difference-entre-l-age-legal-de-depart-et-l-age-du-taux-plein-ou-sans-decote.html#breadcrumb"},"inLanguage":"fr-FR","potentialAction":[{"@type":"ReadAction","target":["https:\/\/www.toutsurmesfinances.com\/retraite\/retraite-quelle-est-la-difference-entre-l-age-legal-de-depart-et-l-age-du-taux-plein-ou-sans-decote.html"]}]},{"@type":"BreadcrumbList","@id":"https:\/\/www.toutsurmesfinances.com\/retraite\/retraite-quelle-est-la-difference-entre-l-age-legal-de-depart-et-l-age-du-taux-plein-ou-sans-decote.html#breadcrumb","itemListElement":[{"@type":"ListItem","position":1,"name":"Accueil","item":"https:\/\/www.toutsurmesfinances.com\/retraite\/"},{"@type":"ListItem","position":2,"name":"Liquidation","item":"https:\/\/www.toutsurmesfinances.com\/retraite\/c\/liquidation"},{"@type":"ListItem","position":3,"name":"D\u00e9part \u00e0 la retraite","item":"https:\/\/www.toutsurmesfinances.com\/retraite\/c\/depart-a-la-retraite"},{"@type":"ListItem","position":4,"name":"Retraite : quelle est la diff\u00e9rence entre l&rsquo;\u00e2ge l\u00e9gal de d\u00e9part et l&rsquo;\u00e2ge du taux plein ou sans d\u00e9cote ?"}]},{"@type":"WebSite","@id":"https:\/\/www.toutsurmesfinances.com\/retraite\/#website","url":"https:\/\/www.toutsurmesfinances.com\/retraite\/","name":"Retraite","description":"","publisher":{"@id":"https:\/\/www.toutsurmesfinances.com\/retraite\/#organization"},"potentialAction":[{"@type":"SearchAction","target":{"@type":"EntryPoint","urlTemplate":"https:\/\/www.toutsurmesfinances.com\/retraite\/?s={search_term_string}"},"query-input":{"@type":"PropertyValueSpecification","valueRequired":true,"valueName":"search_term_string"}}],"inLanguage":"fr-FR"},{"@type":"Organization","@id":"https:\/\/www.toutsurmesfinances.com\/retraite\/#organization","name":"Tout Sur Mes Finances","url":"https:\/\/www.toutsurmesfinances.com\/retraite\/","logo":{"@type":"ImageObject","inLanguage":"fr-FR","@id":"https:\/\/www.toutsurmesfinances.com\/retraite\/#\/schema\/logo\/image\/","url":"https:\/\/www.toutsurmesfinances.com\/retraite\/wp-content\/uploads\/sites\/4\/2021\/01\/favicon.png","contentUrl":"https:\/\/www.toutsurmesfinances.com\/retraite\/wp-content\/uploads\/sites\/4\/2021\/01\/favicon.png","width":512,"height":512,"caption":"Tout Sur Mes Finances"},"image":{"@id":"https:\/\/www.toutsurmesfinances.com\/retraite\/#\/schema\/logo\/image\/"},"sameAs":["https:\/\/x.com\/Toutsur"]},{"@type":"Person","@id":"https:\/\/www.toutsurmesfinances.com\/retraite\/#\/schema\/person\/19a038f31d078d13966363e7ab7343c6","name":"L'\u00e9quipe de r\u00e9daction","image":{"@type":"ImageObject","inLanguage":"fr-FR","@id":"https:\/\/www.toutsurmesfinances.com\/retraite\/#\/schema\/person\/image\/","url":"https:\/\/secure.gravatar.com\/avatar\/5d078ff23d3ce7cd29bc258e76954673?s=96&d=mm&r=g","contentUrl":"https:\/\/secure.gravatar.com\/avatar\/5d078ff23d3ce7cd29bc258e76954673?s=96&d=mm&r=g","caption":"L'\u00e9quipe de r\u00e9daction"}}]}},"_links":{"self":[{"href":"https:\/\/www.toutsurmesfinances.com\/retraite\/wp-json\/wp\/v2\/posts\/15592","targetHints":{"allow":["GET"]}}],"collection":[{"href":"https:\/\/www.toutsurmesfinances.com\/retraite\/wp-json\/wp\/v2\/posts"}],"about":[{"href":"https:\/\/www.toutsurmesfinances.com\/retraite\/wp-json\/wp\/v2\/types\/post"}],"author":[{"embeddable":true,"href":"https:\/\/www.toutsurmesfinances.com\/retraite\/wp-json\/wp\/v2\/users\/13718"}],"replies":[{"embeddable":true,"href":"https:\/\/www.toutsurmesfinances.com\/retraite\/wp-json\/wp\/v2\/comments?post=15592"}],"version-history":[{"count":1,"href":"https:\/\/www.toutsurmesfinances.com\/retraite\/wp-json\/wp\/v2\/posts\/15592\/revisions"}],"predecessor-version":[{"id":25792,"href":"https:\/\/www.toutsurmesfinances.com\/retraite\/wp-json\/wp\/v2\/posts\/15592\/revisions\/25792"}],"wp:attachment":[{"href":"https:\/\/www.toutsurmesfinances.com\/retraite\/wp-json\/wp\/v2\/media?parent=15592"}],"wp:term":[{"taxonomy":"category","embeddable":true,"href":"https:\/\/www.toutsurmesfinances.com\/retraite\/wp-json\/wp\/v2\/categories?post=15592"},{"taxonomy":"post_tag","embeddable":true,"href":"https:\/\/www.toutsurmesfinances.com\/retraite\/wp-json\/wp\/v2\/tags?post=15592"}],"curies":[{"name":"wp","href":"https:\/\/api.w.org\/{rel}","templated":true}]}}