{"id":15647,"date":"2010-12-31T15:20:31","date_gmt":"2010-12-31T14:20:31","guid":{"rendered":"https:\/\/www.toutsurmesfinances.com\/retraite\/publication-des-decrets-d-application-de-la-reforme-des-retraites.html"},"modified":"2012-12-12T15:40:42","modified_gmt":"2012-12-12T15:40:42","slug":"publication-des-decrets-d-application-de-la-reforme-des-retraites","status":"publish","type":"post","link":"https:\/\/www.toutsurmesfinances.com\/retraite\/publication-des-decrets-d-application-de-la-reforme-des-retraites.html","title":{"rendered":"Publication des d\u00e9crets d&rsquo;application de la r\u00e9forme des retraites"},"content":{"rendered":"<\/p>\n<p><p><strong>D\u00e9crets du minist\u00e8re du travail, de l&#8217;emploi et de la sant\u00e9<br \/><\/strong>&gt; D\u00e9cret n\u00b0 2010-1730 du 30 d\u00e9cembre 2010 relatif \u00e0 la retraite progressive du r\u00e9gime g\u00e9n\u00e9ral<br \/>&gt; D\u00e9cret n\u00b0 2010-1734 du 30 d\u00e9cembre 2010 relatif \u00e0 l&rsquo;\u00e2ge d&rsquo;ouverture du droit \u00e0 pension de retraite et portant application des articles 17, 20 (III) et 21 (III) de la loi n\u00b0 2010-1330 du 9 novembre 2010 portant r\u00e9forme des retraites<br \/>&gt; D\u00e9cret n\u00b0 2010-1737 du 30 d\u00e9cembre 2010 relatif au versement pour la retraite au titre de certaines p\u00e9riodes d&rsquo;\u00e9tudes sup\u00e9rieures et d&rsquo;activit\u00e9<br \/>&gt; D\u00e9cret n\u00b0 2010-1738 du 30 d\u00e9cembre 2010 relatif \u00e0 l&rsquo;assurance volontaire vieillesse et au rachat de cotisations<br \/>&gt; D\u00e9cret n\u00b0 2010-1739 du 30 d\u00e9cembre 2010 relatif \u00e0 la retraite progressive des artisans, des commer\u00e7ants et des chefs d&rsquo;exploitation ou d&rsquo;entreprise agricole<\/p>\n<p><strong>D\u00e9crets et arr\u00eat\u00e9s du minist\u00e8re du budget, des comptes publics, de la fonction publique et de la r\u00e9forme de l&rsquo;Etat<br \/><\/strong>&gt; D\u00e9cret n\u00b0 2010-1740 du 30 d\u00e9cembre 2010 portant application de diverses dispositions de la loi n\u00b0 2010-1330 du 9 novembre 2010 portant r\u00e9forme des retraites aux fonctionnaires, aux militaires et aux ouvriers des \u00e9tablissements industriels de l&rsquo;Etat<br \/>&gt; D\u00e9cret n\u00b0 2010-1741 du 30 d\u00e9cembre 2010 portant application aux fonctionnaires, aux militaires et aux ouvriers des \u00e9tablissements industriels de l&rsquo;Etat des articles 44 et 52 de la loi n\u00b0 2010-1330 du 9 novembre 2010 portant r\u00e9forme des retraites<br \/>&gt; D\u00e9cret n\u00b0 2010-1742 du 30 d\u00e9cembre 2010 modifiant le d\u00e9cret du 18 juin 2004 relatif \u00e0 la retraite additionnelle de la fonction publique<br \/>&gt; D\u00e9cret n\u00b0 2010-1744 du 30 d\u00e9cembre 2010 relatif aux conditions d&rsquo;attribution du minimum garanti dans les r\u00e9gimes de retraite des fonctionnaires et des ouvriers de l&rsquo;Etat<br \/>&gt; D\u00e9cret n\u00b0 2010-1748 du 30 d\u00e9cembre 2010 pris pour l&rsquo;application de l&rsquo;article L. 25 bis du code des pensions civiles et militaires de retraite<br \/>&gt; Arr\u00eat\u00e9 du 30 d\u00e9cembre 2010 modifiant l&rsquo;arr\u00eat\u00e9 du 26 novembre 2004 modifi\u00e9 portant application du d\u00e9cret n\u00b0 2004-569 du 18 juin 2004 relatif \u00e0 la retraite additionnelle de la fonction publique et l&rsquo;arr\u00eat\u00e9 du 20 d\u00e9cembre 2005 relatif aux r\u00e8gles comptables applicables \u00e0 l&rsquo;\u00e9tablissement de retraite additionnelle de la fonction publique<\/p>\n<p><strong>D\u00e9crets du minist\u00e8re de l&rsquo;agriculture, de l&rsquo;alimentation, de la p\u00eache, de la ruralit\u00e9 et de l&rsquo;am\u00e9nagement du territoire<br \/><\/strong>&gt; D\u00e9cret n\u00b0 2010-1757 du 30 d\u00e9cembre 2010 portant extension du r\u00e9gime de retraite compl\u00e9mentaire obligatoire aux collaborateurs d&rsquo;exploitation ou d&rsquo;entreprise agricole et aux aides familiaux<br \/>&gt; D\u00e9cret n\u00b0 2010-1758 du 30 d\u00e9cembre 2010 relatif au r\u00e9tablissement de l&rsquo;assurance veuvage pour les conjoints de non-salari\u00e9s agricoles<br \/>&gt; D\u00e9cret n\u00b0 2010-1759 du 30 d\u00e9cembre 2010 relatif \u00e0 la majoration des pensions de retraite de base des personnes non salari\u00e9es des professions agricoles<\/p><\/p>\n","protected":false},"excerpt":{"rendered":"<p>Le gouvernement a fait publier au Journal Officiel (JORF) du 31 d\u00e9cembre 2010 une quinzaine de d\u00e9crets et arr\u00eat\u00e9s permettant \u00e0 plusieurs mesures de la loi du 9 novembre 2010 d&rsquo;entrer en application.<\/p>\n","protected":false},"author":13718,"featured_media":0,"comment_status":"closed","ping_status":"closed","sticky":false,"template":"","format":"standard","meta":{"footnotes":""},"categories":[7],"tags":[],"class_list":["post-15647","post","type-post","status-publish","format-standard","hentry","category-reforme-des-retraites"],"acf":[],"yoast_head":"<!-- This site is optimized with the Yoast SEO plugin v24.9 - https:\/\/yoast.com\/wordpress\/plugins\/seo\/ -->\n<title>Publication des d\u00e9crets d&#039;application de la r\u00e9forme des retraites<\/title>\n<meta name=\"description\" content=\"Le gouvernement a fait publier au Journal Officiel de la Saint-Sylvestre une quinzaine de d\u00e9crets et arr\u00eat\u00e9s permettant \u00e0 plusieurs mesures de la loi du 9 novembre 2010 d&#039;entrer en application\" \/>\n<meta name=\"robots\" content=\"index, follow, max-snippet:-1, max-image-preview:large, max-video-preview:-1\" \/>\n<link rel=\"canonical\" href=\"https:\/\/www.toutsurmesfinances.com\/retraite\/publication-des-decrets-d-application-de-la-reforme-des-retraites.html\" \/>\n<meta property=\"og:locale\" content=\"fr_FR\" \/>\n<meta property=\"og:type\" content=\"article\" \/>\n<meta property=\"og:title\" content=\"Publication des d\u00e9crets d&#039;application de la r\u00e9forme des retraites\" \/>\n<meta property=\"og:description\" content=\"Le gouvernement a fait publier au Journal Officiel de la Saint-Sylvestre une quinzaine de d\u00e9crets et arr\u00eat\u00e9s permettant \u00e0 plusieurs mesures de la loi du 9 novembre 2010 d&#039;entrer en application\" \/>\n<meta property=\"og:url\" content=\"https:\/\/www.toutsurmesfinances.com\/retraite\/publication-des-decrets-d-application-de-la-reforme-des-retraites.html\" \/>\n<meta property=\"og:site_name\" content=\"Retraite\" \/>\n<meta property=\"article:published_time\" content=\"2010-12-31T14:20:31+00:00\" \/>\n<meta property=\"article:modified_time\" content=\"2012-12-12T15:40:42+00:00\" \/>\n<meta name=\"author\" content=\"L&#039;\u00e9quipe de r\u00e9daction\" \/>\n<meta name=\"twitter:card\" content=\"summary_large_image\" \/>\n<meta name=\"twitter:creator\" content=\"@Toutsur\" \/>\n<meta name=\"twitter:site\" content=\"@Toutsur\" \/>\n<meta name=\"twitter:label1\" content=\"\u00c9crit par\" \/>\n\t<meta name=\"twitter:data1\" content=\"L&#039;\u00e9quipe de r\u00e9daction\" \/>\n\t<meta name=\"twitter:label2\" content=\"Dur\u00e9e de lecture estim\u00e9e\" \/>\n\t<meta name=\"twitter:data2\" content=\"2 minutes\" \/>\n<script type=\"application\/ld+json\" class=\"yoast-schema-graph\">{\"@context\":\"https:\/\/schema.org\",\"@graph\":[{\"@type\":\"Article\",\"@id\":\"https:\/\/www.toutsurmesfinances.com\/retraite\/publication-des-decrets-d-application-de-la-reforme-des-retraites.html#article\",\"isPartOf\":{\"@id\":\"https:\/\/www.toutsurmesfinances.com\/retraite\/publication-des-decrets-d-application-de-la-reforme-des-retraites.html\"},\"author\":{\"name\":\"L'\u00e9quipe de r\u00e9daction\",\"@id\":\"https:\/\/www.toutsurmesfinances.com\/retraite\/#\/schema\/person\/19a038f31d078d13966363e7ab7343c6\"},\"headline\":\"Publication des d\u00e9crets d&rsquo;application de la r\u00e9forme des retraites\",\"dateModified\":\"2012-12-12T15:40:42+00:00\",\"mainEntityOfPage\":{\"@id\":\"https:\/\/www.toutsurmesfinances.com\/retraite\/publication-des-decrets-d-application-de-la-reforme-des-retraites.html\"},\"wordCount\":488,\"publisher\":{\"@id\":\"https:\/\/www.toutsurmesfinances.com\/retraite\/#organization\"},\"articleSection\":[\"R\u00e9forme des retraites\"],\"inLanguage\":\"fr-FR\"},{\"@type\":\"WebPage\",\"@id\":\"https:\/\/www.toutsurmesfinances.com\/retraite\/publication-des-decrets-d-application-de-la-reforme-des-retraites.html\",\"url\":\"https:\/\/www.toutsurmesfinances.com\/retraite\/publication-des-decrets-d-application-de-la-reforme-des-retraites.html\",\"name\":\"Publication des d\u00e9crets d'application de la r\u00e9forme des retraites\",\"isPartOf\":{\"@id\":\"https:\/\/www.toutsurmesfinances.com\/retraite\/#website\"},\"dateModified\":\"2012-12-12T15:40:42+00:00\",\"description\":\"Le gouvernement a fait publier au Journal Officiel de la Saint-Sylvestre une quinzaine de d\u00e9crets et arr\u00eat\u00e9s permettant \u00e0 plusieurs mesures de la loi du 9 novembre 2010 d'entrer en application\",\"breadcrumb\":{\"@id\":\"https:\/\/www.toutsurmesfinances.com\/retraite\/publication-des-decrets-d-application-de-la-reforme-des-retraites.html#breadcrumb\"},\"inLanguage\":\"fr-FR\",\"potentialAction\":[{\"@type\":\"ReadAction\",\"target\":[\"https:\/\/www.toutsurmesfinances.com\/retraite\/publication-des-decrets-d-application-de-la-reforme-des-retraites.html\"]}]},{\"@type\":\"BreadcrumbList\",\"@id\":\"https:\/\/www.toutsurmesfinances.com\/retraite\/publication-des-decrets-d-application-de-la-reforme-des-retraites.html#breadcrumb\",\"itemListElement\":[{\"@type\":\"ListItem\",\"position\":1,\"name\":\"Accueil\",\"item\":\"https:\/\/www.toutsurmesfinances.com\/retraite\/\"},{\"@type\":\"ListItem\",\"position\":2,\"name\":\"R\u00e9forme\",\"item\":\"https:\/\/www.toutsurmesfinances.com\/retraite\/c\/reforme\"},{\"@type\":\"ListItem\",\"position\":3,\"name\":\"R\u00e9forme des retraites\",\"item\":\"https:\/\/www.toutsurmesfinances.com\/retraite\/c\/reforme-des-retraites\"},{\"@type\":\"ListItem\",\"position\":4,\"name\":\"Publication des d\u00e9crets d&rsquo;application de la r\u00e9forme des retraites\"}]},{\"@type\":\"WebSite\",\"@id\":\"https:\/\/www.toutsurmesfinances.com\/retraite\/#website\",\"url\":\"https:\/\/www.toutsurmesfinances.com\/retraite\/\",\"name\":\"Retraite\",\"description\":\"\",\"publisher\":{\"@id\":\"https:\/\/www.toutsurmesfinances.com\/retraite\/#organization\"},\"potentialAction\":[{\"@type\":\"SearchAction\",\"target\":{\"@type\":\"EntryPoint\",\"urlTemplate\":\"https:\/\/www.toutsurmesfinances.com\/retraite\/?s={search_term_string}\"},\"query-input\":{\"@type\":\"PropertyValueSpecification\",\"valueRequired\":true,\"valueName\":\"search_term_string\"}}],\"inLanguage\":\"fr-FR\"},{\"@type\":\"Organization\",\"@id\":\"https:\/\/www.toutsurmesfinances.com\/retraite\/#organization\",\"name\":\"Tout Sur Mes Finances\",\"url\":\"https:\/\/www.toutsurmesfinances.com\/retraite\/\",\"logo\":{\"@type\":\"ImageObject\",\"inLanguage\":\"fr-FR\",\"@id\":\"https:\/\/www.toutsurmesfinances.com\/retraite\/#\/schema\/logo\/image\/\",\"url\":\"https:\/\/www.toutsurmesfinances.com\/retraite\/wp-content\/uploads\/sites\/4\/2021\/01\/favicon.png\",\"contentUrl\":\"https:\/\/www.toutsurmesfinances.com\/retraite\/wp-content\/uploads\/sites\/4\/2021\/01\/favicon.png\",\"width\":512,\"height\":512,\"caption\":\"Tout Sur Mes Finances\"},\"image\":{\"@id\":\"https:\/\/www.toutsurmesfinances.com\/retraite\/#\/schema\/logo\/image\/\"},\"sameAs\":[\"https:\/\/x.com\/Toutsur\"]},{\"@type\":\"Person\",\"@id\":\"https:\/\/www.toutsurmesfinances.com\/retraite\/#\/schema\/person\/19a038f31d078d13966363e7ab7343c6\",\"name\":\"L'\u00e9quipe de r\u00e9daction\",\"image\":{\"@type\":\"ImageObject\",\"inLanguage\":\"fr-FR\",\"@id\":\"https:\/\/www.toutsurmesfinances.com\/retraite\/#\/schema\/person\/image\/\",\"url\":\"https:\/\/secure.gravatar.com\/avatar\/5d078ff23d3ce7cd29bc258e76954673?s=96&d=mm&r=g\",\"contentUrl\":\"https:\/\/secure.gravatar.com\/avatar\/5d078ff23d3ce7cd29bc258e76954673?s=96&d=mm&r=g\",\"caption\":\"L'\u00e9quipe de r\u00e9daction\"}}]}<\/script>\n<!-- \/ Yoast SEO plugin. -->","yoast_head_json":{"title":"Publication des d\u00e9crets d'application de la r\u00e9forme des retraites","description":"Le gouvernement a fait publier au Journal Officiel de la Saint-Sylvestre une quinzaine de d\u00e9crets et arr\u00eat\u00e9s permettant \u00e0 plusieurs mesures de la loi du 9 novembre 2010 d'entrer en application","robots":{"index":"index","follow":"follow","max-snippet":"max-snippet:-1","max-image-preview":"max-image-preview:large","max-video-preview":"max-video-preview:-1"},"canonical":"https:\/\/www.toutsurmesfinances.com\/retraite\/publication-des-decrets-d-application-de-la-reforme-des-retraites.html","og_locale":"fr_FR","og_type":"article","og_title":"Publication des d\u00e9crets d'application de la r\u00e9forme des retraites","og_description":"Le gouvernement a fait publier au Journal Officiel de la Saint-Sylvestre une quinzaine de d\u00e9crets et arr\u00eat\u00e9s permettant \u00e0 plusieurs mesures de la loi du 9 novembre 2010 d'entrer en application","og_url":"https:\/\/www.toutsurmesfinances.com\/retraite\/publication-des-decrets-d-application-de-la-reforme-des-retraites.html","og_site_name":"Retraite","article_published_time":"2010-12-31T14:20:31+00:00","article_modified_time":"2012-12-12T15:40:42+00:00","author":"L'\u00e9quipe de r\u00e9daction","twitter_card":"summary_large_image","twitter_creator":"@Toutsur","twitter_site":"@Toutsur","twitter_misc":{"\u00c9crit par":"L'\u00e9quipe de r\u00e9daction","Dur\u00e9e de lecture estim\u00e9e":"2 minutes"},"schema":{"@context":"https:\/\/schema.org","@graph":[{"@type":"Article","@id":"https:\/\/www.toutsurmesfinances.com\/retraite\/publication-des-decrets-d-application-de-la-reforme-des-retraites.html#article","isPartOf":{"@id":"https:\/\/www.toutsurmesfinances.com\/retraite\/publication-des-decrets-d-application-de-la-reforme-des-retraites.html"},"author":{"name":"L'\u00e9quipe de r\u00e9daction","@id":"https:\/\/www.toutsurmesfinances.com\/retraite\/#\/schema\/person\/19a038f31d078d13966363e7ab7343c6"},"headline":"Publication des d\u00e9crets d&rsquo;application de la r\u00e9forme des retraites","dateModified":"2012-12-12T15:40:42+00:00","mainEntityOfPage":{"@id":"https:\/\/www.toutsurmesfinances.com\/retraite\/publication-des-decrets-d-application-de-la-reforme-des-retraites.html"},"wordCount":488,"publisher":{"@id":"https:\/\/www.toutsurmesfinances.com\/retraite\/#organization"},"articleSection":["R\u00e9forme des retraites"],"inLanguage":"fr-FR"},{"@type":"WebPage","@id":"https:\/\/www.toutsurmesfinances.com\/retraite\/publication-des-decrets-d-application-de-la-reforme-des-retraites.html","url":"https:\/\/www.toutsurmesfinances.com\/retraite\/publication-des-decrets-d-application-de-la-reforme-des-retraites.html","name":"Publication des d\u00e9crets d'application de la r\u00e9forme des retraites","isPartOf":{"@id":"https:\/\/www.toutsurmesfinances.com\/retraite\/#website"},"dateModified":"2012-12-12T15:40:42+00:00","description":"Le gouvernement a fait publier au Journal Officiel de la Saint-Sylvestre une quinzaine de d\u00e9crets et arr\u00eat\u00e9s permettant \u00e0 plusieurs mesures de la loi du 9 novembre 2010 d'entrer en application","breadcrumb":{"@id":"https:\/\/www.toutsurmesfinances.com\/retraite\/publication-des-decrets-d-application-de-la-reforme-des-retraites.html#breadcrumb"},"inLanguage":"fr-FR","potentialAction":[{"@type":"ReadAction","target":["https:\/\/www.toutsurmesfinances.com\/retraite\/publication-des-decrets-d-application-de-la-reforme-des-retraites.html"]}]},{"@type":"BreadcrumbList","@id":"https:\/\/www.toutsurmesfinances.com\/retraite\/publication-des-decrets-d-application-de-la-reforme-des-retraites.html#breadcrumb","itemListElement":[{"@type":"ListItem","position":1,"name":"Accueil","item":"https:\/\/www.toutsurmesfinances.com\/retraite\/"},{"@type":"ListItem","position":2,"name":"R\u00e9forme","item":"https:\/\/www.toutsurmesfinances.com\/retraite\/c\/reforme"},{"@type":"ListItem","position":3,"name":"R\u00e9forme des retraites","item":"https:\/\/www.toutsurmesfinances.com\/retraite\/c\/reforme-des-retraites"},{"@type":"ListItem","position":4,"name":"Publication des d\u00e9crets d&rsquo;application de la r\u00e9forme des retraites"}]},{"@type":"WebSite","@id":"https:\/\/www.toutsurmesfinances.com\/retraite\/#website","url":"https:\/\/www.toutsurmesfinances.com\/retraite\/","name":"Retraite","description":"","publisher":{"@id":"https:\/\/www.toutsurmesfinances.com\/retraite\/#organization"},"potentialAction":[{"@type":"SearchAction","target":{"@type":"EntryPoint","urlTemplate":"https:\/\/www.toutsurmesfinances.com\/retraite\/?s={search_term_string}"},"query-input":{"@type":"PropertyValueSpecification","valueRequired":true,"valueName":"search_term_string"}}],"inLanguage":"fr-FR"},{"@type":"Organization","@id":"https:\/\/www.toutsurmesfinances.com\/retraite\/#organization","name":"Tout Sur Mes Finances","url":"https:\/\/www.toutsurmesfinances.com\/retraite\/","logo":{"@type":"ImageObject","inLanguage":"fr-FR","@id":"https:\/\/www.toutsurmesfinances.com\/retraite\/#\/schema\/logo\/image\/","url":"https:\/\/www.toutsurmesfinances.com\/retraite\/wp-content\/uploads\/sites\/4\/2021\/01\/favicon.png","contentUrl":"https:\/\/www.toutsurmesfinances.com\/retraite\/wp-content\/uploads\/sites\/4\/2021\/01\/favicon.png","width":512,"height":512,"caption":"Tout Sur Mes Finances"},"image":{"@id":"https:\/\/www.toutsurmesfinances.com\/retraite\/#\/schema\/logo\/image\/"},"sameAs":["https:\/\/x.com\/Toutsur"]},{"@type":"Person","@id":"https:\/\/www.toutsurmesfinances.com\/retraite\/#\/schema\/person\/19a038f31d078d13966363e7ab7343c6","name":"L'\u00e9quipe de r\u00e9daction","image":{"@type":"ImageObject","inLanguage":"fr-FR","@id":"https:\/\/www.toutsurmesfinances.com\/retraite\/#\/schema\/person\/image\/","url":"https:\/\/secure.gravatar.com\/avatar\/5d078ff23d3ce7cd29bc258e76954673?s=96&d=mm&r=g","contentUrl":"https:\/\/secure.gravatar.com\/avatar\/5d078ff23d3ce7cd29bc258e76954673?s=96&d=mm&r=g","caption":"L'\u00e9quipe de r\u00e9daction"}}]}},"_links":{"self":[{"href":"https:\/\/www.toutsurmesfinances.com\/retraite\/wp-json\/wp\/v2\/posts\/15647","targetHints":{"allow":["GET"]}}],"collection":[{"href":"https:\/\/www.toutsurmesfinances.com\/retraite\/wp-json\/wp\/v2\/posts"}],"about":[{"href":"https:\/\/www.toutsurmesfinances.com\/retraite\/wp-json\/wp\/v2\/types\/post"}],"author":[{"embeddable":true,"href":"https:\/\/www.toutsurmesfinances.com\/retraite\/wp-json\/wp\/v2\/users\/13718"}],"replies":[{"embeddable":true,"href":"https:\/\/www.toutsurmesfinances.com\/retraite\/wp-json\/wp\/v2\/comments?post=15647"}],"version-history":[{"count":1,"href":"https:\/\/www.toutsurmesfinances.com\/retraite\/wp-json\/wp\/v2\/posts\/15647\/revisions"}],"predecessor-version":[{"id":25876,"href":"https:\/\/www.toutsurmesfinances.com\/retraite\/wp-json\/wp\/v2\/posts\/15647\/revisions\/25876"}],"wp:attachment":[{"href":"https:\/\/www.toutsurmesfinances.com\/retraite\/wp-json\/wp\/v2\/media?parent=15647"}],"wp:term":[{"taxonomy":"category","embeddable":true,"href":"https:\/\/www.toutsurmesfinances.com\/retraite\/wp-json\/wp\/v2\/categories?post=15647"},{"taxonomy":"post_tag","embeddable":true,"href":"https:\/\/www.toutsurmesfinances.com\/retraite\/wp-json\/wp\/v2\/tags?post=15647"}],"curies":[{"name":"wp","href":"https:\/\/api.w.org\/{rel}","templated":true}]}}