{"id":15862,"date":"2011-01-11T07:42:26","date_gmt":"2011-01-11T06:42:26","guid":{"rendered":"https:\/\/www.toutsurmesfinances.com\/retraite\/retraite-anticipee-pour-carriere-longue-impact-de-la-reforme-pour-la-generation-nee-en-1952.html"},"modified":"2021-12-08T15:06:16","modified_gmt":"2021-12-08T14:06:16","slug":"retraite-anticipee-pour-carriere-longue-impact-de-la-reforme-pour-la-generation-nee-en-1952","status":"publish","type":"post","link":"https:\/\/www.toutsurmesfinances.com\/retraite\/retraite-anticipee-pour-carriere-longue-impact-de-la-reforme-pour-la-generation-nee-en-1952.html","title":{"rendered":"Retraite anticip\u00e9e pour carri\u00e8re longue : impact de la r\u00e9forme pour la g\u00e9n\u00e9ration n\u00e9e en 1952"},"content":{"rendered":"<section class=\"l-section wpb_row height_small\"><div class=\"l-section-h i-cf\"><div class=\"g-cols vc_row via_flex valign_top type_default stacking_default\"><div class=\"vc_col-sm-12 wpb_column vc_column_container\"><div class=\"vc_column-inner\"><div class=\"wpb_wrapper\"><div class=\"wpb_text_column\"><div class=\"wpb_wrapper\"><table style=\"border: 1px solid #c6c5c8;\" border=\"1\">\n<tbody>\n<tr>\n<td><span style=\"font-size: 10pt;\"><strong><span style=\"font-size: 8pt;\">\u00c2ge de d\u00e9part<\/span><\/strong><\/span><\/td>\n<td style=\"text-align: center;\"><span style=\"font-size: 8pt;\"><strong>Trimestres valid\u00e9s <\/strong><\/span><\/td>\n<td style=\"text-align: center;\"><span style=\"font-size: 8pt;\"><strong>Trimestres cotis\u00e9s <\/strong><\/span><\/td>\n<td style=\"text-align: center;\"><span style=\"font-size: 8pt;\"><strong>Dur\u00e9e d&rsquo;activit\u00e9 jeune en trimestres<\/strong><\/span><\/td>\n<\/tr>\n<tr>\n<td style=\"text-align: left;\"><span style=\"font-size: 8pt;\">56 ans<\/span><\/td>\n<td style=\"text-align: center;\"><span style=\"font-size: 8pt;\">172<\/span><\/td>\n<td style=\"text-align: center;\"><span style=\"font-size: 8pt;\">172<\/span><\/td>\n<td><span style=\"font-size: 8pt;\">5 avant la fin de l&rsquo;ann\u00e9e civile des 16 ans, 4 si naissance au dernier trimestre<\/span><\/td>\n<\/tr>\n<tr>\n<td style=\"text-align: left;\"><span style=\"font-size: 8pt;\">58 ans<\/span><\/td>\n<td style=\"text-align: center;\"><span style=\"font-size: 8pt;\">172<\/span><\/td>\n<td style=\"text-align: center;\"><span style=\"font-size: 8pt;\">168<\/span><\/td>\n<td><span style=\"font-size: 8pt;\">5 avant la fin de l&rsquo;ann\u00e9e civile des 16 ans, 4 si naissance au dernier trimestre<\/span><\/td>\n<\/tr>\n<tr>\n<td style=\"text-align: left;\"><span style=\"font-size: 8pt;\">59 ans et 4 mois<\/span><\/td>\n<td style=\"text-align: center;\"><span style=\"font-size: 8pt;\">172<\/span><\/td>\n<td style=\"text-align: center;\"><span style=\"font-size: 8pt;\">164<\/span><\/td>\n<td><span style=\"font-size: 8pt;\">5 avant la fin de l&rsquo;ann\u00e9e civile des 17 ans, 4 si naissance au dernier trimestre<\/span><\/td>\n<\/tr>\n<tr>\n<td><span style=\"font-size: 8pt;\">60 ans<\/span><\/td>\n<td style=\"text-align: center;\"><span style=\"font-size: 8pt;\">172<\/span><\/td>\n<td style=\"text-align: center;\"><span style=\"font-size: 8pt;\">164<\/span><\/td>\n<td><span style=\"font-size: 8pt;\">5 avant la fin de l&rsquo;ann\u00e9e civile des 18 ans, 4 si naissance au dernier trimestre<\/span><\/td>\n<\/tr>\n<\/tbody>\n<\/table>\n<p>Ces conditions, valables pour les pensions prenant effet \u00e0 partir du 1er juillet 2011, ont \u00e9t\u00e9 pr\u00e9cis\u00e9es dans le d\u00e9cret no 2010-1734 du 30 d\u00e9cembre 2010 paru au le lendemain Journal Officiel.<\/p>\n<p><strong>&gt;Les conditions des r\u00e9gimes compl\u00e9mentaires Agirc-Arrco<\/strong><\/p>\n<table style=\"border: 1px solid #c6c5c8;\" border=\"1\">\n<tbody>\n<tr>\n<td><span style=\"font-size: 10pt;\"><strong><span style=\"font-size: 8pt;\">\u00c2ge de d\u00e9part<\/span><\/strong><\/span><\/td>\n<td style=\"text-align: center;\"><span style=\"font-size: 8pt;\"><strong>Trimestres valid\u00e9s <\/strong><\/span><\/td>\n<td style=\"text-align: center;\"><span style=\"font-size: 8pt;\"><strong>Trimestres cotis\u00e9s <\/strong><\/span><\/td>\n<td style=\"text-align: center;\"><span style=\"font-size: 8pt;\"><strong>Dur\u00e9e d&rsquo;activit\u00e9 jeune en trimestres<\/strong><\/span><\/td>\n<\/tr>\n<tr>\n<td style=\"text-align: left;\"><span style=\"font-size: 8pt;\">58 ans<\/span><\/td>\n<td style=\"text-align: center;\"><span style=\"font-size: 8pt;\">172<\/span><\/td>\n<td style=\"text-align: center;\"><span style=\"font-size: 8pt;\">168<\/span><\/td>\n<td><span style=\"font-size: 8pt;\">5 avant la fin de l&rsquo;ann\u00e9e civile des 16 ans, 4 si naissance au dernier trimestre<\/span><\/td>\n<\/tr>\n<tr>\n<td style=\"text-align: left;\"><span style=\"font-size: 8pt;\">59 ans et 4 mois<\/span><\/td>\n<td style=\"text-align: center;\"><span style=\"font-size: 8pt;\">172<\/span><\/td>\n<td style=\"text-align: center;\"><span style=\"font-size: 8pt;\">164<\/span><\/td>\n<td><span style=\"font-size: 8pt;\">5 avant la fin de l&rsquo;ann\u00e9e civile des 17 ans, 4 si naissance au dernier trimestre<\/span><\/td>\n<\/tr>\n<tr>\n<td style=\"text-align: left;\"><span style=\"font-size: 8pt;\">60 ans<\/span><\/td>\n<td style=\"text-align: center;\"><span style=\"font-size: 8pt;\">172<\/span><\/td>\n<td style=\"text-align: center;\"><span style=\"font-size: 8pt;\">164<\/span><\/td>\n<td><span style=\"font-size: 8pt;\">5 avant la fin de l&rsquo;ann\u00e9e civile des 18 ans, 4 si naissance au dernier trimestre<\/span><\/td>\n<\/tr>\n<\/tbody>\n<\/table>\n<\/div><\/div><\/div><\/div><\/div><\/div><\/div><\/section>\n","protected":false},"excerpt":{"rendered":"<p>Conditions de d\u00e9part en retraite pour carri\u00e8re longue pour les personnes n\u00e9es en 1952, apr\u00e8s la r\u00e9forme des retraites de 2010.<\/p>\n","protected":false},"author":13718,"featured_media":0,"comment_status":"closed","ping_status":"closed","sticky":false,"template":"","format":"standard","meta":{"footnotes":""},"categories":[13],"tags":[],"class_list":["post-15862","post","type-post","status-publish","format-standard","hentry","category-depart-a-la-retraite"],"acf":[],"yoast_head":"<!-- This site is optimized with the Yoast SEO plugin v24.9 - https:\/\/yoast.com\/wordpress\/plugins\/seo\/ -->\n<title>Retraite anticip\u00e9e pour carri\u00e8re longue : impact de la r\u00e9forme pour la g\u00e9n\u00e9ration n\u00e9e en 1952<\/title>\n<meta name=\"description\" content=\"Conditions de d\u00e9part en retraite pour carri\u00e8re longue pour les personnes n\u00e9es en 1952, apr\u00e8s la r\u00e9forme des retraites\" \/>\n<meta name=\"robots\" content=\"index, follow, max-snippet:-1, max-image-preview:large, max-video-preview:-1\" \/>\n<link rel=\"canonical\" href=\"https:\/\/www.toutsurmesfinances.com\/retraite\/retraite-anticipee-pour-carriere-longue-impact-de-la-reforme-pour-la-generation-nee-en-1952.html\" \/>\n<meta property=\"og:locale\" content=\"fr_FR\" \/>\n<meta property=\"og:type\" content=\"article\" \/>\n<meta property=\"og:title\" content=\"Retraite anticip\u00e9e pour carri\u00e8re longue : impact de la r\u00e9forme pour la g\u00e9n\u00e9ration n\u00e9e en 1952\" \/>\n<meta property=\"og:description\" content=\"Conditions de d\u00e9part en retraite pour carri\u00e8re longue pour les personnes n\u00e9es en 1952, apr\u00e8s la r\u00e9forme des retraites\" \/>\n<meta property=\"og:url\" content=\"https:\/\/www.toutsurmesfinances.com\/retraite\/retraite-anticipee-pour-carriere-longue-impact-de-la-reforme-pour-la-generation-nee-en-1952.html\" \/>\n<meta property=\"og:site_name\" content=\"Retraite\" \/>\n<meta property=\"article:published_time\" content=\"2011-01-11T06:42:26+00:00\" \/>\n<meta property=\"article:modified_time\" content=\"2021-12-08T14:06:16+00:00\" \/>\n<meta name=\"author\" content=\"L&#039;\u00e9quipe de r\u00e9daction\" \/>\n<meta name=\"twitter:card\" content=\"summary_large_image\" \/>\n<meta name=\"twitter:creator\" content=\"@Toutsur\" \/>\n<meta name=\"twitter:site\" content=\"@Toutsur\" \/>\n<meta name=\"twitter:label1\" content=\"\u00c9crit par\" \/>\n\t<meta name=\"twitter:data1\" content=\"L&#039;\u00e9quipe de r\u00e9daction\" \/>\n\t<meta name=\"twitter:label2\" content=\"Dur\u00e9e de lecture estim\u00e9e\" \/>\n\t<meta name=\"twitter:data2\" content=\"1 minute\" \/>\n<script type=\"application\/ld+json\" class=\"yoast-schema-graph\">{\"@context\":\"https:\/\/schema.org\",\"@graph\":[{\"@type\":\"Article\",\"@id\":\"https:\/\/www.toutsurmesfinances.com\/retraite\/retraite-anticipee-pour-carriere-longue-impact-de-la-reforme-pour-la-generation-nee-en-1952.html#article\",\"isPartOf\":{\"@id\":\"https:\/\/www.toutsurmesfinances.com\/retraite\/retraite-anticipee-pour-carriere-longue-impact-de-la-reforme-pour-la-generation-nee-en-1952.html\"},\"author\":{\"name\":\"L'\u00e9quipe de r\u00e9daction\",\"@id\":\"https:\/\/www.toutsurmesfinances.com\/retraite\/#\/schema\/person\/19a038f31d078d13966363e7ab7343c6\"},\"headline\":\"Retraite anticip\u00e9e pour carri\u00e8re longue : impact de la r\u00e9forme pour la g\u00e9n\u00e9ration n\u00e9e en 1952\",\"dateModified\":\"2021-12-08T14:06:16+00:00\",\"mainEntityOfPage\":{\"@id\":\"https:\/\/www.toutsurmesfinances.com\/retraite\/retraite-anticipee-pour-carriere-longue-impact-de-la-reforme-pour-la-generation-nee-en-1952.html\"},\"wordCount\":225,\"publisher\":{\"@id\":\"https:\/\/www.toutsurmesfinances.com\/retraite\/#organization\"},\"articleSection\":[\"D\u00e9part \u00e0 la retraite\"],\"inLanguage\":\"fr-FR\"},{\"@type\":\"WebPage\",\"@id\":\"https:\/\/www.toutsurmesfinances.com\/retraite\/retraite-anticipee-pour-carriere-longue-impact-de-la-reforme-pour-la-generation-nee-en-1952.html\",\"url\":\"https:\/\/www.toutsurmesfinances.com\/retraite\/retraite-anticipee-pour-carriere-longue-impact-de-la-reforme-pour-la-generation-nee-en-1952.html\",\"name\":\"Retraite anticip\u00e9e pour carri\u00e8re longue : impact de la r\u00e9forme pour la g\u00e9n\u00e9ration n\u00e9e en 1952\",\"isPartOf\":{\"@id\":\"https:\/\/www.toutsurmesfinances.com\/retraite\/#website\"},\"dateModified\":\"2021-12-08T14:06:16+00:00\",\"description\":\"Conditions de d\u00e9part en retraite pour carri\u00e8re longue pour les personnes n\u00e9es en 1952, apr\u00e8s la r\u00e9forme des retraites\",\"breadcrumb\":{\"@id\":\"https:\/\/www.toutsurmesfinances.com\/retraite\/retraite-anticipee-pour-carriere-longue-impact-de-la-reforme-pour-la-generation-nee-en-1952.html#breadcrumb\"},\"inLanguage\":\"fr-FR\",\"potentialAction\":[{\"@type\":\"ReadAction\",\"target\":[\"https:\/\/www.toutsurmesfinances.com\/retraite\/retraite-anticipee-pour-carriere-longue-impact-de-la-reforme-pour-la-generation-nee-en-1952.html\"]}]},{\"@type\":\"BreadcrumbList\",\"@id\":\"https:\/\/www.toutsurmesfinances.com\/retraite\/retraite-anticipee-pour-carriere-longue-impact-de-la-reforme-pour-la-generation-nee-en-1952.html#breadcrumb\",\"itemListElement\":[{\"@type\":\"ListItem\",\"position\":1,\"name\":\"Accueil\",\"item\":\"https:\/\/www.toutsurmesfinances.com\/retraite\/\"},{\"@type\":\"ListItem\",\"position\":2,\"name\":\"Liquidation\",\"item\":\"https:\/\/www.toutsurmesfinances.com\/retraite\/c\/liquidation\"},{\"@type\":\"ListItem\",\"position\":3,\"name\":\"D\u00e9part \u00e0 la retraite\",\"item\":\"https:\/\/www.toutsurmesfinances.com\/retraite\/c\/depart-a-la-retraite\"},{\"@type\":\"ListItem\",\"position\":4,\"name\":\"Retraite anticip\u00e9e pour carri\u00e8re longue : impact de la r\u00e9forme pour la g\u00e9n\u00e9ration n\u00e9e en 1952\"}]},{\"@type\":\"WebSite\",\"@id\":\"https:\/\/www.toutsurmesfinances.com\/retraite\/#website\",\"url\":\"https:\/\/www.toutsurmesfinances.com\/retraite\/\",\"name\":\"Retraite\",\"description\":\"\",\"publisher\":{\"@id\":\"https:\/\/www.toutsurmesfinances.com\/retraite\/#organization\"},\"potentialAction\":[{\"@type\":\"SearchAction\",\"target\":{\"@type\":\"EntryPoint\",\"urlTemplate\":\"https:\/\/www.toutsurmesfinances.com\/retraite\/?s={search_term_string}\"},\"query-input\":{\"@type\":\"PropertyValueSpecification\",\"valueRequired\":true,\"valueName\":\"search_term_string\"}}],\"inLanguage\":\"fr-FR\"},{\"@type\":\"Organization\",\"@id\":\"https:\/\/www.toutsurmesfinances.com\/retraite\/#organization\",\"name\":\"Tout Sur Mes Finances\",\"url\":\"https:\/\/www.toutsurmesfinances.com\/retraite\/\",\"logo\":{\"@type\":\"ImageObject\",\"inLanguage\":\"fr-FR\",\"@id\":\"https:\/\/www.toutsurmesfinances.com\/retraite\/#\/schema\/logo\/image\/\",\"url\":\"https:\/\/www.toutsurmesfinances.com\/retraite\/wp-content\/uploads\/sites\/4\/2021\/01\/favicon.png\",\"contentUrl\":\"https:\/\/www.toutsurmesfinances.com\/retraite\/wp-content\/uploads\/sites\/4\/2021\/01\/favicon.png\",\"width\":512,\"height\":512,\"caption\":\"Tout Sur Mes Finances\"},\"image\":{\"@id\":\"https:\/\/www.toutsurmesfinances.com\/retraite\/#\/schema\/logo\/image\/\"},\"sameAs\":[\"https:\/\/x.com\/Toutsur\"]},{\"@type\":\"Person\",\"@id\":\"https:\/\/www.toutsurmesfinances.com\/retraite\/#\/schema\/person\/19a038f31d078d13966363e7ab7343c6\",\"name\":\"L'\u00e9quipe de r\u00e9daction\",\"image\":{\"@type\":\"ImageObject\",\"inLanguage\":\"fr-FR\",\"@id\":\"https:\/\/www.toutsurmesfinances.com\/retraite\/#\/schema\/person\/image\/\",\"url\":\"https:\/\/secure.gravatar.com\/avatar\/5d078ff23d3ce7cd29bc258e76954673?s=96&d=mm&r=g\",\"contentUrl\":\"https:\/\/secure.gravatar.com\/avatar\/5d078ff23d3ce7cd29bc258e76954673?s=96&d=mm&r=g\",\"caption\":\"L'\u00e9quipe de r\u00e9daction\"}}]}<\/script>\n<!-- \/ Yoast SEO plugin. -->","yoast_head_json":{"title":"Retraite anticip\u00e9e pour carri\u00e8re longue : impact de la r\u00e9forme pour la g\u00e9n\u00e9ration n\u00e9e en 1952","description":"Conditions de d\u00e9part en retraite pour carri\u00e8re longue pour les personnes n\u00e9es en 1952, apr\u00e8s la r\u00e9forme des retraites","robots":{"index":"index","follow":"follow","max-snippet":"max-snippet:-1","max-image-preview":"max-image-preview:large","max-video-preview":"max-video-preview:-1"},"canonical":"https:\/\/www.toutsurmesfinances.com\/retraite\/retraite-anticipee-pour-carriere-longue-impact-de-la-reforme-pour-la-generation-nee-en-1952.html","og_locale":"fr_FR","og_type":"article","og_title":"Retraite anticip\u00e9e pour carri\u00e8re longue : impact de la r\u00e9forme pour la g\u00e9n\u00e9ration n\u00e9e en 1952","og_description":"Conditions de d\u00e9part en retraite pour carri\u00e8re longue pour les personnes n\u00e9es en 1952, apr\u00e8s la r\u00e9forme des retraites","og_url":"https:\/\/www.toutsurmesfinances.com\/retraite\/retraite-anticipee-pour-carriere-longue-impact-de-la-reforme-pour-la-generation-nee-en-1952.html","og_site_name":"Retraite","article_published_time":"2011-01-11T06:42:26+00:00","article_modified_time":"2021-12-08T14:06:16+00:00","author":"L'\u00e9quipe de r\u00e9daction","twitter_card":"summary_large_image","twitter_creator":"@Toutsur","twitter_site":"@Toutsur","twitter_misc":{"\u00c9crit par":"L'\u00e9quipe de r\u00e9daction","Dur\u00e9e de lecture estim\u00e9e":"1 minute"},"schema":{"@context":"https:\/\/schema.org","@graph":[{"@type":"Article","@id":"https:\/\/www.toutsurmesfinances.com\/retraite\/retraite-anticipee-pour-carriere-longue-impact-de-la-reforme-pour-la-generation-nee-en-1952.html#article","isPartOf":{"@id":"https:\/\/www.toutsurmesfinances.com\/retraite\/retraite-anticipee-pour-carriere-longue-impact-de-la-reforme-pour-la-generation-nee-en-1952.html"},"author":{"name":"L'\u00e9quipe de r\u00e9daction","@id":"https:\/\/www.toutsurmesfinances.com\/retraite\/#\/schema\/person\/19a038f31d078d13966363e7ab7343c6"},"headline":"Retraite anticip\u00e9e pour carri\u00e8re longue : impact de la r\u00e9forme pour la g\u00e9n\u00e9ration n\u00e9e en 1952","dateModified":"2021-12-08T14:06:16+00:00","mainEntityOfPage":{"@id":"https:\/\/www.toutsurmesfinances.com\/retraite\/retraite-anticipee-pour-carriere-longue-impact-de-la-reforme-pour-la-generation-nee-en-1952.html"},"wordCount":225,"publisher":{"@id":"https:\/\/www.toutsurmesfinances.com\/retraite\/#organization"},"articleSection":["D\u00e9part \u00e0 la retraite"],"inLanguage":"fr-FR"},{"@type":"WebPage","@id":"https:\/\/www.toutsurmesfinances.com\/retraite\/retraite-anticipee-pour-carriere-longue-impact-de-la-reforme-pour-la-generation-nee-en-1952.html","url":"https:\/\/www.toutsurmesfinances.com\/retraite\/retraite-anticipee-pour-carriere-longue-impact-de-la-reforme-pour-la-generation-nee-en-1952.html","name":"Retraite anticip\u00e9e pour carri\u00e8re longue : impact de la r\u00e9forme pour la g\u00e9n\u00e9ration n\u00e9e en 1952","isPartOf":{"@id":"https:\/\/www.toutsurmesfinances.com\/retraite\/#website"},"dateModified":"2021-12-08T14:06:16+00:00","description":"Conditions de d\u00e9part en retraite pour carri\u00e8re longue pour les personnes n\u00e9es en 1952, apr\u00e8s la r\u00e9forme des retraites","breadcrumb":{"@id":"https:\/\/www.toutsurmesfinances.com\/retraite\/retraite-anticipee-pour-carriere-longue-impact-de-la-reforme-pour-la-generation-nee-en-1952.html#breadcrumb"},"inLanguage":"fr-FR","potentialAction":[{"@type":"ReadAction","target":["https:\/\/www.toutsurmesfinances.com\/retraite\/retraite-anticipee-pour-carriere-longue-impact-de-la-reforme-pour-la-generation-nee-en-1952.html"]}]},{"@type":"BreadcrumbList","@id":"https:\/\/www.toutsurmesfinances.com\/retraite\/retraite-anticipee-pour-carriere-longue-impact-de-la-reforme-pour-la-generation-nee-en-1952.html#breadcrumb","itemListElement":[{"@type":"ListItem","position":1,"name":"Accueil","item":"https:\/\/www.toutsurmesfinances.com\/retraite\/"},{"@type":"ListItem","position":2,"name":"Liquidation","item":"https:\/\/www.toutsurmesfinances.com\/retraite\/c\/liquidation"},{"@type":"ListItem","position":3,"name":"D\u00e9part \u00e0 la retraite","item":"https:\/\/www.toutsurmesfinances.com\/retraite\/c\/depart-a-la-retraite"},{"@type":"ListItem","position":4,"name":"Retraite anticip\u00e9e pour carri\u00e8re longue : impact de la r\u00e9forme pour la g\u00e9n\u00e9ration n\u00e9e en 1952"}]},{"@type":"WebSite","@id":"https:\/\/www.toutsurmesfinances.com\/retraite\/#website","url":"https:\/\/www.toutsurmesfinances.com\/retraite\/","name":"Retraite","description":"","publisher":{"@id":"https:\/\/www.toutsurmesfinances.com\/retraite\/#organization"},"potentialAction":[{"@type":"SearchAction","target":{"@type":"EntryPoint","urlTemplate":"https:\/\/www.toutsurmesfinances.com\/retraite\/?s={search_term_string}"},"query-input":{"@type":"PropertyValueSpecification","valueRequired":true,"valueName":"search_term_string"}}],"inLanguage":"fr-FR"},{"@type":"Organization","@id":"https:\/\/www.toutsurmesfinances.com\/retraite\/#organization","name":"Tout Sur Mes Finances","url":"https:\/\/www.toutsurmesfinances.com\/retraite\/","logo":{"@type":"ImageObject","inLanguage":"fr-FR","@id":"https:\/\/www.toutsurmesfinances.com\/retraite\/#\/schema\/logo\/image\/","url":"https:\/\/www.toutsurmesfinances.com\/retraite\/wp-content\/uploads\/sites\/4\/2021\/01\/favicon.png","contentUrl":"https:\/\/www.toutsurmesfinances.com\/retraite\/wp-content\/uploads\/sites\/4\/2021\/01\/favicon.png","width":512,"height":512,"caption":"Tout Sur Mes Finances"},"image":{"@id":"https:\/\/www.toutsurmesfinances.com\/retraite\/#\/schema\/logo\/image\/"},"sameAs":["https:\/\/x.com\/Toutsur"]},{"@type":"Person","@id":"https:\/\/www.toutsurmesfinances.com\/retraite\/#\/schema\/person\/19a038f31d078d13966363e7ab7343c6","name":"L'\u00e9quipe de r\u00e9daction","image":{"@type":"ImageObject","inLanguage":"fr-FR","@id":"https:\/\/www.toutsurmesfinances.com\/retraite\/#\/schema\/person\/image\/","url":"https:\/\/secure.gravatar.com\/avatar\/5d078ff23d3ce7cd29bc258e76954673?s=96&d=mm&r=g","contentUrl":"https:\/\/secure.gravatar.com\/avatar\/5d078ff23d3ce7cd29bc258e76954673?s=96&d=mm&r=g","caption":"L'\u00e9quipe de r\u00e9daction"}}]}},"_links":{"self":[{"href":"https:\/\/www.toutsurmesfinances.com\/retraite\/wp-json\/wp\/v2\/posts\/15862","targetHints":{"allow":["GET"]}}],"collection":[{"href":"https:\/\/www.toutsurmesfinances.com\/retraite\/wp-json\/wp\/v2\/posts"}],"about":[{"href":"https:\/\/www.toutsurmesfinances.com\/retraite\/wp-json\/wp\/v2\/types\/post"}],"author":[{"embeddable":true,"href":"https:\/\/www.toutsurmesfinances.com\/retraite\/wp-json\/wp\/v2\/users\/13718"}],"replies":[{"embeddable":true,"href":"https:\/\/www.toutsurmesfinances.com\/retraite\/wp-json\/wp\/v2\/comments?post=15862"}],"version-history":[{"count":2,"href":"https:\/\/www.toutsurmesfinances.com\/retraite\/wp-json\/wp\/v2\/posts\/15862\/revisions"}],"predecessor-version":[{"id":30530,"href":"https:\/\/www.toutsurmesfinances.com\/retraite\/wp-json\/wp\/v2\/posts\/15862\/revisions\/30530"}],"wp:attachment":[{"href":"https:\/\/www.toutsurmesfinances.com\/retraite\/wp-json\/wp\/v2\/media?parent=15862"}],"wp:term":[{"taxonomy":"category","embeddable":true,"href":"https:\/\/www.toutsurmesfinances.com\/retraite\/wp-json\/wp\/v2\/categories?post=15862"},{"taxonomy":"post_tag","embeddable":true,"href":"https:\/\/www.toutsurmesfinances.com\/retraite\/wp-json\/wp\/v2\/tags?post=15862"}],"curies":[{"name":"wp","href":"https:\/\/api.w.org\/{rel}","templated":true}]}}