{"id":16626,"date":"2011-05-26T15:38:21","date_gmt":"2011-05-26T13:38:21","guid":{"rendered":"https:\/\/www.toutsurmesfinances.com\/retraite\/la-limite-d-age-de-la-retraite-recule-pour-les-hauts-fonctionnaires-de-l-etat.html"},"modified":"2021-12-08T14:12:57","modified_gmt":"2021-12-08T13:12:57","slug":"la-limite-d-age-de-la-retraite-recule-pour-les-hauts-fonctionnaires-de-l-etat","status":"publish","type":"post","link":"https:\/\/www.toutsurmesfinances.com\/retraite\/la-limite-d-age-de-la-retraite-recule-pour-les-hauts-fonctionnaires-de-l-etat.html","title":{"rendered":"La limite d\u2019\u00e2ge de la retraite recule pour les hauts fonctionnaires de l\u2019Etat"},"content":{"rendered":"<section class=\"l-section wpb_row height_small\"><div class=\"l-section-h i-cf\"><div class=\"g-cols vc_row via_flex valign_top type_default stacking_default\"><div class=\"vc_col-sm-12 wpb_column vc_column_container\"><div class=\"vc_column-inner\"><div class=\"wpb_wrapper\"><div class=\"wpb_text_column\"><div class=\"wpb_wrapper\"><p>Certains hauts fonctionnaires de l&rsquo;Etat pourront d\u00e9sormais rester en fonction jusqu&rsquo;\u00e0 67 ans. Un projet de loi, relatif au maintien en fonctions au-del\u00e0 de la limite d&rsquo;\u00e2ge des fonctionnaires nomm\u00e9s dans des emplois \u00e0 la d\u00e9cision du Gouvernement, a \u00e9t\u00e9 adopt\u00e9 par le Parlement ce jeudi 26 mai 2011.<\/p>\n<p>Jusqu&rsquo;\u00e0 pr\u00e9sent les hauts fonctionnaires de l&rsquo;Etat (pr\u00e9fets, ambassadeurs, recteurs, directeurs d&rsquo;administration centrale, etc.) devaient quitter leur poste \u00e0 65 ans.<\/p>\n<p>Le projet de loi pr\u00e9voit donc la possibilit\u00e9 de maintenir \u00ab \u00e0 titre exceptionnel dans l&rsquo;int\u00e9r\u00eat du service, et avec leur accord \u00bb, ces hauts fonctionnaires au-del\u00e0 de l&rsquo;\u00e2ge limite pour une dur\u00e9e maximale de deux ans, \u00ab par une d\u00e9cision prise dans les m\u00eames formes que leur nomination \u00bb.<\/p>\n<p>L&rsquo;opposition de gauche a vot\u00e9 contre ce texte, estimant qu&rsquo;il servait \u00e0 favoriser certains hauts fonctionnaires comme le pr\u00e9fet de Seine-Saint-Denis. \u00ab Ce projet de loi n&rsquo;a d&rsquo;autre but que de sauver le pr\u00e9fet Lambert qui f\u00eatera ses 65 ans le 5 juin prochain \u00bb, a d\u00e9clar\u00e9 Marc Dolez, d\u00e9put\u00e9 du Parti de Gauche lors du vote du texte.<\/p>\n<p>Les d\u00e9put\u00e9s ont adopt\u00e9 jeudi dans les m\u00eames termes le projet de loi que le S\u00e9nat avait vot\u00e9 le 12 mai.<\/p>\n<p>Pour entrer en vigueur, le texte doit \u00eatre publi\u00e9 au Journal Officiel.<\/p>\n<\/div><\/div><\/div><\/div><\/div><\/div><\/div><\/section>\n","protected":false},"excerpt":{"rendered":"<p>Le parlement a d\u00e9finitivement adopt\u00e9 jeudi 26 mai 2011 un projet de loi permettant de maintenir \u00e0 leur poste certains hauts fonctionnaires de l&rsquo;Etat au-del\u00e0 de la limite d&rsquo;\u00e2ge de 65 ans.<\/p>\n","protected":false},"author":13718,"featured_media":0,"comment_status":"closed","ping_status":"closed","sticky":false,"template":"","format":"standard","meta":{"footnotes":""},"categories":[13],"tags":[],"class_list":["post-16626","post","type-post","status-publish","format-standard","hentry","category-depart-a-la-retraite"],"acf":[],"yoast_head":"<!-- This site is optimized with the Yoast SEO plugin v24.9 - https:\/\/yoast.com\/wordpress\/plugins\/seo\/ -->\n<title>La limite d\u2019\u00e2ge de la retraite recule pour les hauts fonctionnaires de l\u2019Etat<\/title>\n<meta name=\"description\" content=\"Le parlement a d\u00e9finitivement adopt\u00e9 jeudi 26 mai 2011 un projet de loi permettant de maintenir \u00e0 leur poste certains hauts fonctionnaires de l&#039;Etat au-del\u00e0 de la limite d&#039;\u00e2ge de 65 ans.\" \/>\n<meta name=\"robots\" content=\"index, follow, max-snippet:-1, max-image-preview:large, max-video-preview:-1\" \/>\n<link rel=\"canonical\" href=\"https:\/\/www.toutsurmesfinances.com\/retraite\/la-limite-d-age-de-la-retraite-recule-pour-les-hauts-fonctionnaires-de-l-etat.html\" \/>\n<meta property=\"og:locale\" content=\"fr_FR\" \/>\n<meta property=\"og:type\" content=\"article\" \/>\n<meta property=\"og:title\" content=\"La limite d\u2019\u00e2ge de la retraite recule pour les hauts fonctionnaires de l\u2019Etat\" \/>\n<meta property=\"og:description\" content=\"Le parlement a d\u00e9finitivement adopt\u00e9 jeudi 26 mai 2011 un projet de loi permettant de maintenir \u00e0 leur poste certains hauts fonctionnaires de l&#039;Etat au-del\u00e0 de la limite d&#039;\u00e2ge de 65 ans.\" \/>\n<meta property=\"og:url\" content=\"https:\/\/www.toutsurmesfinances.com\/retraite\/la-limite-d-age-de-la-retraite-recule-pour-les-hauts-fonctionnaires-de-l-etat.html\" \/>\n<meta property=\"og:site_name\" content=\"Retraite\" \/>\n<meta property=\"article:published_time\" content=\"2011-05-26T13:38:21+00:00\" \/>\n<meta property=\"article:modified_time\" content=\"2021-12-08T13:12:57+00:00\" \/>\n<meta name=\"author\" content=\"L&#039;\u00e9quipe de r\u00e9daction\" \/>\n<meta name=\"twitter:card\" content=\"summary_large_image\" \/>\n<meta name=\"twitter:creator\" content=\"@Toutsur\" \/>\n<meta name=\"twitter:site\" content=\"@Toutsur\" \/>\n<meta name=\"twitter:label1\" content=\"\u00c9crit par\" \/>\n\t<meta name=\"twitter:data1\" content=\"L&#039;\u00e9quipe de r\u00e9daction\" \/>\n\t<meta name=\"twitter:label2\" content=\"Dur\u00e9e de lecture estim\u00e9e\" \/>\n\t<meta name=\"twitter:data2\" content=\"1 minute\" \/>\n<script type=\"application\/ld+json\" class=\"yoast-schema-graph\">{\"@context\":\"https:\/\/schema.org\",\"@graph\":[{\"@type\":\"Article\",\"@id\":\"https:\/\/www.toutsurmesfinances.com\/retraite\/la-limite-d-age-de-la-retraite-recule-pour-les-hauts-fonctionnaires-de-l-etat.html#article\",\"isPartOf\":{\"@id\":\"https:\/\/www.toutsurmesfinances.com\/retraite\/la-limite-d-age-de-la-retraite-recule-pour-les-hauts-fonctionnaires-de-l-etat.html\"},\"author\":{\"name\":\"L'\u00e9quipe de r\u00e9daction\",\"@id\":\"https:\/\/www.toutsurmesfinances.com\/retraite\/#\/schema\/person\/19a038f31d078d13966363e7ab7343c6\"},\"headline\":\"La limite d\u2019\u00e2ge de la retraite recule pour les hauts fonctionnaires de l\u2019Etat\",\"dateModified\":\"2021-12-08T13:12:57+00:00\",\"mainEntityOfPage\":{\"@id\":\"https:\/\/www.toutsurmesfinances.com\/retraite\/la-limite-d-age-de-la-retraite-recule-pour-les-hauts-fonctionnaires-de-l-etat.html\"},\"wordCount\":254,\"publisher\":{\"@id\":\"https:\/\/www.toutsurmesfinances.com\/retraite\/#organization\"},\"articleSection\":[\"D\u00e9part \u00e0 la retraite\"],\"inLanguage\":\"fr-FR\"},{\"@type\":\"WebPage\",\"@id\":\"https:\/\/www.toutsurmesfinances.com\/retraite\/la-limite-d-age-de-la-retraite-recule-pour-les-hauts-fonctionnaires-de-l-etat.html\",\"url\":\"https:\/\/www.toutsurmesfinances.com\/retraite\/la-limite-d-age-de-la-retraite-recule-pour-les-hauts-fonctionnaires-de-l-etat.html\",\"name\":\"La limite d\u2019\u00e2ge de la retraite recule pour les hauts fonctionnaires de l\u2019Etat\",\"isPartOf\":{\"@id\":\"https:\/\/www.toutsurmesfinances.com\/retraite\/#website\"},\"dateModified\":\"2021-12-08T13:12:57+00:00\",\"description\":\"Le parlement a d\u00e9finitivement adopt\u00e9 jeudi 26 mai 2011 un projet de loi permettant de maintenir \u00e0 leur poste certains hauts fonctionnaires de l'Etat au-del\u00e0 de la limite d'\u00e2ge de 65 ans.\",\"breadcrumb\":{\"@id\":\"https:\/\/www.toutsurmesfinances.com\/retraite\/la-limite-d-age-de-la-retraite-recule-pour-les-hauts-fonctionnaires-de-l-etat.html#breadcrumb\"},\"inLanguage\":\"fr-FR\",\"potentialAction\":[{\"@type\":\"ReadAction\",\"target\":[\"https:\/\/www.toutsurmesfinances.com\/retraite\/la-limite-d-age-de-la-retraite-recule-pour-les-hauts-fonctionnaires-de-l-etat.html\"]}]},{\"@type\":\"BreadcrumbList\",\"@id\":\"https:\/\/www.toutsurmesfinances.com\/retraite\/la-limite-d-age-de-la-retraite-recule-pour-les-hauts-fonctionnaires-de-l-etat.html#breadcrumb\",\"itemListElement\":[{\"@type\":\"ListItem\",\"position\":1,\"name\":\"Accueil\",\"item\":\"https:\/\/www.toutsurmesfinances.com\/retraite\/\"},{\"@type\":\"ListItem\",\"position\":2,\"name\":\"Liquidation\",\"item\":\"https:\/\/www.toutsurmesfinances.com\/retraite\/c\/liquidation\"},{\"@type\":\"ListItem\",\"position\":3,\"name\":\"D\u00e9part \u00e0 la retraite\",\"item\":\"https:\/\/www.toutsurmesfinances.com\/retraite\/c\/depart-a-la-retraite\"},{\"@type\":\"ListItem\",\"position\":4,\"name\":\"La limite d\u2019\u00e2ge de la retraite recule pour les hauts fonctionnaires de l\u2019Etat\"}]},{\"@type\":\"WebSite\",\"@id\":\"https:\/\/www.toutsurmesfinances.com\/retraite\/#website\",\"url\":\"https:\/\/www.toutsurmesfinances.com\/retraite\/\",\"name\":\"Retraite\",\"description\":\"\",\"publisher\":{\"@id\":\"https:\/\/www.toutsurmesfinances.com\/retraite\/#organization\"},\"potentialAction\":[{\"@type\":\"SearchAction\",\"target\":{\"@type\":\"EntryPoint\",\"urlTemplate\":\"https:\/\/www.toutsurmesfinances.com\/retraite\/?s={search_term_string}\"},\"query-input\":{\"@type\":\"PropertyValueSpecification\",\"valueRequired\":true,\"valueName\":\"search_term_string\"}}],\"inLanguage\":\"fr-FR\"},{\"@type\":\"Organization\",\"@id\":\"https:\/\/www.toutsurmesfinances.com\/retraite\/#organization\",\"name\":\"Tout Sur Mes Finances\",\"url\":\"https:\/\/www.toutsurmesfinances.com\/retraite\/\",\"logo\":{\"@type\":\"ImageObject\",\"inLanguage\":\"fr-FR\",\"@id\":\"https:\/\/www.toutsurmesfinances.com\/retraite\/#\/schema\/logo\/image\/\",\"url\":\"https:\/\/www.toutsurmesfinances.com\/retraite\/wp-content\/uploads\/sites\/4\/2021\/01\/favicon.png\",\"contentUrl\":\"https:\/\/www.toutsurmesfinances.com\/retraite\/wp-content\/uploads\/sites\/4\/2021\/01\/favicon.png\",\"width\":512,\"height\":512,\"caption\":\"Tout Sur Mes Finances\"},\"image\":{\"@id\":\"https:\/\/www.toutsurmesfinances.com\/retraite\/#\/schema\/logo\/image\/\"},\"sameAs\":[\"https:\/\/x.com\/Toutsur\"]},{\"@type\":\"Person\",\"@id\":\"https:\/\/www.toutsurmesfinances.com\/retraite\/#\/schema\/person\/19a038f31d078d13966363e7ab7343c6\",\"name\":\"L'\u00e9quipe de r\u00e9daction\",\"image\":{\"@type\":\"ImageObject\",\"inLanguage\":\"fr-FR\",\"@id\":\"https:\/\/www.toutsurmesfinances.com\/retraite\/#\/schema\/person\/image\/\",\"url\":\"https:\/\/secure.gravatar.com\/avatar\/5d078ff23d3ce7cd29bc258e76954673?s=96&d=mm&r=g\",\"contentUrl\":\"https:\/\/secure.gravatar.com\/avatar\/5d078ff23d3ce7cd29bc258e76954673?s=96&d=mm&r=g\",\"caption\":\"L'\u00e9quipe de r\u00e9daction\"}}]}<\/script>\n<!-- \/ Yoast SEO plugin. -->","yoast_head_json":{"title":"La limite d\u2019\u00e2ge de la retraite recule pour les hauts fonctionnaires de l\u2019Etat","description":"Le parlement a d\u00e9finitivement adopt\u00e9 jeudi 26 mai 2011 un projet de loi permettant de maintenir \u00e0 leur poste certains hauts fonctionnaires de l'Etat au-del\u00e0 de la limite d'\u00e2ge de 65 ans.","robots":{"index":"index","follow":"follow","max-snippet":"max-snippet:-1","max-image-preview":"max-image-preview:large","max-video-preview":"max-video-preview:-1"},"canonical":"https:\/\/www.toutsurmesfinances.com\/retraite\/la-limite-d-age-de-la-retraite-recule-pour-les-hauts-fonctionnaires-de-l-etat.html","og_locale":"fr_FR","og_type":"article","og_title":"La limite d\u2019\u00e2ge de la retraite recule pour les hauts fonctionnaires de l\u2019Etat","og_description":"Le parlement a d\u00e9finitivement adopt\u00e9 jeudi 26 mai 2011 un projet de loi permettant de maintenir \u00e0 leur poste certains hauts fonctionnaires de l'Etat au-del\u00e0 de la limite d'\u00e2ge de 65 ans.","og_url":"https:\/\/www.toutsurmesfinances.com\/retraite\/la-limite-d-age-de-la-retraite-recule-pour-les-hauts-fonctionnaires-de-l-etat.html","og_site_name":"Retraite","article_published_time":"2011-05-26T13:38:21+00:00","article_modified_time":"2021-12-08T13:12:57+00:00","author":"L'\u00e9quipe de r\u00e9daction","twitter_card":"summary_large_image","twitter_creator":"@Toutsur","twitter_site":"@Toutsur","twitter_misc":{"\u00c9crit par":"L'\u00e9quipe de r\u00e9daction","Dur\u00e9e de lecture estim\u00e9e":"1 minute"},"schema":{"@context":"https:\/\/schema.org","@graph":[{"@type":"Article","@id":"https:\/\/www.toutsurmesfinances.com\/retraite\/la-limite-d-age-de-la-retraite-recule-pour-les-hauts-fonctionnaires-de-l-etat.html#article","isPartOf":{"@id":"https:\/\/www.toutsurmesfinances.com\/retraite\/la-limite-d-age-de-la-retraite-recule-pour-les-hauts-fonctionnaires-de-l-etat.html"},"author":{"name":"L'\u00e9quipe de r\u00e9daction","@id":"https:\/\/www.toutsurmesfinances.com\/retraite\/#\/schema\/person\/19a038f31d078d13966363e7ab7343c6"},"headline":"La limite d\u2019\u00e2ge de la retraite recule pour les hauts fonctionnaires de l\u2019Etat","dateModified":"2021-12-08T13:12:57+00:00","mainEntityOfPage":{"@id":"https:\/\/www.toutsurmesfinances.com\/retraite\/la-limite-d-age-de-la-retraite-recule-pour-les-hauts-fonctionnaires-de-l-etat.html"},"wordCount":254,"publisher":{"@id":"https:\/\/www.toutsurmesfinances.com\/retraite\/#organization"},"articleSection":["D\u00e9part \u00e0 la retraite"],"inLanguage":"fr-FR"},{"@type":"WebPage","@id":"https:\/\/www.toutsurmesfinances.com\/retraite\/la-limite-d-age-de-la-retraite-recule-pour-les-hauts-fonctionnaires-de-l-etat.html","url":"https:\/\/www.toutsurmesfinances.com\/retraite\/la-limite-d-age-de-la-retraite-recule-pour-les-hauts-fonctionnaires-de-l-etat.html","name":"La limite d\u2019\u00e2ge de la retraite recule pour les hauts fonctionnaires de l\u2019Etat","isPartOf":{"@id":"https:\/\/www.toutsurmesfinances.com\/retraite\/#website"},"dateModified":"2021-12-08T13:12:57+00:00","description":"Le parlement a d\u00e9finitivement adopt\u00e9 jeudi 26 mai 2011 un projet de loi permettant de maintenir \u00e0 leur poste certains hauts fonctionnaires de l'Etat au-del\u00e0 de la limite d'\u00e2ge de 65 ans.","breadcrumb":{"@id":"https:\/\/www.toutsurmesfinances.com\/retraite\/la-limite-d-age-de-la-retraite-recule-pour-les-hauts-fonctionnaires-de-l-etat.html#breadcrumb"},"inLanguage":"fr-FR","potentialAction":[{"@type":"ReadAction","target":["https:\/\/www.toutsurmesfinances.com\/retraite\/la-limite-d-age-de-la-retraite-recule-pour-les-hauts-fonctionnaires-de-l-etat.html"]}]},{"@type":"BreadcrumbList","@id":"https:\/\/www.toutsurmesfinances.com\/retraite\/la-limite-d-age-de-la-retraite-recule-pour-les-hauts-fonctionnaires-de-l-etat.html#breadcrumb","itemListElement":[{"@type":"ListItem","position":1,"name":"Accueil","item":"https:\/\/www.toutsurmesfinances.com\/retraite\/"},{"@type":"ListItem","position":2,"name":"Liquidation","item":"https:\/\/www.toutsurmesfinances.com\/retraite\/c\/liquidation"},{"@type":"ListItem","position":3,"name":"D\u00e9part \u00e0 la retraite","item":"https:\/\/www.toutsurmesfinances.com\/retraite\/c\/depart-a-la-retraite"},{"@type":"ListItem","position":4,"name":"La limite d\u2019\u00e2ge de la retraite recule pour les hauts fonctionnaires de l\u2019Etat"}]},{"@type":"WebSite","@id":"https:\/\/www.toutsurmesfinances.com\/retraite\/#website","url":"https:\/\/www.toutsurmesfinances.com\/retraite\/","name":"Retraite","description":"","publisher":{"@id":"https:\/\/www.toutsurmesfinances.com\/retraite\/#organization"},"potentialAction":[{"@type":"SearchAction","target":{"@type":"EntryPoint","urlTemplate":"https:\/\/www.toutsurmesfinances.com\/retraite\/?s={search_term_string}"},"query-input":{"@type":"PropertyValueSpecification","valueRequired":true,"valueName":"search_term_string"}}],"inLanguage":"fr-FR"},{"@type":"Organization","@id":"https:\/\/www.toutsurmesfinances.com\/retraite\/#organization","name":"Tout Sur Mes Finances","url":"https:\/\/www.toutsurmesfinances.com\/retraite\/","logo":{"@type":"ImageObject","inLanguage":"fr-FR","@id":"https:\/\/www.toutsurmesfinances.com\/retraite\/#\/schema\/logo\/image\/","url":"https:\/\/www.toutsurmesfinances.com\/retraite\/wp-content\/uploads\/sites\/4\/2021\/01\/favicon.png","contentUrl":"https:\/\/www.toutsurmesfinances.com\/retraite\/wp-content\/uploads\/sites\/4\/2021\/01\/favicon.png","width":512,"height":512,"caption":"Tout Sur Mes Finances"},"image":{"@id":"https:\/\/www.toutsurmesfinances.com\/retraite\/#\/schema\/logo\/image\/"},"sameAs":["https:\/\/x.com\/Toutsur"]},{"@type":"Person","@id":"https:\/\/www.toutsurmesfinances.com\/retraite\/#\/schema\/person\/19a038f31d078d13966363e7ab7343c6","name":"L'\u00e9quipe de r\u00e9daction","image":{"@type":"ImageObject","inLanguage":"fr-FR","@id":"https:\/\/www.toutsurmesfinances.com\/retraite\/#\/schema\/person\/image\/","url":"https:\/\/secure.gravatar.com\/avatar\/5d078ff23d3ce7cd29bc258e76954673?s=96&d=mm&r=g","contentUrl":"https:\/\/secure.gravatar.com\/avatar\/5d078ff23d3ce7cd29bc258e76954673?s=96&d=mm&r=g","caption":"L'\u00e9quipe de r\u00e9daction"}}]}},"_links":{"self":[{"href":"https:\/\/www.toutsurmesfinances.com\/retraite\/wp-json\/wp\/v2\/posts\/16626","targetHints":{"allow":["GET"]}}],"collection":[{"href":"https:\/\/www.toutsurmesfinances.com\/retraite\/wp-json\/wp\/v2\/posts"}],"about":[{"href":"https:\/\/www.toutsurmesfinances.com\/retraite\/wp-json\/wp\/v2\/types\/post"}],"author":[{"embeddable":true,"href":"https:\/\/www.toutsurmesfinances.com\/retraite\/wp-json\/wp\/v2\/users\/13718"}],"replies":[{"embeddable":true,"href":"https:\/\/www.toutsurmesfinances.com\/retraite\/wp-json\/wp\/v2\/comments?post=16626"}],"version-history":[{"count":2,"href":"https:\/\/www.toutsurmesfinances.com\/retraite\/wp-json\/wp\/v2\/posts\/16626\/revisions"}],"predecessor-version":[{"id":30433,"href":"https:\/\/www.toutsurmesfinances.com\/retraite\/wp-json\/wp\/v2\/posts\/16626\/revisions\/30433"}],"wp:attachment":[{"href":"https:\/\/www.toutsurmesfinances.com\/retraite\/wp-json\/wp\/v2\/media?parent=16626"}],"wp:term":[{"taxonomy":"category","embeddable":true,"href":"https:\/\/www.toutsurmesfinances.com\/retraite\/wp-json\/wp\/v2\/categories?post=16626"},{"taxonomy":"post_tag","embeddable":true,"href":"https:\/\/www.toutsurmesfinances.com\/retraite\/wp-json\/wp\/v2\/tags?post=16626"}],"curies":[{"name":"wp","href":"https:\/\/api.w.org\/{rel}","templated":true}]}}