{"id":16687,"date":"2011-06-16T10:32:19","date_gmt":"2011-06-16T08:32:19","guid":{"rendered":"https:\/\/www.toutsurmesfinances.com\/retraite\/reforme-des-retraites-fin-du-traitement-continue-pour-les-fonctionnaires-au-1er-juillet.html"},"modified":"2012-12-12T15:40:42","modified_gmt":"2012-12-12T15:40:42","slug":"reforme-des-retraites-fin-du-traitement-continue-pour-les-fonctionnaires-au-1er-juillet","status":"publish","type":"post","link":"https:\/\/www.toutsurmesfinances.com\/retraite\/reforme-des-retraites-fin-du-traitement-continue-pour-les-fonctionnaires-au-1er-juillet.html","title":{"rendered":"R\u00e9forme des retraites : fin du traitement continu\u00e9 pour les fonctionnaires au 1er juillet"},"content":{"rendered":"","protected":false},"excerpt":{"rendered":"","protected":false},"author":13718,"featured_media":0,"comment_status":"closed","ping_status":"closed","sticky":false,"template":"","format":"standard","meta":{"footnotes":""},"categories":[],"tags":[],"class_list":["post-16687","post","type-post","status-publish","format-standard","hentry"],"acf":[],"yoast_head":"<!-- This site is optimized with the Yoast SEO plugin v24.9 - https:\/\/yoast.com\/wordpress\/plugins\/seo\/ -->\n<title>R\u00e9forme des retraites : fin du traitement continu\u00e9 pour les fonctionnaires au 1er juillet<\/title>\n<meta name=\"description\" content=\"La loi du 9 novembre 2010 portant r\u00e9forme des retraites met fin au principe du traitement continu\u00e9 \u00e0 partir du 1er juillet. Ce dispositif \u00e9tait r\u00e9serv\u00e9 aux agents de la fonction publique radi\u00e9s des cadres et admis \u00e0 la retraite en cours de mois.\" \/>\n<meta name=\"robots\" content=\"index, follow, max-snippet:-1, max-image-preview:large, max-video-preview:-1\" \/>\n<link rel=\"canonical\" href=\"https:\/\/www.toutsurmesfinances.com\/retraite\/reforme-des-retraites-fin-du-traitement-continue-pour-les-fonctionnaires-au-1er-juillet.html\" \/>\n<meta property=\"og:locale\" content=\"fr_FR\" \/>\n<meta property=\"og:type\" content=\"article\" \/>\n<meta property=\"og:title\" content=\"R\u00e9forme des retraites : fin du traitement continu\u00e9 pour les fonctionnaires au 1er juillet\" \/>\n<meta property=\"og:description\" content=\"La loi du 9 novembre 2010 portant r\u00e9forme des retraites met fin au principe du traitement continu\u00e9 \u00e0 partir du 1er juillet. Ce dispositif \u00e9tait r\u00e9serv\u00e9 aux agents de la fonction publique radi\u00e9s des cadres et admis \u00e0 la retraite en cours de mois.\" \/>\n<meta property=\"og:url\" content=\"https:\/\/www.toutsurmesfinances.com\/retraite\/reforme-des-retraites-fin-du-traitement-continue-pour-les-fonctionnaires-au-1er-juillet.html\" \/>\n<meta property=\"og:site_name\" content=\"Retraite\" \/>\n<meta property=\"article:published_time\" content=\"2011-06-16T08:32:19+00:00\" \/>\n<meta property=\"article:modified_time\" content=\"2012-12-12T15:40:42+00:00\" \/>\n<meta name=\"author\" content=\"L&#039;\u00e9quipe de r\u00e9daction\" \/>\n<meta name=\"twitter:card\" content=\"summary_large_image\" \/>\n<meta name=\"twitter:creator\" content=\"@Toutsur\" \/>\n<meta name=\"twitter:site\" content=\"@Toutsur\" \/>\n<meta name=\"twitter:label1\" content=\"\u00c9crit par\" \/>\n\t<meta name=\"twitter:data1\" content=\"L&#039;\u00e9quipe de r\u00e9daction\" \/>\n<script type=\"application\/ld+json\" class=\"yoast-schema-graph\">{\"@context\":\"https:\/\/schema.org\",\"@graph\":[{\"@type\":\"Article\",\"@id\":\"https:\/\/www.toutsurmesfinances.com\/retraite\/reforme-des-retraites-fin-du-traitement-continue-pour-les-fonctionnaires-au-1er-juillet.html#article\",\"isPartOf\":{\"@id\":\"https:\/\/www.toutsurmesfinances.com\/retraite\/reforme-des-retraites-fin-du-traitement-continue-pour-les-fonctionnaires-au-1er-juillet.html\"},\"author\":{\"name\":\"L'\u00e9quipe de r\u00e9daction\",\"@id\":\"https:\/\/www.toutsurmesfinances.com\/retraite\/#\/schema\/person\/19a038f31d078d13966363e7ab7343c6\"},\"headline\":\"R\u00e9forme des retraites : fin du traitement continu\u00e9 pour les fonctionnaires au 1er juillet\",\"dateModified\":\"2012-12-12T15:40:42+00:00\",\"mainEntityOfPage\":{\"@id\":\"https:\/\/www.toutsurmesfinances.com\/retraite\/reforme-des-retraites-fin-du-traitement-continue-pour-les-fonctionnaires-au-1er-juillet.html\"},\"wordCount\":14,\"publisher\":{\"@id\":\"https:\/\/www.toutsurmesfinances.com\/retraite\/#organization\"},\"inLanguage\":\"fr-FR\"},{\"@type\":\"WebPage\",\"@id\":\"https:\/\/www.toutsurmesfinances.com\/retraite\/reforme-des-retraites-fin-du-traitement-continue-pour-les-fonctionnaires-au-1er-juillet.html\",\"url\":\"https:\/\/www.toutsurmesfinances.com\/retraite\/reforme-des-retraites-fin-du-traitement-continue-pour-les-fonctionnaires-au-1er-juillet.html\",\"name\":\"R\u00e9forme des retraites : fin du traitement continu\u00e9 pour les fonctionnaires au 1er juillet\",\"isPartOf\":{\"@id\":\"https:\/\/www.toutsurmesfinances.com\/retraite\/#website\"},\"dateModified\":\"2012-12-12T15:40:42+00:00\",\"description\":\"La loi du 9 novembre 2010 portant r\u00e9forme des retraites met fin au principe du traitement continu\u00e9 \u00e0 partir du 1er juillet. Ce dispositif \u00e9tait r\u00e9serv\u00e9 aux agents de la fonction publique radi\u00e9s des cadres et admis \u00e0 la retraite en cours de mois.\",\"breadcrumb\":{\"@id\":\"https:\/\/www.toutsurmesfinances.com\/retraite\/reforme-des-retraites-fin-du-traitement-continue-pour-les-fonctionnaires-au-1er-juillet.html#breadcrumb\"},\"inLanguage\":\"fr-FR\",\"potentialAction\":[{\"@type\":\"ReadAction\",\"target\":[\"https:\/\/www.toutsurmesfinances.com\/retraite\/reforme-des-retraites-fin-du-traitement-continue-pour-les-fonctionnaires-au-1er-juillet.html\"]}]},{\"@type\":\"BreadcrumbList\",\"@id\":\"https:\/\/www.toutsurmesfinances.com\/retraite\/reforme-des-retraites-fin-du-traitement-continue-pour-les-fonctionnaires-au-1er-juillet.html#breadcrumb\",\"itemListElement\":[{\"@type\":\"ListItem\",\"position\":1,\"name\":\"Accueil\",\"item\":\"https:\/\/www.toutsurmesfinances.com\/retraite\/\"},{\"@type\":\"ListItem\",\"position\":2,\"name\":\"R\u00e9forme des retraites : fin du traitement continu\u00e9 pour les fonctionnaires au 1er juillet\"}]},{\"@type\":\"WebSite\",\"@id\":\"https:\/\/www.toutsurmesfinances.com\/retraite\/#website\",\"url\":\"https:\/\/www.toutsurmesfinances.com\/retraite\/\",\"name\":\"Retraite\",\"description\":\"\",\"publisher\":{\"@id\":\"https:\/\/www.toutsurmesfinances.com\/retraite\/#organization\"},\"potentialAction\":[{\"@type\":\"SearchAction\",\"target\":{\"@type\":\"EntryPoint\",\"urlTemplate\":\"https:\/\/www.toutsurmesfinances.com\/retraite\/?s={search_term_string}\"},\"query-input\":{\"@type\":\"PropertyValueSpecification\",\"valueRequired\":true,\"valueName\":\"search_term_string\"}}],\"inLanguage\":\"fr-FR\"},{\"@type\":\"Organization\",\"@id\":\"https:\/\/www.toutsurmesfinances.com\/retraite\/#organization\",\"name\":\"Tout Sur Mes Finances\",\"url\":\"https:\/\/www.toutsurmesfinances.com\/retraite\/\",\"logo\":{\"@type\":\"ImageObject\",\"inLanguage\":\"fr-FR\",\"@id\":\"https:\/\/www.toutsurmesfinances.com\/retraite\/#\/schema\/logo\/image\/\",\"url\":\"https:\/\/www.toutsurmesfinances.com\/retraite\/wp-content\/uploads\/sites\/4\/2021\/01\/favicon.png\",\"contentUrl\":\"https:\/\/www.toutsurmesfinances.com\/retraite\/wp-content\/uploads\/sites\/4\/2021\/01\/favicon.png\",\"width\":512,\"height\":512,\"caption\":\"Tout Sur Mes Finances\"},\"image\":{\"@id\":\"https:\/\/www.toutsurmesfinances.com\/retraite\/#\/schema\/logo\/image\/\"},\"sameAs\":[\"https:\/\/x.com\/Toutsur\"]},{\"@type\":\"Person\",\"@id\":\"https:\/\/www.toutsurmesfinances.com\/retraite\/#\/schema\/person\/19a038f31d078d13966363e7ab7343c6\",\"name\":\"L'\u00e9quipe de r\u00e9daction\",\"image\":{\"@type\":\"ImageObject\",\"inLanguage\":\"fr-FR\",\"@id\":\"https:\/\/www.toutsurmesfinances.com\/retraite\/#\/schema\/person\/image\/\",\"url\":\"https:\/\/secure.gravatar.com\/avatar\/5d078ff23d3ce7cd29bc258e76954673?s=96&d=mm&r=g\",\"contentUrl\":\"https:\/\/secure.gravatar.com\/avatar\/5d078ff23d3ce7cd29bc258e76954673?s=96&d=mm&r=g\",\"caption\":\"L'\u00e9quipe de r\u00e9daction\"}}]}<\/script>\n<!-- \/ Yoast SEO plugin. -->","yoast_head_json":{"title":"R\u00e9forme des retraites : fin du traitement continu\u00e9 pour les fonctionnaires au 1er juillet","description":"La loi du 9 novembre 2010 portant r\u00e9forme des retraites met fin au principe du traitement continu\u00e9 \u00e0 partir du 1er juillet. Ce dispositif \u00e9tait r\u00e9serv\u00e9 aux agents de la fonction publique radi\u00e9s des cadres et admis \u00e0 la retraite en cours de mois.","robots":{"index":"index","follow":"follow","max-snippet":"max-snippet:-1","max-image-preview":"max-image-preview:large","max-video-preview":"max-video-preview:-1"},"canonical":"https:\/\/www.toutsurmesfinances.com\/retraite\/reforme-des-retraites-fin-du-traitement-continue-pour-les-fonctionnaires-au-1er-juillet.html","og_locale":"fr_FR","og_type":"article","og_title":"R\u00e9forme des retraites : fin du traitement continu\u00e9 pour les fonctionnaires au 1er juillet","og_description":"La loi du 9 novembre 2010 portant r\u00e9forme des retraites met fin au principe du traitement continu\u00e9 \u00e0 partir du 1er juillet. Ce dispositif \u00e9tait r\u00e9serv\u00e9 aux agents de la fonction publique radi\u00e9s des cadres et admis \u00e0 la retraite en cours de mois.","og_url":"https:\/\/www.toutsurmesfinances.com\/retraite\/reforme-des-retraites-fin-du-traitement-continue-pour-les-fonctionnaires-au-1er-juillet.html","og_site_name":"Retraite","article_published_time":"2011-06-16T08:32:19+00:00","article_modified_time":"2012-12-12T15:40:42+00:00","author":"L'\u00e9quipe de r\u00e9daction","twitter_card":"summary_large_image","twitter_creator":"@Toutsur","twitter_site":"@Toutsur","twitter_misc":{"\u00c9crit par":"L'\u00e9quipe de r\u00e9daction"},"schema":{"@context":"https:\/\/schema.org","@graph":[{"@type":"Article","@id":"https:\/\/www.toutsurmesfinances.com\/retraite\/reforme-des-retraites-fin-du-traitement-continue-pour-les-fonctionnaires-au-1er-juillet.html#article","isPartOf":{"@id":"https:\/\/www.toutsurmesfinances.com\/retraite\/reforme-des-retraites-fin-du-traitement-continue-pour-les-fonctionnaires-au-1er-juillet.html"},"author":{"name":"L'\u00e9quipe de r\u00e9daction","@id":"https:\/\/www.toutsurmesfinances.com\/retraite\/#\/schema\/person\/19a038f31d078d13966363e7ab7343c6"},"headline":"R\u00e9forme des retraites : fin du traitement continu\u00e9 pour les fonctionnaires au 1er juillet","dateModified":"2012-12-12T15:40:42+00:00","mainEntityOfPage":{"@id":"https:\/\/www.toutsurmesfinances.com\/retraite\/reforme-des-retraites-fin-du-traitement-continue-pour-les-fonctionnaires-au-1er-juillet.html"},"wordCount":14,"publisher":{"@id":"https:\/\/www.toutsurmesfinances.com\/retraite\/#organization"},"inLanguage":"fr-FR"},{"@type":"WebPage","@id":"https:\/\/www.toutsurmesfinances.com\/retraite\/reforme-des-retraites-fin-du-traitement-continue-pour-les-fonctionnaires-au-1er-juillet.html","url":"https:\/\/www.toutsurmesfinances.com\/retraite\/reforme-des-retraites-fin-du-traitement-continue-pour-les-fonctionnaires-au-1er-juillet.html","name":"R\u00e9forme des retraites : fin du traitement continu\u00e9 pour les fonctionnaires au 1er juillet","isPartOf":{"@id":"https:\/\/www.toutsurmesfinances.com\/retraite\/#website"},"dateModified":"2012-12-12T15:40:42+00:00","description":"La loi du 9 novembre 2010 portant r\u00e9forme des retraites met fin au principe du traitement continu\u00e9 \u00e0 partir du 1er juillet. Ce dispositif \u00e9tait r\u00e9serv\u00e9 aux agents de la fonction publique radi\u00e9s des cadres et admis \u00e0 la retraite en cours de mois.","breadcrumb":{"@id":"https:\/\/www.toutsurmesfinances.com\/retraite\/reforme-des-retraites-fin-du-traitement-continue-pour-les-fonctionnaires-au-1er-juillet.html#breadcrumb"},"inLanguage":"fr-FR","potentialAction":[{"@type":"ReadAction","target":["https:\/\/www.toutsurmesfinances.com\/retraite\/reforme-des-retraites-fin-du-traitement-continue-pour-les-fonctionnaires-au-1er-juillet.html"]}]},{"@type":"BreadcrumbList","@id":"https:\/\/www.toutsurmesfinances.com\/retraite\/reforme-des-retraites-fin-du-traitement-continue-pour-les-fonctionnaires-au-1er-juillet.html#breadcrumb","itemListElement":[{"@type":"ListItem","position":1,"name":"Accueil","item":"https:\/\/www.toutsurmesfinances.com\/retraite\/"},{"@type":"ListItem","position":2,"name":"R\u00e9forme des retraites : fin du traitement continu\u00e9 pour les fonctionnaires au 1er juillet"}]},{"@type":"WebSite","@id":"https:\/\/www.toutsurmesfinances.com\/retraite\/#website","url":"https:\/\/www.toutsurmesfinances.com\/retraite\/","name":"Retraite","description":"","publisher":{"@id":"https:\/\/www.toutsurmesfinances.com\/retraite\/#organization"},"potentialAction":[{"@type":"SearchAction","target":{"@type":"EntryPoint","urlTemplate":"https:\/\/www.toutsurmesfinances.com\/retraite\/?s={search_term_string}"},"query-input":{"@type":"PropertyValueSpecification","valueRequired":true,"valueName":"search_term_string"}}],"inLanguage":"fr-FR"},{"@type":"Organization","@id":"https:\/\/www.toutsurmesfinances.com\/retraite\/#organization","name":"Tout Sur Mes Finances","url":"https:\/\/www.toutsurmesfinances.com\/retraite\/","logo":{"@type":"ImageObject","inLanguage":"fr-FR","@id":"https:\/\/www.toutsurmesfinances.com\/retraite\/#\/schema\/logo\/image\/","url":"https:\/\/www.toutsurmesfinances.com\/retraite\/wp-content\/uploads\/sites\/4\/2021\/01\/favicon.png","contentUrl":"https:\/\/www.toutsurmesfinances.com\/retraite\/wp-content\/uploads\/sites\/4\/2021\/01\/favicon.png","width":512,"height":512,"caption":"Tout Sur Mes Finances"},"image":{"@id":"https:\/\/www.toutsurmesfinances.com\/retraite\/#\/schema\/logo\/image\/"},"sameAs":["https:\/\/x.com\/Toutsur"]},{"@type":"Person","@id":"https:\/\/www.toutsurmesfinances.com\/retraite\/#\/schema\/person\/19a038f31d078d13966363e7ab7343c6","name":"L'\u00e9quipe de r\u00e9daction","image":{"@type":"ImageObject","inLanguage":"fr-FR","@id":"https:\/\/www.toutsurmesfinances.com\/retraite\/#\/schema\/person\/image\/","url":"https:\/\/secure.gravatar.com\/avatar\/5d078ff23d3ce7cd29bc258e76954673?s=96&d=mm&r=g","contentUrl":"https:\/\/secure.gravatar.com\/avatar\/5d078ff23d3ce7cd29bc258e76954673?s=96&d=mm&r=g","caption":"L'\u00e9quipe de r\u00e9daction"}}]}},"_links":{"self":[{"href":"https:\/\/www.toutsurmesfinances.com\/retraite\/wp-json\/wp\/v2\/posts\/16687","targetHints":{"allow":["GET"]}}],"collection":[{"href":"https:\/\/www.toutsurmesfinances.com\/retraite\/wp-json\/wp\/v2\/posts"}],"about":[{"href":"https:\/\/www.toutsurmesfinances.com\/retraite\/wp-json\/wp\/v2\/types\/post"}],"author":[{"embeddable":true,"href":"https:\/\/www.toutsurmesfinances.com\/retraite\/wp-json\/wp\/v2\/users\/13718"}],"replies":[{"embeddable":true,"href":"https:\/\/www.toutsurmesfinances.com\/retraite\/wp-json\/wp\/v2\/comments?post=16687"}],"version-history":[{"count":1,"href":"https:\/\/www.toutsurmesfinances.com\/retraite\/wp-json\/wp\/v2\/posts\/16687\/revisions"}],"predecessor-version":[{"id":25173,"href":"https:\/\/www.toutsurmesfinances.com\/retraite\/wp-json\/wp\/v2\/posts\/16687\/revisions\/25173"}],"wp:attachment":[{"href":"https:\/\/www.toutsurmesfinances.com\/retraite\/wp-json\/wp\/v2\/media?parent=16687"}],"wp:term":[{"taxonomy":"category","embeddable":true,"href":"https:\/\/www.toutsurmesfinances.com\/retraite\/wp-json\/wp\/v2\/categories?post=16687"},{"taxonomy":"post_tag","embeddable":true,"href":"https:\/\/www.toutsurmesfinances.com\/retraite\/wp-json\/wp\/v2\/tags?post=16687"}],"curies":[{"name":"wp","href":"https:\/\/api.w.org\/{rel}","templated":true}]}}