{"id":16759,"date":"2011-06-30T11:06:04","date_gmt":"2011-06-30T09:06:04","guid":{"rendered":"https:\/\/www.toutsurmesfinances.com\/retraite\/age-de-la-retraite-des-agents-de-la-fonction-publique-nes-en-1957-apres-la-reforme.html"},"modified":"2021-12-08T11:48:10","modified_gmt":"2021-12-08T10:48:10","slug":"age-de-la-retraite-des-agents-de-la-fonction-publique-nes-en-1957-apres-la-reforme","status":"publish","type":"post","link":"https:\/\/www.toutsurmesfinances.com\/retraite\/age-de-la-retraite-des-agents-de-la-fonction-publique-nes-en-1957-apres-la-reforme.html","title":{"rendered":"\u00c2ge de la retraite des agents de la fonction publique n\u00e9s en 1957 apr\u00e8s la r\u00e9forme"},"content":{"rendered":"<section class=\"l-section wpb_row height_small\"><div class=\"l-section-h i-cf\"><div class=\"g-cols vc_row via_flex valign_top type_default stacking_default\"><div class=\"vc_col-sm-12 wpb_column vc_column_container\"><div class=\"vc_column-inner\"><div class=\"wpb_wrapper\"><div class=\"wpb_text_column\"><div class=\"wpb_wrapper\"><p>Les tableaux ci-dessous d\u00e9taillent les bornes d&rsquo;\u00e2ge de la retraite apr\u00e8s l&rsquo;application de la loi, \u00e0 partir du 1er juillet 2011 : \u00e2ge l\u00e9gal de d\u00e9part, \u00e2ge d&rsquo;annulation de la d\u00e9cote et limite d&rsquo;\u00e2ge, mais aussi nombre de trimestres exig\u00e9s pour le taux plein et taux de d\u00e9cote.<\/p>\n<table style=\"margin-left: auto; margin-right: auto; border: #aeadad 2px solid;\" border=\"2\" cellspacing=\"0\" cellpadding=\"0\">\n<colgroup>\n<col width=\"270\" \/>\n<col width=\"210\" \/><\/colgroup>\n<tbody>\n<tr>\n<td width=\"270\"><strong>\u00a0Date de naissance<\/strong><\/td>\n<td align=\"middle\" width=\"210\"><strong>\u00a0en 1957\u00a0\u00a0<\/strong><\/td>\n<\/tr>\n<tr>\n<td>\u00a0Ann\u00e9e d&rsquo;atteinte de l&rsquo;\u00e2ge l\u00e9gal<\/td>\n<td align=\"middle\">2019<\/td>\n<\/tr>\n<tr>\n<td>\u00a0\u00c2ge l\u00e9gal de d\u00e9part<\/td>\n<td align=\"middle\">\u00a062 ans<\/td>\n<\/tr>\n<tr>\n<td>\u00a0Dur\u00e9e d&rsquo;assurance requise pour le taux plein<\/td>\n<td align=\"middle\">non connue **<\/td>\n<\/tr>\n<tr>\n<td>\u00a0\u00c2ge d&rsquo;annulation de la d\u00e9cote<\/td>\n<td align=\"middle\">\u00a066 ans et 9 mois<\/td>\n<\/tr>\n<tr>\n<td>\u00a0Taux de d\u00e9cote*<\/td>\n<td align=\"middle\">1,25%<\/td>\n<\/tr>\n<tr>\n<td>\u00a0Limite d&rsquo;\u00e2ge<\/td>\n<td align=\"middle\">\u00a067 ans<\/td>\n<\/tr>\n<\/tbody>\n<\/table>\n<p><span style=\"font-size: 8pt;\"><em>* par trimestre manquant<br \/>\n** Dur\u00e9e d&rsquo;assurance fix\u00e9e par d\u00e9cret \u00e0 para\u00eetre &#8211;\u00a0 projection du nombre de trimestres Snes-FSU : 166<\/em><\/span><\/p>\n<p><strong>Attention !<\/strong> Ces dispositions s&rsquo;appliquent aux <span style=\"text-decoration: underline;\">agents titulaires de cat\u00e9gorie s\u00e9dentaire des trois fonctions publiques<\/span> : fonction publique d&rsquo;Etat (FPE, affiliation au r\u00e9gime des services des retraites de l&rsquo;\u00c9tat), fonction publique territoriale (FPT, affiliation \u00e0 la CNRACL) et fonction publique hospitali\u00e8re (FPH, affiliation \u00e0 la CNRACL). Les agents relevant de la cat\u00e9gorie des \u00ab services actifs \u00bb ne sont pas concern\u00e9s.<\/p>\n<\/div><\/div><\/div><\/div><\/div><\/div><\/div><\/section>\n","protected":false},"excerpt":{"rendered":"<p>Si vous \u00eates un agent de la fonction\u00a0publique\u00a0n\u00e9(e) en 1957, la r\u00e9forme des retraites de 2010 a chang\u00e9 vos conditions d&rsquo;\u00e2ge de d\u00e9part \u00e0 la retraite : vous appartenez \u00e0 la deuxi\u00e8me g\u00e9n\u00e9ration (apr\u00e8s les agents n\u00e9s en 1956) pleinement touch\u00e9e par la r\u00e9forme de 2010 avec un \u00e2ge l\u00e9gal port\u00e9 \u00e0 62 ans contre 60 ans avant l&rsquo;entr\u00e9e en vigueur de la loi du 9 novembre 2010.<\/p>\n","protected":false},"author":13718,"featured_media":0,"comment_status":"closed","ping_status":"closed","sticky":false,"template":"","format":"standard","meta":{"footnotes":""},"categories":[13],"tags":[],"class_list":["post-16759","post","type-post","status-publish","format-standard","hentry","category-depart-a-la-retraite"],"acf":[],"yoast_head":"<!-- This site is optimized with the Yoast SEO plugin v24.9 - https:\/\/yoast.com\/wordpress\/plugins\/seo\/ -->\n<title>\u00c2ge de la retraite des agents de la fonction publique n\u00e9s en 1957 apr\u00e8s la r\u00e9forme<\/title>\n<meta name=\"description\" content=\"Si vous \u00eates un agent de la fonction publique n\u00e9(e) en 1957, la r\u00e9forme des retraites de 2010 a chang\u00e9 vos conditions d&#039;\u00e2ge de d\u00e9part \u00e0 la retraite : vous appartenez \u00e0 la deuxi\u00e8me g\u00e9n\u00e9ration (apr\u00e8s les agents n\u00e9s en 1956) pleinement touch\u00e9e par la r\u00e9forme\" \/>\n<meta name=\"robots\" content=\"index, follow, max-snippet:-1, max-image-preview:large, max-video-preview:-1\" \/>\n<link rel=\"canonical\" href=\"https:\/\/www.toutsurmesfinances.com\/retraite\/age-de-la-retraite-des-agents-de-la-fonction-publique-nes-en-1957-apres-la-reforme.html\" \/>\n<meta property=\"og:locale\" content=\"fr_FR\" \/>\n<meta property=\"og:type\" content=\"article\" \/>\n<meta property=\"og:title\" content=\"\u00c2ge de la retraite des agents de la fonction publique n\u00e9s en 1957 apr\u00e8s la r\u00e9forme\" \/>\n<meta property=\"og:description\" content=\"Si vous \u00eates un agent de la fonction publique n\u00e9(e) en 1957, la r\u00e9forme des retraites de 2010 a chang\u00e9 vos conditions d&#039;\u00e2ge de d\u00e9part \u00e0 la retraite : vous appartenez \u00e0 la deuxi\u00e8me g\u00e9n\u00e9ration (apr\u00e8s les agents n\u00e9s en 1956) pleinement touch\u00e9e par la r\u00e9forme\" \/>\n<meta property=\"og:url\" content=\"https:\/\/www.toutsurmesfinances.com\/retraite\/age-de-la-retraite-des-agents-de-la-fonction-publique-nes-en-1957-apres-la-reforme.html\" \/>\n<meta property=\"og:site_name\" content=\"Retraite\" \/>\n<meta property=\"article:published_time\" content=\"2011-06-30T09:06:04+00:00\" \/>\n<meta property=\"article:modified_time\" content=\"2021-12-08T10:48:10+00:00\" \/>\n<meta name=\"author\" content=\"L&#039;\u00e9quipe de r\u00e9daction\" \/>\n<meta name=\"twitter:card\" content=\"summary_large_image\" \/>\n<meta name=\"twitter:creator\" content=\"@Toutsur\" \/>\n<meta name=\"twitter:site\" content=\"@Toutsur\" \/>\n<meta name=\"twitter:label1\" content=\"\u00c9crit par\" \/>\n\t<meta name=\"twitter:data1\" content=\"L&#039;\u00e9quipe de r\u00e9daction\" \/>\n\t<meta name=\"twitter:label2\" content=\"Dur\u00e9e de lecture estim\u00e9e\" \/>\n\t<meta name=\"twitter:data2\" content=\"1 minute\" \/>\n<script type=\"application\/ld+json\" class=\"yoast-schema-graph\">{\"@context\":\"https:\/\/schema.org\",\"@graph\":[{\"@type\":\"Article\",\"@id\":\"https:\/\/www.toutsurmesfinances.com\/retraite\/age-de-la-retraite-des-agents-de-la-fonction-publique-nes-en-1957-apres-la-reforme.html#article\",\"isPartOf\":{\"@id\":\"https:\/\/www.toutsurmesfinances.com\/retraite\/age-de-la-retraite-des-agents-de-la-fonction-publique-nes-en-1957-apres-la-reforme.html\"},\"author\":{\"name\":\"L'\u00e9quipe de r\u00e9daction\",\"@id\":\"https:\/\/www.toutsurmesfinances.com\/retraite\/#\/schema\/person\/19a038f31d078d13966363e7ab7343c6\"},\"headline\":\"\u00c2ge de la retraite des agents de la fonction publique n\u00e9s en 1957 apr\u00e8s la r\u00e9forme\",\"dateModified\":\"2021-12-08T10:48:10+00:00\",\"mainEntityOfPage\":{\"@id\":\"https:\/\/www.toutsurmesfinances.com\/retraite\/age-de-la-retraite-des-agents-de-la-fonction-publique-nes-en-1957-apres-la-reforme.html\"},\"wordCount\":222,\"publisher\":{\"@id\":\"https:\/\/www.toutsurmesfinances.com\/retraite\/#organization\"},\"articleSection\":[\"D\u00e9part \u00e0 la retraite\"],\"inLanguage\":\"fr-FR\"},{\"@type\":\"WebPage\",\"@id\":\"https:\/\/www.toutsurmesfinances.com\/retraite\/age-de-la-retraite-des-agents-de-la-fonction-publique-nes-en-1957-apres-la-reforme.html\",\"url\":\"https:\/\/www.toutsurmesfinances.com\/retraite\/age-de-la-retraite-des-agents-de-la-fonction-publique-nes-en-1957-apres-la-reforme.html\",\"name\":\"\u00c2ge de la retraite des agents de la fonction publique n\u00e9s en 1957 apr\u00e8s la r\u00e9forme\",\"isPartOf\":{\"@id\":\"https:\/\/www.toutsurmesfinances.com\/retraite\/#website\"},\"dateModified\":\"2021-12-08T10:48:10+00:00\",\"description\":\"Si vous \u00eates un agent de la fonction publique n\u00e9(e) en 1957, la r\u00e9forme des retraites de 2010 a chang\u00e9 vos conditions d'\u00e2ge de d\u00e9part \u00e0 la retraite : vous appartenez \u00e0 la deuxi\u00e8me g\u00e9n\u00e9ration (apr\u00e8s les agents n\u00e9s en 1956) pleinement touch\u00e9e par la r\u00e9forme\",\"breadcrumb\":{\"@id\":\"https:\/\/www.toutsurmesfinances.com\/retraite\/age-de-la-retraite-des-agents-de-la-fonction-publique-nes-en-1957-apres-la-reforme.html#breadcrumb\"},\"inLanguage\":\"fr-FR\",\"potentialAction\":[{\"@type\":\"ReadAction\",\"target\":[\"https:\/\/www.toutsurmesfinances.com\/retraite\/age-de-la-retraite-des-agents-de-la-fonction-publique-nes-en-1957-apres-la-reforme.html\"]}]},{\"@type\":\"BreadcrumbList\",\"@id\":\"https:\/\/www.toutsurmesfinances.com\/retraite\/age-de-la-retraite-des-agents-de-la-fonction-publique-nes-en-1957-apres-la-reforme.html#breadcrumb\",\"itemListElement\":[{\"@type\":\"ListItem\",\"position\":1,\"name\":\"Accueil\",\"item\":\"https:\/\/www.toutsurmesfinances.com\/retraite\/\"},{\"@type\":\"ListItem\",\"position\":2,\"name\":\"Liquidation\",\"item\":\"https:\/\/www.toutsurmesfinances.com\/retraite\/c\/liquidation\"},{\"@type\":\"ListItem\",\"position\":3,\"name\":\"D\u00e9part \u00e0 la retraite\",\"item\":\"https:\/\/www.toutsurmesfinances.com\/retraite\/c\/depart-a-la-retraite\"},{\"@type\":\"ListItem\",\"position\":4,\"name\":\"\u00c2ge de la retraite des agents de la fonction publique n\u00e9s en 1957 apr\u00e8s la r\u00e9forme\"}]},{\"@type\":\"WebSite\",\"@id\":\"https:\/\/www.toutsurmesfinances.com\/retraite\/#website\",\"url\":\"https:\/\/www.toutsurmesfinances.com\/retraite\/\",\"name\":\"Retraite\",\"description\":\"\",\"publisher\":{\"@id\":\"https:\/\/www.toutsurmesfinances.com\/retraite\/#organization\"},\"potentialAction\":[{\"@type\":\"SearchAction\",\"target\":{\"@type\":\"EntryPoint\",\"urlTemplate\":\"https:\/\/www.toutsurmesfinances.com\/retraite\/?s={search_term_string}\"},\"query-input\":{\"@type\":\"PropertyValueSpecification\",\"valueRequired\":true,\"valueName\":\"search_term_string\"}}],\"inLanguage\":\"fr-FR\"},{\"@type\":\"Organization\",\"@id\":\"https:\/\/www.toutsurmesfinances.com\/retraite\/#organization\",\"name\":\"Tout Sur Mes Finances\",\"url\":\"https:\/\/www.toutsurmesfinances.com\/retraite\/\",\"logo\":{\"@type\":\"ImageObject\",\"inLanguage\":\"fr-FR\",\"@id\":\"https:\/\/www.toutsurmesfinances.com\/retraite\/#\/schema\/logo\/image\/\",\"url\":\"https:\/\/www.toutsurmesfinances.com\/retraite\/wp-content\/uploads\/sites\/4\/2021\/01\/favicon.png\",\"contentUrl\":\"https:\/\/www.toutsurmesfinances.com\/retraite\/wp-content\/uploads\/sites\/4\/2021\/01\/favicon.png\",\"width\":512,\"height\":512,\"caption\":\"Tout Sur Mes Finances\"},\"image\":{\"@id\":\"https:\/\/www.toutsurmesfinances.com\/retraite\/#\/schema\/logo\/image\/\"},\"sameAs\":[\"https:\/\/x.com\/Toutsur\"]},{\"@type\":\"Person\",\"@id\":\"https:\/\/www.toutsurmesfinances.com\/retraite\/#\/schema\/person\/19a038f31d078d13966363e7ab7343c6\",\"name\":\"L'\u00e9quipe de r\u00e9daction\",\"image\":{\"@type\":\"ImageObject\",\"inLanguage\":\"fr-FR\",\"@id\":\"https:\/\/www.toutsurmesfinances.com\/retraite\/#\/schema\/person\/image\/\",\"url\":\"https:\/\/secure.gravatar.com\/avatar\/5d078ff23d3ce7cd29bc258e76954673?s=96&d=mm&r=g\",\"contentUrl\":\"https:\/\/secure.gravatar.com\/avatar\/5d078ff23d3ce7cd29bc258e76954673?s=96&d=mm&r=g\",\"caption\":\"L'\u00e9quipe de r\u00e9daction\"}}]}<\/script>\n<!-- \/ Yoast SEO plugin. -->","yoast_head_json":{"title":"\u00c2ge de la retraite des agents de la fonction publique n\u00e9s en 1957 apr\u00e8s la r\u00e9forme","description":"Si vous \u00eates un agent de la fonction publique n\u00e9(e) en 1957, la r\u00e9forme des retraites de 2010 a chang\u00e9 vos conditions d'\u00e2ge de d\u00e9part \u00e0 la retraite : vous appartenez \u00e0 la deuxi\u00e8me g\u00e9n\u00e9ration (apr\u00e8s les agents n\u00e9s en 1956) pleinement touch\u00e9e par la r\u00e9forme","robots":{"index":"index","follow":"follow","max-snippet":"max-snippet:-1","max-image-preview":"max-image-preview:large","max-video-preview":"max-video-preview:-1"},"canonical":"https:\/\/www.toutsurmesfinances.com\/retraite\/age-de-la-retraite-des-agents-de-la-fonction-publique-nes-en-1957-apres-la-reforme.html","og_locale":"fr_FR","og_type":"article","og_title":"\u00c2ge de la retraite des agents de la fonction publique n\u00e9s en 1957 apr\u00e8s la r\u00e9forme","og_description":"Si vous \u00eates un agent de la fonction publique n\u00e9(e) en 1957, la r\u00e9forme des retraites de 2010 a chang\u00e9 vos conditions d'\u00e2ge de d\u00e9part \u00e0 la retraite : vous appartenez \u00e0 la deuxi\u00e8me g\u00e9n\u00e9ration (apr\u00e8s les agents n\u00e9s en 1956) pleinement touch\u00e9e par la r\u00e9forme","og_url":"https:\/\/www.toutsurmesfinances.com\/retraite\/age-de-la-retraite-des-agents-de-la-fonction-publique-nes-en-1957-apres-la-reforme.html","og_site_name":"Retraite","article_published_time":"2011-06-30T09:06:04+00:00","article_modified_time":"2021-12-08T10:48:10+00:00","author":"L'\u00e9quipe de r\u00e9daction","twitter_card":"summary_large_image","twitter_creator":"@Toutsur","twitter_site":"@Toutsur","twitter_misc":{"\u00c9crit par":"L'\u00e9quipe de r\u00e9daction","Dur\u00e9e de lecture estim\u00e9e":"1 minute"},"schema":{"@context":"https:\/\/schema.org","@graph":[{"@type":"Article","@id":"https:\/\/www.toutsurmesfinances.com\/retraite\/age-de-la-retraite-des-agents-de-la-fonction-publique-nes-en-1957-apres-la-reforme.html#article","isPartOf":{"@id":"https:\/\/www.toutsurmesfinances.com\/retraite\/age-de-la-retraite-des-agents-de-la-fonction-publique-nes-en-1957-apres-la-reforme.html"},"author":{"name":"L'\u00e9quipe de r\u00e9daction","@id":"https:\/\/www.toutsurmesfinances.com\/retraite\/#\/schema\/person\/19a038f31d078d13966363e7ab7343c6"},"headline":"\u00c2ge de la retraite des agents de la fonction publique n\u00e9s en 1957 apr\u00e8s la r\u00e9forme","dateModified":"2021-12-08T10:48:10+00:00","mainEntityOfPage":{"@id":"https:\/\/www.toutsurmesfinances.com\/retraite\/age-de-la-retraite-des-agents-de-la-fonction-publique-nes-en-1957-apres-la-reforme.html"},"wordCount":222,"publisher":{"@id":"https:\/\/www.toutsurmesfinances.com\/retraite\/#organization"},"articleSection":["D\u00e9part \u00e0 la retraite"],"inLanguage":"fr-FR"},{"@type":"WebPage","@id":"https:\/\/www.toutsurmesfinances.com\/retraite\/age-de-la-retraite-des-agents-de-la-fonction-publique-nes-en-1957-apres-la-reforme.html","url":"https:\/\/www.toutsurmesfinances.com\/retraite\/age-de-la-retraite-des-agents-de-la-fonction-publique-nes-en-1957-apres-la-reforme.html","name":"\u00c2ge de la retraite des agents de la fonction publique n\u00e9s en 1957 apr\u00e8s la r\u00e9forme","isPartOf":{"@id":"https:\/\/www.toutsurmesfinances.com\/retraite\/#website"},"dateModified":"2021-12-08T10:48:10+00:00","description":"Si vous \u00eates un agent de la fonction publique n\u00e9(e) en 1957, la r\u00e9forme des retraites de 2010 a chang\u00e9 vos conditions d'\u00e2ge de d\u00e9part \u00e0 la retraite : vous appartenez \u00e0 la deuxi\u00e8me g\u00e9n\u00e9ration (apr\u00e8s les agents n\u00e9s en 1956) pleinement touch\u00e9e par la r\u00e9forme","breadcrumb":{"@id":"https:\/\/www.toutsurmesfinances.com\/retraite\/age-de-la-retraite-des-agents-de-la-fonction-publique-nes-en-1957-apres-la-reforme.html#breadcrumb"},"inLanguage":"fr-FR","potentialAction":[{"@type":"ReadAction","target":["https:\/\/www.toutsurmesfinances.com\/retraite\/age-de-la-retraite-des-agents-de-la-fonction-publique-nes-en-1957-apres-la-reforme.html"]}]},{"@type":"BreadcrumbList","@id":"https:\/\/www.toutsurmesfinances.com\/retraite\/age-de-la-retraite-des-agents-de-la-fonction-publique-nes-en-1957-apres-la-reforme.html#breadcrumb","itemListElement":[{"@type":"ListItem","position":1,"name":"Accueil","item":"https:\/\/www.toutsurmesfinances.com\/retraite\/"},{"@type":"ListItem","position":2,"name":"Liquidation","item":"https:\/\/www.toutsurmesfinances.com\/retraite\/c\/liquidation"},{"@type":"ListItem","position":3,"name":"D\u00e9part \u00e0 la retraite","item":"https:\/\/www.toutsurmesfinances.com\/retraite\/c\/depart-a-la-retraite"},{"@type":"ListItem","position":4,"name":"\u00c2ge de la retraite des agents de la fonction publique n\u00e9s en 1957 apr\u00e8s la r\u00e9forme"}]},{"@type":"WebSite","@id":"https:\/\/www.toutsurmesfinances.com\/retraite\/#website","url":"https:\/\/www.toutsurmesfinances.com\/retraite\/","name":"Retraite","description":"","publisher":{"@id":"https:\/\/www.toutsurmesfinances.com\/retraite\/#organization"},"potentialAction":[{"@type":"SearchAction","target":{"@type":"EntryPoint","urlTemplate":"https:\/\/www.toutsurmesfinances.com\/retraite\/?s={search_term_string}"},"query-input":{"@type":"PropertyValueSpecification","valueRequired":true,"valueName":"search_term_string"}}],"inLanguage":"fr-FR"},{"@type":"Organization","@id":"https:\/\/www.toutsurmesfinances.com\/retraite\/#organization","name":"Tout Sur Mes Finances","url":"https:\/\/www.toutsurmesfinances.com\/retraite\/","logo":{"@type":"ImageObject","inLanguage":"fr-FR","@id":"https:\/\/www.toutsurmesfinances.com\/retraite\/#\/schema\/logo\/image\/","url":"https:\/\/www.toutsurmesfinances.com\/retraite\/wp-content\/uploads\/sites\/4\/2021\/01\/favicon.png","contentUrl":"https:\/\/www.toutsurmesfinances.com\/retraite\/wp-content\/uploads\/sites\/4\/2021\/01\/favicon.png","width":512,"height":512,"caption":"Tout Sur Mes Finances"},"image":{"@id":"https:\/\/www.toutsurmesfinances.com\/retraite\/#\/schema\/logo\/image\/"},"sameAs":["https:\/\/x.com\/Toutsur"]},{"@type":"Person","@id":"https:\/\/www.toutsurmesfinances.com\/retraite\/#\/schema\/person\/19a038f31d078d13966363e7ab7343c6","name":"L'\u00e9quipe de r\u00e9daction","image":{"@type":"ImageObject","inLanguage":"fr-FR","@id":"https:\/\/www.toutsurmesfinances.com\/retraite\/#\/schema\/person\/image\/","url":"https:\/\/secure.gravatar.com\/avatar\/5d078ff23d3ce7cd29bc258e76954673?s=96&d=mm&r=g","contentUrl":"https:\/\/secure.gravatar.com\/avatar\/5d078ff23d3ce7cd29bc258e76954673?s=96&d=mm&r=g","caption":"L'\u00e9quipe de r\u00e9daction"}}]}},"_links":{"self":[{"href":"https:\/\/www.toutsurmesfinances.com\/retraite\/wp-json\/wp\/v2\/posts\/16759","targetHints":{"allow":["GET"]}}],"collection":[{"href":"https:\/\/www.toutsurmesfinances.com\/retraite\/wp-json\/wp\/v2\/posts"}],"about":[{"href":"https:\/\/www.toutsurmesfinances.com\/retraite\/wp-json\/wp\/v2\/types\/post"}],"author":[{"embeddable":true,"href":"https:\/\/www.toutsurmesfinances.com\/retraite\/wp-json\/wp\/v2\/users\/13718"}],"replies":[{"embeddable":true,"href":"https:\/\/www.toutsurmesfinances.com\/retraite\/wp-json\/wp\/v2\/comments?post=16759"}],"version-history":[{"count":2,"href":"https:\/\/www.toutsurmesfinances.com\/retraite\/wp-json\/wp\/v2\/posts\/16759\/revisions"}],"predecessor-version":[{"id":30361,"href":"https:\/\/www.toutsurmesfinances.com\/retraite\/wp-json\/wp\/v2\/posts\/16759\/revisions\/30361"}],"wp:attachment":[{"href":"https:\/\/www.toutsurmesfinances.com\/retraite\/wp-json\/wp\/v2\/media?parent=16759"}],"wp:term":[{"taxonomy":"category","embeddable":true,"href":"https:\/\/www.toutsurmesfinances.com\/retraite\/wp-json\/wp\/v2\/categories?post=16759"},{"taxonomy":"post_tag","embeddable":true,"href":"https:\/\/www.toutsurmesfinances.com\/retraite\/wp-json\/wp\/v2\/tags?post=16759"}],"curies":[{"name":"wp","href":"https:\/\/api.w.org\/{rel}","templated":true}]}}