{"id":16793,"date":"2011-07-01T14:02:59","date_gmt":"2011-07-01T12:02:59","guid":{"rendered":"https:\/\/www.toutsurmesfinances.com\/retraite\/cnav-agirc-arrco-msa-rsi-ircantec-cnavpl-les-regimes-concernes-par-la-fin-de-la-retraite-a-60-ans.html"},"modified":"2021-12-08T13:54:11","modified_gmt":"2021-12-08T12:54:11","slug":"cnav-agirc-arrco-msa-rsi-ircantec-cnavpl-les-regimes-concernes-par-la-fin-de-la-retraite-a-60-ans","status":"publish","type":"post","link":"https:\/\/www.toutsurmesfinances.com\/retraite\/cnav-agirc-arrco-msa-rsi-ircantec-cnavpl-les-regimes-concernes-par-la-fin-de-la-retraite-a-60-ans.html","title":{"rendered":"Cnav, Agirc, Arrco, MSA, RSI, Ircantec, CNAVPL\u2026 : les r\u00e9gimes concern\u00e9s par la fin de la retraite \u00e0 60 ans"},"content":{"rendered":"<section class=\"l-section wpb_row height_small\"><div class=\"l-section-h i-cf\"><div class=\"g-cols vc_row via_flex valign_top type_default stacking_default\"><div class=\"vc_col-sm-12 wpb_column vc_column_container\"><div class=\"vc_column-inner\"><div class=\"wpb_wrapper\"><div class=\"wpb_text_column\"><div class=\"wpb_wrapper\"><p>Le recul de l&rsquo;\u00e2ge l\u00e9gal de la retraite, de 60 ans avant la r\u00e9forme, \u00e0 62 ans \u00e0 partir de 2018 pour les personnes n\u00e9es \u00e0 partir du 1er janvier 1956, concerne la retraite du r\u00e9gime g\u00e9n\u00e9ral de la s\u00e9curit\u00e9 sociale g\u00e9r\u00e9 par la Caisse nationale d&rsquo;assurance vieillesse (Cnav)\u00a0au niveau national. Celle-ci joue aussi le r\u00f4le de caisse r\u00e9gionale dans les 8 d\u00e9partements de r\u00e9gion parisienne. La loi est \u00e9galement applicable \u00e0 son r\u00e9seau d&rsquo;organismes locaux que sont la Crav en Alsace-Moselle, les Carsat dans les autres r\u00e9gions de France m\u00e9tropolitaine et les CGSS dans les DOM.<\/p>\n<p>Sont ainsi concern\u00e9s l&rsquo;ensemble des salari\u00e9s cadres et non cadres de l&rsquo;industrie, du commerce et des services mais aussi les agents non titulaires de l&rsquo;\u00c9tat ou des collectivit\u00e9s locales, y compris les assur\u00e9s qui b\u00e9n\u00e9ficient d&rsquo;une retraite au titre de l&rsquo;inaptitude. Le recul des bornes d&rsquo;\u00e2ge a \u00e9t\u00e9 transpos\u00e9 au r\u00e9gime compl\u00e9mentaire des salari\u00e9s du priv\u00e9, non cadres (Arrco) et cadres (Agirc) et des agentes non titulaires de l&rsquo;Etat et des collectivit\u00e9s locales (Ircantec).<\/p>\n<p><strong>Exception pour les r\u00e9gimes sp\u00e9ciaux<\/strong><\/p>\n<p>Mais le recul progressif de l&rsquo;\u00e2ge d&rsquo;ouverture du droit \u00e0 pension (4 mois suppl\u00e9mentaires par g\u00e9n\u00e9ration) concerne aussi les r\u00e9gimes dits align\u00e9s sur la Cnav que sont le RSI (ex Ava et Organic), r\u00e9gime des artisans et commer\u00e7ants la MSA pour les salari\u00e9s et chefs d&rsquo;exploitation agricole.<\/p>\n<p>Les professions lib\u00e9rales dont la retraite est g\u00e9r\u00e9e par une caisse nationale, la CNAVPL, et dix sections professionnelles (CRN, CAVOM, CARMF, CARCDSF, CAVP, CARPV, CAVAMAC, CARPIMKO, CAVEC, CIPAV) sont \u00e9galement soumises de mani\u00e8re identique aux nouvelles conditions d&rsquo;\u00e2ge que les salari\u00e9s du secteur priv\u00e9.<\/p>\n<p>Enfin, s&rsquo;agissant des fonctionnaires, l&rsquo;\u00e2ge minimum d&rsquo;ouverture du droit \u00e0 pension est identique aux salari\u00e9s du secteur priv\u00e9 pour les agents en cat\u00e9gorie s\u00e9dentaire. Les agents en cat\u00e9gorie active (policiers, contr\u00f4leurs a\u00e9riens, etc.) et les militaires conservent un \u00e2ge de d\u00e9part anticip\u00e9 mais voient \u00e9galement leur \u00e2ge d&rsquo;ouverture des droits augment\u00e9 d&rsquo;un quatrimestre par an, au m\u00eame rythme que les autres r\u00e9gimes.<\/p>\n<\/div><\/div><\/div><\/div><\/div><\/div><\/div><\/section>\n","protected":false},"excerpt":{"rendered":"<p>La plupart des r\u00e9gimes de retraite sont vis\u00e9s par le rel\u00e8vement progressif de l&rsquo;\u00e2ge d&rsquo;ouverture des droits \u00e0 pension de retraite de 60 \u00e0 62 ans pr\u00e9vu par la loi n\u00b0 2010-1330 du 9 novembre 2010 portant r\u00e9forme des retraites.<\/p>\n","protected":false},"author":13718,"featured_media":0,"comment_status":"closed","ping_status":"closed","sticky":false,"template":"","format":"standard","meta":{"footnotes":""},"categories":[7],"tags":[],"class_list":["post-16793","post","type-post","status-publish","format-standard","hentry","category-reforme-des-retraites"],"acf":[],"yoast_head":"<!-- This site is optimized with the Yoast SEO plugin v24.9 - https:\/\/yoast.com\/wordpress\/plugins\/seo\/ -->\n<title>Cnav, Agirc, Arrco, MSA, RSI, Ircantec, CNAVPL\u2026 : les r\u00e9gimes concern\u00e9s par la fin de la retraite \u00e0 60 ans<\/title>\n<meta name=\"description\" content=\"La plupart des r\u00e9gimes de retraite sont vis\u00e9s par le rel\u00e8vement progressif de l&#039;\u00e2ge d&#039;ouverture des droits \u00e0 pension de retraite de 60 \u00e0 62 ans pr\u00e9vu par la loi n\u00b0 2010-1330 du 9 novembre 2010 portant r\u00e9forme des retraites.\" \/>\n<meta name=\"robots\" content=\"index, follow, max-snippet:-1, max-image-preview:large, max-video-preview:-1\" \/>\n<link rel=\"canonical\" href=\"https:\/\/www.toutsurmesfinances.com\/retraite\/cnav-agirc-arrco-msa-rsi-ircantec-cnavpl-les-regimes-concernes-par-la-fin-de-la-retraite-a-60-ans.html\" \/>\n<meta property=\"og:locale\" content=\"fr_FR\" \/>\n<meta property=\"og:type\" content=\"article\" \/>\n<meta property=\"og:title\" content=\"Cnav, Agirc, Arrco, MSA, RSI, Ircantec, CNAVPL\u2026 : les r\u00e9gimes concern\u00e9s par la fin de la retraite \u00e0 60 ans\" \/>\n<meta property=\"og:description\" content=\"La plupart des r\u00e9gimes de retraite sont vis\u00e9s par le rel\u00e8vement progressif de l&#039;\u00e2ge d&#039;ouverture des droits \u00e0 pension de retraite de 60 \u00e0 62 ans pr\u00e9vu par la loi n\u00b0 2010-1330 du 9 novembre 2010 portant r\u00e9forme des retraites.\" \/>\n<meta property=\"og:url\" content=\"https:\/\/www.toutsurmesfinances.com\/retraite\/cnav-agirc-arrco-msa-rsi-ircantec-cnavpl-les-regimes-concernes-par-la-fin-de-la-retraite-a-60-ans.html\" \/>\n<meta property=\"og:site_name\" content=\"Retraite\" \/>\n<meta property=\"article:published_time\" content=\"2011-07-01T12:02:59+00:00\" \/>\n<meta property=\"article:modified_time\" content=\"2021-12-08T12:54:11+00:00\" \/>\n<meta name=\"author\" content=\"L&#039;\u00e9quipe de r\u00e9daction\" \/>\n<meta name=\"twitter:card\" content=\"summary_large_image\" \/>\n<meta name=\"twitter:creator\" content=\"@Toutsur\" \/>\n<meta name=\"twitter:site\" content=\"@Toutsur\" \/>\n<meta name=\"twitter:label1\" content=\"\u00c9crit par\" \/>\n\t<meta name=\"twitter:data1\" content=\"L&#039;\u00e9quipe de r\u00e9daction\" \/>\n\t<meta name=\"twitter:label2\" content=\"Dur\u00e9e de lecture estim\u00e9e\" \/>\n\t<meta name=\"twitter:data2\" content=\"2 minutes\" \/>\n<script type=\"application\/ld+json\" class=\"yoast-schema-graph\">{\"@context\":\"https:\/\/schema.org\",\"@graph\":[{\"@type\":\"Article\",\"@id\":\"https:\/\/www.toutsurmesfinances.com\/retraite\/cnav-agirc-arrco-msa-rsi-ircantec-cnavpl-les-regimes-concernes-par-la-fin-de-la-retraite-a-60-ans.html#article\",\"isPartOf\":{\"@id\":\"https:\/\/www.toutsurmesfinances.com\/retraite\/cnav-agirc-arrco-msa-rsi-ircantec-cnavpl-les-regimes-concernes-par-la-fin-de-la-retraite-a-60-ans.html\"},\"author\":{\"name\":\"L'\u00e9quipe de r\u00e9daction\",\"@id\":\"https:\/\/www.toutsurmesfinances.com\/retraite\/#\/schema\/person\/19a038f31d078d13966363e7ab7343c6\"},\"headline\":\"Cnav, Agirc, Arrco, MSA, RSI, Ircantec, CNAVPL\u2026 : les r\u00e9gimes concern\u00e9s par la fin de la retraite \u00e0 60 ans\",\"dateModified\":\"2021-12-08T12:54:11+00:00\",\"mainEntityOfPage\":{\"@id\":\"https:\/\/www.toutsurmesfinances.com\/retraite\/cnav-agirc-arrco-msa-rsi-ircantec-cnavpl-les-regimes-concernes-par-la-fin-de-la-retraite-a-60-ans.html\"},\"wordCount\":419,\"publisher\":{\"@id\":\"https:\/\/www.toutsurmesfinances.com\/retraite\/#organization\"},\"articleSection\":[\"R\u00e9forme des retraites\"],\"inLanguage\":\"fr-FR\"},{\"@type\":\"WebPage\",\"@id\":\"https:\/\/www.toutsurmesfinances.com\/retraite\/cnav-agirc-arrco-msa-rsi-ircantec-cnavpl-les-regimes-concernes-par-la-fin-de-la-retraite-a-60-ans.html\",\"url\":\"https:\/\/www.toutsurmesfinances.com\/retraite\/cnav-agirc-arrco-msa-rsi-ircantec-cnavpl-les-regimes-concernes-par-la-fin-de-la-retraite-a-60-ans.html\",\"name\":\"Cnav, Agirc, Arrco, MSA, RSI, Ircantec, CNAVPL\u2026 : les r\u00e9gimes concern\u00e9s par la fin de la retraite \u00e0 60 ans\",\"isPartOf\":{\"@id\":\"https:\/\/www.toutsurmesfinances.com\/retraite\/#website\"},\"dateModified\":\"2021-12-08T12:54:11+00:00\",\"description\":\"La plupart des r\u00e9gimes de retraite sont vis\u00e9s par le rel\u00e8vement progressif de l'\u00e2ge d'ouverture des droits \u00e0 pension de retraite de 60 \u00e0 62 ans pr\u00e9vu par la loi n\u00b0 2010-1330 du 9 novembre 2010 portant r\u00e9forme des retraites.\",\"breadcrumb\":{\"@id\":\"https:\/\/www.toutsurmesfinances.com\/retraite\/cnav-agirc-arrco-msa-rsi-ircantec-cnavpl-les-regimes-concernes-par-la-fin-de-la-retraite-a-60-ans.html#breadcrumb\"},\"inLanguage\":\"fr-FR\",\"potentialAction\":[{\"@type\":\"ReadAction\",\"target\":[\"https:\/\/www.toutsurmesfinances.com\/retraite\/cnav-agirc-arrco-msa-rsi-ircantec-cnavpl-les-regimes-concernes-par-la-fin-de-la-retraite-a-60-ans.html\"]}]},{\"@type\":\"BreadcrumbList\",\"@id\":\"https:\/\/www.toutsurmesfinances.com\/retraite\/cnav-agirc-arrco-msa-rsi-ircantec-cnavpl-les-regimes-concernes-par-la-fin-de-la-retraite-a-60-ans.html#breadcrumb\",\"itemListElement\":[{\"@type\":\"ListItem\",\"position\":1,\"name\":\"Accueil\",\"item\":\"https:\/\/www.toutsurmesfinances.com\/retraite\/\"},{\"@type\":\"ListItem\",\"position\":2,\"name\":\"R\u00e9forme\",\"item\":\"https:\/\/www.toutsurmesfinances.com\/retraite\/c\/reforme\"},{\"@type\":\"ListItem\",\"position\":3,\"name\":\"R\u00e9forme des retraites\",\"item\":\"https:\/\/www.toutsurmesfinances.com\/retraite\/c\/reforme-des-retraites\"},{\"@type\":\"ListItem\",\"position\":4,\"name\":\"Cnav, Agirc, Arrco, MSA, RSI, Ircantec, CNAVPL\u2026 : les r\u00e9gimes concern\u00e9s par la fin de la retraite \u00e0 60 ans\"}]},{\"@type\":\"WebSite\",\"@id\":\"https:\/\/www.toutsurmesfinances.com\/retraite\/#website\",\"url\":\"https:\/\/www.toutsurmesfinances.com\/retraite\/\",\"name\":\"Retraite\",\"description\":\"\",\"publisher\":{\"@id\":\"https:\/\/www.toutsurmesfinances.com\/retraite\/#organization\"},\"potentialAction\":[{\"@type\":\"SearchAction\",\"target\":{\"@type\":\"EntryPoint\",\"urlTemplate\":\"https:\/\/www.toutsurmesfinances.com\/retraite\/?s={search_term_string}\"},\"query-input\":{\"@type\":\"PropertyValueSpecification\",\"valueRequired\":true,\"valueName\":\"search_term_string\"}}],\"inLanguage\":\"fr-FR\"},{\"@type\":\"Organization\",\"@id\":\"https:\/\/www.toutsurmesfinances.com\/retraite\/#organization\",\"name\":\"Tout Sur Mes Finances\",\"url\":\"https:\/\/www.toutsurmesfinances.com\/retraite\/\",\"logo\":{\"@type\":\"ImageObject\",\"inLanguage\":\"fr-FR\",\"@id\":\"https:\/\/www.toutsurmesfinances.com\/retraite\/#\/schema\/logo\/image\/\",\"url\":\"https:\/\/www.toutsurmesfinances.com\/retraite\/wp-content\/uploads\/sites\/4\/2021\/01\/favicon.png\",\"contentUrl\":\"https:\/\/www.toutsurmesfinances.com\/retraite\/wp-content\/uploads\/sites\/4\/2021\/01\/favicon.png\",\"width\":512,\"height\":512,\"caption\":\"Tout Sur Mes Finances\"},\"image\":{\"@id\":\"https:\/\/www.toutsurmesfinances.com\/retraite\/#\/schema\/logo\/image\/\"},\"sameAs\":[\"https:\/\/x.com\/Toutsur\"]},{\"@type\":\"Person\",\"@id\":\"https:\/\/www.toutsurmesfinances.com\/retraite\/#\/schema\/person\/19a038f31d078d13966363e7ab7343c6\",\"name\":\"L'\u00e9quipe de r\u00e9daction\",\"image\":{\"@type\":\"ImageObject\",\"inLanguage\":\"fr-FR\",\"@id\":\"https:\/\/www.toutsurmesfinances.com\/retraite\/#\/schema\/person\/image\/\",\"url\":\"https:\/\/secure.gravatar.com\/avatar\/5d078ff23d3ce7cd29bc258e76954673?s=96&d=mm&r=g\",\"contentUrl\":\"https:\/\/secure.gravatar.com\/avatar\/5d078ff23d3ce7cd29bc258e76954673?s=96&d=mm&r=g\",\"caption\":\"L'\u00e9quipe de r\u00e9daction\"}}]}<\/script>\n<!-- \/ Yoast SEO plugin. -->","yoast_head_json":{"title":"Cnav, Agirc, Arrco, MSA, RSI, Ircantec, CNAVPL\u2026 : les r\u00e9gimes concern\u00e9s par la fin de la retraite \u00e0 60 ans","description":"La plupart des r\u00e9gimes de retraite sont vis\u00e9s par le rel\u00e8vement progressif de l'\u00e2ge d'ouverture des droits \u00e0 pension de retraite de 60 \u00e0 62 ans pr\u00e9vu par la loi n\u00b0 2010-1330 du 9 novembre 2010 portant r\u00e9forme des retraites.","robots":{"index":"index","follow":"follow","max-snippet":"max-snippet:-1","max-image-preview":"max-image-preview:large","max-video-preview":"max-video-preview:-1"},"canonical":"https:\/\/www.toutsurmesfinances.com\/retraite\/cnav-agirc-arrco-msa-rsi-ircantec-cnavpl-les-regimes-concernes-par-la-fin-de-la-retraite-a-60-ans.html","og_locale":"fr_FR","og_type":"article","og_title":"Cnav, Agirc, Arrco, MSA, RSI, Ircantec, CNAVPL\u2026 : les r\u00e9gimes concern\u00e9s par la fin de la retraite \u00e0 60 ans","og_description":"La plupart des r\u00e9gimes de retraite sont vis\u00e9s par le rel\u00e8vement progressif de l'\u00e2ge d'ouverture des droits \u00e0 pension de retraite de 60 \u00e0 62 ans pr\u00e9vu par la loi n\u00b0 2010-1330 du 9 novembre 2010 portant r\u00e9forme des retraites.","og_url":"https:\/\/www.toutsurmesfinances.com\/retraite\/cnav-agirc-arrco-msa-rsi-ircantec-cnavpl-les-regimes-concernes-par-la-fin-de-la-retraite-a-60-ans.html","og_site_name":"Retraite","article_published_time":"2011-07-01T12:02:59+00:00","article_modified_time":"2021-12-08T12:54:11+00:00","author":"L'\u00e9quipe de r\u00e9daction","twitter_card":"summary_large_image","twitter_creator":"@Toutsur","twitter_site":"@Toutsur","twitter_misc":{"\u00c9crit par":"L'\u00e9quipe de r\u00e9daction","Dur\u00e9e de lecture estim\u00e9e":"2 minutes"},"schema":{"@context":"https:\/\/schema.org","@graph":[{"@type":"Article","@id":"https:\/\/www.toutsurmesfinances.com\/retraite\/cnav-agirc-arrco-msa-rsi-ircantec-cnavpl-les-regimes-concernes-par-la-fin-de-la-retraite-a-60-ans.html#article","isPartOf":{"@id":"https:\/\/www.toutsurmesfinances.com\/retraite\/cnav-agirc-arrco-msa-rsi-ircantec-cnavpl-les-regimes-concernes-par-la-fin-de-la-retraite-a-60-ans.html"},"author":{"name":"L'\u00e9quipe de r\u00e9daction","@id":"https:\/\/www.toutsurmesfinances.com\/retraite\/#\/schema\/person\/19a038f31d078d13966363e7ab7343c6"},"headline":"Cnav, Agirc, Arrco, MSA, RSI, Ircantec, CNAVPL\u2026 : les r\u00e9gimes concern\u00e9s par la fin de la retraite \u00e0 60 ans","dateModified":"2021-12-08T12:54:11+00:00","mainEntityOfPage":{"@id":"https:\/\/www.toutsurmesfinances.com\/retraite\/cnav-agirc-arrco-msa-rsi-ircantec-cnavpl-les-regimes-concernes-par-la-fin-de-la-retraite-a-60-ans.html"},"wordCount":419,"publisher":{"@id":"https:\/\/www.toutsurmesfinances.com\/retraite\/#organization"},"articleSection":["R\u00e9forme des retraites"],"inLanguage":"fr-FR"},{"@type":"WebPage","@id":"https:\/\/www.toutsurmesfinances.com\/retraite\/cnav-agirc-arrco-msa-rsi-ircantec-cnavpl-les-regimes-concernes-par-la-fin-de-la-retraite-a-60-ans.html","url":"https:\/\/www.toutsurmesfinances.com\/retraite\/cnav-agirc-arrco-msa-rsi-ircantec-cnavpl-les-regimes-concernes-par-la-fin-de-la-retraite-a-60-ans.html","name":"Cnav, Agirc, Arrco, MSA, RSI, Ircantec, CNAVPL\u2026 : les r\u00e9gimes concern\u00e9s par la fin de la retraite \u00e0 60 ans","isPartOf":{"@id":"https:\/\/www.toutsurmesfinances.com\/retraite\/#website"},"dateModified":"2021-12-08T12:54:11+00:00","description":"La plupart des r\u00e9gimes de retraite sont vis\u00e9s par le rel\u00e8vement progressif de l'\u00e2ge d'ouverture des droits \u00e0 pension de retraite de 60 \u00e0 62 ans pr\u00e9vu par la loi n\u00b0 2010-1330 du 9 novembre 2010 portant r\u00e9forme des retraites.","breadcrumb":{"@id":"https:\/\/www.toutsurmesfinances.com\/retraite\/cnav-agirc-arrco-msa-rsi-ircantec-cnavpl-les-regimes-concernes-par-la-fin-de-la-retraite-a-60-ans.html#breadcrumb"},"inLanguage":"fr-FR","potentialAction":[{"@type":"ReadAction","target":["https:\/\/www.toutsurmesfinances.com\/retraite\/cnav-agirc-arrco-msa-rsi-ircantec-cnavpl-les-regimes-concernes-par-la-fin-de-la-retraite-a-60-ans.html"]}]},{"@type":"BreadcrumbList","@id":"https:\/\/www.toutsurmesfinances.com\/retraite\/cnav-agirc-arrco-msa-rsi-ircantec-cnavpl-les-regimes-concernes-par-la-fin-de-la-retraite-a-60-ans.html#breadcrumb","itemListElement":[{"@type":"ListItem","position":1,"name":"Accueil","item":"https:\/\/www.toutsurmesfinances.com\/retraite\/"},{"@type":"ListItem","position":2,"name":"R\u00e9forme","item":"https:\/\/www.toutsurmesfinances.com\/retraite\/c\/reforme"},{"@type":"ListItem","position":3,"name":"R\u00e9forme des retraites","item":"https:\/\/www.toutsurmesfinances.com\/retraite\/c\/reforme-des-retraites"},{"@type":"ListItem","position":4,"name":"Cnav, Agirc, Arrco, MSA, RSI, Ircantec, CNAVPL\u2026 : les r\u00e9gimes concern\u00e9s par la fin de la retraite \u00e0 60 ans"}]},{"@type":"WebSite","@id":"https:\/\/www.toutsurmesfinances.com\/retraite\/#website","url":"https:\/\/www.toutsurmesfinances.com\/retraite\/","name":"Retraite","description":"","publisher":{"@id":"https:\/\/www.toutsurmesfinances.com\/retraite\/#organization"},"potentialAction":[{"@type":"SearchAction","target":{"@type":"EntryPoint","urlTemplate":"https:\/\/www.toutsurmesfinances.com\/retraite\/?s={search_term_string}"},"query-input":{"@type":"PropertyValueSpecification","valueRequired":true,"valueName":"search_term_string"}}],"inLanguage":"fr-FR"},{"@type":"Organization","@id":"https:\/\/www.toutsurmesfinances.com\/retraite\/#organization","name":"Tout Sur Mes Finances","url":"https:\/\/www.toutsurmesfinances.com\/retraite\/","logo":{"@type":"ImageObject","inLanguage":"fr-FR","@id":"https:\/\/www.toutsurmesfinances.com\/retraite\/#\/schema\/logo\/image\/","url":"https:\/\/www.toutsurmesfinances.com\/retraite\/wp-content\/uploads\/sites\/4\/2021\/01\/favicon.png","contentUrl":"https:\/\/www.toutsurmesfinances.com\/retraite\/wp-content\/uploads\/sites\/4\/2021\/01\/favicon.png","width":512,"height":512,"caption":"Tout Sur Mes Finances"},"image":{"@id":"https:\/\/www.toutsurmesfinances.com\/retraite\/#\/schema\/logo\/image\/"},"sameAs":["https:\/\/x.com\/Toutsur"]},{"@type":"Person","@id":"https:\/\/www.toutsurmesfinances.com\/retraite\/#\/schema\/person\/19a038f31d078d13966363e7ab7343c6","name":"L'\u00e9quipe de r\u00e9daction","image":{"@type":"ImageObject","inLanguage":"fr-FR","@id":"https:\/\/www.toutsurmesfinances.com\/retraite\/#\/schema\/person\/image\/","url":"https:\/\/secure.gravatar.com\/avatar\/5d078ff23d3ce7cd29bc258e76954673?s=96&d=mm&r=g","contentUrl":"https:\/\/secure.gravatar.com\/avatar\/5d078ff23d3ce7cd29bc258e76954673?s=96&d=mm&r=g","caption":"L'\u00e9quipe de r\u00e9daction"}}]}},"_links":{"self":[{"href":"https:\/\/www.toutsurmesfinances.com\/retraite\/wp-json\/wp\/v2\/posts\/16793","targetHints":{"allow":["GET"]}}],"collection":[{"href":"https:\/\/www.toutsurmesfinances.com\/retraite\/wp-json\/wp\/v2\/posts"}],"about":[{"href":"https:\/\/www.toutsurmesfinances.com\/retraite\/wp-json\/wp\/v2\/types\/post"}],"author":[{"embeddable":true,"href":"https:\/\/www.toutsurmesfinances.com\/retraite\/wp-json\/wp\/v2\/users\/13718"}],"replies":[{"embeddable":true,"href":"https:\/\/www.toutsurmesfinances.com\/retraite\/wp-json\/wp\/v2\/comments?post=16793"}],"version-history":[{"count":2,"href":"https:\/\/www.toutsurmesfinances.com\/retraite\/wp-json\/wp\/v2\/posts\/16793\/revisions"}],"predecessor-version":[{"id":30389,"href":"https:\/\/www.toutsurmesfinances.com\/retraite\/wp-json\/wp\/v2\/posts\/16793\/revisions\/30389"}],"wp:attachment":[{"href":"https:\/\/www.toutsurmesfinances.com\/retraite\/wp-json\/wp\/v2\/media?parent=16793"}],"wp:term":[{"taxonomy":"category","embeddable":true,"href":"https:\/\/www.toutsurmesfinances.com\/retraite\/wp-json\/wp\/v2\/categories?post=16793"},{"taxonomy":"post_tag","embeddable":true,"href":"https:\/\/www.toutsurmesfinances.com\/retraite\/wp-json\/wp\/v2\/tags?post=16793"}],"curies":[{"name":"wp","href":"https:\/\/api.w.org\/{rel}","templated":true}]}}