{"id":17079,"date":"2011-10-05T15:40:06","date_gmt":"2011-10-05T13:40:06","guid":{"rendered":"https:\/\/www.toutsurmesfinances.com\/retraite\/epargne-retraite-souscriptions-de-perp-et-contrats-madelin-en-hausse-a-fin-juin-2011.html"},"modified":"2021-12-08T14:04:08","modified_gmt":"2021-12-08T13:04:08","slug":"epargne-retraite-souscriptions-de-perp-et-contrats-madelin-en-hausse-a-fin-juin-2011","status":"publish","type":"post","link":"https:\/\/www.toutsurmesfinances.com\/retraite\/epargne-retraite-souscriptions-de-perp-et-contrats-madelin-en-hausse-a-fin-juin-2011.html","title":{"rendered":"Epargne retraite : souscriptions de Perp et contrats Madelin en hausse \u00e0 fin juin 2011"},"content":{"rendered":"<section class=\"l-section wpb_row height_small\"><div class=\"l-section-h i-cf\"><div class=\"g-cols vc_row via_flex valign_top type_default stacking_default\"><div class=\"vc_col-sm-12 wpb_column vc_column_container\"><div class=\"vc_column-inner\"><div class=\"wpb_wrapper\"><div class=\"wpb_text_column\"><div class=\"wpb_wrapper\"><p>Au 30 juin 2011, 899 000 contrats Madelin \u00e9taient en cours de constitution aupr\u00e8s des soci\u00e9t\u00e9s d&rsquo;assurances, ce qui repr\u00e9sente une augmentation de 6% en un an. Ces contrats concernent des entrepreneurs et exploitants individuels, des g\u00e9rants non-salari\u00e9s ou encore les membres de professions lib\u00e9rales, qui peuvent b\u00e9n\u00e9ficier d&rsquo;une d\u00e9duction fiscale, sous certaines conditions, sur les cotisations qu&rsquo;ils versent pour constituer une retraite compl\u00e9mentaire ou des garanties de pr\u00e9voyance compl\u00e9mentaire.<\/p>\n<p>Les nouveaux contrats souscrits au premier semestre, soit 45 000, sont \u00e9galement en hausse de 5% par rapport au premier semestre 2010. Quant au montant des cotisations vers\u00e9es, il s&rsquo;\u00e9l\u00e8ve \u00e0 1,1 milliard d&rsquo;euros (+6%)<\/p>\n<p>Quant aux Perp, 27 000 nouveaux plans ont \u00e9t\u00e9 souscrits \u00e0 la fin du premier semestre 2011, ce qui porte leur nombre total \u00e0 plus de 2,1 millions, soit une progression de 2% par rapport \u00e0 l&rsquo;an pass\u00e9.<\/p>\n<p>Le montant des cotisations pour ce type d&rsquo;\u00e9pargne retraite augmente de 3% en un an pour atteindre 0,4 milliard d&rsquo;euros.<\/p>\n<p>Ces chiffres se situent dans la droite ligne de ceux constat\u00e9s \u00e0 la fin de l&rsquo;ann\u00e9e derni\u00e8re, malgr\u00e9 l&rsquo;adoption de la r\u00e9forme des retraites du 9 novembre 2010. Le texte pr\u00e9voit une sortie des PERP en capital \u00e0 hauteur de 20% depuis le 1er janvier 2011. Auparavant, seule la sortie en rente \u00e9tait possible.<\/p>\n<\/div><\/div><\/div><\/div><\/div><\/div><\/div><\/section>\n","protected":false},"excerpt":{"rendered":"<p>D&rsquo;apr\u00e8s la f\u00e9d\u00e9ration fran\u00e7aise des soci\u00e9t\u00e9s d&rsquo;assurance (FFSA), le nombre de plan d&rsquo;\u00e9pargne retraite populaire et de contrats Madelin souscrits \u00e0 mi-ann\u00e9e 2011 ont respectivement augment\u00e9 de 6% et 2% sur un an.<\/p>\n","protected":false},"author":13718,"featured_media":17078,"comment_status":"closed","ping_status":"closed","sticky":false,"template":"","format":"standard","meta":{"footnotes":""},"categories":[20],"tags":[],"class_list":["post-17079","post","type-post","status-publish","format-standard","has-post-thumbnail","hentry","category-epargne-retraite"],"acf":[],"yoast_head":"<!-- This site is optimized with the Yoast SEO plugin v24.9 - https:\/\/yoast.com\/wordpress\/plugins\/seo\/ -->\n<title>Epargne retraite : souscriptions de Perp et contrats Madelin en hausse \u00e0 fin juin 2011<\/title>\n<meta name=\"description\" content=\"D&#039;apr\u00e8s la f\u00e9d\u00e9ration fran\u00e7aise des soci\u00e9t\u00e9s d&#039;assurance (FFSA), le nombre de plan d&#039;\u00e9pargne retraite populaire et de contrats Madelin souscrits \u00e0 mi-ann\u00e9e 2011 ont respectivement augment\u00e9 de 6% et 2% sur un an.\" \/>\n<meta name=\"robots\" content=\"index, follow, max-snippet:-1, max-image-preview:large, max-video-preview:-1\" \/>\n<link rel=\"canonical\" href=\"https:\/\/www.toutsurmesfinances.com\/retraite\/epargne-retraite-souscriptions-de-perp-et-contrats-madelin-en-hausse-a-fin-juin-2011.html\" \/>\n<meta property=\"og:locale\" content=\"fr_FR\" \/>\n<meta property=\"og:type\" content=\"article\" \/>\n<meta property=\"og:title\" content=\"Epargne retraite : souscriptions de Perp et contrats Madelin en hausse \u00e0 fin juin 2011\" \/>\n<meta property=\"og:description\" content=\"D&#039;apr\u00e8s la f\u00e9d\u00e9ration fran\u00e7aise des soci\u00e9t\u00e9s d&#039;assurance (FFSA), le nombre de plan d&#039;\u00e9pargne retraite populaire et de contrats Madelin souscrits \u00e0 mi-ann\u00e9e 2011 ont respectivement augment\u00e9 de 6% et 2% sur un an.\" \/>\n<meta property=\"og:url\" content=\"https:\/\/www.toutsurmesfinances.com\/retraite\/epargne-retraite-souscriptions-de-perp-et-contrats-madelin-en-hausse-a-fin-juin-2011.html\" \/>\n<meta property=\"og:site_name\" content=\"Retraite\" \/>\n<meta property=\"article:published_time\" content=\"2011-10-05T13:40:06+00:00\" \/>\n<meta property=\"article:modified_time\" content=\"2021-12-08T13:04:08+00:00\" \/>\n<meta property=\"og:image\" content=\"https:\/\/www.toutsurmesfinances.com\/retraite\/wp-content\/uploads\/sites\/4\/2011\/10\/retraite-epargne-1.jpg\" \/>\n\t<meta property=\"og:image:width\" content=\"480\" \/>\n\t<meta property=\"og:image:height\" content=\"360\" \/>\n\t<meta property=\"og:image:type\" content=\"image\/jpeg\" \/>\n<meta name=\"author\" content=\"L&#039;\u00e9quipe de r\u00e9daction\" \/>\n<meta name=\"twitter:card\" content=\"summary_large_image\" \/>\n<meta name=\"twitter:creator\" content=\"@Toutsur\" \/>\n<meta name=\"twitter:site\" content=\"@Toutsur\" \/>\n<meta name=\"twitter:label1\" content=\"\u00c9crit par\" \/>\n\t<meta name=\"twitter:data1\" content=\"L&#039;\u00e9quipe de r\u00e9daction\" \/>\n\t<meta name=\"twitter:label2\" content=\"Dur\u00e9e de lecture estim\u00e9e\" \/>\n\t<meta name=\"twitter:data2\" content=\"1 minute\" \/>\n<script type=\"application\/ld+json\" class=\"yoast-schema-graph\">{\"@context\":\"https:\/\/schema.org\",\"@graph\":[{\"@type\":\"Article\",\"@id\":\"https:\/\/www.toutsurmesfinances.com\/retraite\/epargne-retraite-souscriptions-de-perp-et-contrats-madelin-en-hausse-a-fin-juin-2011.html#article\",\"isPartOf\":{\"@id\":\"https:\/\/www.toutsurmesfinances.com\/retraite\/epargne-retraite-souscriptions-de-perp-et-contrats-madelin-en-hausse-a-fin-juin-2011.html\"},\"author\":{\"name\":\"L'\u00e9quipe de r\u00e9daction\",\"@id\":\"https:\/\/www.toutsurmesfinances.com\/retraite\/#\/schema\/person\/19a038f31d078d13966363e7ab7343c6\"},\"headline\":\"Epargne retraite : souscriptions de Perp et contrats Madelin en hausse \u00e0 fin juin 2011\",\"dateModified\":\"2021-12-08T13:04:08+00:00\",\"mainEntityOfPage\":{\"@id\":\"https:\/\/www.toutsurmesfinances.com\/retraite\/epargne-retraite-souscriptions-de-perp-et-contrats-madelin-en-hausse-a-fin-juin-2011.html\"},\"wordCount\":245,\"publisher\":{\"@id\":\"https:\/\/www.toutsurmesfinances.com\/retraite\/#organization\"},\"image\":{\"@id\":\"https:\/\/www.toutsurmesfinances.com\/retraite\/epargne-retraite-souscriptions-de-perp-et-contrats-madelin-en-hausse-a-fin-juin-2011.html#primaryimage\"},\"thumbnailUrl\":\"https:\/\/www.toutsurmesfinances.com\/retraite\/wp-content\/uploads\/sites\/4\/2011\/10\/retraite-epargne-1.jpg\",\"articleSection\":[\"Epargne retraite\"],\"inLanguage\":\"fr-FR\"},{\"@type\":\"WebPage\",\"@id\":\"https:\/\/www.toutsurmesfinances.com\/retraite\/epargne-retraite-souscriptions-de-perp-et-contrats-madelin-en-hausse-a-fin-juin-2011.html\",\"url\":\"https:\/\/www.toutsurmesfinances.com\/retraite\/epargne-retraite-souscriptions-de-perp-et-contrats-madelin-en-hausse-a-fin-juin-2011.html\",\"name\":\"Epargne retraite : souscriptions de Perp et contrats Madelin en hausse \u00e0 fin juin 2011\",\"isPartOf\":{\"@id\":\"https:\/\/www.toutsurmesfinances.com\/retraite\/#website\"},\"primaryImageOfPage\":{\"@id\":\"https:\/\/www.toutsurmesfinances.com\/retraite\/epargne-retraite-souscriptions-de-perp-et-contrats-madelin-en-hausse-a-fin-juin-2011.html#primaryimage\"},\"image\":{\"@id\":\"https:\/\/www.toutsurmesfinances.com\/retraite\/epargne-retraite-souscriptions-de-perp-et-contrats-madelin-en-hausse-a-fin-juin-2011.html#primaryimage\"},\"thumbnailUrl\":\"https:\/\/www.toutsurmesfinances.com\/retraite\/wp-content\/uploads\/sites\/4\/2011\/10\/retraite-epargne-1.jpg\",\"dateModified\":\"2021-12-08T13:04:08+00:00\",\"description\":\"D'apr\u00e8s la f\u00e9d\u00e9ration fran\u00e7aise des soci\u00e9t\u00e9s d'assurance (FFSA), le nombre de plan d'\u00e9pargne retraite populaire et de contrats Madelin souscrits \u00e0 mi-ann\u00e9e 2011 ont respectivement augment\u00e9 de 6% et 2% sur un an.\",\"breadcrumb\":{\"@id\":\"https:\/\/www.toutsurmesfinances.com\/retraite\/epargne-retraite-souscriptions-de-perp-et-contrats-madelin-en-hausse-a-fin-juin-2011.html#breadcrumb\"},\"inLanguage\":\"fr-FR\",\"potentialAction\":[{\"@type\":\"ReadAction\",\"target\":[\"https:\/\/www.toutsurmesfinances.com\/retraite\/epargne-retraite-souscriptions-de-perp-et-contrats-madelin-en-hausse-a-fin-juin-2011.html\"]}]},{\"@type\":\"ImageObject\",\"inLanguage\":\"fr-FR\",\"@id\":\"https:\/\/www.toutsurmesfinances.com\/retraite\/epargne-retraite-souscriptions-de-perp-et-contrats-madelin-en-hausse-a-fin-juin-2011.html#primaryimage\",\"url\":\"https:\/\/www.toutsurmesfinances.com\/retraite\/wp-content\/uploads\/sites\/4\/2011\/10\/retraite-epargne-1.jpg\",\"contentUrl\":\"https:\/\/www.toutsurmesfinances.com\/retraite\/wp-content\/uploads\/sites\/4\/2011\/10\/retraite-epargne-1.jpg\",\"width\":480,\"height\":360,\"caption\":\"epargne, retraite, madelin, perp, populaire, plan, contrats\"},{\"@type\":\"BreadcrumbList\",\"@id\":\"https:\/\/www.toutsurmesfinances.com\/retraite\/epargne-retraite-souscriptions-de-perp-et-contrats-madelin-en-hausse-a-fin-juin-2011.html#breadcrumb\",\"itemListElement\":[{\"@type\":\"ListItem\",\"position\":1,\"name\":\"Accueil\",\"item\":\"https:\/\/www.toutsurmesfinances.com\/retraite\/\"},{\"@type\":\"ListItem\",\"position\":2,\"name\":\"Pr\u00e9paration\",\"item\":\"https:\/\/www.toutsurmesfinances.com\/retraite\/c\/preparation\"},{\"@type\":\"ListItem\",\"position\":3,\"name\":\"Epargne retraite\",\"item\":\"https:\/\/www.toutsurmesfinances.com\/retraite\/c\/epargne-retraite\"},{\"@type\":\"ListItem\",\"position\":4,\"name\":\"Epargne retraite : souscriptions de Perp et contrats Madelin en hausse \u00e0 fin juin 2011\"}]},{\"@type\":\"WebSite\",\"@id\":\"https:\/\/www.toutsurmesfinances.com\/retraite\/#website\",\"url\":\"https:\/\/www.toutsurmesfinances.com\/retraite\/\",\"name\":\"Retraite\",\"description\":\"\",\"publisher\":{\"@id\":\"https:\/\/www.toutsurmesfinances.com\/retraite\/#organization\"},\"potentialAction\":[{\"@type\":\"SearchAction\",\"target\":{\"@type\":\"EntryPoint\",\"urlTemplate\":\"https:\/\/www.toutsurmesfinances.com\/retraite\/?s={search_term_string}\"},\"query-input\":{\"@type\":\"PropertyValueSpecification\",\"valueRequired\":true,\"valueName\":\"search_term_string\"}}],\"inLanguage\":\"fr-FR\"},{\"@type\":\"Organization\",\"@id\":\"https:\/\/www.toutsurmesfinances.com\/retraite\/#organization\",\"name\":\"Tout Sur Mes Finances\",\"url\":\"https:\/\/www.toutsurmesfinances.com\/retraite\/\",\"logo\":{\"@type\":\"ImageObject\",\"inLanguage\":\"fr-FR\",\"@id\":\"https:\/\/www.toutsurmesfinances.com\/retraite\/#\/schema\/logo\/image\/\",\"url\":\"https:\/\/www.toutsurmesfinances.com\/retraite\/wp-content\/uploads\/sites\/4\/2021\/01\/favicon.png\",\"contentUrl\":\"https:\/\/www.toutsurmesfinances.com\/retraite\/wp-content\/uploads\/sites\/4\/2021\/01\/favicon.png\",\"width\":512,\"height\":512,\"caption\":\"Tout Sur Mes Finances\"},\"image\":{\"@id\":\"https:\/\/www.toutsurmesfinances.com\/retraite\/#\/schema\/logo\/image\/\"},\"sameAs\":[\"https:\/\/x.com\/Toutsur\"]},{\"@type\":\"Person\",\"@id\":\"https:\/\/www.toutsurmesfinances.com\/retraite\/#\/schema\/person\/19a038f31d078d13966363e7ab7343c6\",\"name\":\"L'\u00e9quipe de r\u00e9daction\",\"image\":{\"@type\":\"ImageObject\",\"inLanguage\":\"fr-FR\",\"@id\":\"https:\/\/www.toutsurmesfinances.com\/retraite\/#\/schema\/person\/image\/\",\"url\":\"https:\/\/secure.gravatar.com\/avatar\/5d078ff23d3ce7cd29bc258e76954673?s=96&d=mm&r=g\",\"contentUrl\":\"https:\/\/secure.gravatar.com\/avatar\/5d078ff23d3ce7cd29bc258e76954673?s=96&d=mm&r=g\",\"caption\":\"L'\u00e9quipe de r\u00e9daction\"}}]}<\/script>\n<!-- \/ Yoast SEO plugin. -->","yoast_head_json":{"title":"Epargne retraite : souscriptions de Perp et contrats Madelin en hausse \u00e0 fin juin 2011","description":"D'apr\u00e8s la f\u00e9d\u00e9ration fran\u00e7aise des soci\u00e9t\u00e9s d'assurance (FFSA), le nombre de plan d'\u00e9pargne retraite populaire et de contrats Madelin souscrits \u00e0 mi-ann\u00e9e 2011 ont respectivement augment\u00e9 de 6% et 2% sur un an.","robots":{"index":"index","follow":"follow","max-snippet":"max-snippet:-1","max-image-preview":"max-image-preview:large","max-video-preview":"max-video-preview:-1"},"canonical":"https:\/\/www.toutsurmesfinances.com\/retraite\/epargne-retraite-souscriptions-de-perp-et-contrats-madelin-en-hausse-a-fin-juin-2011.html","og_locale":"fr_FR","og_type":"article","og_title":"Epargne retraite : souscriptions de Perp et contrats Madelin en hausse \u00e0 fin juin 2011","og_description":"D'apr\u00e8s la f\u00e9d\u00e9ration fran\u00e7aise des soci\u00e9t\u00e9s d'assurance (FFSA), le nombre de plan d'\u00e9pargne retraite populaire et de contrats Madelin souscrits \u00e0 mi-ann\u00e9e 2011 ont respectivement augment\u00e9 de 6% et 2% sur un an.","og_url":"https:\/\/www.toutsurmesfinances.com\/retraite\/epargne-retraite-souscriptions-de-perp-et-contrats-madelin-en-hausse-a-fin-juin-2011.html","og_site_name":"Retraite","article_published_time":"2011-10-05T13:40:06+00:00","article_modified_time":"2021-12-08T13:04:08+00:00","og_image":[{"width":480,"height":360,"url":"https:\/\/www.toutsurmesfinances.com\/retraite\/wp-content\/uploads\/sites\/4\/2011\/10\/retraite-epargne-1.jpg","type":"image\/jpeg"}],"author":"L'\u00e9quipe de r\u00e9daction","twitter_card":"summary_large_image","twitter_creator":"@Toutsur","twitter_site":"@Toutsur","twitter_misc":{"\u00c9crit par":"L'\u00e9quipe de r\u00e9daction","Dur\u00e9e de lecture estim\u00e9e":"1 minute"},"schema":{"@context":"https:\/\/schema.org","@graph":[{"@type":"Article","@id":"https:\/\/www.toutsurmesfinances.com\/retraite\/epargne-retraite-souscriptions-de-perp-et-contrats-madelin-en-hausse-a-fin-juin-2011.html#article","isPartOf":{"@id":"https:\/\/www.toutsurmesfinances.com\/retraite\/epargne-retraite-souscriptions-de-perp-et-contrats-madelin-en-hausse-a-fin-juin-2011.html"},"author":{"name":"L'\u00e9quipe de r\u00e9daction","@id":"https:\/\/www.toutsurmesfinances.com\/retraite\/#\/schema\/person\/19a038f31d078d13966363e7ab7343c6"},"headline":"Epargne retraite : souscriptions de Perp et contrats Madelin en hausse \u00e0 fin juin 2011","dateModified":"2021-12-08T13:04:08+00:00","mainEntityOfPage":{"@id":"https:\/\/www.toutsurmesfinances.com\/retraite\/epargne-retraite-souscriptions-de-perp-et-contrats-madelin-en-hausse-a-fin-juin-2011.html"},"wordCount":245,"publisher":{"@id":"https:\/\/www.toutsurmesfinances.com\/retraite\/#organization"},"image":{"@id":"https:\/\/www.toutsurmesfinances.com\/retraite\/epargne-retraite-souscriptions-de-perp-et-contrats-madelin-en-hausse-a-fin-juin-2011.html#primaryimage"},"thumbnailUrl":"https:\/\/www.toutsurmesfinances.com\/retraite\/wp-content\/uploads\/sites\/4\/2011\/10\/retraite-epargne-1.jpg","articleSection":["Epargne retraite"],"inLanguage":"fr-FR"},{"@type":"WebPage","@id":"https:\/\/www.toutsurmesfinances.com\/retraite\/epargne-retraite-souscriptions-de-perp-et-contrats-madelin-en-hausse-a-fin-juin-2011.html","url":"https:\/\/www.toutsurmesfinances.com\/retraite\/epargne-retraite-souscriptions-de-perp-et-contrats-madelin-en-hausse-a-fin-juin-2011.html","name":"Epargne retraite : souscriptions de Perp et contrats Madelin en hausse \u00e0 fin juin 2011","isPartOf":{"@id":"https:\/\/www.toutsurmesfinances.com\/retraite\/#website"},"primaryImageOfPage":{"@id":"https:\/\/www.toutsurmesfinances.com\/retraite\/epargne-retraite-souscriptions-de-perp-et-contrats-madelin-en-hausse-a-fin-juin-2011.html#primaryimage"},"image":{"@id":"https:\/\/www.toutsurmesfinances.com\/retraite\/epargne-retraite-souscriptions-de-perp-et-contrats-madelin-en-hausse-a-fin-juin-2011.html#primaryimage"},"thumbnailUrl":"https:\/\/www.toutsurmesfinances.com\/retraite\/wp-content\/uploads\/sites\/4\/2011\/10\/retraite-epargne-1.jpg","dateModified":"2021-12-08T13:04:08+00:00","description":"D'apr\u00e8s la f\u00e9d\u00e9ration fran\u00e7aise des soci\u00e9t\u00e9s d'assurance (FFSA), le nombre de plan d'\u00e9pargne retraite populaire et de contrats Madelin souscrits \u00e0 mi-ann\u00e9e 2011 ont respectivement augment\u00e9 de 6% et 2% sur un an.","breadcrumb":{"@id":"https:\/\/www.toutsurmesfinances.com\/retraite\/epargne-retraite-souscriptions-de-perp-et-contrats-madelin-en-hausse-a-fin-juin-2011.html#breadcrumb"},"inLanguage":"fr-FR","potentialAction":[{"@type":"ReadAction","target":["https:\/\/www.toutsurmesfinances.com\/retraite\/epargne-retraite-souscriptions-de-perp-et-contrats-madelin-en-hausse-a-fin-juin-2011.html"]}]},{"@type":"ImageObject","inLanguage":"fr-FR","@id":"https:\/\/www.toutsurmesfinances.com\/retraite\/epargne-retraite-souscriptions-de-perp-et-contrats-madelin-en-hausse-a-fin-juin-2011.html#primaryimage","url":"https:\/\/www.toutsurmesfinances.com\/retraite\/wp-content\/uploads\/sites\/4\/2011\/10\/retraite-epargne-1.jpg","contentUrl":"https:\/\/www.toutsurmesfinances.com\/retraite\/wp-content\/uploads\/sites\/4\/2011\/10\/retraite-epargne-1.jpg","width":480,"height":360,"caption":"epargne, retraite, madelin, perp, populaire, plan, contrats"},{"@type":"BreadcrumbList","@id":"https:\/\/www.toutsurmesfinances.com\/retraite\/epargne-retraite-souscriptions-de-perp-et-contrats-madelin-en-hausse-a-fin-juin-2011.html#breadcrumb","itemListElement":[{"@type":"ListItem","position":1,"name":"Accueil","item":"https:\/\/www.toutsurmesfinances.com\/retraite\/"},{"@type":"ListItem","position":2,"name":"Pr\u00e9paration","item":"https:\/\/www.toutsurmesfinances.com\/retraite\/c\/preparation"},{"@type":"ListItem","position":3,"name":"Epargne retraite","item":"https:\/\/www.toutsurmesfinances.com\/retraite\/c\/epargne-retraite"},{"@type":"ListItem","position":4,"name":"Epargne retraite : souscriptions de Perp et contrats Madelin en hausse \u00e0 fin juin 2011"}]},{"@type":"WebSite","@id":"https:\/\/www.toutsurmesfinances.com\/retraite\/#website","url":"https:\/\/www.toutsurmesfinances.com\/retraite\/","name":"Retraite","description":"","publisher":{"@id":"https:\/\/www.toutsurmesfinances.com\/retraite\/#organization"},"potentialAction":[{"@type":"SearchAction","target":{"@type":"EntryPoint","urlTemplate":"https:\/\/www.toutsurmesfinances.com\/retraite\/?s={search_term_string}"},"query-input":{"@type":"PropertyValueSpecification","valueRequired":true,"valueName":"search_term_string"}}],"inLanguage":"fr-FR"},{"@type":"Organization","@id":"https:\/\/www.toutsurmesfinances.com\/retraite\/#organization","name":"Tout Sur Mes Finances","url":"https:\/\/www.toutsurmesfinances.com\/retraite\/","logo":{"@type":"ImageObject","inLanguage":"fr-FR","@id":"https:\/\/www.toutsurmesfinances.com\/retraite\/#\/schema\/logo\/image\/","url":"https:\/\/www.toutsurmesfinances.com\/retraite\/wp-content\/uploads\/sites\/4\/2021\/01\/favicon.png","contentUrl":"https:\/\/www.toutsurmesfinances.com\/retraite\/wp-content\/uploads\/sites\/4\/2021\/01\/favicon.png","width":512,"height":512,"caption":"Tout Sur Mes Finances"},"image":{"@id":"https:\/\/www.toutsurmesfinances.com\/retraite\/#\/schema\/logo\/image\/"},"sameAs":["https:\/\/x.com\/Toutsur"]},{"@type":"Person","@id":"https:\/\/www.toutsurmesfinances.com\/retraite\/#\/schema\/person\/19a038f31d078d13966363e7ab7343c6","name":"L'\u00e9quipe de r\u00e9daction","image":{"@type":"ImageObject","inLanguage":"fr-FR","@id":"https:\/\/www.toutsurmesfinances.com\/retraite\/#\/schema\/person\/image\/","url":"https:\/\/secure.gravatar.com\/avatar\/5d078ff23d3ce7cd29bc258e76954673?s=96&d=mm&r=g","contentUrl":"https:\/\/secure.gravatar.com\/avatar\/5d078ff23d3ce7cd29bc258e76954673?s=96&d=mm&r=g","caption":"L'\u00e9quipe de r\u00e9daction"}}]}},"_links":{"self":[{"href":"https:\/\/www.toutsurmesfinances.com\/retraite\/wp-json\/wp\/v2\/posts\/17079","targetHints":{"allow":["GET"]}}],"collection":[{"href":"https:\/\/www.toutsurmesfinances.com\/retraite\/wp-json\/wp\/v2\/posts"}],"about":[{"href":"https:\/\/www.toutsurmesfinances.com\/retraite\/wp-json\/wp\/v2\/types\/post"}],"author":[{"embeddable":true,"href":"https:\/\/www.toutsurmesfinances.com\/retraite\/wp-json\/wp\/v2\/users\/13718"}],"replies":[{"embeddable":true,"href":"https:\/\/www.toutsurmesfinances.com\/retraite\/wp-json\/wp\/v2\/comments?post=17079"}],"version-history":[{"count":2,"href":"https:\/\/www.toutsurmesfinances.com\/retraite\/wp-json\/wp\/v2\/posts\/17079\/revisions"}],"predecessor-version":[{"id":30413,"href":"https:\/\/www.toutsurmesfinances.com\/retraite\/wp-json\/wp\/v2\/posts\/17079\/revisions\/30413"}],"wp:featuredmedia":[{"embeddable":true,"href":"https:\/\/www.toutsurmesfinances.com\/retraite\/wp-json\/wp\/v2\/media\/17078"}],"wp:attachment":[{"href":"https:\/\/www.toutsurmesfinances.com\/retraite\/wp-json\/wp\/v2\/media?parent=17079"}],"wp:term":[{"taxonomy":"category","embeddable":true,"href":"https:\/\/www.toutsurmesfinances.com\/retraite\/wp-json\/wp\/v2\/categories?post=17079"},{"taxonomy":"post_tag","embeddable":true,"href":"https:\/\/www.toutsurmesfinances.com\/retraite\/wp-json\/wp\/v2\/tags?post=17079"}],"curies":[{"name":"wp","href":"https:\/\/api.w.org\/{rel}","templated":true}]}}