{"id":17205,"date":"2011-11-09T08:31:24","date_gmt":"2011-11-09T07:31:24","guid":{"rendered":"https:\/\/www.toutsurmesfinances.com\/retraite\/ne-e-en-1952-a-quel-age-pourrez-vous-partir-en-retraite-apres-le-plan-de-rigueur.html"},"modified":"2012-12-12T15:40:42","modified_gmt":"2012-12-12T15:40:42","slug":"ne-e-en-1952-a-quel-age-pourrez-vous-partir-en-retraite-apres-le-plan-de-rigueur","status":"publish","type":"post","link":"https:\/\/www.toutsurmesfinances.com\/retraite\/ne-e-en-1952-a-quel-age-pourrez-vous-partir-en-retraite-apres-le-plan-de-rigueur.html","title":{"rendered":"N\u00e9(e) en 1952 : \u00e0 quel \u00e2ge pourrez-vous partir en retraite apr\u00e8s le plan de rigueur ?"},"content":{"rendered":"\n<p>La loi du 9 novembre 2010 portant r\u00e9forme des retraites a recul\u00e9 progressivement, de quatre mois par g\u00e9n\u00e9ration, les \u00e2ges de d\u00e9part de 60 \u00e0 62 ans et du taux plein de 65 \u00e0 67 ans. Ces mesures d&rsquo;\u00e2ge sont entr\u00e9es en vigueur le 1er juillet 2011.<\/p>\n<p>Avec cette r\u00e9forme, les personnes n\u00e9es entre le 1er&nbsp;janvier&nbsp;et le 31 d\u00e9cembre 1952&nbsp;auraient pu partir en retraite \u00e0 60 ans et 8 mois.<\/p>\n<p>Dans le cadre du plan gouvernemental de r\u00e9duction des d\u00e9ficits publics, d\u00e9voil\u00e9 lundi 7 novembre 2011 par le Premier ministre, le report de l&rsquo;\u00e2ge l\u00e9gal \u00e0 62 ans devrait \u00eatre avanc\u00e9 d&rsquo;une ann\u00e9e et intervenir en 2017 au lieu de 2018.<\/p>\n<p>Par cons\u00e9quent, la g\u00e9n\u00e9ration 1952 devra d\u00e9caler son d\u00e9part d&rsquo;un mois. Si vous \u00eates dans ce cas, vous pourrez donc partir \u00e0 60 ans et 9 mois. <title>Document sans nom<\/title> <\/p>\n<table style=\"width: 620px;\" border=\"1\" cellspacing=\"0\" cellpadding=\"0\">\n<colgroup>\n<col width=\"161\" \/>\n<col width=\"256\" \/>\n<col span=\"2\" width=\"148\" \/><\/colgroup>\n<tbody>\n<tr>\n<td width=\"169\" align=\"center\"><\/td>\n<td width=\"141\" align=\"center\"><strong>Age de d\u00e9part avec la r\u00e9forme de 2010<\/strong><\/td>\n<td width=\"147\" align=\"center\"><strong>Mois suppl\u00e9mentaires<\/strong><\/td>\n<td width=\"153\" align=\"center\"><strong>Nouvel \u00e2ge de d\u00e9part<\/strong><\/td>\n<\/tr>\n<tr>\n<td align=\"center\"><strong>Naissance en 1952<\/strong><\/td>\n<td align=\"center\">60 ans et 8 mois<\/td>\n<td align=\"center\">+ 1 mois<\/td>\n<td align=\"center\">60 ans et 9 mois<\/td>\n<\/tr>\n<\/tbody>\n<\/table>\n","protected":false},"excerpt":{"rendered":"<p>Si vous faites partie de la g\u00e9n\u00e9ration 1952 et que vous souhaitez partir en retraite d\u00e8s que vous aurez atteint l&rsquo;\u00e2ge l\u00e9gal de d\u00e9part, vous allez \u00eatre concern\u00e9(e) par l&rsquo;acc\u00e9l\u00e9ration de la r\u00e9forme des retraites, annonc\u00e9e par Fran\u00e7ois Fillon, dans le cadre du second plan de rigueur du gouvernement.<\/p>\n","protected":false},"author":13718,"featured_media":0,"comment_status":"closed","ping_status":"closed","sticky":false,"template":"","format":"standard","meta":{"footnotes":""},"categories":[7],"tags":[],"class_list":["post-17205","post","type-post","status-publish","format-standard","hentry","category-reforme-des-retraites"],"acf":[],"yoast_head":"<!-- This site is optimized with the Yoast SEO plugin v24.9 - https:\/\/yoast.com\/wordpress\/plugins\/seo\/ -->\n<title>N\u00e9(e) en 1952 : \u00e0 quel \u00e2ge pourrez-vous partir en retraite apr\u00e8s le plan de rigueur ?<\/title>\n<meta name=\"description\" content=\"Si vous faites partie de la g\u00e9n\u00e9ration 1952 et que vous souhaitez partir en retraite d\u00e8s que vous aurez atteint l&#039;\u00e2ge l\u00e9gal de d\u00e9part, vous allez \u00eatre concern\u00e9(e) par l&#039;acc\u00e9l\u00e9ration de la r\u00e9forme des retraites, annonc\u00e9e par Fran\u00e7ois Fillon, dans le cadre\" \/>\n<meta name=\"robots\" content=\"index, follow, max-snippet:-1, max-image-preview:large, max-video-preview:-1\" \/>\n<link rel=\"canonical\" href=\"https:\/\/www.toutsurmesfinances.com\/retraite\/ne-e-en-1952-a-quel-age-pourrez-vous-partir-en-retraite-apres-le-plan-de-rigueur.html\" \/>\n<meta property=\"og:locale\" content=\"fr_FR\" \/>\n<meta property=\"og:type\" content=\"article\" \/>\n<meta property=\"og:title\" content=\"N\u00e9(e) en 1952 : \u00e0 quel \u00e2ge pourrez-vous partir en retraite apr\u00e8s le plan de rigueur ?\" \/>\n<meta property=\"og:description\" content=\"Si vous faites partie de la g\u00e9n\u00e9ration 1952 et que vous souhaitez partir en retraite d\u00e8s que vous aurez atteint l&#039;\u00e2ge l\u00e9gal de d\u00e9part, vous allez \u00eatre concern\u00e9(e) par l&#039;acc\u00e9l\u00e9ration de la r\u00e9forme des retraites, annonc\u00e9e par Fran\u00e7ois Fillon, dans le cadre\" \/>\n<meta property=\"og:url\" content=\"https:\/\/www.toutsurmesfinances.com\/retraite\/ne-e-en-1952-a-quel-age-pourrez-vous-partir-en-retraite-apres-le-plan-de-rigueur.html\" \/>\n<meta property=\"og:site_name\" content=\"Retraite\" \/>\n<meta property=\"article:published_time\" content=\"2011-11-09T07:31:24+00:00\" \/>\n<meta property=\"article:modified_time\" content=\"2012-12-12T15:40:42+00:00\" \/>\n<meta name=\"author\" content=\"L&#039;\u00e9quipe de r\u00e9daction\" \/>\n<meta name=\"twitter:card\" content=\"summary_large_image\" \/>\n<meta name=\"twitter:creator\" content=\"@Toutsur\" \/>\n<meta name=\"twitter:site\" content=\"@Toutsur\" \/>\n<meta name=\"twitter:label1\" content=\"\u00c9crit par\" \/>\n\t<meta name=\"twitter:data1\" content=\"L&#039;\u00e9quipe de r\u00e9daction\" \/>\n\t<meta name=\"twitter:label2\" content=\"Dur\u00e9e de lecture estim\u00e9e\" \/>\n\t<meta name=\"twitter:data2\" content=\"1 minute\" \/>\n<script type=\"application\/ld+json\" class=\"yoast-schema-graph\">{\"@context\":\"https:\/\/schema.org\",\"@graph\":[{\"@type\":\"Article\",\"@id\":\"https:\/\/www.toutsurmesfinances.com\/retraite\/ne-e-en-1952-a-quel-age-pourrez-vous-partir-en-retraite-apres-le-plan-de-rigueur.html#article\",\"isPartOf\":{\"@id\":\"https:\/\/www.toutsurmesfinances.com\/retraite\/ne-e-en-1952-a-quel-age-pourrez-vous-partir-en-retraite-apres-le-plan-de-rigueur.html\"},\"author\":{\"name\":\"L'\u00e9quipe de r\u00e9daction\",\"@id\":\"https:\/\/www.toutsurmesfinances.com\/retraite\/#\/schema\/person\/19a038f31d078d13966363e7ab7343c6\"},\"headline\":\"N\u00e9(e) en 1952 : \u00e0 quel \u00e2ge pourrez-vous partir en retraite apr\u00e8s le plan de rigueur ?\",\"dateModified\":\"2012-12-12T15:40:42+00:00\",\"mainEntityOfPage\":{\"@id\":\"https:\/\/www.toutsurmesfinances.com\/retraite\/ne-e-en-1952-a-quel-age-pourrez-vous-partir-en-retraite-apres-le-plan-de-rigueur.html\"},\"wordCount\":186,\"publisher\":{\"@id\":\"https:\/\/www.toutsurmesfinances.com\/retraite\/#organization\"},\"articleSection\":[\"R\u00e9forme des retraites\"],\"inLanguage\":\"fr-FR\"},{\"@type\":\"WebPage\",\"@id\":\"https:\/\/www.toutsurmesfinances.com\/retraite\/ne-e-en-1952-a-quel-age-pourrez-vous-partir-en-retraite-apres-le-plan-de-rigueur.html\",\"url\":\"https:\/\/www.toutsurmesfinances.com\/retraite\/ne-e-en-1952-a-quel-age-pourrez-vous-partir-en-retraite-apres-le-plan-de-rigueur.html\",\"name\":\"N\u00e9(e) en 1952 : \u00e0 quel \u00e2ge pourrez-vous partir en retraite apr\u00e8s le plan de rigueur ?\",\"isPartOf\":{\"@id\":\"https:\/\/www.toutsurmesfinances.com\/retraite\/#website\"},\"dateModified\":\"2012-12-12T15:40:42+00:00\",\"description\":\"Si vous faites partie de la g\u00e9n\u00e9ration 1952 et que vous souhaitez partir en retraite d\u00e8s que vous aurez atteint l'\u00e2ge l\u00e9gal de d\u00e9part, vous allez \u00eatre concern\u00e9(e) par l'acc\u00e9l\u00e9ration de la r\u00e9forme des retraites, annonc\u00e9e par Fran\u00e7ois Fillon, dans le cadre\",\"breadcrumb\":{\"@id\":\"https:\/\/www.toutsurmesfinances.com\/retraite\/ne-e-en-1952-a-quel-age-pourrez-vous-partir-en-retraite-apres-le-plan-de-rigueur.html#breadcrumb\"},\"inLanguage\":\"fr-FR\",\"potentialAction\":[{\"@type\":\"ReadAction\",\"target\":[\"https:\/\/www.toutsurmesfinances.com\/retraite\/ne-e-en-1952-a-quel-age-pourrez-vous-partir-en-retraite-apres-le-plan-de-rigueur.html\"]}]},{\"@type\":\"BreadcrumbList\",\"@id\":\"https:\/\/www.toutsurmesfinances.com\/retraite\/ne-e-en-1952-a-quel-age-pourrez-vous-partir-en-retraite-apres-le-plan-de-rigueur.html#breadcrumb\",\"itemListElement\":[{\"@type\":\"ListItem\",\"position\":1,\"name\":\"Accueil\",\"item\":\"https:\/\/www.toutsurmesfinances.com\/retraite\/\"},{\"@type\":\"ListItem\",\"position\":2,\"name\":\"R\u00e9forme\",\"item\":\"https:\/\/www.toutsurmesfinances.com\/retraite\/c\/reforme\"},{\"@type\":\"ListItem\",\"position\":3,\"name\":\"R\u00e9forme des retraites\",\"item\":\"https:\/\/www.toutsurmesfinances.com\/retraite\/c\/reforme-des-retraites\"},{\"@type\":\"ListItem\",\"position\":4,\"name\":\"N\u00e9(e) en 1952 : \u00e0 quel \u00e2ge pourrez-vous partir en retraite apr\u00e8s le plan de rigueur ?\"}]},{\"@type\":\"WebSite\",\"@id\":\"https:\/\/www.toutsurmesfinances.com\/retraite\/#website\",\"url\":\"https:\/\/www.toutsurmesfinances.com\/retraite\/\",\"name\":\"Retraite\",\"description\":\"\",\"publisher\":{\"@id\":\"https:\/\/www.toutsurmesfinances.com\/retraite\/#organization\"},\"potentialAction\":[{\"@type\":\"SearchAction\",\"target\":{\"@type\":\"EntryPoint\",\"urlTemplate\":\"https:\/\/www.toutsurmesfinances.com\/retraite\/?s={search_term_string}\"},\"query-input\":{\"@type\":\"PropertyValueSpecification\",\"valueRequired\":true,\"valueName\":\"search_term_string\"}}],\"inLanguage\":\"fr-FR\"},{\"@type\":\"Organization\",\"@id\":\"https:\/\/www.toutsurmesfinances.com\/retraite\/#organization\",\"name\":\"Tout Sur Mes Finances\",\"url\":\"https:\/\/www.toutsurmesfinances.com\/retraite\/\",\"logo\":{\"@type\":\"ImageObject\",\"inLanguage\":\"fr-FR\",\"@id\":\"https:\/\/www.toutsurmesfinances.com\/retraite\/#\/schema\/logo\/image\/\",\"url\":\"https:\/\/www.toutsurmesfinances.com\/retraite\/wp-content\/uploads\/sites\/4\/2021\/01\/favicon.png\",\"contentUrl\":\"https:\/\/www.toutsurmesfinances.com\/retraite\/wp-content\/uploads\/sites\/4\/2021\/01\/favicon.png\",\"width\":512,\"height\":512,\"caption\":\"Tout Sur Mes Finances\"},\"image\":{\"@id\":\"https:\/\/www.toutsurmesfinances.com\/retraite\/#\/schema\/logo\/image\/\"},\"sameAs\":[\"https:\/\/x.com\/Toutsur\"]},{\"@type\":\"Person\",\"@id\":\"https:\/\/www.toutsurmesfinances.com\/retraite\/#\/schema\/person\/19a038f31d078d13966363e7ab7343c6\",\"name\":\"L'\u00e9quipe de r\u00e9daction\",\"image\":{\"@type\":\"ImageObject\",\"inLanguage\":\"fr-FR\",\"@id\":\"https:\/\/www.toutsurmesfinances.com\/retraite\/#\/schema\/person\/image\/\",\"url\":\"https:\/\/secure.gravatar.com\/avatar\/5d078ff23d3ce7cd29bc258e76954673?s=96&d=mm&r=g\",\"contentUrl\":\"https:\/\/secure.gravatar.com\/avatar\/5d078ff23d3ce7cd29bc258e76954673?s=96&d=mm&r=g\",\"caption\":\"L'\u00e9quipe de r\u00e9daction\"}}]}<\/script>\n<!-- \/ Yoast SEO plugin. -->","yoast_head_json":{"title":"N\u00e9(e) en 1952 : \u00e0 quel \u00e2ge pourrez-vous partir en retraite apr\u00e8s le plan de rigueur ?","description":"Si vous faites partie de la g\u00e9n\u00e9ration 1952 et que vous souhaitez partir en retraite d\u00e8s que vous aurez atteint l'\u00e2ge l\u00e9gal de d\u00e9part, vous allez \u00eatre concern\u00e9(e) par l'acc\u00e9l\u00e9ration de la r\u00e9forme des retraites, annonc\u00e9e par Fran\u00e7ois Fillon, dans le cadre","robots":{"index":"index","follow":"follow","max-snippet":"max-snippet:-1","max-image-preview":"max-image-preview:large","max-video-preview":"max-video-preview:-1"},"canonical":"https:\/\/www.toutsurmesfinances.com\/retraite\/ne-e-en-1952-a-quel-age-pourrez-vous-partir-en-retraite-apres-le-plan-de-rigueur.html","og_locale":"fr_FR","og_type":"article","og_title":"N\u00e9(e) en 1952 : \u00e0 quel \u00e2ge pourrez-vous partir en retraite apr\u00e8s le plan de rigueur ?","og_description":"Si vous faites partie de la g\u00e9n\u00e9ration 1952 et que vous souhaitez partir en retraite d\u00e8s que vous aurez atteint l'\u00e2ge l\u00e9gal de d\u00e9part, vous allez \u00eatre concern\u00e9(e) par l'acc\u00e9l\u00e9ration de la r\u00e9forme des retraites, annonc\u00e9e par Fran\u00e7ois Fillon, dans le cadre","og_url":"https:\/\/www.toutsurmesfinances.com\/retraite\/ne-e-en-1952-a-quel-age-pourrez-vous-partir-en-retraite-apres-le-plan-de-rigueur.html","og_site_name":"Retraite","article_published_time":"2011-11-09T07:31:24+00:00","article_modified_time":"2012-12-12T15:40:42+00:00","author":"L'\u00e9quipe de r\u00e9daction","twitter_card":"summary_large_image","twitter_creator":"@Toutsur","twitter_site":"@Toutsur","twitter_misc":{"\u00c9crit par":"L'\u00e9quipe de r\u00e9daction","Dur\u00e9e de lecture estim\u00e9e":"1 minute"},"schema":{"@context":"https:\/\/schema.org","@graph":[{"@type":"Article","@id":"https:\/\/www.toutsurmesfinances.com\/retraite\/ne-e-en-1952-a-quel-age-pourrez-vous-partir-en-retraite-apres-le-plan-de-rigueur.html#article","isPartOf":{"@id":"https:\/\/www.toutsurmesfinances.com\/retraite\/ne-e-en-1952-a-quel-age-pourrez-vous-partir-en-retraite-apres-le-plan-de-rigueur.html"},"author":{"name":"L'\u00e9quipe de r\u00e9daction","@id":"https:\/\/www.toutsurmesfinances.com\/retraite\/#\/schema\/person\/19a038f31d078d13966363e7ab7343c6"},"headline":"N\u00e9(e) en 1952 : \u00e0 quel \u00e2ge pourrez-vous partir en retraite apr\u00e8s le plan de rigueur ?","dateModified":"2012-12-12T15:40:42+00:00","mainEntityOfPage":{"@id":"https:\/\/www.toutsurmesfinances.com\/retraite\/ne-e-en-1952-a-quel-age-pourrez-vous-partir-en-retraite-apres-le-plan-de-rigueur.html"},"wordCount":186,"publisher":{"@id":"https:\/\/www.toutsurmesfinances.com\/retraite\/#organization"},"articleSection":["R\u00e9forme des retraites"],"inLanguage":"fr-FR"},{"@type":"WebPage","@id":"https:\/\/www.toutsurmesfinances.com\/retraite\/ne-e-en-1952-a-quel-age-pourrez-vous-partir-en-retraite-apres-le-plan-de-rigueur.html","url":"https:\/\/www.toutsurmesfinances.com\/retraite\/ne-e-en-1952-a-quel-age-pourrez-vous-partir-en-retraite-apres-le-plan-de-rigueur.html","name":"N\u00e9(e) en 1952 : \u00e0 quel \u00e2ge pourrez-vous partir en retraite apr\u00e8s le plan de rigueur ?","isPartOf":{"@id":"https:\/\/www.toutsurmesfinances.com\/retraite\/#website"},"dateModified":"2012-12-12T15:40:42+00:00","description":"Si vous faites partie de la g\u00e9n\u00e9ration 1952 et que vous souhaitez partir en retraite d\u00e8s que vous aurez atteint l'\u00e2ge l\u00e9gal de d\u00e9part, vous allez \u00eatre concern\u00e9(e) par l'acc\u00e9l\u00e9ration de la r\u00e9forme des retraites, annonc\u00e9e par Fran\u00e7ois Fillon, dans le cadre","breadcrumb":{"@id":"https:\/\/www.toutsurmesfinances.com\/retraite\/ne-e-en-1952-a-quel-age-pourrez-vous-partir-en-retraite-apres-le-plan-de-rigueur.html#breadcrumb"},"inLanguage":"fr-FR","potentialAction":[{"@type":"ReadAction","target":["https:\/\/www.toutsurmesfinances.com\/retraite\/ne-e-en-1952-a-quel-age-pourrez-vous-partir-en-retraite-apres-le-plan-de-rigueur.html"]}]},{"@type":"BreadcrumbList","@id":"https:\/\/www.toutsurmesfinances.com\/retraite\/ne-e-en-1952-a-quel-age-pourrez-vous-partir-en-retraite-apres-le-plan-de-rigueur.html#breadcrumb","itemListElement":[{"@type":"ListItem","position":1,"name":"Accueil","item":"https:\/\/www.toutsurmesfinances.com\/retraite\/"},{"@type":"ListItem","position":2,"name":"R\u00e9forme","item":"https:\/\/www.toutsurmesfinances.com\/retraite\/c\/reforme"},{"@type":"ListItem","position":3,"name":"R\u00e9forme des retraites","item":"https:\/\/www.toutsurmesfinances.com\/retraite\/c\/reforme-des-retraites"},{"@type":"ListItem","position":4,"name":"N\u00e9(e) en 1952 : \u00e0 quel \u00e2ge pourrez-vous partir en retraite apr\u00e8s le plan de rigueur ?"}]},{"@type":"WebSite","@id":"https:\/\/www.toutsurmesfinances.com\/retraite\/#website","url":"https:\/\/www.toutsurmesfinances.com\/retraite\/","name":"Retraite","description":"","publisher":{"@id":"https:\/\/www.toutsurmesfinances.com\/retraite\/#organization"},"potentialAction":[{"@type":"SearchAction","target":{"@type":"EntryPoint","urlTemplate":"https:\/\/www.toutsurmesfinances.com\/retraite\/?s={search_term_string}"},"query-input":{"@type":"PropertyValueSpecification","valueRequired":true,"valueName":"search_term_string"}}],"inLanguage":"fr-FR"},{"@type":"Organization","@id":"https:\/\/www.toutsurmesfinances.com\/retraite\/#organization","name":"Tout Sur Mes Finances","url":"https:\/\/www.toutsurmesfinances.com\/retraite\/","logo":{"@type":"ImageObject","inLanguage":"fr-FR","@id":"https:\/\/www.toutsurmesfinances.com\/retraite\/#\/schema\/logo\/image\/","url":"https:\/\/www.toutsurmesfinances.com\/retraite\/wp-content\/uploads\/sites\/4\/2021\/01\/favicon.png","contentUrl":"https:\/\/www.toutsurmesfinances.com\/retraite\/wp-content\/uploads\/sites\/4\/2021\/01\/favicon.png","width":512,"height":512,"caption":"Tout Sur Mes Finances"},"image":{"@id":"https:\/\/www.toutsurmesfinances.com\/retraite\/#\/schema\/logo\/image\/"},"sameAs":["https:\/\/x.com\/Toutsur"]},{"@type":"Person","@id":"https:\/\/www.toutsurmesfinances.com\/retraite\/#\/schema\/person\/19a038f31d078d13966363e7ab7343c6","name":"L'\u00e9quipe de r\u00e9daction","image":{"@type":"ImageObject","inLanguage":"fr-FR","@id":"https:\/\/www.toutsurmesfinances.com\/retraite\/#\/schema\/person\/image\/","url":"https:\/\/secure.gravatar.com\/avatar\/5d078ff23d3ce7cd29bc258e76954673?s=96&d=mm&r=g","contentUrl":"https:\/\/secure.gravatar.com\/avatar\/5d078ff23d3ce7cd29bc258e76954673?s=96&d=mm&r=g","caption":"L'\u00e9quipe de r\u00e9daction"}}]}},"_links":{"self":[{"href":"https:\/\/www.toutsurmesfinances.com\/retraite\/wp-json\/wp\/v2\/posts\/17205","targetHints":{"allow":["GET"]}}],"collection":[{"href":"https:\/\/www.toutsurmesfinances.com\/retraite\/wp-json\/wp\/v2\/posts"}],"about":[{"href":"https:\/\/www.toutsurmesfinances.com\/retraite\/wp-json\/wp\/v2\/types\/post"}],"author":[{"embeddable":true,"href":"https:\/\/www.toutsurmesfinances.com\/retraite\/wp-json\/wp\/v2\/users\/13718"}],"replies":[{"embeddable":true,"href":"https:\/\/www.toutsurmesfinances.com\/retraite\/wp-json\/wp\/v2\/comments?post=17205"}],"version-history":[{"count":1,"href":"https:\/\/www.toutsurmesfinances.com\/retraite\/wp-json\/wp\/v2\/posts\/17205\/revisions"}],"predecessor-version":[{"id":25831,"href":"https:\/\/www.toutsurmesfinances.com\/retraite\/wp-json\/wp\/v2\/posts\/17205\/revisions\/25831"}],"wp:attachment":[{"href":"https:\/\/www.toutsurmesfinances.com\/retraite\/wp-json\/wp\/v2\/media?parent=17205"}],"wp:term":[{"taxonomy":"category","embeddable":true,"href":"https:\/\/www.toutsurmesfinances.com\/retraite\/wp-json\/wp\/v2\/categories?post=17205"},{"taxonomy":"post_tag","embeddable":true,"href":"https:\/\/www.toutsurmesfinances.com\/retraite\/wp-json\/wp\/v2\/tags?post=17205"}],"curies":[{"name":"wp","href":"https:\/\/api.w.org\/{rel}","templated":true}]}}