{"id":17696,"date":"2012-04-26T08:02:38","date_gmt":"2012-04-26T06:02:38","guid":{"rendered":"https:\/\/www.toutsurmesfinances.com\/retraite\/retraites-versees-en-capital-choix-du-prelevement-liberatoire-de-l-impot-sur-le-revenu.html"},"modified":"2021-12-08T15:39:40","modified_gmt":"2021-12-08T14:39:40","slug":"retraites-versees-en-capital-choix-du-prelevement-liberatoire-de-l-impot-sur-le-revenu","status":"publish","type":"post","link":"https:\/\/www.toutsurmesfinances.com\/retraite\/retraites-versees-en-capital-choix-du-prelevement-liberatoire-de-l-impot-sur-le-revenu.html","title":{"rendered":"Retraites vers\u00e9es en capital : choix du pr\u00e9l\u00e8vement lib\u00e9ratoire de l\u2019imp\u00f4t sur le revenu"},"content":{"rendered":"<section class=\"l-section wpb_row height_small\"><div class=\"l-section-h i-cf\"><div class=\"g-cols vc_row via_flex valign_top type_default stacking_default\"><div class=\"vc_col-sm-12 wpb_column vc_column_container\"><div class=\"vc_column-inner\"><div class=\"wpb_wrapper\"><div class=\"wpb_text_column\"><div class=\"wpb_wrapper\"><p>Les contribuables qui touchent une <strong>pension de retraite<\/strong> servie en tout ou partie sous forme de <strong>capital<\/strong> ne vont pas pouvoir \u00e9chapper \u00e0 l&rsquo;imposition de ces revenus. La loi de finances rectificative du 29 d\u00e9cembre 2010 (article 59) a instaur\u00e9 la soumission de ces pensions au bar\u00e8me progressif de l&rsquo;imp\u00f4t sur le revenu (4 tranches de 5,5%, 14%, 30% et 41%). Par cons\u00e9quent, pour la premi\u00e8re fois cette ann\u00e9e, ces pensions vont \u00eatre incluses dans la d\u00e9claration d&rsquo;imp\u00f4ts de 2012 des revenus per\u00e7us en 2011.<\/p>\n<p>Toutefois, certains pensionn\u00e9s vont pourvoir opter pour un autre dispositif d&rsquo;imposition. La loi du 29 juillet 2011 de finances rectificative (article 41) a en effet apport\u00e9 des am\u00e9nagements en offrant la possibilit\u00e9 de choisir un <strong>pr\u00e9l\u00e8vement forfaitaire lib\u00e9ratoire<\/strong> au taux de 7,5% plut\u00f4t que l&rsquo;assujettissement au bar\u00e8me progressif de l&rsquo;imp\u00f4t sur le revenu. Ce pr\u00e9l\u00e8vement s&rsquo;applique sur le capital diminu\u00e9 d&rsquo;un abattement de 10%.<\/p>\n<h2>Case sp\u00e9cifique dans la d\u00e9claration<\/h2>\n<p>Pour pouvoir en b\u00e9n\u00e9ficier, il faut remplir deux conditions. Le versement du capital ne doit pas \u00eatre fractionn\u00e9. Le b\u00e9n\u00e9ficiaire doit \u00e9galement justifier que les cotisations vers\u00e9es lors de la constitution de ses droits (y compris par l&#8217;employeur) \u00ab \u00e9taient d\u00e9ductibles de son revenu imposable ou aff\u00e9rentes \u00e0 un revenu exon\u00e9r\u00e9 dans l&rsquo;Etat auquel \u00e9tait attribu\u00e9 le droit d&rsquo;imposer celui-ci \u00bb, pr\u00e9cise l&rsquo;administration fiscale. Ce syst\u00e8me alternatif a en effet \u00e9t\u00e9 cr\u00e9\u00e9 <strong>pour les r\u00e9sidents fran\u00e7ais, exer\u00e7ant leur activit\u00e9 professionnelle \u00e0 l&rsquo;\u00e9tranger<\/strong>, notamment dans les r\u00e9gions transfrontali\u00e8res, et qui se voyaient p\u00e9nalis\u00e9s par le syst\u00e8me du bar\u00e8me progressif de l&rsquo;imp\u00f4t sur le revenu lors de leur d\u00e9part en retraite, celui-ci alourdissant leur taxation.<\/p>\n<p>Ce taux concernera en particulier la part des plans \u00e9pargne retraite populaire (Perp) dont la sortie se fait en capital mais aussi les contrats Prefon (retraite compl\u00e9mentaire pour les fonctionnaires).<\/p>\n<p>Dans la pratique le contribuable doit reporter le montant de la retraite per\u00e7u en capital sur sa d\u00e9claration de revenus 2011 imposables en 2012 dans une case sp\u00e9cifique (rubriques 1ATet 1BT). L&rsquo;administration fiscale se charge ensuite de calculer le pr\u00e9l\u00e8vement de 7,5% en m\u00eame temps que l&rsquo;imp\u00f4t sur le revenu.<\/p>\n<\/div><\/div><\/div><\/div><\/div><\/div><\/div><\/section>\n","protected":false},"excerpt":{"rendered":"<p>DECLARATION 2012. Un nouveau dispositif d&rsquo;imposition des prestations de retraite vers\u00e9es sous forme de capital s&rsquo;applique \u00e0 partir de 2012 pour l&rsquo;imposition des revenus 2011. Les contribuables peuvent choisir entre la soumission \u00e0 l&rsquo;imp\u00f4t sur le revenu de ces pensions ou, s&rsquo;ils remplissent les conditions, une imposition s\u00e9par\u00e9e avec un pr\u00e9l\u00e8vement forfaitaire de 7,5%.<\/p>\n","protected":false},"author":13718,"featured_media":17695,"comment_status":"closed","ping_status":"closed","sticky":false,"template":"","format":"standard","meta":{"footnotes":""},"categories":[11],"tags":[],"class_list":["post-17696","post","type-post","status-publish","format-standard","has-post-thumbnail","hentry","category-droits-a-la-retraite"],"acf":[],"yoast_head":"<!-- This site is optimized with the Yoast SEO plugin v24.9 - https:\/\/yoast.com\/wordpress\/plugins\/seo\/ -->\n<title>Retraites vers\u00e9es en capital : choix du pr\u00e9l\u00e8vement lib\u00e9ratoire de l\u2019imp\u00f4t sur le revenu<\/title>\n<meta name=\"description\" content=\"DECLARATION 2012. Un nouveau dispositif d&#039;imposition des prestations de retraite vers\u00e9es sous forme de capital s&#039;applique \u00e0 partir de 2012 pour l&#039;imposition des revenus 2011. Les contribuables peuvent choisir entre la soumission \u00e0 l&#039;imp\u00f4t sur le revenu de\" \/>\n<meta name=\"robots\" content=\"index, follow, max-snippet:-1, max-image-preview:large, max-video-preview:-1\" \/>\n<link rel=\"canonical\" href=\"https:\/\/www.toutsurmesfinances.com\/retraite\/retraites-versees-en-capital-choix-du-prelevement-liberatoire-de-l-impot-sur-le-revenu.html\" \/>\n<meta property=\"og:locale\" content=\"fr_FR\" \/>\n<meta property=\"og:type\" content=\"article\" \/>\n<meta property=\"og:title\" content=\"Retraites vers\u00e9es en capital : choix du pr\u00e9l\u00e8vement lib\u00e9ratoire de l\u2019imp\u00f4t sur le revenu\" \/>\n<meta property=\"og:description\" content=\"DECLARATION 2012. Un nouveau dispositif d&#039;imposition des prestations de retraite vers\u00e9es sous forme de capital s&#039;applique \u00e0 partir de 2012 pour l&#039;imposition des revenus 2011. Les contribuables peuvent choisir entre la soumission \u00e0 l&#039;imp\u00f4t sur le revenu de\" \/>\n<meta property=\"og:url\" content=\"https:\/\/www.toutsurmesfinances.com\/retraite\/retraites-versees-en-capital-choix-du-prelevement-liberatoire-de-l-impot-sur-le-revenu.html\" \/>\n<meta property=\"og:site_name\" content=\"Retraite\" \/>\n<meta property=\"article:published_time\" content=\"2012-04-26T06:02:38+00:00\" \/>\n<meta property=\"article:modified_time\" content=\"2021-12-08T14:39:40+00:00\" \/>\n<meta property=\"og:image\" content=\"https:\/\/www.toutsurmesfinances.com\/retraite\/wp-content\/uploads\/sites\/4\/2012\/04\/retraite-bercy-1.JPG\" \/>\n\t<meta property=\"og:image:width\" content=\"480\" \/>\n\t<meta property=\"og:image:height\" content=\"360\" \/>\n\t<meta property=\"og:image:type\" content=\"image\/jpeg\" \/>\n<meta name=\"author\" content=\"L&#039;\u00e9quipe de r\u00e9daction\" \/>\n<meta name=\"twitter:card\" content=\"summary_large_image\" \/>\n<meta name=\"twitter:creator\" content=\"@Toutsur\" \/>\n<meta name=\"twitter:site\" content=\"@Toutsur\" \/>\n<meta name=\"twitter:label1\" content=\"\u00c9crit par\" \/>\n\t<meta name=\"twitter:data1\" content=\"L&#039;\u00e9quipe de r\u00e9daction\" \/>\n\t<meta name=\"twitter:label2\" content=\"Dur\u00e9e de lecture estim\u00e9e\" \/>\n\t<meta name=\"twitter:data2\" content=\"2 minutes\" \/>\n<script type=\"application\/ld+json\" class=\"yoast-schema-graph\">{\"@context\":\"https:\/\/schema.org\",\"@graph\":[{\"@type\":\"Article\",\"@id\":\"https:\/\/www.toutsurmesfinances.com\/retraite\/retraites-versees-en-capital-choix-du-prelevement-liberatoire-de-l-impot-sur-le-revenu.html#article\",\"isPartOf\":{\"@id\":\"https:\/\/www.toutsurmesfinances.com\/retraite\/retraites-versees-en-capital-choix-du-prelevement-liberatoire-de-l-impot-sur-le-revenu.html\"},\"author\":{\"name\":\"L'\u00e9quipe de r\u00e9daction\",\"@id\":\"https:\/\/www.toutsurmesfinances.com\/retraite\/#\/schema\/person\/19a038f31d078d13966363e7ab7343c6\"},\"headline\":\"Retraites vers\u00e9es en capital : choix du pr\u00e9l\u00e8vement lib\u00e9ratoire de l\u2019imp\u00f4t sur le revenu\",\"dateModified\":\"2021-12-08T14:39:40+00:00\",\"mainEntityOfPage\":{\"@id\":\"https:\/\/www.toutsurmesfinances.com\/retraite\/retraites-versees-en-capital-choix-du-prelevement-liberatoire-de-l-impot-sur-le-revenu.html\"},\"wordCount\":423,\"publisher\":{\"@id\":\"https:\/\/www.toutsurmesfinances.com\/retraite\/#organization\"},\"image\":{\"@id\":\"https:\/\/www.toutsurmesfinances.com\/retraite\/retraites-versees-en-capital-choix-du-prelevement-liberatoire-de-l-impot-sur-le-revenu.html#primaryimage\"},\"thumbnailUrl\":\"https:\/\/www.toutsurmesfinances.com\/retraite\/wp-content\/uploads\/sites\/4\/2012\/04\/retraite-bercy-1.JPG\",\"articleSection\":[\"Droits \u00e0 la retraite\"],\"inLanguage\":\"fr-FR\"},{\"@type\":\"WebPage\",\"@id\":\"https:\/\/www.toutsurmesfinances.com\/retraite\/retraites-versees-en-capital-choix-du-prelevement-liberatoire-de-l-impot-sur-le-revenu.html\",\"url\":\"https:\/\/www.toutsurmesfinances.com\/retraite\/retraites-versees-en-capital-choix-du-prelevement-liberatoire-de-l-impot-sur-le-revenu.html\",\"name\":\"Retraites vers\u00e9es en capital : choix du pr\u00e9l\u00e8vement lib\u00e9ratoire de l\u2019imp\u00f4t sur le revenu\",\"isPartOf\":{\"@id\":\"https:\/\/www.toutsurmesfinances.com\/retraite\/#website\"},\"primaryImageOfPage\":{\"@id\":\"https:\/\/www.toutsurmesfinances.com\/retraite\/retraites-versees-en-capital-choix-du-prelevement-liberatoire-de-l-impot-sur-le-revenu.html#primaryimage\"},\"image\":{\"@id\":\"https:\/\/www.toutsurmesfinances.com\/retraite\/retraites-versees-en-capital-choix-du-prelevement-liberatoire-de-l-impot-sur-le-revenu.html#primaryimage\"},\"thumbnailUrl\":\"https:\/\/www.toutsurmesfinances.com\/retraite\/wp-content\/uploads\/sites\/4\/2012\/04\/retraite-bercy-1.JPG\",\"dateModified\":\"2021-12-08T14:39:40+00:00\",\"description\":\"DECLARATION 2012. Un nouveau dispositif d'imposition des prestations de retraite vers\u00e9es sous forme de capital s'applique \u00e0 partir de 2012 pour l'imposition des revenus 2011. Les contribuables peuvent choisir entre la soumission \u00e0 l'imp\u00f4t sur le revenu de\",\"breadcrumb\":{\"@id\":\"https:\/\/www.toutsurmesfinances.com\/retraite\/retraites-versees-en-capital-choix-du-prelevement-liberatoire-de-l-impot-sur-le-revenu.html#breadcrumb\"},\"inLanguage\":\"fr-FR\",\"potentialAction\":[{\"@type\":\"ReadAction\",\"target\":[\"https:\/\/www.toutsurmesfinances.com\/retraite\/retraites-versees-en-capital-choix-du-prelevement-liberatoire-de-l-impot-sur-le-revenu.html\"]}]},{\"@type\":\"ImageObject\",\"inLanguage\":\"fr-FR\",\"@id\":\"https:\/\/www.toutsurmesfinances.com\/retraite\/retraites-versees-en-capital-choix-du-prelevement-liberatoire-de-l-impot-sur-le-revenu.html#primaryimage\",\"url\":\"https:\/\/www.toutsurmesfinances.com\/retraite\/wp-content\/uploads\/sites\/4\/2012\/04\/retraite-bercy-1.JPG\",\"contentUrl\":\"https:\/\/www.toutsurmesfinances.com\/retraite\/wp-content\/uploads\/sites\/4\/2012\/04\/retraite-bercy-1.JPG\",\"width\":480,\"height\":360,\"caption\":\"Minist\u00e8re des Finances, Ber\u00e7y, \u00e0 Paris (Infomedia - Toutsurmesfinances)\"},{\"@type\":\"BreadcrumbList\",\"@id\":\"https:\/\/www.toutsurmesfinances.com\/retraite\/retraites-versees-en-capital-choix-du-prelevement-liberatoire-de-l-impot-sur-le-revenu.html#breadcrumb\",\"itemListElement\":[{\"@type\":\"ListItem\",\"position\":1,\"name\":\"Accueil\",\"item\":\"https:\/\/www.toutsurmesfinances.com\/retraite\/\"},{\"@type\":\"ListItem\",\"position\":2,\"name\":\"Droits\",\"item\":\"https:\/\/www.toutsurmesfinances.com\/retraite\/c\/droits\"},{\"@type\":\"ListItem\",\"position\":3,\"name\":\"Droits \u00e0 la retraite\",\"item\":\"https:\/\/www.toutsurmesfinances.com\/retraite\/c\/droits-a-la-retraite\"},{\"@type\":\"ListItem\",\"position\":4,\"name\":\"Retraites vers\u00e9es en capital : choix du pr\u00e9l\u00e8vement lib\u00e9ratoire de l\u2019imp\u00f4t sur le revenu\"}]},{\"@type\":\"WebSite\",\"@id\":\"https:\/\/www.toutsurmesfinances.com\/retraite\/#website\",\"url\":\"https:\/\/www.toutsurmesfinances.com\/retraite\/\",\"name\":\"Retraite\",\"description\":\"\",\"publisher\":{\"@id\":\"https:\/\/www.toutsurmesfinances.com\/retraite\/#organization\"},\"potentialAction\":[{\"@type\":\"SearchAction\",\"target\":{\"@type\":\"EntryPoint\",\"urlTemplate\":\"https:\/\/www.toutsurmesfinances.com\/retraite\/?s={search_term_string}\"},\"query-input\":{\"@type\":\"PropertyValueSpecification\",\"valueRequired\":true,\"valueName\":\"search_term_string\"}}],\"inLanguage\":\"fr-FR\"},{\"@type\":\"Organization\",\"@id\":\"https:\/\/www.toutsurmesfinances.com\/retraite\/#organization\",\"name\":\"Tout Sur Mes Finances\",\"url\":\"https:\/\/www.toutsurmesfinances.com\/retraite\/\",\"logo\":{\"@type\":\"ImageObject\",\"inLanguage\":\"fr-FR\",\"@id\":\"https:\/\/www.toutsurmesfinances.com\/retraite\/#\/schema\/logo\/image\/\",\"url\":\"https:\/\/www.toutsurmesfinances.com\/retraite\/wp-content\/uploads\/sites\/4\/2021\/01\/favicon.png\",\"contentUrl\":\"https:\/\/www.toutsurmesfinances.com\/retraite\/wp-content\/uploads\/sites\/4\/2021\/01\/favicon.png\",\"width\":512,\"height\":512,\"caption\":\"Tout Sur Mes Finances\"},\"image\":{\"@id\":\"https:\/\/www.toutsurmesfinances.com\/retraite\/#\/schema\/logo\/image\/\"},\"sameAs\":[\"https:\/\/x.com\/Toutsur\"]},{\"@type\":\"Person\",\"@id\":\"https:\/\/www.toutsurmesfinances.com\/retraite\/#\/schema\/person\/19a038f31d078d13966363e7ab7343c6\",\"name\":\"L'\u00e9quipe de r\u00e9daction\",\"image\":{\"@type\":\"ImageObject\",\"inLanguage\":\"fr-FR\",\"@id\":\"https:\/\/www.toutsurmesfinances.com\/retraite\/#\/schema\/person\/image\/\",\"url\":\"https:\/\/secure.gravatar.com\/avatar\/5d078ff23d3ce7cd29bc258e76954673?s=96&d=mm&r=g\",\"contentUrl\":\"https:\/\/secure.gravatar.com\/avatar\/5d078ff23d3ce7cd29bc258e76954673?s=96&d=mm&r=g\",\"caption\":\"L'\u00e9quipe de r\u00e9daction\"}}]}<\/script>\n<!-- \/ Yoast SEO plugin. -->","yoast_head_json":{"title":"Retraites vers\u00e9es en capital : choix du pr\u00e9l\u00e8vement lib\u00e9ratoire de l\u2019imp\u00f4t sur le revenu","description":"DECLARATION 2012. Un nouveau dispositif d'imposition des prestations de retraite vers\u00e9es sous forme de capital s'applique \u00e0 partir de 2012 pour l'imposition des revenus 2011. Les contribuables peuvent choisir entre la soumission \u00e0 l'imp\u00f4t sur le revenu de","robots":{"index":"index","follow":"follow","max-snippet":"max-snippet:-1","max-image-preview":"max-image-preview:large","max-video-preview":"max-video-preview:-1"},"canonical":"https:\/\/www.toutsurmesfinances.com\/retraite\/retraites-versees-en-capital-choix-du-prelevement-liberatoire-de-l-impot-sur-le-revenu.html","og_locale":"fr_FR","og_type":"article","og_title":"Retraites vers\u00e9es en capital : choix du pr\u00e9l\u00e8vement lib\u00e9ratoire de l\u2019imp\u00f4t sur le revenu","og_description":"DECLARATION 2012. Un nouveau dispositif d'imposition des prestations de retraite vers\u00e9es sous forme de capital s'applique \u00e0 partir de 2012 pour l'imposition des revenus 2011. Les contribuables peuvent choisir entre la soumission \u00e0 l'imp\u00f4t sur le revenu de","og_url":"https:\/\/www.toutsurmesfinances.com\/retraite\/retraites-versees-en-capital-choix-du-prelevement-liberatoire-de-l-impot-sur-le-revenu.html","og_site_name":"Retraite","article_published_time":"2012-04-26T06:02:38+00:00","article_modified_time":"2021-12-08T14:39:40+00:00","og_image":[{"width":480,"height":360,"url":"https:\/\/www.toutsurmesfinances.com\/retraite\/wp-content\/uploads\/sites\/4\/2012\/04\/retraite-bercy-1.JPG","type":"image\/jpeg"}],"author":"L'\u00e9quipe de r\u00e9daction","twitter_card":"summary_large_image","twitter_creator":"@Toutsur","twitter_site":"@Toutsur","twitter_misc":{"\u00c9crit par":"L'\u00e9quipe de r\u00e9daction","Dur\u00e9e de lecture estim\u00e9e":"2 minutes"},"schema":{"@context":"https:\/\/schema.org","@graph":[{"@type":"Article","@id":"https:\/\/www.toutsurmesfinances.com\/retraite\/retraites-versees-en-capital-choix-du-prelevement-liberatoire-de-l-impot-sur-le-revenu.html#article","isPartOf":{"@id":"https:\/\/www.toutsurmesfinances.com\/retraite\/retraites-versees-en-capital-choix-du-prelevement-liberatoire-de-l-impot-sur-le-revenu.html"},"author":{"name":"L'\u00e9quipe de r\u00e9daction","@id":"https:\/\/www.toutsurmesfinances.com\/retraite\/#\/schema\/person\/19a038f31d078d13966363e7ab7343c6"},"headline":"Retraites vers\u00e9es en capital : choix du pr\u00e9l\u00e8vement lib\u00e9ratoire de l\u2019imp\u00f4t sur le revenu","dateModified":"2021-12-08T14:39:40+00:00","mainEntityOfPage":{"@id":"https:\/\/www.toutsurmesfinances.com\/retraite\/retraites-versees-en-capital-choix-du-prelevement-liberatoire-de-l-impot-sur-le-revenu.html"},"wordCount":423,"publisher":{"@id":"https:\/\/www.toutsurmesfinances.com\/retraite\/#organization"},"image":{"@id":"https:\/\/www.toutsurmesfinances.com\/retraite\/retraites-versees-en-capital-choix-du-prelevement-liberatoire-de-l-impot-sur-le-revenu.html#primaryimage"},"thumbnailUrl":"https:\/\/www.toutsurmesfinances.com\/retraite\/wp-content\/uploads\/sites\/4\/2012\/04\/retraite-bercy-1.JPG","articleSection":["Droits \u00e0 la retraite"],"inLanguage":"fr-FR"},{"@type":"WebPage","@id":"https:\/\/www.toutsurmesfinances.com\/retraite\/retraites-versees-en-capital-choix-du-prelevement-liberatoire-de-l-impot-sur-le-revenu.html","url":"https:\/\/www.toutsurmesfinances.com\/retraite\/retraites-versees-en-capital-choix-du-prelevement-liberatoire-de-l-impot-sur-le-revenu.html","name":"Retraites vers\u00e9es en capital : choix du pr\u00e9l\u00e8vement lib\u00e9ratoire de l\u2019imp\u00f4t sur le revenu","isPartOf":{"@id":"https:\/\/www.toutsurmesfinances.com\/retraite\/#website"},"primaryImageOfPage":{"@id":"https:\/\/www.toutsurmesfinances.com\/retraite\/retraites-versees-en-capital-choix-du-prelevement-liberatoire-de-l-impot-sur-le-revenu.html#primaryimage"},"image":{"@id":"https:\/\/www.toutsurmesfinances.com\/retraite\/retraites-versees-en-capital-choix-du-prelevement-liberatoire-de-l-impot-sur-le-revenu.html#primaryimage"},"thumbnailUrl":"https:\/\/www.toutsurmesfinances.com\/retraite\/wp-content\/uploads\/sites\/4\/2012\/04\/retraite-bercy-1.JPG","dateModified":"2021-12-08T14:39:40+00:00","description":"DECLARATION 2012. Un nouveau dispositif d'imposition des prestations de retraite vers\u00e9es sous forme de capital s'applique \u00e0 partir de 2012 pour l'imposition des revenus 2011. Les contribuables peuvent choisir entre la soumission \u00e0 l'imp\u00f4t sur le revenu de","breadcrumb":{"@id":"https:\/\/www.toutsurmesfinances.com\/retraite\/retraites-versees-en-capital-choix-du-prelevement-liberatoire-de-l-impot-sur-le-revenu.html#breadcrumb"},"inLanguage":"fr-FR","potentialAction":[{"@type":"ReadAction","target":["https:\/\/www.toutsurmesfinances.com\/retraite\/retraites-versees-en-capital-choix-du-prelevement-liberatoire-de-l-impot-sur-le-revenu.html"]}]},{"@type":"ImageObject","inLanguage":"fr-FR","@id":"https:\/\/www.toutsurmesfinances.com\/retraite\/retraites-versees-en-capital-choix-du-prelevement-liberatoire-de-l-impot-sur-le-revenu.html#primaryimage","url":"https:\/\/www.toutsurmesfinances.com\/retraite\/wp-content\/uploads\/sites\/4\/2012\/04\/retraite-bercy-1.JPG","contentUrl":"https:\/\/www.toutsurmesfinances.com\/retraite\/wp-content\/uploads\/sites\/4\/2012\/04\/retraite-bercy-1.JPG","width":480,"height":360,"caption":"Minist\u00e8re des Finances, Ber\u00e7y, \u00e0 Paris (Infomedia - Toutsurmesfinances)"},{"@type":"BreadcrumbList","@id":"https:\/\/www.toutsurmesfinances.com\/retraite\/retraites-versees-en-capital-choix-du-prelevement-liberatoire-de-l-impot-sur-le-revenu.html#breadcrumb","itemListElement":[{"@type":"ListItem","position":1,"name":"Accueil","item":"https:\/\/www.toutsurmesfinances.com\/retraite\/"},{"@type":"ListItem","position":2,"name":"Droits","item":"https:\/\/www.toutsurmesfinances.com\/retraite\/c\/droits"},{"@type":"ListItem","position":3,"name":"Droits \u00e0 la retraite","item":"https:\/\/www.toutsurmesfinances.com\/retraite\/c\/droits-a-la-retraite"},{"@type":"ListItem","position":4,"name":"Retraites vers\u00e9es en capital : choix du pr\u00e9l\u00e8vement lib\u00e9ratoire de l\u2019imp\u00f4t sur le revenu"}]},{"@type":"WebSite","@id":"https:\/\/www.toutsurmesfinances.com\/retraite\/#website","url":"https:\/\/www.toutsurmesfinances.com\/retraite\/","name":"Retraite","description":"","publisher":{"@id":"https:\/\/www.toutsurmesfinances.com\/retraite\/#organization"},"potentialAction":[{"@type":"SearchAction","target":{"@type":"EntryPoint","urlTemplate":"https:\/\/www.toutsurmesfinances.com\/retraite\/?s={search_term_string}"},"query-input":{"@type":"PropertyValueSpecification","valueRequired":true,"valueName":"search_term_string"}}],"inLanguage":"fr-FR"},{"@type":"Organization","@id":"https:\/\/www.toutsurmesfinances.com\/retraite\/#organization","name":"Tout Sur Mes Finances","url":"https:\/\/www.toutsurmesfinances.com\/retraite\/","logo":{"@type":"ImageObject","inLanguage":"fr-FR","@id":"https:\/\/www.toutsurmesfinances.com\/retraite\/#\/schema\/logo\/image\/","url":"https:\/\/www.toutsurmesfinances.com\/retraite\/wp-content\/uploads\/sites\/4\/2021\/01\/favicon.png","contentUrl":"https:\/\/www.toutsurmesfinances.com\/retraite\/wp-content\/uploads\/sites\/4\/2021\/01\/favicon.png","width":512,"height":512,"caption":"Tout Sur Mes Finances"},"image":{"@id":"https:\/\/www.toutsurmesfinances.com\/retraite\/#\/schema\/logo\/image\/"},"sameAs":["https:\/\/x.com\/Toutsur"]},{"@type":"Person","@id":"https:\/\/www.toutsurmesfinances.com\/retraite\/#\/schema\/person\/19a038f31d078d13966363e7ab7343c6","name":"L'\u00e9quipe de r\u00e9daction","image":{"@type":"ImageObject","inLanguage":"fr-FR","@id":"https:\/\/www.toutsurmesfinances.com\/retraite\/#\/schema\/person\/image\/","url":"https:\/\/secure.gravatar.com\/avatar\/5d078ff23d3ce7cd29bc258e76954673?s=96&d=mm&r=g","contentUrl":"https:\/\/secure.gravatar.com\/avatar\/5d078ff23d3ce7cd29bc258e76954673?s=96&d=mm&r=g","caption":"L'\u00e9quipe de r\u00e9daction"}}]}},"_links":{"self":[{"href":"https:\/\/www.toutsurmesfinances.com\/retraite\/wp-json\/wp\/v2\/posts\/17696","targetHints":{"allow":["GET"]}}],"collection":[{"href":"https:\/\/www.toutsurmesfinances.com\/retraite\/wp-json\/wp\/v2\/posts"}],"about":[{"href":"https:\/\/www.toutsurmesfinances.com\/retraite\/wp-json\/wp\/v2\/types\/post"}],"author":[{"embeddable":true,"href":"https:\/\/www.toutsurmesfinances.com\/retraite\/wp-json\/wp\/v2\/users\/13718"}],"replies":[{"embeddable":true,"href":"https:\/\/www.toutsurmesfinances.com\/retraite\/wp-json\/wp\/v2\/comments?post=17696"}],"version-history":[{"count":2,"href":"https:\/\/www.toutsurmesfinances.com\/retraite\/wp-json\/wp\/v2\/posts\/17696\/revisions"}],"predecessor-version":[{"id":30589,"href":"https:\/\/www.toutsurmesfinances.com\/retraite\/wp-json\/wp\/v2\/posts\/17696\/revisions\/30589"}],"wp:featuredmedia":[{"embeddable":true,"href":"https:\/\/www.toutsurmesfinances.com\/retraite\/wp-json\/wp\/v2\/media\/17695"}],"wp:attachment":[{"href":"https:\/\/www.toutsurmesfinances.com\/retraite\/wp-json\/wp\/v2\/media?parent=17696"}],"wp:term":[{"taxonomy":"category","embeddable":true,"href":"https:\/\/www.toutsurmesfinances.com\/retraite\/wp-json\/wp\/v2\/categories?post=17696"},{"taxonomy":"post_tag","embeddable":true,"href":"https:\/\/www.toutsurmesfinances.com\/retraite\/wp-json\/wp\/v2\/tags?post=17696"}],"curies":[{"name":"wp","href":"https:\/\/api.w.org\/{rel}","templated":true}]}}