{"id":17913,"date":"2012-06-11T11:46:37","date_gmt":"2012-06-11T09:46:37","guid":{"rendered":"https:\/\/www.toutsurmesfinances.com\/retraite\/retraite-anticipee-le-nouveau-decret-carrieres-longues-en-10-questions-reponses.html"},"modified":"2025-07-10T10:29:52","modified_gmt":"2025-07-10T08:29:52","slug":"retraite-anticipee-le-nouveau-decret-carrieres-longues-en-10-questions-reponses","status":"publish","type":"post","link":"https:\/\/www.toutsurmesfinances.com\/retraite\/retraite-anticipee-le-nouveau-decret-carrieres-longues-en-10-questions-reponses.html","title":{"rendered":"Retraite anticip\u00e9e : le nouveau d\u00e9cret carri\u00e8res longues en 10 questions-r\u00e9ponses"},"content":{"rendered":"<p><strong>1. Qui peut b\u00e9n\u00e9ficier du r\u00e9tablissement partiel de la retraite \u00e0 l&rsquo;\u00e2ge de 60 ans ?<\/strong><\/p>\n<p>Le r\u00e9tablissement de la possibilit\u00e9 de partir en retraite \u00e0 60 ans n&rsquo;est possible qu&rsquo;\u00e0 condition d&rsquo;avoir commenc\u00e9 \u00e0 travailler t\u00f4t et d&rsquo;avoir cotis\u00e9 la dur\u00e9e requise pour partir \u00e0 la retraite \u00e0 taux plein en fonction de son ann\u00e9e de naissance. Exemples : 164 trimestres si vous \u00eates n\u00e9(e) en 1952, 165 trimestres si vous \u00eates n\u00e9(e) en 1953 ou en 1954, 166 trimestres si vous \u00eates n\u00e9(e) en 1955 ou en 1956.<\/p>\n<p><strong>2. Quelles sont les conditions exig\u00e9es ?<\/strong><\/p>\n<p>L&rsquo;\u00e9ligibilit\u00e9 au nouveau dispositif carri\u00e8res longues est soumise \u00e0 deux conditions : une condition de dur\u00e9e d&rsquo;assurance et une condition de d\u00e9but d&rsquo;activit\u00e9. Ainsi, pour liquider ses droits \u00e0 la retraite \u00e0 60 ans, il faut \u00eatre en mesure de justifier la dur\u00e9e exig\u00e9e pour un d\u00e9part en retraite retraite \u00e0 taux plein (voir ci-dessous) et avoir cotis\u00e9 au moins 5 trimestres \u00e0 la fin de l&rsquo;ann\u00e9e civile vos 20 ans. Pour les personnes dont la date de naissance est au quatri\u00e8me trimestre, il est exig\u00e9 d&rsquo;avoir cotis\u00e9 4 trimestres \u00e0 la fin de l&rsquo;ann\u00e9e de ses 20 ans.<\/p>\n<p>Autre assouplissement en plus de la r\u00e9ouverture du droit d&rsquo;un d\u00e9part \u00e0 60 ans, le gouvernement a supprim\u00e9 la condition d&rsquo;une dur\u00e9e valid\u00e9e de 2 ans suppl\u00e9mentaires par rapport \u00e0 la dur\u00e9e d&rsquo;assurance requise (exemple 172 trimestres au lieu de 164 trimestres) qui pr\u00e9valait dans l&rsquo;ancien dispositif carri\u00e8res longues.<\/p>\n<p><strong>3. Quels sont les trimestres nouvellement pris en compte pour le calcul des 41 annuit\u00e9s ?<\/strong><\/p>\n<p>Tous les trimestres acquis dans le cadre de votre activit\u00e9 professionnelle sont pris en compte pour le calcul des annuit\u00e9s n\u00e9cessaires. L&rsquo;une des nouveaut\u00e9s pr\u00e9vues par le d\u00e9cret porte sur la prise en compte de 2 trimestres suppl\u00e9mentaires au titre de la maternit\u00e9 et de 2 trimestres pour cause de ch\u00f4mage. Ces trimestres r\u00e9put\u00e9s valid\u00e9s \u00e0 titre d\u00e9rogatoire s&rsquo;ajoutent aux p\u00e9riodes d\u00e9j\u00e0 prises en compte avant cette r\u00e9forme :<br \/>\n&#8211; 4 trimestres maximum au titre du service militaire<br \/>\n&#8211; 4 trimestres maximum au titre p\u00e9riodes de maladie, maternit\u00e9 et accident du travail<\/p>\n<p><strong>4. Quels sont les r\u00e9gimes de retraite concern\u00e9s ?<\/strong><\/p>\n<p>Le champ d&rsquo;application du d\u00e9cret concerne tous les r\u00e9gimes de retraite de base (Cnav, service des retraites de l&rsquo;Etat, CNRACL, pensions de base du RSI et de la MSA, etc.). Les r\u00e9gimes compl\u00e9mentaires ne sont pas vis\u00e9s (voir plus bas).<\/p>\n<p><strong>5. Quand le d\u00e9cret d&rsquo;application sera-t-il publi\u00e9 ?<\/strong><\/p>\n<p>Le d\u00e9cret doit \u00eatre publi\u00e9 \u00e0 la fin du mois de juin ou au d\u00e9but du mois de juillet 2012.<\/p>\n<p><strong>6. Quel est le calendrier d&rsquo;application de la mesure ?<\/strong><\/p>\n<p>La mise en \u0153uvre effective du droit \u00e0 la retraite \u00e0 60 ans interviendra le 1er novembre 2012 prochain. Mais il sera possible d&rsquo;effectuer une demande de d\u00e9part anticip\u00e9 \u00e0 la retraite avant cette date, d\u00e8s la publication du d\u00e9cret d&rsquo;application au Journal Officiel (J.O.).<\/p>\n<p><strong>7. Quand pourrai-je demander le b\u00e9n\u00e9fice de ma retraite anticip\u00e9e ?<\/strong><\/p>\n<p>Les assur\u00e9s \u00e9ligibles au nouveau dispositif carri\u00e8res longues pourront d\u00e9poser leur demande de d\u00e9part \u00e0 la retraite d\u00e8s l&rsquo;\u00e9t\u00e9 2012, une fois le d\u00e9cret paru au J.O. Le droit \u00e0 la retraite \u00e0 60 ans sera effectivement ouvert \u00e0 partir du 1er novembre 2012.<\/p>\n<p><strong>8. Je suis n\u00e9(e) entre 1952 et 1955. Quelles sont les changements pour moi ?<br \/>\n<\/strong>De combien de mois votre d\u00e9part en retraite sera-t-il avanc\u00e9 par rapport \u00e0 la date de d\u00e9part possible depuis la r\u00e9forme de 2010 ? Ce nombre d\u00e9pend de l&rsquo;ann\u00e9e durant laquelle vous atteignez l&rsquo;\u00e2ge de 60 ans :<br \/>\n&#8211; Naissance le 1er novembre 1952 : d\u00e9part possible le 1er novembre 2012, 9 mois gagn\u00e9s<br \/>\n&#8211; Naissance le 1er janvier 1953 : d\u00e9part possible le 1er janvier 2013, 1 an et 2 mois gagn\u00e9s<br \/>\n&#8211; Naissance le 1er janvier 1954 : d\u00e9part possible le 1er janvier 2014, 1 an et 7 mois gagn\u00e9s<br \/>\n&#8211; Naissance le 1er janvier 1955 : d\u00e9part possible le 1er janvier 2015, 2 ans gagn\u00e9s<br \/>\n&#8211; Naissance le 1er janvier 1956 : d\u00e9part possible le 1er janvier 2016, 2 ans gagn\u00e9s<\/p>\n<p><strong>9. De combien les cotisations retraite vont-elles augmenter ?<\/strong><\/p>\n<p>Les cotisations retraite vont augmenter progressivement, pour atteindre, \u00e0 l&rsquo;horizon 2017, une hausse de 0,25 point pour les cotisations salari\u00e9s et d&rsquo;autant du c\u00f4t\u00e9 des cotisations employeurs (soit 0,5 point au total). Cette augmentation s&rsquo;effectuera au rythme de 0,10 point par an (0,05 point c\u00f4t\u00e9 salari\u00e9 + 0,05 point c\u00f4t\u00e9 employeur). Selon le gouvernement, cette hausse repr\u00e9sentera une ponction suppl\u00e9mentaire de 3,4 euros par mois en 2017 pour un smicard et de 5 euros par mois pour un salari\u00e9 qui touche un salaire mensuel de 1600 euros (salaire m\u00e9dian).<\/p>\n<p><strong>10. Ces changements sont-ils applicables aux retraites compl\u00e9mentaires Agirc-Arrco ?<\/strong><\/p>\n<p>Ces dispositions nouvelles ne sont applicables qu&rsquo;aux r\u00e9gimes de retraite de base. Leur traduction dans les r\u00e9gimes de retraite compl\u00e9mentaire (Agirc, Arrco) est soumise \u00e0 un compromis qui doit \u00eatre trouv\u00e9 entre patronat et syndicats, les partenaires sociaux \u00e9tant gestionnaires des r\u00e9gimes compl\u00e9mentaires. S&rsquo;il est permis de <em>\u00ab penser que l&rsquo;ARRCO suivra, il n&rsquo;est pas certain que l&rsquo;AGIRC s&rsquo;alignera sur cette \u00e9volution r\u00e9glementaire \u00bb<\/em>, estime Maximis Retraite, soci\u00e9t\u00e9 sp\u00e9cialis\u00e9e dans les bilans retraite.<\/p>\n<p><strong>En savoir plus<\/strong><br \/>\n<strong><span style=\"color: #2c79b3\">&gt;&gt;<\/span> DOSSIER SP\u00c9CIAL nouveau dispositif carri\u00e8res longues<\/strong><\/p>\n","protected":false},"excerpt":{"rendered":"<p>Le retour du droit \u00e0 un d\u00e9part \u00e0 la retraite \u00e0 60 ans voulu par Fran\u00e7ois Hollande et annonc\u00e9 par le gouvernement le 6 juin sera effectif fin 2012, mais pas pour tous. Le d\u00e9cret d&rsquo;application, qui modifie le dispositif de retraite anticip\u00e9e pour carri\u00e8re longues, ne concernera que les personnes qui ont commenc\u00e9 \u00e0 travailler jeunes et qui r\u00e9unissent le nombre de trimestres exig\u00e9s selon leur ann\u00e9e de naissance. Tour d&rsquo;horizon du nouveau dispositif en 10 questions-r\u00e9ponses.<\/p>\n","protected":false},"author":13709,"featured_media":32228,"comment_status":"closed","ping_status":"closed","sticky":false,"template":"","format":"standard","meta":{"footnotes":""},"categories":[13],"tags":[],"class_list":["post-17913","post","type-post","status-publish","format-standard","has-post-thumbnail","hentry","category-depart-a-la-retraite"],"acf":[],"yoast_head":"<!-- This site is optimized with the Yoast SEO plugin v24.9 - https:\/\/yoast.com\/wordpress\/plugins\/seo\/ -->\n<title>Retraite anticip\u00e9e : le nouveau d\u00e9cret carri\u00e8res longues en 10 questions-r\u00e9ponses<\/title>\n<meta name=\"description\" content=\"Le retour du droit \u00e0 un d\u00e9part \u00e0 la retraite \u00e0 60 ans voulu par Fran\u00e7ois Hollande et annonc\u00e9 par le gouvernement le 6 juin sera effectif fin 2012, mais pas pour tous. Le d\u00e9cret d&#039;application, qui modifie le dispositif de retraite anticip\u00e9e pour carri\u00e8re l\" \/>\n<meta name=\"robots\" content=\"index, follow, max-snippet:-1, max-image-preview:large, max-video-preview:-1\" \/>\n<link rel=\"canonical\" href=\"https:\/\/www.toutsurmesfinances.com\/retraite\/retraite-anticipee-le-nouveau-decret-carrieres-longues-en-10-questions-reponses.html\" \/>\n<meta property=\"og:locale\" content=\"fr_FR\" \/>\n<meta property=\"og:type\" content=\"article\" \/>\n<meta property=\"og:title\" content=\"Retraite anticip\u00e9e : le nouveau d\u00e9cret carri\u00e8res longues en 10 questions-r\u00e9ponses\" \/>\n<meta property=\"og:description\" content=\"Le retour du droit \u00e0 un d\u00e9part \u00e0 la retraite \u00e0 60 ans voulu par Fran\u00e7ois Hollande et annonc\u00e9 par le gouvernement le 6 juin sera effectif fin 2012, mais pas pour tous. Le d\u00e9cret d&#039;application, qui modifie le dispositif de retraite anticip\u00e9e pour carri\u00e8re l\" \/>\n<meta property=\"og:url\" content=\"https:\/\/www.toutsurmesfinances.com\/retraite\/retraite-anticipee-le-nouveau-decret-carrieres-longues-en-10-questions-reponses.html\" \/>\n<meta property=\"og:site_name\" content=\"Retraite\" \/>\n<meta property=\"article:published_time\" content=\"2012-06-11T09:46:37+00:00\" \/>\n<meta property=\"article:modified_time\" content=\"2025-07-10T08:29:52+00:00\" \/>\n<meta property=\"og:image\" content=\"https:\/\/www.toutsurmesfinances.com\/retraite\/wp-content\/uploads\/sites\/4\/2025\/04\/image-retraite-liquidation.jpg\" \/>\n\t<meta property=\"og:image:width\" content=\"600\" \/>\n\t<meta property=\"og:image:height\" content=\"400\" \/>\n\t<meta property=\"og:image:type\" content=\"image\/jpeg\" \/>\n<meta name=\"author\" content=\"Olivier Brunet\" \/>\n<meta name=\"twitter:card\" content=\"summary_large_image\" \/>\n<meta name=\"twitter:creator\" content=\"@Toutsur\" \/>\n<meta name=\"twitter:site\" content=\"@Toutsur\" \/>\n<meta name=\"twitter:label1\" content=\"\u00c9crit par\" \/>\n\t<meta name=\"twitter:data1\" content=\"Olivier Brunet\" \/>\n\t<meta name=\"twitter:label2\" content=\"Dur\u00e9e de lecture estim\u00e9e\" \/>\n\t<meta name=\"twitter:data2\" content=\"5 minutes\" \/>\n<script type=\"application\/ld+json\" class=\"yoast-schema-graph\">{\"@context\":\"https:\/\/schema.org\",\"@graph\":[{\"@type\":\"Article\",\"@id\":\"https:\/\/www.toutsurmesfinances.com\/retraite\/retraite-anticipee-le-nouveau-decret-carrieres-longues-en-10-questions-reponses.html#article\",\"isPartOf\":{\"@id\":\"https:\/\/www.toutsurmesfinances.com\/retraite\/retraite-anticipee-le-nouveau-decret-carrieres-longues-en-10-questions-reponses.html\"},\"author\":{\"name\":\"Olivier Brunet\",\"@id\":\"https:\/\/www.toutsurmesfinances.com\/retraite\/#\/schema\/person\/f3692b3163890cd1408bd0dc68a1b55a\"},\"headline\":\"Retraite anticip\u00e9e : le nouveau d\u00e9cret carri\u00e8res longues en 10 questions-r\u00e9ponses\",\"dateModified\":\"2025-07-10T08:29:52+00:00\",\"mainEntityOfPage\":{\"@id\":\"https:\/\/www.toutsurmesfinances.com\/retraite\/retraite-anticipee-le-nouveau-decret-carrieres-longues-en-10-questions-reponses.html\"},\"wordCount\":902,\"publisher\":{\"@id\":\"https:\/\/www.toutsurmesfinances.com\/retraite\/#organization\"},\"image\":{\"@id\":\"https:\/\/www.toutsurmesfinances.com\/retraite\/retraite-anticipee-le-nouveau-decret-carrieres-longues-en-10-questions-reponses.html#primaryimage\"},\"thumbnailUrl\":\"https:\/\/www.toutsurmesfinances.com\/retraite\/wp-content\/uploads\/sites\/4\/2025\/04\/image-retraite-liquidation.jpg\",\"articleSection\":[\"D\u00e9part \u00e0 la retraite\"],\"inLanguage\":\"fr-FR\"},{\"@type\":\"WebPage\",\"@id\":\"https:\/\/www.toutsurmesfinances.com\/retraite\/retraite-anticipee-le-nouveau-decret-carrieres-longues-en-10-questions-reponses.html\",\"url\":\"https:\/\/www.toutsurmesfinances.com\/retraite\/retraite-anticipee-le-nouveau-decret-carrieres-longues-en-10-questions-reponses.html\",\"name\":\"Retraite anticip\u00e9e : le nouveau d\u00e9cret carri\u00e8res longues en 10 questions-r\u00e9ponses\",\"isPartOf\":{\"@id\":\"https:\/\/www.toutsurmesfinances.com\/retraite\/#website\"},\"primaryImageOfPage\":{\"@id\":\"https:\/\/www.toutsurmesfinances.com\/retraite\/retraite-anticipee-le-nouveau-decret-carrieres-longues-en-10-questions-reponses.html#primaryimage\"},\"image\":{\"@id\":\"https:\/\/www.toutsurmesfinances.com\/retraite\/retraite-anticipee-le-nouveau-decret-carrieres-longues-en-10-questions-reponses.html#primaryimage\"},\"thumbnailUrl\":\"https:\/\/www.toutsurmesfinances.com\/retraite\/wp-content\/uploads\/sites\/4\/2025\/04\/image-retraite-liquidation.jpg\",\"dateModified\":\"2025-07-10T08:29:52+00:00\",\"description\":\"Le retour du droit \u00e0 un d\u00e9part \u00e0 la retraite \u00e0 60 ans voulu par Fran\u00e7ois Hollande et annonc\u00e9 par le gouvernement le 6 juin sera effectif fin 2012, mais pas pour tous. Le d\u00e9cret d'application, qui modifie le dispositif de retraite anticip\u00e9e pour carri\u00e8re l\",\"breadcrumb\":{\"@id\":\"https:\/\/www.toutsurmesfinances.com\/retraite\/retraite-anticipee-le-nouveau-decret-carrieres-longues-en-10-questions-reponses.html#breadcrumb\"},\"inLanguage\":\"fr-FR\",\"potentialAction\":[{\"@type\":\"ReadAction\",\"target\":[\"https:\/\/www.toutsurmesfinances.com\/retraite\/retraite-anticipee-le-nouveau-decret-carrieres-longues-en-10-questions-reponses.html\"]}]},{\"@type\":\"ImageObject\",\"inLanguage\":\"fr-FR\",\"@id\":\"https:\/\/www.toutsurmesfinances.com\/retraite\/retraite-anticipee-le-nouveau-decret-carrieres-longues-en-10-questions-reponses.html#primaryimage\",\"url\":\"https:\/\/www.toutsurmesfinances.com\/retraite\/wp-content\/uploads\/sites\/4\/2025\/04\/image-retraite-liquidation.jpg\",\"contentUrl\":\"https:\/\/www.toutsurmesfinances.com\/retraite\/wp-content\/uploads\/sites\/4\/2025\/04\/image-retraite-liquidation.jpg\",\"width\":600,\"height\":400},{\"@type\":\"BreadcrumbList\",\"@id\":\"https:\/\/www.toutsurmesfinances.com\/retraite\/retraite-anticipee-le-nouveau-decret-carrieres-longues-en-10-questions-reponses.html#breadcrumb\",\"itemListElement\":[{\"@type\":\"ListItem\",\"position\":1,\"name\":\"Accueil\",\"item\":\"https:\/\/www.toutsurmesfinances.com\/retraite\/\"},{\"@type\":\"ListItem\",\"position\":2,\"name\":\"Liquidation\",\"item\":\"https:\/\/www.toutsurmesfinances.com\/retraite\/c\/liquidation\"},{\"@type\":\"ListItem\",\"position\":3,\"name\":\"D\u00e9part \u00e0 la retraite\",\"item\":\"https:\/\/www.toutsurmesfinances.com\/retraite\/c\/depart-a-la-retraite\"},{\"@type\":\"ListItem\",\"position\":4,\"name\":\"Retraite anticip\u00e9e : le nouveau d\u00e9cret carri\u00e8res longues en 10 questions-r\u00e9ponses\"}]},{\"@type\":\"WebSite\",\"@id\":\"https:\/\/www.toutsurmesfinances.com\/retraite\/#website\",\"url\":\"https:\/\/www.toutsurmesfinances.com\/retraite\/\",\"name\":\"Retraite\",\"description\":\"\",\"publisher\":{\"@id\":\"https:\/\/www.toutsurmesfinances.com\/retraite\/#organization\"},\"potentialAction\":[{\"@type\":\"SearchAction\",\"target\":{\"@type\":\"EntryPoint\",\"urlTemplate\":\"https:\/\/www.toutsurmesfinances.com\/retraite\/?s={search_term_string}\"},\"query-input\":{\"@type\":\"PropertyValueSpecification\",\"valueRequired\":true,\"valueName\":\"search_term_string\"}}],\"inLanguage\":\"fr-FR\"},{\"@type\":\"Organization\",\"@id\":\"https:\/\/www.toutsurmesfinances.com\/retraite\/#organization\",\"name\":\"Tout Sur Mes Finances\",\"url\":\"https:\/\/www.toutsurmesfinances.com\/retraite\/\",\"logo\":{\"@type\":\"ImageObject\",\"inLanguage\":\"fr-FR\",\"@id\":\"https:\/\/www.toutsurmesfinances.com\/retraite\/#\/schema\/logo\/image\/\",\"url\":\"https:\/\/www.toutsurmesfinances.com\/retraite\/wp-content\/uploads\/sites\/4\/2021\/01\/favicon.png\",\"contentUrl\":\"https:\/\/www.toutsurmesfinances.com\/retraite\/wp-content\/uploads\/sites\/4\/2021\/01\/favicon.png\",\"width\":512,\"height\":512,\"caption\":\"Tout Sur Mes Finances\"},\"image\":{\"@id\":\"https:\/\/www.toutsurmesfinances.com\/retraite\/#\/schema\/logo\/image\/\"},\"sameAs\":[\"https:\/\/x.com\/Toutsur\"]},{\"@type\":\"Person\",\"@id\":\"https:\/\/www.toutsurmesfinances.com\/retraite\/#\/schema\/person\/f3692b3163890cd1408bd0dc68a1b55a\",\"name\":\"Olivier Brunet\",\"image\":{\"@type\":\"ImageObject\",\"inLanguage\":\"fr-FR\",\"@id\":\"https:\/\/www.toutsurmesfinances.com\/retraite\/#\/schema\/person\/image\/\",\"url\":\"https:\/\/secure.gravatar.com\/avatar\/59a19214b7bb3163a27d873fa61f9a80?s=96&d=mm&r=g\",\"contentUrl\":\"https:\/\/secure.gravatar.com\/avatar\/59a19214b7bb3163a27d873fa61f9a80?s=96&d=mm&r=g\",\"caption\":\"Olivier Brunet\"},\"description\":\"Olivier Brunet est cofondateur de\u00a0ToutSurMesFinances.com\u00a0et r\u00e9dacteur en chef sp\u00e9cialis\u00e9 en placements et fiscalit\u00e9\u00a0des particuliers. Pr\u00e9sent\u00a0au sein du\u00a0m\u00e9dia\u00a0depuis sa cr\u00e9ation, il en est l\u2019un des piliers \u00e9ditoriaux. Il analyse les strat\u00e9gies d\u2019investissement,\u00a0suit\u00a0les \u00e9volutions fiscales et les\u00a0probl\u00e9matiques\u00a0patrimoniales\u00a0avec une vision long terme, forg\u00e9e par des ann\u00e9es de pratique et de suivi des march\u00e9s.\u00a0\",\"sameAs\":[\"https:\/\/www.toutsurmesfinances.com\/author\/olivier\",\"https:\/\/www.linkedin.com\/in\/obrunet\/\"]}]}<\/script>\n<!-- \/ Yoast SEO plugin. -->","yoast_head_json":{"title":"Retraite anticip\u00e9e : le nouveau d\u00e9cret carri\u00e8res longues en 10 questions-r\u00e9ponses","description":"Le retour du droit \u00e0 un d\u00e9part \u00e0 la retraite \u00e0 60 ans voulu par Fran\u00e7ois Hollande et annonc\u00e9 par le gouvernement le 6 juin sera effectif fin 2012, mais pas pour tous. Le d\u00e9cret d'application, qui modifie le dispositif de retraite anticip\u00e9e pour carri\u00e8re l","robots":{"index":"index","follow":"follow","max-snippet":"max-snippet:-1","max-image-preview":"max-image-preview:large","max-video-preview":"max-video-preview:-1"},"canonical":"https:\/\/www.toutsurmesfinances.com\/retraite\/retraite-anticipee-le-nouveau-decret-carrieres-longues-en-10-questions-reponses.html","og_locale":"fr_FR","og_type":"article","og_title":"Retraite anticip\u00e9e : le nouveau d\u00e9cret carri\u00e8res longues en 10 questions-r\u00e9ponses","og_description":"Le retour du droit \u00e0 un d\u00e9part \u00e0 la retraite \u00e0 60 ans voulu par Fran\u00e7ois Hollande et annonc\u00e9 par le gouvernement le 6 juin sera effectif fin 2012, mais pas pour tous. Le d\u00e9cret d'application, qui modifie le dispositif de retraite anticip\u00e9e pour carri\u00e8re l","og_url":"https:\/\/www.toutsurmesfinances.com\/retraite\/retraite-anticipee-le-nouveau-decret-carrieres-longues-en-10-questions-reponses.html","og_site_name":"Retraite","article_published_time":"2012-06-11T09:46:37+00:00","article_modified_time":"2025-07-10T08:29:52+00:00","og_image":[{"width":600,"height":400,"url":"https:\/\/www.toutsurmesfinances.com\/retraite\/wp-content\/uploads\/sites\/4\/2025\/04\/image-retraite-liquidation.jpg","type":"image\/jpeg"}],"author":"Olivier Brunet","twitter_card":"summary_large_image","twitter_creator":"@Toutsur","twitter_site":"@Toutsur","twitter_misc":{"\u00c9crit par":"Olivier Brunet","Dur\u00e9e de lecture estim\u00e9e":"5 minutes"},"schema":{"@context":"https:\/\/schema.org","@graph":[{"@type":"Article","@id":"https:\/\/www.toutsurmesfinances.com\/retraite\/retraite-anticipee-le-nouveau-decret-carrieres-longues-en-10-questions-reponses.html#article","isPartOf":{"@id":"https:\/\/www.toutsurmesfinances.com\/retraite\/retraite-anticipee-le-nouveau-decret-carrieres-longues-en-10-questions-reponses.html"},"author":{"name":"Olivier Brunet","@id":"https:\/\/www.toutsurmesfinances.com\/retraite\/#\/schema\/person\/f3692b3163890cd1408bd0dc68a1b55a"},"headline":"Retraite anticip\u00e9e : le nouveau d\u00e9cret carri\u00e8res longues en 10 questions-r\u00e9ponses","dateModified":"2025-07-10T08:29:52+00:00","mainEntityOfPage":{"@id":"https:\/\/www.toutsurmesfinances.com\/retraite\/retraite-anticipee-le-nouveau-decret-carrieres-longues-en-10-questions-reponses.html"},"wordCount":902,"publisher":{"@id":"https:\/\/www.toutsurmesfinances.com\/retraite\/#organization"},"image":{"@id":"https:\/\/www.toutsurmesfinances.com\/retraite\/retraite-anticipee-le-nouveau-decret-carrieres-longues-en-10-questions-reponses.html#primaryimage"},"thumbnailUrl":"https:\/\/www.toutsurmesfinances.com\/retraite\/wp-content\/uploads\/sites\/4\/2025\/04\/image-retraite-liquidation.jpg","articleSection":["D\u00e9part \u00e0 la retraite"],"inLanguage":"fr-FR"},{"@type":"WebPage","@id":"https:\/\/www.toutsurmesfinances.com\/retraite\/retraite-anticipee-le-nouveau-decret-carrieres-longues-en-10-questions-reponses.html","url":"https:\/\/www.toutsurmesfinances.com\/retraite\/retraite-anticipee-le-nouveau-decret-carrieres-longues-en-10-questions-reponses.html","name":"Retraite anticip\u00e9e : le nouveau d\u00e9cret carri\u00e8res longues en 10 questions-r\u00e9ponses","isPartOf":{"@id":"https:\/\/www.toutsurmesfinances.com\/retraite\/#website"},"primaryImageOfPage":{"@id":"https:\/\/www.toutsurmesfinances.com\/retraite\/retraite-anticipee-le-nouveau-decret-carrieres-longues-en-10-questions-reponses.html#primaryimage"},"image":{"@id":"https:\/\/www.toutsurmesfinances.com\/retraite\/retraite-anticipee-le-nouveau-decret-carrieres-longues-en-10-questions-reponses.html#primaryimage"},"thumbnailUrl":"https:\/\/www.toutsurmesfinances.com\/retraite\/wp-content\/uploads\/sites\/4\/2025\/04\/image-retraite-liquidation.jpg","dateModified":"2025-07-10T08:29:52+00:00","description":"Le retour du droit \u00e0 un d\u00e9part \u00e0 la retraite \u00e0 60 ans voulu par Fran\u00e7ois Hollande et annonc\u00e9 par le gouvernement le 6 juin sera effectif fin 2012, mais pas pour tous. Le d\u00e9cret d'application, qui modifie le dispositif de retraite anticip\u00e9e pour carri\u00e8re l","breadcrumb":{"@id":"https:\/\/www.toutsurmesfinances.com\/retraite\/retraite-anticipee-le-nouveau-decret-carrieres-longues-en-10-questions-reponses.html#breadcrumb"},"inLanguage":"fr-FR","potentialAction":[{"@type":"ReadAction","target":["https:\/\/www.toutsurmesfinances.com\/retraite\/retraite-anticipee-le-nouveau-decret-carrieres-longues-en-10-questions-reponses.html"]}]},{"@type":"ImageObject","inLanguage":"fr-FR","@id":"https:\/\/www.toutsurmesfinances.com\/retraite\/retraite-anticipee-le-nouveau-decret-carrieres-longues-en-10-questions-reponses.html#primaryimage","url":"https:\/\/www.toutsurmesfinances.com\/retraite\/wp-content\/uploads\/sites\/4\/2025\/04\/image-retraite-liquidation.jpg","contentUrl":"https:\/\/www.toutsurmesfinances.com\/retraite\/wp-content\/uploads\/sites\/4\/2025\/04\/image-retraite-liquidation.jpg","width":600,"height":400},{"@type":"BreadcrumbList","@id":"https:\/\/www.toutsurmesfinances.com\/retraite\/retraite-anticipee-le-nouveau-decret-carrieres-longues-en-10-questions-reponses.html#breadcrumb","itemListElement":[{"@type":"ListItem","position":1,"name":"Accueil","item":"https:\/\/www.toutsurmesfinances.com\/retraite\/"},{"@type":"ListItem","position":2,"name":"Liquidation","item":"https:\/\/www.toutsurmesfinances.com\/retraite\/c\/liquidation"},{"@type":"ListItem","position":3,"name":"D\u00e9part \u00e0 la retraite","item":"https:\/\/www.toutsurmesfinances.com\/retraite\/c\/depart-a-la-retraite"},{"@type":"ListItem","position":4,"name":"Retraite anticip\u00e9e : le nouveau d\u00e9cret carri\u00e8res longues en 10 questions-r\u00e9ponses"}]},{"@type":"WebSite","@id":"https:\/\/www.toutsurmesfinances.com\/retraite\/#website","url":"https:\/\/www.toutsurmesfinances.com\/retraite\/","name":"Retraite","description":"","publisher":{"@id":"https:\/\/www.toutsurmesfinances.com\/retraite\/#organization"},"potentialAction":[{"@type":"SearchAction","target":{"@type":"EntryPoint","urlTemplate":"https:\/\/www.toutsurmesfinances.com\/retraite\/?s={search_term_string}"},"query-input":{"@type":"PropertyValueSpecification","valueRequired":true,"valueName":"search_term_string"}}],"inLanguage":"fr-FR"},{"@type":"Organization","@id":"https:\/\/www.toutsurmesfinances.com\/retraite\/#organization","name":"Tout Sur Mes Finances","url":"https:\/\/www.toutsurmesfinances.com\/retraite\/","logo":{"@type":"ImageObject","inLanguage":"fr-FR","@id":"https:\/\/www.toutsurmesfinances.com\/retraite\/#\/schema\/logo\/image\/","url":"https:\/\/www.toutsurmesfinances.com\/retraite\/wp-content\/uploads\/sites\/4\/2021\/01\/favicon.png","contentUrl":"https:\/\/www.toutsurmesfinances.com\/retraite\/wp-content\/uploads\/sites\/4\/2021\/01\/favicon.png","width":512,"height":512,"caption":"Tout Sur Mes Finances"},"image":{"@id":"https:\/\/www.toutsurmesfinances.com\/retraite\/#\/schema\/logo\/image\/"},"sameAs":["https:\/\/x.com\/Toutsur"]},{"@type":"Person","@id":"https:\/\/www.toutsurmesfinances.com\/retraite\/#\/schema\/person\/f3692b3163890cd1408bd0dc68a1b55a","name":"Olivier Brunet","image":{"@type":"ImageObject","inLanguage":"fr-FR","@id":"https:\/\/www.toutsurmesfinances.com\/retraite\/#\/schema\/person\/image\/","url":"https:\/\/secure.gravatar.com\/avatar\/59a19214b7bb3163a27d873fa61f9a80?s=96&d=mm&r=g","contentUrl":"https:\/\/secure.gravatar.com\/avatar\/59a19214b7bb3163a27d873fa61f9a80?s=96&d=mm&r=g","caption":"Olivier Brunet"},"description":"Olivier Brunet est cofondateur de\u00a0ToutSurMesFinances.com\u00a0et r\u00e9dacteur en chef sp\u00e9cialis\u00e9 en placements et fiscalit\u00e9\u00a0des particuliers. Pr\u00e9sent\u00a0au sein du\u00a0m\u00e9dia\u00a0depuis sa cr\u00e9ation, il en est l\u2019un des piliers \u00e9ditoriaux. Il analyse les strat\u00e9gies d\u2019investissement,\u00a0suit\u00a0les \u00e9volutions fiscales et les\u00a0probl\u00e9matiques\u00a0patrimoniales\u00a0avec une vision long terme, forg\u00e9e par des ann\u00e9es de pratique et de suivi des march\u00e9s.\u00a0","sameAs":["https:\/\/www.toutsurmesfinances.com\/author\/olivier","https:\/\/www.linkedin.com\/in\/obrunet\/"]}]}},"_links":{"self":[{"href":"https:\/\/www.toutsurmesfinances.com\/retraite\/wp-json\/wp\/v2\/posts\/17913","targetHints":{"allow":["GET"]}}],"collection":[{"href":"https:\/\/www.toutsurmesfinances.com\/retraite\/wp-json\/wp\/v2\/posts"}],"about":[{"href":"https:\/\/www.toutsurmesfinances.com\/retraite\/wp-json\/wp\/v2\/types\/post"}],"author":[{"embeddable":true,"href":"https:\/\/www.toutsurmesfinances.com\/retraite\/wp-json\/wp\/v2\/users\/13709"}],"replies":[{"embeddable":true,"href":"https:\/\/www.toutsurmesfinances.com\/retraite\/wp-json\/wp\/v2\/comments?post=17913"}],"version-history":[{"count":2,"href":"https:\/\/www.toutsurmesfinances.com\/retraite\/wp-json\/wp\/v2\/posts\/17913\/revisions"}],"predecessor-version":[{"id":32249,"href":"https:\/\/www.toutsurmesfinances.com\/retraite\/wp-json\/wp\/v2\/posts\/17913\/revisions\/32249"}],"wp:featuredmedia":[{"embeddable":true,"href":"https:\/\/www.toutsurmesfinances.com\/retraite\/wp-json\/wp\/v2\/media\/32228"}],"wp:attachment":[{"href":"https:\/\/www.toutsurmesfinances.com\/retraite\/wp-json\/wp\/v2\/media?parent=17913"}],"wp:term":[{"taxonomy":"category","embeddable":true,"href":"https:\/\/www.toutsurmesfinances.com\/retraite\/wp-json\/wp\/v2\/categories?post=17913"},{"taxonomy":"post_tag","embeddable":true,"href":"https:\/\/www.toutsurmesfinances.com\/retraite\/wp-json\/wp\/v2\/tags?post=17913"}],"curies":[{"name":"wp","href":"https:\/\/api.w.org\/{rel}","templated":true}]}}