{"id":18252,"date":"2012-10-11T08:50:01","date_gmt":"2012-10-11T06:50:01","guid":{"rendered":"https:\/\/www.toutsurmesfinances.com\/retraite\/nouvelle-taxe-sur-les-retraites-casa-a-quoi-faut-il-s-attendre.html"},"modified":"2021-12-08T14:39:07","modified_gmt":"2021-12-08T13:39:07","slug":"nouvelle-taxe-sur-les-retraites-casa-a-quoi-faut-il-s-attendre","status":"publish","type":"post","link":"https:\/\/www.toutsurmesfinances.com\/retraite\/nouvelle-taxe-sur-les-retraites-casa-a-quoi-faut-il-s-attendre.html","title":{"rendered":"Nouvelle taxe sur les retraites (CASA) : \u00e0 quoi faut-il s\u2019attendre ?"},"content":{"rendered":"<section class=\"l-section wpb_row height_small\"><div class=\"l-section-h i-cf\"><div class=\"g-cols vc_row via_flex valign_top type_default stacking_default\"><div class=\"vc_col-sm-12 wpb_column vc_column_container\"><div class=\"vc_column-inner\"><div class=\"wpb_wrapper\"><div class=\"wpb_text_column\"><div class=\"wpb_wrapper\"><p>Le gouvernement, via l&rsquo;article 16 du projet de Budget pour la s\u00e9curit\u00e9 sociale 2013, a d\u00e9cid\u00e9 d&rsquo;instaurer un nouveau pr\u00e9l\u00e8vement sur les pensions de retraite afin de redresser les finances publiques et de financer la prise en charge de la d\u00e9pendance des personnes \u00e2g\u00e9es. D&rsquo;un taux de 0,15% en 2013, puis de 0,3% en 2014, cette contribution additionnelle de solidarit\u00e9 pour l&rsquo;autonomie (CASA) n&rsquo;est autre que le pendant d&rsquo;une taxe qui s&rsquo;applique d\u00e9j\u00e0 aux revenus salariaux et aux revenus du capital.<\/p>\n<p>\u00ab En contrepartie de la mise en place d&rsquo;une \u00ab journ\u00e9e nationale de solidarit\u00e9 \u00bb, journ\u00e9e travaill\u00e9e non pay\u00e9e, la loi n\u00b0 2004-626 du 30 juin 200420 relative \u00e0 la solidarit\u00e9 pour l&rsquo;autonomie des personnes \u00e2g\u00e9es et des personnes handicap\u00e9es, a institu\u00e9 une contribution de solidarit\u00e9 pour l&rsquo;autonomie (CSA), au taux de 0,3 % assise sur les revenus salariaux du secteur priv\u00e9 et du secteur public. Elle a \u00e9t\u00e9 compl\u00e9t\u00e9e par une contribution portant sur les revenus du patrimoine et les produits de placement au m\u00eame taux. Ces pr\u00e9l\u00e8vements repr\u00e9sentent une ressource, affect\u00e9e \u00e0 la Caisse nationale de solidarit\u00e9 pour l&rsquo;autonomie (CNSA) \u00bb, peut-on lire dans l&rsquo;\u00e9tude d&rsquo;impact.<\/p>\n<h2><span class=\"ez-toc-section\" id=\"Plusieurs_cas_dexoneration\"><\/span>Plusieurs cas d&rsquo;exon\u00e9ration<span class=\"ez-toc-section-end\"><\/span><\/h2>\n<p>Toutefois, le projet de loi, comme l&rsquo;\u00e9tude d&rsquo;impact, indique que certaines pensions \u00e9chapperont \u00e0 cette nouvelle taxe. \u00ab Cette contribution ne sera pas pr\u00e9lev\u00e9e sur les rentes per\u00e7ues par les invalides de guerre et anciens combattants. Elle ne sera pas due non plus pour les personnes b\u00e9n\u00e9ficiant du minimum vieillesse \u00bb, pr\u00e9cise ainsi l&rsquo;\u00e9tude. Rappelons que le minimum vieillesse est une ancienne appellation de plusieurs aides, celles-ci ayant \u00e9t\u00e9 remplac\u00e9es depuis 2006 par une prestation unique, soit l&rsquo;allocation de solidarit\u00e9 aux personnes \u00e2g\u00e9es (Aspa).<\/p>\n<p>De plus, pour les faibles pensions de retraite, un dispositif d&rsquo;exon\u00e9ration sera appliqu\u00e9 afin \u00ab de pr\u00e9server le niveau de revenu disponible. Ainsi, les personnes dont le revenu fiscal de r\u00e9f\u00e9rence est inf\u00e9rieur au seuil d&rsquo;assujettissement \u00e0 la taxe d&rsquo;habitation, selon les montants indiqu\u00e9s ci-dessous seront exempt\u00e9es :<\/p>\n<table style=\"border: 2px solid #9f9d9d; margin-right: auto; margin-left: auto;\" border=\"2\">\n<tbody>\n<tr>\n<td align=\"center\" width=\"420\"><strong>Revenu fiscal pour une part de quotient familial (2013)<\/strong><\/td>\n<\/tr>\n<tr>\n<td align=\"center\"><strong>France m\u00e9tropolitaine<\/strong><\/td>\n<\/tr>\n<tr>\n<td align=\"center\">10 024 \u20ac<\/td>\n<\/tr>\n<tr>\n<td align=\"center\">+ 2 676 \u20ac pour \u00bd part ou + 1 338 \u20ac pour \u00bc de part suppl\u00e9mentaire<\/td>\n<\/tr>\n<tr>\n<td align=\"center\"><strong>Martinique, Guadeloupe, R\u00e9union<\/strong><\/td>\n<\/tr>\n<tr>\n<td align=\"center\">11 861 \u20ac<\/td>\n<\/tr>\n<tr>\n<td align=\"center\">+ 2 676 \u20ac pour \u00bd part ou + 1 338 \u20ac pour \u00bc de part suppl\u00e9mentaire<\/td>\n<\/tr>\n<tr>\n<td align=\"center\"><strong>Guyane<\/strong><\/td>\n<\/tr>\n<tr>\n<td align=\"center\">12 402 \u20ac<\/td>\n<\/tr>\n<tr>\n<td align=\"center\">+ 2 676 \u20ac pour \u00bd part ou + 1 338 \u20ac pour \u00bc de part suppl\u00e9mentaire<\/td>\n<\/tr>\n<\/tbody>\n<\/table>\n<p>S&rsquo;agissant du champ d&rsquo;application g\u00e9ographique, il est pr\u00e9cis\u00e9 que la mesure sera instaur\u00e9e dans les d\u00e9partements d&rsquo;Outre-mer (DOM) &#8211; soit Guadeloupe, Guyane, Martinique, R\u00e9union \u2013 mais pas \u00e0 Mayotte, ainsi que dans les collectivit\u00e9s d&rsquo;Outre-mer (COM) de Saint-Pierre et Miquelon, Saint-Martin et Saint Barth\u00e9l\u00e9my. En revanche, la Polyn\u00e9sie fran\u00e7aise, la Nouvelle Cal\u00e9donie, Wallis et Futuna et les Terres australes et antarctiques fran\u00e7aises (TAAF) ne seront pas concern\u00e9es.<\/p>\n<p>Le rendement de cette contribution est estim\u00e9 \u00e0 350 millions d&rsquo;euros en 2013 avec un taux de 0,15% et \u00e0 700 millions en 2014, 2015 et 2016 avec un taux de 0,3%.<\/p>\n<h2><span class=\"ez-toc-section\" id=\"Ou_iront_ces_nouvelles_ressources\"><\/span>O\u00f9 iront ces nouvelles ressources ?<span class=\"ez-toc-section-end\"><\/span><\/h2>\n<p>Le produit de la CASA sera lui aussi affect\u00e9 \u00e0 la CNSA, sauf en 2013 o\u00f9 ces nouvelles ressources iront \u00e0 titre exceptionnel dans les caisses du fonds de solidarit\u00e9 vieillesse (FSV), fonds concourant au financement des r\u00e9gimes obligatoires de base de s\u00e9curit\u00e9 sociale. \u00ab La mesure permettra de financer en 2013 les d\u00e9penses de solidarit\u00e9 vieillesse qui permettent aux ch\u00f4meurs de valider des p\u00e9riodes pour leurs retraites et de prendre en charge des avantages li\u00e9s aux minimums contributifs et non contributifs en mati\u00e8re de retraite. A partir de 2014, la mesure permettra de financer des d\u00e9penses \u00e0 destination des personnes \u00e2g\u00e9es priv\u00e9es d&rsquo;autonomie \u00bb, d\u00e9taille l&rsquo;\u00e9tude.<\/p>\n<h2><span class=\"ez-toc-section\" id=\"Cas_pratique\"><\/span>Cas pratique<span class=\"ez-toc-section-end\"><\/span><\/h2>\n<p>Dans son \u00e9tude d&rsquo;impact, le gouvernement affirme que \u00ab le pr\u00e9l\u00e8vement suppl\u00e9mentaire qui sera op\u00e9r\u00e9 sera limit\u00e9 \u00bb en raison \u00ab du taux relativement faible de la CSA et des r\u00e8gles d&rsquo;exon\u00e9ration qui seront appliqu\u00e9es \u00bb et donne plusieurs exemples :<\/p>\n<p>&#8211; Un retrait\u00e9, percevant une pension mensuelle de 800 euros, ayant une part fiscale et dont le revenu fiscal de r\u00e9f\u00e9rence (RFR) s&rsquo;\u00e9l\u00e8ve \u00e0 8.277 euros n&rsquo;est pas soumis \u00e0 la taxe d&rsquo;habitation dont le seuil d&rsquo;assujettissement est de 10.024 euros. Aucune contribution ne sera donc due.<\/p>\n<p>&#8211; Un retrait\u00e9 touchant une pension de 1.200 euros, ayant \u00e0 sa charge une personne sans revenus (soit 2 parts fiscales) et dont le revenu annuel de 12.415 euros est inf\u00e9rieur au seuil d&rsquo;assujettissement \u00e0 la taxe d&rsquo;habitation (15.376 euros pour deux parts), sera lui aussi exempt\u00e9.<\/p>\n<p>&#8211; Un retrait\u00e9 habitant en Guyane, avec une retraite de 1.000 euros pour une part fiscale, ne paiera pas cet imp\u00f4t car son RFR est de 10.346 euros, au-dessous du seuil d&rsquo;assujettissement \u00e0 la taxe d&rsquo;habitation fix\u00e9 \u00e0 12.402 euros dans cette r\u00e9gion ultramarine.<\/p>\n<p>&#8211; Un retrait\u00e9 cumulant une pension de 800 euros et un revenu d&rsquo;activit\u00e9 de 1.100 euros se verra appliquer un pr\u00e9l\u00e8vement de 2,4 euros par mois sur sa retraite.<\/p>\n<p>&#8211; Un retrait\u00e9 touchant une retraite de 1.300 euros et des revenus du patrimoine \u00e0 hauteur de 700 euros, sur lesquels est d\u00e9j\u00e0 appliqu\u00e9e la CSA \u00e0 hauteur de 21 euros, devra payer une contribution suppl\u00e9mentaire de 39 euros sur sa pension.<\/p>\n<p>Si elle est adopt\u00e9e par le Parlement, la CASA entrera en vigueur \u00e0 partir du 1er janvier 2013 \u00ab par la mise en place d&rsquo;un m\u00e9canisme de pr\u00e9compte sur les pensions et les allocations concern\u00e9es \u00bb, sans n\u00e9cessiter de texte d&rsquo;application. L&rsquo;information sera alors diffus\u00e9e au public par les caisses de s\u00e9curit\u00e9 sociale.<\/p>\n<\/div><\/div><\/div><\/div><\/div><\/div><\/div><\/section>\n","protected":false},"excerpt":{"rendered":"<p>Le projet de loi de financement de la s\u00e9curit\u00e9 sociale pour 2013 (PLFSS) et son \u00e9tude d&rsquo;impact apportent de nombreuses pr\u00e9cisions sur la nouvelle contribution additionnelle de solidarit\u00e9 sur l&rsquo;autonomie qui sera appliqu\u00e9e aux pensions de retraite \u00e0 partir de 2013.<\/p>\n","protected":false},"author":13718,"featured_media":18251,"comment_status":"closed","ping_status":"closed","sticky":false,"template":"","format":"standard","meta":{"footnotes":""},"categories":[9],"tags":[],"class_list":["post-18252","post","type-post","status-publish","format-standard","has-post-thumbnail","hentry","category-pension-de-retraite"],"acf":[],"yoast_head":"<!-- This site is optimized with the Yoast SEO plugin v24.9 - https:\/\/yoast.com\/wordpress\/plugins\/seo\/ -->\n<title>Nouvelle taxe sur les retraites (CASA) : \u00e0 quoi faut-il s\u2019attendre ?<\/title>\n<meta name=\"description\" content=\"Le projet de loi de financement de la s\u00e9curit\u00e9 sociale pour 2013 (PLFSS) et son \u00e9tude d&#039;impact apportent de nombreuses pr\u00e9cisions sur la nouvelle contribution additionnelle de solidarit\u00e9 sur l&#039;autonomie qui sera appliqu\u00e9e aux pensions de retraite \u00e0 partir\" \/>\n<meta name=\"robots\" content=\"index, follow, max-snippet:-1, max-image-preview:large, max-video-preview:-1\" \/>\n<link rel=\"canonical\" href=\"https:\/\/www.toutsurmesfinances.com\/retraite\/nouvelle-taxe-sur-les-retraites-casa-a-quoi-faut-il-s-attendre.html\" \/>\n<meta property=\"og:locale\" content=\"fr_FR\" \/>\n<meta property=\"og:type\" content=\"article\" \/>\n<meta property=\"og:title\" content=\"Nouvelle taxe sur les retraites (CASA) : \u00e0 quoi faut-il s\u2019attendre ?\" \/>\n<meta property=\"og:description\" content=\"Le projet de loi de financement de la s\u00e9curit\u00e9 sociale pour 2013 (PLFSS) et son \u00e9tude d&#039;impact apportent de nombreuses pr\u00e9cisions sur la nouvelle contribution additionnelle de solidarit\u00e9 sur l&#039;autonomie qui sera appliqu\u00e9e aux pensions de retraite \u00e0 partir\" \/>\n<meta property=\"og:url\" content=\"https:\/\/www.toutsurmesfinances.com\/retraite\/nouvelle-taxe-sur-les-retraites-casa-a-quoi-faut-il-s-attendre.html\" \/>\n<meta property=\"og:site_name\" content=\"Retraite\" \/>\n<meta property=\"article:published_time\" content=\"2012-10-11T06:50:01+00:00\" \/>\n<meta property=\"article:modified_time\" content=\"2021-12-08T13:39:07+00:00\" \/>\n<meta property=\"og:image\" content=\"https:\/\/www.toutsurmesfinances.com\/retraite\/wp-content\/uploads\/sites\/4\/2012\/10\/bercy-ministere-retraites.jpg\" \/>\n\t<meta property=\"og:image:width\" content=\"480\" \/>\n\t<meta property=\"og:image:height\" content=\"360\" \/>\n\t<meta property=\"og:image:type\" content=\"image\/jpeg\" \/>\n<meta name=\"author\" content=\"L&#039;\u00e9quipe de r\u00e9daction\" \/>\n<meta name=\"twitter:card\" content=\"summary_large_image\" \/>\n<meta name=\"twitter:creator\" content=\"@Toutsur\" \/>\n<meta name=\"twitter:site\" content=\"@Toutsur\" \/>\n<meta name=\"twitter:label1\" content=\"\u00c9crit par\" \/>\n\t<meta name=\"twitter:data1\" content=\"L&#039;\u00e9quipe de r\u00e9daction\" \/>\n\t<meta name=\"twitter:label2\" content=\"Dur\u00e9e de lecture estim\u00e9e\" \/>\n\t<meta name=\"twitter:data2\" content=\"5 minutes\" \/>\n<script type=\"application\/ld+json\" class=\"yoast-schema-graph\">{\"@context\":\"https:\/\/schema.org\",\"@graph\":[{\"@type\":\"Article\",\"@id\":\"https:\/\/www.toutsurmesfinances.com\/retraite\/nouvelle-taxe-sur-les-retraites-casa-a-quoi-faut-il-s-attendre.html#article\",\"isPartOf\":{\"@id\":\"https:\/\/www.toutsurmesfinances.com\/retraite\/nouvelle-taxe-sur-les-retraites-casa-a-quoi-faut-il-s-attendre.html\"},\"author\":{\"name\":\"L'\u00e9quipe de r\u00e9daction\",\"@id\":\"https:\/\/www.toutsurmesfinances.com\/retraite\/#\/schema\/person\/19a038f31d078d13966363e7ab7343c6\"},\"headline\":\"Nouvelle taxe sur les retraites (CASA) : \u00e0 quoi faut-il s\u2019attendre ?\",\"dateModified\":\"2021-12-08T13:39:07+00:00\",\"mainEntityOfPage\":{\"@id\":\"https:\/\/www.toutsurmesfinances.com\/retraite\/nouvelle-taxe-sur-les-retraites-casa-a-quoi-faut-il-s-attendre.html\"},\"wordCount\":954,\"publisher\":{\"@id\":\"https:\/\/www.toutsurmesfinances.com\/retraite\/#organization\"},\"image\":{\"@id\":\"https:\/\/www.toutsurmesfinances.com\/retraite\/nouvelle-taxe-sur-les-retraites-casa-a-quoi-faut-il-s-attendre.html#primaryimage\"},\"thumbnailUrl\":\"https:\/\/www.toutsurmesfinances.com\/retraite\/wp-content\/uploads\/sites\/4\/2012\/10\/bercy-ministere-retraites.jpg\",\"articleSection\":[\"Pension de retraite\"],\"inLanguage\":\"fr-FR\"},{\"@type\":\"WebPage\",\"@id\":\"https:\/\/www.toutsurmesfinances.com\/retraite\/nouvelle-taxe-sur-les-retraites-casa-a-quoi-faut-il-s-attendre.html\",\"url\":\"https:\/\/www.toutsurmesfinances.com\/retraite\/nouvelle-taxe-sur-les-retraites-casa-a-quoi-faut-il-s-attendre.html\",\"name\":\"Nouvelle taxe sur les retraites (CASA) : \u00e0 quoi faut-il s\u2019attendre ?\",\"isPartOf\":{\"@id\":\"https:\/\/www.toutsurmesfinances.com\/retraite\/#website\"},\"primaryImageOfPage\":{\"@id\":\"https:\/\/www.toutsurmesfinances.com\/retraite\/nouvelle-taxe-sur-les-retraites-casa-a-quoi-faut-il-s-attendre.html#primaryimage\"},\"image\":{\"@id\":\"https:\/\/www.toutsurmesfinances.com\/retraite\/nouvelle-taxe-sur-les-retraites-casa-a-quoi-faut-il-s-attendre.html#primaryimage\"},\"thumbnailUrl\":\"https:\/\/www.toutsurmesfinances.com\/retraite\/wp-content\/uploads\/sites\/4\/2012\/10\/bercy-ministere-retraites.jpg\",\"dateModified\":\"2021-12-08T13:39:07+00:00\",\"description\":\"Le projet de loi de financement de la s\u00e9curit\u00e9 sociale pour 2013 (PLFSS) et son \u00e9tude d'impact apportent de nombreuses pr\u00e9cisions sur la nouvelle contribution additionnelle de solidarit\u00e9 sur l'autonomie qui sera appliqu\u00e9e aux pensions de retraite \u00e0 partir\",\"breadcrumb\":{\"@id\":\"https:\/\/www.toutsurmesfinances.com\/retraite\/nouvelle-taxe-sur-les-retraites-casa-a-quoi-faut-il-s-attendre.html#breadcrumb\"},\"inLanguage\":\"fr-FR\",\"potentialAction\":[{\"@type\":\"ReadAction\",\"target\":[\"https:\/\/www.toutsurmesfinances.com\/retraite\/nouvelle-taxe-sur-les-retraites-casa-a-quoi-faut-il-s-attendre.html\"]}]},{\"@type\":\"ImageObject\",\"inLanguage\":\"fr-FR\",\"@id\":\"https:\/\/www.toutsurmesfinances.com\/retraite\/nouvelle-taxe-sur-les-retraites-casa-a-quoi-faut-il-s-attendre.html#primaryimage\",\"url\":\"https:\/\/www.toutsurmesfinances.com\/retraite\/wp-content\/uploads\/sites\/4\/2012\/10\/bercy-ministere-retraites.jpg\",\"contentUrl\":\"https:\/\/www.toutsurmesfinances.com\/retraite\/wp-content\/uploads\/sites\/4\/2012\/10\/bercy-ministere-retraites.jpg\",\"width\":480,\"height\":360,\"caption\":\"Le projet de loi de financement de la s\u00e9curit\u00e9 sociale pour 2013 et son \u00e9tude d'impact donnent des pr\u00e9cisions sur la nouvelle contribution qui sera appliqu\u00e9e aux pensions de retraite d\u00e8s 2013 (Infomedia - Toutsurmesfinances)\"},{\"@type\":\"BreadcrumbList\",\"@id\":\"https:\/\/www.toutsurmesfinances.com\/retraite\/nouvelle-taxe-sur-les-retraites-casa-a-quoi-faut-il-s-attendre.html#breadcrumb\",\"itemListElement\":[{\"@type\":\"ListItem\",\"position\":1,\"name\":\"Accueil\",\"item\":\"https:\/\/www.toutsurmesfinances.com\/retraite\/\"},{\"@type\":\"ListItem\",\"position\":2,\"name\":\"Pension\",\"item\":\"https:\/\/www.toutsurmesfinances.com\/retraite\/c\/pension\"},{\"@type\":\"ListItem\",\"position\":3,\"name\":\"Pension de retraite\",\"item\":\"https:\/\/www.toutsurmesfinances.com\/retraite\/c\/pension-de-retraite\"},{\"@type\":\"ListItem\",\"position\":4,\"name\":\"Nouvelle taxe sur les retraites (CASA) : \u00e0 quoi faut-il s\u2019attendre ?\"}]},{\"@type\":\"WebSite\",\"@id\":\"https:\/\/www.toutsurmesfinances.com\/retraite\/#website\",\"url\":\"https:\/\/www.toutsurmesfinances.com\/retraite\/\",\"name\":\"Retraite\",\"description\":\"\",\"publisher\":{\"@id\":\"https:\/\/www.toutsurmesfinances.com\/retraite\/#organization\"},\"potentialAction\":[{\"@type\":\"SearchAction\",\"target\":{\"@type\":\"EntryPoint\",\"urlTemplate\":\"https:\/\/www.toutsurmesfinances.com\/retraite\/?s={search_term_string}\"},\"query-input\":{\"@type\":\"PropertyValueSpecification\",\"valueRequired\":true,\"valueName\":\"search_term_string\"}}],\"inLanguage\":\"fr-FR\"},{\"@type\":\"Organization\",\"@id\":\"https:\/\/www.toutsurmesfinances.com\/retraite\/#organization\",\"name\":\"Tout Sur Mes Finances\",\"url\":\"https:\/\/www.toutsurmesfinances.com\/retraite\/\",\"logo\":{\"@type\":\"ImageObject\",\"inLanguage\":\"fr-FR\",\"@id\":\"https:\/\/www.toutsurmesfinances.com\/retraite\/#\/schema\/logo\/image\/\",\"url\":\"https:\/\/www.toutsurmesfinances.com\/retraite\/wp-content\/uploads\/sites\/4\/2021\/01\/favicon.png\",\"contentUrl\":\"https:\/\/www.toutsurmesfinances.com\/retraite\/wp-content\/uploads\/sites\/4\/2021\/01\/favicon.png\",\"width\":512,\"height\":512,\"caption\":\"Tout Sur Mes Finances\"},\"image\":{\"@id\":\"https:\/\/www.toutsurmesfinances.com\/retraite\/#\/schema\/logo\/image\/\"},\"sameAs\":[\"https:\/\/x.com\/Toutsur\"]},{\"@type\":\"Person\",\"@id\":\"https:\/\/www.toutsurmesfinances.com\/retraite\/#\/schema\/person\/19a038f31d078d13966363e7ab7343c6\",\"name\":\"L'\u00e9quipe de r\u00e9daction\",\"image\":{\"@type\":\"ImageObject\",\"inLanguage\":\"fr-FR\",\"@id\":\"https:\/\/www.toutsurmesfinances.com\/retraite\/#\/schema\/person\/image\/\",\"url\":\"https:\/\/secure.gravatar.com\/avatar\/5d078ff23d3ce7cd29bc258e76954673?s=96&d=mm&r=g\",\"contentUrl\":\"https:\/\/secure.gravatar.com\/avatar\/5d078ff23d3ce7cd29bc258e76954673?s=96&d=mm&r=g\",\"caption\":\"L'\u00e9quipe de r\u00e9daction\"}}]}<\/script>\n<!-- \/ Yoast SEO plugin. -->","yoast_head_json":{"title":"Nouvelle taxe sur les retraites (CASA) : \u00e0 quoi faut-il s\u2019attendre ?","description":"Le projet de loi de financement de la s\u00e9curit\u00e9 sociale pour 2013 (PLFSS) et son \u00e9tude d'impact apportent de nombreuses pr\u00e9cisions sur la nouvelle contribution additionnelle de solidarit\u00e9 sur l'autonomie qui sera appliqu\u00e9e aux pensions de retraite \u00e0 partir","robots":{"index":"index","follow":"follow","max-snippet":"max-snippet:-1","max-image-preview":"max-image-preview:large","max-video-preview":"max-video-preview:-1"},"canonical":"https:\/\/www.toutsurmesfinances.com\/retraite\/nouvelle-taxe-sur-les-retraites-casa-a-quoi-faut-il-s-attendre.html","og_locale":"fr_FR","og_type":"article","og_title":"Nouvelle taxe sur les retraites (CASA) : \u00e0 quoi faut-il s\u2019attendre ?","og_description":"Le projet de loi de financement de la s\u00e9curit\u00e9 sociale pour 2013 (PLFSS) et son \u00e9tude d'impact apportent de nombreuses pr\u00e9cisions sur la nouvelle contribution additionnelle de solidarit\u00e9 sur l'autonomie qui sera appliqu\u00e9e aux pensions de retraite \u00e0 partir","og_url":"https:\/\/www.toutsurmesfinances.com\/retraite\/nouvelle-taxe-sur-les-retraites-casa-a-quoi-faut-il-s-attendre.html","og_site_name":"Retraite","article_published_time":"2012-10-11T06:50:01+00:00","article_modified_time":"2021-12-08T13:39:07+00:00","og_image":[{"width":480,"height":360,"url":"https:\/\/www.toutsurmesfinances.com\/retraite\/wp-content\/uploads\/sites\/4\/2012\/10\/bercy-ministere-retraites.jpg","type":"image\/jpeg"}],"author":"L'\u00e9quipe de r\u00e9daction","twitter_card":"summary_large_image","twitter_creator":"@Toutsur","twitter_site":"@Toutsur","twitter_misc":{"\u00c9crit par":"L'\u00e9quipe de r\u00e9daction","Dur\u00e9e de lecture estim\u00e9e":"5 minutes"},"schema":{"@context":"https:\/\/schema.org","@graph":[{"@type":"Article","@id":"https:\/\/www.toutsurmesfinances.com\/retraite\/nouvelle-taxe-sur-les-retraites-casa-a-quoi-faut-il-s-attendre.html#article","isPartOf":{"@id":"https:\/\/www.toutsurmesfinances.com\/retraite\/nouvelle-taxe-sur-les-retraites-casa-a-quoi-faut-il-s-attendre.html"},"author":{"name":"L'\u00e9quipe de r\u00e9daction","@id":"https:\/\/www.toutsurmesfinances.com\/retraite\/#\/schema\/person\/19a038f31d078d13966363e7ab7343c6"},"headline":"Nouvelle taxe sur les retraites (CASA) : \u00e0 quoi faut-il s\u2019attendre ?","dateModified":"2021-12-08T13:39:07+00:00","mainEntityOfPage":{"@id":"https:\/\/www.toutsurmesfinances.com\/retraite\/nouvelle-taxe-sur-les-retraites-casa-a-quoi-faut-il-s-attendre.html"},"wordCount":954,"publisher":{"@id":"https:\/\/www.toutsurmesfinances.com\/retraite\/#organization"},"image":{"@id":"https:\/\/www.toutsurmesfinances.com\/retraite\/nouvelle-taxe-sur-les-retraites-casa-a-quoi-faut-il-s-attendre.html#primaryimage"},"thumbnailUrl":"https:\/\/www.toutsurmesfinances.com\/retraite\/wp-content\/uploads\/sites\/4\/2012\/10\/bercy-ministere-retraites.jpg","articleSection":["Pension de retraite"],"inLanguage":"fr-FR"},{"@type":"WebPage","@id":"https:\/\/www.toutsurmesfinances.com\/retraite\/nouvelle-taxe-sur-les-retraites-casa-a-quoi-faut-il-s-attendre.html","url":"https:\/\/www.toutsurmesfinances.com\/retraite\/nouvelle-taxe-sur-les-retraites-casa-a-quoi-faut-il-s-attendre.html","name":"Nouvelle taxe sur les retraites (CASA) : \u00e0 quoi faut-il s\u2019attendre ?","isPartOf":{"@id":"https:\/\/www.toutsurmesfinances.com\/retraite\/#website"},"primaryImageOfPage":{"@id":"https:\/\/www.toutsurmesfinances.com\/retraite\/nouvelle-taxe-sur-les-retraites-casa-a-quoi-faut-il-s-attendre.html#primaryimage"},"image":{"@id":"https:\/\/www.toutsurmesfinances.com\/retraite\/nouvelle-taxe-sur-les-retraites-casa-a-quoi-faut-il-s-attendre.html#primaryimage"},"thumbnailUrl":"https:\/\/www.toutsurmesfinances.com\/retraite\/wp-content\/uploads\/sites\/4\/2012\/10\/bercy-ministere-retraites.jpg","dateModified":"2021-12-08T13:39:07+00:00","description":"Le projet de loi de financement de la s\u00e9curit\u00e9 sociale pour 2013 (PLFSS) et son \u00e9tude d'impact apportent de nombreuses pr\u00e9cisions sur la nouvelle contribution additionnelle de solidarit\u00e9 sur l'autonomie qui sera appliqu\u00e9e aux pensions de retraite \u00e0 partir","breadcrumb":{"@id":"https:\/\/www.toutsurmesfinances.com\/retraite\/nouvelle-taxe-sur-les-retraites-casa-a-quoi-faut-il-s-attendre.html#breadcrumb"},"inLanguage":"fr-FR","potentialAction":[{"@type":"ReadAction","target":["https:\/\/www.toutsurmesfinances.com\/retraite\/nouvelle-taxe-sur-les-retraites-casa-a-quoi-faut-il-s-attendre.html"]}]},{"@type":"ImageObject","inLanguage":"fr-FR","@id":"https:\/\/www.toutsurmesfinances.com\/retraite\/nouvelle-taxe-sur-les-retraites-casa-a-quoi-faut-il-s-attendre.html#primaryimage","url":"https:\/\/www.toutsurmesfinances.com\/retraite\/wp-content\/uploads\/sites\/4\/2012\/10\/bercy-ministere-retraites.jpg","contentUrl":"https:\/\/www.toutsurmesfinances.com\/retraite\/wp-content\/uploads\/sites\/4\/2012\/10\/bercy-ministere-retraites.jpg","width":480,"height":360,"caption":"Le projet de loi de financement de la s\u00e9curit\u00e9 sociale pour 2013 et son \u00e9tude d'impact donnent des pr\u00e9cisions sur la nouvelle contribution qui sera appliqu\u00e9e aux pensions de retraite d\u00e8s 2013 (Infomedia - Toutsurmesfinances)"},{"@type":"BreadcrumbList","@id":"https:\/\/www.toutsurmesfinances.com\/retraite\/nouvelle-taxe-sur-les-retraites-casa-a-quoi-faut-il-s-attendre.html#breadcrumb","itemListElement":[{"@type":"ListItem","position":1,"name":"Accueil","item":"https:\/\/www.toutsurmesfinances.com\/retraite\/"},{"@type":"ListItem","position":2,"name":"Pension","item":"https:\/\/www.toutsurmesfinances.com\/retraite\/c\/pension"},{"@type":"ListItem","position":3,"name":"Pension de retraite","item":"https:\/\/www.toutsurmesfinances.com\/retraite\/c\/pension-de-retraite"},{"@type":"ListItem","position":4,"name":"Nouvelle taxe sur les retraites (CASA) : \u00e0 quoi faut-il s\u2019attendre ?"}]},{"@type":"WebSite","@id":"https:\/\/www.toutsurmesfinances.com\/retraite\/#website","url":"https:\/\/www.toutsurmesfinances.com\/retraite\/","name":"Retraite","description":"","publisher":{"@id":"https:\/\/www.toutsurmesfinances.com\/retraite\/#organization"},"potentialAction":[{"@type":"SearchAction","target":{"@type":"EntryPoint","urlTemplate":"https:\/\/www.toutsurmesfinances.com\/retraite\/?s={search_term_string}"},"query-input":{"@type":"PropertyValueSpecification","valueRequired":true,"valueName":"search_term_string"}}],"inLanguage":"fr-FR"},{"@type":"Organization","@id":"https:\/\/www.toutsurmesfinances.com\/retraite\/#organization","name":"Tout Sur Mes Finances","url":"https:\/\/www.toutsurmesfinances.com\/retraite\/","logo":{"@type":"ImageObject","inLanguage":"fr-FR","@id":"https:\/\/www.toutsurmesfinances.com\/retraite\/#\/schema\/logo\/image\/","url":"https:\/\/www.toutsurmesfinances.com\/retraite\/wp-content\/uploads\/sites\/4\/2021\/01\/favicon.png","contentUrl":"https:\/\/www.toutsurmesfinances.com\/retraite\/wp-content\/uploads\/sites\/4\/2021\/01\/favicon.png","width":512,"height":512,"caption":"Tout Sur Mes Finances"},"image":{"@id":"https:\/\/www.toutsurmesfinances.com\/retraite\/#\/schema\/logo\/image\/"},"sameAs":["https:\/\/x.com\/Toutsur"]},{"@type":"Person","@id":"https:\/\/www.toutsurmesfinances.com\/retraite\/#\/schema\/person\/19a038f31d078d13966363e7ab7343c6","name":"L'\u00e9quipe de r\u00e9daction","image":{"@type":"ImageObject","inLanguage":"fr-FR","@id":"https:\/\/www.toutsurmesfinances.com\/retraite\/#\/schema\/person\/image\/","url":"https:\/\/secure.gravatar.com\/avatar\/5d078ff23d3ce7cd29bc258e76954673?s=96&d=mm&r=g","contentUrl":"https:\/\/secure.gravatar.com\/avatar\/5d078ff23d3ce7cd29bc258e76954673?s=96&d=mm&r=g","caption":"L'\u00e9quipe de r\u00e9daction"}}]}},"_links":{"self":[{"href":"https:\/\/www.toutsurmesfinances.com\/retraite\/wp-json\/wp\/v2\/posts\/18252","targetHints":{"allow":["GET"]}}],"collection":[{"href":"https:\/\/www.toutsurmesfinances.com\/retraite\/wp-json\/wp\/v2\/posts"}],"about":[{"href":"https:\/\/www.toutsurmesfinances.com\/retraite\/wp-json\/wp\/v2\/types\/post"}],"author":[{"embeddable":true,"href":"https:\/\/www.toutsurmesfinances.com\/retraite\/wp-json\/wp\/v2\/users\/13718"}],"replies":[{"embeddable":true,"href":"https:\/\/www.toutsurmesfinances.com\/retraite\/wp-json\/wp\/v2\/comments?post=18252"}],"version-history":[{"count":2,"href":"https:\/\/www.toutsurmesfinances.com\/retraite\/wp-json\/wp\/v2\/posts\/18252\/revisions"}],"predecessor-version":[{"id":30486,"href":"https:\/\/www.toutsurmesfinances.com\/retraite\/wp-json\/wp\/v2\/posts\/18252\/revisions\/30486"}],"wp:featuredmedia":[{"embeddable":true,"href":"https:\/\/www.toutsurmesfinances.com\/retraite\/wp-json\/wp\/v2\/media\/18251"}],"wp:attachment":[{"href":"https:\/\/www.toutsurmesfinances.com\/retraite\/wp-json\/wp\/v2\/media?parent=18252"}],"wp:term":[{"taxonomy":"category","embeddable":true,"href":"https:\/\/www.toutsurmesfinances.com\/retraite\/wp-json\/wp\/v2\/categories?post=18252"},{"taxonomy":"post_tag","embeddable":true,"href":"https:\/\/www.toutsurmesfinances.com\/retraite\/wp-json\/wp\/v2\/tags?post=18252"}],"curies":[{"name":"wp","href":"https:\/\/api.w.org\/{rel}","templated":true}]}}