{"id":18312,"date":"2012-10-30T15:56:30","date_gmt":"2012-10-30T14:56:30","guid":{"rendered":"https:\/\/www.toutsurmesfinances.com\/retraite\/mes-annees-comme-aide-familial-agricole-peuvent-elles-compter-une-retraite-anticipee.html"},"modified":"2021-12-08T14:31:46","modified_gmt":"2021-12-08T13:31:46","slug":"mes-annees-comme-aide-familial-agricole-peuvent-elles-compter-une-retraite-anticipee","status":"publish","type":"post","link":"https:\/\/www.toutsurmesfinances.com\/retraite\/mes-annees-comme-aide-familial-agricole-peuvent-elles-compter-une-retraite-anticipee.html","title":{"rendered":"Mes ann\u00e9es comme aide familial agricole peuvent-elles compter une retraite anticip\u00e9e ?"},"content":{"rendered":"<section class=\"l-section wpb_row height_small\"><div class=\"l-section-h i-cf\"><div class=\"g-cols vc_row via_flex valign_top type_default stacking_default\"><div class=\"vc_col-sm-12 wpb_column vc_column_container\"><div class=\"vc_column-inner\"><div class=\"wpb_wrapper\"><div class=\"wpb_text_column\"><div class=\"wpb_wrapper\"><p><strong>Question de Devend<\/strong><\/p>\n<p><em>\u00ab N\u00e9 le 1er mars 1953, j&rsquo;ai commenc\u00e9 mon activit\u00e9 en tant qu&rsquo;aide familial agricole sur l&rsquo;exploitation de mes parents. La MSA reconna\u00eet cela mais ne valide pas cette p\u00e9riode de 16 \u00e0 18 ans puisqu&rsquo;il n&rsquo;y a pas eu de cotisation. J&rsquo;ai travaill\u00e9 ainsi jusqu&rsquo;\u00e0 22 ans. Que puis-je faire pour que ces ann\u00e9es soient valid\u00e9es ? \u00bb<\/em><\/p>\n<p><strong>La r\u00e9ponse de France Retraite<\/strong><\/p>\n<p>La MSA valide votre p\u00e9riode d&rsquo;aide familiale de 18 \u00e0 22 ans en trimestres dit \u00ab \u00e9quivalents \u00bb. Pour qu&rsquo;ils comptent comme trimestres cotis\u00e9s pour un d\u00e9part d\u00e8s 60 ans, vous pouvez r\u00e9gler l&rsquo;int\u00e9gralit\u00e9 des cotisations dues entre 16 et 22 ans. Je vous invite \u00e0 prendre contact avec la MSA de votre d\u00e9partement pour qu&rsquo;elle en calcule le montant.<\/p>\n<\/div><\/div><\/div><\/div><\/div><\/div><\/div><\/section>\n","protected":false},"excerpt":{"rendered":"Question de Devend \u00ab N\u00e9 le 1er mars 1953, j&rsquo;ai commenc\u00e9 mon activit\u00e9 en tant qu&rsquo;aide familial agricole sur l&rsquo;exploitation de mes parents. La MSA reconna\u00eet cela mais ne valide pas cette p\u00e9riode de 16 \u00e0 18 ans puisqu&rsquo;il n&rsquo;y a pas eu de cotisation. J&rsquo;ai travaill\u00e9 ainsi jusqu&rsquo;\u00e0 22 ans. Que puis-je faire pour...","protected":false},"author":13718,"featured_media":0,"comment_status":"closed","ping_status":"closed","sticky":false,"template":"","format":"standard","meta":{"footnotes":""},"categories":[13],"tags":[],"class_list":["post-18312","post","type-post","status-publish","format-standard","hentry","category-depart-a-la-retraite"],"acf":[],"yoast_head":"<!-- This site is optimized with the Yoast SEO plugin v24.9 - https:\/\/yoast.com\/wordpress\/plugins\/seo\/ -->\n<title>Mes ann\u00e9es comme aide familial agricole peuvent-elles compter une retraite anticip\u00e9e ?<\/title>\n<meta name=\"description\" content=\"N\u00e9 le 1er mars 1953, j&#039;ai commenc\u00e9 mon activit\u00e9 en tant qu&#039;aide familial agricole sur l&#039;exploitation de mes parents. La MSA reconna\u00eet cela mais ne valide pas cette p\u00e9riode de 16 \u00e0 18 ans puisqu&#039;il n&#039;y a pas eu de cotisation. J&#039;ai travaill\u00e9 ainsi jusqu&#039;\u00e0 2\" \/>\n<meta name=\"robots\" content=\"index, follow, max-snippet:-1, max-image-preview:large, max-video-preview:-1\" \/>\n<link rel=\"canonical\" href=\"https:\/\/www.toutsurmesfinances.com\/retraite\/mes-annees-comme-aide-familial-agricole-peuvent-elles-compter-une-retraite-anticipee.html\" \/>\n<meta property=\"og:locale\" content=\"fr_FR\" \/>\n<meta property=\"og:type\" content=\"article\" \/>\n<meta property=\"og:title\" content=\"Mes ann\u00e9es comme aide familial agricole peuvent-elles compter une retraite anticip\u00e9e ?\" \/>\n<meta property=\"og:description\" content=\"N\u00e9 le 1er mars 1953, j&#039;ai commenc\u00e9 mon activit\u00e9 en tant qu&#039;aide familial agricole sur l&#039;exploitation de mes parents. La MSA reconna\u00eet cela mais ne valide pas cette p\u00e9riode de 16 \u00e0 18 ans puisqu&#039;il n&#039;y a pas eu de cotisation. J&#039;ai travaill\u00e9 ainsi jusqu&#039;\u00e0 2\" \/>\n<meta property=\"og:url\" content=\"https:\/\/www.toutsurmesfinances.com\/retraite\/mes-annees-comme-aide-familial-agricole-peuvent-elles-compter-une-retraite-anticipee.html\" \/>\n<meta property=\"og:site_name\" content=\"Retraite\" \/>\n<meta property=\"article:published_time\" content=\"2012-10-30T14:56:30+00:00\" \/>\n<meta property=\"article:modified_time\" content=\"2021-12-08T13:31:46+00:00\" \/>\n<meta name=\"author\" content=\"L&#039;\u00e9quipe de r\u00e9daction\" \/>\n<meta name=\"twitter:card\" content=\"summary_large_image\" \/>\n<meta name=\"twitter:creator\" content=\"@Toutsur\" \/>\n<meta name=\"twitter:site\" content=\"@Toutsur\" \/>\n<meta name=\"twitter:label1\" content=\"\u00c9crit par\" \/>\n\t<meta name=\"twitter:data1\" content=\"L&#039;\u00e9quipe de r\u00e9daction\" \/>\n\t<meta name=\"twitter:label2\" content=\"Dur\u00e9e de lecture estim\u00e9e\" \/>\n\t<meta name=\"twitter:data2\" content=\"1 minute\" \/>\n<script type=\"application\/ld+json\" class=\"yoast-schema-graph\">{\"@context\":\"https:\/\/schema.org\",\"@graph\":[{\"@type\":\"Article\",\"@id\":\"https:\/\/www.toutsurmesfinances.com\/retraite\/mes-annees-comme-aide-familial-agricole-peuvent-elles-compter-une-retraite-anticipee.html#article\",\"isPartOf\":{\"@id\":\"https:\/\/www.toutsurmesfinances.com\/retraite\/mes-annees-comme-aide-familial-agricole-peuvent-elles-compter-une-retraite-anticipee.html\"},\"author\":{\"name\":\"L'\u00e9quipe de r\u00e9daction\",\"@id\":\"https:\/\/www.toutsurmesfinances.com\/retraite\/#\/schema\/person\/19a038f31d078d13966363e7ab7343c6\"},\"headline\":\"Mes ann\u00e9es comme aide familial agricole peuvent-elles compter une retraite anticip\u00e9e ?\",\"dateModified\":\"2021-12-08T13:31:46+00:00\",\"mainEntityOfPage\":{\"@id\":\"https:\/\/www.toutsurmesfinances.com\/retraite\/mes-annees-comme-aide-familial-agricole-peuvent-elles-compter-une-retraite-anticipee.html\"},\"wordCount\":159,\"publisher\":{\"@id\":\"https:\/\/www.toutsurmesfinances.com\/retraite\/#organization\"},\"articleSection\":[\"D\u00e9part \u00e0 la retraite\"],\"inLanguage\":\"fr-FR\"},{\"@type\":\"WebPage\",\"@id\":\"https:\/\/www.toutsurmesfinances.com\/retraite\/mes-annees-comme-aide-familial-agricole-peuvent-elles-compter-une-retraite-anticipee.html\",\"url\":\"https:\/\/www.toutsurmesfinances.com\/retraite\/mes-annees-comme-aide-familial-agricole-peuvent-elles-compter-une-retraite-anticipee.html\",\"name\":\"Mes ann\u00e9es comme aide familial agricole peuvent-elles compter une retraite anticip\u00e9e ?\",\"isPartOf\":{\"@id\":\"https:\/\/www.toutsurmesfinances.com\/retraite\/#website\"},\"dateModified\":\"2021-12-08T13:31:46+00:00\",\"description\":\"N\u00e9 le 1er mars 1953, j'ai commenc\u00e9 mon activit\u00e9 en tant qu'aide familial agricole sur l'exploitation de mes parents. La MSA reconna\u00eet cela mais ne valide pas cette p\u00e9riode de 16 \u00e0 18 ans puisqu'il n'y a pas eu de cotisation. J'ai travaill\u00e9 ainsi jusqu'\u00e0 2\",\"breadcrumb\":{\"@id\":\"https:\/\/www.toutsurmesfinances.com\/retraite\/mes-annees-comme-aide-familial-agricole-peuvent-elles-compter-une-retraite-anticipee.html#breadcrumb\"},\"inLanguage\":\"fr-FR\",\"potentialAction\":[{\"@type\":\"ReadAction\",\"target\":[\"https:\/\/www.toutsurmesfinances.com\/retraite\/mes-annees-comme-aide-familial-agricole-peuvent-elles-compter-une-retraite-anticipee.html\"]}]},{\"@type\":\"BreadcrumbList\",\"@id\":\"https:\/\/www.toutsurmesfinances.com\/retraite\/mes-annees-comme-aide-familial-agricole-peuvent-elles-compter-une-retraite-anticipee.html#breadcrumb\",\"itemListElement\":[{\"@type\":\"ListItem\",\"position\":1,\"name\":\"Accueil\",\"item\":\"https:\/\/www.toutsurmesfinances.com\/retraite\/\"},{\"@type\":\"ListItem\",\"position\":2,\"name\":\"Liquidation\",\"item\":\"https:\/\/www.toutsurmesfinances.com\/retraite\/c\/liquidation\"},{\"@type\":\"ListItem\",\"position\":3,\"name\":\"D\u00e9part \u00e0 la retraite\",\"item\":\"https:\/\/www.toutsurmesfinances.com\/retraite\/c\/depart-a-la-retraite\"},{\"@type\":\"ListItem\",\"position\":4,\"name\":\"Mes ann\u00e9es comme aide familial agricole peuvent-elles compter une retraite anticip\u00e9e ?\"}]},{\"@type\":\"WebSite\",\"@id\":\"https:\/\/www.toutsurmesfinances.com\/retraite\/#website\",\"url\":\"https:\/\/www.toutsurmesfinances.com\/retraite\/\",\"name\":\"Retraite\",\"description\":\"\",\"publisher\":{\"@id\":\"https:\/\/www.toutsurmesfinances.com\/retraite\/#organization\"},\"potentialAction\":[{\"@type\":\"SearchAction\",\"target\":{\"@type\":\"EntryPoint\",\"urlTemplate\":\"https:\/\/www.toutsurmesfinances.com\/retraite\/?s={search_term_string}\"},\"query-input\":{\"@type\":\"PropertyValueSpecification\",\"valueRequired\":true,\"valueName\":\"search_term_string\"}}],\"inLanguage\":\"fr-FR\"},{\"@type\":\"Organization\",\"@id\":\"https:\/\/www.toutsurmesfinances.com\/retraite\/#organization\",\"name\":\"Tout Sur Mes Finances\",\"url\":\"https:\/\/www.toutsurmesfinances.com\/retraite\/\",\"logo\":{\"@type\":\"ImageObject\",\"inLanguage\":\"fr-FR\",\"@id\":\"https:\/\/www.toutsurmesfinances.com\/retraite\/#\/schema\/logo\/image\/\",\"url\":\"https:\/\/www.toutsurmesfinances.com\/retraite\/wp-content\/uploads\/sites\/4\/2021\/01\/favicon.png\",\"contentUrl\":\"https:\/\/www.toutsurmesfinances.com\/retraite\/wp-content\/uploads\/sites\/4\/2021\/01\/favicon.png\",\"width\":512,\"height\":512,\"caption\":\"Tout Sur Mes Finances\"},\"image\":{\"@id\":\"https:\/\/www.toutsurmesfinances.com\/retraite\/#\/schema\/logo\/image\/\"},\"sameAs\":[\"https:\/\/x.com\/Toutsur\"]},{\"@type\":\"Person\",\"@id\":\"https:\/\/www.toutsurmesfinances.com\/retraite\/#\/schema\/person\/19a038f31d078d13966363e7ab7343c6\",\"name\":\"L'\u00e9quipe de r\u00e9daction\",\"image\":{\"@type\":\"ImageObject\",\"inLanguage\":\"fr-FR\",\"@id\":\"https:\/\/www.toutsurmesfinances.com\/retraite\/#\/schema\/person\/image\/\",\"url\":\"https:\/\/secure.gravatar.com\/avatar\/5d078ff23d3ce7cd29bc258e76954673?s=96&d=mm&r=g\",\"contentUrl\":\"https:\/\/secure.gravatar.com\/avatar\/5d078ff23d3ce7cd29bc258e76954673?s=96&d=mm&r=g\",\"caption\":\"L'\u00e9quipe de r\u00e9daction\"}}]}<\/script>\n<!-- \/ Yoast SEO plugin. -->","yoast_head_json":{"title":"Mes ann\u00e9es comme aide familial agricole peuvent-elles compter une retraite anticip\u00e9e ?","description":"N\u00e9 le 1er mars 1953, j'ai commenc\u00e9 mon activit\u00e9 en tant qu'aide familial agricole sur l'exploitation de mes parents. La MSA reconna\u00eet cela mais ne valide pas cette p\u00e9riode de 16 \u00e0 18 ans puisqu'il n'y a pas eu de cotisation. J'ai travaill\u00e9 ainsi jusqu'\u00e0 2","robots":{"index":"index","follow":"follow","max-snippet":"max-snippet:-1","max-image-preview":"max-image-preview:large","max-video-preview":"max-video-preview:-1"},"canonical":"https:\/\/www.toutsurmesfinances.com\/retraite\/mes-annees-comme-aide-familial-agricole-peuvent-elles-compter-une-retraite-anticipee.html","og_locale":"fr_FR","og_type":"article","og_title":"Mes ann\u00e9es comme aide familial agricole peuvent-elles compter une retraite anticip\u00e9e ?","og_description":"N\u00e9 le 1er mars 1953, j'ai commenc\u00e9 mon activit\u00e9 en tant qu'aide familial agricole sur l'exploitation de mes parents. La MSA reconna\u00eet cela mais ne valide pas cette p\u00e9riode de 16 \u00e0 18 ans puisqu'il n'y a pas eu de cotisation. J'ai travaill\u00e9 ainsi jusqu'\u00e0 2","og_url":"https:\/\/www.toutsurmesfinances.com\/retraite\/mes-annees-comme-aide-familial-agricole-peuvent-elles-compter-une-retraite-anticipee.html","og_site_name":"Retraite","article_published_time":"2012-10-30T14:56:30+00:00","article_modified_time":"2021-12-08T13:31:46+00:00","author":"L'\u00e9quipe de r\u00e9daction","twitter_card":"summary_large_image","twitter_creator":"@Toutsur","twitter_site":"@Toutsur","twitter_misc":{"\u00c9crit par":"L'\u00e9quipe de r\u00e9daction","Dur\u00e9e de lecture estim\u00e9e":"1 minute"},"schema":{"@context":"https:\/\/schema.org","@graph":[{"@type":"Article","@id":"https:\/\/www.toutsurmesfinances.com\/retraite\/mes-annees-comme-aide-familial-agricole-peuvent-elles-compter-une-retraite-anticipee.html#article","isPartOf":{"@id":"https:\/\/www.toutsurmesfinances.com\/retraite\/mes-annees-comme-aide-familial-agricole-peuvent-elles-compter-une-retraite-anticipee.html"},"author":{"name":"L'\u00e9quipe de r\u00e9daction","@id":"https:\/\/www.toutsurmesfinances.com\/retraite\/#\/schema\/person\/19a038f31d078d13966363e7ab7343c6"},"headline":"Mes ann\u00e9es comme aide familial agricole peuvent-elles compter une retraite anticip\u00e9e ?","dateModified":"2021-12-08T13:31:46+00:00","mainEntityOfPage":{"@id":"https:\/\/www.toutsurmesfinances.com\/retraite\/mes-annees-comme-aide-familial-agricole-peuvent-elles-compter-une-retraite-anticipee.html"},"wordCount":159,"publisher":{"@id":"https:\/\/www.toutsurmesfinances.com\/retraite\/#organization"},"articleSection":["D\u00e9part \u00e0 la retraite"],"inLanguage":"fr-FR"},{"@type":"WebPage","@id":"https:\/\/www.toutsurmesfinances.com\/retraite\/mes-annees-comme-aide-familial-agricole-peuvent-elles-compter-une-retraite-anticipee.html","url":"https:\/\/www.toutsurmesfinances.com\/retraite\/mes-annees-comme-aide-familial-agricole-peuvent-elles-compter-une-retraite-anticipee.html","name":"Mes ann\u00e9es comme aide familial agricole peuvent-elles compter une retraite anticip\u00e9e ?","isPartOf":{"@id":"https:\/\/www.toutsurmesfinances.com\/retraite\/#website"},"dateModified":"2021-12-08T13:31:46+00:00","description":"N\u00e9 le 1er mars 1953, j'ai commenc\u00e9 mon activit\u00e9 en tant qu'aide familial agricole sur l'exploitation de mes parents. La MSA reconna\u00eet cela mais ne valide pas cette p\u00e9riode de 16 \u00e0 18 ans puisqu'il n'y a pas eu de cotisation. J'ai travaill\u00e9 ainsi jusqu'\u00e0 2","breadcrumb":{"@id":"https:\/\/www.toutsurmesfinances.com\/retraite\/mes-annees-comme-aide-familial-agricole-peuvent-elles-compter-une-retraite-anticipee.html#breadcrumb"},"inLanguage":"fr-FR","potentialAction":[{"@type":"ReadAction","target":["https:\/\/www.toutsurmesfinances.com\/retraite\/mes-annees-comme-aide-familial-agricole-peuvent-elles-compter-une-retraite-anticipee.html"]}]},{"@type":"BreadcrumbList","@id":"https:\/\/www.toutsurmesfinances.com\/retraite\/mes-annees-comme-aide-familial-agricole-peuvent-elles-compter-une-retraite-anticipee.html#breadcrumb","itemListElement":[{"@type":"ListItem","position":1,"name":"Accueil","item":"https:\/\/www.toutsurmesfinances.com\/retraite\/"},{"@type":"ListItem","position":2,"name":"Liquidation","item":"https:\/\/www.toutsurmesfinances.com\/retraite\/c\/liquidation"},{"@type":"ListItem","position":3,"name":"D\u00e9part \u00e0 la retraite","item":"https:\/\/www.toutsurmesfinances.com\/retraite\/c\/depart-a-la-retraite"},{"@type":"ListItem","position":4,"name":"Mes ann\u00e9es comme aide familial agricole peuvent-elles compter une retraite anticip\u00e9e ?"}]},{"@type":"WebSite","@id":"https:\/\/www.toutsurmesfinances.com\/retraite\/#website","url":"https:\/\/www.toutsurmesfinances.com\/retraite\/","name":"Retraite","description":"","publisher":{"@id":"https:\/\/www.toutsurmesfinances.com\/retraite\/#organization"},"potentialAction":[{"@type":"SearchAction","target":{"@type":"EntryPoint","urlTemplate":"https:\/\/www.toutsurmesfinances.com\/retraite\/?s={search_term_string}"},"query-input":{"@type":"PropertyValueSpecification","valueRequired":true,"valueName":"search_term_string"}}],"inLanguage":"fr-FR"},{"@type":"Organization","@id":"https:\/\/www.toutsurmesfinances.com\/retraite\/#organization","name":"Tout Sur Mes Finances","url":"https:\/\/www.toutsurmesfinances.com\/retraite\/","logo":{"@type":"ImageObject","inLanguage":"fr-FR","@id":"https:\/\/www.toutsurmesfinances.com\/retraite\/#\/schema\/logo\/image\/","url":"https:\/\/www.toutsurmesfinances.com\/retraite\/wp-content\/uploads\/sites\/4\/2021\/01\/favicon.png","contentUrl":"https:\/\/www.toutsurmesfinances.com\/retraite\/wp-content\/uploads\/sites\/4\/2021\/01\/favicon.png","width":512,"height":512,"caption":"Tout Sur Mes Finances"},"image":{"@id":"https:\/\/www.toutsurmesfinances.com\/retraite\/#\/schema\/logo\/image\/"},"sameAs":["https:\/\/x.com\/Toutsur"]},{"@type":"Person","@id":"https:\/\/www.toutsurmesfinances.com\/retraite\/#\/schema\/person\/19a038f31d078d13966363e7ab7343c6","name":"L'\u00e9quipe de r\u00e9daction","image":{"@type":"ImageObject","inLanguage":"fr-FR","@id":"https:\/\/www.toutsurmesfinances.com\/retraite\/#\/schema\/person\/image\/","url":"https:\/\/secure.gravatar.com\/avatar\/5d078ff23d3ce7cd29bc258e76954673?s=96&d=mm&r=g","contentUrl":"https:\/\/secure.gravatar.com\/avatar\/5d078ff23d3ce7cd29bc258e76954673?s=96&d=mm&r=g","caption":"L'\u00e9quipe de r\u00e9daction"}}]}},"_links":{"self":[{"href":"https:\/\/www.toutsurmesfinances.com\/retraite\/wp-json\/wp\/v2\/posts\/18312","targetHints":{"allow":["GET"]}}],"collection":[{"href":"https:\/\/www.toutsurmesfinances.com\/retraite\/wp-json\/wp\/v2\/posts"}],"about":[{"href":"https:\/\/www.toutsurmesfinances.com\/retraite\/wp-json\/wp\/v2\/types\/post"}],"author":[{"embeddable":true,"href":"https:\/\/www.toutsurmesfinances.com\/retraite\/wp-json\/wp\/v2\/users\/13718"}],"replies":[{"embeddable":true,"href":"https:\/\/www.toutsurmesfinances.com\/retraite\/wp-json\/wp\/v2\/comments?post=18312"}],"version-history":[{"count":2,"href":"https:\/\/www.toutsurmesfinances.com\/retraite\/wp-json\/wp\/v2\/posts\/18312\/revisions"}],"predecessor-version":[{"id":30472,"href":"https:\/\/www.toutsurmesfinances.com\/retraite\/wp-json\/wp\/v2\/posts\/18312\/revisions\/30472"}],"wp:attachment":[{"href":"https:\/\/www.toutsurmesfinances.com\/retraite\/wp-json\/wp\/v2\/media?parent=18312"}],"wp:term":[{"taxonomy":"category","embeddable":true,"href":"https:\/\/www.toutsurmesfinances.com\/retraite\/wp-json\/wp\/v2\/categories?post=18312"},{"taxonomy":"post_tag","embeddable":true,"href":"https:\/\/www.toutsurmesfinances.com\/retraite\/wp-json\/wp\/v2\/tags?post=18312"}],"curies":[{"name":"wp","href":"https:\/\/api.w.org\/{rel}","templated":true}]}}