{"id":18586,"date":"2013-02-05T15:39:17","date_gmt":"2013-02-05T14:39:17","guid":{"rendered":"https:\/\/www.toutsurmesfinances.com\/retraite\/pres-de-la-moitie-des-retraites-vivent-sous-le-seuil-de-pauvrete.html"},"modified":"2021-12-08T14:53:19","modified_gmt":"2021-12-08T13:53:19","slug":"pres-de-la-moitie-des-retraites-vivent-sous-le-seuil-de-pauvrete","status":"publish","type":"post","link":"https:\/\/www.toutsurmesfinances.com\/retraite\/pres-de-la-moitie-des-retraites-vivent-sous-le-seuil-de-pauvrete.html","title":{"rendered":"Pr\u00e8s de la moiti\u00e9 des retrait\u00e9s vivent sous le seuil de pauvret\u00e9"},"content":{"rendered":"<section class=\"l-section wpb_row height_small\"><div class=\"l-section-h i-cf\"><div class=\"g-cols vc_row via_flex valign_top type_default stacking_default\"><div class=\"vc_col-sm-12 wpb_column vc_column_container\"><div class=\"vc_column-inner\"><div class=\"wpb_wrapper\"><div class=\"wpb_text_column\"><div class=\"wpb_wrapper\"><p>Quelque 48% des retrait\u00e9s fran\u00e7ais vivraient sous le seuil de pauvret\u00e9, c&rsquo;est-\u00e0-dire avec moins de 964 euros par mois pour une personne seule et 1.446 euros par mois pour un couple. Voil\u00e0 l&rsquo;enseignement choc de l&rsquo;enqu\u00eate \u00ab Retrait\u00e9s aux revenus modestes \u00bb men\u00e9e par la CFDT Retrait\u00e9s aupr\u00e8s de 1.505 personnes \u00e0 la retraite (adh\u00e9rentes au syndicat ou non), d\u00e9voil\u00e9e ce 5 mars lors d&rsquo;un colloque organis\u00e9 au si\u00e8ge parisien de la conf\u00e9d\u00e9ration.<\/p>\n<h2><span class=\"ez-toc-section\" id=\"Les_femmes_en_premiere_ligne\"><\/span>Les femmes en premi\u00e8re ligne<span class=\"ez-toc-section-end\"><\/span><\/h2>\n<p>Dans le d\u00e9tail, 20% des pensionn\u00e9s vivant en couple seraient sous le seuil de pauvret\u00e9 et 80% de ceux vivant seul. Ce sont les femmes qui paient de loin le plus lourd tribut : elles repr\u00e9sentent 76% des retrait\u00e9s pauvres, contre 24% pour les hommes. <em>\u00ab La retraite constitue le miroir grossissant des in\u00e9galit\u00e9s de genre \u00bb,<\/em> r\u00e9sume Ombretta Frache, secr\u00e9taire nationale en charge du pouvoir d&rsquo;achat \u00e0 la CFDT Retrait\u00e9s.<br \/>\nEt de rappeler l&rsquo;\u00e9cart de 33% entre le montant des salaires des hommes et ceux des femmes aux carri\u00e8res moins lin\u00e9aires compte tenu des maternit\u00e9s. Ce n&rsquo;est d&rsquo;ailleurs pas un hasard si 28% des femmes liquident leurs droits apr\u00e8s 65 ans, contre seulement 14% des hommes.<em> \u00ab Elles partent plus tard pour pouvoir toucher une retraite \u00e0 taux plein \u00bb,<\/em> explique Ombretta Frache. Reste qu&rsquo;\u00e0 peine 42% des femmes b\u00e9n\u00e9ficient d&rsquo;une pension compl\u00e8te (71% chez les hommes).<\/p>\n<h2><span class=\"ez-toc-section\" id=\"Gros_consommateurs_de_credits\"><\/span>Gros consommateurs de cr\u00e9dits<span class=\"ez-toc-section-end\"><\/span><\/h2>\n<p>Autre \u00e9l\u00e9ment \u00e0 retenir de l&rsquo;\u00e9tude de la CFDT Retrait\u00e9s : les retrait\u00e9s remboursent en moyenne 500 euros par an de cr\u00e9dits \u00e0 la consommation. Il est vrai que 75% de leurs d\u00e9penses sont li\u00e9es aux besoins de base (logement, alimentation, sant\u00e9). Dans ces conditions, il n&rsquo;est pas facile de trouver des marges de man\u0153uvres pour faire face aux impr\u00e9vus. D&rsquo;une mani\u00e8re g\u00e9n\u00e9rale, les retrait\u00e9s suppriment tout \u00ab superflu \u00bb. Les loisirs arrivent en t\u00eate des postes de d\u00e9penses sacrifi\u00e9s (65,4% des r\u00e9pondants d\u00e9clarent s&rsquo;en priver), devant les v\u00eatements (64,6%), l&rsquo;\u00e9pargne (60,3%), les cadeaux aux proches (50,7%), les transports (39,9%), la nourriture (33,6%) et enfin, la sant\u00e9 (23,7%).<br \/>\nEncore plus \u00e9tonnant : seulement 15% des retrait\u00e9s pauvres seuls et 6% de ceux en couple, qui pourraient b\u00e9n\u00e9ficier de l&rsquo;Allocation de solidarit\u00e9 aux personnes \u00e2g\u00e9es (ASPA), per\u00e7oivent ce rempla\u00e7ant au minimum vieillesse qui est vers\u00e9 \u00e0 partir de 65 ans aux plus d\u00e9munis. <em>\u00ab La complexit\u00e9 administrative d\u00e9courage certains b\u00e9n\u00e9ficiaires potentiels. Sans oublier le manque d&rsquo;information alors que le versement de l&rsquo;ASPA par les caisses de retraite n&rsquo;est pas automatique et qu&rsquo;il faut en faire la demande. Enfin, cette allocation \u00e9tant r\u00e9cup\u00e9rable sur les successions (au-del\u00e0 de 39.000 euros de legs, NDLR), cela peut freiner certains retrait\u00e9s \u00bb,<\/em> constate Ombretta Frache.<\/p>\n<h2><span class=\"ez-toc-section\" id=\"Des_chiffres_qui_tombent_a_pic\"><\/span>Des chiffres qui tombent \u00e0 pic<span class=\"ez-toc-section-end\"><\/span><\/h2>\n<p>Autant de donn\u00e9es qui arrivent au moment o\u00f9 certains, comme le Medef ou le ministre d\u00e9l\u00e9gu\u00e9 au Budget, J\u00e9r\u00f4me Cahuzac, parlent de sous-indexation des pensions (une revalorisation inf\u00e9rieure \u00e0 l&rsquo;inflation) pour r\u00e9soudre les d\u00e9ficits des r\u00e9gimes de retraite.<em> \u00ab Nous ne l&rsquo;avons pas fait expr\u00e8s,<\/em> se d\u00e9fend Ombretta Frache. <em>Nous pr\u00e9parons cette \u00e9tude depuis plus d&rsquo;un an. Mais il est vrai que ces r\u00e9sultats pourfendent l&rsquo;id\u00e9e en vogue actuellement que les retrait\u00e9s sont des privil\u00e9gi\u00e9s. \u00bb<\/em><br \/>\nIl n&#8217;emp\u00eache, la CFDT Retrait\u00e9s est assez contente de son coup alors que les n\u00e9gociations sur les r\u00e9gimes compl\u00e9mentaires Agirc (pour les cadres) et Arrco (pour tous les salari\u00e9s) reprennent demain et pourraient d\u00e9cider d&rsquo;une d\u00e9sindexation des pensions. <em>\u00ab Nous serons tr\u00e8s vigilants \u00e0 ce que les petites retraites ne subissent pas de perte de pouvoir d&rsquo;achat \u00bb,<\/em> pr\u00e9vient Ombretta Frache.<\/p>\n<\/div><\/div><\/div><\/div><\/div><\/div><\/div><\/section>\n","protected":false},"excerpt":{"rendered":"<p>Selon une \u00e9tude de la CFDT Retrait\u00e9s, 48% des pensionn\u00e9s sont pauvres en France. Une triste r\u00e9alit\u00e9 qui apparait au moment o\u00f9 se pose justement la question de la sous-indexation des retraites.<\/p>\n","protected":false},"author":13713,"featured_media":18585,"comment_status":"closed","ping_status":"closed","sticky":false,"template":"","format":"standard","meta":{"footnotes":""},"categories":[17],"tags":[],"class_list":["post-18586","post","type-post","status-publish","format-standard","has-post-thumbnail","hentry","category-vie-a-la-retraite"],"acf":[],"yoast_head":"<!-- This site is optimized with the Yoast SEO plugin v24.9 - https:\/\/yoast.com\/wordpress\/plugins\/seo\/ -->\n<title>Pr\u00e8s de la moiti\u00e9 des retrait\u00e9s vivent sous le seuil de pauvret\u00e9<\/title>\n<meta name=\"description\" content=\"Selon une \u00e9tude de la CFDT Retrait\u00e9s, 48% des pensionn\u00e9s sont pauvres en France. Une triste r\u00e9alit\u00e9 qui apparait au moment o\u00f9 se pose justement la question de la sous-indexation des retraites.\" \/>\n<meta name=\"robots\" content=\"index, follow, max-snippet:-1, max-image-preview:large, max-video-preview:-1\" \/>\n<link rel=\"canonical\" href=\"https:\/\/www.toutsurmesfinances.com\/retraite\/pres-de-la-moitie-des-retraites-vivent-sous-le-seuil-de-pauvrete.html\" \/>\n<meta property=\"og:locale\" content=\"fr_FR\" \/>\n<meta property=\"og:type\" content=\"article\" \/>\n<meta property=\"og:title\" content=\"Pr\u00e8s de la moiti\u00e9 des retrait\u00e9s vivent sous le seuil de pauvret\u00e9\" \/>\n<meta property=\"og:description\" content=\"Selon une \u00e9tude de la CFDT Retrait\u00e9s, 48% des pensionn\u00e9s sont pauvres en France. Une triste r\u00e9alit\u00e9 qui apparait au moment o\u00f9 se pose justement la question de la sous-indexation des retraites.\" \/>\n<meta property=\"og:url\" content=\"https:\/\/www.toutsurmesfinances.com\/retraite\/pres-de-la-moitie-des-retraites-vivent-sous-le-seuil-de-pauvrete.html\" \/>\n<meta property=\"og:site_name\" content=\"Retraite\" \/>\n<meta property=\"article:published_time\" content=\"2013-02-05T14:39:17+00:00\" \/>\n<meta property=\"article:modified_time\" content=\"2021-12-08T13:53:19+00:00\" \/>\n<meta property=\"og:image\" content=\"https:\/\/www.toutsurmesfinances.com\/retraite\/wp-content\/uploads\/sites\/4\/2013\/02\/retraite_mains_vieux.jpg\" \/>\n\t<meta property=\"og:image:width\" content=\"480\" \/>\n\t<meta property=\"og:image:height\" content=\"360\" \/>\n\t<meta property=\"og:image:type\" content=\"image\/jpeg\" \/>\n<meta name=\"author\" content=\"Jean-Philippe Dubosc\" \/>\n<meta name=\"twitter:card\" content=\"summary_large_image\" \/>\n<meta name=\"twitter:creator\" content=\"@Toutsur\" \/>\n<meta name=\"twitter:site\" content=\"@Toutsur\" \/>\n<meta name=\"twitter:label1\" content=\"\u00c9crit par\" \/>\n\t<meta name=\"twitter:data1\" content=\"Jean-Philippe Dubosc\" \/>\n\t<meta name=\"twitter:label2\" content=\"Dur\u00e9e de lecture estim\u00e9e\" \/>\n\t<meta name=\"twitter:data2\" content=\"3 minutes\" \/>\n<script type=\"application\/ld+json\" class=\"yoast-schema-graph\">{\"@context\":\"https:\/\/schema.org\",\"@graph\":[{\"@type\":\"Article\",\"@id\":\"https:\/\/www.toutsurmesfinances.com\/retraite\/pres-de-la-moitie-des-retraites-vivent-sous-le-seuil-de-pauvrete.html#article\",\"isPartOf\":{\"@id\":\"https:\/\/www.toutsurmesfinances.com\/retraite\/pres-de-la-moitie-des-retraites-vivent-sous-le-seuil-de-pauvrete.html\"},\"author\":{\"name\":\"Jean-Philippe Dubosc\",\"@id\":\"https:\/\/www.toutsurmesfinances.com\/retraite\/#\/schema\/person\/addc9e9b3978fa7947ead71bab57694c\"},\"headline\":\"Pr\u00e8s de la moiti\u00e9 des retrait\u00e9s vivent sous le seuil de pauvret\u00e9\",\"dateModified\":\"2021-12-08T13:53:19+00:00\",\"mainEntityOfPage\":{\"@id\":\"https:\/\/www.toutsurmesfinances.com\/retraite\/pres-de-la-moitie-des-retraites-vivent-sous-le-seuil-de-pauvrete.html\"},\"wordCount\":673,\"publisher\":{\"@id\":\"https:\/\/www.toutsurmesfinances.com\/retraite\/#organization\"},\"image\":{\"@id\":\"https:\/\/www.toutsurmesfinances.com\/retraite\/pres-de-la-moitie-des-retraites-vivent-sous-le-seuil-de-pauvrete.html#primaryimage\"},\"thumbnailUrl\":\"https:\/\/www.toutsurmesfinances.com\/retraite\/wp-content\/uploads\/sites\/4\/2013\/02\/retraite_mains_vieux.jpg\",\"articleSection\":[\"Vie \u00e0 la retraite\"],\"inLanguage\":\"fr-FR\"},{\"@type\":\"WebPage\",\"@id\":\"https:\/\/www.toutsurmesfinances.com\/retraite\/pres-de-la-moitie-des-retraites-vivent-sous-le-seuil-de-pauvrete.html\",\"url\":\"https:\/\/www.toutsurmesfinances.com\/retraite\/pres-de-la-moitie-des-retraites-vivent-sous-le-seuil-de-pauvrete.html\",\"name\":\"Pr\u00e8s de la moiti\u00e9 des retrait\u00e9s vivent sous le seuil de pauvret\u00e9\",\"isPartOf\":{\"@id\":\"https:\/\/www.toutsurmesfinances.com\/retraite\/#website\"},\"primaryImageOfPage\":{\"@id\":\"https:\/\/www.toutsurmesfinances.com\/retraite\/pres-de-la-moitie-des-retraites-vivent-sous-le-seuil-de-pauvrete.html#primaryimage\"},\"image\":{\"@id\":\"https:\/\/www.toutsurmesfinances.com\/retraite\/pres-de-la-moitie-des-retraites-vivent-sous-le-seuil-de-pauvrete.html#primaryimage\"},\"thumbnailUrl\":\"https:\/\/www.toutsurmesfinances.com\/retraite\/wp-content\/uploads\/sites\/4\/2013\/02\/retraite_mains_vieux.jpg\",\"dateModified\":\"2021-12-08T13:53:19+00:00\",\"description\":\"Selon une \u00e9tude de la CFDT Retrait\u00e9s, 48% des pensionn\u00e9s sont pauvres en France. Une triste r\u00e9alit\u00e9 qui apparait au moment o\u00f9 se pose justement la question de la sous-indexation des retraites.\",\"breadcrumb\":{\"@id\":\"https:\/\/www.toutsurmesfinances.com\/retraite\/pres-de-la-moitie-des-retraites-vivent-sous-le-seuil-de-pauvrete.html#breadcrumb\"},\"inLanguage\":\"fr-FR\",\"potentialAction\":[{\"@type\":\"ReadAction\",\"target\":[\"https:\/\/www.toutsurmesfinances.com\/retraite\/pres-de-la-moitie-des-retraites-vivent-sous-le-seuil-de-pauvrete.html\"]}]},{\"@type\":\"ImageObject\",\"inLanguage\":\"fr-FR\",\"@id\":\"https:\/\/www.toutsurmesfinances.com\/retraite\/pres-de-la-moitie-des-retraites-vivent-sous-le-seuil-de-pauvrete.html#primaryimage\",\"url\":\"https:\/\/www.toutsurmesfinances.com\/retraite\/wp-content\/uploads\/sites\/4\/2013\/02\/retraite_mains_vieux.jpg\",\"contentUrl\":\"https:\/\/www.toutsurmesfinances.com\/retraite\/wp-content\/uploads\/sites\/4\/2013\/02\/retraite_mains_vieux.jpg\",\"width\":480,\"height\":360,\"caption\":\"Presque la moiti\u00e9 des retrait\u00e9s fran\u00e7ais seraient pauvres, selon la CFDT Retrait\u00e9s\"},{\"@type\":\"BreadcrumbList\",\"@id\":\"https:\/\/www.toutsurmesfinances.com\/retraite\/pres-de-la-moitie-des-retraites-vivent-sous-le-seuil-de-pauvrete.html#breadcrumb\",\"itemListElement\":[{\"@type\":\"ListItem\",\"position\":1,\"name\":\"Accueil\",\"item\":\"https:\/\/www.toutsurmesfinances.com\/retraite\/\"},{\"@type\":\"ListItem\",\"position\":2,\"name\":\"Retrait\u00e9\",\"item\":\"https:\/\/www.toutsurmesfinances.com\/retraite\/c\/retraite\"},{\"@type\":\"ListItem\",\"position\":3,\"name\":\"Vie \u00e0 la retraite\",\"item\":\"https:\/\/www.toutsurmesfinances.com\/retraite\/c\/vie-a-la-retraite\"},{\"@type\":\"ListItem\",\"position\":4,\"name\":\"Pr\u00e8s de la moiti\u00e9 des retrait\u00e9s vivent sous le seuil de pauvret\u00e9\"}]},{\"@type\":\"WebSite\",\"@id\":\"https:\/\/www.toutsurmesfinances.com\/retraite\/#website\",\"url\":\"https:\/\/www.toutsurmesfinances.com\/retraite\/\",\"name\":\"Retraite\",\"description\":\"\",\"publisher\":{\"@id\":\"https:\/\/www.toutsurmesfinances.com\/retraite\/#organization\"},\"potentialAction\":[{\"@type\":\"SearchAction\",\"target\":{\"@type\":\"EntryPoint\",\"urlTemplate\":\"https:\/\/www.toutsurmesfinances.com\/retraite\/?s={search_term_string}\"},\"query-input\":{\"@type\":\"PropertyValueSpecification\",\"valueRequired\":true,\"valueName\":\"search_term_string\"}}],\"inLanguage\":\"fr-FR\"},{\"@type\":\"Organization\",\"@id\":\"https:\/\/www.toutsurmesfinances.com\/retraite\/#organization\",\"name\":\"Tout Sur Mes Finances\",\"url\":\"https:\/\/www.toutsurmesfinances.com\/retraite\/\",\"logo\":{\"@type\":\"ImageObject\",\"inLanguage\":\"fr-FR\",\"@id\":\"https:\/\/www.toutsurmesfinances.com\/retraite\/#\/schema\/logo\/image\/\",\"url\":\"https:\/\/www.toutsurmesfinances.com\/retraite\/wp-content\/uploads\/sites\/4\/2021\/01\/favicon.png\",\"contentUrl\":\"https:\/\/www.toutsurmesfinances.com\/retraite\/wp-content\/uploads\/sites\/4\/2021\/01\/favicon.png\",\"width\":512,\"height\":512,\"caption\":\"Tout Sur Mes Finances\"},\"image\":{\"@id\":\"https:\/\/www.toutsurmesfinances.com\/retraite\/#\/schema\/logo\/image\/\"},\"sameAs\":[\"https:\/\/x.com\/Toutsur\"]},{\"@type\":\"Person\",\"@id\":\"https:\/\/www.toutsurmesfinances.com\/retraite\/#\/schema\/person\/addc9e9b3978fa7947ead71bab57694c\",\"name\":\"Jean-Philippe Dubosc\",\"image\":{\"@type\":\"ImageObject\",\"inLanguage\":\"fr-FR\",\"@id\":\"https:\/\/www.toutsurmesfinances.com\/retraite\/#\/schema\/person\/image\/\",\"url\":\"https:\/\/secure.gravatar.com\/avatar\/a3cba30cdda1afe79f6ebffc6e952291?s=96&d=mm&r=g\",\"contentUrl\":\"https:\/\/secure.gravatar.com\/avatar\/a3cba30cdda1afe79f6ebffc6e952291?s=96&d=mm&r=g\",\"caption\":\"Jean-Philippe Dubosc\"},\"description\":\"Jean-Philippe Dubosc est r\u00e9dacteur en chef de ToutSurMesFinances.com et sp\u00e9cialiste des questions de retraite obligatoire et d\u2019\u00e9pargne. Pr\u00e9sent au sein du m\u00e9dia depuis plus de 13 ans, il analyse les r\u00e9formes, les dispositifs r\u00e9glementaires et les strat\u00e9gies de d\u00e9part \u00e0 la retraite, avec une approche fond\u00e9e sur une lecture rigoureuse des textes et une connaissance approfondie des diff\u00e9rents r\u00e9gimes de retraite.\",\"sameAs\":[\"https:\/\/www.toutsurmesfinances.com\/author\/jpdubosc\",\"https:\/\/fr.linkedin.com\/in\/jpdubosc\"]}]}<\/script>\n<!-- \/ Yoast SEO plugin. -->","yoast_head_json":{"title":"Pr\u00e8s de la moiti\u00e9 des retrait\u00e9s vivent sous le seuil de pauvret\u00e9","description":"Selon une \u00e9tude de la CFDT Retrait\u00e9s, 48% des pensionn\u00e9s sont pauvres en France. Une triste r\u00e9alit\u00e9 qui apparait au moment o\u00f9 se pose justement la question de la sous-indexation des retraites.","robots":{"index":"index","follow":"follow","max-snippet":"max-snippet:-1","max-image-preview":"max-image-preview:large","max-video-preview":"max-video-preview:-1"},"canonical":"https:\/\/www.toutsurmesfinances.com\/retraite\/pres-de-la-moitie-des-retraites-vivent-sous-le-seuil-de-pauvrete.html","og_locale":"fr_FR","og_type":"article","og_title":"Pr\u00e8s de la moiti\u00e9 des retrait\u00e9s vivent sous le seuil de pauvret\u00e9","og_description":"Selon une \u00e9tude de la CFDT Retrait\u00e9s, 48% des pensionn\u00e9s sont pauvres en France. Une triste r\u00e9alit\u00e9 qui apparait au moment o\u00f9 se pose justement la question de la sous-indexation des retraites.","og_url":"https:\/\/www.toutsurmesfinances.com\/retraite\/pres-de-la-moitie-des-retraites-vivent-sous-le-seuil-de-pauvrete.html","og_site_name":"Retraite","article_published_time":"2013-02-05T14:39:17+00:00","article_modified_time":"2021-12-08T13:53:19+00:00","og_image":[{"width":480,"height":360,"url":"https:\/\/www.toutsurmesfinances.com\/retraite\/wp-content\/uploads\/sites\/4\/2013\/02\/retraite_mains_vieux.jpg","type":"image\/jpeg"}],"author":"Jean-Philippe Dubosc","twitter_card":"summary_large_image","twitter_creator":"@Toutsur","twitter_site":"@Toutsur","twitter_misc":{"\u00c9crit par":"Jean-Philippe Dubosc","Dur\u00e9e de lecture estim\u00e9e":"3 minutes"},"schema":{"@context":"https:\/\/schema.org","@graph":[{"@type":"Article","@id":"https:\/\/www.toutsurmesfinances.com\/retraite\/pres-de-la-moitie-des-retraites-vivent-sous-le-seuil-de-pauvrete.html#article","isPartOf":{"@id":"https:\/\/www.toutsurmesfinances.com\/retraite\/pres-de-la-moitie-des-retraites-vivent-sous-le-seuil-de-pauvrete.html"},"author":{"name":"Jean-Philippe Dubosc","@id":"https:\/\/www.toutsurmesfinances.com\/retraite\/#\/schema\/person\/addc9e9b3978fa7947ead71bab57694c"},"headline":"Pr\u00e8s de la moiti\u00e9 des retrait\u00e9s vivent sous le seuil de pauvret\u00e9","dateModified":"2021-12-08T13:53:19+00:00","mainEntityOfPage":{"@id":"https:\/\/www.toutsurmesfinances.com\/retraite\/pres-de-la-moitie-des-retraites-vivent-sous-le-seuil-de-pauvrete.html"},"wordCount":673,"publisher":{"@id":"https:\/\/www.toutsurmesfinances.com\/retraite\/#organization"},"image":{"@id":"https:\/\/www.toutsurmesfinances.com\/retraite\/pres-de-la-moitie-des-retraites-vivent-sous-le-seuil-de-pauvrete.html#primaryimage"},"thumbnailUrl":"https:\/\/www.toutsurmesfinances.com\/retraite\/wp-content\/uploads\/sites\/4\/2013\/02\/retraite_mains_vieux.jpg","articleSection":["Vie \u00e0 la retraite"],"inLanguage":"fr-FR"},{"@type":"WebPage","@id":"https:\/\/www.toutsurmesfinances.com\/retraite\/pres-de-la-moitie-des-retraites-vivent-sous-le-seuil-de-pauvrete.html","url":"https:\/\/www.toutsurmesfinances.com\/retraite\/pres-de-la-moitie-des-retraites-vivent-sous-le-seuil-de-pauvrete.html","name":"Pr\u00e8s de la moiti\u00e9 des retrait\u00e9s vivent sous le seuil de pauvret\u00e9","isPartOf":{"@id":"https:\/\/www.toutsurmesfinances.com\/retraite\/#website"},"primaryImageOfPage":{"@id":"https:\/\/www.toutsurmesfinances.com\/retraite\/pres-de-la-moitie-des-retraites-vivent-sous-le-seuil-de-pauvrete.html#primaryimage"},"image":{"@id":"https:\/\/www.toutsurmesfinances.com\/retraite\/pres-de-la-moitie-des-retraites-vivent-sous-le-seuil-de-pauvrete.html#primaryimage"},"thumbnailUrl":"https:\/\/www.toutsurmesfinances.com\/retraite\/wp-content\/uploads\/sites\/4\/2013\/02\/retraite_mains_vieux.jpg","dateModified":"2021-12-08T13:53:19+00:00","description":"Selon une \u00e9tude de la CFDT Retrait\u00e9s, 48% des pensionn\u00e9s sont pauvres en France. Une triste r\u00e9alit\u00e9 qui apparait au moment o\u00f9 se pose justement la question de la sous-indexation des retraites.","breadcrumb":{"@id":"https:\/\/www.toutsurmesfinances.com\/retraite\/pres-de-la-moitie-des-retraites-vivent-sous-le-seuil-de-pauvrete.html#breadcrumb"},"inLanguage":"fr-FR","potentialAction":[{"@type":"ReadAction","target":["https:\/\/www.toutsurmesfinances.com\/retraite\/pres-de-la-moitie-des-retraites-vivent-sous-le-seuil-de-pauvrete.html"]}]},{"@type":"ImageObject","inLanguage":"fr-FR","@id":"https:\/\/www.toutsurmesfinances.com\/retraite\/pres-de-la-moitie-des-retraites-vivent-sous-le-seuil-de-pauvrete.html#primaryimage","url":"https:\/\/www.toutsurmesfinances.com\/retraite\/wp-content\/uploads\/sites\/4\/2013\/02\/retraite_mains_vieux.jpg","contentUrl":"https:\/\/www.toutsurmesfinances.com\/retraite\/wp-content\/uploads\/sites\/4\/2013\/02\/retraite_mains_vieux.jpg","width":480,"height":360,"caption":"Presque la moiti\u00e9 des retrait\u00e9s fran\u00e7ais seraient pauvres, selon la CFDT Retrait\u00e9s"},{"@type":"BreadcrumbList","@id":"https:\/\/www.toutsurmesfinances.com\/retraite\/pres-de-la-moitie-des-retraites-vivent-sous-le-seuil-de-pauvrete.html#breadcrumb","itemListElement":[{"@type":"ListItem","position":1,"name":"Accueil","item":"https:\/\/www.toutsurmesfinances.com\/retraite\/"},{"@type":"ListItem","position":2,"name":"Retrait\u00e9","item":"https:\/\/www.toutsurmesfinances.com\/retraite\/c\/retraite"},{"@type":"ListItem","position":3,"name":"Vie \u00e0 la retraite","item":"https:\/\/www.toutsurmesfinances.com\/retraite\/c\/vie-a-la-retraite"},{"@type":"ListItem","position":4,"name":"Pr\u00e8s de la moiti\u00e9 des retrait\u00e9s vivent sous le seuil de pauvret\u00e9"}]},{"@type":"WebSite","@id":"https:\/\/www.toutsurmesfinances.com\/retraite\/#website","url":"https:\/\/www.toutsurmesfinances.com\/retraite\/","name":"Retraite","description":"","publisher":{"@id":"https:\/\/www.toutsurmesfinances.com\/retraite\/#organization"},"potentialAction":[{"@type":"SearchAction","target":{"@type":"EntryPoint","urlTemplate":"https:\/\/www.toutsurmesfinances.com\/retraite\/?s={search_term_string}"},"query-input":{"@type":"PropertyValueSpecification","valueRequired":true,"valueName":"search_term_string"}}],"inLanguage":"fr-FR"},{"@type":"Organization","@id":"https:\/\/www.toutsurmesfinances.com\/retraite\/#organization","name":"Tout Sur Mes Finances","url":"https:\/\/www.toutsurmesfinances.com\/retraite\/","logo":{"@type":"ImageObject","inLanguage":"fr-FR","@id":"https:\/\/www.toutsurmesfinances.com\/retraite\/#\/schema\/logo\/image\/","url":"https:\/\/www.toutsurmesfinances.com\/retraite\/wp-content\/uploads\/sites\/4\/2021\/01\/favicon.png","contentUrl":"https:\/\/www.toutsurmesfinances.com\/retraite\/wp-content\/uploads\/sites\/4\/2021\/01\/favicon.png","width":512,"height":512,"caption":"Tout Sur Mes Finances"},"image":{"@id":"https:\/\/www.toutsurmesfinances.com\/retraite\/#\/schema\/logo\/image\/"},"sameAs":["https:\/\/x.com\/Toutsur"]},{"@type":"Person","@id":"https:\/\/www.toutsurmesfinances.com\/retraite\/#\/schema\/person\/addc9e9b3978fa7947ead71bab57694c","name":"Jean-Philippe Dubosc","image":{"@type":"ImageObject","inLanguage":"fr-FR","@id":"https:\/\/www.toutsurmesfinances.com\/retraite\/#\/schema\/person\/image\/","url":"https:\/\/secure.gravatar.com\/avatar\/a3cba30cdda1afe79f6ebffc6e952291?s=96&d=mm&r=g","contentUrl":"https:\/\/secure.gravatar.com\/avatar\/a3cba30cdda1afe79f6ebffc6e952291?s=96&d=mm&r=g","caption":"Jean-Philippe Dubosc"},"description":"Jean-Philippe Dubosc est r\u00e9dacteur en chef de ToutSurMesFinances.com et sp\u00e9cialiste des questions de retraite obligatoire et d\u2019\u00e9pargne. Pr\u00e9sent au sein du m\u00e9dia depuis plus de 13 ans, il analyse les r\u00e9formes, les dispositifs r\u00e9glementaires et les strat\u00e9gies de d\u00e9part \u00e0 la retraite, avec une approche fond\u00e9e sur une lecture rigoureuse des textes et une connaissance approfondie des diff\u00e9rents r\u00e9gimes de retraite.","sameAs":["https:\/\/www.toutsurmesfinances.com\/author\/jpdubosc","https:\/\/fr.linkedin.com\/in\/jpdubosc"]}]}},"_links":{"self":[{"href":"https:\/\/www.toutsurmesfinances.com\/retraite\/wp-json\/wp\/v2\/posts\/18586","targetHints":{"allow":["GET"]}}],"collection":[{"href":"https:\/\/www.toutsurmesfinances.com\/retraite\/wp-json\/wp\/v2\/posts"}],"about":[{"href":"https:\/\/www.toutsurmesfinances.com\/retraite\/wp-json\/wp\/v2\/types\/post"}],"author":[{"embeddable":true,"href":"https:\/\/www.toutsurmesfinances.com\/retraite\/wp-json\/wp\/v2\/users\/13713"}],"replies":[{"embeddable":true,"href":"https:\/\/www.toutsurmesfinances.com\/retraite\/wp-json\/wp\/v2\/comments?post=18586"}],"version-history":[{"count":2,"href":"https:\/\/www.toutsurmesfinances.com\/retraite\/wp-json\/wp\/v2\/posts\/18586\/revisions"}],"predecessor-version":[{"id":30504,"href":"https:\/\/www.toutsurmesfinances.com\/retraite\/wp-json\/wp\/v2\/posts\/18586\/revisions\/30504"}],"wp:featuredmedia":[{"embeddable":true,"href":"https:\/\/www.toutsurmesfinances.com\/retraite\/wp-json\/wp\/v2\/media\/18585"}],"wp:attachment":[{"href":"https:\/\/www.toutsurmesfinances.com\/retraite\/wp-json\/wp\/v2\/media?parent=18586"}],"wp:term":[{"taxonomy":"category","embeddable":true,"href":"https:\/\/www.toutsurmesfinances.com\/retraite\/wp-json\/wp\/v2\/categories?post=18586"},{"taxonomy":"post_tag","embeddable":true,"href":"https:\/\/www.toutsurmesfinances.com\/retraite\/wp-json\/wp\/v2\/tags?post=18586"}],"curies":[{"name":"wp","href":"https:\/\/api.w.org\/{rel}","templated":true}]}}