{"id":18678,"date":"2013-03-06T13:18:44","date_gmt":"2013-03-06T12:18:44","guid":{"rendered":"https:\/\/www.toutsurmesfinances.com\/retraite\/plus-d-un-tiers-des-francais-ages-de-55-a-59-ans-n-ont-pas-d-emploi.html"},"modified":"2021-12-08T14:51:18","modified_gmt":"2021-12-08T13:51:18","slug":"plus-d-un-tiers-des-francais-ages-de-55-a-59-ans-n-ont-pas-d-emploi","status":"publish","type":"post","link":"https:\/\/www.toutsurmesfinances.com\/retraite\/plus-d-un-tiers-des-francais-ages-de-55-a-59-ans-n-ont-pas-d-emploi.html","title":{"rendered":"Plus d&rsquo;un tiers des Fran\u00e7ais \u00e2g\u00e9s de 55 \u00e0 59 ans n&rsquo;ont pas d&#8217;emploi"},"content":{"rendered":"<section class=\"l-section wpb_row height_small\"><div class=\"l-section-h i-cf\"><div class=\"g-cols vc_row via_flex valign_top type_default stacking_default\"><div class=\"vc_col-sm-12 wpb_column vc_column_container\"><div class=\"vc_column-inner\"><div class=\"wpb_wrapper\"><div class=\"wpb_text_column\"><div class=\"wpb_wrapper\"><p>On savait que l&rsquo;inactivit\u00e9 des seniors a tendance \u00e0 s&rsquo;aggraver. On en a aujourd&rsquo;hui la preuve. Selon l&rsquo;enqu\u00eate \u00ab Emploi et salaire \u00bb de l&rsquo;Insee parue ce 6 mars, dont les donn\u00e9es s&rsquo;ach\u00e8vent en 2011, 36% des Fran\u00e7ais \u00e2g\u00e9s de 55 \u00e0 59 ans \u2013 soit 1,4 million de personnes n&rsquo;avaient pas d&#8217;emploi \u00e0 cette date.<br \/>\nLe taux de ch\u00f4mage dans cette tranche d&rsquo;\u00e2ge a, il est vrai, fortement augment\u00e9 entre 2008 et 2011. Il a connu une hausse de 2,2 points durant cette p\u00e9riode, alors qu&rsquo;il a progress\u00e9 dans le m\u00eame laps de temps de seulement de 0,9 point chez les 60-64 ans.<\/p>\n<h2><span class=\"ez-toc-section\" id=\"Plus_de_seniors_veulent_travailler\"><\/span>Plus de seniors veulent travailler<span class=\"ez-toc-section-end\"><\/span><\/h2>\n<p>La crise financi\u00e8re puis \u00e9conomique mondiale, qui a suivi la faillite de la banque d&rsquo;affaires am\u00e9ricaine Lehman Brothers, n&rsquo;explique pas \u00e0 elle seule le ph\u00e9nom\u00e8ne. Le rel\u00e8vement, \u00e0 partir du 1er janvier 2009, de l&rsquo;\u00e2ge de dispense de recherche d&#8217;emploi de 55 \u00e0 60 ans a beaucoup jou\u00e9. <em>\u00ab Les seniors sans emploi, auparavant dispens\u00e9s de recherche, ont \u00e9t\u00e9 plus nombreux \u00e0 rechercher activement un emploi \u00bb,<\/em> observent les auteurs de l&rsquo;\u00e9tude.<br \/>\nUne personne de 55-59 ans sur six d\u00e9clare ainsi vouloir travailler (une grande part de cette classe d&rsquo;\u00e2ge est en invalidit\u00e9). Cette proportion a augment\u00e9 de 2,1 points entre 2008 et 2011, contre 1,2 point pour les 50-54 ans comme pour les 45-49 ans. 73,8% des 55-59 ans souhaitant travailler sont au ch\u00f4mage. Soit presque la m\u00eame proportion que chez les 25-54 ans (76,1%).<\/p>\n<h2><span class=\"ez-toc-section\" id=\"Des_victimes_des_licenciements\"><\/span>Des victimes des licenciements<span class=\"ez-toc-section-end\"><\/span><\/h2>\n<p>Parmi les 55-59 ans qui souhaitent travailler, 98% ont d\u00e9j\u00e0 exerc\u00e9 une activit\u00e9 professionnelle r\u00e9guli\u00e8re. 54% de ces derniers travaillaient dans l&rsquo;industrie, la construction ou le commerce alors que cette classe d&rsquo;\u00e2ge repr\u00e9sente seulement 38% des postes occup\u00e9s dans ces secteurs. Une forte part des 55-59 ans actifs sont, il est vrai, fonctionnaires. Or, il est tr\u00e8s rare de perdre son emploi dans la fonction publique.<br \/>\nA ce titre, les licenciements constituent le premier motif de perte d&#8217;emploi chez les seniors. Toujours en 2011, 39% des 55-59 ans, souhaitant travailler et l&rsquo;ayant d\u00e9j\u00e0 fait, \u00e9taient sans emploi suite \u00e0 un licenciement, 26% suite \u00e0 la fin d&#8217;emploi \u00e0 dur\u00e9e limit\u00e9e (CDD ou int\u00e9rim), 11% \u00e0 une rupture conventionnelle, 10% \u00e0 une rupture cons\u00e9cutive \u00e0 une maladie et 6% \u00e0 une d\u00e9mission.<\/p>\n<h2><span class=\"ez-toc-section\" id=\"Augmentation_du_retour_a_lemploi\"><\/span>Augmentation du retour \u00e0 l&#8217;emploi<span class=\"ez-toc-section-end\"><\/span><\/h2>\n<p>Seule lueur d&rsquo;espoir dans ce tableau bien sombre : le taux de retour \u00e0 l&#8217;emploi des ch\u00f4meurs \u00e2g\u00e9s de 55 \u00e0 59 ans progresse, passant de 8% entre 2004 et 2008 \u00e0 11% entre 2009 et 2011. Parmi les 55-59 ans qui ont retrouv\u00e9 un emploi en tant que salari\u00e9s, 50% travaillent en CDD ou en int\u00e9rim. <em>\u00ab Il ne s&rsquo;agit pas d&rsquo;une sp\u00e9cificit\u00e9 li\u00e9e \u00e0 l&rsquo;\u00e2ge, puisqu&rsquo;apr\u00e8s 30 ans, entre 50 et 54% des personnes retrouvant un emploi sont en contrat temporaire \u00bb,<\/em> soulignent les auteurs.<br \/>\n56% des personnes de 55 \u00e0 59 ans, ayant retrouv\u00e9 un emploi en tant que salari\u00e9s, sont \u00e0 temps partiel. La proportion est de 34% entre 30 et 34 ans. <em>\u00ab Ceci s&rsquo;explique d&rsquo;une part par un effet d&rsquo;offre de travail et d&rsquo;autre part parce qu&rsquo;avec l&rsquo;\u00e2ge, les personnes recherchent de plus en plus un emploi \u00e0 temps partiel \u00bb.<\/em> Ainsi, 23% des 55-59 ans recherchaient un emploi \u00e0 temps partiel en 2011, contre 11% des 30-34 ans. Sans oublier les contrats aid\u00e9s du secteur non marchand qui correspondent souvent \u00e0 des emplois \u00e0 temps partiel. Reste qu&rsquo;au final,<em> \u00ab on observe plut\u00f4t une tendance \u00e0 l&rsquo;augmentation du sous-emploi avec l&rsquo;\u00e2ge \u00bb,<\/em> conclut l&rsquo;\u00e9tude.<\/p>\n<p>&nbsp;<\/p>\n<p>sur le m\u00eame th\u00e8me, consultez l&rsquo;article : certains ch\u00f4meurs de 59 ans vont pouvoir b\u00e9n\u00e9ficier de l&rsquo;\u00e9quivalent retraite<\/p>\n<\/div><\/div><\/div><\/div><\/div><\/div><\/div><\/section>\n","protected":false},"excerpt":{"rendered":"<p>Selon la derni\u00e8re \u00e9tude de l&rsquo;Insee, 36% des seniors \u00e9taient sans activit\u00e9 en 2011. Le taux de ch\u00f4mage dans cette classe d&rsquo;\u00e2ge a augment\u00e9 sous l&rsquo;effet de la crise et de la fin de la dispense de recherche d&#8217;emploi.<\/p>\n","protected":false},"author":13713,"featured_media":18677,"comment_status":"closed","ping_status":"closed","sticky":false,"template":"","format":"standard","meta":{"footnotes":""},"categories":[16],"tags":[],"class_list":["post-18678","post","type-post","status-publish","format-standard","has-post-thumbnail","hentry","category-seniors"],"acf":[],"yoast_head":"<!-- This site is optimized with the Yoast SEO plugin v24.9 - https:\/\/yoast.com\/wordpress\/plugins\/seo\/ -->\n<title>Plus d&#039;un tiers des Fran\u00e7ais \u00e2g\u00e9s de 55 \u00e0 59 ans n&#039;ont pas d&#039;emploi<\/title>\n<meta name=\"description\" content=\"Selon la derni\u00e8re \u00e9tude de l&#039;Insee, 36% des seniors \u00e9taient sans activit\u00e9 en 2011. Le taux de ch\u00f4mage dans cette classe d&#039;\u00e2ge a augment\u00e9 sous l&#039;effet de la crise et de la fin de la dispense de recherche d&#039;emploi.\" \/>\n<meta name=\"robots\" content=\"index, follow, max-snippet:-1, max-image-preview:large, max-video-preview:-1\" \/>\n<link rel=\"canonical\" href=\"https:\/\/www.toutsurmesfinances.com\/retraite\/plus-d-un-tiers-des-francais-ages-de-55-a-59-ans-n-ont-pas-d-emploi.html\" \/>\n<meta property=\"og:locale\" content=\"fr_FR\" \/>\n<meta property=\"og:type\" content=\"article\" \/>\n<meta property=\"og:title\" content=\"Plus d&#039;un tiers des Fran\u00e7ais \u00e2g\u00e9s de 55 \u00e0 59 ans n&#039;ont pas d&#039;emploi\" \/>\n<meta property=\"og:description\" content=\"Selon la derni\u00e8re \u00e9tude de l&#039;Insee, 36% des seniors \u00e9taient sans activit\u00e9 en 2011. Le taux de ch\u00f4mage dans cette classe d&#039;\u00e2ge a augment\u00e9 sous l&#039;effet de la crise et de la fin de la dispense de recherche d&#039;emploi.\" \/>\n<meta property=\"og:url\" content=\"https:\/\/www.toutsurmesfinances.com\/retraite\/plus-d-un-tiers-des-francais-ages-de-55-a-59-ans-n-ont-pas-d-emploi.html\" \/>\n<meta property=\"og:site_name\" content=\"Retraite\" \/>\n<meta property=\"article:published_time\" content=\"2013-03-06T12:18:44+00:00\" \/>\n<meta property=\"article:modified_time\" content=\"2021-12-08T13:51:18+00:00\" \/>\n<meta property=\"og:image\" content=\"https:\/\/www.toutsurmesfinances.com\/retraite\/wp-content\/uploads\/sites\/4\/2013\/03\/retraite-senior-5.jpg\" \/>\n\t<meta property=\"og:image:width\" content=\"480\" \/>\n\t<meta property=\"og:image:height\" content=\"360\" \/>\n\t<meta property=\"og:image:type\" content=\"image\/jpeg\" \/>\n<meta name=\"author\" content=\"Jean-Philippe Dubosc\" \/>\n<meta name=\"twitter:card\" content=\"summary_large_image\" \/>\n<meta name=\"twitter:creator\" content=\"@Toutsur\" \/>\n<meta name=\"twitter:site\" content=\"@Toutsur\" \/>\n<meta name=\"twitter:label1\" content=\"\u00c9crit par\" \/>\n\t<meta name=\"twitter:data1\" content=\"Jean-Philippe Dubosc\" \/>\n\t<meta name=\"twitter:label2\" content=\"Dur\u00e9e de lecture estim\u00e9e\" \/>\n\t<meta name=\"twitter:data2\" content=\"3 minutes\" \/>\n<script type=\"application\/ld+json\" class=\"yoast-schema-graph\">{\"@context\":\"https:\/\/schema.org\",\"@graph\":[{\"@type\":\"Article\",\"@id\":\"https:\/\/www.toutsurmesfinances.com\/retraite\/plus-d-un-tiers-des-francais-ages-de-55-a-59-ans-n-ont-pas-d-emploi.html#article\",\"isPartOf\":{\"@id\":\"https:\/\/www.toutsurmesfinances.com\/retraite\/plus-d-un-tiers-des-francais-ages-de-55-a-59-ans-n-ont-pas-d-emploi.html\"},\"author\":{\"name\":\"Jean-Philippe Dubosc\",\"@id\":\"https:\/\/www.toutsurmesfinances.com\/retraite\/#\/schema\/person\/addc9e9b3978fa7947ead71bab57694c\"},\"headline\":\"Plus d&rsquo;un tiers des Fran\u00e7ais \u00e2g\u00e9s de 55 \u00e0 59 ans n&rsquo;ont pas d&#8217;emploi\",\"dateModified\":\"2021-12-08T13:51:18+00:00\",\"mainEntityOfPage\":{\"@id\":\"https:\/\/www.toutsurmesfinances.com\/retraite\/plus-d-un-tiers-des-francais-ages-de-55-a-59-ans-n-ont-pas-d-emploi.html\"},\"wordCount\":630,\"publisher\":{\"@id\":\"https:\/\/www.toutsurmesfinances.com\/retraite\/#organization\"},\"image\":{\"@id\":\"https:\/\/www.toutsurmesfinances.com\/retraite\/plus-d-un-tiers-des-francais-ages-de-55-a-59-ans-n-ont-pas-d-emploi.html#primaryimage\"},\"thumbnailUrl\":\"https:\/\/www.toutsurmesfinances.com\/retraite\/wp-content\/uploads\/sites\/4\/2013\/03\/retraite-senior-5.jpg\",\"articleSection\":[\"Seniors\"],\"inLanguage\":\"fr-FR\"},{\"@type\":\"WebPage\",\"@id\":\"https:\/\/www.toutsurmesfinances.com\/retraite\/plus-d-un-tiers-des-francais-ages-de-55-a-59-ans-n-ont-pas-d-emploi.html\",\"url\":\"https:\/\/www.toutsurmesfinances.com\/retraite\/plus-d-un-tiers-des-francais-ages-de-55-a-59-ans-n-ont-pas-d-emploi.html\",\"name\":\"Plus d'un tiers des Fran\u00e7ais \u00e2g\u00e9s de 55 \u00e0 59 ans n'ont pas d'emploi\",\"isPartOf\":{\"@id\":\"https:\/\/www.toutsurmesfinances.com\/retraite\/#website\"},\"primaryImageOfPage\":{\"@id\":\"https:\/\/www.toutsurmesfinances.com\/retraite\/plus-d-un-tiers-des-francais-ages-de-55-a-59-ans-n-ont-pas-d-emploi.html#primaryimage\"},\"image\":{\"@id\":\"https:\/\/www.toutsurmesfinances.com\/retraite\/plus-d-un-tiers-des-francais-ages-de-55-a-59-ans-n-ont-pas-d-emploi.html#primaryimage\"},\"thumbnailUrl\":\"https:\/\/www.toutsurmesfinances.com\/retraite\/wp-content\/uploads\/sites\/4\/2013\/03\/retraite-senior-5.jpg\",\"dateModified\":\"2021-12-08T13:51:18+00:00\",\"description\":\"Selon la derni\u00e8re \u00e9tude de l'Insee, 36% des seniors \u00e9taient sans activit\u00e9 en 2011. Le taux de ch\u00f4mage dans cette classe d'\u00e2ge a augment\u00e9 sous l'effet de la crise et de la fin de la dispense de recherche d'emploi.\",\"breadcrumb\":{\"@id\":\"https:\/\/www.toutsurmesfinances.com\/retraite\/plus-d-un-tiers-des-francais-ages-de-55-a-59-ans-n-ont-pas-d-emploi.html#breadcrumb\"},\"inLanguage\":\"fr-FR\",\"potentialAction\":[{\"@type\":\"ReadAction\",\"target\":[\"https:\/\/www.toutsurmesfinances.com\/retraite\/plus-d-un-tiers-des-francais-ages-de-55-a-59-ans-n-ont-pas-d-emploi.html\"]}]},{\"@type\":\"ImageObject\",\"inLanguage\":\"fr-FR\",\"@id\":\"https:\/\/www.toutsurmesfinances.com\/retraite\/plus-d-un-tiers-des-francais-ages-de-55-a-59-ans-n-ont-pas-d-emploi.html#primaryimage\",\"url\":\"https:\/\/www.toutsurmesfinances.com\/retraite\/wp-content\/uploads\/sites\/4\/2013\/03\/retraite-senior-5.jpg\",\"contentUrl\":\"https:\/\/www.toutsurmesfinances.com\/retraite\/wp-content\/uploads\/sites\/4\/2013\/03\/retraite-senior-5.jpg\",\"width\":480,\"height\":360,\"caption\":\"Le taux de ch\u00f4mage des seniors a fortement augment\u00e9\"},{\"@type\":\"BreadcrumbList\",\"@id\":\"https:\/\/www.toutsurmesfinances.com\/retraite\/plus-d-un-tiers-des-francais-ages-de-55-a-59-ans-n-ont-pas-d-emploi.html#breadcrumb\",\"itemListElement\":[{\"@type\":\"ListItem\",\"position\":1,\"name\":\"Accueil\",\"item\":\"https:\/\/www.toutsurmesfinances.com\/retraite\/\"},{\"@type\":\"ListItem\",\"position\":2,\"name\":\"Retrait\u00e9\",\"item\":\"https:\/\/www.toutsurmesfinances.com\/retraite\/c\/retraite\"},{\"@type\":\"ListItem\",\"position\":3,\"name\":\"Seniors\",\"item\":\"https:\/\/www.toutsurmesfinances.com\/retraite\/c\/seniors\"},{\"@type\":\"ListItem\",\"position\":4,\"name\":\"Plus d&rsquo;un tiers des Fran\u00e7ais \u00e2g\u00e9s de 55 \u00e0 59 ans n&rsquo;ont pas d&#8217;emploi\"}]},{\"@type\":\"WebSite\",\"@id\":\"https:\/\/www.toutsurmesfinances.com\/retraite\/#website\",\"url\":\"https:\/\/www.toutsurmesfinances.com\/retraite\/\",\"name\":\"Retraite\",\"description\":\"\",\"publisher\":{\"@id\":\"https:\/\/www.toutsurmesfinances.com\/retraite\/#organization\"},\"potentialAction\":[{\"@type\":\"SearchAction\",\"target\":{\"@type\":\"EntryPoint\",\"urlTemplate\":\"https:\/\/www.toutsurmesfinances.com\/retraite\/?s={search_term_string}\"},\"query-input\":{\"@type\":\"PropertyValueSpecification\",\"valueRequired\":true,\"valueName\":\"search_term_string\"}}],\"inLanguage\":\"fr-FR\"},{\"@type\":\"Organization\",\"@id\":\"https:\/\/www.toutsurmesfinances.com\/retraite\/#organization\",\"name\":\"Tout Sur Mes Finances\",\"url\":\"https:\/\/www.toutsurmesfinances.com\/retraite\/\",\"logo\":{\"@type\":\"ImageObject\",\"inLanguage\":\"fr-FR\",\"@id\":\"https:\/\/www.toutsurmesfinances.com\/retraite\/#\/schema\/logo\/image\/\",\"url\":\"https:\/\/www.toutsurmesfinances.com\/retraite\/wp-content\/uploads\/sites\/4\/2021\/01\/favicon.png\",\"contentUrl\":\"https:\/\/www.toutsurmesfinances.com\/retraite\/wp-content\/uploads\/sites\/4\/2021\/01\/favicon.png\",\"width\":512,\"height\":512,\"caption\":\"Tout Sur Mes Finances\"},\"image\":{\"@id\":\"https:\/\/www.toutsurmesfinances.com\/retraite\/#\/schema\/logo\/image\/\"},\"sameAs\":[\"https:\/\/x.com\/Toutsur\"]},{\"@type\":\"Person\",\"@id\":\"https:\/\/www.toutsurmesfinances.com\/retraite\/#\/schema\/person\/addc9e9b3978fa7947ead71bab57694c\",\"name\":\"Jean-Philippe Dubosc\",\"image\":{\"@type\":\"ImageObject\",\"inLanguage\":\"fr-FR\",\"@id\":\"https:\/\/www.toutsurmesfinances.com\/retraite\/#\/schema\/person\/image\/\",\"url\":\"https:\/\/secure.gravatar.com\/avatar\/a3cba30cdda1afe79f6ebffc6e952291?s=96&d=mm&r=g\",\"contentUrl\":\"https:\/\/secure.gravatar.com\/avatar\/a3cba30cdda1afe79f6ebffc6e952291?s=96&d=mm&r=g\",\"caption\":\"Jean-Philippe Dubosc\"},\"description\":\"Jean-Philippe Dubosc est r\u00e9dacteur en chef de ToutSurMesFinances.com et sp\u00e9cialiste des questions de retraite obligatoire et d\u2019\u00e9pargne. Pr\u00e9sent au sein du m\u00e9dia depuis plus de 13 ans, il analyse les r\u00e9formes, les dispositifs r\u00e9glementaires et les strat\u00e9gies de d\u00e9part \u00e0 la retraite, avec une approche fond\u00e9e sur une lecture rigoureuse des textes et une connaissance approfondie des diff\u00e9rents r\u00e9gimes de retraite.\",\"sameAs\":[\"https:\/\/www.toutsurmesfinances.com\/author\/jpdubosc\",\"https:\/\/fr.linkedin.com\/in\/jpdubosc\"]}]}<\/script>\n<!-- \/ Yoast SEO plugin. -->","yoast_head_json":{"title":"Plus d'un tiers des Fran\u00e7ais \u00e2g\u00e9s de 55 \u00e0 59 ans n'ont pas d'emploi","description":"Selon la derni\u00e8re \u00e9tude de l'Insee, 36% des seniors \u00e9taient sans activit\u00e9 en 2011. Le taux de ch\u00f4mage dans cette classe d'\u00e2ge a augment\u00e9 sous l'effet de la crise et de la fin de la dispense de recherche d'emploi.","robots":{"index":"index","follow":"follow","max-snippet":"max-snippet:-1","max-image-preview":"max-image-preview:large","max-video-preview":"max-video-preview:-1"},"canonical":"https:\/\/www.toutsurmesfinances.com\/retraite\/plus-d-un-tiers-des-francais-ages-de-55-a-59-ans-n-ont-pas-d-emploi.html","og_locale":"fr_FR","og_type":"article","og_title":"Plus d'un tiers des Fran\u00e7ais \u00e2g\u00e9s de 55 \u00e0 59 ans n'ont pas d'emploi","og_description":"Selon la derni\u00e8re \u00e9tude de l'Insee, 36% des seniors \u00e9taient sans activit\u00e9 en 2011. Le taux de ch\u00f4mage dans cette classe d'\u00e2ge a augment\u00e9 sous l'effet de la crise et de la fin de la dispense de recherche d'emploi.","og_url":"https:\/\/www.toutsurmesfinances.com\/retraite\/plus-d-un-tiers-des-francais-ages-de-55-a-59-ans-n-ont-pas-d-emploi.html","og_site_name":"Retraite","article_published_time":"2013-03-06T12:18:44+00:00","article_modified_time":"2021-12-08T13:51:18+00:00","og_image":[{"width":480,"height":360,"url":"https:\/\/www.toutsurmesfinances.com\/retraite\/wp-content\/uploads\/sites\/4\/2013\/03\/retraite-senior-5.jpg","type":"image\/jpeg"}],"author":"Jean-Philippe Dubosc","twitter_card":"summary_large_image","twitter_creator":"@Toutsur","twitter_site":"@Toutsur","twitter_misc":{"\u00c9crit par":"Jean-Philippe Dubosc","Dur\u00e9e de lecture estim\u00e9e":"3 minutes"},"schema":{"@context":"https:\/\/schema.org","@graph":[{"@type":"Article","@id":"https:\/\/www.toutsurmesfinances.com\/retraite\/plus-d-un-tiers-des-francais-ages-de-55-a-59-ans-n-ont-pas-d-emploi.html#article","isPartOf":{"@id":"https:\/\/www.toutsurmesfinances.com\/retraite\/plus-d-un-tiers-des-francais-ages-de-55-a-59-ans-n-ont-pas-d-emploi.html"},"author":{"name":"Jean-Philippe Dubosc","@id":"https:\/\/www.toutsurmesfinances.com\/retraite\/#\/schema\/person\/addc9e9b3978fa7947ead71bab57694c"},"headline":"Plus d&rsquo;un tiers des Fran\u00e7ais \u00e2g\u00e9s de 55 \u00e0 59 ans n&rsquo;ont pas d&#8217;emploi","dateModified":"2021-12-08T13:51:18+00:00","mainEntityOfPage":{"@id":"https:\/\/www.toutsurmesfinances.com\/retraite\/plus-d-un-tiers-des-francais-ages-de-55-a-59-ans-n-ont-pas-d-emploi.html"},"wordCount":630,"publisher":{"@id":"https:\/\/www.toutsurmesfinances.com\/retraite\/#organization"},"image":{"@id":"https:\/\/www.toutsurmesfinances.com\/retraite\/plus-d-un-tiers-des-francais-ages-de-55-a-59-ans-n-ont-pas-d-emploi.html#primaryimage"},"thumbnailUrl":"https:\/\/www.toutsurmesfinances.com\/retraite\/wp-content\/uploads\/sites\/4\/2013\/03\/retraite-senior-5.jpg","articleSection":["Seniors"],"inLanguage":"fr-FR"},{"@type":"WebPage","@id":"https:\/\/www.toutsurmesfinances.com\/retraite\/plus-d-un-tiers-des-francais-ages-de-55-a-59-ans-n-ont-pas-d-emploi.html","url":"https:\/\/www.toutsurmesfinances.com\/retraite\/plus-d-un-tiers-des-francais-ages-de-55-a-59-ans-n-ont-pas-d-emploi.html","name":"Plus d'un tiers des Fran\u00e7ais \u00e2g\u00e9s de 55 \u00e0 59 ans n'ont pas d'emploi","isPartOf":{"@id":"https:\/\/www.toutsurmesfinances.com\/retraite\/#website"},"primaryImageOfPage":{"@id":"https:\/\/www.toutsurmesfinances.com\/retraite\/plus-d-un-tiers-des-francais-ages-de-55-a-59-ans-n-ont-pas-d-emploi.html#primaryimage"},"image":{"@id":"https:\/\/www.toutsurmesfinances.com\/retraite\/plus-d-un-tiers-des-francais-ages-de-55-a-59-ans-n-ont-pas-d-emploi.html#primaryimage"},"thumbnailUrl":"https:\/\/www.toutsurmesfinances.com\/retraite\/wp-content\/uploads\/sites\/4\/2013\/03\/retraite-senior-5.jpg","dateModified":"2021-12-08T13:51:18+00:00","description":"Selon la derni\u00e8re \u00e9tude de l'Insee, 36% des seniors \u00e9taient sans activit\u00e9 en 2011. Le taux de ch\u00f4mage dans cette classe d'\u00e2ge a augment\u00e9 sous l'effet de la crise et de la fin de la dispense de recherche d'emploi.","breadcrumb":{"@id":"https:\/\/www.toutsurmesfinances.com\/retraite\/plus-d-un-tiers-des-francais-ages-de-55-a-59-ans-n-ont-pas-d-emploi.html#breadcrumb"},"inLanguage":"fr-FR","potentialAction":[{"@type":"ReadAction","target":["https:\/\/www.toutsurmesfinances.com\/retraite\/plus-d-un-tiers-des-francais-ages-de-55-a-59-ans-n-ont-pas-d-emploi.html"]}]},{"@type":"ImageObject","inLanguage":"fr-FR","@id":"https:\/\/www.toutsurmesfinances.com\/retraite\/plus-d-un-tiers-des-francais-ages-de-55-a-59-ans-n-ont-pas-d-emploi.html#primaryimage","url":"https:\/\/www.toutsurmesfinances.com\/retraite\/wp-content\/uploads\/sites\/4\/2013\/03\/retraite-senior-5.jpg","contentUrl":"https:\/\/www.toutsurmesfinances.com\/retraite\/wp-content\/uploads\/sites\/4\/2013\/03\/retraite-senior-5.jpg","width":480,"height":360,"caption":"Le taux de ch\u00f4mage des seniors a fortement augment\u00e9"},{"@type":"BreadcrumbList","@id":"https:\/\/www.toutsurmesfinances.com\/retraite\/plus-d-un-tiers-des-francais-ages-de-55-a-59-ans-n-ont-pas-d-emploi.html#breadcrumb","itemListElement":[{"@type":"ListItem","position":1,"name":"Accueil","item":"https:\/\/www.toutsurmesfinances.com\/retraite\/"},{"@type":"ListItem","position":2,"name":"Retrait\u00e9","item":"https:\/\/www.toutsurmesfinances.com\/retraite\/c\/retraite"},{"@type":"ListItem","position":3,"name":"Seniors","item":"https:\/\/www.toutsurmesfinances.com\/retraite\/c\/seniors"},{"@type":"ListItem","position":4,"name":"Plus d&rsquo;un tiers des Fran\u00e7ais \u00e2g\u00e9s de 55 \u00e0 59 ans n&rsquo;ont pas d&#8217;emploi"}]},{"@type":"WebSite","@id":"https:\/\/www.toutsurmesfinances.com\/retraite\/#website","url":"https:\/\/www.toutsurmesfinances.com\/retraite\/","name":"Retraite","description":"","publisher":{"@id":"https:\/\/www.toutsurmesfinances.com\/retraite\/#organization"},"potentialAction":[{"@type":"SearchAction","target":{"@type":"EntryPoint","urlTemplate":"https:\/\/www.toutsurmesfinances.com\/retraite\/?s={search_term_string}"},"query-input":{"@type":"PropertyValueSpecification","valueRequired":true,"valueName":"search_term_string"}}],"inLanguage":"fr-FR"},{"@type":"Organization","@id":"https:\/\/www.toutsurmesfinances.com\/retraite\/#organization","name":"Tout Sur Mes Finances","url":"https:\/\/www.toutsurmesfinances.com\/retraite\/","logo":{"@type":"ImageObject","inLanguage":"fr-FR","@id":"https:\/\/www.toutsurmesfinances.com\/retraite\/#\/schema\/logo\/image\/","url":"https:\/\/www.toutsurmesfinances.com\/retraite\/wp-content\/uploads\/sites\/4\/2021\/01\/favicon.png","contentUrl":"https:\/\/www.toutsurmesfinances.com\/retraite\/wp-content\/uploads\/sites\/4\/2021\/01\/favicon.png","width":512,"height":512,"caption":"Tout Sur Mes Finances"},"image":{"@id":"https:\/\/www.toutsurmesfinances.com\/retraite\/#\/schema\/logo\/image\/"},"sameAs":["https:\/\/x.com\/Toutsur"]},{"@type":"Person","@id":"https:\/\/www.toutsurmesfinances.com\/retraite\/#\/schema\/person\/addc9e9b3978fa7947ead71bab57694c","name":"Jean-Philippe Dubosc","image":{"@type":"ImageObject","inLanguage":"fr-FR","@id":"https:\/\/www.toutsurmesfinances.com\/retraite\/#\/schema\/person\/image\/","url":"https:\/\/secure.gravatar.com\/avatar\/a3cba30cdda1afe79f6ebffc6e952291?s=96&d=mm&r=g","contentUrl":"https:\/\/secure.gravatar.com\/avatar\/a3cba30cdda1afe79f6ebffc6e952291?s=96&d=mm&r=g","caption":"Jean-Philippe Dubosc"},"description":"Jean-Philippe Dubosc est r\u00e9dacteur en chef de ToutSurMesFinances.com et sp\u00e9cialiste des questions de retraite obligatoire et d\u2019\u00e9pargne. Pr\u00e9sent au sein du m\u00e9dia depuis plus de 13 ans, il analyse les r\u00e9formes, les dispositifs r\u00e9glementaires et les strat\u00e9gies de d\u00e9part \u00e0 la retraite, avec une approche fond\u00e9e sur une lecture rigoureuse des textes et une connaissance approfondie des diff\u00e9rents r\u00e9gimes de retraite.","sameAs":["https:\/\/www.toutsurmesfinances.com\/author\/jpdubosc","https:\/\/fr.linkedin.com\/in\/jpdubosc"]}]}},"_links":{"self":[{"href":"https:\/\/www.toutsurmesfinances.com\/retraite\/wp-json\/wp\/v2\/posts\/18678","targetHints":{"allow":["GET"]}}],"collection":[{"href":"https:\/\/www.toutsurmesfinances.com\/retraite\/wp-json\/wp\/v2\/posts"}],"about":[{"href":"https:\/\/www.toutsurmesfinances.com\/retraite\/wp-json\/wp\/v2\/types\/post"}],"author":[{"embeddable":true,"href":"https:\/\/www.toutsurmesfinances.com\/retraite\/wp-json\/wp\/v2\/users\/13713"}],"replies":[{"embeddable":true,"href":"https:\/\/www.toutsurmesfinances.com\/retraite\/wp-json\/wp\/v2\/comments?post=18678"}],"version-history":[{"count":2,"href":"https:\/\/www.toutsurmesfinances.com\/retraite\/wp-json\/wp\/v2\/posts\/18678\/revisions"}],"predecessor-version":[{"id":30499,"href":"https:\/\/www.toutsurmesfinances.com\/retraite\/wp-json\/wp\/v2\/posts\/18678\/revisions\/30499"}],"wp:featuredmedia":[{"embeddable":true,"href":"https:\/\/www.toutsurmesfinances.com\/retraite\/wp-json\/wp\/v2\/media\/18677"}],"wp:attachment":[{"href":"https:\/\/www.toutsurmesfinances.com\/retraite\/wp-json\/wp\/v2\/media?parent=18678"}],"wp:term":[{"taxonomy":"category","embeddable":true,"href":"https:\/\/www.toutsurmesfinances.com\/retraite\/wp-json\/wp\/v2\/categories?post=18678"},{"taxonomy":"post_tag","embeddable":true,"href":"https:\/\/www.toutsurmesfinances.com\/retraite\/wp-json\/wp\/v2\/tags?post=18678"}],"curies":[{"name":"wp","href":"https:\/\/api.w.org\/{rel}","templated":true}]}}