{"id":18714,"date":"2013-03-14T10:46:31","date_gmt":"2013-03-14T09:46:31","guid":{"rendered":"https:\/\/www.toutsurmesfinances.com\/retraite\/retraites-qu-est-ce-que-la-desindexation-des-pensions.html"},"modified":"2013-03-14T10:48:05","modified_gmt":"2013-03-14T10:48:05","slug":"retraites-qu-est-ce-que-la-desindexation-des-pensions","status":"publish","type":"post","link":"https:\/\/www.toutsurmesfinances.com\/retraite\/retraites-qu-est-ce-que-la-desindexation-des-pensions.html","title":{"rendered":"Retraites : qu\u2019est-ce que la d\u00e9sindexation des pensions ?"},"content":{"rendered":"\n<p>&nbsp;<span style=\"line-height: 1.6;\">Afin d&rsquo;\u00e9quilibrer les caisses des r\u00e9gimes compl\u00e9mentaires de retraite, le Medef et les syndicats se sont accord\u00e9s sur une d\u00e9sindexation des pensions par rapport \u00e0 l&rsquo;inflation pendant trois ann\u00e9es cons\u00e9cutives, jusqu&rsquo;en 2015, plut\u00f4t qu&rsquo;un allongement de la dur\u00e9e de cotisation.<\/span><\/p>\n<p>En clair cet accord signifie que l&rsquo;augmentation des pensions de retraite compl\u00e9mentaire ne sera plus align\u00e9e sur celle des prix \u00e0 la consommation (inflation) hors tabac calcul\u00e9e par l&rsquo;Insee. La valorisation des pensions vers\u00e9es sera donc inf\u00e9rieure \u00e0 l&rsquo;augmentation du co\u00fbt de la vie, ce qui aboutira \u00e0 une baisse du pouvoir d&rsquo;achat pour les retrait\u00e9s.<\/p>\n<p>Pour l&rsquo;instant limit\u00e9e aux retraites compl\u00e9mentaires, cette d\u00e9cision pourrait ensuite \u00eatre appliqu\u00e9e au r\u00e9gime de retraite de base et impacter l&rsquo;ensemble des retrait\u00e9s en France, dans le cadre du projet de loi gouvernemental sur les retraites pr\u00e9vu pour 2013.<\/p>\n","protected":false},"excerpt":{"rendered":"<p>Le projet d&rsquo;accord qui vient d&rsquo;\u00eatre sign\u00e9 entre le patronat et les syndicats au sujet des r\u00e9gimes de retraites compl\u00e9mentaires Agirc (cadres) et Arrco (ensemble des salari\u00e9s) pr\u00e9voit une d\u00e9sindexation des pensions par rapport \u00e0 l&rsquo;inflation. Quel sont les cons\u00e9quences d&rsquo;une telle d\u00e9cision ?<\/p>\n","protected":false},"author":13718,"featured_media":18713,"comment_status":"closed","ping_status":"closed","sticky":false,"template":"","format":"standard","meta":{"footnotes":""},"categories":[9],"tags":[],"class_list":["post-18714","post","type-post","status-publish","format-standard","has-post-thumbnail","hentry","category-pension-de-retraite"],"acf":[],"yoast_head":"<!-- This site is optimized with the Yoast SEO plugin v24.9 - https:\/\/yoast.com\/wordpress\/plugins\/seo\/ -->\n<title>Retraites : qu\u2019est-ce que la d\u00e9sindexation des pensions ?<\/title>\n<meta name=\"description\" content=\"Le projet d\u2019accord qui vient d\u2019\u00eatre sign\u00e9 entre le patronat et les syndicats au sujet des r\u00e9gimes de retraites compl\u00e9mentaires Agirc (cadres) et Arrco (ensemble des salari\u00e9s) pr\u00e9voit une d\u00e9sindexation des pensions par rapport \u00e0 l\u2019inflation. Quel sont les\" \/>\n<meta name=\"robots\" content=\"index, follow, max-snippet:-1, max-image-preview:large, max-video-preview:-1\" \/>\n<link rel=\"canonical\" href=\"https:\/\/www.toutsurmesfinances.com\/retraite\/retraites-qu-est-ce-que-la-desindexation-des-pensions.html\" \/>\n<meta property=\"og:locale\" content=\"fr_FR\" \/>\n<meta property=\"og:type\" content=\"article\" \/>\n<meta property=\"og:title\" content=\"Retraites : qu\u2019est-ce que la d\u00e9sindexation des pensions ?\" \/>\n<meta property=\"og:description\" content=\"Le projet d\u2019accord qui vient d\u2019\u00eatre sign\u00e9 entre le patronat et les syndicats au sujet des r\u00e9gimes de retraites compl\u00e9mentaires Agirc (cadres) et Arrco (ensemble des salari\u00e9s) pr\u00e9voit une d\u00e9sindexation des pensions par rapport \u00e0 l\u2019inflation. Quel sont les\" \/>\n<meta property=\"og:url\" content=\"https:\/\/www.toutsurmesfinances.com\/retraite\/retraites-qu-est-ce-que-la-desindexation-des-pensions.html\" \/>\n<meta property=\"og:site_name\" content=\"Retraite\" \/>\n<meta property=\"article:published_time\" content=\"2013-03-14T09:46:31+00:00\" \/>\n<meta property=\"article:modified_time\" content=\"2013-03-14T10:48:05+00:00\" \/>\n<meta property=\"og:image\" content=\"https:\/\/www.toutsurmesfinances.com\/retraite\/wp-content\/uploads\/sites\/4\/2013\/03\/retraite-emploi-1.jpg\" \/>\n\t<meta property=\"og:image:width\" content=\"480\" \/>\n\t<meta property=\"og:image:height\" content=\"360\" \/>\n\t<meta property=\"og:image:type\" content=\"image\/jpeg\" \/>\n<meta name=\"author\" content=\"L&#039;\u00e9quipe de r\u00e9daction\" \/>\n<meta name=\"twitter:card\" content=\"summary_large_image\" \/>\n<meta name=\"twitter:creator\" content=\"@Toutsur\" \/>\n<meta name=\"twitter:site\" content=\"@Toutsur\" \/>\n<meta name=\"twitter:label1\" content=\"\u00c9crit par\" \/>\n\t<meta name=\"twitter:data1\" content=\"L&#039;\u00e9quipe de r\u00e9daction\" \/>\n\t<meta name=\"twitter:label2\" content=\"Dur\u00e9e de lecture estim\u00e9e\" \/>\n\t<meta name=\"twitter:data2\" content=\"1 minute\" \/>\n<script type=\"application\/ld+json\" class=\"yoast-schema-graph\">{\"@context\":\"https:\/\/schema.org\",\"@graph\":[{\"@type\":\"Article\",\"@id\":\"https:\/\/www.toutsurmesfinances.com\/retraite\/retraites-qu-est-ce-que-la-desindexation-des-pensions.html#article\",\"isPartOf\":{\"@id\":\"https:\/\/www.toutsurmesfinances.com\/retraite\/retraites-qu-est-ce-que-la-desindexation-des-pensions.html\"},\"author\":{\"name\":\"L'\u00e9quipe de r\u00e9daction\",\"@id\":\"https:\/\/www.toutsurmesfinances.com\/retraite\/#\/schema\/person\/19a038f31d078d13966363e7ab7343c6\"},\"headline\":\"Retraites : qu\u2019est-ce que la d\u00e9sindexation des pensions ?\",\"dateModified\":\"2013-03-14T10:48:05+00:00\",\"mainEntityOfPage\":{\"@id\":\"https:\/\/www.toutsurmesfinances.com\/retraite\/retraites-qu-est-ce-que-la-desindexation-des-pensions.html\"},\"wordCount\":171,\"publisher\":{\"@id\":\"https:\/\/www.toutsurmesfinances.com\/retraite\/#organization\"},\"image\":{\"@id\":\"https:\/\/www.toutsurmesfinances.com\/retraite\/retraites-qu-est-ce-que-la-desindexation-des-pensions.html#primaryimage\"},\"thumbnailUrl\":\"https:\/\/www.toutsurmesfinances.com\/retraite\/wp-content\/uploads\/sites\/4\/2013\/03\/retraite-emploi-1.jpg\",\"articleSection\":[\"Pension de retraite\"],\"inLanguage\":\"fr-FR\"},{\"@type\":\"WebPage\",\"@id\":\"https:\/\/www.toutsurmesfinances.com\/retraite\/retraites-qu-est-ce-que-la-desindexation-des-pensions.html\",\"url\":\"https:\/\/www.toutsurmesfinances.com\/retraite\/retraites-qu-est-ce-que-la-desindexation-des-pensions.html\",\"name\":\"Retraites : qu\u2019est-ce que la d\u00e9sindexation des pensions ?\",\"isPartOf\":{\"@id\":\"https:\/\/www.toutsurmesfinances.com\/retraite\/#website\"},\"primaryImageOfPage\":{\"@id\":\"https:\/\/www.toutsurmesfinances.com\/retraite\/retraites-qu-est-ce-que-la-desindexation-des-pensions.html#primaryimage\"},\"image\":{\"@id\":\"https:\/\/www.toutsurmesfinances.com\/retraite\/retraites-qu-est-ce-que-la-desindexation-des-pensions.html#primaryimage\"},\"thumbnailUrl\":\"https:\/\/www.toutsurmesfinances.com\/retraite\/wp-content\/uploads\/sites\/4\/2013\/03\/retraite-emploi-1.jpg\",\"dateModified\":\"2013-03-14T10:48:05+00:00\",\"description\":\"Le projet d\u2019accord qui vient d\u2019\u00eatre sign\u00e9 entre le patronat et les syndicats au sujet des r\u00e9gimes de retraites compl\u00e9mentaires Agirc (cadres) et Arrco (ensemble des salari\u00e9s) pr\u00e9voit une d\u00e9sindexation des pensions par rapport \u00e0 l\u2019inflation. Quel sont les\",\"breadcrumb\":{\"@id\":\"https:\/\/www.toutsurmesfinances.com\/retraite\/retraites-qu-est-ce-que-la-desindexation-des-pensions.html#breadcrumb\"},\"inLanguage\":\"fr-FR\",\"potentialAction\":[{\"@type\":\"ReadAction\",\"target\":[\"https:\/\/www.toutsurmesfinances.com\/retraite\/retraites-qu-est-ce-que-la-desindexation-des-pensions.html\"]}]},{\"@type\":\"ImageObject\",\"inLanguage\":\"fr-FR\",\"@id\":\"https:\/\/www.toutsurmesfinances.com\/retraite\/retraites-qu-est-ce-que-la-desindexation-des-pensions.html#primaryimage\",\"url\":\"https:\/\/www.toutsurmesfinances.com\/retraite\/wp-content\/uploads\/sites\/4\/2013\/03\/retraite-emploi-1.jpg\",\"contentUrl\":\"https:\/\/www.toutsurmesfinances.com\/retraite\/wp-content\/uploads\/sites\/4\/2013\/03\/retraite-emploi-1.jpg\",\"width\":480,\"height\":360,\"caption\":\"L\u2019augmentation des pensions de retraite compl\u00e9mentaire ne sera plus align\u00e9e sur l'inflation (Fotolia)\"},{\"@type\":\"BreadcrumbList\",\"@id\":\"https:\/\/www.toutsurmesfinances.com\/retraite\/retraites-qu-est-ce-que-la-desindexation-des-pensions.html#breadcrumb\",\"itemListElement\":[{\"@type\":\"ListItem\",\"position\":1,\"name\":\"Accueil\",\"item\":\"https:\/\/www.toutsurmesfinances.com\/retraite\/\"},{\"@type\":\"ListItem\",\"position\":2,\"name\":\"Pension\",\"item\":\"https:\/\/www.toutsurmesfinances.com\/retraite\/c\/pension\"},{\"@type\":\"ListItem\",\"position\":3,\"name\":\"Pension de retraite\",\"item\":\"https:\/\/www.toutsurmesfinances.com\/retraite\/c\/pension-de-retraite\"},{\"@type\":\"ListItem\",\"position\":4,\"name\":\"Retraites : qu\u2019est-ce que la d\u00e9sindexation des pensions ?\"}]},{\"@type\":\"WebSite\",\"@id\":\"https:\/\/www.toutsurmesfinances.com\/retraite\/#website\",\"url\":\"https:\/\/www.toutsurmesfinances.com\/retraite\/\",\"name\":\"Retraite\",\"description\":\"\",\"publisher\":{\"@id\":\"https:\/\/www.toutsurmesfinances.com\/retraite\/#organization\"},\"potentialAction\":[{\"@type\":\"SearchAction\",\"target\":{\"@type\":\"EntryPoint\",\"urlTemplate\":\"https:\/\/www.toutsurmesfinances.com\/retraite\/?s={search_term_string}\"},\"query-input\":{\"@type\":\"PropertyValueSpecification\",\"valueRequired\":true,\"valueName\":\"search_term_string\"}}],\"inLanguage\":\"fr-FR\"},{\"@type\":\"Organization\",\"@id\":\"https:\/\/www.toutsurmesfinances.com\/retraite\/#organization\",\"name\":\"Tout Sur Mes Finances\",\"url\":\"https:\/\/www.toutsurmesfinances.com\/retraite\/\",\"logo\":{\"@type\":\"ImageObject\",\"inLanguage\":\"fr-FR\",\"@id\":\"https:\/\/www.toutsurmesfinances.com\/retraite\/#\/schema\/logo\/image\/\",\"url\":\"https:\/\/www.toutsurmesfinances.com\/retraite\/wp-content\/uploads\/sites\/4\/2021\/01\/favicon.png\",\"contentUrl\":\"https:\/\/www.toutsurmesfinances.com\/retraite\/wp-content\/uploads\/sites\/4\/2021\/01\/favicon.png\",\"width\":512,\"height\":512,\"caption\":\"Tout Sur Mes Finances\"},\"image\":{\"@id\":\"https:\/\/www.toutsurmesfinances.com\/retraite\/#\/schema\/logo\/image\/\"},\"sameAs\":[\"https:\/\/x.com\/Toutsur\"]},{\"@type\":\"Person\",\"@id\":\"https:\/\/www.toutsurmesfinances.com\/retraite\/#\/schema\/person\/19a038f31d078d13966363e7ab7343c6\",\"name\":\"L'\u00e9quipe de r\u00e9daction\",\"image\":{\"@type\":\"ImageObject\",\"inLanguage\":\"fr-FR\",\"@id\":\"https:\/\/www.toutsurmesfinances.com\/retraite\/#\/schema\/person\/image\/\",\"url\":\"https:\/\/secure.gravatar.com\/avatar\/5d078ff23d3ce7cd29bc258e76954673?s=96&d=mm&r=g\",\"contentUrl\":\"https:\/\/secure.gravatar.com\/avatar\/5d078ff23d3ce7cd29bc258e76954673?s=96&d=mm&r=g\",\"caption\":\"L'\u00e9quipe de r\u00e9daction\"}}]}<\/script>\n<!-- \/ Yoast SEO plugin. -->","yoast_head_json":{"title":"Retraites : qu\u2019est-ce que la d\u00e9sindexation des pensions ?","description":"Le projet d\u2019accord qui vient d\u2019\u00eatre sign\u00e9 entre le patronat et les syndicats au sujet des r\u00e9gimes de retraites compl\u00e9mentaires Agirc (cadres) et Arrco (ensemble des salari\u00e9s) pr\u00e9voit une d\u00e9sindexation des pensions par rapport \u00e0 l\u2019inflation. Quel sont les","robots":{"index":"index","follow":"follow","max-snippet":"max-snippet:-1","max-image-preview":"max-image-preview:large","max-video-preview":"max-video-preview:-1"},"canonical":"https:\/\/www.toutsurmesfinances.com\/retraite\/retraites-qu-est-ce-que-la-desindexation-des-pensions.html","og_locale":"fr_FR","og_type":"article","og_title":"Retraites : qu\u2019est-ce que la d\u00e9sindexation des pensions ?","og_description":"Le projet d\u2019accord qui vient d\u2019\u00eatre sign\u00e9 entre le patronat et les syndicats au sujet des r\u00e9gimes de retraites compl\u00e9mentaires Agirc (cadres) et Arrco (ensemble des salari\u00e9s) pr\u00e9voit une d\u00e9sindexation des pensions par rapport \u00e0 l\u2019inflation. Quel sont les","og_url":"https:\/\/www.toutsurmesfinances.com\/retraite\/retraites-qu-est-ce-que-la-desindexation-des-pensions.html","og_site_name":"Retraite","article_published_time":"2013-03-14T09:46:31+00:00","article_modified_time":"2013-03-14T10:48:05+00:00","og_image":[{"width":480,"height":360,"url":"https:\/\/www.toutsurmesfinances.com\/retraite\/wp-content\/uploads\/sites\/4\/2013\/03\/retraite-emploi-1.jpg","type":"image\/jpeg"}],"author":"L'\u00e9quipe de r\u00e9daction","twitter_card":"summary_large_image","twitter_creator":"@Toutsur","twitter_site":"@Toutsur","twitter_misc":{"\u00c9crit par":"L'\u00e9quipe de r\u00e9daction","Dur\u00e9e de lecture estim\u00e9e":"1 minute"},"schema":{"@context":"https:\/\/schema.org","@graph":[{"@type":"Article","@id":"https:\/\/www.toutsurmesfinances.com\/retraite\/retraites-qu-est-ce-que-la-desindexation-des-pensions.html#article","isPartOf":{"@id":"https:\/\/www.toutsurmesfinances.com\/retraite\/retraites-qu-est-ce-que-la-desindexation-des-pensions.html"},"author":{"name":"L'\u00e9quipe de r\u00e9daction","@id":"https:\/\/www.toutsurmesfinances.com\/retraite\/#\/schema\/person\/19a038f31d078d13966363e7ab7343c6"},"headline":"Retraites : qu\u2019est-ce que la d\u00e9sindexation des pensions ?","dateModified":"2013-03-14T10:48:05+00:00","mainEntityOfPage":{"@id":"https:\/\/www.toutsurmesfinances.com\/retraite\/retraites-qu-est-ce-que-la-desindexation-des-pensions.html"},"wordCount":171,"publisher":{"@id":"https:\/\/www.toutsurmesfinances.com\/retraite\/#organization"},"image":{"@id":"https:\/\/www.toutsurmesfinances.com\/retraite\/retraites-qu-est-ce-que-la-desindexation-des-pensions.html#primaryimage"},"thumbnailUrl":"https:\/\/www.toutsurmesfinances.com\/retraite\/wp-content\/uploads\/sites\/4\/2013\/03\/retraite-emploi-1.jpg","articleSection":["Pension de retraite"],"inLanguage":"fr-FR"},{"@type":"WebPage","@id":"https:\/\/www.toutsurmesfinances.com\/retraite\/retraites-qu-est-ce-que-la-desindexation-des-pensions.html","url":"https:\/\/www.toutsurmesfinances.com\/retraite\/retraites-qu-est-ce-que-la-desindexation-des-pensions.html","name":"Retraites : qu\u2019est-ce que la d\u00e9sindexation des pensions ?","isPartOf":{"@id":"https:\/\/www.toutsurmesfinances.com\/retraite\/#website"},"primaryImageOfPage":{"@id":"https:\/\/www.toutsurmesfinances.com\/retraite\/retraites-qu-est-ce-que-la-desindexation-des-pensions.html#primaryimage"},"image":{"@id":"https:\/\/www.toutsurmesfinances.com\/retraite\/retraites-qu-est-ce-que-la-desindexation-des-pensions.html#primaryimage"},"thumbnailUrl":"https:\/\/www.toutsurmesfinances.com\/retraite\/wp-content\/uploads\/sites\/4\/2013\/03\/retraite-emploi-1.jpg","dateModified":"2013-03-14T10:48:05+00:00","description":"Le projet d\u2019accord qui vient d\u2019\u00eatre sign\u00e9 entre le patronat et les syndicats au sujet des r\u00e9gimes de retraites compl\u00e9mentaires Agirc (cadres) et Arrco (ensemble des salari\u00e9s) pr\u00e9voit une d\u00e9sindexation des pensions par rapport \u00e0 l\u2019inflation. Quel sont les","breadcrumb":{"@id":"https:\/\/www.toutsurmesfinances.com\/retraite\/retraites-qu-est-ce-que-la-desindexation-des-pensions.html#breadcrumb"},"inLanguage":"fr-FR","potentialAction":[{"@type":"ReadAction","target":["https:\/\/www.toutsurmesfinances.com\/retraite\/retraites-qu-est-ce-que-la-desindexation-des-pensions.html"]}]},{"@type":"ImageObject","inLanguage":"fr-FR","@id":"https:\/\/www.toutsurmesfinances.com\/retraite\/retraites-qu-est-ce-que-la-desindexation-des-pensions.html#primaryimage","url":"https:\/\/www.toutsurmesfinances.com\/retraite\/wp-content\/uploads\/sites\/4\/2013\/03\/retraite-emploi-1.jpg","contentUrl":"https:\/\/www.toutsurmesfinances.com\/retraite\/wp-content\/uploads\/sites\/4\/2013\/03\/retraite-emploi-1.jpg","width":480,"height":360,"caption":"L\u2019augmentation des pensions de retraite compl\u00e9mentaire ne sera plus align\u00e9e sur l'inflation (Fotolia)"},{"@type":"BreadcrumbList","@id":"https:\/\/www.toutsurmesfinances.com\/retraite\/retraites-qu-est-ce-que-la-desindexation-des-pensions.html#breadcrumb","itemListElement":[{"@type":"ListItem","position":1,"name":"Accueil","item":"https:\/\/www.toutsurmesfinances.com\/retraite\/"},{"@type":"ListItem","position":2,"name":"Pension","item":"https:\/\/www.toutsurmesfinances.com\/retraite\/c\/pension"},{"@type":"ListItem","position":3,"name":"Pension de retraite","item":"https:\/\/www.toutsurmesfinances.com\/retraite\/c\/pension-de-retraite"},{"@type":"ListItem","position":4,"name":"Retraites : qu\u2019est-ce que la d\u00e9sindexation des pensions ?"}]},{"@type":"WebSite","@id":"https:\/\/www.toutsurmesfinances.com\/retraite\/#website","url":"https:\/\/www.toutsurmesfinances.com\/retraite\/","name":"Retraite","description":"","publisher":{"@id":"https:\/\/www.toutsurmesfinances.com\/retraite\/#organization"},"potentialAction":[{"@type":"SearchAction","target":{"@type":"EntryPoint","urlTemplate":"https:\/\/www.toutsurmesfinances.com\/retraite\/?s={search_term_string}"},"query-input":{"@type":"PropertyValueSpecification","valueRequired":true,"valueName":"search_term_string"}}],"inLanguage":"fr-FR"},{"@type":"Organization","@id":"https:\/\/www.toutsurmesfinances.com\/retraite\/#organization","name":"Tout Sur Mes Finances","url":"https:\/\/www.toutsurmesfinances.com\/retraite\/","logo":{"@type":"ImageObject","inLanguage":"fr-FR","@id":"https:\/\/www.toutsurmesfinances.com\/retraite\/#\/schema\/logo\/image\/","url":"https:\/\/www.toutsurmesfinances.com\/retraite\/wp-content\/uploads\/sites\/4\/2021\/01\/favicon.png","contentUrl":"https:\/\/www.toutsurmesfinances.com\/retraite\/wp-content\/uploads\/sites\/4\/2021\/01\/favicon.png","width":512,"height":512,"caption":"Tout Sur Mes Finances"},"image":{"@id":"https:\/\/www.toutsurmesfinances.com\/retraite\/#\/schema\/logo\/image\/"},"sameAs":["https:\/\/x.com\/Toutsur"]},{"@type":"Person","@id":"https:\/\/www.toutsurmesfinances.com\/retraite\/#\/schema\/person\/19a038f31d078d13966363e7ab7343c6","name":"L'\u00e9quipe de r\u00e9daction","image":{"@type":"ImageObject","inLanguage":"fr-FR","@id":"https:\/\/www.toutsurmesfinances.com\/retraite\/#\/schema\/person\/image\/","url":"https:\/\/secure.gravatar.com\/avatar\/5d078ff23d3ce7cd29bc258e76954673?s=96&d=mm&r=g","contentUrl":"https:\/\/secure.gravatar.com\/avatar\/5d078ff23d3ce7cd29bc258e76954673?s=96&d=mm&r=g","caption":"L'\u00e9quipe de r\u00e9daction"}}]}},"_links":{"self":[{"href":"https:\/\/www.toutsurmesfinances.com\/retraite\/wp-json\/wp\/v2\/posts\/18714","targetHints":{"allow":["GET"]}}],"collection":[{"href":"https:\/\/www.toutsurmesfinances.com\/retraite\/wp-json\/wp\/v2\/posts"}],"about":[{"href":"https:\/\/www.toutsurmesfinances.com\/retraite\/wp-json\/wp\/v2\/types\/post"}],"author":[{"embeddable":true,"href":"https:\/\/www.toutsurmesfinances.com\/retraite\/wp-json\/wp\/v2\/users\/13718"}],"replies":[{"embeddable":true,"href":"https:\/\/www.toutsurmesfinances.com\/retraite\/wp-json\/wp\/v2\/comments?post=18714"}],"version-history":[{"count":1,"href":"https:\/\/www.toutsurmesfinances.com\/retraite\/wp-json\/wp\/v2\/posts\/18714\/revisions"}],"predecessor-version":[{"id":25112,"href":"https:\/\/www.toutsurmesfinances.com\/retraite\/wp-json\/wp\/v2\/posts\/18714\/revisions\/25112"}],"wp:featuredmedia":[{"embeddable":true,"href":"https:\/\/www.toutsurmesfinances.com\/retraite\/wp-json\/wp\/v2\/media\/18713"}],"wp:attachment":[{"href":"https:\/\/www.toutsurmesfinances.com\/retraite\/wp-json\/wp\/v2\/media?parent=18714"}],"wp:term":[{"taxonomy":"category","embeddable":true,"href":"https:\/\/www.toutsurmesfinances.com\/retraite\/wp-json\/wp\/v2\/categories?post=18714"},{"taxonomy":"post_tag","embeddable":true,"href":"https:\/\/www.toutsurmesfinances.com\/retraite\/wp-json\/wp\/v2\/tags?post=18714"}],"curies":[{"name":"wp","href":"https:\/\/api.w.org\/{rel}","templated":true}]}}