{"id":18805,"date":"2013-04-04T10:30:33","date_gmt":"2013-04-04T08:30:33","guid":{"rendered":"https:\/\/www.toutsurmesfinances.com\/retraite\/retraites-de-base-les-pensions-minimum-du-regime-general-depuis-le-1er-avril-2013.html"},"modified":"2025-07-10T16:01:08","modified_gmt":"2025-07-10T14:01:08","slug":"retraites-de-base-les-pensions-minimum-du-regime-general-depuis-le-1er-avril-2013","status":"publish","type":"post","link":"https:\/\/www.toutsurmesfinances.com\/retraite\/retraites-de-base-les-pensions-minimum-du-regime-general-depuis-le-1er-avril-2013.html","title":{"rendered":"Retraites de base : les pensions minimum du r\u00e9gime g\u00e9n\u00e9ral depuis le 1er avril 2013"},"content":{"rendered":"<section class=\"l-section wpb_row height_small\"><div class=\"l-section-h i-cf\"><div class=\"g-cols vc_row via_flex valign_top type_default stacking_default\"><div class=\"vc_col-sm-12 wpb_column vc_column_container\"><div class=\"vc_column-inner\"><div class=\"wpb_wrapper\"><div class=\"wpb_text_column\"><div class=\"wpb_wrapper\"><p>Les 13,2 millions de retrait\u00e9s d\u00e9pendant de la <a href=\"https:\/\/www.toutsurmesfinances.com\/retraite\/cnav-la-retraite-de-base-des-salaries.html\" target=\"_blank\" rel=\"noopener noreferrer\"><strong>Caisse nationale d&rsquo;assurance vieillesse (Cnav)<\/strong> <\/a>b\u00e9n\u00e9ficient, depuis le 1er avril 2013, d&rsquo;une augmentation de leurs pensions l\u00e9g\u00e8rement sup\u00e9rieure \u00e0 l&rsquo;inflation de 1,2% attendue cette ann\u00e9e. Le montant des retraites du r\u00e9gime g\u00e9n\u00e9ral d&rsquo;avril, vers\u00e9es le 10 mai prochain, vont ainsi afficher une progression de 1,3%. Cette revalorisation annuelle concerne les pensions personnelles, de r\u00e9version (per\u00e7ues par le conjoint survivant), mais aussi toutes les pensions minimum vers\u00e9es par la Cnav. Cette branche de la S\u00e9curit\u00e9 sociale vient de publier les bar\u00e8mes officiels.<\/p>\n<p>&nbsp;<\/p>\n<p><strong>Minimum contributif :<\/strong> Il s&rsquo;agit de la retraite \u00ab plancher \u00bb qu&rsquo;un ex-cotisant au r\u00e9gime g\u00e9n\u00e9ral touche au minimum. Elle est r\u00e9serv\u00e9e aux anciens salari\u00e9s ayant cotis\u00e9 sur de faibles r\u00e9mun\u00e9rations mais qui soit ont d\u00e9pass\u00e9 l&rsquo;\u00e2ge l\u00e9gal de retraite \u00e0 taux plein (entre 65 et 67 ans selon les dates de naissance), soit ont valid\u00e9 le nombre de trimestres requis (entre 160 et 166) \u00e0 l&rsquo;\u00e2ge minimum de d\u00e9part (entre 60 et 62 ans). Depuis le 1er janvier 2012, il est attribu\u00e9 \u00e0 condition que le montant total de la retraite (de base et compl\u00e9mentaires) ne d\u00e9passe pas 1.005 euros. Son montant est pass\u00e9, au 1er avril 2013, de 620,92 euros \u00e0 628,99 euros par mois. Soit 7.547,96 euros sur l&rsquo;ann\u00e9e, ce qui \u00e9quivaut \u00e0 une augmentation annuelle de 96,54 euros. Le minimum contributif major\u00e9 (lorsque l&rsquo;on justifie d&rsquo;au moins 120 trimestres) s&rsquo;\u00e9l\u00e8ve d\u00e9sormais \u00e0 687,32 euros par mois et 8.247,85 euros par an. La majoration pour tierce personne est relev\u00e9e \u00e0 1.096,50 euros par mois et 13.158,04 euros par an. Elle est pr\u00e9vue en cas de retraite anticip\u00e9e des travailleurs handicap\u00e9s, de majoration pour conjoint \u00e0 charge, de surcote (pour toute pension ayant pris effet depuis le 1er janvier 2009) et de rente des retraites ouvri\u00e8res et paysannes (ROP). Il est \u00e0 noter que la rente forfaitaire des ROP, servie par le r\u00e9gime g\u00e9n\u00e9ral, est revaloris\u00e9e \u00e0 157,13 euros par an. Enfin, la majoration pour enfants qui s&rsquo;ajoute au minimum contributif s&rsquo;\u00e9l\u00e8ve d\u00e9sormais 96,21 euros par mois.<\/p>\n<p>&nbsp;<\/p>\n<p><strong>Pension de r\u00e9version<\/strong> : Elle est \u00e9gale \u00e0 54% de la retraite de base dont b\u00e9n\u00e9ficiait ou aurait pu b\u00e9n\u00e9ficier le conjoint ou ex-conjoint d\u00e9c\u00e9d\u00e9 (sans tenir compte des \u00e9ventuelles majorations). Cette pension, qui n&rsquo;est pas automatique (il faut en faire la demande), est vers\u00e9e au conjoint survivant (\u00e0 condition de ne pas \u00eatre remari\u00e9) sous conditions de ressources. Depuis le 1er janvier 2013, le plafond de ressources est de 4.903,60 euros par trimestre (19.614,40 euros par an) pour une personne seule et de 7.845,76 euros par trimestre (31.383,04 euros par an) pour une personne vivant en couple. Depuis le 1er avril 2013, la pension minimum de r\u00e9version est de 283,58 euros par mois et de 3.403,07 euros par an.<\/p>\n<p>&nbsp;<\/p>\n<p><strong>Minimum vieillesse :<\/strong> Comme annonc\u00e9 par Marisol Touraine, la ministre des Affaires Sociales et de la Sant\u00e9 \u00e0 Toutsurlaretraite.com, le minimum vieillesse, remplac\u00e9 depuis 2006 par l&rsquo;Allocation de solidarit\u00e9 aux personnes \u00e2g\u00e9es (Aspa), b\u00e9n\u00e9ficie \u00e9galement de la revalorisation de 1,3% depuis le 1er avril. Son montant est port\u00e9 \u00e0 787,26 euros par mois et 9.447,21 euros par an pour une personne seule. Si dans un couple (mari\u00e9, pacs\u00e9 ou en concubinage), les deux conjoints sont b\u00e9n\u00e9ficiaires de l&rsquo;Aspa, le montant est ramen\u00e9 \u00e0 1.222,27 euros par mois et 14.667,32 euros par an.<\/p>\n<p>&nbsp;<\/p>\n<p><strong>AVTS<\/strong> : Le montant de l&rsquo;Allocation aux vieux travailleurs salari\u00e9s (AVTS), mais aussi du Secours viagers (accord\u00e9 aux conjoints des b\u00e9n\u00e9ficiaires de l&rsquo;AVTS d\u00e9c\u00e9d\u00e9s ou disparus) et de l&rsquo;Allocation aux m\u00e8res de famille (AMF), des allocations aujourd&rsquo;hui disparues, est port\u00e9 279,98 euros par mois (3.359,80 euros par an).<\/p>\n<p>&nbsp;<\/p>\n<p><strong>VFU<\/strong> : Comme Toutsurlaretraite.com l&rsquo;avait calcul\u00e9, le seuil du versement forfaitaire unique (VFU) est fix\u00e9 \u00e0 156,09 euros par an depuis le 1er avril. Le VFU est vers\u00e9 aux pensionn\u00e9s dont le montant annuel de la retraite ne d\u00e9passe pas ce niveau et est \u00e9gal \u00e0 15 fois la pension du retrait\u00e9.<\/p>\n<\/div><\/div><\/div><\/div><\/div><\/div><\/div><\/section>\n","protected":false},"excerpt":{"rendered":"<p>A la suite de la revalorisation de 1,3% instaur\u00e9e au 1er avril 2013, la Caisse nationale d&rsquo;assurance vieillesse vient de publier les bar\u00e8mes officiels des diff\u00e9rentes pensions et rentes \u00ab plancher \u00bb.<\/p>\n","protected":false},"author":13713,"featured_media":32229,"comment_status":"closed","ping_status":"closed","sticky":false,"template":"","format":"standard","meta":{"footnotes":""},"categories":[9],"tags":[],"class_list":["post-18805","post","type-post","status-publish","format-standard","has-post-thumbnail","hentry","category-pension-de-retraite"],"acf":[],"yoast_head":"<!-- This site is optimized with the Yoast SEO plugin v24.9 - https:\/\/yoast.com\/wordpress\/plugins\/seo\/ -->\n<title>Retraites de base : les pensions minimum du r\u00e9gime g\u00e9n\u00e9ral depuis le 1er avril 2013<\/title>\n<meta name=\"description\" content=\"A la suite de la revalorisation de 1,3% instaur\u00e9e au 1er avril 2013, la Caisse nationale d&#039;assurance vieillesse vient de publier les bar\u00e8mes officiels des diff\u00e9rentes pensions et rentes \u00ab plancher \u00bb.\" \/>\n<meta name=\"robots\" content=\"index, follow, max-snippet:-1, max-image-preview:large, max-video-preview:-1\" \/>\n<link rel=\"canonical\" href=\"https:\/\/www.toutsurmesfinances.com\/retraite\/retraites-de-base-les-pensions-minimum-du-regime-general-depuis-le-1er-avril-2013.html\" \/>\n<meta property=\"og:locale\" content=\"fr_FR\" \/>\n<meta property=\"og:type\" content=\"article\" \/>\n<meta property=\"og:title\" content=\"Retraites de base : les pensions minimum du r\u00e9gime g\u00e9n\u00e9ral depuis le 1er avril 2013\" \/>\n<meta property=\"og:description\" content=\"A la suite de la revalorisation de 1,3% instaur\u00e9e au 1er avril 2013, la Caisse nationale d&#039;assurance vieillesse vient de publier les bar\u00e8mes officiels des diff\u00e9rentes pensions et rentes \u00ab plancher \u00bb.\" \/>\n<meta property=\"og:url\" content=\"https:\/\/www.toutsurmesfinances.com\/retraite\/retraites-de-base-les-pensions-minimum-du-regime-general-depuis-le-1er-avril-2013.html\" \/>\n<meta property=\"og:site_name\" content=\"Retraite\" \/>\n<meta property=\"article:published_time\" content=\"2013-04-04T08:30:33+00:00\" \/>\n<meta property=\"article:modified_time\" content=\"2025-07-10T14:01:08+00:00\" \/>\n<meta property=\"og:image\" content=\"https:\/\/www.toutsurmesfinances.com\/retraite\/wp-content\/uploads\/sites\/4\/2025\/04\/image-retraite-pension.jpg\" \/>\n\t<meta property=\"og:image:width\" content=\"600\" \/>\n\t<meta property=\"og:image:height\" content=\"400\" \/>\n\t<meta property=\"og:image:type\" content=\"image\/jpeg\" \/>\n<meta name=\"author\" content=\"Jean-Philippe Dubosc\" \/>\n<meta name=\"twitter:card\" content=\"summary_large_image\" \/>\n<meta name=\"twitter:creator\" content=\"@Toutsur\" \/>\n<meta name=\"twitter:site\" content=\"@Toutsur\" \/>\n<meta name=\"twitter:label1\" content=\"\u00c9crit par\" \/>\n\t<meta name=\"twitter:data1\" content=\"Jean-Philippe Dubosc\" \/>\n\t<meta name=\"twitter:label2\" content=\"Dur\u00e9e de lecture estim\u00e9e\" \/>\n\t<meta name=\"twitter:data2\" content=\"4 minutes\" \/>\n<script type=\"application\/ld+json\" class=\"yoast-schema-graph\">{\"@context\":\"https:\/\/schema.org\",\"@graph\":[{\"@type\":\"Article\",\"@id\":\"https:\/\/www.toutsurmesfinances.com\/retraite\/retraites-de-base-les-pensions-minimum-du-regime-general-depuis-le-1er-avril-2013.html#article\",\"isPartOf\":{\"@id\":\"https:\/\/www.toutsurmesfinances.com\/retraite\/retraites-de-base-les-pensions-minimum-du-regime-general-depuis-le-1er-avril-2013.html\"},\"author\":{\"name\":\"Jean-Philippe Dubosc\",\"@id\":\"https:\/\/www.toutsurmesfinances.com\/retraite\/#\/schema\/person\/addc9e9b3978fa7947ead71bab57694c\"},\"headline\":\"Retraites de base : les pensions minimum du r\u00e9gime g\u00e9n\u00e9ral depuis le 1er avril 2013\",\"dateModified\":\"2025-07-10T14:01:08+00:00\",\"mainEntityOfPage\":{\"@id\":\"https:\/\/www.toutsurmesfinances.com\/retraite\/retraites-de-base-les-pensions-minimum-du-regime-general-depuis-le-1er-avril-2013.html\"},\"wordCount\":706,\"publisher\":{\"@id\":\"https:\/\/www.toutsurmesfinances.com\/retraite\/#organization\"},\"image\":{\"@id\":\"https:\/\/www.toutsurmesfinances.com\/retraite\/retraites-de-base-les-pensions-minimum-du-regime-general-depuis-le-1er-avril-2013.html#primaryimage\"},\"thumbnailUrl\":\"https:\/\/www.toutsurmesfinances.com\/retraite\/wp-content\/uploads\/sites\/4\/2025\/04\/image-retraite-pension.jpg\",\"articleSection\":[\"Pension de retraite\"],\"inLanguage\":\"fr-FR\"},{\"@type\":\"WebPage\",\"@id\":\"https:\/\/www.toutsurmesfinances.com\/retraite\/retraites-de-base-les-pensions-minimum-du-regime-general-depuis-le-1er-avril-2013.html\",\"url\":\"https:\/\/www.toutsurmesfinances.com\/retraite\/retraites-de-base-les-pensions-minimum-du-regime-general-depuis-le-1er-avril-2013.html\",\"name\":\"Retraites de base : les pensions minimum du r\u00e9gime g\u00e9n\u00e9ral depuis le 1er avril 2013\",\"isPartOf\":{\"@id\":\"https:\/\/www.toutsurmesfinances.com\/retraite\/#website\"},\"primaryImageOfPage\":{\"@id\":\"https:\/\/www.toutsurmesfinances.com\/retraite\/retraites-de-base-les-pensions-minimum-du-regime-general-depuis-le-1er-avril-2013.html#primaryimage\"},\"image\":{\"@id\":\"https:\/\/www.toutsurmesfinances.com\/retraite\/retraites-de-base-les-pensions-minimum-du-regime-general-depuis-le-1er-avril-2013.html#primaryimage\"},\"thumbnailUrl\":\"https:\/\/www.toutsurmesfinances.com\/retraite\/wp-content\/uploads\/sites\/4\/2025\/04\/image-retraite-pension.jpg\",\"dateModified\":\"2025-07-10T14:01:08+00:00\",\"description\":\"A la suite de la revalorisation de 1,3% instaur\u00e9e au 1er avril 2013, la Caisse nationale d'assurance vieillesse vient de publier les bar\u00e8mes officiels des diff\u00e9rentes pensions et rentes \u00ab plancher \u00bb.\",\"breadcrumb\":{\"@id\":\"https:\/\/www.toutsurmesfinances.com\/retraite\/retraites-de-base-les-pensions-minimum-du-regime-general-depuis-le-1er-avril-2013.html#breadcrumb\"},\"inLanguage\":\"fr-FR\",\"potentialAction\":[{\"@type\":\"ReadAction\",\"target\":[\"https:\/\/www.toutsurmesfinances.com\/retraite\/retraites-de-base-les-pensions-minimum-du-regime-general-depuis-le-1er-avril-2013.html\"]}]},{\"@type\":\"ImageObject\",\"inLanguage\":\"fr-FR\",\"@id\":\"https:\/\/www.toutsurmesfinances.com\/retraite\/retraites-de-base-les-pensions-minimum-du-regime-general-depuis-le-1er-avril-2013.html#primaryimage\",\"url\":\"https:\/\/www.toutsurmesfinances.com\/retraite\/wp-content\/uploads\/sites\/4\/2025\/04\/image-retraite-pension.jpg\",\"contentUrl\":\"https:\/\/www.toutsurmesfinances.com\/retraite\/wp-content\/uploads\/sites\/4\/2025\/04\/image-retraite-pension.jpg\",\"width\":600,\"height\":400},{\"@type\":\"BreadcrumbList\",\"@id\":\"https:\/\/www.toutsurmesfinances.com\/retraite\/retraites-de-base-les-pensions-minimum-du-regime-general-depuis-le-1er-avril-2013.html#breadcrumb\",\"itemListElement\":[{\"@type\":\"ListItem\",\"position\":1,\"name\":\"Accueil\",\"item\":\"https:\/\/www.toutsurmesfinances.com\/retraite\/\"},{\"@type\":\"ListItem\",\"position\":2,\"name\":\"Pension\",\"item\":\"https:\/\/www.toutsurmesfinances.com\/retraite\/c\/pension\"},{\"@type\":\"ListItem\",\"position\":3,\"name\":\"Pension de retraite\",\"item\":\"https:\/\/www.toutsurmesfinances.com\/retraite\/c\/pension-de-retraite\"},{\"@type\":\"ListItem\",\"position\":4,\"name\":\"Retraites de base : les pensions minimum du r\u00e9gime g\u00e9n\u00e9ral depuis le 1er avril 2013\"}]},{\"@type\":\"WebSite\",\"@id\":\"https:\/\/www.toutsurmesfinances.com\/retraite\/#website\",\"url\":\"https:\/\/www.toutsurmesfinances.com\/retraite\/\",\"name\":\"Retraite\",\"description\":\"\",\"publisher\":{\"@id\":\"https:\/\/www.toutsurmesfinances.com\/retraite\/#organization\"},\"potentialAction\":[{\"@type\":\"SearchAction\",\"target\":{\"@type\":\"EntryPoint\",\"urlTemplate\":\"https:\/\/www.toutsurmesfinances.com\/retraite\/?s={search_term_string}\"},\"query-input\":{\"@type\":\"PropertyValueSpecification\",\"valueRequired\":true,\"valueName\":\"search_term_string\"}}],\"inLanguage\":\"fr-FR\"},{\"@type\":\"Organization\",\"@id\":\"https:\/\/www.toutsurmesfinances.com\/retraite\/#organization\",\"name\":\"Tout Sur Mes Finances\",\"url\":\"https:\/\/www.toutsurmesfinances.com\/retraite\/\",\"logo\":{\"@type\":\"ImageObject\",\"inLanguage\":\"fr-FR\",\"@id\":\"https:\/\/www.toutsurmesfinances.com\/retraite\/#\/schema\/logo\/image\/\",\"url\":\"https:\/\/www.toutsurmesfinances.com\/retraite\/wp-content\/uploads\/sites\/4\/2021\/01\/favicon.png\",\"contentUrl\":\"https:\/\/www.toutsurmesfinances.com\/retraite\/wp-content\/uploads\/sites\/4\/2021\/01\/favicon.png\",\"width\":512,\"height\":512,\"caption\":\"Tout Sur Mes Finances\"},\"image\":{\"@id\":\"https:\/\/www.toutsurmesfinances.com\/retraite\/#\/schema\/logo\/image\/\"},\"sameAs\":[\"https:\/\/x.com\/Toutsur\"]},{\"@type\":\"Person\",\"@id\":\"https:\/\/www.toutsurmesfinances.com\/retraite\/#\/schema\/person\/addc9e9b3978fa7947ead71bab57694c\",\"name\":\"Jean-Philippe Dubosc\",\"image\":{\"@type\":\"ImageObject\",\"inLanguage\":\"fr-FR\",\"@id\":\"https:\/\/www.toutsurmesfinances.com\/retraite\/#\/schema\/person\/image\/\",\"url\":\"https:\/\/secure.gravatar.com\/avatar\/a3cba30cdda1afe79f6ebffc6e952291?s=96&d=mm&r=g\",\"contentUrl\":\"https:\/\/secure.gravatar.com\/avatar\/a3cba30cdda1afe79f6ebffc6e952291?s=96&d=mm&r=g\",\"caption\":\"Jean-Philippe Dubosc\"},\"description\":\"Jean-Philippe Dubosc est r\u00e9dacteur en chef de ToutSurMesFinances.com et sp\u00e9cialiste des questions de retraite obligatoire et d\u2019\u00e9pargne. Pr\u00e9sent au sein du m\u00e9dia depuis plus de 13 ans, il analyse les r\u00e9formes, les dispositifs r\u00e9glementaires et les strat\u00e9gies de d\u00e9part \u00e0 la retraite, avec une approche fond\u00e9e sur une lecture rigoureuse des textes et une connaissance approfondie des diff\u00e9rents r\u00e9gimes de retraite.\",\"sameAs\":[\"https:\/\/www.toutsurmesfinances.com\/author\/jpdubosc\",\"https:\/\/fr.linkedin.com\/in\/jpdubosc\"]}]}<\/script>\n<!-- \/ Yoast SEO plugin. -->","yoast_head_json":{"title":"Retraites de base : les pensions minimum du r\u00e9gime g\u00e9n\u00e9ral depuis le 1er avril 2013","description":"A la suite de la revalorisation de 1,3% instaur\u00e9e au 1er avril 2013, la Caisse nationale d'assurance vieillesse vient de publier les bar\u00e8mes officiels des diff\u00e9rentes pensions et rentes \u00ab plancher \u00bb.","robots":{"index":"index","follow":"follow","max-snippet":"max-snippet:-1","max-image-preview":"max-image-preview:large","max-video-preview":"max-video-preview:-1"},"canonical":"https:\/\/www.toutsurmesfinances.com\/retraite\/retraites-de-base-les-pensions-minimum-du-regime-general-depuis-le-1er-avril-2013.html","og_locale":"fr_FR","og_type":"article","og_title":"Retraites de base : les pensions minimum du r\u00e9gime g\u00e9n\u00e9ral depuis le 1er avril 2013","og_description":"A la suite de la revalorisation de 1,3% instaur\u00e9e au 1er avril 2013, la Caisse nationale d'assurance vieillesse vient de publier les bar\u00e8mes officiels des diff\u00e9rentes pensions et rentes \u00ab plancher \u00bb.","og_url":"https:\/\/www.toutsurmesfinances.com\/retraite\/retraites-de-base-les-pensions-minimum-du-regime-general-depuis-le-1er-avril-2013.html","og_site_name":"Retraite","article_published_time":"2013-04-04T08:30:33+00:00","article_modified_time":"2025-07-10T14:01:08+00:00","og_image":[{"width":600,"height":400,"url":"https:\/\/www.toutsurmesfinances.com\/retraite\/wp-content\/uploads\/sites\/4\/2025\/04\/image-retraite-pension.jpg","type":"image\/jpeg"}],"author":"Jean-Philippe Dubosc","twitter_card":"summary_large_image","twitter_creator":"@Toutsur","twitter_site":"@Toutsur","twitter_misc":{"\u00c9crit par":"Jean-Philippe Dubosc","Dur\u00e9e de lecture estim\u00e9e":"4 minutes"},"schema":{"@context":"https:\/\/schema.org","@graph":[{"@type":"Article","@id":"https:\/\/www.toutsurmesfinances.com\/retraite\/retraites-de-base-les-pensions-minimum-du-regime-general-depuis-le-1er-avril-2013.html#article","isPartOf":{"@id":"https:\/\/www.toutsurmesfinances.com\/retraite\/retraites-de-base-les-pensions-minimum-du-regime-general-depuis-le-1er-avril-2013.html"},"author":{"name":"Jean-Philippe Dubosc","@id":"https:\/\/www.toutsurmesfinances.com\/retraite\/#\/schema\/person\/addc9e9b3978fa7947ead71bab57694c"},"headline":"Retraites de base : les pensions minimum du r\u00e9gime g\u00e9n\u00e9ral depuis le 1er avril 2013","dateModified":"2025-07-10T14:01:08+00:00","mainEntityOfPage":{"@id":"https:\/\/www.toutsurmesfinances.com\/retraite\/retraites-de-base-les-pensions-minimum-du-regime-general-depuis-le-1er-avril-2013.html"},"wordCount":706,"publisher":{"@id":"https:\/\/www.toutsurmesfinances.com\/retraite\/#organization"},"image":{"@id":"https:\/\/www.toutsurmesfinances.com\/retraite\/retraites-de-base-les-pensions-minimum-du-regime-general-depuis-le-1er-avril-2013.html#primaryimage"},"thumbnailUrl":"https:\/\/www.toutsurmesfinances.com\/retraite\/wp-content\/uploads\/sites\/4\/2025\/04\/image-retraite-pension.jpg","articleSection":["Pension de retraite"],"inLanguage":"fr-FR"},{"@type":"WebPage","@id":"https:\/\/www.toutsurmesfinances.com\/retraite\/retraites-de-base-les-pensions-minimum-du-regime-general-depuis-le-1er-avril-2013.html","url":"https:\/\/www.toutsurmesfinances.com\/retraite\/retraites-de-base-les-pensions-minimum-du-regime-general-depuis-le-1er-avril-2013.html","name":"Retraites de base : les pensions minimum du r\u00e9gime g\u00e9n\u00e9ral depuis le 1er avril 2013","isPartOf":{"@id":"https:\/\/www.toutsurmesfinances.com\/retraite\/#website"},"primaryImageOfPage":{"@id":"https:\/\/www.toutsurmesfinances.com\/retraite\/retraites-de-base-les-pensions-minimum-du-regime-general-depuis-le-1er-avril-2013.html#primaryimage"},"image":{"@id":"https:\/\/www.toutsurmesfinances.com\/retraite\/retraites-de-base-les-pensions-minimum-du-regime-general-depuis-le-1er-avril-2013.html#primaryimage"},"thumbnailUrl":"https:\/\/www.toutsurmesfinances.com\/retraite\/wp-content\/uploads\/sites\/4\/2025\/04\/image-retraite-pension.jpg","dateModified":"2025-07-10T14:01:08+00:00","description":"A la suite de la revalorisation de 1,3% instaur\u00e9e au 1er avril 2013, la Caisse nationale d'assurance vieillesse vient de publier les bar\u00e8mes officiels des diff\u00e9rentes pensions et rentes \u00ab plancher \u00bb.","breadcrumb":{"@id":"https:\/\/www.toutsurmesfinances.com\/retraite\/retraites-de-base-les-pensions-minimum-du-regime-general-depuis-le-1er-avril-2013.html#breadcrumb"},"inLanguage":"fr-FR","potentialAction":[{"@type":"ReadAction","target":["https:\/\/www.toutsurmesfinances.com\/retraite\/retraites-de-base-les-pensions-minimum-du-regime-general-depuis-le-1er-avril-2013.html"]}]},{"@type":"ImageObject","inLanguage":"fr-FR","@id":"https:\/\/www.toutsurmesfinances.com\/retraite\/retraites-de-base-les-pensions-minimum-du-regime-general-depuis-le-1er-avril-2013.html#primaryimage","url":"https:\/\/www.toutsurmesfinances.com\/retraite\/wp-content\/uploads\/sites\/4\/2025\/04\/image-retraite-pension.jpg","contentUrl":"https:\/\/www.toutsurmesfinances.com\/retraite\/wp-content\/uploads\/sites\/4\/2025\/04\/image-retraite-pension.jpg","width":600,"height":400},{"@type":"BreadcrumbList","@id":"https:\/\/www.toutsurmesfinances.com\/retraite\/retraites-de-base-les-pensions-minimum-du-regime-general-depuis-le-1er-avril-2013.html#breadcrumb","itemListElement":[{"@type":"ListItem","position":1,"name":"Accueil","item":"https:\/\/www.toutsurmesfinances.com\/retraite\/"},{"@type":"ListItem","position":2,"name":"Pension","item":"https:\/\/www.toutsurmesfinances.com\/retraite\/c\/pension"},{"@type":"ListItem","position":3,"name":"Pension de retraite","item":"https:\/\/www.toutsurmesfinances.com\/retraite\/c\/pension-de-retraite"},{"@type":"ListItem","position":4,"name":"Retraites de base : les pensions minimum du r\u00e9gime g\u00e9n\u00e9ral depuis le 1er avril 2013"}]},{"@type":"WebSite","@id":"https:\/\/www.toutsurmesfinances.com\/retraite\/#website","url":"https:\/\/www.toutsurmesfinances.com\/retraite\/","name":"Retraite","description":"","publisher":{"@id":"https:\/\/www.toutsurmesfinances.com\/retraite\/#organization"},"potentialAction":[{"@type":"SearchAction","target":{"@type":"EntryPoint","urlTemplate":"https:\/\/www.toutsurmesfinances.com\/retraite\/?s={search_term_string}"},"query-input":{"@type":"PropertyValueSpecification","valueRequired":true,"valueName":"search_term_string"}}],"inLanguage":"fr-FR"},{"@type":"Organization","@id":"https:\/\/www.toutsurmesfinances.com\/retraite\/#organization","name":"Tout Sur Mes Finances","url":"https:\/\/www.toutsurmesfinances.com\/retraite\/","logo":{"@type":"ImageObject","inLanguage":"fr-FR","@id":"https:\/\/www.toutsurmesfinances.com\/retraite\/#\/schema\/logo\/image\/","url":"https:\/\/www.toutsurmesfinances.com\/retraite\/wp-content\/uploads\/sites\/4\/2021\/01\/favicon.png","contentUrl":"https:\/\/www.toutsurmesfinances.com\/retraite\/wp-content\/uploads\/sites\/4\/2021\/01\/favicon.png","width":512,"height":512,"caption":"Tout Sur Mes Finances"},"image":{"@id":"https:\/\/www.toutsurmesfinances.com\/retraite\/#\/schema\/logo\/image\/"},"sameAs":["https:\/\/x.com\/Toutsur"]},{"@type":"Person","@id":"https:\/\/www.toutsurmesfinances.com\/retraite\/#\/schema\/person\/addc9e9b3978fa7947ead71bab57694c","name":"Jean-Philippe Dubosc","image":{"@type":"ImageObject","inLanguage":"fr-FR","@id":"https:\/\/www.toutsurmesfinances.com\/retraite\/#\/schema\/person\/image\/","url":"https:\/\/secure.gravatar.com\/avatar\/a3cba30cdda1afe79f6ebffc6e952291?s=96&d=mm&r=g","contentUrl":"https:\/\/secure.gravatar.com\/avatar\/a3cba30cdda1afe79f6ebffc6e952291?s=96&d=mm&r=g","caption":"Jean-Philippe Dubosc"},"description":"Jean-Philippe Dubosc est r\u00e9dacteur en chef de ToutSurMesFinances.com et sp\u00e9cialiste des questions de retraite obligatoire et d\u2019\u00e9pargne. Pr\u00e9sent au sein du m\u00e9dia depuis plus de 13 ans, il analyse les r\u00e9formes, les dispositifs r\u00e9glementaires et les strat\u00e9gies de d\u00e9part \u00e0 la retraite, avec une approche fond\u00e9e sur une lecture rigoureuse des textes et une connaissance approfondie des diff\u00e9rents r\u00e9gimes de retraite.","sameAs":["https:\/\/www.toutsurmesfinances.com\/author\/jpdubosc","https:\/\/fr.linkedin.com\/in\/jpdubosc"]}]}},"_links":{"self":[{"href":"https:\/\/www.toutsurmesfinances.com\/retraite\/wp-json\/wp\/v2\/posts\/18805","targetHints":{"allow":["GET"]}}],"collection":[{"href":"https:\/\/www.toutsurmesfinances.com\/retraite\/wp-json\/wp\/v2\/posts"}],"about":[{"href":"https:\/\/www.toutsurmesfinances.com\/retraite\/wp-json\/wp\/v2\/types\/post"}],"author":[{"embeddable":true,"href":"https:\/\/www.toutsurmesfinances.com\/retraite\/wp-json\/wp\/v2\/users\/13713"}],"replies":[{"embeddable":true,"href":"https:\/\/www.toutsurmesfinances.com\/retraite\/wp-json\/wp\/v2\/comments?post=18805"}],"version-history":[{"count":3,"href":"https:\/\/www.toutsurmesfinances.com\/retraite\/wp-json\/wp\/v2\/posts\/18805\/revisions"}],"predecessor-version":[{"id":32263,"href":"https:\/\/www.toutsurmesfinances.com\/retraite\/wp-json\/wp\/v2\/posts\/18805\/revisions\/32263"}],"wp:featuredmedia":[{"embeddable":true,"href":"https:\/\/www.toutsurmesfinances.com\/retraite\/wp-json\/wp\/v2\/media\/32229"}],"wp:attachment":[{"href":"https:\/\/www.toutsurmesfinances.com\/retraite\/wp-json\/wp\/v2\/media?parent=18805"}],"wp:term":[{"taxonomy":"category","embeddable":true,"href":"https:\/\/www.toutsurmesfinances.com\/retraite\/wp-json\/wp\/v2\/categories?post=18805"},{"taxonomy":"post_tag","embeddable":true,"href":"https:\/\/www.toutsurmesfinances.com\/retraite\/wp-json\/wp\/v2\/tags?post=18805"}],"curies":[{"name":"wp","href":"https:\/\/api.w.org\/{rel}","templated":true}]}}