{"id":18817,"date":"2013-04-09T10:46:01","date_gmt":"2013-04-09T08:46:01","guid":{"rendered":"https:\/\/www.toutsurmesfinances.com\/retraite\/etre-proprietaire-de-son-logement-a-la-retraite-n-est-pas-la-panacee.html"},"modified":"2013-04-09T12:54:41","modified_gmt":"2013-04-09T12:54:41","slug":"etre-proprietaire-de-son-logement-a-la-retraite-n-est-pas-la-panacee","status":"publish","type":"post","link":"https:\/\/www.toutsurmesfinances.com\/retraite\/etre-proprietaire-de-son-logement-a-la-retraite-n-est-pas-la-panacee.html","title":{"rendered":"\u00ab Etre propri\u00e9taire de son logement \u00e0 la retraite n&rsquo;est pas la panac\u00e9e \u00bb"},"content":{"rendered":"\n<p>&nbsp;<\/p>\n<p><strong>Toutsurlaretraite.com: Pourquoi, selon vous, l&rsquo;immobilier ne suffit-il pas \u00e0 pr\u00e9parer sa retraite ?<\/strong><br \/><strong>J\u00e9r\u00f4me Dedeyan<\/strong> : Il est admis en France qu&rsquo;acqu\u00e9rir sa r\u00e9sidence principale constitue la meilleure pr\u00e9paration \u00e0 la retraite. On se dit qu&rsquo;\u00e0 l&rsquo;\u00e2ge de la retraite, le pr\u00eat immobilier sera rembours\u00e9 et que l&rsquo;on n&rsquo;aura plus besoin de d\u00e9penser pour se loger au moment o\u00f9 l&rsquo;on devra justement subir une baisse sensible de ses revenus. Cette d\u00e9marche est sens\u00e9e mais ne constitue pas la panac\u00e9e. Si elle s&rsquo;av\u00e8re coh\u00e9rente pour le 3\u00e8me \u00e2ge, elle n&rsquo;est pas adapt\u00e9e au 4\u00e8me \u00e2ge.<\/p>\n<p><strong>Faites-vous r\u00e9f\u00e9rence \u00e0 la d\u00e9pendance ?<\/strong><br \/>La plupart des logements actuels ne sont pas con\u00e7us pour la fin de vie. Seulement 6% de l&rsquo;immobilier en France est \u00e9quip\u00e9 pour les personnes \u00e2g\u00e9es, contre 16% aux Pays-Bas. C&rsquo;est un vrai probl\u00e8me sachant qu&rsquo;une partie des papy boomers aujourd&rsquo;hui \u00e0 la retraite seront d\u00e9pendants demain. La perte d&rsquo;autonomie, m\u00eame limit\u00e9e, va devenir un ph\u00e9nom\u00e8ne de soci\u00e9t\u00e9. La majorit\u00e9 des propri\u00e9taires pensent que la vente de leur bien immobilier suffira \u00e0 financer leur placement en maison de retraite m\u00e9dicalis\u00e9e. Or, rien n&rsquo;est moins s\u00fbr. Non seulement parce qu&rsquo;une place dans de tels \u00e9tablissement co\u00fbte de plus en plus cher, mais aussi parce qu&rsquo;ils peuvent vendre leur maison ou leur appartement moins bien qu&rsquo;ils ne l&rsquo;escomptent. En plus de l&rsquo;effet du nombre de logements \u00e0 vendre, l&rsquo;adaptation du logis \u00e0 la situation de d\u00e9pendance va bient\u00f4t autant compter dans la valorisation d&rsquo;un bien immobilier que sa situation g\u00e9ographique, la qualit\u00e9 du b\u00e2ti ou la proximit\u00e9 avec de bonnes \u00e9coles. Compte tenu du vieillissement de la population, les prix des logements qui ne seront pas am\u00e9nag\u00e9s pour les personnes \u00e2g\u00e9es seront moins \u00e9lev\u00e9s.<\/p>\n<p>&nbsp;<\/p>\n<p><strong>Que pr\u00e9conisez-vous ?<\/strong><br \/>A 60 ans, il faut se poser la question de savoir s&rsquo;il l&rsquo;on peut vivre dans son habitat jusqu&rsquo;\u00e0 la fin de sa vie. Si ce n&rsquo;est pas le cas, les propri\u00e9taires ont tout int\u00e9r\u00eat \u00e0 c\u00e9der leur logement tant qu&rsquo;ils sont encore alertes pour un appartement en centre-ville, pr\u00e8s des commerces, disposant d&rsquo;un ascenseur, le cas \u00e9ch\u00e9ant en devenant locataire d&rsquo;un bailleur qui a r\u00e9alis\u00e9 les am\u00e9nagements adapt\u00e9s et en pla\u00e7ant le produit de la vente de son pr\u00e9c\u00e9dent logement pour garantir ses loyers. L&rsquo;autre solution est de se rapprocher de ses enfants qui pourront venir plus tard en soutien. Pour ceux qui ne veulent pas ou ne peuvent pas vendre leur bien immobilier, il est possible d&rsquo;y effectuer des am\u00e9nagements. Le co\u00fbt moyen de tels \u00e9quipements s&rsquo;\u00e9l\u00e8ve en moyenne \u00e0 22.000 euros. Les caisses de retraite, les conseils g\u00e9n\u00e9raux et l&rsquo;Anah (Agence nationale de l&rsquo;habitat, NDLR) proposent des aides financi\u00e8res qui, en fonction des ressources, peuvent couvrir entre le tiers et les deux-tiers des d\u00e9penses engag\u00e9es. Ces derni\u00e8res b\u00e9n\u00e9ficient, en outre, d&rsquo;une TVA moindre et donnent acc\u00e8s \u00e0 un cr\u00e9dit d&rsquo;imp\u00f4t. Avant toutes choses, le mieux est de demander \u00e0 l&rsquo;Anah d&rsquo;effectuer un audit du logement pour savoir s&rsquo;il a besoin d&rsquo;\u00eatre adapt\u00e9. Profitez-en, c&rsquo;est gratuit !<\/p>\n<p style=\"text-align: right;\"><em>Propos recueillis par Jean-Philippe Dubosc<\/em><\/p>\n","protected":false},"excerpt":{"rendered":"<p>INTERVIEW &#8211; Selon l&rsquo;Observatoire des retraites europ\u00e9ennes, le d\u00e9veloppement de la propri\u00e9t\u00e9 de la r\u00e9sidence principale ne peut \u00eatre consid\u00e9r\u00e9 comme une solution suffisante dans la pr\u00e9paration de la retraite. J\u00e9r\u00f4me Dedeyan, pr\u00e9sident de Debory ERES, initiateur de l&rsquo;Observatoire, explique pourquoi.<\/p>\n","protected":false},"author":13713,"featured_media":18816,"comment_status":"closed","ping_status":"closed","sticky":false,"template":"","format":"standard","meta":{"footnotes":""},"categories":[25],"tags":[],"class_list":["post-18817","post","type-post","status-publish","format-standard","has-post-thumbnail","hentry","category-preparation-a-la-retraite"],"acf":[],"yoast_head":"<!-- This site is optimized with the Yoast SEO plugin v24.9 - https:\/\/yoast.com\/wordpress\/plugins\/seo\/ -->\n<title>\u00ab Etre propri\u00e9taire de son logement \u00e0 la retraite n&#039;est pas la panac\u00e9e \u00bb<\/title>\n<meta name=\"description\" content=\"Selon l&#039;Observatoire des retraites europ\u00e9ennes, le d\u00e9veloppement de la propri\u00e9t\u00e9 de la r\u00e9sidence principale ne peut \u00eatre consid\u00e9r\u00e9 comme une solution suffisante dans la pr\u00e9paration de la retraite. J\u00e9r\u00f4me Dedeyan, pr\u00e9sident de Debory ERES, initiateur de l\" \/>\n<meta name=\"robots\" content=\"index, follow, max-snippet:-1, max-image-preview:large, max-video-preview:-1\" \/>\n<link rel=\"canonical\" href=\"https:\/\/www.toutsurmesfinances.com\/retraite\/etre-proprietaire-de-son-logement-a-la-retraite-n-est-pas-la-panacee.html\" \/>\n<meta property=\"og:locale\" content=\"fr_FR\" \/>\n<meta property=\"og:type\" content=\"article\" \/>\n<meta property=\"og:title\" content=\"\u00ab Etre propri\u00e9taire de son logement \u00e0 la retraite n&#039;est pas la panac\u00e9e \u00bb\" \/>\n<meta property=\"og:description\" content=\"Selon l&#039;Observatoire des retraites europ\u00e9ennes, le d\u00e9veloppement de la propri\u00e9t\u00e9 de la r\u00e9sidence principale ne peut \u00eatre consid\u00e9r\u00e9 comme une solution suffisante dans la pr\u00e9paration de la retraite. J\u00e9r\u00f4me Dedeyan, pr\u00e9sident de Debory ERES, initiateur de l\" \/>\n<meta property=\"og:url\" content=\"https:\/\/www.toutsurmesfinances.com\/retraite\/etre-proprietaire-de-son-logement-a-la-retraite-n-est-pas-la-panacee.html\" \/>\n<meta property=\"og:site_name\" content=\"Retraite\" \/>\n<meta property=\"article:published_time\" content=\"2013-04-09T08:46:01+00:00\" \/>\n<meta property=\"article:modified_time\" content=\"2013-04-09T12:54:41+00:00\" \/>\n<meta property=\"og:image\" content=\"https:\/\/www.toutsurmesfinances.com\/retraite\/wp-content\/uploads\/sites\/4\/2013\/04\/JeromeDedeyan.jpg\" \/>\n\t<meta property=\"og:image:width\" content=\"480\" \/>\n\t<meta property=\"og:image:height\" content=\"360\" \/>\n\t<meta property=\"og:image:type\" content=\"image\/jpeg\" \/>\n<meta name=\"author\" content=\"Jean-Philippe Dubosc\" \/>\n<meta name=\"twitter:card\" content=\"summary_large_image\" \/>\n<meta name=\"twitter:creator\" content=\"@Toutsur\" \/>\n<meta name=\"twitter:site\" content=\"@Toutsur\" \/>\n<meta name=\"twitter:label1\" content=\"\u00c9crit par\" \/>\n\t<meta name=\"twitter:data1\" content=\"Jean-Philippe Dubosc\" \/>\n\t<meta name=\"twitter:label2\" content=\"Dur\u00e9e de lecture estim\u00e9e\" \/>\n\t<meta name=\"twitter:data2\" content=\"3 minutes\" \/>\n<script type=\"application\/ld+json\" class=\"yoast-schema-graph\">{\"@context\":\"https:\/\/schema.org\",\"@graph\":[{\"@type\":\"Article\",\"@id\":\"https:\/\/www.toutsurmesfinances.com\/retraite\/etre-proprietaire-de-son-logement-a-la-retraite-n-est-pas-la-panacee.html#article\",\"isPartOf\":{\"@id\":\"https:\/\/www.toutsurmesfinances.com\/retraite\/etre-proprietaire-de-son-logement-a-la-retraite-n-est-pas-la-panacee.html\"},\"author\":{\"name\":\"Jean-Philippe Dubosc\",\"@id\":\"https:\/\/www.toutsurmesfinances.com\/retraite\/#\/schema\/person\/addc9e9b3978fa7947ead71bab57694c\"},\"headline\":\"\u00ab Etre propri\u00e9taire de son logement \u00e0 la retraite n&rsquo;est pas la panac\u00e9e \u00bb\",\"dateModified\":\"2013-04-09T12:54:41+00:00\",\"mainEntityOfPage\":{\"@id\":\"https:\/\/www.toutsurmesfinances.com\/retraite\/etre-proprietaire-de-son-logement-a-la-retraite-n-est-pas-la-panacee.html\"},\"wordCount\":601,\"publisher\":{\"@id\":\"https:\/\/www.toutsurmesfinances.com\/retraite\/#organization\"},\"image\":{\"@id\":\"https:\/\/www.toutsurmesfinances.com\/retraite\/etre-proprietaire-de-son-logement-a-la-retraite-n-est-pas-la-panacee.html#primaryimage\"},\"thumbnailUrl\":\"https:\/\/www.toutsurmesfinances.com\/retraite\/wp-content\/uploads\/sites\/4\/2013\/04\/JeromeDedeyan.jpg\",\"articleSection\":[\"Pr\u00e9paration \u00e0 la retraite\"],\"inLanguage\":\"fr-FR\"},{\"@type\":\"WebPage\",\"@id\":\"https:\/\/www.toutsurmesfinances.com\/retraite\/etre-proprietaire-de-son-logement-a-la-retraite-n-est-pas-la-panacee.html\",\"url\":\"https:\/\/www.toutsurmesfinances.com\/retraite\/etre-proprietaire-de-son-logement-a-la-retraite-n-est-pas-la-panacee.html\",\"name\":\"\u00ab Etre propri\u00e9taire de son logement \u00e0 la retraite n'est pas la panac\u00e9e \u00bb\",\"isPartOf\":{\"@id\":\"https:\/\/www.toutsurmesfinances.com\/retraite\/#website\"},\"primaryImageOfPage\":{\"@id\":\"https:\/\/www.toutsurmesfinances.com\/retraite\/etre-proprietaire-de-son-logement-a-la-retraite-n-est-pas-la-panacee.html#primaryimage\"},\"image\":{\"@id\":\"https:\/\/www.toutsurmesfinances.com\/retraite\/etre-proprietaire-de-son-logement-a-la-retraite-n-est-pas-la-panacee.html#primaryimage\"},\"thumbnailUrl\":\"https:\/\/www.toutsurmesfinances.com\/retraite\/wp-content\/uploads\/sites\/4\/2013\/04\/JeromeDedeyan.jpg\",\"dateModified\":\"2013-04-09T12:54:41+00:00\",\"description\":\"Selon l'Observatoire des retraites europ\u00e9ennes, le d\u00e9veloppement de la propri\u00e9t\u00e9 de la r\u00e9sidence principale ne peut \u00eatre consid\u00e9r\u00e9 comme une solution suffisante dans la pr\u00e9paration de la retraite. J\u00e9r\u00f4me Dedeyan, pr\u00e9sident de Debory ERES, initiateur de l\",\"breadcrumb\":{\"@id\":\"https:\/\/www.toutsurmesfinances.com\/retraite\/etre-proprietaire-de-son-logement-a-la-retraite-n-est-pas-la-panacee.html#breadcrumb\"},\"inLanguage\":\"fr-FR\",\"potentialAction\":[{\"@type\":\"ReadAction\",\"target\":[\"https:\/\/www.toutsurmesfinances.com\/retraite\/etre-proprietaire-de-son-logement-a-la-retraite-n-est-pas-la-panacee.html\"]}]},{\"@type\":\"ImageObject\",\"inLanguage\":\"fr-FR\",\"@id\":\"https:\/\/www.toutsurmesfinances.com\/retraite\/etre-proprietaire-de-son-logement-a-la-retraite-n-est-pas-la-panacee.html#primaryimage\",\"url\":\"https:\/\/www.toutsurmesfinances.com\/retraite\/wp-content\/uploads\/sites\/4\/2013\/04\/JeromeDedeyan.jpg\",\"contentUrl\":\"https:\/\/www.toutsurmesfinances.com\/retraite\/wp-content\/uploads\/sites\/4\/2013\/04\/JeromeDedeyan.jpg\",\"width\":480,\"height\":360,\"caption\":\"J\u00e9r\u00f4me Dedeya, pr\u00e9sident de Debory ERES\"},{\"@type\":\"BreadcrumbList\",\"@id\":\"https:\/\/www.toutsurmesfinances.com\/retraite\/etre-proprietaire-de-son-logement-a-la-retraite-n-est-pas-la-panacee.html#breadcrumb\",\"itemListElement\":[{\"@type\":\"ListItem\",\"position\":1,\"name\":\"Accueil\",\"item\":\"https:\/\/www.toutsurmesfinances.com\/retraite\/\"},{\"@type\":\"ListItem\",\"position\":2,\"name\":\"Pr\u00e9paration\",\"item\":\"https:\/\/www.toutsurmesfinances.com\/retraite\/c\/preparation\"},{\"@type\":\"ListItem\",\"position\":3,\"name\":\"Pr\u00e9paration \u00e0 la retraite\",\"item\":\"https:\/\/www.toutsurmesfinances.com\/retraite\/c\/preparation-a-la-retraite\"},{\"@type\":\"ListItem\",\"position\":4,\"name\":\"\u00ab Etre propri\u00e9taire de son logement \u00e0 la retraite n&rsquo;est pas la panac\u00e9e \u00bb\"}]},{\"@type\":\"WebSite\",\"@id\":\"https:\/\/www.toutsurmesfinances.com\/retraite\/#website\",\"url\":\"https:\/\/www.toutsurmesfinances.com\/retraite\/\",\"name\":\"Retraite\",\"description\":\"\",\"publisher\":{\"@id\":\"https:\/\/www.toutsurmesfinances.com\/retraite\/#organization\"},\"potentialAction\":[{\"@type\":\"SearchAction\",\"target\":{\"@type\":\"EntryPoint\",\"urlTemplate\":\"https:\/\/www.toutsurmesfinances.com\/retraite\/?s={search_term_string}\"},\"query-input\":{\"@type\":\"PropertyValueSpecification\",\"valueRequired\":true,\"valueName\":\"search_term_string\"}}],\"inLanguage\":\"fr-FR\"},{\"@type\":\"Organization\",\"@id\":\"https:\/\/www.toutsurmesfinances.com\/retraite\/#organization\",\"name\":\"Tout Sur Mes Finances\",\"url\":\"https:\/\/www.toutsurmesfinances.com\/retraite\/\",\"logo\":{\"@type\":\"ImageObject\",\"inLanguage\":\"fr-FR\",\"@id\":\"https:\/\/www.toutsurmesfinances.com\/retraite\/#\/schema\/logo\/image\/\",\"url\":\"https:\/\/www.toutsurmesfinances.com\/retraite\/wp-content\/uploads\/sites\/4\/2021\/01\/favicon.png\",\"contentUrl\":\"https:\/\/www.toutsurmesfinances.com\/retraite\/wp-content\/uploads\/sites\/4\/2021\/01\/favicon.png\",\"width\":512,\"height\":512,\"caption\":\"Tout Sur Mes Finances\"},\"image\":{\"@id\":\"https:\/\/www.toutsurmesfinances.com\/retraite\/#\/schema\/logo\/image\/\"},\"sameAs\":[\"https:\/\/x.com\/Toutsur\"]},{\"@type\":\"Person\",\"@id\":\"https:\/\/www.toutsurmesfinances.com\/retraite\/#\/schema\/person\/addc9e9b3978fa7947ead71bab57694c\",\"name\":\"Jean-Philippe Dubosc\",\"image\":{\"@type\":\"ImageObject\",\"inLanguage\":\"fr-FR\",\"@id\":\"https:\/\/www.toutsurmesfinances.com\/retraite\/#\/schema\/person\/image\/\",\"url\":\"https:\/\/secure.gravatar.com\/avatar\/a3cba30cdda1afe79f6ebffc6e952291?s=96&d=mm&r=g\",\"contentUrl\":\"https:\/\/secure.gravatar.com\/avatar\/a3cba30cdda1afe79f6ebffc6e952291?s=96&d=mm&r=g\",\"caption\":\"Jean-Philippe Dubosc\"},\"description\":\"Jean-Philippe Dubosc est r\u00e9dacteur en chef de ToutSurMesFinances.com et sp\u00e9cialiste des questions de retraite obligatoire et d\u2019\u00e9pargne. Pr\u00e9sent au sein du m\u00e9dia depuis plus de 13 ans, il analyse les r\u00e9formes, les dispositifs r\u00e9glementaires et les strat\u00e9gies de d\u00e9part \u00e0 la retraite, avec une approche fond\u00e9e sur une lecture rigoureuse des textes et une connaissance approfondie des diff\u00e9rents r\u00e9gimes de retraite.\",\"sameAs\":[\"https:\/\/www.toutsurmesfinances.com\/author\/jpdubosc\",\"https:\/\/fr.linkedin.com\/in\/jpdubosc\"]}]}<\/script>\n<!-- \/ Yoast SEO plugin. -->","yoast_head_json":{"title":"\u00ab Etre propri\u00e9taire de son logement \u00e0 la retraite n'est pas la panac\u00e9e \u00bb","description":"Selon l'Observatoire des retraites europ\u00e9ennes, le d\u00e9veloppement de la propri\u00e9t\u00e9 de la r\u00e9sidence principale ne peut \u00eatre consid\u00e9r\u00e9 comme une solution suffisante dans la pr\u00e9paration de la retraite. J\u00e9r\u00f4me Dedeyan, pr\u00e9sident de Debory ERES, initiateur de l","robots":{"index":"index","follow":"follow","max-snippet":"max-snippet:-1","max-image-preview":"max-image-preview:large","max-video-preview":"max-video-preview:-1"},"canonical":"https:\/\/www.toutsurmesfinances.com\/retraite\/etre-proprietaire-de-son-logement-a-la-retraite-n-est-pas-la-panacee.html","og_locale":"fr_FR","og_type":"article","og_title":"\u00ab Etre propri\u00e9taire de son logement \u00e0 la retraite n'est pas la panac\u00e9e \u00bb","og_description":"Selon l'Observatoire des retraites europ\u00e9ennes, le d\u00e9veloppement de la propri\u00e9t\u00e9 de la r\u00e9sidence principale ne peut \u00eatre consid\u00e9r\u00e9 comme une solution suffisante dans la pr\u00e9paration de la retraite. J\u00e9r\u00f4me Dedeyan, pr\u00e9sident de Debory ERES, initiateur de l","og_url":"https:\/\/www.toutsurmesfinances.com\/retraite\/etre-proprietaire-de-son-logement-a-la-retraite-n-est-pas-la-panacee.html","og_site_name":"Retraite","article_published_time":"2013-04-09T08:46:01+00:00","article_modified_time":"2013-04-09T12:54:41+00:00","og_image":[{"width":480,"height":360,"url":"https:\/\/www.toutsurmesfinances.com\/retraite\/wp-content\/uploads\/sites\/4\/2013\/04\/JeromeDedeyan.jpg","type":"image\/jpeg"}],"author":"Jean-Philippe Dubosc","twitter_card":"summary_large_image","twitter_creator":"@Toutsur","twitter_site":"@Toutsur","twitter_misc":{"\u00c9crit par":"Jean-Philippe Dubosc","Dur\u00e9e de lecture estim\u00e9e":"3 minutes"},"schema":{"@context":"https:\/\/schema.org","@graph":[{"@type":"Article","@id":"https:\/\/www.toutsurmesfinances.com\/retraite\/etre-proprietaire-de-son-logement-a-la-retraite-n-est-pas-la-panacee.html#article","isPartOf":{"@id":"https:\/\/www.toutsurmesfinances.com\/retraite\/etre-proprietaire-de-son-logement-a-la-retraite-n-est-pas-la-panacee.html"},"author":{"name":"Jean-Philippe Dubosc","@id":"https:\/\/www.toutsurmesfinances.com\/retraite\/#\/schema\/person\/addc9e9b3978fa7947ead71bab57694c"},"headline":"\u00ab Etre propri\u00e9taire de son logement \u00e0 la retraite n&rsquo;est pas la panac\u00e9e \u00bb","dateModified":"2013-04-09T12:54:41+00:00","mainEntityOfPage":{"@id":"https:\/\/www.toutsurmesfinances.com\/retraite\/etre-proprietaire-de-son-logement-a-la-retraite-n-est-pas-la-panacee.html"},"wordCount":601,"publisher":{"@id":"https:\/\/www.toutsurmesfinances.com\/retraite\/#organization"},"image":{"@id":"https:\/\/www.toutsurmesfinances.com\/retraite\/etre-proprietaire-de-son-logement-a-la-retraite-n-est-pas-la-panacee.html#primaryimage"},"thumbnailUrl":"https:\/\/www.toutsurmesfinances.com\/retraite\/wp-content\/uploads\/sites\/4\/2013\/04\/JeromeDedeyan.jpg","articleSection":["Pr\u00e9paration \u00e0 la retraite"],"inLanguage":"fr-FR"},{"@type":"WebPage","@id":"https:\/\/www.toutsurmesfinances.com\/retraite\/etre-proprietaire-de-son-logement-a-la-retraite-n-est-pas-la-panacee.html","url":"https:\/\/www.toutsurmesfinances.com\/retraite\/etre-proprietaire-de-son-logement-a-la-retraite-n-est-pas-la-panacee.html","name":"\u00ab Etre propri\u00e9taire de son logement \u00e0 la retraite n'est pas la panac\u00e9e \u00bb","isPartOf":{"@id":"https:\/\/www.toutsurmesfinances.com\/retraite\/#website"},"primaryImageOfPage":{"@id":"https:\/\/www.toutsurmesfinances.com\/retraite\/etre-proprietaire-de-son-logement-a-la-retraite-n-est-pas-la-panacee.html#primaryimage"},"image":{"@id":"https:\/\/www.toutsurmesfinances.com\/retraite\/etre-proprietaire-de-son-logement-a-la-retraite-n-est-pas-la-panacee.html#primaryimage"},"thumbnailUrl":"https:\/\/www.toutsurmesfinances.com\/retraite\/wp-content\/uploads\/sites\/4\/2013\/04\/JeromeDedeyan.jpg","dateModified":"2013-04-09T12:54:41+00:00","description":"Selon l'Observatoire des retraites europ\u00e9ennes, le d\u00e9veloppement de la propri\u00e9t\u00e9 de la r\u00e9sidence principale ne peut \u00eatre consid\u00e9r\u00e9 comme une solution suffisante dans la pr\u00e9paration de la retraite. J\u00e9r\u00f4me Dedeyan, pr\u00e9sident de Debory ERES, initiateur de l","breadcrumb":{"@id":"https:\/\/www.toutsurmesfinances.com\/retraite\/etre-proprietaire-de-son-logement-a-la-retraite-n-est-pas-la-panacee.html#breadcrumb"},"inLanguage":"fr-FR","potentialAction":[{"@type":"ReadAction","target":["https:\/\/www.toutsurmesfinances.com\/retraite\/etre-proprietaire-de-son-logement-a-la-retraite-n-est-pas-la-panacee.html"]}]},{"@type":"ImageObject","inLanguage":"fr-FR","@id":"https:\/\/www.toutsurmesfinances.com\/retraite\/etre-proprietaire-de-son-logement-a-la-retraite-n-est-pas-la-panacee.html#primaryimage","url":"https:\/\/www.toutsurmesfinances.com\/retraite\/wp-content\/uploads\/sites\/4\/2013\/04\/JeromeDedeyan.jpg","contentUrl":"https:\/\/www.toutsurmesfinances.com\/retraite\/wp-content\/uploads\/sites\/4\/2013\/04\/JeromeDedeyan.jpg","width":480,"height":360,"caption":"J\u00e9r\u00f4me Dedeya, pr\u00e9sident de Debory ERES"},{"@type":"BreadcrumbList","@id":"https:\/\/www.toutsurmesfinances.com\/retraite\/etre-proprietaire-de-son-logement-a-la-retraite-n-est-pas-la-panacee.html#breadcrumb","itemListElement":[{"@type":"ListItem","position":1,"name":"Accueil","item":"https:\/\/www.toutsurmesfinances.com\/retraite\/"},{"@type":"ListItem","position":2,"name":"Pr\u00e9paration","item":"https:\/\/www.toutsurmesfinances.com\/retraite\/c\/preparation"},{"@type":"ListItem","position":3,"name":"Pr\u00e9paration \u00e0 la retraite","item":"https:\/\/www.toutsurmesfinances.com\/retraite\/c\/preparation-a-la-retraite"},{"@type":"ListItem","position":4,"name":"\u00ab Etre propri\u00e9taire de son logement \u00e0 la retraite n&rsquo;est pas la panac\u00e9e \u00bb"}]},{"@type":"WebSite","@id":"https:\/\/www.toutsurmesfinances.com\/retraite\/#website","url":"https:\/\/www.toutsurmesfinances.com\/retraite\/","name":"Retraite","description":"","publisher":{"@id":"https:\/\/www.toutsurmesfinances.com\/retraite\/#organization"},"potentialAction":[{"@type":"SearchAction","target":{"@type":"EntryPoint","urlTemplate":"https:\/\/www.toutsurmesfinances.com\/retraite\/?s={search_term_string}"},"query-input":{"@type":"PropertyValueSpecification","valueRequired":true,"valueName":"search_term_string"}}],"inLanguage":"fr-FR"},{"@type":"Organization","@id":"https:\/\/www.toutsurmesfinances.com\/retraite\/#organization","name":"Tout Sur Mes Finances","url":"https:\/\/www.toutsurmesfinances.com\/retraite\/","logo":{"@type":"ImageObject","inLanguage":"fr-FR","@id":"https:\/\/www.toutsurmesfinances.com\/retraite\/#\/schema\/logo\/image\/","url":"https:\/\/www.toutsurmesfinances.com\/retraite\/wp-content\/uploads\/sites\/4\/2021\/01\/favicon.png","contentUrl":"https:\/\/www.toutsurmesfinances.com\/retraite\/wp-content\/uploads\/sites\/4\/2021\/01\/favicon.png","width":512,"height":512,"caption":"Tout Sur Mes Finances"},"image":{"@id":"https:\/\/www.toutsurmesfinances.com\/retraite\/#\/schema\/logo\/image\/"},"sameAs":["https:\/\/x.com\/Toutsur"]},{"@type":"Person","@id":"https:\/\/www.toutsurmesfinances.com\/retraite\/#\/schema\/person\/addc9e9b3978fa7947ead71bab57694c","name":"Jean-Philippe Dubosc","image":{"@type":"ImageObject","inLanguage":"fr-FR","@id":"https:\/\/www.toutsurmesfinances.com\/retraite\/#\/schema\/person\/image\/","url":"https:\/\/secure.gravatar.com\/avatar\/a3cba30cdda1afe79f6ebffc6e952291?s=96&d=mm&r=g","contentUrl":"https:\/\/secure.gravatar.com\/avatar\/a3cba30cdda1afe79f6ebffc6e952291?s=96&d=mm&r=g","caption":"Jean-Philippe Dubosc"},"description":"Jean-Philippe Dubosc est r\u00e9dacteur en chef de ToutSurMesFinances.com et sp\u00e9cialiste des questions de retraite obligatoire et d\u2019\u00e9pargne. Pr\u00e9sent au sein du m\u00e9dia depuis plus de 13 ans, il analyse les r\u00e9formes, les dispositifs r\u00e9glementaires et les strat\u00e9gies de d\u00e9part \u00e0 la retraite, avec une approche fond\u00e9e sur une lecture rigoureuse des textes et une connaissance approfondie des diff\u00e9rents r\u00e9gimes de retraite.","sameAs":["https:\/\/www.toutsurmesfinances.com\/author\/jpdubosc","https:\/\/fr.linkedin.com\/in\/jpdubosc"]}]}},"_links":{"self":[{"href":"https:\/\/www.toutsurmesfinances.com\/retraite\/wp-json\/wp\/v2\/posts\/18817","targetHints":{"allow":["GET"]}}],"collection":[{"href":"https:\/\/www.toutsurmesfinances.com\/retraite\/wp-json\/wp\/v2\/posts"}],"about":[{"href":"https:\/\/www.toutsurmesfinances.com\/retraite\/wp-json\/wp\/v2\/types\/post"}],"author":[{"embeddable":true,"href":"https:\/\/www.toutsurmesfinances.com\/retraite\/wp-json\/wp\/v2\/users\/13713"}],"replies":[{"embeddable":true,"href":"https:\/\/www.toutsurmesfinances.com\/retraite\/wp-json\/wp\/v2\/comments?post=18817"}],"version-history":[{"count":1,"href":"https:\/\/www.toutsurmesfinances.com\/retraite\/wp-json\/wp\/v2\/posts\/18817\/revisions"}],"predecessor-version":[{"id":25057,"href":"https:\/\/www.toutsurmesfinances.com\/retraite\/wp-json\/wp\/v2\/posts\/18817\/revisions\/25057"}],"wp:featuredmedia":[{"embeddable":true,"href":"https:\/\/www.toutsurmesfinances.com\/retraite\/wp-json\/wp\/v2\/media\/18816"}],"wp:attachment":[{"href":"https:\/\/www.toutsurmesfinances.com\/retraite\/wp-json\/wp\/v2\/media?parent=18817"}],"wp:term":[{"taxonomy":"category","embeddable":true,"href":"https:\/\/www.toutsurmesfinances.com\/retraite\/wp-json\/wp\/v2\/categories?post=18817"},{"taxonomy":"post_tag","embeddable":true,"href":"https:\/\/www.toutsurmesfinances.com\/retraite\/wp-json\/wp\/v2\/tags?post=18817"}],"curies":[{"name":"wp","href":"https:\/\/api.w.org\/{rel}","templated":true}]}}