{"id":18827,"date":"2013-04-12T08:48:25","date_gmt":"2013-04-12T06:48:25","guid":{"rendered":"https:\/\/www.toutsurmesfinances.com\/retraite\/retraites-les-enseignants-du-prive-vont-connaitre-une-baisse-de-leurs-pensions.html"},"modified":"2021-12-08T15:33:17","modified_gmt":"2021-12-08T14:33:17","slug":"retraites-les-enseignants-du-prive-vont-connaitre-une-baisse-de-leurs-pensions","status":"publish","type":"post","link":"https:\/\/www.toutsurmesfinances.com\/retraite\/retraites-les-enseignants-du-prive-vont-connaitre-une-baisse-de-leurs-pensions.html","title":{"rendered":"Retraites : les enseignants du priv\u00e9 vont connaitre une baisse de leurs pensions"},"content":{"rendered":"<section class=\"l-section wpb_row height_small\"><div class=\"l-section-h i-cf\"><div class=\"g-cols vc_row via_flex valign_top type_default stacking_default\"><div class=\"vc_col-sm-12 wpb_column vc_column_container\"><div class=\"vc_column-inner\"><div class=\"wpb_wrapper\"><div class=\"wpb_text_column\"><div class=\"wpb_wrapper\"><p>Les professeurs ayant exerc\u00e9 dans des \u00e9coles priv\u00e9es vont toucher entre 80 \u00e0 170 euros de retraite de moins par mois, selon les syndicats. Suite \u00e0 un d\u00e9cret paru le 18 f\u00e9vrier 2013 et pass\u00e9 inaper\u00e7u, il a \u00e9t\u00e9 d\u00e9cid\u00e9 que les pensions vers\u00e9es au titre de retraite additionnelle des enseignants des \u00e9tablissements priv\u00e9s sous contrat ne soient pas revaloris\u00e9es au 1er avril dernier.<br \/>\nUn <a href=\"https:\/\/www.toutsurmesfinances.com\/retraite\/retraite-les-enseignants-du-prive-pourraient-toucher-100-euros-de-moins-par-mois.html\" target=\"_self\" rel=\"noopener noreferrer\">gel du bar\u00e8me<\/a> loin d&rsquo;\u00eatre anodin car la revalorisation pr\u00e9vue devait s&rsquo;\u00e9lever \u00e0 10%. Cette importante augmentation avait \u00e9t\u00e9 d\u00e9cid\u00e9e en 2010 pour compenser la hausse non r\u00e9percut\u00e9e de l&rsquo;inflation. Le minist\u00e8re de l&rsquo;Education a estim\u00e9 que, compte tenu du d\u00e9ficit de la retraite additionnelle des enseignants des \u00e9tablissements priv\u00e9s, ce rattrapage n&rsquo;\u00e9tait financi\u00e8rement pas possible.<\/p>\n<h2><span class=\"ez-toc-section\" id=\"Double_peine\"><\/span>Double peine<span class=\"ez-toc-section-end\"><\/span><\/h2>\n<p>D&rsquo;apr\u00e8s un rapport de la Cour des comptes paru en ao\u00fbt 2012, face \u00e0 la hausse continue des pensionn\u00e9s \u00e0 ce r\u00e9gime, cr\u00e9\u00e9 par la loi Censi de 2005 pour compenser la diff\u00e9rence de pension entre enseignants du public et du priv\u00e9 (le calcul de la retraite des premiers est plus avantageux que celui des seconds), ses r\u00e9serves devraient \u00eatre \u00e9puis\u00e9es en 2019. D&rsquo;o\u00f9 le gel des pensions qui, d&rsquo;apr\u00e8s les syndicats, vent debout contre la mesure, va se traduire par un manque \u00e0 gagner de 100 euros en moyenne par mois pour les retrait\u00e9s.<br \/>\nLes actifs seront aussi p\u00e9nalis\u00e9s puisque le taux de cotisation passe de 1,5% \u00e0 2% sur cinq ans. Ce d\u00e9cret <em>\u00ab modifie un dispositif mis en place en 2005 pour, rappelons-le, rapprocher \u00e0 terme et \u00e0 carri\u00e8re comparable les pensions des enseignants du priv\u00e9 et du public. Ce dispositif est aujourd&rsquo;hui tr\u00e8s s\u00e9rieusement atteint et il se r\u00e9v\u00e8le pire encore que pr\u00e9vu puisqu&rsquo;une hausse des cotisations y a \u00e9t\u00e9 subrepticement introduite en plus de la baisse des pensions \u00bb,<\/em> d\u00e9noncent, dans un communiqu\u00e9, les syndicats r\u00e9unis en intersyndicale (Snec-CFTC, SPELC, Synep-CFE CGC, Sneip-CGT, Fnec FP FO, Sundep Solidaires, Fep-CFDT).<\/p>\n<h2><span class=\"ez-toc-section\" id=\"Lutte_difficile\"><\/span>Lutte difficile<span class=\"ez-toc-section-end\"><\/span><\/h2>\n<p>Ces derniers, qui avaient organis\u00e9 le 12 d\u00e9cembre 2012 un d\u00e9fil\u00e9 qui aurait r\u00e9uni, selon eux, quelque 2.000 personnes et ont fait circuler une p\u00e9tition qui a recueilli plus de 30.000 signatures, sont bien d\u00e9cid\u00e9s \u00e0 continuer la lutte. Ils r\u00e9fl\u00e9chissent notamment \u00e0 un recours juridique aupr\u00e8s du tribunal administratif et, si besoin, aupr\u00e8s du Conseil d&rsquo;Etat.<br \/>\nSans se faire, pour autant, beaucoup d&rsquo;illusion. <em>\u00ab Le d\u00e9cret \u00e9tant paru, il va \u00eatre tr\u00e8s difficile de revenir dessus \u00bb<\/em>, reconnait Bruno Lamour, secr\u00e9taire g\u00e9n\u00e9ral de Fed-CFDT, la f\u00e9d\u00e9ration des personnels de la formation et de l&rsquo;enseignement priv\u00e9s de la CFDT.<br \/>\nPas facile non plus de mobiliser l&rsquo;opinion alors que les personnels enseignants et de documentation des \u00e9tablissements priv\u00e9s sous contrat repr\u00e9sentent, au total, un peu moins de 140 000 agents. L&rsquo;intersyndical a demand\u00e9 le soutien des organisations syndicales de l&rsquo;enseignement public. En vain. <em>\u00ab Ils ont tort car le gouvernement va s&rsquo;attaquer \u00e9galement \u00e0 la retraite des fonctionnaires \u00bb<\/em>, estime Bruno Lamour.<\/p>\n<\/div><\/div><\/div><\/div><\/div><\/div><\/div><\/section>\n","protected":false},"excerpt":{"rendered":"<p>Les pensions vers\u00e9es au titre de la retraite additionnelle des enseignants des \u00e9tablissements priv\u00e9s sous contrat ne vont pas \u00eatre revaloris\u00e9es de 10% comme pr\u00e9vu cette ann\u00e9e. Un gel qui, selon les syndicats, va se traduire par un manque \u00e0 gagner de 100 euros par mois en moyenne pour les retrait\u00e9s.<\/p>\n","protected":false},"author":13713,"featured_media":18826,"comment_status":"closed","ping_status":"closed","sticky":false,"template":"","format":"standard","meta":{"footnotes":""},"categories":[9],"tags":[],"class_list":["post-18827","post","type-post","status-publish","format-standard","has-post-thumbnail","hentry","category-pension-de-retraite"],"acf":[],"yoast_head":"<!-- This site is optimized with the Yoast SEO plugin v24.9 - https:\/\/yoast.com\/wordpress\/plugins\/seo\/ -->\n<title>Retraites : les enseignants du priv\u00e9 vont connaitre une baisse de leurs pensions<\/title>\n<meta name=\"description\" content=\"Les pensions vers\u00e9es au titre de la retraite additionnelle des enseignants des \u00e9tablissements priv\u00e9s sous contrat ne vont pas \u00eatre revaloris\u00e9es de 10% comme pr\u00e9vu cette ann\u00e9e. Un gel qui, selon les syndicats, va se traduire par un manque \u00e0 gagner de 100 e\" \/>\n<meta name=\"robots\" content=\"index, follow, max-snippet:-1, max-image-preview:large, max-video-preview:-1\" \/>\n<link rel=\"canonical\" href=\"https:\/\/www.toutsurmesfinances.com\/retraite\/retraites-les-enseignants-du-prive-vont-connaitre-une-baisse-de-leurs-pensions.html\" \/>\n<meta property=\"og:locale\" content=\"fr_FR\" \/>\n<meta property=\"og:type\" content=\"article\" \/>\n<meta property=\"og:title\" content=\"Retraites : les enseignants du priv\u00e9 vont connaitre une baisse de leurs pensions\" \/>\n<meta property=\"og:description\" content=\"Les pensions vers\u00e9es au titre de la retraite additionnelle des enseignants des \u00e9tablissements priv\u00e9s sous contrat ne vont pas \u00eatre revaloris\u00e9es de 10% comme pr\u00e9vu cette ann\u00e9e. Un gel qui, selon les syndicats, va se traduire par un manque \u00e0 gagner de 100 e\" \/>\n<meta property=\"og:url\" content=\"https:\/\/www.toutsurmesfinances.com\/retraite\/retraites-les-enseignants-du-prive-vont-connaitre-une-baisse-de-leurs-pensions.html\" \/>\n<meta property=\"og:site_name\" content=\"Retraite\" \/>\n<meta property=\"article:published_time\" content=\"2013-04-12T06:48:25+00:00\" \/>\n<meta property=\"article:modified_time\" content=\"2021-12-08T14:33:17+00:00\" \/>\n<meta property=\"og:image\" content=\"https:\/\/www.toutsurmesfinances.com\/retraite\/wp-content\/uploads\/sites\/4\/2013\/04\/retraite-foule.jpg\" \/>\n\t<meta property=\"og:image:width\" content=\"480\" \/>\n\t<meta property=\"og:image:height\" content=\"360\" \/>\n\t<meta property=\"og:image:type\" content=\"image\/jpeg\" \/>\n<meta name=\"author\" content=\"Jean-Philippe Dubosc\" \/>\n<meta name=\"twitter:card\" content=\"summary_large_image\" \/>\n<meta name=\"twitter:creator\" content=\"@Toutsur\" \/>\n<meta name=\"twitter:site\" content=\"@Toutsur\" \/>\n<meta name=\"twitter:label1\" content=\"\u00c9crit par\" \/>\n\t<meta name=\"twitter:data1\" content=\"Jean-Philippe Dubosc\" \/>\n\t<meta name=\"twitter:label2\" content=\"Dur\u00e9e de lecture estim\u00e9e\" \/>\n\t<meta name=\"twitter:data2\" content=\"3 minutes\" \/>\n<script type=\"application\/ld+json\" class=\"yoast-schema-graph\">{\"@context\":\"https:\/\/schema.org\",\"@graph\":[{\"@type\":\"Article\",\"@id\":\"https:\/\/www.toutsurmesfinances.com\/retraite\/retraites-les-enseignants-du-prive-vont-connaitre-une-baisse-de-leurs-pensions.html#article\",\"isPartOf\":{\"@id\":\"https:\/\/www.toutsurmesfinances.com\/retraite\/retraites-les-enseignants-du-prive-vont-connaitre-une-baisse-de-leurs-pensions.html\"},\"author\":{\"name\":\"Jean-Philippe Dubosc\",\"@id\":\"https:\/\/www.toutsurmesfinances.com\/retraite\/#\/schema\/person\/addc9e9b3978fa7947ead71bab57694c\"},\"headline\":\"Retraites : les enseignants du priv\u00e9 vont connaitre une baisse de leurs pensions\",\"dateModified\":\"2021-12-08T14:33:17+00:00\",\"mainEntityOfPage\":{\"@id\":\"https:\/\/www.toutsurmesfinances.com\/retraite\/retraites-les-enseignants-du-prive-vont-connaitre-une-baisse-de-leurs-pensions.html\"},\"wordCount\":544,\"publisher\":{\"@id\":\"https:\/\/www.toutsurmesfinances.com\/retraite\/#organization\"},\"image\":{\"@id\":\"https:\/\/www.toutsurmesfinances.com\/retraite\/retraites-les-enseignants-du-prive-vont-connaitre-une-baisse-de-leurs-pensions.html#primaryimage\"},\"thumbnailUrl\":\"https:\/\/www.toutsurmesfinances.com\/retraite\/wp-content\/uploads\/sites\/4\/2013\/04\/retraite-foule.jpg\",\"articleSection\":[\"Pension de retraite\"],\"inLanguage\":\"fr-FR\"},{\"@type\":\"WebPage\",\"@id\":\"https:\/\/www.toutsurmesfinances.com\/retraite\/retraites-les-enseignants-du-prive-vont-connaitre-une-baisse-de-leurs-pensions.html\",\"url\":\"https:\/\/www.toutsurmesfinances.com\/retraite\/retraites-les-enseignants-du-prive-vont-connaitre-une-baisse-de-leurs-pensions.html\",\"name\":\"Retraites : les enseignants du priv\u00e9 vont connaitre une baisse de leurs pensions\",\"isPartOf\":{\"@id\":\"https:\/\/www.toutsurmesfinances.com\/retraite\/#website\"},\"primaryImageOfPage\":{\"@id\":\"https:\/\/www.toutsurmesfinances.com\/retraite\/retraites-les-enseignants-du-prive-vont-connaitre-une-baisse-de-leurs-pensions.html#primaryimage\"},\"image\":{\"@id\":\"https:\/\/www.toutsurmesfinances.com\/retraite\/retraites-les-enseignants-du-prive-vont-connaitre-une-baisse-de-leurs-pensions.html#primaryimage\"},\"thumbnailUrl\":\"https:\/\/www.toutsurmesfinances.com\/retraite\/wp-content\/uploads\/sites\/4\/2013\/04\/retraite-foule.jpg\",\"dateModified\":\"2021-12-08T14:33:17+00:00\",\"description\":\"Les pensions vers\u00e9es au titre de la retraite additionnelle des enseignants des \u00e9tablissements priv\u00e9s sous contrat ne vont pas \u00eatre revaloris\u00e9es de 10% comme pr\u00e9vu cette ann\u00e9e. Un gel qui, selon les syndicats, va se traduire par un manque \u00e0 gagner de 100 e\",\"breadcrumb\":{\"@id\":\"https:\/\/www.toutsurmesfinances.com\/retraite\/retraites-les-enseignants-du-prive-vont-connaitre-une-baisse-de-leurs-pensions.html#breadcrumb\"},\"inLanguage\":\"fr-FR\",\"potentialAction\":[{\"@type\":\"ReadAction\",\"target\":[\"https:\/\/www.toutsurmesfinances.com\/retraite\/retraites-les-enseignants-du-prive-vont-connaitre-une-baisse-de-leurs-pensions.html\"]}]},{\"@type\":\"ImageObject\",\"inLanguage\":\"fr-FR\",\"@id\":\"https:\/\/www.toutsurmesfinances.com\/retraite\/retraites-les-enseignants-du-prive-vont-connaitre-une-baisse-de-leurs-pensions.html#primaryimage\",\"url\":\"https:\/\/www.toutsurmesfinances.com\/retraite\/wp-content\/uploads\/sites\/4\/2013\/04\/retraite-foule.jpg\",\"contentUrl\":\"https:\/\/www.toutsurmesfinances.com\/retraite\/wp-content\/uploads\/sites\/4\/2013\/04\/retraite-foule.jpg\",\"width\":480,\"height\":360,\"caption\":\"Les enseignants du priv\u00e9 pourraient voir leur retraite amputer de 80 \u00e0 170 euros par mois\"},{\"@type\":\"BreadcrumbList\",\"@id\":\"https:\/\/www.toutsurmesfinances.com\/retraite\/retraites-les-enseignants-du-prive-vont-connaitre-une-baisse-de-leurs-pensions.html#breadcrumb\",\"itemListElement\":[{\"@type\":\"ListItem\",\"position\":1,\"name\":\"Accueil\",\"item\":\"https:\/\/www.toutsurmesfinances.com\/retraite\/\"},{\"@type\":\"ListItem\",\"position\":2,\"name\":\"Pension\",\"item\":\"https:\/\/www.toutsurmesfinances.com\/retraite\/c\/pension\"},{\"@type\":\"ListItem\",\"position\":3,\"name\":\"Pension de retraite\",\"item\":\"https:\/\/www.toutsurmesfinances.com\/retraite\/c\/pension-de-retraite\"},{\"@type\":\"ListItem\",\"position\":4,\"name\":\"Retraites : les enseignants du priv\u00e9 vont connaitre une baisse de leurs pensions\"}]},{\"@type\":\"WebSite\",\"@id\":\"https:\/\/www.toutsurmesfinances.com\/retraite\/#website\",\"url\":\"https:\/\/www.toutsurmesfinances.com\/retraite\/\",\"name\":\"Retraite\",\"description\":\"\",\"publisher\":{\"@id\":\"https:\/\/www.toutsurmesfinances.com\/retraite\/#organization\"},\"potentialAction\":[{\"@type\":\"SearchAction\",\"target\":{\"@type\":\"EntryPoint\",\"urlTemplate\":\"https:\/\/www.toutsurmesfinances.com\/retraite\/?s={search_term_string}\"},\"query-input\":{\"@type\":\"PropertyValueSpecification\",\"valueRequired\":true,\"valueName\":\"search_term_string\"}}],\"inLanguage\":\"fr-FR\"},{\"@type\":\"Organization\",\"@id\":\"https:\/\/www.toutsurmesfinances.com\/retraite\/#organization\",\"name\":\"Tout Sur Mes Finances\",\"url\":\"https:\/\/www.toutsurmesfinances.com\/retraite\/\",\"logo\":{\"@type\":\"ImageObject\",\"inLanguage\":\"fr-FR\",\"@id\":\"https:\/\/www.toutsurmesfinances.com\/retraite\/#\/schema\/logo\/image\/\",\"url\":\"https:\/\/www.toutsurmesfinances.com\/retraite\/wp-content\/uploads\/sites\/4\/2021\/01\/favicon.png\",\"contentUrl\":\"https:\/\/www.toutsurmesfinances.com\/retraite\/wp-content\/uploads\/sites\/4\/2021\/01\/favicon.png\",\"width\":512,\"height\":512,\"caption\":\"Tout Sur Mes Finances\"},\"image\":{\"@id\":\"https:\/\/www.toutsurmesfinances.com\/retraite\/#\/schema\/logo\/image\/\"},\"sameAs\":[\"https:\/\/x.com\/Toutsur\"]},{\"@type\":\"Person\",\"@id\":\"https:\/\/www.toutsurmesfinances.com\/retraite\/#\/schema\/person\/addc9e9b3978fa7947ead71bab57694c\",\"name\":\"Jean-Philippe Dubosc\",\"image\":{\"@type\":\"ImageObject\",\"inLanguage\":\"fr-FR\",\"@id\":\"https:\/\/www.toutsurmesfinances.com\/retraite\/#\/schema\/person\/image\/\",\"url\":\"https:\/\/secure.gravatar.com\/avatar\/a3cba30cdda1afe79f6ebffc6e952291?s=96&d=mm&r=g\",\"contentUrl\":\"https:\/\/secure.gravatar.com\/avatar\/a3cba30cdda1afe79f6ebffc6e952291?s=96&d=mm&r=g\",\"caption\":\"Jean-Philippe Dubosc\"},\"description\":\"Jean-Philippe Dubosc est r\u00e9dacteur en chef de ToutSurMesFinances.com et sp\u00e9cialiste des questions de retraite obligatoire et d\u2019\u00e9pargne. Pr\u00e9sent au sein du m\u00e9dia depuis plus de 13 ans, il analyse les r\u00e9formes, les dispositifs r\u00e9glementaires et les strat\u00e9gies de d\u00e9part \u00e0 la retraite, avec une approche fond\u00e9e sur une lecture rigoureuse des textes et une connaissance approfondie des diff\u00e9rents r\u00e9gimes de retraite.\",\"sameAs\":[\"https:\/\/www.toutsurmesfinances.com\/author\/jpdubosc\",\"https:\/\/fr.linkedin.com\/in\/jpdubosc\"]}]}<\/script>\n<!-- \/ Yoast SEO plugin. -->","yoast_head_json":{"title":"Retraites : les enseignants du priv\u00e9 vont connaitre une baisse de leurs pensions","description":"Les pensions vers\u00e9es au titre de la retraite additionnelle des enseignants des \u00e9tablissements priv\u00e9s sous contrat ne vont pas \u00eatre revaloris\u00e9es de 10% comme pr\u00e9vu cette ann\u00e9e. Un gel qui, selon les syndicats, va se traduire par un manque \u00e0 gagner de 100 e","robots":{"index":"index","follow":"follow","max-snippet":"max-snippet:-1","max-image-preview":"max-image-preview:large","max-video-preview":"max-video-preview:-1"},"canonical":"https:\/\/www.toutsurmesfinances.com\/retraite\/retraites-les-enseignants-du-prive-vont-connaitre-une-baisse-de-leurs-pensions.html","og_locale":"fr_FR","og_type":"article","og_title":"Retraites : les enseignants du priv\u00e9 vont connaitre une baisse de leurs pensions","og_description":"Les pensions vers\u00e9es au titre de la retraite additionnelle des enseignants des \u00e9tablissements priv\u00e9s sous contrat ne vont pas \u00eatre revaloris\u00e9es de 10% comme pr\u00e9vu cette ann\u00e9e. Un gel qui, selon les syndicats, va se traduire par un manque \u00e0 gagner de 100 e","og_url":"https:\/\/www.toutsurmesfinances.com\/retraite\/retraites-les-enseignants-du-prive-vont-connaitre-une-baisse-de-leurs-pensions.html","og_site_name":"Retraite","article_published_time":"2013-04-12T06:48:25+00:00","article_modified_time":"2021-12-08T14:33:17+00:00","og_image":[{"width":480,"height":360,"url":"https:\/\/www.toutsurmesfinances.com\/retraite\/wp-content\/uploads\/sites\/4\/2013\/04\/retraite-foule.jpg","type":"image\/jpeg"}],"author":"Jean-Philippe Dubosc","twitter_card":"summary_large_image","twitter_creator":"@Toutsur","twitter_site":"@Toutsur","twitter_misc":{"\u00c9crit par":"Jean-Philippe Dubosc","Dur\u00e9e de lecture estim\u00e9e":"3 minutes"},"schema":{"@context":"https:\/\/schema.org","@graph":[{"@type":"Article","@id":"https:\/\/www.toutsurmesfinances.com\/retraite\/retraites-les-enseignants-du-prive-vont-connaitre-une-baisse-de-leurs-pensions.html#article","isPartOf":{"@id":"https:\/\/www.toutsurmesfinances.com\/retraite\/retraites-les-enseignants-du-prive-vont-connaitre-une-baisse-de-leurs-pensions.html"},"author":{"name":"Jean-Philippe Dubosc","@id":"https:\/\/www.toutsurmesfinances.com\/retraite\/#\/schema\/person\/addc9e9b3978fa7947ead71bab57694c"},"headline":"Retraites : les enseignants du priv\u00e9 vont connaitre une baisse de leurs pensions","dateModified":"2021-12-08T14:33:17+00:00","mainEntityOfPage":{"@id":"https:\/\/www.toutsurmesfinances.com\/retraite\/retraites-les-enseignants-du-prive-vont-connaitre-une-baisse-de-leurs-pensions.html"},"wordCount":544,"publisher":{"@id":"https:\/\/www.toutsurmesfinances.com\/retraite\/#organization"},"image":{"@id":"https:\/\/www.toutsurmesfinances.com\/retraite\/retraites-les-enseignants-du-prive-vont-connaitre-une-baisse-de-leurs-pensions.html#primaryimage"},"thumbnailUrl":"https:\/\/www.toutsurmesfinances.com\/retraite\/wp-content\/uploads\/sites\/4\/2013\/04\/retraite-foule.jpg","articleSection":["Pension de retraite"],"inLanguage":"fr-FR"},{"@type":"WebPage","@id":"https:\/\/www.toutsurmesfinances.com\/retraite\/retraites-les-enseignants-du-prive-vont-connaitre-une-baisse-de-leurs-pensions.html","url":"https:\/\/www.toutsurmesfinances.com\/retraite\/retraites-les-enseignants-du-prive-vont-connaitre-une-baisse-de-leurs-pensions.html","name":"Retraites : les enseignants du priv\u00e9 vont connaitre une baisse de leurs pensions","isPartOf":{"@id":"https:\/\/www.toutsurmesfinances.com\/retraite\/#website"},"primaryImageOfPage":{"@id":"https:\/\/www.toutsurmesfinances.com\/retraite\/retraites-les-enseignants-du-prive-vont-connaitre-une-baisse-de-leurs-pensions.html#primaryimage"},"image":{"@id":"https:\/\/www.toutsurmesfinances.com\/retraite\/retraites-les-enseignants-du-prive-vont-connaitre-une-baisse-de-leurs-pensions.html#primaryimage"},"thumbnailUrl":"https:\/\/www.toutsurmesfinances.com\/retraite\/wp-content\/uploads\/sites\/4\/2013\/04\/retraite-foule.jpg","dateModified":"2021-12-08T14:33:17+00:00","description":"Les pensions vers\u00e9es au titre de la retraite additionnelle des enseignants des \u00e9tablissements priv\u00e9s sous contrat ne vont pas \u00eatre revaloris\u00e9es de 10% comme pr\u00e9vu cette ann\u00e9e. Un gel qui, selon les syndicats, va se traduire par un manque \u00e0 gagner de 100 e","breadcrumb":{"@id":"https:\/\/www.toutsurmesfinances.com\/retraite\/retraites-les-enseignants-du-prive-vont-connaitre-une-baisse-de-leurs-pensions.html#breadcrumb"},"inLanguage":"fr-FR","potentialAction":[{"@type":"ReadAction","target":["https:\/\/www.toutsurmesfinances.com\/retraite\/retraites-les-enseignants-du-prive-vont-connaitre-une-baisse-de-leurs-pensions.html"]}]},{"@type":"ImageObject","inLanguage":"fr-FR","@id":"https:\/\/www.toutsurmesfinances.com\/retraite\/retraites-les-enseignants-du-prive-vont-connaitre-une-baisse-de-leurs-pensions.html#primaryimage","url":"https:\/\/www.toutsurmesfinances.com\/retraite\/wp-content\/uploads\/sites\/4\/2013\/04\/retraite-foule.jpg","contentUrl":"https:\/\/www.toutsurmesfinances.com\/retraite\/wp-content\/uploads\/sites\/4\/2013\/04\/retraite-foule.jpg","width":480,"height":360,"caption":"Les enseignants du priv\u00e9 pourraient voir leur retraite amputer de 80 \u00e0 170 euros par mois"},{"@type":"BreadcrumbList","@id":"https:\/\/www.toutsurmesfinances.com\/retraite\/retraites-les-enseignants-du-prive-vont-connaitre-une-baisse-de-leurs-pensions.html#breadcrumb","itemListElement":[{"@type":"ListItem","position":1,"name":"Accueil","item":"https:\/\/www.toutsurmesfinances.com\/retraite\/"},{"@type":"ListItem","position":2,"name":"Pension","item":"https:\/\/www.toutsurmesfinances.com\/retraite\/c\/pension"},{"@type":"ListItem","position":3,"name":"Pension de retraite","item":"https:\/\/www.toutsurmesfinances.com\/retraite\/c\/pension-de-retraite"},{"@type":"ListItem","position":4,"name":"Retraites : les enseignants du priv\u00e9 vont connaitre une baisse de leurs pensions"}]},{"@type":"WebSite","@id":"https:\/\/www.toutsurmesfinances.com\/retraite\/#website","url":"https:\/\/www.toutsurmesfinances.com\/retraite\/","name":"Retraite","description":"","publisher":{"@id":"https:\/\/www.toutsurmesfinances.com\/retraite\/#organization"},"potentialAction":[{"@type":"SearchAction","target":{"@type":"EntryPoint","urlTemplate":"https:\/\/www.toutsurmesfinances.com\/retraite\/?s={search_term_string}"},"query-input":{"@type":"PropertyValueSpecification","valueRequired":true,"valueName":"search_term_string"}}],"inLanguage":"fr-FR"},{"@type":"Organization","@id":"https:\/\/www.toutsurmesfinances.com\/retraite\/#organization","name":"Tout Sur Mes Finances","url":"https:\/\/www.toutsurmesfinances.com\/retraite\/","logo":{"@type":"ImageObject","inLanguage":"fr-FR","@id":"https:\/\/www.toutsurmesfinances.com\/retraite\/#\/schema\/logo\/image\/","url":"https:\/\/www.toutsurmesfinances.com\/retraite\/wp-content\/uploads\/sites\/4\/2021\/01\/favicon.png","contentUrl":"https:\/\/www.toutsurmesfinances.com\/retraite\/wp-content\/uploads\/sites\/4\/2021\/01\/favicon.png","width":512,"height":512,"caption":"Tout Sur Mes Finances"},"image":{"@id":"https:\/\/www.toutsurmesfinances.com\/retraite\/#\/schema\/logo\/image\/"},"sameAs":["https:\/\/x.com\/Toutsur"]},{"@type":"Person","@id":"https:\/\/www.toutsurmesfinances.com\/retraite\/#\/schema\/person\/addc9e9b3978fa7947ead71bab57694c","name":"Jean-Philippe Dubosc","image":{"@type":"ImageObject","inLanguage":"fr-FR","@id":"https:\/\/www.toutsurmesfinances.com\/retraite\/#\/schema\/person\/image\/","url":"https:\/\/secure.gravatar.com\/avatar\/a3cba30cdda1afe79f6ebffc6e952291?s=96&d=mm&r=g","contentUrl":"https:\/\/secure.gravatar.com\/avatar\/a3cba30cdda1afe79f6ebffc6e952291?s=96&d=mm&r=g","caption":"Jean-Philippe Dubosc"},"description":"Jean-Philippe Dubosc est r\u00e9dacteur en chef de ToutSurMesFinances.com et sp\u00e9cialiste des questions de retraite obligatoire et d\u2019\u00e9pargne. Pr\u00e9sent au sein du m\u00e9dia depuis plus de 13 ans, il analyse les r\u00e9formes, les dispositifs r\u00e9glementaires et les strat\u00e9gies de d\u00e9part \u00e0 la retraite, avec une approche fond\u00e9e sur une lecture rigoureuse des textes et une connaissance approfondie des diff\u00e9rents r\u00e9gimes de retraite.","sameAs":["https:\/\/www.toutsurmesfinances.com\/author\/jpdubosc","https:\/\/fr.linkedin.com\/in\/jpdubosc"]}]}},"_links":{"self":[{"href":"https:\/\/www.toutsurmesfinances.com\/retraite\/wp-json\/wp\/v2\/posts\/18827","targetHints":{"allow":["GET"]}}],"collection":[{"href":"https:\/\/www.toutsurmesfinances.com\/retraite\/wp-json\/wp\/v2\/posts"}],"about":[{"href":"https:\/\/www.toutsurmesfinances.com\/retraite\/wp-json\/wp\/v2\/types\/post"}],"author":[{"embeddable":true,"href":"https:\/\/www.toutsurmesfinances.com\/retraite\/wp-json\/wp\/v2\/users\/13713"}],"replies":[{"embeddable":true,"href":"https:\/\/www.toutsurmesfinances.com\/retraite\/wp-json\/wp\/v2\/comments?post=18827"}],"version-history":[{"count":2,"href":"https:\/\/www.toutsurmesfinances.com\/retraite\/wp-json\/wp\/v2\/posts\/18827\/revisions"}],"predecessor-version":[{"id":30578,"href":"https:\/\/www.toutsurmesfinances.com\/retraite\/wp-json\/wp\/v2\/posts\/18827\/revisions\/30578"}],"wp:featuredmedia":[{"embeddable":true,"href":"https:\/\/www.toutsurmesfinances.com\/retraite\/wp-json\/wp\/v2\/media\/18826"}],"wp:attachment":[{"href":"https:\/\/www.toutsurmesfinances.com\/retraite\/wp-json\/wp\/v2\/media?parent=18827"}],"wp:term":[{"taxonomy":"category","embeddable":true,"href":"https:\/\/www.toutsurmesfinances.com\/retraite\/wp-json\/wp\/v2\/categories?post=18827"},{"taxonomy":"post_tag","embeddable":true,"href":"https:\/\/www.toutsurmesfinances.com\/retraite\/wp-json\/wp\/v2\/tags?post=18827"}],"curies":[{"name":"wp","href":"https:\/\/api.w.org\/{rel}","templated":true}]}}