{"id":18839,"date":"2013-04-18T14:54:30","date_gmt":"2013-04-18T12:54:30","guid":{"rendered":"https:\/\/www.toutsurmesfinances.com\/retraite\/marins-retraites-entre-travail-et-retraite-il-faut-desormais-choisir.html"},"modified":"2013-04-18T15:15:33","modified_gmt":"2013-04-18T15:15:33","slug":"marins-retraites-entre-travail-et-retraite-il-faut-desormais-choisir","status":"publish","type":"post","link":"https:\/\/www.toutsurmesfinances.com\/retraite\/marins-retraites-entre-travail-et-retraite-il-faut-desormais-choisir.html","title":{"rendered":"Marins retrait\u00e9s : entre travail et retraite, il faut d\u00e9sormais choisir"},"content":{"rendered":"\n<p>&nbsp;<\/p>\n<p>Les marins retrait\u00e9s ne peuvent plus continuer \u00e0 garder&#8230; leur emploi. Une circulaire minist\u00e9rielle, dat\u00e9e du 12 f\u00e9vrier 2013 et publi\u00e9e au Bulletin officiel du minist\u00e8re de l&rsquo;Ecologie, du D\u00e9veloppement durable et de l&rsquo;Energie, restreint fortement les possibilit\u00e9s pour les p\u00eacheurs et les navigants de la marine marchande de cumuler une pension et leur salaire.<br \/>A l&rsquo;exception du personnel \u00e0 terre, les marins pouvaient jusqu&rsquo;ici demander leur retraite \u00e0 55 ans sans pour autant cesser leur activit\u00e9. Un arr\u00eat de la chambre sociale de la Cour de cassation du 22 septembre 2011 a mis fin \u00e0 cette situation quelque peu ubuesque. La Haute juridiction qui avait \u00e0 juger une affaire opposant un armateur et un matelot, ayant fait valoir ses droits \u00e0 la retraite tout en ne quittant pas son emploi, a estim\u00e9 que ce dernier <em>\u00ab avait mis volontairement fin \u00e0 son contrat de travail par son d\u00e9part \u00e0 la retraite, peu important qu&rsquo;il puisse reprendre \u00e0 certaines conditions une activit\u00e9 r\u00e9mun\u00e9r\u00e9e \u00bb.<\/em><\/p>\n<h2><span class=\"ez-toc-section\" id=\"Delai_de_carence_et_plafond\"><\/span>D\u00e9lai de carence et plafond<span class=\"ez-toc-section-end\"><\/span><\/h2>\n<p>La circulaire, envoy\u00e9e aux pr\u00e9fets et aux directeurs d\u00e9partementaux des territoires et de la mer, vient compl\u00e9ter et pr\u00e9ciser l&rsquo;arr\u00eat de la Cour. Dor\u00e9navant, <em>\u00ab l&rsquo;entr\u00e9e en jouissance de la pension de retraite du marin est toujours li\u00e9e \u00e0 la cessation de l&rsquo;activit\u00e9 jusqu&rsquo;alors exerc\u00e9e par le marin et [..] par son d\u00e9part \u00e0 la retraite, le marin salari\u00e9 met fin volontairement au contrat de travail qui le lie \u00e0 son employeur \u00bb<\/em>. En clair : le nouveau retrait\u00e9 doit d\u00e9missionner de son poste.<br \/>Il peut, toutefois, reprendre une activit\u00e9 <em>\u00ab mais il contracte alors un nouveau contrat de travail \u00bb<\/em>. En outre, la circulaire ajoute deux garde-fous. S&rsquo;il reste chez le m\u00eame employeur, un d\u00e9lai de carence de six mois doit \u00eatre respect\u00e9 entre le moment o\u00f9 il demande ses droits \u00e0 la retraite et sa reprise d&rsquo;activit\u00e9. Surtout, le montant cumul\u00e9 de sa pension et de son nouveau salaire ne peut d\u00e9passer celui de son ancienne r\u00e9mun\u00e9ration.<\/p>\n<h2><span class=\"ez-toc-section\" id=\"Pas_de_sanction_prevue\"><\/span>Pas de sanction pr\u00e9vue<span class=\"ez-toc-section-end\"><\/span><\/h2>\n<p>La F\u00e9d\u00e9ration CGT des marins se r\u00e9jouit des mesures instaur\u00e9es par la circulaire qui concernent, en r\u00e9alit\u00e9, essentiellement la marine marchande (peu de pr\u00eacheurs souhaitent \u00e0 55 ans continuer \u00e0 travailler). <em>\u00ab Le maintien des marins retrait\u00e9s en activit\u00e9 limite le recrutement des jeunes \u00bb,<\/em> regrette Jean-Philippe Chateil, secr\u00e9taire g\u00e9n\u00e9ral adjoint de la FOMM-UGICT CGT. Ce serait particuli\u00e8rement vrai chez les officiers. <em>\u00ab La r\u00e9glementation fran\u00e7aise oblige les p\u00e9troliers \u00e0 ce que leurs capitaines et leur second, ainsi que leurs chef m\u00e9caniciens et leur second, cumulent ensemble au moins cinq ans d&rsquo;exp\u00e9rience. Ce qui les incite \u00e0 garder leurs officiers apr\u00e8s 55 ans \u00bb<\/em>, explique Jean-Philippe Chateil.<br \/>Selon le syndicaliste, l&rsquo;Etablissement national des invalides de la marine (Enim), qui g\u00e8re \u00e0 la fois la couverture sant\u00e9 et les retraites des marins, trouverait \u00e9galement son compte dans cette situation. <em>\u00ab En restant en activit\u00e9, les officiers retrait\u00e9s continuent \u00e0 cotiser, qui plus est \u00e0 de hauts niveaux de salaire \u00bb,<\/em> souligne Jean-Philippe Chateil. Contact\u00e9e, le service juridique de l&rsquo;Enim n&rsquo;a pas souhait\u00e9 s&rsquo;exprimer, estimant ne pas avoir encore assez d&rsquo;\u00e9l\u00e9ments pour r\u00e9pondre. Il est \u00e0 noter que la circulaire ne pr\u00e9voit aucune sanction en cas de manquement \u00e0 la d\u00e9claration de cessation d&rsquo;activit\u00e9 pour les marins retrait\u00e9s qui restent actifs.<\/p>\n","protected":false},"excerpt":{"rendered":"<p>Les p\u00eacheurs et navigants de la marine marchande pouvaient jusqu&rsquo;\u00e0 pr\u00e9sent prendre leur retraite \u00e0 55 ans tout en restant \u00e0 leur poste. Une circulaire vient limiter cette situation incongrue.<\/p>\n","protected":false},"author":13713,"featured_media":18838,"comment_status":"closed","ping_status":"closed","sticky":false,"template":"","format":"standard","meta":{"footnotes":""},"categories":[11],"tags":[],"class_list":["post-18839","post","type-post","status-publish","format-standard","has-post-thumbnail","hentry","category-droits-a-la-retraite"],"acf":[],"yoast_head":"<!-- This site is optimized with the Yoast SEO plugin v24.9 - https:\/\/yoast.com\/wordpress\/plugins\/seo\/ -->\n<title>Marins retrait\u00e9s : entre travail et retraite, il faut d\u00e9sormais choisir<\/title>\n<meta name=\"description\" content=\"Les p\u00eacheurs et navigants de la marine marchande pouvaient jusqu&#039;\u00e0 pr\u00e9sent prendre leur retraite \u00e0 55 ans tout en restant \u00e0 leur poste. Une circulaire vient limiter cette situation incongrue.\" \/>\n<meta name=\"robots\" content=\"index, follow, max-snippet:-1, max-image-preview:large, max-video-preview:-1\" \/>\n<link rel=\"canonical\" href=\"https:\/\/www.toutsurmesfinances.com\/retraite\/marins-retraites-entre-travail-et-retraite-il-faut-desormais-choisir.html\" \/>\n<meta property=\"og:locale\" content=\"fr_FR\" \/>\n<meta property=\"og:type\" content=\"article\" \/>\n<meta property=\"og:title\" content=\"Marins retrait\u00e9s : entre travail et retraite, il faut d\u00e9sormais choisir\" \/>\n<meta property=\"og:description\" content=\"Les p\u00eacheurs et navigants de la marine marchande pouvaient jusqu&#039;\u00e0 pr\u00e9sent prendre leur retraite \u00e0 55 ans tout en restant \u00e0 leur poste. Une circulaire vient limiter cette situation incongrue.\" \/>\n<meta property=\"og:url\" content=\"https:\/\/www.toutsurmesfinances.com\/retraite\/marins-retraites-entre-travail-et-retraite-il-faut-desormais-choisir.html\" \/>\n<meta property=\"og:site_name\" content=\"Retraite\" \/>\n<meta property=\"article:published_time\" content=\"2013-04-18T12:54:30+00:00\" \/>\n<meta property=\"article:modified_time\" content=\"2013-04-18T15:15:33+00:00\" \/>\n<meta property=\"og:image\" content=\"https:\/\/www.toutsurmesfinances.com\/retraite\/wp-content\/uploads\/sites\/4\/2013\/04\/marins.jpg\" \/>\n\t<meta property=\"og:image:width\" content=\"480\" \/>\n\t<meta property=\"og:image:height\" content=\"360\" \/>\n\t<meta property=\"og:image:type\" content=\"image\/jpeg\" \/>\n<meta name=\"author\" content=\"Jean-Philippe Dubosc\" \/>\n<meta name=\"twitter:card\" content=\"summary_large_image\" \/>\n<meta name=\"twitter:creator\" content=\"@Toutsur\" \/>\n<meta name=\"twitter:site\" content=\"@Toutsur\" \/>\n<meta name=\"twitter:label1\" content=\"\u00c9crit par\" \/>\n\t<meta name=\"twitter:data1\" content=\"Jean-Philippe Dubosc\" \/>\n\t<meta name=\"twitter:label2\" content=\"Dur\u00e9e de lecture estim\u00e9e\" \/>\n\t<meta name=\"twitter:data2\" content=\"3 minutes\" \/>\n<script type=\"application\/ld+json\" class=\"yoast-schema-graph\">{\"@context\":\"https:\/\/schema.org\",\"@graph\":[{\"@type\":\"Article\",\"@id\":\"https:\/\/www.toutsurmesfinances.com\/retraite\/marins-retraites-entre-travail-et-retraite-il-faut-desormais-choisir.html#article\",\"isPartOf\":{\"@id\":\"https:\/\/www.toutsurmesfinances.com\/retraite\/marins-retraites-entre-travail-et-retraite-il-faut-desormais-choisir.html\"},\"author\":{\"name\":\"Jean-Philippe Dubosc\",\"@id\":\"https:\/\/www.toutsurmesfinances.com\/retraite\/#\/schema\/person\/addc9e9b3978fa7947ead71bab57694c\"},\"headline\":\"Marins retrait\u00e9s : entre travail et retraite, il faut d\u00e9sormais choisir\",\"dateModified\":\"2013-04-18T15:15:33+00:00\",\"mainEntityOfPage\":{\"@id\":\"https:\/\/www.toutsurmesfinances.com\/retraite\/marins-retraites-entre-travail-et-retraite-il-faut-desormais-choisir.html\"},\"wordCount\":587,\"publisher\":{\"@id\":\"https:\/\/www.toutsurmesfinances.com\/retraite\/#organization\"},\"image\":{\"@id\":\"https:\/\/www.toutsurmesfinances.com\/retraite\/marins-retraites-entre-travail-et-retraite-il-faut-desormais-choisir.html#primaryimage\"},\"thumbnailUrl\":\"https:\/\/www.toutsurmesfinances.com\/retraite\/wp-content\/uploads\/sites\/4\/2013\/04\/marins.jpg\",\"articleSection\":[\"Droits \u00e0 la retraite\"],\"inLanguage\":\"fr-FR\"},{\"@type\":\"WebPage\",\"@id\":\"https:\/\/www.toutsurmesfinances.com\/retraite\/marins-retraites-entre-travail-et-retraite-il-faut-desormais-choisir.html\",\"url\":\"https:\/\/www.toutsurmesfinances.com\/retraite\/marins-retraites-entre-travail-et-retraite-il-faut-desormais-choisir.html\",\"name\":\"Marins retrait\u00e9s : entre travail et retraite, il faut d\u00e9sormais choisir\",\"isPartOf\":{\"@id\":\"https:\/\/www.toutsurmesfinances.com\/retraite\/#website\"},\"primaryImageOfPage\":{\"@id\":\"https:\/\/www.toutsurmesfinances.com\/retraite\/marins-retraites-entre-travail-et-retraite-il-faut-desormais-choisir.html#primaryimage\"},\"image\":{\"@id\":\"https:\/\/www.toutsurmesfinances.com\/retraite\/marins-retraites-entre-travail-et-retraite-il-faut-desormais-choisir.html#primaryimage\"},\"thumbnailUrl\":\"https:\/\/www.toutsurmesfinances.com\/retraite\/wp-content\/uploads\/sites\/4\/2013\/04\/marins.jpg\",\"dateModified\":\"2013-04-18T15:15:33+00:00\",\"description\":\"Les p\u00eacheurs et navigants de la marine marchande pouvaient jusqu'\u00e0 pr\u00e9sent prendre leur retraite \u00e0 55 ans tout en restant \u00e0 leur poste. Une circulaire vient limiter cette situation incongrue.\",\"breadcrumb\":{\"@id\":\"https:\/\/www.toutsurmesfinances.com\/retraite\/marins-retraites-entre-travail-et-retraite-il-faut-desormais-choisir.html#breadcrumb\"},\"inLanguage\":\"fr-FR\",\"potentialAction\":[{\"@type\":\"ReadAction\",\"target\":[\"https:\/\/www.toutsurmesfinances.com\/retraite\/marins-retraites-entre-travail-et-retraite-il-faut-desormais-choisir.html\"]}]},{\"@type\":\"ImageObject\",\"inLanguage\":\"fr-FR\",\"@id\":\"https:\/\/www.toutsurmesfinances.com\/retraite\/marins-retraites-entre-travail-et-retraite-il-faut-desormais-choisir.html#primaryimage\",\"url\":\"https:\/\/www.toutsurmesfinances.com\/retraite\/wp-content\/uploads\/sites\/4\/2013\/04\/marins.jpg\",\"contentUrl\":\"https:\/\/www.toutsurmesfinances.com\/retraite\/wp-content\/uploads\/sites\/4\/2013\/04\/marins.jpg\",\"width\":480,\"height\":360,\"caption\":\"Les navigants de la marine marchande ne peuvent plus, \u00e0 partir de 55 ans, cumuler une pension et leur emploi\"},{\"@type\":\"BreadcrumbList\",\"@id\":\"https:\/\/www.toutsurmesfinances.com\/retraite\/marins-retraites-entre-travail-et-retraite-il-faut-desormais-choisir.html#breadcrumb\",\"itemListElement\":[{\"@type\":\"ListItem\",\"position\":1,\"name\":\"Accueil\",\"item\":\"https:\/\/www.toutsurmesfinances.com\/retraite\/\"},{\"@type\":\"ListItem\",\"position\":2,\"name\":\"Droits\",\"item\":\"https:\/\/www.toutsurmesfinances.com\/retraite\/c\/droits\"},{\"@type\":\"ListItem\",\"position\":3,\"name\":\"Droits \u00e0 la retraite\",\"item\":\"https:\/\/www.toutsurmesfinances.com\/retraite\/c\/droits-a-la-retraite\"},{\"@type\":\"ListItem\",\"position\":4,\"name\":\"Marins retrait\u00e9s : entre travail et retraite, il faut d\u00e9sormais choisir\"}]},{\"@type\":\"WebSite\",\"@id\":\"https:\/\/www.toutsurmesfinances.com\/retraite\/#website\",\"url\":\"https:\/\/www.toutsurmesfinances.com\/retraite\/\",\"name\":\"Retraite\",\"description\":\"\",\"publisher\":{\"@id\":\"https:\/\/www.toutsurmesfinances.com\/retraite\/#organization\"},\"potentialAction\":[{\"@type\":\"SearchAction\",\"target\":{\"@type\":\"EntryPoint\",\"urlTemplate\":\"https:\/\/www.toutsurmesfinances.com\/retraite\/?s={search_term_string}\"},\"query-input\":{\"@type\":\"PropertyValueSpecification\",\"valueRequired\":true,\"valueName\":\"search_term_string\"}}],\"inLanguage\":\"fr-FR\"},{\"@type\":\"Organization\",\"@id\":\"https:\/\/www.toutsurmesfinances.com\/retraite\/#organization\",\"name\":\"Tout Sur Mes Finances\",\"url\":\"https:\/\/www.toutsurmesfinances.com\/retraite\/\",\"logo\":{\"@type\":\"ImageObject\",\"inLanguage\":\"fr-FR\",\"@id\":\"https:\/\/www.toutsurmesfinances.com\/retraite\/#\/schema\/logo\/image\/\",\"url\":\"https:\/\/www.toutsurmesfinances.com\/retraite\/wp-content\/uploads\/sites\/4\/2021\/01\/favicon.png\",\"contentUrl\":\"https:\/\/www.toutsurmesfinances.com\/retraite\/wp-content\/uploads\/sites\/4\/2021\/01\/favicon.png\",\"width\":512,\"height\":512,\"caption\":\"Tout Sur Mes Finances\"},\"image\":{\"@id\":\"https:\/\/www.toutsurmesfinances.com\/retraite\/#\/schema\/logo\/image\/\"},\"sameAs\":[\"https:\/\/x.com\/Toutsur\"]},{\"@type\":\"Person\",\"@id\":\"https:\/\/www.toutsurmesfinances.com\/retraite\/#\/schema\/person\/addc9e9b3978fa7947ead71bab57694c\",\"name\":\"Jean-Philippe Dubosc\",\"image\":{\"@type\":\"ImageObject\",\"inLanguage\":\"fr-FR\",\"@id\":\"https:\/\/www.toutsurmesfinances.com\/retraite\/#\/schema\/person\/image\/\",\"url\":\"https:\/\/secure.gravatar.com\/avatar\/a3cba30cdda1afe79f6ebffc6e952291?s=96&d=mm&r=g\",\"contentUrl\":\"https:\/\/secure.gravatar.com\/avatar\/a3cba30cdda1afe79f6ebffc6e952291?s=96&d=mm&r=g\",\"caption\":\"Jean-Philippe Dubosc\"},\"description\":\"Jean-Philippe Dubosc est r\u00e9dacteur en chef de ToutSurMesFinances.com et sp\u00e9cialiste des questions de retraite obligatoire et d\u2019\u00e9pargne. Pr\u00e9sent au sein du m\u00e9dia depuis plus de 13 ans, il analyse les r\u00e9formes, les dispositifs r\u00e9glementaires et les strat\u00e9gies de d\u00e9part \u00e0 la retraite, avec une approche fond\u00e9e sur une lecture rigoureuse des textes et une connaissance approfondie des diff\u00e9rents r\u00e9gimes de retraite.\",\"sameAs\":[\"https:\/\/www.toutsurmesfinances.com\/author\/jpdubosc\",\"https:\/\/fr.linkedin.com\/in\/jpdubosc\"]}]}<\/script>\n<!-- \/ Yoast SEO plugin. -->","yoast_head_json":{"title":"Marins retrait\u00e9s : entre travail et retraite, il faut d\u00e9sormais choisir","description":"Les p\u00eacheurs et navigants de la marine marchande pouvaient jusqu'\u00e0 pr\u00e9sent prendre leur retraite \u00e0 55 ans tout en restant \u00e0 leur poste. Une circulaire vient limiter cette situation incongrue.","robots":{"index":"index","follow":"follow","max-snippet":"max-snippet:-1","max-image-preview":"max-image-preview:large","max-video-preview":"max-video-preview:-1"},"canonical":"https:\/\/www.toutsurmesfinances.com\/retraite\/marins-retraites-entre-travail-et-retraite-il-faut-desormais-choisir.html","og_locale":"fr_FR","og_type":"article","og_title":"Marins retrait\u00e9s : entre travail et retraite, il faut d\u00e9sormais choisir","og_description":"Les p\u00eacheurs et navigants de la marine marchande pouvaient jusqu'\u00e0 pr\u00e9sent prendre leur retraite \u00e0 55 ans tout en restant \u00e0 leur poste. Une circulaire vient limiter cette situation incongrue.","og_url":"https:\/\/www.toutsurmesfinances.com\/retraite\/marins-retraites-entre-travail-et-retraite-il-faut-desormais-choisir.html","og_site_name":"Retraite","article_published_time":"2013-04-18T12:54:30+00:00","article_modified_time":"2013-04-18T15:15:33+00:00","og_image":[{"width":480,"height":360,"url":"https:\/\/www.toutsurmesfinances.com\/retraite\/wp-content\/uploads\/sites\/4\/2013\/04\/marins.jpg","type":"image\/jpeg"}],"author":"Jean-Philippe Dubosc","twitter_card":"summary_large_image","twitter_creator":"@Toutsur","twitter_site":"@Toutsur","twitter_misc":{"\u00c9crit par":"Jean-Philippe Dubosc","Dur\u00e9e de lecture estim\u00e9e":"3 minutes"},"schema":{"@context":"https:\/\/schema.org","@graph":[{"@type":"Article","@id":"https:\/\/www.toutsurmesfinances.com\/retraite\/marins-retraites-entre-travail-et-retraite-il-faut-desormais-choisir.html#article","isPartOf":{"@id":"https:\/\/www.toutsurmesfinances.com\/retraite\/marins-retraites-entre-travail-et-retraite-il-faut-desormais-choisir.html"},"author":{"name":"Jean-Philippe Dubosc","@id":"https:\/\/www.toutsurmesfinances.com\/retraite\/#\/schema\/person\/addc9e9b3978fa7947ead71bab57694c"},"headline":"Marins retrait\u00e9s : entre travail et retraite, il faut d\u00e9sormais choisir","dateModified":"2013-04-18T15:15:33+00:00","mainEntityOfPage":{"@id":"https:\/\/www.toutsurmesfinances.com\/retraite\/marins-retraites-entre-travail-et-retraite-il-faut-desormais-choisir.html"},"wordCount":587,"publisher":{"@id":"https:\/\/www.toutsurmesfinances.com\/retraite\/#organization"},"image":{"@id":"https:\/\/www.toutsurmesfinances.com\/retraite\/marins-retraites-entre-travail-et-retraite-il-faut-desormais-choisir.html#primaryimage"},"thumbnailUrl":"https:\/\/www.toutsurmesfinances.com\/retraite\/wp-content\/uploads\/sites\/4\/2013\/04\/marins.jpg","articleSection":["Droits \u00e0 la retraite"],"inLanguage":"fr-FR"},{"@type":"WebPage","@id":"https:\/\/www.toutsurmesfinances.com\/retraite\/marins-retraites-entre-travail-et-retraite-il-faut-desormais-choisir.html","url":"https:\/\/www.toutsurmesfinances.com\/retraite\/marins-retraites-entre-travail-et-retraite-il-faut-desormais-choisir.html","name":"Marins retrait\u00e9s : entre travail et retraite, il faut d\u00e9sormais choisir","isPartOf":{"@id":"https:\/\/www.toutsurmesfinances.com\/retraite\/#website"},"primaryImageOfPage":{"@id":"https:\/\/www.toutsurmesfinances.com\/retraite\/marins-retraites-entre-travail-et-retraite-il-faut-desormais-choisir.html#primaryimage"},"image":{"@id":"https:\/\/www.toutsurmesfinances.com\/retraite\/marins-retraites-entre-travail-et-retraite-il-faut-desormais-choisir.html#primaryimage"},"thumbnailUrl":"https:\/\/www.toutsurmesfinances.com\/retraite\/wp-content\/uploads\/sites\/4\/2013\/04\/marins.jpg","dateModified":"2013-04-18T15:15:33+00:00","description":"Les p\u00eacheurs et navigants de la marine marchande pouvaient jusqu'\u00e0 pr\u00e9sent prendre leur retraite \u00e0 55 ans tout en restant \u00e0 leur poste. Une circulaire vient limiter cette situation incongrue.","breadcrumb":{"@id":"https:\/\/www.toutsurmesfinances.com\/retraite\/marins-retraites-entre-travail-et-retraite-il-faut-desormais-choisir.html#breadcrumb"},"inLanguage":"fr-FR","potentialAction":[{"@type":"ReadAction","target":["https:\/\/www.toutsurmesfinances.com\/retraite\/marins-retraites-entre-travail-et-retraite-il-faut-desormais-choisir.html"]}]},{"@type":"ImageObject","inLanguage":"fr-FR","@id":"https:\/\/www.toutsurmesfinances.com\/retraite\/marins-retraites-entre-travail-et-retraite-il-faut-desormais-choisir.html#primaryimage","url":"https:\/\/www.toutsurmesfinances.com\/retraite\/wp-content\/uploads\/sites\/4\/2013\/04\/marins.jpg","contentUrl":"https:\/\/www.toutsurmesfinances.com\/retraite\/wp-content\/uploads\/sites\/4\/2013\/04\/marins.jpg","width":480,"height":360,"caption":"Les navigants de la marine marchande ne peuvent plus, \u00e0 partir de 55 ans, cumuler une pension et leur emploi"},{"@type":"BreadcrumbList","@id":"https:\/\/www.toutsurmesfinances.com\/retraite\/marins-retraites-entre-travail-et-retraite-il-faut-desormais-choisir.html#breadcrumb","itemListElement":[{"@type":"ListItem","position":1,"name":"Accueil","item":"https:\/\/www.toutsurmesfinances.com\/retraite\/"},{"@type":"ListItem","position":2,"name":"Droits","item":"https:\/\/www.toutsurmesfinances.com\/retraite\/c\/droits"},{"@type":"ListItem","position":3,"name":"Droits \u00e0 la retraite","item":"https:\/\/www.toutsurmesfinances.com\/retraite\/c\/droits-a-la-retraite"},{"@type":"ListItem","position":4,"name":"Marins retrait\u00e9s : entre travail et retraite, il faut d\u00e9sormais choisir"}]},{"@type":"WebSite","@id":"https:\/\/www.toutsurmesfinances.com\/retraite\/#website","url":"https:\/\/www.toutsurmesfinances.com\/retraite\/","name":"Retraite","description":"","publisher":{"@id":"https:\/\/www.toutsurmesfinances.com\/retraite\/#organization"},"potentialAction":[{"@type":"SearchAction","target":{"@type":"EntryPoint","urlTemplate":"https:\/\/www.toutsurmesfinances.com\/retraite\/?s={search_term_string}"},"query-input":{"@type":"PropertyValueSpecification","valueRequired":true,"valueName":"search_term_string"}}],"inLanguage":"fr-FR"},{"@type":"Organization","@id":"https:\/\/www.toutsurmesfinances.com\/retraite\/#organization","name":"Tout Sur Mes Finances","url":"https:\/\/www.toutsurmesfinances.com\/retraite\/","logo":{"@type":"ImageObject","inLanguage":"fr-FR","@id":"https:\/\/www.toutsurmesfinances.com\/retraite\/#\/schema\/logo\/image\/","url":"https:\/\/www.toutsurmesfinances.com\/retraite\/wp-content\/uploads\/sites\/4\/2021\/01\/favicon.png","contentUrl":"https:\/\/www.toutsurmesfinances.com\/retraite\/wp-content\/uploads\/sites\/4\/2021\/01\/favicon.png","width":512,"height":512,"caption":"Tout Sur Mes Finances"},"image":{"@id":"https:\/\/www.toutsurmesfinances.com\/retraite\/#\/schema\/logo\/image\/"},"sameAs":["https:\/\/x.com\/Toutsur"]},{"@type":"Person","@id":"https:\/\/www.toutsurmesfinances.com\/retraite\/#\/schema\/person\/addc9e9b3978fa7947ead71bab57694c","name":"Jean-Philippe Dubosc","image":{"@type":"ImageObject","inLanguage":"fr-FR","@id":"https:\/\/www.toutsurmesfinances.com\/retraite\/#\/schema\/person\/image\/","url":"https:\/\/secure.gravatar.com\/avatar\/a3cba30cdda1afe79f6ebffc6e952291?s=96&d=mm&r=g","contentUrl":"https:\/\/secure.gravatar.com\/avatar\/a3cba30cdda1afe79f6ebffc6e952291?s=96&d=mm&r=g","caption":"Jean-Philippe Dubosc"},"description":"Jean-Philippe Dubosc est r\u00e9dacteur en chef de ToutSurMesFinances.com et sp\u00e9cialiste des questions de retraite obligatoire et d\u2019\u00e9pargne. Pr\u00e9sent au sein du m\u00e9dia depuis plus de 13 ans, il analyse les r\u00e9formes, les dispositifs r\u00e9glementaires et les strat\u00e9gies de d\u00e9part \u00e0 la retraite, avec une approche fond\u00e9e sur une lecture rigoureuse des textes et une connaissance approfondie des diff\u00e9rents r\u00e9gimes de retraite.","sameAs":["https:\/\/www.toutsurmesfinances.com\/author\/jpdubosc","https:\/\/fr.linkedin.com\/in\/jpdubosc"]}]}},"_links":{"self":[{"href":"https:\/\/www.toutsurmesfinances.com\/retraite\/wp-json\/wp\/v2\/posts\/18839","targetHints":{"allow":["GET"]}}],"collection":[{"href":"https:\/\/www.toutsurmesfinances.com\/retraite\/wp-json\/wp\/v2\/posts"}],"about":[{"href":"https:\/\/www.toutsurmesfinances.com\/retraite\/wp-json\/wp\/v2\/types\/post"}],"author":[{"embeddable":true,"href":"https:\/\/www.toutsurmesfinances.com\/retraite\/wp-json\/wp\/v2\/users\/13713"}],"replies":[{"embeddable":true,"href":"https:\/\/www.toutsurmesfinances.com\/retraite\/wp-json\/wp\/v2\/comments?post=18839"}],"version-history":[{"count":1,"href":"https:\/\/www.toutsurmesfinances.com\/retraite\/wp-json\/wp\/v2\/posts\/18839\/revisions"}],"predecessor-version":[{"id":25051,"href":"https:\/\/www.toutsurmesfinances.com\/retraite\/wp-json\/wp\/v2\/posts\/18839\/revisions\/25051"}],"wp:featuredmedia":[{"embeddable":true,"href":"https:\/\/www.toutsurmesfinances.com\/retraite\/wp-json\/wp\/v2\/media\/18838"}],"wp:attachment":[{"href":"https:\/\/www.toutsurmesfinances.com\/retraite\/wp-json\/wp\/v2\/media?parent=18839"}],"wp:term":[{"taxonomy":"category","embeddable":true,"href":"https:\/\/www.toutsurmesfinances.com\/retraite\/wp-json\/wp\/v2\/categories?post=18839"},{"taxonomy":"post_tag","embeddable":true,"href":"https:\/\/www.toutsurmesfinances.com\/retraite\/wp-json\/wp\/v2\/tags?post=18839"}],"curies":[{"name":"wp","href":"https:\/\/api.w.org\/{rel}","templated":true}]}}