{"id":18942,"date":"2013-05-21T11:26:55","date_gmt":"2013-05-21T09:26:55","guid":{"rendered":"https:\/\/www.toutsurmesfinances.com\/retraite\/la-retraite-anticipee-pour-les-travailleurs-de-l-amiante-etendue.html"},"modified":"2013-05-21T11:31:44","modified_gmt":"2013-05-21T11:31:44","slug":"la-retraite-anticipee-pour-les-travailleurs-de-l-amiante-etendue","status":"publish","type":"post","link":"https:\/\/www.toutsurmesfinances.com\/retraite\/la-retraite-anticipee-pour-les-travailleurs-de-l-amiante-etendue.html","title":{"rendered":"La retraite anticip\u00e9e pour les travailleurs de l&rsquo;amiante \u00e9tendue"},"content":{"rendered":"\n<p>&nbsp;<\/p>\n<p>&nbsp;Les ouvriers d&rsquo;Etat, les marins, les cheminots, les agents d&rsquo;EDF ou encore les fonctionnaires, expos\u00e9s \u00e0 l&rsquo;amiante, vont eux-aussi pouvoir partir \u00e0 la retraite plus t\u00f4t. Une<strong> circulaire<\/strong> de la Caisse nationale d&rsquo;assurance vieillesse (Cnav), dat\u00e9e du 7 mai 2013 et envoy\u00e9e aux directeurs des caisses d&rsquo;assurance retraite et de la sant\u00e9 au travail (Carsat) et des caisses g\u00e9n\u00e9rales de S\u00e9curit\u00e9 sociale, vient \u00e9largir sensiblement les modalit\u00e9s d&rsquo;application du dispositif de retraite anticip\u00e9e pour les travailleurs de l&rsquo;amiante (voir encadr\u00e9).<\/p>\n<p>La<strong> r\u00e9forme des retraites<\/strong> de 2010, qui a instaur\u00e9 un recul de l&rsquo;\u00e2ge l\u00e9gal de d\u00e9part \u00e0 62 ans et \u00e0 67 ans pour l&rsquo;\u00e2ge \u00e0 taux plein, a pr\u00e9vu que les titulaires de l&rsquo;<strong>allocation de cessation anticip\u00e9e des travailleurs de l&rsquo;amiante<\/strong> (ATA), n\u00e9s \u00e0 compter du 1er juillet 1951, puissent partir d\u00e8s 60 ans et au plus tard \u00e0 65 ans. Probl\u00e8me : cet avantage concernait uniquement les assur\u00e9s au r\u00e9gime g\u00e9n\u00e9ral (Cnav) et aux r\u00e9gimes affili\u00e9s (MSA salari\u00e9, RSI). La loi de financement de la S\u00e9curit\u00e9 sociale (LFSS) pour 2013 a \u00e9tendu le dispositif aux assur\u00e9s des autres r\u00e9gimes de retraite.<\/p>\n<p>&nbsp;<\/p>\n<h2><span class=\"ez-toc-section\" id=\"Des_marins_aux_agents_de_la_SNCF\"><\/span>Des marins aux agents de la SNCF<span class=\"ez-toc-section-end\"><\/span><\/h2>\n<p>La circulaire de la Cnav en pr\u00e9cise le nouveau p\u00e9rim\u00e8tre. Depuis le 1er janvier 2013, peuvent ainsi b\u00e9n\u00e9ficier du dispositif ATA les affili\u00e9s au Service des retraites de l&rsquo;Etat (SRE), \u00e0 la Caisse nationale de retraites des agents des collectivit\u00e9s locales (CNRACL), au Fonds sp\u00e9cial des pensions des ouvriers des \u00e9tablissements industriels de l&rsquo;\u00c9tat (FSPOEIE), \u00e0 l&rsquo;Etablissement national des invalides de la marine (ENIM), \u00e0 la Caisse autonome nationale de la s\u00e9curit\u00e9 sociale dans les mines (CANSSM), \u00e0 la Caisse de pr\u00e9voyance et de retraite de la soci\u00e9t\u00e9 nationale des chemins de fer fran\u00e7ais (CPRSNCF), \u00e0 la Caisse nationale de retraite des industries \u00e9lectriques et gazi\u00e8res (CNIEG), \u00e0 la Caisse de r\u00e9serve des employ\u00e9s de la Banque de France, \u00e0 la Caisse de retraite du personnel de la Com\u00e9die Fran\u00e7aise (CRPCF) et \u00e0 la Caisse de retraite des personnels de l&rsquo;Op\u00e9ra national de Paris.<\/p>\n<p>&nbsp;<\/p>\n<p>En d&rsquo;autres termes, les agents des trois fonctions publiques (d&rsquo;Etat, territoriale et hospitali\u00e8re), les ouvriers d&rsquo;Etat (travaillant pour la direction de l&rsquo;aviation civile, DCNS, Nexter&#8230;), les marins p\u00eacheurs et navigants de la marine marchande, les mineurs, les agents de la SNCF, d&rsquo;EDF, de GDF, de la Banque de France, de la Com\u00e9die fran\u00e7aise et de l&rsquo;Op\u00e9ra de Paris, titulaires de l&rsquo;ATA et n\u00e9s apr\u00e8s le 1er juillet 1951, peuvent d\u00e9sormais partir \u00e0 la retraite \u00e0 60 ans (s&rsquo;ils justifient des trimestres de cotisation requis) ou au plus tard, \u00e0 65 ans.<\/p>\n<h2><span class=\"ez-toc-section\" id=\"i\"><\/span>&nbsp;<span class=\"ez-toc-section-end\"><\/span><\/h2>\n<h2><span class=\"ez-toc-section\" id=\"Pas_de_cumul_avec_la_pension_dinvalidite\"><\/span>Pas de cumul avec la pension d&rsquo;invalidit\u00e9<span class=\"ez-toc-section-end\"><\/span><\/h2>\n<p>La circulaire de la Cnav insiste \u00e9galement sur le non cumul entre une retraite liquid\u00e9e avant l&rsquo;\u00e2ge l\u00e9gal en tant que titulaire de l&rsquo;ATA et une pension d&rsquo;invalidit\u00e9. <em>\u00ab Le service de la pension d&rsquo;invalidit\u00e9 est suspendu lorsque l&rsquo;assur\u00e9 b\u00e9n\u00e9ficie d&rsquo;une retraite en tant qu&rsquo;ancien b\u00e9n\u00e9ficiaire de l&rsquo;ATA \u00bb,<\/em> peut-on y lire. En revanche, les avantages accessoires sont maintenus, notamment la <strong>majoration<\/strong> pour tierce personne et l<strong>&lsquo;allocation suppl\u00e9mentaire d&rsquo;invalidit\u00e9<\/strong> (ASI). <em>\u00ab L&rsquo;attribution de la retraite avant l&rsquo;\u00e2ge l\u00e9gal en tant qu&rsquo;ancien b\u00e9n\u00e9ficiaire de l&rsquo;ATA et la suspension de la pension d&rsquo;invalidit\u00e9 ne font pas perdre la qualit\u00e9 d&rsquo;ex-invalide \u00e0 l&rsquo;assur\u00e9 qui maintient et\/ou pr\u00e9serve ses droits \u00e0 la majoration pour tierce personne et l&rsquo;allocation suppl\u00e9mentaire d&rsquo;invalidit\u00e9 \u00bb,<\/em> stipule le document.<\/p>\n<p>&nbsp;<\/p>\n<table style=\"background-color: #e0e0dd; width: 100%; border: #b0b0b0 thin solid;\" border=\"0\" cellpadding=\"5\">\n<tbody>\n<tr>\n<td>\n<p><strong>Les b\u00e9n\u00e9ficiaires de l\u2019ATA<\/strong><\/p>\n<p>L\u2019allocation de cessation anticip\u00e9e des travailleurs de l\u2019amiante (ATA) a \u00e9t\u00e9 instaur\u00e9e en 1999. Elle permet aux travailleurs expos\u00e9s \u00e0 l\u2019amiante de partir plus t\u00f4t \u00e0 la retraite. Elle est r\u00e9serv\u00e9e : &#8211; aux salari\u00e9s ou anciens salari\u00e9s reconnus atteints d&rsquo;une maladie professionnelle provoqu\u00e9e par l&rsquo;amiante &#8211; aux salari\u00e9s ou anciens salari\u00e9s d&rsquo;\u00e9tablissements de fabrication de mat\u00e9riaux contenant de l&rsquo;amiante &#8211; aux salari\u00e9s ou anciens salari\u00e9s d&rsquo;\u00e9tablissements de flocage et de calorifugeage \u00e0 l&rsquo;amiante &#8211; aux salari\u00e9s ou anciens salari\u00e9s d&rsquo;\u00e9tablissements de construction et de r\u00e9paration navales ayant exerc\u00e9 certains m\u00e9tiers &#8211; aux ouvriers dockers professionnels et personnels portuaires assurant la manutention dans certains ports pendant la p\u00e9riode o\u00f9 y \u00e9tait manipul\u00e9e l&rsquo;amiante &#8211; \u00e0 certains salari\u00e9s agricoles victimes d\u2019accidents du travail et de maladies professionnelles des salari\u00e9s agricoles &#8211; \u00e0 certains ouvriers de l&rsquo;Etat relevant du minist\u00e8re de la D\u00e9fense comme les ouvriers de la Direction des chantiers navals &#8211; aux marins du commerce, de la p\u00eache et de la plaisance.<\/p>\n<\/td>\n<\/tr>\n<\/tbody>\n<\/table>\n","protected":false},"excerpt":{"rendered":"<p>Une circulaire de l&rsquo;Assurance retraite pr\u00e9cise le nouveau p\u00e9rim\u00e8tre d&rsquo;application du dispositif de cessation anticip\u00e9e des travailleurs de l&rsquo;amiante, sensiblement \u00e9largi depuis le 1er janvier 2013.<\/p>\n","protected":false},"author":13713,"featured_media":18941,"comment_status":"closed","ping_status":"closed","sticky":false,"template":"","format":"standard","meta":{"footnotes":""},"categories":[13],"tags":[],"class_list":["post-18942","post","type-post","status-publish","format-standard","has-post-thumbnail","hentry","category-depart-a-la-retraite"],"acf":[],"yoast_head":"<!-- This site is optimized with the Yoast SEO plugin v24.9 - https:\/\/yoast.com\/wordpress\/plugins\/seo\/ -->\n<title>La retraite anticip\u00e9e pour les travailleurs de l&#039;amiante \u00e9tendue<\/title>\n<meta name=\"description\" content=\"Une circulaire de l&#039;Assurance retraite pr\u00e9cise le nouveau p\u00e9rim\u00e8tre d&#039;application du dispositif de cessation anticip\u00e9e des travailleurs de l&#039;amiante, sensiblement \u00e9largi depuis le 1er janvier 2013.\" \/>\n<meta name=\"robots\" content=\"index, follow, max-snippet:-1, max-image-preview:large, max-video-preview:-1\" \/>\n<link rel=\"canonical\" href=\"https:\/\/www.toutsurmesfinances.com\/retraite\/la-retraite-anticipee-pour-les-travailleurs-de-l-amiante-etendue.html\" \/>\n<meta property=\"og:locale\" content=\"fr_FR\" \/>\n<meta property=\"og:type\" content=\"article\" \/>\n<meta property=\"og:title\" content=\"La retraite anticip\u00e9e pour les travailleurs de l&#039;amiante \u00e9tendue\" \/>\n<meta property=\"og:description\" content=\"Une circulaire de l&#039;Assurance retraite pr\u00e9cise le nouveau p\u00e9rim\u00e8tre d&#039;application du dispositif de cessation anticip\u00e9e des travailleurs de l&#039;amiante, sensiblement \u00e9largi depuis le 1er janvier 2013.\" \/>\n<meta property=\"og:url\" content=\"https:\/\/www.toutsurmesfinances.com\/retraite\/la-retraite-anticipee-pour-les-travailleurs-de-l-amiante-etendue.html\" \/>\n<meta property=\"og:site_name\" content=\"Retraite\" \/>\n<meta property=\"article:published_time\" content=\"2013-05-21T09:26:55+00:00\" \/>\n<meta property=\"article:modified_time\" content=\"2013-05-21T11:31:44+00:00\" \/>\n<meta property=\"og:image\" content=\"https:\/\/www.toutsurmesfinances.com\/retraite\/wp-content\/uploads\/sites\/4\/2013\/05\/d\u00e9flocage-amiante.jpg\" \/>\n\t<meta property=\"og:image:width\" content=\"480\" \/>\n\t<meta property=\"og:image:height\" content=\"360\" \/>\n\t<meta property=\"og:image:type\" content=\"image\/jpeg\" \/>\n<meta name=\"author\" content=\"Jean-Philippe Dubosc\" \/>\n<meta name=\"twitter:card\" content=\"summary_large_image\" \/>\n<meta name=\"twitter:creator\" content=\"@Toutsur\" \/>\n<meta name=\"twitter:site\" content=\"@Toutsur\" \/>\n<meta name=\"twitter:label1\" content=\"\u00c9crit par\" \/>\n\t<meta name=\"twitter:data1\" content=\"Jean-Philippe Dubosc\" \/>\n\t<meta name=\"twitter:label2\" content=\"Dur\u00e9e de lecture estim\u00e9e\" \/>\n\t<meta name=\"twitter:data2\" content=\"4 minutes\" \/>\n<script type=\"application\/ld+json\" class=\"yoast-schema-graph\">{\"@context\":\"https:\/\/schema.org\",\"@graph\":[{\"@type\":\"Article\",\"@id\":\"https:\/\/www.toutsurmesfinances.com\/retraite\/la-retraite-anticipee-pour-les-travailleurs-de-l-amiante-etendue.html#article\",\"isPartOf\":{\"@id\":\"https:\/\/www.toutsurmesfinances.com\/retraite\/la-retraite-anticipee-pour-les-travailleurs-de-l-amiante-etendue.html\"},\"author\":{\"name\":\"Jean-Philippe Dubosc\",\"@id\":\"https:\/\/www.toutsurmesfinances.com\/retraite\/#\/schema\/person\/addc9e9b3978fa7947ead71bab57694c\"},\"headline\":\"La retraite anticip\u00e9e pour les travailleurs de l&rsquo;amiante \u00e9tendue\",\"dateModified\":\"2013-05-21T11:31:44+00:00\",\"mainEntityOfPage\":{\"@id\":\"https:\/\/www.toutsurmesfinances.com\/retraite\/la-retraite-anticipee-pour-les-travailleurs-de-l-amiante-etendue.html\"},\"wordCount\":839,\"publisher\":{\"@id\":\"https:\/\/www.toutsurmesfinances.com\/retraite\/#organization\"},\"image\":{\"@id\":\"https:\/\/www.toutsurmesfinances.com\/retraite\/la-retraite-anticipee-pour-les-travailleurs-de-l-amiante-etendue.html#primaryimage\"},\"thumbnailUrl\":\"https:\/\/www.toutsurmesfinances.com\/retraite\/wp-content\/uploads\/sites\/4\/2013\/05\/d\u00e9flocage-amiante.jpg\",\"articleSection\":[\"D\u00e9part \u00e0 la retraite\"],\"inLanguage\":\"fr-FR\"},{\"@type\":\"WebPage\",\"@id\":\"https:\/\/www.toutsurmesfinances.com\/retraite\/la-retraite-anticipee-pour-les-travailleurs-de-l-amiante-etendue.html\",\"url\":\"https:\/\/www.toutsurmesfinances.com\/retraite\/la-retraite-anticipee-pour-les-travailleurs-de-l-amiante-etendue.html\",\"name\":\"La retraite anticip\u00e9e pour les travailleurs de l'amiante \u00e9tendue\",\"isPartOf\":{\"@id\":\"https:\/\/www.toutsurmesfinances.com\/retraite\/#website\"},\"primaryImageOfPage\":{\"@id\":\"https:\/\/www.toutsurmesfinances.com\/retraite\/la-retraite-anticipee-pour-les-travailleurs-de-l-amiante-etendue.html#primaryimage\"},\"image\":{\"@id\":\"https:\/\/www.toutsurmesfinances.com\/retraite\/la-retraite-anticipee-pour-les-travailleurs-de-l-amiante-etendue.html#primaryimage\"},\"thumbnailUrl\":\"https:\/\/www.toutsurmesfinances.com\/retraite\/wp-content\/uploads\/sites\/4\/2013\/05\/d\u00e9flocage-amiante.jpg\",\"dateModified\":\"2013-05-21T11:31:44+00:00\",\"description\":\"Une circulaire de l'Assurance retraite pr\u00e9cise le nouveau p\u00e9rim\u00e8tre d'application du dispositif de cessation anticip\u00e9e des travailleurs de l'amiante, sensiblement \u00e9largi depuis le 1er janvier 2013.\",\"breadcrumb\":{\"@id\":\"https:\/\/www.toutsurmesfinances.com\/retraite\/la-retraite-anticipee-pour-les-travailleurs-de-l-amiante-etendue.html#breadcrumb\"},\"inLanguage\":\"fr-FR\",\"potentialAction\":[{\"@type\":\"ReadAction\",\"target\":[\"https:\/\/www.toutsurmesfinances.com\/retraite\/la-retraite-anticipee-pour-les-travailleurs-de-l-amiante-etendue.html\"]}]},{\"@type\":\"ImageObject\",\"inLanguage\":\"fr-FR\",\"@id\":\"https:\/\/www.toutsurmesfinances.com\/retraite\/la-retraite-anticipee-pour-les-travailleurs-de-l-amiante-etendue.html#primaryimage\",\"url\":\"https:\/\/www.toutsurmesfinances.com\/retraite\/wp-content\/uploads\/sites\/4\/2013\/05\/d\u00e9flocage-amiante.jpg\",\"contentUrl\":\"https:\/\/www.toutsurmesfinances.com\/retraite\/wp-content\/uploads\/sites\/4\/2013\/05\/d\u00e9flocage-amiante.jpg\",\"width\":480,\"height\":360,\"caption\":\"Le dispositif de retraite anticip\u00e9e pour les travailleurs de l'amiante est \u00e9tendu\"},{\"@type\":\"BreadcrumbList\",\"@id\":\"https:\/\/www.toutsurmesfinances.com\/retraite\/la-retraite-anticipee-pour-les-travailleurs-de-l-amiante-etendue.html#breadcrumb\",\"itemListElement\":[{\"@type\":\"ListItem\",\"position\":1,\"name\":\"Accueil\",\"item\":\"https:\/\/www.toutsurmesfinances.com\/retraite\/\"},{\"@type\":\"ListItem\",\"position\":2,\"name\":\"Liquidation\",\"item\":\"https:\/\/www.toutsurmesfinances.com\/retraite\/c\/liquidation\"},{\"@type\":\"ListItem\",\"position\":3,\"name\":\"D\u00e9part \u00e0 la retraite\",\"item\":\"https:\/\/www.toutsurmesfinances.com\/retraite\/c\/depart-a-la-retraite\"},{\"@type\":\"ListItem\",\"position\":4,\"name\":\"La retraite anticip\u00e9e pour les travailleurs de l&rsquo;amiante \u00e9tendue\"}]},{\"@type\":\"WebSite\",\"@id\":\"https:\/\/www.toutsurmesfinances.com\/retraite\/#website\",\"url\":\"https:\/\/www.toutsurmesfinances.com\/retraite\/\",\"name\":\"Retraite\",\"description\":\"\",\"publisher\":{\"@id\":\"https:\/\/www.toutsurmesfinances.com\/retraite\/#organization\"},\"potentialAction\":[{\"@type\":\"SearchAction\",\"target\":{\"@type\":\"EntryPoint\",\"urlTemplate\":\"https:\/\/www.toutsurmesfinances.com\/retraite\/?s={search_term_string}\"},\"query-input\":{\"@type\":\"PropertyValueSpecification\",\"valueRequired\":true,\"valueName\":\"search_term_string\"}}],\"inLanguage\":\"fr-FR\"},{\"@type\":\"Organization\",\"@id\":\"https:\/\/www.toutsurmesfinances.com\/retraite\/#organization\",\"name\":\"Tout Sur Mes Finances\",\"url\":\"https:\/\/www.toutsurmesfinances.com\/retraite\/\",\"logo\":{\"@type\":\"ImageObject\",\"inLanguage\":\"fr-FR\",\"@id\":\"https:\/\/www.toutsurmesfinances.com\/retraite\/#\/schema\/logo\/image\/\",\"url\":\"https:\/\/www.toutsurmesfinances.com\/retraite\/wp-content\/uploads\/sites\/4\/2021\/01\/favicon.png\",\"contentUrl\":\"https:\/\/www.toutsurmesfinances.com\/retraite\/wp-content\/uploads\/sites\/4\/2021\/01\/favicon.png\",\"width\":512,\"height\":512,\"caption\":\"Tout Sur Mes Finances\"},\"image\":{\"@id\":\"https:\/\/www.toutsurmesfinances.com\/retraite\/#\/schema\/logo\/image\/\"},\"sameAs\":[\"https:\/\/x.com\/Toutsur\"]},{\"@type\":\"Person\",\"@id\":\"https:\/\/www.toutsurmesfinances.com\/retraite\/#\/schema\/person\/addc9e9b3978fa7947ead71bab57694c\",\"name\":\"Jean-Philippe Dubosc\",\"image\":{\"@type\":\"ImageObject\",\"inLanguage\":\"fr-FR\",\"@id\":\"https:\/\/www.toutsurmesfinances.com\/retraite\/#\/schema\/person\/image\/\",\"url\":\"https:\/\/secure.gravatar.com\/avatar\/a3cba30cdda1afe79f6ebffc6e952291?s=96&d=mm&r=g\",\"contentUrl\":\"https:\/\/secure.gravatar.com\/avatar\/a3cba30cdda1afe79f6ebffc6e952291?s=96&d=mm&r=g\",\"caption\":\"Jean-Philippe Dubosc\"},\"description\":\"Jean-Philippe Dubosc est r\u00e9dacteur en chef de ToutSurMesFinances.com et sp\u00e9cialiste des questions de retraite obligatoire et d\u2019\u00e9pargne. Pr\u00e9sent au sein du m\u00e9dia depuis plus de 13 ans, il analyse les r\u00e9formes, les dispositifs r\u00e9glementaires et les strat\u00e9gies de d\u00e9part \u00e0 la retraite, avec une approche fond\u00e9e sur une lecture rigoureuse des textes et une connaissance approfondie des diff\u00e9rents r\u00e9gimes de retraite.\",\"sameAs\":[\"https:\/\/www.toutsurmesfinances.com\/author\/jpdubosc\",\"https:\/\/fr.linkedin.com\/in\/jpdubosc\"]}]}<\/script>\n<!-- \/ Yoast SEO plugin. -->","yoast_head_json":{"title":"La retraite anticip\u00e9e pour les travailleurs de l'amiante \u00e9tendue","description":"Une circulaire de l'Assurance retraite pr\u00e9cise le nouveau p\u00e9rim\u00e8tre d'application du dispositif de cessation anticip\u00e9e des travailleurs de l'amiante, sensiblement \u00e9largi depuis le 1er janvier 2013.","robots":{"index":"index","follow":"follow","max-snippet":"max-snippet:-1","max-image-preview":"max-image-preview:large","max-video-preview":"max-video-preview:-1"},"canonical":"https:\/\/www.toutsurmesfinances.com\/retraite\/la-retraite-anticipee-pour-les-travailleurs-de-l-amiante-etendue.html","og_locale":"fr_FR","og_type":"article","og_title":"La retraite anticip\u00e9e pour les travailleurs de l'amiante \u00e9tendue","og_description":"Une circulaire de l'Assurance retraite pr\u00e9cise le nouveau p\u00e9rim\u00e8tre d'application du dispositif de cessation anticip\u00e9e des travailleurs de l'amiante, sensiblement \u00e9largi depuis le 1er janvier 2013.","og_url":"https:\/\/www.toutsurmesfinances.com\/retraite\/la-retraite-anticipee-pour-les-travailleurs-de-l-amiante-etendue.html","og_site_name":"Retraite","article_published_time":"2013-05-21T09:26:55+00:00","article_modified_time":"2013-05-21T11:31:44+00:00","og_image":[{"width":480,"height":360,"url":"https:\/\/www.toutsurmesfinances.com\/retraite\/wp-content\/uploads\/sites\/4\/2013\/05\/d\u00e9flocage-amiante.jpg","type":"image\/jpeg"}],"author":"Jean-Philippe Dubosc","twitter_card":"summary_large_image","twitter_creator":"@Toutsur","twitter_site":"@Toutsur","twitter_misc":{"\u00c9crit par":"Jean-Philippe Dubosc","Dur\u00e9e de lecture estim\u00e9e":"4 minutes"},"schema":{"@context":"https:\/\/schema.org","@graph":[{"@type":"Article","@id":"https:\/\/www.toutsurmesfinances.com\/retraite\/la-retraite-anticipee-pour-les-travailleurs-de-l-amiante-etendue.html#article","isPartOf":{"@id":"https:\/\/www.toutsurmesfinances.com\/retraite\/la-retraite-anticipee-pour-les-travailleurs-de-l-amiante-etendue.html"},"author":{"name":"Jean-Philippe Dubosc","@id":"https:\/\/www.toutsurmesfinances.com\/retraite\/#\/schema\/person\/addc9e9b3978fa7947ead71bab57694c"},"headline":"La retraite anticip\u00e9e pour les travailleurs de l&rsquo;amiante \u00e9tendue","dateModified":"2013-05-21T11:31:44+00:00","mainEntityOfPage":{"@id":"https:\/\/www.toutsurmesfinances.com\/retraite\/la-retraite-anticipee-pour-les-travailleurs-de-l-amiante-etendue.html"},"wordCount":839,"publisher":{"@id":"https:\/\/www.toutsurmesfinances.com\/retraite\/#organization"},"image":{"@id":"https:\/\/www.toutsurmesfinances.com\/retraite\/la-retraite-anticipee-pour-les-travailleurs-de-l-amiante-etendue.html#primaryimage"},"thumbnailUrl":"https:\/\/www.toutsurmesfinances.com\/retraite\/wp-content\/uploads\/sites\/4\/2013\/05\/d\u00e9flocage-amiante.jpg","articleSection":["D\u00e9part \u00e0 la retraite"],"inLanguage":"fr-FR"},{"@type":"WebPage","@id":"https:\/\/www.toutsurmesfinances.com\/retraite\/la-retraite-anticipee-pour-les-travailleurs-de-l-amiante-etendue.html","url":"https:\/\/www.toutsurmesfinances.com\/retraite\/la-retraite-anticipee-pour-les-travailleurs-de-l-amiante-etendue.html","name":"La retraite anticip\u00e9e pour les travailleurs de l'amiante \u00e9tendue","isPartOf":{"@id":"https:\/\/www.toutsurmesfinances.com\/retraite\/#website"},"primaryImageOfPage":{"@id":"https:\/\/www.toutsurmesfinances.com\/retraite\/la-retraite-anticipee-pour-les-travailleurs-de-l-amiante-etendue.html#primaryimage"},"image":{"@id":"https:\/\/www.toutsurmesfinances.com\/retraite\/la-retraite-anticipee-pour-les-travailleurs-de-l-amiante-etendue.html#primaryimage"},"thumbnailUrl":"https:\/\/www.toutsurmesfinances.com\/retraite\/wp-content\/uploads\/sites\/4\/2013\/05\/d\u00e9flocage-amiante.jpg","dateModified":"2013-05-21T11:31:44+00:00","description":"Une circulaire de l'Assurance retraite pr\u00e9cise le nouveau p\u00e9rim\u00e8tre d'application du dispositif de cessation anticip\u00e9e des travailleurs de l'amiante, sensiblement \u00e9largi depuis le 1er janvier 2013.","breadcrumb":{"@id":"https:\/\/www.toutsurmesfinances.com\/retraite\/la-retraite-anticipee-pour-les-travailleurs-de-l-amiante-etendue.html#breadcrumb"},"inLanguage":"fr-FR","potentialAction":[{"@type":"ReadAction","target":["https:\/\/www.toutsurmesfinances.com\/retraite\/la-retraite-anticipee-pour-les-travailleurs-de-l-amiante-etendue.html"]}]},{"@type":"ImageObject","inLanguage":"fr-FR","@id":"https:\/\/www.toutsurmesfinances.com\/retraite\/la-retraite-anticipee-pour-les-travailleurs-de-l-amiante-etendue.html#primaryimage","url":"https:\/\/www.toutsurmesfinances.com\/retraite\/wp-content\/uploads\/sites\/4\/2013\/05\/d\u00e9flocage-amiante.jpg","contentUrl":"https:\/\/www.toutsurmesfinances.com\/retraite\/wp-content\/uploads\/sites\/4\/2013\/05\/d\u00e9flocage-amiante.jpg","width":480,"height":360,"caption":"Le dispositif de retraite anticip\u00e9e pour les travailleurs de l'amiante est \u00e9tendu"},{"@type":"BreadcrumbList","@id":"https:\/\/www.toutsurmesfinances.com\/retraite\/la-retraite-anticipee-pour-les-travailleurs-de-l-amiante-etendue.html#breadcrumb","itemListElement":[{"@type":"ListItem","position":1,"name":"Accueil","item":"https:\/\/www.toutsurmesfinances.com\/retraite\/"},{"@type":"ListItem","position":2,"name":"Liquidation","item":"https:\/\/www.toutsurmesfinances.com\/retraite\/c\/liquidation"},{"@type":"ListItem","position":3,"name":"D\u00e9part \u00e0 la retraite","item":"https:\/\/www.toutsurmesfinances.com\/retraite\/c\/depart-a-la-retraite"},{"@type":"ListItem","position":4,"name":"La retraite anticip\u00e9e pour les travailleurs de l&rsquo;amiante \u00e9tendue"}]},{"@type":"WebSite","@id":"https:\/\/www.toutsurmesfinances.com\/retraite\/#website","url":"https:\/\/www.toutsurmesfinances.com\/retraite\/","name":"Retraite","description":"","publisher":{"@id":"https:\/\/www.toutsurmesfinances.com\/retraite\/#organization"},"potentialAction":[{"@type":"SearchAction","target":{"@type":"EntryPoint","urlTemplate":"https:\/\/www.toutsurmesfinances.com\/retraite\/?s={search_term_string}"},"query-input":{"@type":"PropertyValueSpecification","valueRequired":true,"valueName":"search_term_string"}}],"inLanguage":"fr-FR"},{"@type":"Organization","@id":"https:\/\/www.toutsurmesfinances.com\/retraite\/#organization","name":"Tout Sur Mes Finances","url":"https:\/\/www.toutsurmesfinances.com\/retraite\/","logo":{"@type":"ImageObject","inLanguage":"fr-FR","@id":"https:\/\/www.toutsurmesfinances.com\/retraite\/#\/schema\/logo\/image\/","url":"https:\/\/www.toutsurmesfinances.com\/retraite\/wp-content\/uploads\/sites\/4\/2021\/01\/favicon.png","contentUrl":"https:\/\/www.toutsurmesfinances.com\/retraite\/wp-content\/uploads\/sites\/4\/2021\/01\/favicon.png","width":512,"height":512,"caption":"Tout Sur Mes Finances"},"image":{"@id":"https:\/\/www.toutsurmesfinances.com\/retraite\/#\/schema\/logo\/image\/"},"sameAs":["https:\/\/x.com\/Toutsur"]},{"@type":"Person","@id":"https:\/\/www.toutsurmesfinances.com\/retraite\/#\/schema\/person\/addc9e9b3978fa7947ead71bab57694c","name":"Jean-Philippe Dubosc","image":{"@type":"ImageObject","inLanguage":"fr-FR","@id":"https:\/\/www.toutsurmesfinances.com\/retraite\/#\/schema\/person\/image\/","url":"https:\/\/secure.gravatar.com\/avatar\/a3cba30cdda1afe79f6ebffc6e952291?s=96&d=mm&r=g","contentUrl":"https:\/\/secure.gravatar.com\/avatar\/a3cba30cdda1afe79f6ebffc6e952291?s=96&d=mm&r=g","caption":"Jean-Philippe Dubosc"},"description":"Jean-Philippe Dubosc est r\u00e9dacteur en chef de ToutSurMesFinances.com et sp\u00e9cialiste des questions de retraite obligatoire et d\u2019\u00e9pargne. Pr\u00e9sent au sein du m\u00e9dia depuis plus de 13 ans, il analyse les r\u00e9formes, les dispositifs r\u00e9glementaires et les strat\u00e9gies de d\u00e9part \u00e0 la retraite, avec une approche fond\u00e9e sur une lecture rigoureuse des textes et une connaissance approfondie des diff\u00e9rents r\u00e9gimes de retraite.","sameAs":["https:\/\/www.toutsurmesfinances.com\/author\/jpdubosc","https:\/\/fr.linkedin.com\/in\/jpdubosc"]}]}},"_links":{"self":[{"href":"https:\/\/www.toutsurmesfinances.com\/retraite\/wp-json\/wp\/v2\/posts\/18942","targetHints":{"allow":["GET"]}}],"collection":[{"href":"https:\/\/www.toutsurmesfinances.com\/retraite\/wp-json\/wp\/v2\/posts"}],"about":[{"href":"https:\/\/www.toutsurmesfinances.com\/retraite\/wp-json\/wp\/v2\/types\/post"}],"author":[{"embeddable":true,"href":"https:\/\/www.toutsurmesfinances.com\/retraite\/wp-json\/wp\/v2\/users\/13713"}],"replies":[{"embeddable":true,"href":"https:\/\/www.toutsurmesfinances.com\/retraite\/wp-json\/wp\/v2\/comments?post=18942"}],"version-history":[{"count":1,"href":"https:\/\/www.toutsurmesfinances.com\/retraite\/wp-json\/wp\/v2\/posts\/18942\/revisions"}],"predecessor-version":[{"id":25043,"href":"https:\/\/www.toutsurmesfinances.com\/retraite\/wp-json\/wp\/v2\/posts\/18942\/revisions\/25043"}],"wp:featuredmedia":[{"embeddable":true,"href":"https:\/\/www.toutsurmesfinances.com\/retraite\/wp-json\/wp\/v2\/media\/18941"}],"wp:attachment":[{"href":"https:\/\/www.toutsurmesfinances.com\/retraite\/wp-json\/wp\/v2\/media?parent=18942"}],"wp:term":[{"taxonomy":"category","embeddable":true,"href":"https:\/\/www.toutsurmesfinances.com\/retraite\/wp-json\/wp\/v2\/categories?post=18942"},{"taxonomy":"post_tag","embeddable":true,"href":"https:\/\/www.toutsurmesfinances.com\/retraite\/wp-json\/wp\/v2\/tags?post=18942"}],"curies":[{"name":"wp","href":"https:\/\/api.w.org\/{rel}","templated":true}]}}