{"id":18969,"date":"2013-05-29T10:35:54","date_gmt":"2013-05-29T08:35:54","guid":{"rendered":"https:\/\/www.toutsurmesfinances.com\/retraite\/retraites-cela-ne-sert-a-rien-de-deposer-son-dossier-6-mois-a-l-avance.html"},"modified":"2025-07-10T16:04:23","modified_gmt":"2025-07-10T14:04:23","slug":"retraites-cela-ne-sert-a-rien-de-deposer-son-dossier-6-mois-a-l-avance","status":"publish","type":"post","link":"https:\/\/www.toutsurmesfinances.com\/retraite\/retraites-cela-ne-sert-a-rien-de-deposer-son-dossier-6-mois-a-l-avance.html","title":{"rendered":"Retraites : \u00ab Cela ne sert \u00e0 rien de d\u00e9poser son dossier 6 mois \u00e0 l&rsquo;avance \u00bb"},"content":{"rendered":"<section class=\"l-section wpb_row height_small\"><div class=\"l-section-h i-cf\"><div class=\"g-cols vc_row via_flex valign_top type_default stacking_default\"><div class=\"vc_col-sm-12 wpb_column vc_column_container\"><div class=\"vc_column-inner\"><div class=\"wpb_wrapper\"><div class=\"wpb_text_column\"><div class=\"wpb_wrapper\"><p><strong>Toutsurlaretraite.com : Confirmez-vous l&rsquo;information du <em>Parisien<\/em> selon laquelle les demandes de liquidation de retraite ont augment\u00e9 de 77% sur un an ?<\/strong><br \/>\n<strong>Pierre Mayeur :<\/strong> En r\u00e9alit\u00e9, cet article se fonde sur une mauvaise interpr\u00e9tation de donn\u00e9es et de chiffres. L&rsquo;augmentation du nombre de demandes de liquidation n&rsquo;est pas de 77%, mais de 24% sur les quatre premiers mois de l&rsquo;ann\u00e9e. 2013 est une ann\u00e9e tr\u00e8s atypique dans la mesure o\u00f9 nous savions que se combineraient \u00e0 la fois l&rsquo;effet des liquidations retard\u00e9es suite \u00e0 la la r\u00e9forme des retraites du 9 novembre 2010 et celui du<a href=\"retraite-a-60-ans-tout-savoir-sur-le-decret-carrieres-longues-voulu-par-hollande.html\" target=\"_blank\" rel=\"noopener noreferrer\"> d\u00e9cret du 2 juillet 2012<\/a> (qui permet aux personnes ayant commenc\u00e9 \u00e0 travailler jeune et justifiant de tous leurs trimestres de cotisation de partir \u00e0 la retraite plus t\u00f4t, NDLR). L&rsquo;ann\u00e9e 2012 \u00e9tait aussi tr\u00e8s singuli\u00e8re en termes d&rsquo;activit\u00e9 retraite puisque c&rsquo;\u00e9tait la premi\u00e8re ann\u00e9e o\u00f9 les effets des mesures de reports d&rsquo;\u00e2ge pr\u00e9vues par la loi du 9 novembre 2010 jouaient \u00e0 plein. En d\u00e9finitive, nous devrions avoir en 2013 un nombre de liquidations l\u00e9g\u00e8rement inf\u00e9rieur \u00e0 celui de l&rsquo;ann\u00e9e 2010, soit un peu plus de 700.000 pensions.<\/p>\n<p>&nbsp;<\/p>\n<p><strong>Quel est l&rsquo;impact du d\u00e9cret du 2 juillet 2012 ?<\/strong><br \/>\nNous sommes en train d&rsquo;analyser les effets de cette mesure. Sur l&rsquo;ann\u00e9e 2012, nous savons que pr\u00e8s de 85.000 assur\u00e9s sont partis en retraite anticip\u00e9e au titre des \u00ab carri\u00e8res longues \u00bb et que sur le premier trimestre 2013 ce nombre s&rsquo;est \u00e9tabli \u00e0 42.000 d\u00e9parts. S&rsquo;agissant des d\u00e9parts au titre du seul d\u00e9cret du 2 juillet 2012, nos projections pr\u00e9voyaient pr\u00e8s de 17.000 b\u00e9n\u00e9ficiaires en 2012 et 70.000 b\u00e9n\u00e9ficiaires en 2013. A ce stade, nos pr\u00e9visions semblent donc pleinement confirm\u00e9es.<\/p>\n<p>&nbsp;<\/p>\n<p><strong>Ces hausses brutales de demandes sont-elles habituelles \u00e0 l&rsquo;approche d&rsquo;une r\u00e9forme des retraites ?<\/strong><br \/>\nCe n&rsquo;est pas une hausse brutale, puisque nous allons retrouver un niveau \u00e9quivalent \u00e0 celui que nous connaissions en 2010. Ce n&rsquo;est pas non plus l&rsquo;annonce d&rsquo;une r\u00e9forme prochaine qui est en cause. Certaines caisses r\u00e9gionales peuvent cependant rencontrer plus de difficult\u00e9s, les situations pouvant varier d&rsquo;ailleurs d&rsquo;une agence retraite \u00e0 une autre.<br \/>\nEn revanche, il est vrai que le nombre d&rsquo;appels que nous enregistrons sur notre num\u00e9ro de t\u00e9l\u00e9phone unique, le 39 60, a sensiblement augment\u00e9, de pr\u00e8s de 30%, depuis le printemps 2012 sans v\u00e9ritablement ralentir depuis cette date. Nous n&rsquo;avons jamais g\u00e9r\u00e9 autant d&rsquo;appels t\u00e9l\u00e9phoniques, ce qui je crois est plut\u00f4t \u00e0 mettre au cr\u00e9dit des caisses de retraite du r\u00e9gime g\u00e9n\u00e9ral. L&rsquo;annonce d&rsquo;un projet de loi retraite contribue certainement pour une part \u00e0 cet accroissement mais ce n&rsquo;est pas le seul facteur. La mise en place de la CASA (contribution additionnelle de solidarit\u00e9 pour l&rsquo;autonomie, NDLR) \u00e0 l&rsquo;automne a aussi g\u00e9n\u00e9r\u00e9 des appels.<br \/>\nJe crois qu&rsquo;il ne faut pas non plus n\u00e9gliger les cons\u00e9quences positives du d\u00e9veloppement du droit \u00e0 l&rsquo;information retraite. Les actifs s&rsquo;int\u00e9ressent de plus en plus \u00e0 la retraite et de plus en plus jeunes puisqu&rsquo;ils re\u00e7oivent des documents d&rsquo;information qui n&rsquo;existaient pas il y a 10 ans. De plus, les actifs qui approchent de l&rsquo;\u00e2ge de la retraite ont naturellement des questions \u00e0 poser car la r\u00e9glementation retraite n\u00e9cessite des explications. L&rsquo;augmentation sensible et durable du nombre des appels que nous recevons nous conduit d&rsquo;ailleurs \u00e0 mobiliser des moyens suppl\u00e9mentaires pour r\u00e9pondre aux assur\u00e9s de fa\u00e7on satisfaisante.<\/p>\n<p>&nbsp;<\/p>\n<p><strong>Les dossiers sont normalement trait\u00e9s en quatre mois. Quelle est la dur\u00e9e de traitement actuelle ?<\/strong><br \/>\nLe d\u00e9lai de quatre mois est un d\u00e9lai non pas de traitement des dossiers mais le d\u00e9lai que nous recommandons aux assur\u00e9s pour le d\u00e9p\u00f4t de leur demande. Tr\u00e8s concr\u00e8tement, nous conseillons \u00e0 tout assur\u00e9 qui a d\u00e9termin\u00e9 la date \u00e0 laquelle il souhaite faire valoir ses droits \u00e0 la retraite de d\u00e9poser sa demande 4 mois avant le point de d\u00e9part souhait\u00e9. Cela ne sert \u00e0 rien de d\u00e9poser son dossier 6 mois \u00e0 l&rsquo;avance : il ne sera pas trait\u00e9 plus rapidement pour autant.<\/p>\n<p>&nbsp;<\/p>\n<p><strong>Y a-t-il un traitement particulier pour les retraites modestes ?<\/strong><br \/>\nLes caisses ont \u00e0 c\u0153ur de prendre en compte la situation des dossiers qui leur semblent \u00eatre les plus urgents, notamment afin d&rsquo;\u00e9viter que les assur\u00e9s se trouvent en situation de rupture de ressources. Cette situation est heureusement tr\u00e8s rare.<\/p>\n<p>&nbsp;<\/p>\n<p><strong>Que conseillez-vous aux personnes proches de la retraite ?<\/strong><br \/>\nJe conseille \u00e0 tous les assur\u00e9s d&rsquo;activer leur espace personnel sur notre site Internet lassuranceretraite.fr pour pouvoir recevoir des informations personnalis\u00e9es et acc\u00e9der facilement \u00e0 un certain nombre de services en ligne qui leur permettront de pr\u00e9parer dans les meilleures conditions leur d\u00e9part \u00e0 la retraite car il s&rsquo;agit d&rsquo;un \u00e9v\u00e9nement unique dans une vie. Il est d&rsquo;ailleurs aujourd&rsquo;hui possible de demander en ligne sa retraite (son dossier de demande, pas de pension, NDLR).<br \/>\nMais encore une fois qu&rsquo;il s&rsquo;agisse d&rsquo;une demande d\u00e9pos\u00e9e sur Internet ou en agence retraite, je crois important de rappeler que la retraite n&rsquo;est pas attribu\u00e9e automatiquement et qu&rsquo;il appartient donc \u00e0 chacun de fixer la date \u00e0 laquelle il souhaite faire valoir ses droits \u00e0 la retraite et de d\u00e9poser sa demande quatre mois avant cette date. Rien ne sert de d\u00e9poser une demande trop longtemps \u00e0 l&rsquo;avance puisque les dossiers sont trait\u00e9s en fonction de la date d&rsquo;effet souhait\u00e9e.<br \/>\nEnfin, je crois bon de rappeler, en tant que service public de la retraite, que tout assur\u00e9 a le droit de nous solliciter et qu&rsquo;il est de notre devoir de lui d\u00e9livrer de fa\u00e7on fiable, neutre et gratuite les informations et les conseils qui l&rsquo;int\u00e9ressent.<\/p>\n<p style=\"text-align: right\"><em>Propos recueillis par Jean-Philippe Dubosc<\/em><\/p>\n<p>&nbsp;<\/p>\n<\/div><\/div><\/div><\/div><\/div><\/div><\/div><\/section>\n","protected":false},"excerpt":{"rendered":"<p>INTERVIEW \u2013 Le Parisien a r\u00e9v\u00e9l\u00e9, le 25 mai 2013, que les demandes de liquidation des droits \u00e0 la retraite avaient augment\u00e9 de 77% entre avril 2012 et avril 2013. Le directeur de la Caisse nationale d&rsquo;assurance vieillesse (Cnav), Pierre Mayeur, conteste ce chiffre tout en reconnaissant une hausse des demandes sous l&rsquo;effet de la r\u00e9forme des retraites de 2010 et du d\u00e9cret sur les \u00ab carri\u00e8res longues \u00bb.<\/p>\n","protected":false},"author":13713,"featured_media":32228,"comment_status":"closed","ping_status":"closed","sticky":false,"template":"","format":"standard","meta":{"footnotes":""},"categories":[14],"tags":[],"class_list":["post-18969","post","type-post","status-publish","format-standard","has-post-thumbnail","hentry","category-demarches-de-retraite"],"acf":[],"yoast_head":"<!-- This site is optimized with the Yoast SEO plugin v24.9 - https:\/\/yoast.com\/wordpress\/plugins\/seo\/ -->\n<title>Retraites : \u00ab Cela ne sert \u00e0 rien de d\u00e9poser son dossier 6 mois \u00e0 l&#039;avance \u00bb<\/title>\n<meta name=\"description\" content=\"e Parisien a r\u00e9v\u00e9l\u00e9, le 25 mai 2013, que les demandes de liquidation des droits \u00e0 la retraite avaient augment\u00e9 de 77% entre avril 2012 et avril 2013. Le directeur de la Caisse nationale d&#039;assurance vieillesse (Cnav), Pierre Mayeur, conteste ce chiffre to\" \/>\n<meta name=\"robots\" content=\"index, follow, max-snippet:-1, max-image-preview:large, max-video-preview:-1\" \/>\n<link rel=\"canonical\" href=\"https:\/\/www.toutsurmesfinances.com\/retraite\/retraites-cela-ne-sert-a-rien-de-deposer-son-dossier-6-mois-a-l-avance.html\" \/>\n<meta property=\"og:locale\" content=\"fr_FR\" \/>\n<meta property=\"og:type\" content=\"article\" \/>\n<meta property=\"og:title\" content=\"Retraites : \u00ab Cela ne sert \u00e0 rien de d\u00e9poser son dossier 6 mois \u00e0 l&#039;avance \u00bb\" \/>\n<meta property=\"og:description\" content=\"e Parisien a r\u00e9v\u00e9l\u00e9, le 25 mai 2013, que les demandes de liquidation des droits \u00e0 la retraite avaient augment\u00e9 de 77% entre avril 2012 et avril 2013. Le directeur de la Caisse nationale d&#039;assurance vieillesse (Cnav), Pierre Mayeur, conteste ce chiffre to\" \/>\n<meta property=\"og:url\" content=\"https:\/\/www.toutsurmesfinances.com\/retraite\/retraites-cela-ne-sert-a-rien-de-deposer-son-dossier-6-mois-a-l-avance.html\" \/>\n<meta property=\"og:site_name\" content=\"Retraite\" \/>\n<meta property=\"article:published_time\" content=\"2013-05-29T08:35:54+00:00\" \/>\n<meta property=\"article:modified_time\" content=\"2025-07-10T14:04:23+00:00\" \/>\n<meta property=\"og:image\" content=\"https:\/\/www.toutsurmesfinances.com\/retraite\/wp-content\/uploads\/sites\/4\/2025\/04\/image-retraite-liquidation.jpg\" \/>\n\t<meta property=\"og:image:width\" content=\"600\" \/>\n\t<meta property=\"og:image:height\" content=\"400\" \/>\n\t<meta property=\"og:image:type\" content=\"image\/jpeg\" \/>\n<meta name=\"author\" content=\"Jean-Philippe Dubosc\" \/>\n<meta name=\"twitter:card\" content=\"summary_large_image\" \/>\n<meta name=\"twitter:creator\" content=\"@Toutsur\" \/>\n<meta name=\"twitter:site\" content=\"@Toutsur\" \/>\n<meta name=\"twitter:label1\" content=\"\u00c9crit par\" \/>\n\t<meta name=\"twitter:data1\" content=\"Jean-Philippe Dubosc\" \/>\n\t<meta name=\"twitter:label2\" content=\"Dur\u00e9e de lecture estim\u00e9e\" \/>\n\t<meta name=\"twitter:data2\" content=\"5 minutes\" \/>\n<script type=\"application\/ld+json\" class=\"yoast-schema-graph\">{\"@context\":\"https:\/\/schema.org\",\"@graph\":[{\"@type\":\"Article\",\"@id\":\"https:\/\/www.toutsurmesfinances.com\/retraite\/retraites-cela-ne-sert-a-rien-de-deposer-son-dossier-6-mois-a-l-avance.html#article\",\"isPartOf\":{\"@id\":\"https:\/\/www.toutsurmesfinances.com\/retraite\/retraites-cela-ne-sert-a-rien-de-deposer-son-dossier-6-mois-a-l-avance.html\"},\"author\":{\"name\":\"Jean-Philippe Dubosc\",\"@id\":\"https:\/\/www.toutsurmesfinances.com\/retraite\/#\/schema\/person\/addc9e9b3978fa7947ead71bab57694c\"},\"headline\":\"Retraites : \u00ab Cela ne sert \u00e0 rien de d\u00e9poser son dossier 6 mois \u00e0 l&rsquo;avance \u00bb\",\"dateModified\":\"2025-07-10T14:04:23+00:00\",\"mainEntityOfPage\":{\"@id\":\"https:\/\/www.toutsurmesfinances.com\/retraite\/retraites-cela-ne-sert-a-rien-de-deposer-son-dossier-6-mois-a-l-avance.html\"},\"wordCount\":1029,\"publisher\":{\"@id\":\"https:\/\/www.toutsurmesfinances.com\/retraite\/#organization\"},\"image\":{\"@id\":\"https:\/\/www.toutsurmesfinances.com\/retraite\/retraites-cela-ne-sert-a-rien-de-deposer-son-dossier-6-mois-a-l-avance.html#primaryimage\"},\"thumbnailUrl\":\"https:\/\/www.toutsurmesfinances.com\/retraite\/wp-content\/uploads\/sites\/4\/2025\/04\/image-retraite-liquidation.jpg\",\"articleSection\":[\"D\u00e9marches de retraite\"],\"inLanguage\":\"fr-FR\"},{\"@type\":\"WebPage\",\"@id\":\"https:\/\/www.toutsurmesfinances.com\/retraite\/retraites-cela-ne-sert-a-rien-de-deposer-son-dossier-6-mois-a-l-avance.html\",\"url\":\"https:\/\/www.toutsurmesfinances.com\/retraite\/retraites-cela-ne-sert-a-rien-de-deposer-son-dossier-6-mois-a-l-avance.html\",\"name\":\"Retraites : \u00ab Cela ne sert \u00e0 rien de d\u00e9poser son dossier 6 mois \u00e0 l'avance \u00bb\",\"isPartOf\":{\"@id\":\"https:\/\/www.toutsurmesfinances.com\/retraite\/#website\"},\"primaryImageOfPage\":{\"@id\":\"https:\/\/www.toutsurmesfinances.com\/retraite\/retraites-cela-ne-sert-a-rien-de-deposer-son-dossier-6-mois-a-l-avance.html#primaryimage\"},\"image\":{\"@id\":\"https:\/\/www.toutsurmesfinances.com\/retraite\/retraites-cela-ne-sert-a-rien-de-deposer-son-dossier-6-mois-a-l-avance.html#primaryimage\"},\"thumbnailUrl\":\"https:\/\/www.toutsurmesfinances.com\/retraite\/wp-content\/uploads\/sites\/4\/2025\/04\/image-retraite-liquidation.jpg\",\"dateModified\":\"2025-07-10T14:04:23+00:00\",\"description\":\"e Parisien a r\u00e9v\u00e9l\u00e9, le 25 mai 2013, que les demandes de liquidation des droits \u00e0 la retraite avaient augment\u00e9 de 77% entre avril 2012 et avril 2013. Le directeur de la Caisse nationale d\\\\'assurance vieillesse (Cnav), Pierre Mayeur, conteste ce chiffre to\",\"breadcrumb\":{\"@id\":\"https:\/\/www.toutsurmesfinances.com\/retraite\/retraites-cela-ne-sert-a-rien-de-deposer-son-dossier-6-mois-a-l-avance.html#breadcrumb\"},\"inLanguage\":\"fr-FR\",\"potentialAction\":[{\"@type\":\"ReadAction\",\"target\":[\"https:\/\/www.toutsurmesfinances.com\/retraite\/retraites-cela-ne-sert-a-rien-de-deposer-son-dossier-6-mois-a-l-avance.html\"]}]},{\"@type\":\"ImageObject\",\"inLanguage\":\"fr-FR\",\"@id\":\"https:\/\/www.toutsurmesfinances.com\/retraite\/retraites-cela-ne-sert-a-rien-de-deposer-son-dossier-6-mois-a-l-avance.html#primaryimage\",\"url\":\"https:\/\/www.toutsurmesfinances.com\/retraite\/wp-content\/uploads\/sites\/4\/2025\/04\/image-retraite-liquidation.jpg\",\"contentUrl\":\"https:\/\/www.toutsurmesfinances.com\/retraite\/wp-content\/uploads\/sites\/4\/2025\/04\/image-retraite-liquidation.jpg\",\"width\":600,\"height\":400},{\"@type\":\"BreadcrumbList\",\"@id\":\"https:\/\/www.toutsurmesfinances.com\/retraite\/retraites-cela-ne-sert-a-rien-de-deposer-son-dossier-6-mois-a-l-avance.html#breadcrumb\",\"itemListElement\":[{\"@type\":\"ListItem\",\"position\":1,\"name\":\"Accueil\",\"item\":\"https:\/\/www.toutsurmesfinances.com\/retraite\/\"},{\"@type\":\"ListItem\",\"position\":2,\"name\":\"Liquidation\",\"item\":\"https:\/\/www.toutsurmesfinances.com\/retraite\/c\/liquidation\"},{\"@type\":\"ListItem\",\"position\":3,\"name\":\"D\u00e9marches de retraite\",\"item\":\"https:\/\/www.toutsurmesfinances.com\/retraite\/c\/demarches-de-retraite\"},{\"@type\":\"ListItem\",\"position\":4,\"name\":\"Retraites : \u00ab Cela ne sert \u00e0 rien de d\u00e9poser son dossier 6 mois \u00e0 l&rsquo;avance \u00bb\"}]},{\"@type\":\"WebSite\",\"@id\":\"https:\/\/www.toutsurmesfinances.com\/retraite\/#website\",\"url\":\"https:\/\/www.toutsurmesfinances.com\/retraite\/\",\"name\":\"Retraite\",\"description\":\"\",\"publisher\":{\"@id\":\"https:\/\/www.toutsurmesfinances.com\/retraite\/#organization\"},\"potentialAction\":[{\"@type\":\"SearchAction\",\"target\":{\"@type\":\"EntryPoint\",\"urlTemplate\":\"https:\/\/www.toutsurmesfinances.com\/retraite\/?s={search_term_string}\"},\"query-input\":{\"@type\":\"PropertyValueSpecification\",\"valueRequired\":true,\"valueName\":\"search_term_string\"}}],\"inLanguage\":\"fr-FR\"},{\"@type\":\"Organization\",\"@id\":\"https:\/\/www.toutsurmesfinances.com\/retraite\/#organization\",\"name\":\"Tout Sur Mes Finances\",\"url\":\"https:\/\/www.toutsurmesfinances.com\/retraite\/\",\"logo\":{\"@type\":\"ImageObject\",\"inLanguage\":\"fr-FR\",\"@id\":\"https:\/\/www.toutsurmesfinances.com\/retraite\/#\/schema\/logo\/image\/\",\"url\":\"https:\/\/www.toutsurmesfinances.com\/retraite\/wp-content\/uploads\/sites\/4\/2021\/01\/favicon.png\",\"contentUrl\":\"https:\/\/www.toutsurmesfinances.com\/retraite\/wp-content\/uploads\/sites\/4\/2021\/01\/favicon.png\",\"width\":512,\"height\":512,\"caption\":\"Tout Sur Mes Finances\"},\"image\":{\"@id\":\"https:\/\/www.toutsurmesfinances.com\/retraite\/#\/schema\/logo\/image\/\"},\"sameAs\":[\"https:\/\/x.com\/Toutsur\"]},{\"@type\":\"Person\",\"@id\":\"https:\/\/www.toutsurmesfinances.com\/retraite\/#\/schema\/person\/addc9e9b3978fa7947ead71bab57694c\",\"name\":\"Jean-Philippe Dubosc\",\"image\":{\"@type\":\"ImageObject\",\"inLanguage\":\"fr-FR\",\"@id\":\"https:\/\/www.toutsurmesfinances.com\/retraite\/#\/schema\/person\/image\/\",\"url\":\"https:\/\/secure.gravatar.com\/avatar\/a3cba30cdda1afe79f6ebffc6e952291?s=96&d=mm&r=g\",\"contentUrl\":\"https:\/\/secure.gravatar.com\/avatar\/a3cba30cdda1afe79f6ebffc6e952291?s=96&d=mm&r=g\",\"caption\":\"Jean-Philippe Dubosc\"},\"description\":\"Jean-Philippe Dubosc est r\u00e9dacteur en chef de ToutSurMesFinances.com et sp\u00e9cialiste des questions de retraite obligatoire et d\u2019\u00e9pargne. Pr\u00e9sent au sein du m\u00e9dia depuis plus de 13 ans, il analyse les r\u00e9formes, les dispositifs r\u00e9glementaires et les strat\u00e9gies de d\u00e9part \u00e0 la retraite, avec une approche fond\u00e9e sur une lecture rigoureuse des textes et une connaissance approfondie des diff\u00e9rents r\u00e9gimes de retraite.\",\"sameAs\":[\"https:\/\/www.toutsurmesfinances.com\/author\/jpdubosc\",\"https:\/\/fr.linkedin.com\/in\/jpdubosc\"]}]}<\/script>\n<!-- \/ Yoast SEO plugin. -->","yoast_head_json":{"title":"Retraites : \u00ab Cela ne sert \u00e0 rien de d\u00e9poser son dossier 6 mois \u00e0 l'avance \u00bb","description":"e Parisien a r\u00e9v\u00e9l\u00e9, le 25 mai 2013, que les demandes de liquidation des droits \u00e0 la retraite avaient augment\u00e9 de 77% entre avril 2012 et avril 2013. Le directeur de la Caisse nationale d'assurance vieillesse (Cnav), Pierre Mayeur, conteste ce chiffre to","robots":{"index":"index","follow":"follow","max-snippet":"max-snippet:-1","max-image-preview":"max-image-preview:large","max-video-preview":"max-video-preview:-1"},"canonical":"https:\/\/www.toutsurmesfinances.com\/retraite\/retraites-cela-ne-sert-a-rien-de-deposer-son-dossier-6-mois-a-l-avance.html","og_locale":"fr_FR","og_type":"article","og_title":"Retraites : \u00ab Cela ne sert \u00e0 rien de d\u00e9poser son dossier 6 mois \u00e0 l'avance \u00bb","og_description":"e Parisien a r\u00e9v\u00e9l\u00e9, le 25 mai 2013, que les demandes de liquidation des droits \u00e0 la retraite avaient augment\u00e9 de 77% entre avril 2012 et avril 2013. Le directeur de la Caisse nationale d'assurance vieillesse (Cnav), Pierre Mayeur, conteste ce chiffre to","og_url":"https:\/\/www.toutsurmesfinances.com\/retraite\/retraites-cela-ne-sert-a-rien-de-deposer-son-dossier-6-mois-a-l-avance.html","og_site_name":"Retraite","article_published_time":"2013-05-29T08:35:54+00:00","article_modified_time":"2025-07-10T14:04:23+00:00","og_image":[{"width":600,"height":400,"url":"https:\/\/www.toutsurmesfinances.com\/retraite\/wp-content\/uploads\/sites\/4\/2025\/04\/image-retraite-liquidation.jpg","type":"image\/jpeg"}],"author":"Jean-Philippe Dubosc","twitter_card":"summary_large_image","twitter_creator":"@Toutsur","twitter_site":"@Toutsur","twitter_misc":{"\u00c9crit par":"Jean-Philippe Dubosc","Dur\u00e9e de lecture estim\u00e9e":"5 minutes"},"schema":{"@context":"https:\/\/schema.org","@graph":[{"@type":"Article","@id":"https:\/\/www.toutsurmesfinances.com\/retraite\/retraites-cela-ne-sert-a-rien-de-deposer-son-dossier-6-mois-a-l-avance.html#article","isPartOf":{"@id":"https:\/\/www.toutsurmesfinances.com\/retraite\/retraites-cela-ne-sert-a-rien-de-deposer-son-dossier-6-mois-a-l-avance.html"},"author":{"name":"Jean-Philippe Dubosc","@id":"https:\/\/www.toutsurmesfinances.com\/retraite\/#\/schema\/person\/addc9e9b3978fa7947ead71bab57694c"},"headline":"Retraites : \u00ab Cela ne sert \u00e0 rien de d\u00e9poser son dossier 6 mois \u00e0 l&rsquo;avance \u00bb","dateModified":"2025-07-10T14:04:23+00:00","mainEntityOfPage":{"@id":"https:\/\/www.toutsurmesfinances.com\/retraite\/retraites-cela-ne-sert-a-rien-de-deposer-son-dossier-6-mois-a-l-avance.html"},"wordCount":1029,"publisher":{"@id":"https:\/\/www.toutsurmesfinances.com\/retraite\/#organization"},"image":{"@id":"https:\/\/www.toutsurmesfinances.com\/retraite\/retraites-cela-ne-sert-a-rien-de-deposer-son-dossier-6-mois-a-l-avance.html#primaryimage"},"thumbnailUrl":"https:\/\/www.toutsurmesfinances.com\/retraite\/wp-content\/uploads\/sites\/4\/2025\/04\/image-retraite-liquidation.jpg","articleSection":["D\u00e9marches de retraite"],"inLanguage":"fr-FR"},{"@type":"WebPage","@id":"https:\/\/www.toutsurmesfinances.com\/retraite\/retraites-cela-ne-sert-a-rien-de-deposer-son-dossier-6-mois-a-l-avance.html","url":"https:\/\/www.toutsurmesfinances.com\/retraite\/retraites-cela-ne-sert-a-rien-de-deposer-son-dossier-6-mois-a-l-avance.html","name":"Retraites : \u00ab Cela ne sert \u00e0 rien de d\u00e9poser son dossier 6 mois \u00e0 l'avance \u00bb","isPartOf":{"@id":"https:\/\/www.toutsurmesfinances.com\/retraite\/#website"},"primaryImageOfPage":{"@id":"https:\/\/www.toutsurmesfinances.com\/retraite\/retraites-cela-ne-sert-a-rien-de-deposer-son-dossier-6-mois-a-l-avance.html#primaryimage"},"image":{"@id":"https:\/\/www.toutsurmesfinances.com\/retraite\/retraites-cela-ne-sert-a-rien-de-deposer-son-dossier-6-mois-a-l-avance.html#primaryimage"},"thumbnailUrl":"https:\/\/www.toutsurmesfinances.com\/retraite\/wp-content\/uploads\/sites\/4\/2025\/04\/image-retraite-liquidation.jpg","dateModified":"2025-07-10T14:04:23+00:00","description":"e Parisien a r\u00e9v\u00e9l\u00e9, le 25 mai 2013, que les demandes de liquidation des droits \u00e0 la retraite avaient augment\u00e9 de 77% entre avril 2012 et avril 2013. Le directeur de la Caisse nationale d\\'assurance vieillesse (Cnav), Pierre Mayeur, conteste ce chiffre to","breadcrumb":{"@id":"https:\/\/www.toutsurmesfinances.com\/retraite\/retraites-cela-ne-sert-a-rien-de-deposer-son-dossier-6-mois-a-l-avance.html#breadcrumb"},"inLanguage":"fr-FR","potentialAction":[{"@type":"ReadAction","target":["https:\/\/www.toutsurmesfinances.com\/retraite\/retraites-cela-ne-sert-a-rien-de-deposer-son-dossier-6-mois-a-l-avance.html"]}]},{"@type":"ImageObject","inLanguage":"fr-FR","@id":"https:\/\/www.toutsurmesfinances.com\/retraite\/retraites-cela-ne-sert-a-rien-de-deposer-son-dossier-6-mois-a-l-avance.html#primaryimage","url":"https:\/\/www.toutsurmesfinances.com\/retraite\/wp-content\/uploads\/sites\/4\/2025\/04\/image-retraite-liquidation.jpg","contentUrl":"https:\/\/www.toutsurmesfinances.com\/retraite\/wp-content\/uploads\/sites\/4\/2025\/04\/image-retraite-liquidation.jpg","width":600,"height":400},{"@type":"BreadcrumbList","@id":"https:\/\/www.toutsurmesfinances.com\/retraite\/retraites-cela-ne-sert-a-rien-de-deposer-son-dossier-6-mois-a-l-avance.html#breadcrumb","itemListElement":[{"@type":"ListItem","position":1,"name":"Accueil","item":"https:\/\/www.toutsurmesfinances.com\/retraite\/"},{"@type":"ListItem","position":2,"name":"Liquidation","item":"https:\/\/www.toutsurmesfinances.com\/retraite\/c\/liquidation"},{"@type":"ListItem","position":3,"name":"D\u00e9marches de retraite","item":"https:\/\/www.toutsurmesfinances.com\/retraite\/c\/demarches-de-retraite"},{"@type":"ListItem","position":4,"name":"Retraites : \u00ab Cela ne sert \u00e0 rien de d\u00e9poser son dossier 6 mois \u00e0 l&rsquo;avance \u00bb"}]},{"@type":"WebSite","@id":"https:\/\/www.toutsurmesfinances.com\/retraite\/#website","url":"https:\/\/www.toutsurmesfinances.com\/retraite\/","name":"Retraite","description":"","publisher":{"@id":"https:\/\/www.toutsurmesfinances.com\/retraite\/#organization"},"potentialAction":[{"@type":"SearchAction","target":{"@type":"EntryPoint","urlTemplate":"https:\/\/www.toutsurmesfinances.com\/retraite\/?s={search_term_string}"},"query-input":{"@type":"PropertyValueSpecification","valueRequired":true,"valueName":"search_term_string"}}],"inLanguage":"fr-FR"},{"@type":"Organization","@id":"https:\/\/www.toutsurmesfinances.com\/retraite\/#organization","name":"Tout Sur Mes Finances","url":"https:\/\/www.toutsurmesfinances.com\/retraite\/","logo":{"@type":"ImageObject","inLanguage":"fr-FR","@id":"https:\/\/www.toutsurmesfinances.com\/retraite\/#\/schema\/logo\/image\/","url":"https:\/\/www.toutsurmesfinances.com\/retraite\/wp-content\/uploads\/sites\/4\/2021\/01\/favicon.png","contentUrl":"https:\/\/www.toutsurmesfinances.com\/retraite\/wp-content\/uploads\/sites\/4\/2021\/01\/favicon.png","width":512,"height":512,"caption":"Tout Sur Mes Finances"},"image":{"@id":"https:\/\/www.toutsurmesfinances.com\/retraite\/#\/schema\/logo\/image\/"},"sameAs":["https:\/\/x.com\/Toutsur"]},{"@type":"Person","@id":"https:\/\/www.toutsurmesfinances.com\/retraite\/#\/schema\/person\/addc9e9b3978fa7947ead71bab57694c","name":"Jean-Philippe Dubosc","image":{"@type":"ImageObject","inLanguage":"fr-FR","@id":"https:\/\/www.toutsurmesfinances.com\/retraite\/#\/schema\/person\/image\/","url":"https:\/\/secure.gravatar.com\/avatar\/a3cba30cdda1afe79f6ebffc6e952291?s=96&d=mm&r=g","contentUrl":"https:\/\/secure.gravatar.com\/avatar\/a3cba30cdda1afe79f6ebffc6e952291?s=96&d=mm&r=g","caption":"Jean-Philippe Dubosc"},"description":"Jean-Philippe Dubosc est r\u00e9dacteur en chef de ToutSurMesFinances.com et sp\u00e9cialiste des questions de retraite obligatoire et d\u2019\u00e9pargne. Pr\u00e9sent au sein du m\u00e9dia depuis plus de 13 ans, il analyse les r\u00e9formes, les dispositifs r\u00e9glementaires et les strat\u00e9gies de d\u00e9part \u00e0 la retraite, avec une approche fond\u00e9e sur une lecture rigoureuse des textes et une connaissance approfondie des diff\u00e9rents r\u00e9gimes de retraite.","sameAs":["https:\/\/www.toutsurmesfinances.com\/author\/jpdubosc","https:\/\/fr.linkedin.com\/in\/jpdubosc"]}]}},"_links":{"self":[{"href":"https:\/\/www.toutsurmesfinances.com\/retraite\/wp-json\/wp\/v2\/posts\/18969","targetHints":{"allow":["GET"]}}],"collection":[{"href":"https:\/\/www.toutsurmesfinances.com\/retraite\/wp-json\/wp\/v2\/posts"}],"about":[{"href":"https:\/\/www.toutsurmesfinances.com\/retraite\/wp-json\/wp\/v2\/types\/post"}],"author":[{"embeddable":true,"href":"https:\/\/www.toutsurmesfinances.com\/retraite\/wp-json\/wp\/v2\/users\/13713"}],"replies":[{"embeddable":true,"href":"https:\/\/www.toutsurmesfinances.com\/retraite\/wp-json\/wp\/v2\/comments?post=18969"}],"version-history":[{"count":3,"href":"https:\/\/www.toutsurmesfinances.com\/retraite\/wp-json\/wp\/v2\/posts\/18969\/revisions"}],"predecessor-version":[{"id":32268,"href":"https:\/\/www.toutsurmesfinances.com\/retraite\/wp-json\/wp\/v2\/posts\/18969\/revisions\/32268"}],"wp:featuredmedia":[{"embeddable":true,"href":"https:\/\/www.toutsurmesfinances.com\/retraite\/wp-json\/wp\/v2\/media\/32228"}],"wp:attachment":[{"href":"https:\/\/www.toutsurmesfinances.com\/retraite\/wp-json\/wp\/v2\/media?parent=18969"}],"wp:term":[{"taxonomy":"category","embeddable":true,"href":"https:\/\/www.toutsurmesfinances.com\/retraite\/wp-json\/wp\/v2\/categories?post=18969"},{"taxonomy":"post_tag","embeddable":true,"href":"https:\/\/www.toutsurmesfinances.com\/retraite\/wp-json\/wp\/v2\/tags?post=18969"}],"curies":[{"name":"wp","href":"https:\/\/api.w.org\/{rel}","templated":true}]}}