{"id":19252,"date":"2013-09-04T07:59:16","date_gmt":"2013-09-04T05:59:16","guid":{"rendered":"https:\/\/www.toutsurmesfinances.com\/retraite\/retraites-trois-quarts-des-francais-mecontents-de-la-reforme.html"},"modified":"2021-12-08T15:38:54","modified_gmt":"2021-12-08T14:38:54","slug":"retraites-trois-quarts-des-francais-mecontents-de-la-reforme","status":"publish","type":"post","link":"https:\/\/www.toutsurmesfinances.com\/retraite\/retraites-trois-quarts-des-francais-mecontents-de-la-reforme.html","title":{"rendered":"Retraites : trois-quarts des Fran\u00e7ais m\u00e9contents de la r\u00e9forme"},"content":{"rendered":"<section class=\"l-section wpb_row height_small\"><div class=\"l-section-h i-cf\"><div class=\"g-cols vc_row via_flex valign_top type_default stacking_default\"><div class=\"vc_col-sm-12 wpb_column vc_column_container\"><div class=\"vc_column-inner\"><div class=\"wpb_wrapper\"><div class=\"wpb_text_column\"><div class=\"wpb_wrapper\"><p>Quelque 74% des Fran\u00e7ais se d\u00e9clarent insatisfaits par les grandes lignes de la<strong> r\u00e9forme des retraites<\/strong> pr\u00e9sent\u00e9es le 27 ao\u00fbt 2013 par <strong>Jean-Marc Ayrault,<\/strong> selon un sondage r\u00e9alis\u00e9 par l&rsquo;Ifop et publi\u00e9 dans le magazine <em>P\u00e9l\u00e9rin<\/em> dat\u00e9 du 4 septembre 2013. Dans le d\u00e9tail, 39% des 1.004 personnes interrog\u00e9es se disent <em>\u00ab plut\u00f4t pas \u00bb<\/em> satisfaites et 35% <em>\u00ab pas du tout \u00bb<\/em> satisfaites. Sans surprise, le plus gros contingent de m\u00e9contents se situe chez les sympathisants de l&rsquo;UMP (82%). Pour autant, une majorit\u00e9 (63%) de sympathisants de gauche ne sont pas non plus satisfaits des mesures annonc\u00e9es.<\/p>\n<p>Plus \u00e9tonnant : 78% des femmes se montrent insatisfaites contre 71% des hommes alors m\u00eame que le gouvernement a pr\u00e9vu des dispositifs (augmentation du nombre de trimestres consid\u00e9r\u00e9s comme valid\u00e9s au titre de la maternit\u00e9, forfaitisation de la majoration pour enfants&#8230;) visant \u00e0 r\u00e9duire les \u00e9carts de pension entre hommes et femmes. 80% des 25-49 ans sont m\u00e9contents. Il est vrai que l&rsquo;allongement de la dur\u00e9e de cotisation de 41,5 \u00e0 43 ans d&rsquo;ici 2035 va les toucher au premier chef. A contrario, 59% des retrait\u00e9s, qui ne sont plus concern\u00e9s, y sont favorables. Tout comme la moiti\u00e9 des cadres et des professions lib\u00e9rales. 72% des employ\u00e9s et 74% des ouvriers refusent un allongement de la dur\u00e9e de cotisation.<\/p>\n<p>Enfin, les fonctionnaires (73%) se r\u00e9v\u00e8lent tout aussi hostiles aux mesures pr\u00e9sent\u00e9es que les salari\u00e9s du priv\u00e9 (78%). Mais les plus virulents opposants se recrutent chez les employeurs et les ind\u00e9pendants (90%). Les premiers supportent mal la hausse des cotisations vieillesse patronales de 0,30 point sur quatre ans tandis que les seconds estiment \u00eatre les laiss\u00e9s pour compte de la r\u00e9forme.<\/p>\n<\/div><\/div><\/div><\/div><\/div><\/div><\/div><\/section>\n","protected":false},"excerpt":{"rendered":"Quelque 74% des Fran\u00e7ais se d\u00e9clarent insatisfaits par les grandes lignes de la r\u00e9forme des retraites pr\u00e9sent\u00e9es le 27 ao\u00fbt 2013 par Jean-Marc Ayrault, selon un sondage r\u00e9alis\u00e9 par l&rsquo;Ifop et publi\u00e9 dans le magazine P\u00e9l\u00e9rin dat\u00e9 du 4 septembre 2013. Dans le d\u00e9tail, 39% des 1.004 personnes interrog\u00e9es se disent \u00ab plut\u00f4t pas \u00bb...","protected":false},"author":13713,"featured_media":0,"comment_status":"closed","ping_status":"closed","sticky":false,"template":"","format":"standard","meta":{"footnotes":""},"categories":[1],"tags":[],"class_list":["post-19252","post","type-post","status-publish","format-standard","hentry","category-non-classe"],"acf":[],"yoast_head":"<!-- This site is optimized with the Yoast SEO plugin v24.9 - https:\/\/yoast.com\/wordpress\/plugins\/seo\/ -->\n<title>Retraites : trois-quarts des Fran\u00e7ais m\u00e9contents de la r\u00e9forme<\/title>\n<meta name=\"description\" content=\"Quelque 74% des Fran\u00e7ais se d\u00e9clarent insatisfaits par les grandes lignes de la r\u00e9forme des retraites pr\u00e9sent\u00e9es le 27 ao\u00fbt 2013 par Jean-Marc Ayrault, selon un sondage r\u00e9alis\u00e9 par l&#039;Ifop et publi\u00e9 dans le magazine P\u00e9l\u00e9rin dat\u00e9 du 4 septembre 2013\" \/>\n<meta name=\"robots\" content=\"index, follow, max-snippet:-1, max-image-preview:large, max-video-preview:-1\" \/>\n<link rel=\"canonical\" href=\"https:\/\/www.toutsurmesfinances.com\/retraite\/retraites-trois-quarts-des-francais-mecontents-de-la-reforme.html\" \/>\n<meta property=\"og:locale\" content=\"fr_FR\" \/>\n<meta property=\"og:type\" content=\"article\" \/>\n<meta property=\"og:title\" content=\"Retraites : trois-quarts des Fran\u00e7ais m\u00e9contents de la r\u00e9forme\" \/>\n<meta property=\"og:description\" content=\"Quelque 74% des Fran\u00e7ais se d\u00e9clarent insatisfaits par les grandes lignes de la r\u00e9forme des retraites pr\u00e9sent\u00e9es le 27 ao\u00fbt 2013 par Jean-Marc Ayrault, selon un sondage r\u00e9alis\u00e9 par l&#039;Ifop et publi\u00e9 dans le magazine P\u00e9l\u00e9rin dat\u00e9 du 4 septembre 2013\" \/>\n<meta property=\"og:url\" content=\"https:\/\/www.toutsurmesfinances.com\/retraite\/retraites-trois-quarts-des-francais-mecontents-de-la-reforme.html\" \/>\n<meta property=\"og:site_name\" content=\"Retraite\" \/>\n<meta property=\"article:published_time\" content=\"2013-09-04T05:59:16+00:00\" \/>\n<meta property=\"article:modified_time\" content=\"2021-12-08T14:38:54+00:00\" \/>\n<meta name=\"author\" content=\"Jean-Philippe Dubosc\" \/>\n<meta name=\"twitter:card\" content=\"summary_large_image\" \/>\n<meta name=\"twitter:creator\" content=\"@Toutsur\" \/>\n<meta name=\"twitter:site\" content=\"@Toutsur\" \/>\n<meta name=\"twitter:label1\" content=\"\u00c9crit par\" \/>\n\t<meta name=\"twitter:data1\" content=\"Jean-Philippe Dubosc\" \/>\n\t<meta name=\"twitter:label2\" content=\"Dur\u00e9e de lecture estim\u00e9e\" \/>\n\t<meta name=\"twitter:data2\" content=\"1 minute\" \/>\n<script type=\"application\/ld+json\" class=\"yoast-schema-graph\">{\"@context\":\"https:\/\/schema.org\",\"@graph\":[{\"@type\":\"Article\",\"@id\":\"https:\/\/www.toutsurmesfinances.com\/retraite\/retraites-trois-quarts-des-francais-mecontents-de-la-reforme.html#article\",\"isPartOf\":{\"@id\":\"https:\/\/www.toutsurmesfinances.com\/retraite\/retraites-trois-quarts-des-francais-mecontents-de-la-reforme.html\"},\"author\":{\"name\":\"Jean-Philippe Dubosc\",\"@id\":\"https:\/\/www.toutsurmesfinances.com\/retraite\/#\/schema\/person\/addc9e9b3978fa7947ead71bab57694c\"},\"headline\":\"Retraites : trois-quarts des Fran\u00e7ais m\u00e9contents de la r\u00e9forme\",\"dateModified\":\"2021-12-08T14:38:54+00:00\",\"mainEntityOfPage\":{\"@id\":\"https:\/\/www.toutsurmesfinances.com\/retraite\/retraites-trois-quarts-des-francais-mecontents-de-la-reforme.html\"},\"wordCount\":312,\"publisher\":{\"@id\":\"https:\/\/www.toutsurmesfinances.com\/retraite\/#organization\"},\"inLanguage\":\"fr-FR\"},{\"@type\":\"WebPage\",\"@id\":\"https:\/\/www.toutsurmesfinances.com\/retraite\/retraites-trois-quarts-des-francais-mecontents-de-la-reforme.html\",\"url\":\"https:\/\/www.toutsurmesfinances.com\/retraite\/retraites-trois-quarts-des-francais-mecontents-de-la-reforme.html\",\"name\":\"Retraites : trois-quarts des Fran\u00e7ais m\u00e9contents de la r\u00e9forme\",\"isPartOf\":{\"@id\":\"https:\/\/www.toutsurmesfinances.com\/retraite\/#website\"},\"dateModified\":\"2021-12-08T14:38:54+00:00\",\"description\":\"Quelque 74% des Fran\u00e7ais se d\u00e9clarent insatisfaits par les grandes lignes de la r\u00e9forme des retraites pr\u00e9sent\u00e9es le 27 ao\u00fbt 2013 par Jean-Marc Ayrault, selon un sondage r\u00e9alis\u00e9 par l'Ifop et publi\u00e9 dans le magazine P\u00e9l\u00e9rin dat\u00e9 du 4 septembre 2013\",\"breadcrumb\":{\"@id\":\"https:\/\/www.toutsurmesfinances.com\/retraite\/retraites-trois-quarts-des-francais-mecontents-de-la-reforme.html#breadcrumb\"},\"inLanguage\":\"fr-FR\",\"potentialAction\":[{\"@type\":\"ReadAction\",\"target\":[\"https:\/\/www.toutsurmesfinances.com\/retraite\/retraites-trois-quarts-des-francais-mecontents-de-la-reforme.html\"]}]},{\"@type\":\"BreadcrumbList\",\"@id\":\"https:\/\/www.toutsurmesfinances.com\/retraite\/retraites-trois-quarts-des-francais-mecontents-de-la-reforme.html#breadcrumb\",\"itemListElement\":[{\"@type\":\"ListItem\",\"position\":1,\"name\":\"Accueil\",\"item\":\"https:\/\/www.toutsurmesfinances.com\/retraite\/\"},{\"@type\":\"ListItem\",\"position\":2,\"name\":\"Non class\u00e9\",\"item\":\"https:\/\/www.toutsurmesfinances.com\/retraite\/c\/non-classe\"},{\"@type\":\"ListItem\",\"position\":3,\"name\":\"Retraites : trois-quarts des Fran\u00e7ais m\u00e9contents de la r\u00e9forme\"}]},{\"@type\":\"WebSite\",\"@id\":\"https:\/\/www.toutsurmesfinances.com\/retraite\/#website\",\"url\":\"https:\/\/www.toutsurmesfinances.com\/retraite\/\",\"name\":\"Retraite\",\"description\":\"\",\"publisher\":{\"@id\":\"https:\/\/www.toutsurmesfinances.com\/retraite\/#organization\"},\"potentialAction\":[{\"@type\":\"SearchAction\",\"target\":{\"@type\":\"EntryPoint\",\"urlTemplate\":\"https:\/\/www.toutsurmesfinances.com\/retraite\/?s={search_term_string}\"},\"query-input\":{\"@type\":\"PropertyValueSpecification\",\"valueRequired\":true,\"valueName\":\"search_term_string\"}}],\"inLanguage\":\"fr-FR\"},{\"@type\":\"Organization\",\"@id\":\"https:\/\/www.toutsurmesfinances.com\/retraite\/#organization\",\"name\":\"Tout Sur Mes Finances\",\"url\":\"https:\/\/www.toutsurmesfinances.com\/retraite\/\",\"logo\":{\"@type\":\"ImageObject\",\"inLanguage\":\"fr-FR\",\"@id\":\"https:\/\/www.toutsurmesfinances.com\/retraite\/#\/schema\/logo\/image\/\",\"url\":\"https:\/\/www.toutsurmesfinances.com\/retraite\/wp-content\/uploads\/sites\/4\/2021\/01\/favicon.png\",\"contentUrl\":\"https:\/\/www.toutsurmesfinances.com\/retraite\/wp-content\/uploads\/sites\/4\/2021\/01\/favicon.png\",\"width\":512,\"height\":512,\"caption\":\"Tout Sur Mes Finances\"},\"image\":{\"@id\":\"https:\/\/www.toutsurmesfinances.com\/retraite\/#\/schema\/logo\/image\/\"},\"sameAs\":[\"https:\/\/x.com\/Toutsur\"]},{\"@type\":\"Person\",\"@id\":\"https:\/\/www.toutsurmesfinances.com\/retraite\/#\/schema\/person\/addc9e9b3978fa7947ead71bab57694c\",\"name\":\"Jean-Philippe Dubosc\",\"image\":{\"@type\":\"ImageObject\",\"inLanguage\":\"fr-FR\",\"@id\":\"https:\/\/www.toutsurmesfinances.com\/retraite\/#\/schema\/person\/image\/\",\"url\":\"https:\/\/secure.gravatar.com\/avatar\/a3cba30cdda1afe79f6ebffc6e952291?s=96&d=mm&r=g\",\"contentUrl\":\"https:\/\/secure.gravatar.com\/avatar\/a3cba30cdda1afe79f6ebffc6e952291?s=96&d=mm&r=g\",\"caption\":\"Jean-Philippe Dubosc\"},\"description\":\"Jean-Philippe Dubosc est r\u00e9dacteur en chef de ToutSurMesFinances.com et sp\u00e9cialiste des questions de retraite obligatoire et d\u2019\u00e9pargne. Pr\u00e9sent au sein du m\u00e9dia depuis plus de 13 ans, il analyse les r\u00e9formes, les dispositifs r\u00e9glementaires et les strat\u00e9gies de d\u00e9part \u00e0 la retraite, avec une approche fond\u00e9e sur une lecture rigoureuse des textes et une connaissance approfondie des diff\u00e9rents r\u00e9gimes de retraite.\",\"sameAs\":[\"https:\/\/www.toutsurmesfinances.com\/author\/jpdubosc\",\"https:\/\/fr.linkedin.com\/in\/jpdubosc\"]}]}<\/script>\n<!-- \/ Yoast SEO plugin. -->","yoast_head_json":{"title":"Retraites : trois-quarts des Fran\u00e7ais m\u00e9contents de la r\u00e9forme","description":"Quelque 74% des Fran\u00e7ais se d\u00e9clarent insatisfaits par les grandes lignes de la r\u00e9forme des retraites pr\u00e9sent\u00e9es le 27 ao\u00fbt 2013 par Jean-Marc Ayrault, selon un sondage r\u00e9alis\u00e9 par l'Ifop et publi\u00e9 dans le magazine P\u00e9l\u00e9rin dat\u00e9 du 4 septembre 2013","robots":{"index":"index","follow":"follow","max-snippet":"max-snippet:-1","max-image-preview":"max-image-preview:large","max-video-preview":"max-video-preview:-1"},"canonical":"https:\/\/www.toutsurmesfinances.com\/retraite\/retraites-trois-quarts-des-francais-mecontents-de-la-reforme.html","og_locale":"fr_FR","og_type":"article","og_title":"Retraites : trois-quarts des Fran\u00e7ais m\u00e9contents de la r\u00e9forme","og_description":"Quelque 74% des Fran\u00e7ais se d\u00e9clarent insatisfaits par les grandes lignes de la r\u00e9forme des retraites pr\u00e9sent\u00e9es le 27 ao\u00fbt 2013 par Jean-Marc Ayrault, selon un sondage r\u00e9alis\u00e9 par l'Ifop et publi\u00e9 dans le magazine P\u00e9l\u00e9rin dat\u00e9 du 4 septembre 2013","og_url":"https:\/\/www.toutsurmesfinances.com\/retraite\/retraites-trois-quarts-des-francais-mecontents-de-la-reforme.html","og_site_name":"Retraite","article_published_time":"2013-09-04T05:59:16+00:00","article_modified_time":"2021-12-08T14:38:54+00:00","author":"Jean-Philippe Dubosc","twitter_card":"summary_large_image","twitter_creator":"@Toutsur","twitter_site":"@Toutsur","twitter_misc":{"\u00c9crit par":"Jean-Philippe Dubosc","Dur\u00e9e de lecture estim\u00e9e":"1 minute"},"schema":{"@context":"https:\/\/schema.org","@graph":[{"@type":"Article","@id":"https:\/\/www.toutsurmesfinances.com\/retraite\/retraites-trois-quarts-des-francais-mecontents-de-la-reforme.html#article","isPartOf":{"@id":"https:\/\/www.toutsurmesfinances.com\/retraite\/retraites-trois-quarts-des-francais-mecontents-de-la-reforme.html"},"author":{"name":"Jean-Philippe Dubosc","@id":"https:\/\/www.toutsurmesfinances.com\/retraite\/#\/schema\/person\/addc9e9b3978fa7947ead71bab57694c"},"headline":"Retraites : trois-quarts des Fran\u00e7ais m\u00e9contents de la r\u00e9forme","dateModified":"2021-12-08T14:38:54+00:00","mainEntityOfPage":{"@id":"https:\/\/www.toutsurmesfinances.com\/retraite\/retraites-trois-quarts-des-francais-mecontents-de-la-reforme.html"},"wordCount":312,"publisher":{"@id":"https:\/\/www.toutsurmesfinances.com\/retraite\/#organization"},"inLanguage":"fr-FR"},{"@type":"WebPage","@id":"https:\/\/www.toutsurmesfinances.com\/retraite\/retraites-trois-quarts-des-francais-mecontents-de-la-reforme.html","url":"https:\/\/www.toutsurmesfinances.com\/retraite\/retraites-trois-quarts-des-francais-mecontents-de-la-reforme.html","name":"Retraites : trois-quarts des Fran\u00e7ais m\u00e9contents de la r\u00e9forme","isPartOf":{"@id":"https:\/\/www.toutsurmesfinances.com\/retraite\/#website"},"dateModified":"2021-12-08T14:38:54+00:00","description":"Quelque 74% des Fran\u00e7ais se d\u00e9clarent insatisfaits par les grandes lignes de la r\u00e9forme des retraites pr\u00e9sent\u00e9es le 27 ao\u00fbt 2013 par Jean-Marc Ayrault, selon un sondage r\u00e9alis\u00e9 par l'Ifop et publi\u00e9 dans le magazine P\u00e9l\u00e9rin dat\u00e9 du 4 septembre 2013","breadcrumb":{"@id":"https:\/\/www.toutsurmesfinances.com\/retraite\/retraites-trois-quarts-des-francais-mecontents-de-la-reforme.html#breadcrumb"},"inLanguage":"fr-FR","potentialAction":[{"@type":"ReadAction","target":["https:\/\/www.toutsurmesfinances.com\/retraite\/retraites-trois-quarts-des-francais-mecontents-de-la-reforme.html"]}]},{"@type":"BreadcrumbList","@id":"https:\/\/www.toutsurmesfinances.com\/retraite\/retraites-trois-quarts-des-francais-mecontents-de-la-reforme.html#breadcrumb","itemListElement":[{"@type":"ListItem","position":1,"name":"Accueil","item":"https:\/\/www.toutsurmesfinances.com\/retraite\/"},{"@type":"ListItem","position":2,"name":"Non class\u00e9","item":"https:\/\/www.toutsurmesfinances.com\/retraite\/c\/non-classe"},{"@type":"ListItem","position":3,"name":"Retraites : trois-quarts des Fran\u00e7ais m\u00e9contents de la r\u00e9forme"}]},{"@type":"WebSite","@id":"https:\/\/www.toutsurmesfinances.com\/retraite\/#website","url":"https:\/\/www.toutsurmesfinances.com\/retraite\/","name":"Retraite","description":"","publisher":{"@id":"https:\/\/www.toutsurmesfinances.com\/retraite\/#organization"},"potentialAction":[{"@type":"SearchAction","target":{"@type":"EntryPoint","urlTemplate":"https:\/\/www.toutsurmesfinances.com\/retraite\/?s={search_term_string}"},"query-input":{"@type":"PropertyValueSpecification","valueRequired":true,"valueName":"search_term_string"}}],"inLanguage":"fr-FR"},{"@type":"Organization","@id":"https:\/\/www.toutsurmesfinances.com\/retraite\/#organization","name":"Tout Sur Mes Finances","url":"https:\/\/www.toutsurmesfinances.com\/retraite\/","logo":{"@type":"ImageObject","inLanguage":"fr-FR","@id":"https:\/\/www.toutsurmesfinances.com\/retraite\/#\/schema\/logo\/image\/","url":"https:\/\/www.toutsurmesfinances.com\/retraite\/wp-content\/uploads\/sites\/4\/2021\/01\/favicon.png","contentUrl":"https:\/\/www.toutsurmesfinances.com\/retraite\/wp-content\/uploads\/sites\/4\/2021\/01\/favicon.png","width":512,"height":512,"caption":"Tout Sur Mes Finances"},"image":{"@id":"https:\/\/www.toutsurmesfinances.com\/retraite\/#\/schema\/logo\/image\/"},"sameAs":["https:\/\/x.com\/Toutsur"]},{"@type":"Person","@id":"https:\/\/www.toutsurmesfinances.com\/retraite\/#\/schema\/person\/addc9e9b3978fa7947ead71bab57694c","name":"Jean-Philippe Dubosc","image":{"@type":"ImageObject","inLanguage":"fr-FR","@id":"https:\/\/www.toutsurmesfinances.com\/retraite\/#\/schema\/person\/image\/","url":"https:\/\/secure.gravatar.com\/avatar\/a3cba30cdda1afe79f6ebffc6e952291?s=96&d=mm&r=g","contentUrl":"https:\/\/secure.gravatar.com\/avatar\/a3cba30cdda1afe79f6ebffc6e952291?s=96&d=mm&r=g","caption":"Jean-Philippe Dubosc"},"description":"Jean-Philippe Dubosc est r\u00e9dacteur en chef de ToutSurMesFinances.com et sp\u00e9cialiste des questions de retraite obligatoire et d\u2019\u00e9pargne. Pr\u00e9sent au sein du m\u00e9dia depuis plus de 13 ans, il analyse les r\u00e9formes, les dispositifs r\u00e9glementaires et les strat\u00e9gies de d\u00e9part \u00e0 la retraite, avec une approche fond\u00e9e sur une lecture rigoureuse des textes et une connaissance approfondie des diff\u00e9rents r\u00e9gimes de retraite.","sameAs":["https:\/\/www.toutsurmesfinances.com\/author\/jpdubosc","https:\/\/fr.linkedin.com\/in\/jpdubosc"]}]}},"_links":{"self":[{"href":"https:\/\/www.toutsurmesfinances.com\/retraite\/wp-json\/wp\/v2\/posts\/19252","targetHints":{"allow":["GET"]}}],"collection":[{"href":"https:\/\/www.toutsurmesfinances.com\/retraite\/wp-json\/wp\/v2\/posts"}],"about":[{"href":"https:\/\/www.toutsurmesfinances.com\/retraite\/wp-json\/wp\/v2\/types\/post"}],"author":[{"embeddable":true,"href":"https:\/\/www.toutsurmesfinances.com\/retraite\/wp-json\/wp\/v2\/users\/13713"}],"replies":[{"embeddable":true,"href":"https:\/\/www.toutsurmesfinances.com\/retraite\/wp-json\/wp\/v2\/comments?post=19252"}],"version-history":[{"count":2,"href":"https:\/\/www.toutsurmesfinances.com\/retraite\/wp-json\/wp\/v2\/posts\/19252\/revisions"}],"predecessor-version":[{"id":30587,"href":"https:\/\/www.toutsurmesfinances.com\/retraite\/wp-json\/wp\/v2\/posts\/19252\/revisions\/30587"}],"wp:attachment":[{"href":"https:\/\/www.toutsurmesfinances.com\/retraite\/wp-json\/wp\/v2\/media?parent=19252"}],"wp:term":[{"taxonomy":"category","embeddable":true,"href":"https:\/\/www.toutsurmesfinances.com\/retraite\/wp-json\/wp\/v2\/categories?post=19252"},{"taxonomy":"post_tag","embeddable":true,"href":"https:\/\/www.toutsurmesfinances.com\/retraite\/wp-json\/wp\/v2\/tags?post=19252"}],"curies":[{"name":"wp","href":"https:\/\/api.w.org\/{rel}","templated":true}]}}