{"id":19431,"date":"2013-10-21T12:21:41","date_gmt":"2013-10-21T10:21:41","guid":{"rendered":"https:\/\/www.toutsurmesfinances.com\/retraite\/retraite-additionnelle-des-fonctionnaires-256-euros-en-moyenne-en-2012.html"},"modified":"2021-12-08T15:04:47","modified_gmt":"2021-12-08T14:04:47","slug":"retraite-additionnelle-des-fonctionnaires-256-euros-en-moyenne-en-2012","status":"publish","type":"post","link":"https:\/\/www.toutsurmesfinances.com\/retraite\/retraite-additionnelle-des-fonctionnaires-256-euros-en-moyenne-en-2012.html","title":{"rendered":"Retraite additionnelle des fonctionnaires : 256 euros en moyenne en 2012"},"content":{"rendered":"<section class=\"l-section wpb_row height_small\"><div class=\"l-section-h i-cf\"><div class=\"g-cols vc_row via_flex valign_top type_default stacking_default\"><div class=\"vc_col-sm-12 wpb_column vc_column_container\"><div class=\"vc_column-inner\"><div class=\"wpb_wrapper\"><div class=\"wpb_text_column\"><div class=\"wpb_wrapper\"><p>Les <strong>fonctionnaires<\/strong> ne doivent pas trop compter sur leur retraite additionnelle pour financer leurs vieux jours. Le montant moyen de la rente per\u00e7ue au titre de la retraite additionnelle de la fonction publique (<strong>RAFP<\/strong>) s&rsquo;est \u00e9lev\u00e9 \u00e0 256 euros bruts sur&#8230; l&rsquo;ann\u00e9e, selon le rapport annuel 2012 de l&rsquo;ERAFP, l&rsquo;\u00e9tablissement gestionnaire de la RAFP. Il est vrai que ce r\u00e9gime par points, r\u00e9serv\u00e9 aux agents publics d&rsquo;Etat, territoriaux et hospitaliers, n&rsquo;est entr\u00e9 en vigueur qu&rsquo;en 2005.<\/p>\n<p>Seules 1.247 rentes annuelles de la RAFP ont \u00e9t\u00e9 servies en 2010, 4.087 en 2011 et 8.994 en 2012. Les rentes vers\u00e9es ne repr\u00e9sentent qu&rsquo;un 100\u00e8me des <strong>prestations en capital<\/strong> (220 millions d&rsquo;euros, contre 2,30 millions d&rsquo;euros pour les rentes). Pour b\u00e9n\u00e9ficier d&rsquo;une rente au titre de la RAFP, le fonctionnaire doit avoir accumul\u00e9 au moins 5.125 points.<\/p>\n<p>Preuve de la mont\u00e9e en charge du r\u00e9gime, le nombre de prestations en capital baisse, passant de 238.474 en 2011 \u00e0 188.245 en 2012. Compte tenu du report de l&rsquo;\u00e2ge l\u00e9gal de d\u00e9part de 60 \u00e0 62 ans, instaur\u00e9 par la r\u00e9forme des retraites de 2010, le nombre total de liquidations a chut\u00e9 de 14% l&rsquo;an pass\u00e9.<\/p>\n<p>Pour rappel, la RAFP est financ\u00e9e par des cotisations pr\u00e9lev\u00e9es sur les <strong>primes<\/strong>, les heures suppl\u00e9mentaires, les indemnit\u00e9s ou les avantages en nature dans la limite de 20% du traitement indiciaire brut per\u00e7u par le fonctionnaire. L&rsquo;objectif de cette retraite additionnelle est de compenser le mode de calcul des pensions de la fonction publique bas\u00e9 sur les 6 derniers mois de traitement et qui ne prend pas en compte les primes et autres avantages.<\/p>\n<\/div><\/div><\/div><\/div><\/div><\/div><\/div><\/section>\n","protected":false},"excerpt":{"rendered":"Les fonctionnaires ne doivent pas trop compter sur leur retraite additionnelle pour financer leurs vieux jours. Le montant moyen de la rente per\u00e7ue au titre de la retraite additionnelle de la fonction publique (RAFP) s&rsquo;est \u00e9lev\u00e9 \u00e0 256 euros bruts sur&#8230; l&rsquo;ann\u00e9e, selon le rapport annuel 2012 de l&rsquo;ERAFP, l&rsquo;\u00e9tablissement gestionnaire de la RAFP. Il...","protected":false},"author":13713,"featured_media":0,"comment_status":"closed","ping_status":"closed","sticky":false,"template":"","format":"standard","meta":{"footnotes":""},"categories":[9],"tags":[],"class_list":["post-19431","post","type-post","status-publish","format-standard","hentry","category-pension-de-retraite"],"acf":[],"yoast_head":"<!-- This site is optimized with the Yoast SEO plugin v24.9 - https:\/\/yoast.com\/wordpress\/plugins\/seo\/ -->\n<title>Retraite additionnelle des fonctionnaires : 256 euros en moyenne en 2012<\/title>\n<meta name=\"description\" content=\"Les fonctionnaires ne doivent pas trop compter sur leur retraite additionnelle pour financer leurs vieux jours.\" \/>\n<meta name=\"robots\" content=\"index, follow, max-snippet:-1, max-image-preview:large, max-video-preview:-1\" \/>\n<link rel=\"canonical\" href=\"https:\/\/www.toutsurmesfinances.com\/retraite\/retraite-additionnelle-des-fonctionnaires-256-euros-en-moyenne-en-2012.html\" \/>\n<meta property=\"og:locale\" content=\"fr_FR\" \/>\n<meta property=\"og:type\" content=\"article\" \/>\n<meta property=\"og:title\" content=\"Retraite additionnelle des fonctionnaires : 256 euros en moyenne en 2012\" \/>\n<meta property=\"og:description\" content=\"Les fonctionnaires ne doivent pas trop compter sur leur retraite additionnelle pour financer leurs vieux jours.\" \/>\n<meta property=\"og:url\" content=\"https:\/\/www.toutsurmesfinances.com\/retraite\/retraite-additionnelle-des-fonctionnaires-256-euros-en-moyenne-en-2012.html\" \/>\n<meta property=\"og:site_name\" content=\"Retraite\" \/>\n<meta property=\"article:published_time\" content=\"2013-10-21T10:21:41+00:00\" \/>\n<meta property=\"article:modified_time\" content=\"2021-12-08T14:04:47+00:00\" \/>\n<meta name=\"author\" content=\"Jean-Philippe Dubosc\" \/>\n<meta name=\"twitter:card\" content=\"summary_large_image\" \/>\n<meta name=\"twitter:creator\" content=\"@Toutsur\" \/>\n<meta name=\"twitter:site\" content=\"@Toutsur\" \/>\n<meta name=\"twitter:label1\" content=\"\u00c9crit par\" \/>\n\t<meta name=\"twitter:data1\" content=\"Jean-Philippe Dubosc\" \/>\n\t<meta name=\"twitter:label2\" content=\"Dur\u00e9e de lecture estim\u00e9e\" \/>\n\t<meta name=\"twitter:data2\" content=\"1 minute\" \/>\n<script type=\"application\/ld+json\" class=\"yoast-schema-graph\">{\"@context\":\"https:\/\/schema.org\",\"@graph\":[{\"@type\":\"Article\",\"@id\":\"https:\/\/www.toutsurmesfinances.com\/retraite\/retraite-additionnelle-des-fonctionnaires-256-euros-en-moyenne-en-2012.html#article\",\"isPartOf\":{\"@id\":\"https:\/\/www.toutsurmesfinances.com\/retraite\/retraite-additionnelle-des-fonctionnaires-256-euros-en-moyenne-en-2012.html\"},\"author\":{\"name\":\"Jean-Philippe Dubosc\",\"@id\":\"https:\/\/www.toutsurmesfinances.com\/retraite\/#\/schema\/person\/addc9e9b3978fa7947ead71bab57694c\"},\"headline\":\"Retraite additionnelle des fonctionnaires : 256 euros en moyenne en 2012\",\"dateModified\":\"2021-12-08T14:04:47+00:00\",\"mainEntityOfPage\":{\"@id\":\"https:\/\/www.toutsurmesfinances.com\/retraite\/retraite-additionnelle-des-fonctionnaires-256-euros-en-moyenne-en-2012.html\"},\"wordCount\":295,\"publisher\":{\"@id\":\"https:\/\/www.toutsurmesfinances.com\/retraite\/#organization\"},\"articleSection\":[\"Pension de retraite\"],\"inLanguage\":\"fr-FR\"},{\"@type\":\"WebPage\",\"@id\":\"https:\/\/www.toutsurmesfinances.com\/retraite\/retraite-additionnelle-des-fonctionnaires-256-euros-en-moyenne-en-2012.html\",\"url\":\"https:\/\/www.toutsurmesfinances.com\/retraite\/retraite-additionnelle-des-fonctionnaires-256-euros-en-moyenne-en-2012.html\",\"name\":\"Retraite additionnelle des fonctionnaires : 256 euros en moyenne en 2012\",\"isPartOf\":{\"@id\":\"https:\/\/www.toutsurmesfinances.com\/retraite\/#website\"},\"dateModified\":\"2021-12-08T14:04:47+00:00\",\"description\":\"Les fonctionnaires ne doivent pas trop compter sur leur retraite additionnelle pour financer leurs vieux jours.\",\"breadcrumb\":{\"@id\":\"https:\/\/www.toutsurmesfinances.com\/retraite\/retraite-additionnelle-des-fonctionnaires-256-euros-en-moyenne-en-2012.html#breadcrumb\"},\"inLanguage\":\"fr-FR\",\"potentialAction\":[{\"@type\":\"ReadAction\",\"target\":[\"https:\/\/www.toutsurmesfinances.com\/retraite\/retraite-additionnelle-des-fonctionnaires-256-euros-en-moyenne-en-2012.html\"]}]},{\"@type\":\"BreadcrumbList\",\"@id\":\"https:\/\/www.toutsurmesfinances.com\/retraite\/retraite-additionnelle-des-fonctionnaires-256-euros-en-moyenne-en-2012.html#breadcrumb\",\"itemListElement\":[{\"@type\":\"ListItem\",\"position\":1,\"name\":\"Accueil\",\"item\":\"https:\/\/www.toutsurmesfinances.com\/retraite\/\"},{\"@type\":\"ListItem\",\"position\":2,\"name\":\"Pension\",\"item\":\"https:\/\/www.toutsurmesfinances.com\/retraite\/c\/pension\"},{\"@type\":\"ListItem\",\"position\":3,\"name\":\"Pension de retraite\",\"item\":\"https:\/\/www.toutsurmesfinances.com\/retraite\/c\/pension-de-retraite\"},{\"@type\":\"ListItem\",\"position\":4,\"name\":\"Retraite additionnelle des fonctionnaires : 256 euros en moyenne en 2012\"}]},{\"@type\":\"WebSite\",\"@id\":\"https:\/\/www.toutsurmesfinances.com\/retraite\/#website\",\"url\":\"https:\/\/www.toutsurmesfinances.com\/retraite\/\",\"name\":\"Retraite\",\"description\":\"\",\"publisher\":{\"@id\":\"https:\/\/www.toutsurmesfinances.com\/retraite\/#organization\"},\"potentialAction\":[{\"@type\":\"SearchAction\",\"target\":{\"@type\":\"EntryPoint\",\"urlTemplate\":\"https:\/\/www.toutsurmesfinances.com\/retraite\/?s={search_term_string}\"},\"query-input\":{\"@type\":\"PropertyValueSpecification\",\"valueRequired\":true,\"valueName\":\"search_term_string\"}}],\"inLanguage\":\"fr-FR\"},{\"@type\":\"Organization\",\"@id\":\"https:\/\/www.toutsurmesfinances.com\/retraite\/#organization\",\"name\":\"Tout Sur Mes Finances\",\"url\":\"https:\/\/www.toutsurmesfinances.com\/retraite\/\",\"logo\":{\"@type\":\"ImageObject\",\"inLanguage\":\"fr-FR\",\"@id\":\"https:\/\/www.toutsurmesfinances.com\/retraite\/#\/schema\/logo\/image\/\",\"url\":\"https:\/\/www.toutsurmesfinances.com\/retraite\/wp-content\/uploads\/sites\/4\/2021\/01\/favicon.png\",\"contentUrl\":\"https:\/\/www.toutsurmesfinances.com\/retraite\/wp-content\/uploads\/sites\/4\/2021\/01\/favicon.png\",\"width\":512,\"height\":512,\"caption\":\"Tout Sur Mes Finances\"},\"image\":{\"@id\":\"https:\/\/www.toutsurmesfinances.com\/retraite\/#\/schema\/logo\/image\/\"},\"sameAs\":[\"https:\/\/x.com\/Toutsur\"]},{\"@type\":\"Person\",\"@id\":\"https:\/\/www.toutsurmesfinances.com\/retraite\/#\/schema\/person\/addc9e9b3978fa7947ead71bab57694c\",\"name\":\"Jean-Philippe Dubosc\",\"image\":{\"@type\":\"ImageObject\",\"inLanguage\":\"fr-FR\",\"@id\":\"https:\/\/www.toutsurmesfinances.com\/retraite\/#\/schema\/person\/image\/\",\"url\":\"https:\/\/secure.gravatar.com\/avatar\/a3cba30cdda1afe79f6ebffc6e952291?s=96&d=mm&r=g\",\"contentUrl\":\"https:\/\/secure.gravatar.com\/avatar\/a3cba30cdda1afe79f6ebffc6e952291?s=96&d=mm&r=g\",\"caption\":\"Jean-Philippe Dubosc\"},\"description\":\"Jean-Philippe Dubosc est r\u00e9dacteur en chef de ToutSurMesFinances.com et sp\u00e9cialiste des questions de retraite obligatoire et d\u2019\u00e9pargne. Pr\u00e9sent au sein du m\u00e9dia depuis plus de 13 ans, il analyse les r\u00e9formes, les dispositifs r\u00e9glementaires et les strat\u00e9gies de d\u00e9part \u00e0 la retraite, avec une approche fond\u00e9e sur une lecture rigoureuse des textes et une connaissance approfondie des diff\u00e9rents r\u00e9gimes de retraite.\",\"sameAs\":[\"https:\/\/www.toutsurmesfinances.com\/author\/jpdubosc\",\"https:\/\/fr.linkedin.com\/in\/jpdubosc\"]}]}<\/script>\n<!-- \/ Yoast SEO plugin. -->","yoast_head_json":{"title":"Retraite additionnelle des fonctionnaires : 256 euros en moyenne en 2012","description":"Les fonctionnaires ne doivent pas trop compter sur leur retraite additionnelle pour financer leurs vieux jours.","robots":{"index":"index","follow":"follow","max-snippet":"max-snippet:-1","max-image-preview":"max-image-preview:large","max-video-preview":"max-video-preview:-1"},"canonical":"https:\/\/www.toutsurmesfinances.com\/retraite\/retraite-additionnelle-des-fonctionnaires-256-euros-en-moyenne-en-2012.html","og_locale":"fr_FR","og_type":"article","og_title":"Retraite additionnelle des fonctionnaires : 256 euros en moyenne en 2012","og_description":"Les fonctionnaires ne doivent pas trop compter sur leur retraite additionnelle pour financer leurs vieux jours.","og_url":"https:\/\/www.toutsurmesfinances.com\/retraite\/retraite-additionnelle-des-fonctionnaires-256-euros-en-moyenne-en-2012.html","og_site_name":"Retraite","article_published_time":"2013-10-21T10:21:41+00:00","article_modified_time":"2021-12-08T14:04:47+00:00","author":"Jean-Philippe Dubosc","twitter_card":"summary_large_image","twitter_creator":"@Toutsur","twitter_site":"@Toutsur","twitter_misc":{"\u00c9crit par":"Jean-Philippe Dubosc","Dur\u00e9e de lecture estim\u00e9e":"1 minute"},"schema":{"@context":"https:\/\/schema.org","@graph":[{"@type":"Article","@id":"https:\/\/www.toutsurmesfinances.com\/retraite\/retraite-additionnelle-des-fonctionnaires-256-euros-en-moyenne-en-2012.html#article","isPartOf":{"@id":"https:\/\/www.toutsurmesfinances.com\/retraite\/retraite-additionnelle-des-fonctionnaires-256-euros-en-moyenne-en-2012.html"},"author":{"name":"Jean-Philippe Dubosc","@id":"https:\/\/www.toutsurmesfinances.com\/retraite\/#\/schema\/person\/addc9e9b3978fa7947ead71bab57694c"},"headline":"Retraite additionnelle des fonctionnaires : 256 euros en moyenne en 2012","dateModified":"2021-12-08T14:04:47+00:00","mainEntityOfPage":{"@id":"https:\/\/www.toutsurmesfinances.com\/retraite\/retraite-additionnelle-des-fonctionnaires-256-euros-en-moyenne-en-2012.html"},"wordCount":295,"publisher":{"@id":"https:\/\/www.toutsurmesfinances.com\/retraite\/#organization"},"articleSection":["Pension de retraite"],"inLanguage":"fr-FR"},{"@type":"WebPage","@id":"https:\/\/www.toutsurmesfinances.com\/retraite\/retraite-additionnelle-des-fonctionnaires-256-euros-en-moyenne-en-2012.html","url":"https:\/\/www.toutsurmesfinances.com\/retraite\/retraite-additionnelle-des-fonctionnaires-256-euros-en-moyenne-en-2012.html","name":"Retraite additionnelle des fonctionnaires : 256 euros en moyenne en 2012","isPartOf":{"@id":"https:\/\/www.toutsurmesfinances.com\/retraite\/#website"},"dateModified":"2021-12-08T14:04:47+00:00","description":"Les fonctionnaires ne doivent pas trop compter sur leur retraite additionnelle pour financer leurs vieux jours.","breadcrumb":{"@id":"https:\/\/www.toutsurmesfinances.com\/retraite\/retraite-additionnelle-des-fonctionnaires-256-euros-en-moyenne-en-2012.html#breadcrumb"},"inLanguage":"fr-FR","potentialAction":[{"@type":"ReadAction","target":["https:\/\/www.toutsurmesfinances.com\/retraite\/retraite-additionnelle-des-fonctionnaires-256-euros-en-moyenne-en-2012.html"]}]},{"@type":"BreadcrumbList","@id":"https:\/\/www.toutsurmesfinances.com\/retraite\/retraite-additionnelle-des-fonctionnaires-256-euros-en-moyenne-en-2012.html#breadcrumb","itemListElement":[{"@type":"ListItem","position":1,"name":"Accueil","item":"https:\/\/www.toutsurmesfinances.com\/retraite\/"},{"@type":"ListItem","position":2,"name":"Pension","item":"https:\/\/www.toutsurmesfinances.com\/retraite\/c\/pension"},{"@type":"ListItem","position":3,"name":"Pension de retraite","item":"https:\/\/www.toutsurmesfinances.com\/retraite\/c\/pension-de-retraite"},{"@type":"ListItem","position":4,"name":"Retraite additionnelle des fonctionnaires : 256 euros en moyenne en 2012"}]},{"@type":"WebSite","@id":"https:\/\/www.toutsurmesfinances.com\/retraite\/#website","url":"https:\/\/www.toutsurmesfinances.com\/retraite\/","name":"Retraite","description":"","publisher":{"@id":"https:\/\/www.toutsurmesfinances.com\/retraite\/#organization"},"potentialAction":[{"@type":"SearchAction","target":{"@type":"EntryPoint","urlTemplate":"https:\/\/www.toutsurmesfinances.com\/retraite\/?s={search_term_string}"},"query-input":{"@type":"PropertyValueSpecification","valueRequired":true,"valueName":"search_term_string"}}],"inLanguage":"fr-FR"},{"@type":"Organization","@id":"https:\/\/www.toutsurmesfinances.com\/retraite\/#organization","name":"Tout Sur Mes Finances","url":"https:\/\/www.toutsurmesfinances.com\/retraite\/","logo":{"@type":"ImageObject","inLanguage":"fr-FR","@id":"https:\/\/www.toutsurmesfinances.com\/retraite\/#\/schema\/logo\/image\/","url":"https:\/\/www.toutsurmesfinances.com\/retraite\/wp-content\/uploads\/sites\/4\/2021\/01\/favicon.png","contentUrl":"https:\/\/www.toutsurmesfinances.com\/retraite\/wp-content\/uploads\/sites\/4\/2021\/01\/favicon.png","width":512,"height":512,"caption":"Tout Sur Mes Finances"},"image":{"@id":"https:\/\/www.toutsurmesfinances.com\/retraite\/#\/schema\/logo\/image\/"},"sameAs":["https:\/\/x.com\/Toutsur"]},{"@type":"Person","@id":"https:\/\/www.toutsurmesfinances.com\/retraite\/#\/schema\/person\/addc9e9b3978fa7947ead71bab57694c","name":"Jean-Philippe Dubosc","image":{"@type":"ImageObject","inLanguage":"fr-FR","@id":"https:\/\/www.toutsurmesfinances.com\/retraite\/#\/schema\/person\/image\/","url":"https:\/\/secure.gravatar.com\/avatar\/a3cba30cdda1afe79f6ebffc6e952291?s=96&d=mm&r=g","contentUrl":"https:\/\/secure.gravatar.com\/avatar\/a3cba30cdda1afe79f6ebffc6e952291?s=96&d=mm&r=g","caption":"Jean-Philippe Dubosc"},"description":"Jean-Philippe Dubosc est r\u00e9dacteur en chef de ToutSurMesFinances.com et sp\u00e9cialiste des questions de retraite obligatoire et d\u2019\u00e9pargne. Pr\u00e9sent au sein du m\u00e9dia depuis plus de 13 ans, il analyse les r\u00e9formes, les dispositifs r\u00e9glementaires et les strat\u00e9gies de d\u00e9part \u00e0 la retraite, avec une approche fond\u00e9e sur une lecture rigoureuse des textes et une connaissance approfondie des diff\u00e9rents r\u00e9gimes de retraite.","sameAs":["https:\/\/www.toutsurmesfinances.com\/author\/jpdubosc","https:\/\/fr.linkedin.com\/in\/jpdubosc"]}]}},"_links":{"self":[{"href":"https:\/\/www.toutsurmesfinances.com\/retraite\/wp-json\/wp\/v2\/posts\/19431","targetHints":{"allow":["GET"]}}],"collection":[{"href":"https:\/\/www.toutsurmesfinances.com\/retraite\/wp-json\/wp\/v2\/posts"}],"about":[{"href":"https:\/\/www.toutsurmesfinances.com\/retraite\/wp-json\/wp\/v2\/types\/post"}],"author":[{"embeddable":true,"href":"https:\/\/www.toutsurmesfinances.com\/retraite\/wp-json\/wp\/v2\/users\/13713"}],"replies":[{"embeddable":true,"href":"https:\/\/www.toutsurmesfinances.com\/retraite\/wp-json\/wp\/v2\/comments?post=19431"}],"version-history":[{"count":2,"href":"https:\/\/www.toutsurmesfinances.com\/retraite\/wp-json\/wp\/v2\/posts\/19431\/revisions"}],"predecessor-version":[{"id":30526,"href":"https:\/\/www.toutsurmesfinances.com\/retraite\/wp-json\/wp\/v2\/posts\/19431\/revisions\/30526"}],"wp:attachment":[{"href":"https:\/\/www.toutsurmesfinances.com\/retraite\/wp-json\/wp\/v2\/media?parent=19431"}],"wp:term":[{"taxonomy":"category","embeddable":true,"href":"https:\/\/www.toutsurmesfinances.com\/retraite\/wp-json\/wp\/v2\/categories?post=19431"},{"taxonomy":"post_tag","embeddable":true,"href":"https:\/\/www.toutsurmesfinances.com\/retraite\/wp-json\/wp\/v2\/tags?post=19431"}],"curies":[{"name":"wp","href":"https:\/\/api.w.org\/{rel}","templated":true}]}}