{"id":19595,"date":"2013-12-23T09:17:55","date_gmt":"2013-12-23T08:17:55","guid":{"rendered":"https:\/\/www.toutsurmesfinances.com\/retraite\/agirc-arrco-les-parametres-de-cotisation-et-de-rachats-en-2014.html"},"modified":"2025-07-10T15:55:47","modified_gmt":"2025-07-10T13:55:47","slug":"agirc-arrco-les-parametres-de-cotisation-et-de-rachats-en-2014","status":"publish","type":"post","link":"https:\/\/www.toutsurmesfinances.com\/retraite\/agirc-arrco-les-parametres-de-cotisation-et-de-rachats-en-2014.html","title":{"rendered":"Agirc-Arrco : les param\u00e8tres de cotisation et de rachats en 2014"},"content":{"rendered":"<p>&nbsp;<\/p>\n<p>Les principaux param\u00e8tres des r\u00e9gimes de retraite compl\u00e9mentaire<strong> Arrco<\/strong> (pour tous les salari\u00e9s) et <strong>Agirc<\/strong> (pour les seuls cadres) pour l&rsquo;ann\u00e9e prochaine sont d\u00e9sormais connus. Une circulaire de l&rsquo;Agirc-Arrco sur les<strong> taux de cotisation<\/strong> en vigueur \u00e0 compter du 1er janvier 2014 est parue le 18 d\u00e9cembre 2013 tandis qu&rsquo;une autre circulaire publi\u00e9e deux jours plus t\u00f4t a fix\u00e9 les <strong>coefficients de rachat de points<\/strong> au titre des ann\u00e9es d&rsquo;\u00e9tudes \u00e9galement pour 2014.<\/p>\n<p>Seule la valeur annuelle du point n&rsquo;a pas \u00e9t\u00e9 divulgu\u00e9e. Elle sera, il est vrai, appliqu\u00e9e seulement \u00e0 compter du 1er avril prochain. Surtout, elle n&rsquo;est pas connue. Les prochaines n\u00e9gociations entre les partenaires sociaux, gestionnaires des deux r\u00e9gimes, d\u00e9cideront notamment du taux de revalorisation pour 2014 sachant que<strong> l&rsquo;accord du 13 mars 2013<\/strong> pr\u00e9voit une d\u00e9sindexation de 1 point en 2014 et en 2015. Cette sous-indexation par rapport \u00e0 l&rsquo;inflation ne pourra, toutefois, pas \u00eatre n\u00e9gative.<\/p>\n<p>&nbsp;<\/p>\n<p><strong>&#8211; Les taux de cotisations 2014<\/strong><br \/>\nLe taux de cotisations Arrco effectives (r\u00e9ellement vers\u00e9es par les salari\u00e9s) va s&rsquo;\u00e9lever \u00e0 3,05% sur la tranche 1 (sur la partie du salaire inf\u00e9rieure \u00e0 3.129 euros par mois) et \u00e0 8,05% sur la tranche 2 (la partie comprise entre 3.129 euros et 9.387 euros par mois). Ce taux effectif ne correspond pas au taux contractuel qui lui g\u00e9n\u00e8re des droits \u00e0 la retraite. C&rsquo;est sur ce dernier taux qu&rsquo;a \u00e9t\u00e9 appliqu\u00e9e <strong>la hausse de 0,10 point<\/strong> (support\u00e9e \u00e0 50% par les entreprises et \u00e0 50% par les salari\u00e9s) instaur\u00e9e par l&rsquo;accord du 13 mars 2013. Toujours pour les salari\u00e9s, <strong>le taux contractuel<\/strong> de la tranche 1 va ainsi passer \u00e0 2,44% et \u00e0 6,44% pour la tranche 2.<\/p>\n<p>En ce qui concerne l&rsquo;Agirc, le taux effectif sur les tranches B (de 3.129 euros \u00e0 12.516 euros par mois) et C (de 12.516 euros \u00e0 25.032 euros par mois) est fix\u00e9 \u00e0 7,75% tandis que le taux contractuel sur les tranches B et C, lui, va atteindre 6,20%. Les cadres sont \u00e9galement assujettis \u00e0 une contribution exceptionnelle et temporaire (CET) de 0,13% assise sur les r\u00e9mun\u00e9rations \u00e0 hauteur de 25.032 euros par mois. Ils sont \u00e9galement redevables d&rsquo;une cotisation \u00e0 l&rsquo;Association pour l&#8217;emploi des cadres (Apec) collect\u00e9e par l&rsquo;Agirc et qui repr\u00e9sente 0,024% de leur salaire dans la limite de 12.516 euros par mois.<\/p>\n<p>&nbsp;<\/p>\n<p><strong>&#8211; Les taux de coefficients de rachat 2014<\/strong><br \/>\nDepuis 2004, les affili\u00e9s aux r\u00e9gimes Agirc et Arrco peuvent racheter jusqu&rsquo;\u00e0 70 points dans chacun des deux r\u00e9gimes, qui \u00e9quivalent \u00e0 trois ann\u00e9es de cotisation au titre <strong>des ann\u00e9es d&rsquo;\u00e9tudes sup\u00e9rieures<\/strong>. Contrairement au r\u00e9gime de base de la Caisse nationale d&rsquo;assurance vieillesse (<strong>Cnav<\/strong>), il n&rsquo;est pas possible d&rsquo;effectuer des rachats au titre d&rsquo;ann\u00e9es de cotisation incompl\u00e8te suite \u00e0 un temps partiel, un emploi mal r\u00e9mun\u00e9r\u00e9 ou \u00e0 une p\u00e9riode de ch\u00f4mage non indemnis\u00e9e.<br \/>\nTous les ans, des coefficients de rachats qui \u00e9voluent en fonction de l&rsquo;\u00e2ge de l&rsquo;assur\u00e9 sont fix\u00e9s. Plus le salari\u00e9 ou le cadre est jeune et moins le coefficient est \u00e9lev\u00e9. Pour conna\u00eetre le prix du rachat, l&rsquo;affili\u00e9 doit multiplier le nombre de points qu&rsquo;il veut racheter par la valeur du point en cours et par la valeur du coefficient correspondant \u00e0 son \u00e2ge. <em>\u00ab \u00c0 titre transitoire, les montants de rachat d\u00e9j\u00e0 notifi\u00e9s aux participants ne sont pas remis en cause, \u00e0 la condition que le versement des cotisations intervienne avant le 1er avril 2014 \u00bb<\/em>, pr\u00e9cise la circulaire Agirc-Arrco du 16 d\u00e9cembre 2013.<\/p>\n<p>&nbsp;<\/p>\n<table style=\"margin-left: auto;margin-right: auto;border: 2px solid #9f9d9d;width: 272px;height: 1377px\" border=\"2\">\n<thead>\n<tr>\n<td width=\"98\"><strong>Age<\/strong><\/td>\n<td width=\"111\"><strong>Coefficient<\/strong><\/td>\n<\/tr>\n<tr>\n<td width=\"98\">20 ans<\/td>\n<td width=\"111\">10,4<\/td>\n<\/tr>\n<tr>\n<td width=\"98\">21 ans<\/td>\n<td width=\"111\">10,6<\/td>\n<\/tr>\n<tr>\n<td width=\"98\">22 ans<\/td>\n<td width=\"111\">10,8<\/td>\n<\/tr>\n<tr>\n<td width=\"98\">23 ans<\/td>\n<td width=\"111\">11<\/td>\n<\/tr>\n<tr>\n<td width=\"98\">24 ans<\/td>\n<td width=\"111\">11,2<\/td>\n<\/tr>\n<tr>\n<td width=\"98\">25 ans<\/td>\n<td width=\"111\">11,4<\/td>\n<\/tr>\n<tr>\n<td width=\"98\">26 ans<\/td>\n<td width=\"111\">11,7<\/td>\n<\/tr>\n<tr>\n<td width=\"98\">27 ans<\/td>\n<td width=\"111\">11,9<\/td>\n<\/tr>\n<tr>\n<td width=\"98\">28 ans<\/td>\n<td width=\"111\">12,1<\/td>\n<\/tr>\n<tr>\n<td width=\"98\">29 ans<\/td>\n<td width=\"111\">12,3<\/td>\n<\/tr>\n<tr>\n<td width=\"98\">30 ans<\/td>\n<td width=\"111\">12,5<\/td>\n<\/tr>\n<tr>\n<td width=\"98\">31 ans<\/td>\n<td width=\"111\">12,8<\/td>\n<\/tr>\n<tr>\n<td width=\"98\">32 ans<\/td>\n<td width=\"111\">13<\/td>\n<\/tr>\n<tr>\n<td width=\"98\">33 ans<\/td>\n<td width=\"111\">13,3<\/td>\n<\/tr>\n<tr>\n<td width=\"98\">34 ans<\/td>\n<td width=\"111\">13,5<\/td>\n<\/tr>\n<tr>\n<td width=\"98\">35 ans<\/td>\n<td width=\"111\">13,8<\/td>\n<\/tr>\n<tr>\n<td width=\"98\">36 ans<\/td>\n<td width=\"111\">14<\/td>\n<\/tr>\n<tr>\n<td width=\"98\">37 ans<\/td>\n<td width=\"111\">14,3<\/td>\n<\/tr>\n<tr>\n<td width=\"98\">38 ans<\/td>\n<td width=\"111\">14,5<\/td>\n<\/tr>\n<tr>\n<td width=\"98\">39 ans<\/td>\n<td width=\"111\">14,8<\/td>\n<\/tr>\n<tr>\n<td width=\"98\">40 ans<\/td>\n<td width=\"111\">15,1<\/td>\n<\/tr>\n<tr>\n<td width=\"98\">41 ans<\/td>\n<td width=\"111\">15,3<\/td>\n<\/tr>\n<tr>\n<td width=\"98\">42 ans<\/td>\n<td width=\"111\">15,6<\/td>\n<\/tr>\n<tr>\n<td width=\"98\">43 ans<\/td>\n<td width=\"111\">15,9<\/td>\n<\/tr>\n<tr>\n<td width=\"98\">44 ans<\/td>\n<td width=\"111\">16,2<\/td>\n<\/tr>\n<tr>\n<td width=\"98\">45 ans<\/td>\n<td width=\"111\">16,5<\/td>\n<\/tr>\n<tr>\n<td width=\"98\">46 ans<\/td>\n<td width=\"111\">16,8<\/td>\n<\/tr>\n<tr>\n<td width=\"98\">47 ans<\/td>\n<td width=\"111\">17,1<\/td>\n<\/tr>\n<tr>\n<td width=\"98\">48 ans<\/td>\n<td width=\"111\">17,4<\/td>\n<\/tr>\n<tr>\n<td width=\"98\">49 ans<\/td>\n<td width=\"111\">17,7<\/td>\n<\/tr>\n<tr>\n<td width=\"98\">50 ans<\/td>\n<td width=\"111\">18,1<\/td>\n<\/tr>\n<tr>\n<td width=\"98\">51 ans<\/td>\n<td width=\"111\">18,4<\/td>\n<\/tr>\n<tr>\n<td width=\"98\">52 ans<\/td>\n<td width=\"111\">18,8<\/td>\n<\/tr>\n<tr>\n<td width=\"98\">53 ans<\/td>\n<td width=\"111\">19,1<\/td>\n<\/tr>\n<tr>\n<td width=\"98\">54 ans<\/td>\n<td width=\"111\">19,5<\/td>\n<\/tr>\n<tr>\n<td width=\"98\">55 ans<\/td>\n<td width=\"111\">19,8<\/td>\n<\/tr>\n<tr>\n<td width=\"98\">56 ans<\/td>\n<td width=\"111\">20,2<\/td>\n<\/tr>\n<tr>\n<td width=\"98\">57 ans<\/td>\n<td width=\"111\">20,6<\/td>\n<\/tr>\n<tr>\n<td width=\"98\">58 ans<\/td>\n<td width=\"111\">21<\/td>\n<\/tr>\n<tr>\n<td width=\"98\">59 ans<\/td>\n<td width=\"111\">21,4<\/td>\n<\/tr>\n<tr>\n<td width=\"98\">60 ans<\/td>\n<td width=\"111\">21,8<\/td>\n<\/tr>\n<tr>\n<td width=\"98\">61 ans<\/td>\n<td width=\"111\">22,2<\/td>\n<\/tr>\n<tr>\n<td width=\"98\">62 ans<\/td>\n<td width=\"111\">22,7<\/td>\n<\/tr>\n<tr>\n<td width=\"98\">63 ans<\/td>\n<td width=\"111\">22,1<\/td>\n<\/tr>\n<tr>\n<td width=\"98\">64 ans<\/td>\n<td width=\"111\">21,5<\/td>\n<\/tr>\n<tr>\n<td width=\"98\">65 ans<\/td>\n<td width=\"111\">20,9<\/td>\n<\/tr>\n<tr>\n<td width=\"98\">66 ans<\/td>\n<td width=\"111\">20,2<\/td>\n<\/tr>\n<tr>\n<td colspan=\"2\"><sub><em>Source : Agirc-Arrco<\/em><\/sub><\/td>\n<\/tr>\n<\/thead>\n<\/table>\n","protected":false},"excerpt":{"rendered":"<p>Deux circulaires de l&rsquo;Agirc-Arrco viennent d&rsquo;\u00eatre publi\u00e9es fixant les taux de cotisation et les coefficients de rachat d&rsquo;\u00e9tudes des deux r\u00e9gimes de retraite compl\u00e9mentaire en vigueur \u00e0 compter du 1er janvier 2014.<\/p>\n","protected":false},"author":13713,"featured_media":32226,"comment_status":"closed","ping_status":"closed","sticky":false,"template":"","format":"standard","meta":{"footnotes":""},"categories":[29],"tags":[],"class_list":["post-19595","post","type-post","status-publish","format-standard","has-post-thumbnail","hentry","category-retraite-complementaire"],"acf":[],"yoast_head":"<!-- This site is optimized with the Yoast SEO plugin v24.9 - https:\/\/yoast.com\/wordpress\/plugins\/seo\/ -->\n<title>Agirc-Arrco : les param\u00e8tres de cotisation et de rachats en 2014<\/title>\n<meta name=\"description\" content=\"Deux circulaires de l&#039;Agirc-Arrco viennent d&#039;\u00eatre publi\u00e9es fixant les taux de cotisation et les coefficients de rachat d&#039;\u00e9tudes des deux r\u00e9gimes de retraite compl\u00e9mentaire en vigueur \u00e0 compter du 1er janvier 2014.\" \/>\n<meta name=\"robots\" content=\"index, follow, max-snippet:-1, max-image-preview:large, max-video-preview:-1\" \/>\n<link rel=\"canonical\" href=\"https:\/\/www.toutsurmesfinances.com\/retraite\/agirc-arrco-les-parametres-de-cotisation-et-de-rachats-en-2014.html\" \/>\n<meta property=\"og:locale\" content=\"fr_FR\" \/>\n<meta property=\"og:type\" content=\"article\" \/>\n<meta property=\"og:title\" content=\"Agirc-Arrco : les param\u00e8tres de cotisation et de rachats en 2014\" \/>\n<meta property=\"og:description\" content=\"Deux circulaires de l&#039;Agirc-Arrco viennent d&#039;\u00eatre publi\u00e9es fixant les taux de cotisation et les coefficients de rachat d&#039;\u00e9tudes des deux r\u00e9gimes de retraite compl\u00e9mentaire en vigueur \u00e0 compter du 1er janvier 2014.\" \/>\n<meta property=\"og:url\" content=\"https:\/\/www.toutsurmesfinances.com\/retraite\/agirc-arrco-les-parametres-de-cotisation-et-de-rachats-en-2014.html\" \/>\n<meta property=\"og:site_name\" content=\"Retraite\" \/>\n<meta property=\"article:published_time\" content=\"2013-12-23T08:17:55+00:00\" \/>\n<meta property=\"article:modified_time\" content=\"2025-07-10T13:55:47+00:00\" \/>\n<meta property=\"og:image\" content=\"https:\/\/www.toutsurmesfinances.com\/retraite\/wp-content\/uploads\/sites\/4\/2025\/04\/image-retraite-complementaire.jpg\" \/>\n\t<meta property=\"og:image:width\" content=\"600\" \/>\n\t<meta property=\"og:image:height\" content=\"400\" \/>\n\t<meta property=\"og:image:type\" content=\"image\/jpeg\" \/>\n<meta name=\"author\" content=\"Jean-Philippe Dubosc\" \/>\n<meta name=\"twitter:card\" content=\"summary_large_image\" \/>\n<meta name=\"twitter:creator\" content=\"@Toutsur\" \/>\n<meta name=\"twitter:site\" content=\"@Toutsur\" \/>\n<meta name=\"twitter:label1\" content=\"\u00c9crit par\" \/>\n\t<meta name=\"twitter:data1\" content=\"Jean-Philippe Dubosc\" \/>\n\t<meta name=\"twitter:label2\" content=\"Dur\u00e9e de lecture estim\u00e9e\" \/>\n\t<meta name=\"twitter:data2\" content=\"4 minutes\" \/>\n<script type=\"application\/ld+json\" class=\"yoast-schema-graph\">{\"@context\":\"https:\/\/schema.org\",\"@graph\":[{\"@type\":\"Article\",\"@id\":\"https:\/\/www.toutsurmesfinances.com\/retraite\/agirc-arrco-les-parametres-de-cotisation-et-de-rachats-en-2014.html#article\",\"isPartOf\":{\"@id\":\"https:\/\/www.toutsurmesfinances.com\/retraite\/agirc-arrco-les-parametres-de-cotisation-et-de-rachats-en-2014.html\"},\"author\":{\"name\":\"Jean-Philippe Dubosc\",\"@id\":\"https:\/\/www.toutsurmesfinances.com\/retraite\/#\/schema\/person\/addc9e9b3978fa7947ead71bab57694c\"},\"headline\":\"Agirc-Arrco : les param\u00e8tres de cotisation et de rachats en 2014\",\"dateModified\":\"2025-07-10T13:55:47+00:00\",\"mainEntityOfPage\":{\"@id\":\"https:\/\/www.toutsurmesfinances.com\/retraite\/agirc-arrco-les-parametres-de-cotisation-et-de-rachats-en-2014.html\"},\"wordCount\":644,\"publisher\":{\"@id\":\"https:\/\/www.toutsurmesfinances.com\/retraite\/#organization\"},\"image\":{\"@id\":\"https:\/\/www.toutsurmesfinances.com\/retraite\/agirc-arrco-les-parametres-de-cotisation-et-de-rachats-en-2014.html#primaryimage\"},\"thumbnailUrl\":\"https:\/\/www.toutsurmesfinances.com\/retraite\/wp-content\/uploads\/sites\/4\/2025\/04\/image-retraite-complementaire.jpg\",\"articleSection\":[\"Retraite compl\u00e9mentaire\"],\"inLanguage\":\"fr-FR\"},{\"@type\":\"WebPage\",\"@id\":\"https:\/\/www.toutsurmesfinances.com\/retraite\/agirc-arrco-les-parametres-de-cotisation-et-de-rachats-en-2014.html\",\"url\":\"https:\/\/www.toutsurmesfinances.com\/retraite\/agirc-arrco-les-parametres-de-cotisation-et-de-rachats-en-2014.html\",\"name\":\"Agirc-Arrco : les param\u00e8tres de cotisation et de rachats en 2014\",\"isPartOf\":{\"@id\":\"https:\/\/www.toutsurmesfinances.com\/retraite\/#website\"},\"primaryImageOfPage\":{\"@id\":\"https:\/\/www.toutsurmesfinances.com\/retraite\/agirc-arrco-les-parametres-de-cotisation-et-de-rachats-en-2014.html#primaryimage\"},\"image\":{\"@id\":\"https:\/\/www.toutsurmesfinances.com\/retraite\/agirc-arrco-les-parametres-de-cotisation-et-de-rachats-en-2014.html#primaryimage\"},\"thumbnailUrl\":\"https:\/\/www.toutsurmesfinances.com\/retraite\/wp-content\/uploads\/sites\/4\/2025\/04\/image-retraite-complementaire.jpg\",\"dateModified\":\"2025-07-10T13:55:47+00:00\",\"description\":\"Deux circulaires de l'Agirc-Arrco viennent d'\u00eatre publi\u00e9es fixant les taux de cotisation et les coefficients de rachat d'\u00e9tudes des deux r\u00e9gimes de retraite compl\u00e9mentaire en vigueur \u00e0 compter du 1er janvier 2014.\",\"breadcrumb\":{\"@id\":\"https:\/\/www.toutsurmesfinances.com\/retraite\/agirc-arrco-les-parametres-de-cotisation-et-de-rachats-en-2014.html#breadcrumb\"},\"inLanguage\":\"fr-FR\",\"potentialAction\":[{\"@type\":\"ReadAction\",\"target\":[\"https:\/\/www.toutsurmesfinances.com\/retraite\/agirc-arrco-les-parametres-de-cotisation-et-de-rachats-en-2014.html\"]}]},{\"@type\":\"ImageObject\",\"inLanguage\":\"fr-FR\",\"@id\":\"https:\/\/www.toutsurmesfinances.com\/retraite\/agirc-arrco-les-parametres-de-cotisation-et-de-rachats-en-2014.html#primaryimage\",\"url\":\"https:\/\/www.toutsurmesfinances.com\/retraite\/wp-content\/uploads\/sites\/4\/2025\/04\/image-retraite-complementaire.jpg\",\"contentUrl\":\"https:\/\/www.toutsurmesfinances.com\/retraite\/wp-content\/uploads\/sites\/4\/2025\/04\/image-retraite-complementaire.jpg\",\"width\":600,\"height\":400},{\"@type\":\"BreadcrumbList\",\"@id\":\"https:\/\/www.toutsurmesfinances.com\/retraite\/agirc-arrco-les-parametres-de-cotisation-et-de-rachats-en-2014.html#breadcrumb\",\"itemListElement\":[{\"@type\":\"ListItem\",\"position\":1,\"name\":\"Accueil\",\"item\":\"https:\/\/www.toutsurmesfinances.com\/retraite\/\"},{\"@type\":\"ListItem\",\"position\":2,\"name\":\"Compl\u00e9mentaire\",\"item\":\"https:\/\/www.toutsurmesfinances.com\/retraite\/c\/complementaire\"},{\"@type\":\"ListItem\",\"position\":3,\"name\":\"Retraite compl\u00e9mentaire\",\"item\":\"https:\/\/www.toutsurmesfinances.com\/retraite\/c\/retraite-complementaire\"},{\"@type\":\"ListItem\",\"position\":4,\"name\":\"Agirc-Arrco : les param\u00e8tres de cotisation et de rachats en 2014\"}]},{\"@type\":\"WebSite\",\"@id\":\"https:\/\/www.toutsurmesfinances.com\/retraite\/#website\",\"url\":\"https:\/\/www.toutsurmesfinances.com\/retraite\/\",\"name\":\"Retraite\",\"description\":\"\",\"publisher\":{\"@id\":\"https:\/\/www.toutsurmesfinances.com\/retraite\/#organization\"},\"potentialAction\":[{\"@type\":\"SearchAction\",\"target\":{\"@type\":\"EntryPoint\",\"urlTemplate\":\"https:\/\/www.toutsurmesfinances.com\/retraite\/?s={search_term_string}\"},\"query-input\":{\"@type\":\"PropertyValueSpecification\",\"valueRequired\":true,\"valueName\":\"search_term_string\"}}],\"inLanguage\":\"fr-FR\"},{\"@type\":\"Organization\",\"@id\":\"https:\/\/www.toutsurmesfinances.com\/retraite\/#organization\",\"name\":\"Tout Sur Mes Finances\",\"url\":\"https:\/\/www.toutsurmesfinances.com\/retraite\/\",\"logo\":{\"@type\":\"ImageObject\",\"inLanguage\":\"fr-FR\",\"@id\":\"https:\/\/www.toutsurmesfinances.com\/retraite\/#\/schema\/logo\/image\/\",\"url\":\"https:\/\/www.toutsurmesfinances.com\/retraite\/wp-content\/uploads\/sites\/4\/2021\/01\/favicon.png\",\"contentUrl\":\"https:\/\/www.toutsurmesfinances.com\/retraite\/wp-content\/uploads\/sites\/4\/2021\/01\/favicon.png\",\"width\":512,\"height\":512,\"caption\":\"Tout Sur Mes Finances\"},\"image\":{\"@id\":\"https:\/\/www.toutsurmesfinances.com\/retraite\/#\/schema\/logo\/image\/\"},\"sameAs\":[\"https:\/\/x.com\/Toutsur\"]},{\"@type\":\"Person\",\"@id\":\"https:\/\/www.toutsurmesfinances.com\/retraite\/#\/schema\/person\/addc9e9b3978fa7947ead71bab57694c\",\"name\":\"Jean-Philippe Dubosc\",\"image\":{\"@type\":\"ImageObject\",\"inLanguage\":\"fr-FR\",\"@id\":\"https:\/\/www.toutsurmesfinances.com\/retraite\/#\/schema\/person\/image\/\",\"url\":\"https:\/\/secure.gravatar.com\/avatar\/a3cba30cdda1afe79f6ebffc6e952291?s=96&d=mm&r=g\",\"contentUrl\":\"https:\/\/secure.gravatar.com\/avatar\/a3cba30cdda1afe79f6ebffc6e952291?s=96&d=mm&r=g\",\"caption\":\"Jean-Philippe Dubosc\"},\"description\":\"Jean-Philippe Dubosc est r\u00e9dacteur en chef de ToutSurMesFinances.com et sp\u00e9cialiste des questions de retraite obligatoire et d\u2019\u00e9pargne. Pr\u00e9sent au sein du m\u00e9dia depuis plus de 13 ans, il analyse les r\u00e9formes, les dispositifs r\u00e9glementaires et les strat\u00e9gies de d\u00e9part \u00e0 la retraite, avec une approche fond\u00e9e sur une lecture rigoureuse des textes et une connaissance approfondie des diff\u00e9rents r\u00e9gimes de retraite.\",\"sameAs\":[\"https:\/\/www.toutsurmesfinances.com\/author\/jpdubosc\",\"https:\/\/fr.linkedin.com\/in\/jpdubosc\"]}]}<\/script>\n<!-- \/ Yoast SEO plugin. -->","yoast_head_json":{"title":"Agirc-Arrco : les param\u00e8tres de cotisation et de rachats en 2014","description":"Deux circulaires de l'Agirc-Arrco viennent d'\u00eatre publi\u00e9es fixant les taux de cotisation et les coefficients de rachat d'\u00e9tudes des deux r\u00e9gimes de retraite compl\u00e9mentaire en vigueur \u00e0 compter du 1er janvier 2014.","robots":{"index":"index","follow":"follow","max-snippet":"max-snippet:-1","max-image-preview":"max-image-preview:large","max-video-preview":"max-video-preview:-1"},"canonical":"https:\/\/www.toutsurmesfinances.com\/retraite\/agirc-arrco-les-parametres-de-cotisation-et-de-rachats-en-2014.html","og_locale":"fr_FR","og_type":"article","og_title":"Agirc-Arrco : les param\u00e8tres de cotisation et de rachats en 2014","og_description":"Deux circulaires de l'Agirc-Arrco viennent d'\u00eatre publi\u00e9es fixant les taux de cotisation et les coefficients de rachat d'\u00e9tudes des deux r\u00e9gimes de retraite compl\u00e9mentaire en vigueur \u00e0 compter du 1er janvier 2014.","og_url":"https:\/\/www.toutsurmesfinances.com\/retraite\/agirc-arrco-les-parametres-de-cotisation-et-de-rachats-en-2014.html","og_site_name":"Retraite","article_published_time":"2013-12-23T08:17:55+00:00","article_modified_time":"2025-07-10T13:55:47+00:00","og_image":[{"width":600,"height":400,"url":"https:\/\/www.toutsurmesfinances.com\/retraite\/wp-content\/uploads\/sites\/4\/2025\/04\/image-retraite-complementaire.jpg","type":"image\/jpeg"}],"author":"Jean-Philippe Dubosc","twitter_card":"summary_large_image","twitter_creator":"@Toutsur","twitter_site":"@Toutsur","twitter_misc":{"\u00c9crit par":"Jean-Philippe Dubosc","Dur\u00e9e de lecture estim\u00e9e":"4 minutes"},"schema":{"@context":"https:\/\/schema.org","@graph":[{"@type":"Article","@id":"https:\/\/www.toutsurmesfinances.com\/retraite\/agirc-arrco-les-parametres-de-cotisation-et-de-rachats-en-2014.html#article","isPartOf":{"@id":"https:\/\/www.toutsurmesfinances.com\/retraite\/agirc-arrco-les-parametres-de-cotisation-et-de-rachats-en-2014.html"},"author":{"name":"Jean-Philippe Dubosc","@id":"https:\/\/www.toutsurmesfinances.com\/retraite\/#\/schema\/person\/addc9e9b3978fa7947ead71bab57694c"},"headline":"Agirc-Arrco : les param\u00e8tres de cotisation et de rachats en 2014","dateModified":"2025-07-10T13:55:47+00:00","mainEntityOfPage":{"@id":"https:\/\/www.toutsurmesfinances.com\/retraite\/agirc-arrco-les-parametres-de-cotisation-et-de-rachats-en-2014.html"},"wordCount":644,"publisher":{"@id":"https:\/\/www.toutsurmesfinances.com\/retraite\/#organization"},"image":{"@id":"https:\/\/www.toutsurmesfinances.com\/retraite\/agirc-arrco-les-parametres-de-cotisation-et-de-rachats-en-2014.html#primaryimage"},"thumbnailUrl":"https:\/\/www.toutsurmesfinances.com\/retraite\/wp-content\/uploads\/sites\/4\/2025\/04\/image-retraite-complementaire.jpg","articleSection":["Retraite compl\u00e9mentaire"],"inLanguage":"fr-FR"},{"@type":"WebPage","@id":"https:\/\/www.toutsurmesfinances.com\/retraite\/agirc-arrco-les-parametres-de-cotisation-et-de-rachats-en-2014.html","url":"https:\/\/www.toutsurmesfinances.com\/retraite\/agirc-arrco-les-parametres-de-cotisation-et-de-rachats-en-2014.html","name":"Agirc-Arrco : les param\u00e8tres de cotisation et de rachats en 2014","isPartOf":{"@id":"https:\/\/www.toutsurmesfinances.com\/retraite\/#website"},"primaryImageOfPage":{"@id":"https:\/\/www.toutsurmesfinances.com\/retraite\/agirc-arrco-les-parametres-de-cotisation-et-de-rachats-en-2014.html#primaryimage"},"image":{"@id":"https:\/\/www.toutsurmesfinances.com\/retraite\/agirc-arrco-les-parametres-de-cotisation-et-de-rachats-en-2014.html#primaryimage"},"thumbnailUrl":"https:\/\/www.toutsurmesfinances.com\/retraite\/wp-content\/uploads\/sites\/4\/2025\/04\/image-retraite-complementaire.jpg","dateModified":"2025-07-10T13:55:47+00:00","description":"Deux circulaires de l'Agirc-Arrco viennent d'\u00eatre publi\u00e9es fixant les taux de cotisation et les coefficients de rachat d'\u00e9tudes des deux r\u00e9gimes de retraite compl\u00e9mentaire en vigueur \u00e0 compter du 1er janvier 2014.","breadcrumb":{"@id":"https:\/\/www.toutsurmesfinances.com\/retraite\/agirc-arrco-les-parametres-de-cotisation-et-de-rachats-en-2014.html#breadcrumb"},"inLanguage":"fr-FR","potentialAction":[{"@type":"ReadAction","target":["https:\/\/www.toutsurmesfinances.com\/retraite\/agirc-arrco-les-parametres-de-cotisation-et-de-rachats-en-2014.html"]}]},{"@type":"ImageObject","inLanguage":"fr-FR","@id":"https:\/\/www.toutsurmesfinances.com\/retraite\/agirc-arrco-les-parametres-de-cotisation-et-de-rachats-en-2014.html#primaryimage","url":"https:\/\/www.toutsurmesfinances.com\/retraite\/wp-content\/uploads\/sites\/4\/2025\/04\/image-retraite-complementaire.jpg","contentUrl":"https:\/\/www.toutsurmesfinances.com\/retraite\/wp-content\/uploads\/sites\/4\/2025\/04\/image-retraite-complementaire.jpg","width":600,"height":400},{"@type":"BreadcrumbList","@id":"https:\/\/www.toutsurmesfinances.com\/retraite\/agirc-arrco-les-parametres-de-cotisation-et-de-rachats-en-2014.html#breadcrumb","itemListElement":[{"@type":"ListItem","position":1,"name":"Accueil","item":"https:\/\/www.toutsurmesfinances.com\/retraite\/"},{"@type":"ListItem","position":2,"name":"Compl\u00e9mentaire","item":"https:\/\/www.toutsurmesfinances.com\/retraite\/c\/complementaire"},{"@type":"ListItem","position":3,"name":"Retraite compl\u00e9mentaire","item":"https:\/\/www.toutsurmesfinances.com\/retraite\/c\/retraite-complementaire"},{"@type":"ListItem","position":4,"name":"Agirc-Arrco : les param\u00e8tres de cotisation et de rachats en 2014"}]},{"@type":"WebSite","@id":"https:\/\/www.toutsurmesfinances.com\/retraite\/#website","url":"https:\/\/www.toutsurmesfinances.com\/retraite\/","name":"Retraite","description":"","publisher":{"@id":"https:\/\/www.toutsurmesfinances.com\/retraite\/#organization"},"potentialAction":[{"@type":"SearchAction","target":{"@type":"EntryPoint","urlTemplate":"https:\/\/www.toutsurmesfinances.com\/retraite\/?s={search_term_string}"},"query-input":{"@type":"PropertyValueSpecification","valueRequired":true,"valueName":"search_term_string"}}],"inLanguage":"fr-FR"},{"@type":"Organization","@id":"https:\/\/www.toutsurmesfinances.com\/retraite\/#organization","name":"Tout Sur Mes Finances","url":"https:\/\/www.toutsurmesfinances.com\/retraite\/","logo":{"@type":"ImageObject","inLanguage":"fr-FR","@id":"https:\/\/www.toutsurmesfinances.com\/retraite\/#\/schema\/logo\/image\/","url":"https:\/\/www.toutsurmesfinances.com\/retraite\/wp-content\/uploads\/sites\/4\/2021\/01\/favicon.png","contentUrl":"https:\/\/www.toutsurmesfinances.com\/retraite\/wp-content\/uploads\/sites\/4\/2021\/01\/favicon.png","width":512,"height":512,"caption":"Tout Sur Mes Finances"},"image":{"@id":"https:\/\/www.toutsurmesfinances.com\/retraite\/#\/schema\/logo\/image\/"},"sameAs":["https:\/\/x.com\/Toutsur"]},{"@type":"Person","@id":"https:\/\/www.toutsurmesfinances.com\/retraite\/#\/schema\/person\/addc9e9b3978fa7947ead71bab57694c","name":"Jean-Philippe Dubosc","image":{"@type":"ImageObject","inLanguage":"fr-FR","@id":"https:\/\/www.toutsurmesfinances.com\/retraite\/#\/schema\/person\/image\/","url":"https:\/\/secure.gravatar.com\/avatar\/a3cba30cdda1afe79f6ebffc6e952291?s=96&d=mm&r=g","contentUrl":"https:\/\/secure.gravatar.com\/avatar\/a3cba30cdda1afe79f6ebffc6e952291?s=96&d=mm&r=g","caption":"Jean-Philippe Dubosc"},"description":"Jean-Philippe Dubosc est r\u00e9dacteur en chef de ToutSurMesFinances.com et sp\u00e9cialiste des questions de retraite obligatoire et d\u2019\u00e9pargne. Pr\u00e9sent au sein du m\u00e9dia depuis plus de 13 ans, il analyse les r\u00e9formes, les dispositifs r\u00e9glementaires et les strat\u00e9gies de d\u00e9part \u00e0 la retraite, avec une approche fond\u00e9e sur une lecture rigoureuse des textes et une connaissance approfondie des diff\u00e9rents r\u00e9gimes de retraite.","sameAs":["https:\/\/www.toutsurmesfinances.com\/author\/jpdubosc","https:\/\/fr.linkedin.com\/in\/jpdubosc"]}]}},"_links":{"self":[{"href":"https:\/\/www.toutsurmesfinances.com\/retraite\/wp-json\/wp\/v2\/posts\/19595","targetHints":{"allow":["GET"]}}],"collection":[{"href":"https:\/\/www.toutsurmesfinances.com\/retraite\/wp-json\/wp\/v2\/posts"}],"about":[{"href":"https:\/\/www.toutsurmesfinances.com\/retraite\/wp-json\/wp\/v2\/types\/post"}],"author":[{"embeddable":true,"href":"https:\/\/www.toutsurmesfinances.com\/retraite\/wp-json\/wp\/v2\/users\/13713"}],"replies":[{"embeddable":true,"href":"https:\/\/www.toutsurmesfinances.com\/retraite\/wp-json\/wp\/v2\/comments?post=19595"}],"version-history":[{"count":2,"href":"https:\/\/www.toutsurmesfinances.com\/retraite\/wp-json\/wp\/v2\/posts\/19595\/revisions"}],"predecessor-version":[{"id":32257,"href":"https:\/\/www.toutsurmesfinances.com\/retraite\/wp-json\/wp\/v2\/posts\/19595\/revisions\/32257"}],"wp:featuredmedia":[{"embeddable":true,"href":"https:\/\/www.toutsurmesfinances.com\/retraite\/wp-json\/wp\/v2\/media\/32226"}],"wp:attachment":[{"href":"https:\/\/www.toutsurmesfinances.com\/retraite\/wp-json\/wp\/v2\/media?parent=19595"}],"wp:term":[{"taxonomy":"category","embeddable":true,"href":"https:\/\/www.toutsurmesfinances.com\/retraite\/wp-json\/wp\/v2\/categories?post=19595"},{"taxonomy":"post_tag","embeddable":true,"href":"https:\/\/www.toutsurmesfinances.com\/retraite\/wp-json\/wp\/v2\/tags?post=19595"}],"curies":[{"name":"wp","href":"https:\/\/api.w.org\/{rel}","templated":true}]}}