{"id":19683,"date":"2014-02-11T17:23:44","date_gmt":"2014-02-11T16:23:44","guid":{"rendered":"https:\/\/www.toutsurmesfinances.com\/retraite\/retraites-des-trimestres-de-cotisation-en-plus-pour-tous-les-peres-veufs.html"},"modified":"2021-12-08T15:28:54","modified_gmt":"2021-12-08T14:28:54","slug":"retraites-des-trimestres-de-cotisation-en-plus-pour-tous-les-peres-veufs","status":"publish","type":"post","link":"https:\/\/www.toutsurmesfinances.com\/retraite\/retraites-des-trimestres-de-cotisation-en-plus-pour-tous-les-peres-veufs.html","title":{"rendered":"Retraites : des trimestres de cotisation en plus pour tous les p\u00e8res veufs"},"content":{"rendered":"<section class=\"l-section wpb_row height_small\"><div class=\"l-section-h i-cf\"><div class=\"g-cols vc_row via_flex valign_top type_default stacking_default\"><div class=\"vc_col-sm-12 wpb_column vc_column_container\"><div class=\"vc_column-inner\"><div class=\"wpb_wrapper\"><div class=\"wpb_text_column\"><div class=\"wpb_wrapper\"><p>En mati\u00e8re de retraite, les p\u00e8res veufs sont d\u00e9sormais log\u00e9s \u00e0 la m\u00eame enseigne. Une circulaire de la Caisse nationale d&rsquo;assurance vieillesse (<strong>Cnav<\/strong>) publi\u00e9e le 10 f\u00e9vrier 2014 met en place les m\u00eames droits pour tous. La loi de financement de la S\u00e9curit\u00e9 sociale (<strong>LFSS<\/strong>) pour 2010 a en effet instaur\u00e9 la possibilit\u00e9 pour les p\u00e8res de b\u00e9n\u00e9ficier de la<strong> majoration d&rsquo;assurance au titre de l&rsquo;\u00e9ducation ou de l&rsquo;adoption<\/strong>.<\/p>\n<p>Sur le mod\u00e8le de la majoration maternit\u00e9 octroy\u00e9e aux m\u00e8res au titre de la grossesse et de l&rsquo;accouchement, la majoration \u00e9ducation ou adoption permet dans la plupart des r\u00e9gimes de se voir attribuer 4 trimestres de cotisation suppl\u00e9mentaires. Depuis la LFSS pour 2010, les p\u00e8res peuvent pr\u00e9tendre \u00e0 cette majoration \u00e0 condition d&rsquo;avoir \u00e9lev\u00e9 seul l&rsquo;enfant pendant une ou plusieurs ann\u00e9es au cours des quatre premi\u00e8res ann\u00e9es de apr\u00e8s sa naissance ou de son adoption et d&rsquo;avoir d\u00e9pos\u00e9 une demande (avec l&rsquo;accord de la m\u00e8re) dans les six mois suivants le quatri\u00e8me anniversaire de l&rsquo;enfant.<\/p>\n<p>&nbsp;<\/p>\n<h2>Application imm\u00e9diate<\/h2>\n<p>Probl\u00e8me : ce dispositif s&rsquo;appliquait jusqu&rsquo;ici uniquement aux p\u00e8res d&rsquo;enfants n\u00e9s ou adopt\u00e9s apr\u00e8s le 1er janvier 2010, soit la date d&rsquo;entr\u00e9e en vigueur de la LFSS pour 2010. La circulaire de la Cnav instaure que, dor\u00e9navant, tous les p\u00e8res veufs ayant \u00e9lev\u00e9 seuls leurs enfants m\u00eame si ces derniers sont n\u00e9s ou adopt\u00e9s avant le 1er janvier 2010, peuvent en profiter. <em>\u00ab En cas de d\u00e9c\u00e8s de la m\u00e8re avant la majorit\u00e9 de l&rsquo;enfant, le p\u00e8re qui a effectivement \u00e9lev\u00e9 l&rsquo;enfant pendant tout ou partie des quatre ann\u00e9es suivant la naissance ou la date de l&rsquo;adoption peut b\u00e9n\u00e9ficier de la majoration \u00e9ducation et\/ou de la majoration adoption que l&rsquo;enfant soit n\u00e9 avant ou \u00e0 partir du 1er janvier 2010 \u00bb<\/em>, r\u00e9sume la circulaire.<\/p>\n<p>Ces dispositions sont d&rsquo;application imm\u00e9diate. Elles concernent les demandes de retraite et de r\u00e9gularisations de carri\u00e8re \u00e0 venir comme celles en cours d&rsquo;instruction. Du coup, <em>\u00ab la reprise des dossiers, pour lesquels il n&rsquo;a pas \u00e9t\u00e9 fait droit \u00e0 la demande des p\u00e8res veufs qui se sont manifest\u00e9s hors d\u00e9lai, peut \u00eatre effectu\u00e9e sur demande expresse de ces assur\u00e9s ou \u00e0 l&rsquo;initiative des caisses \u00e0 l&rsquo;occasion de tout nouvel examen, y compris pour les dossiers en cours de proc\u00e9dure qui n&rsquo;auraient pas fait l&rsquo;objet d&rsquo;une d\u00e9cision pass\u00e9e en force de chose jug\u00e9e \u00bb<\/em>, pr\u00e9cise la Cnav.<\/p>\n<\/div><\/div><\/div><\/div><\/div><\/div><\/div><\/section>\n","protected":false},"excerpt":{"rendered":"<p>D\u00e9sormais, l&rsquo;ensemble des veufs ayant \u00e9lev\u00e9 seuls leurs enfants peuvent b\u00e9n\u00e9ficier de la majoration d&rsquo;\u00e9ducation ou d&rsquo;adoption. Un dispositif jusqu&rsquo;ici limit\u00e9 aux seuls p\u00e8res d&rsquo;enfants n\u00e9s ou adopt\u00e9s apr\u00e8s le 1er janvier 2010.<\/p>\n","protected":false},"author":13713,"featured_media":19682,"comment_status":"closed","ping_status":"closed","sticky":false,"template":"","format":"standard","meta":{"footnotes":""},"categories":[24],"tags":[],"class_list":["post-19683","post","type-post","status-publish","format-standard","has-post-thumbnail","hentry","category-cotisations-retraite"],"acf":[],"yoast_head":"<!-- This site is optimized with the Yoast SEO plugin v24.9 - https:\/\/yoast.com\/wordpress\/plugins\/seo\/ -->\n<title>Retraites : des trimestres de cotisation en plus pour tous les p\u00e8res veufs<\/title>\n<meta name=\"description\" content=\"D\u00e9sormais, l&#039;ensemble des veufs ayant \u00e9lev\u00e9 seuls leurs enfants peuvent b\u00e9n\u00e9ficier de la majoration d&#039;\u00e9ducation ou d&#039;adoption. Un dispositif jusqu&#039;ici limit\u00e9 aux seuls p\u00e8res d&#039;enfants n\u00e9s ou adopt\u00e9s apr\u00e8s le 1er janvier 2010.\" \/>\n<meta name=\"robots\" content=\"index, follow, max-snippet:-1, max-image-preview:large, max-video-preview:-1\" \/>\n<link rel=\"canonical\" href=\"https:\/\/www.toutsurmesfinances.com\/retraite\/retraites-des-trimestres-de-cotisation-en-plus-pour-tous-les-peres-veufs.html\" \/>\n<meta property=\"og:locale\" content=\"fr_FR\" \/>\n<meta property=\"og:type\" content=\"article\" \/>\n<meta property=\"og:title\" content=\"Retraites : des trimestres de cotisation en plus pour tous les p\u00e8res veufs\" \/>\n<meta property=\"og:description\" content=\"D\u00e9sormais, l&#039;ensemble des veufs ayant \u00e9lev\u00e9 seuls leurs enfants peuvent b\u00e9n\u00e9ficier de la majoration d&#039;\u00e9ducation ou d&#039;adoption. Un dispositif jusqu&#039;ici limit\u00e9 aux seuls p\u00e8res d&#039;enfants n\u00e9s ou adopt\u00e9s apr\u00e8s le 1er janvier 2010.\" \/>\n<meta property=\"og:url\" content=\"https:\/\/www.toutsurmesfinances.com\/retraite\/retraites-des-trimestres-de-cotisation-en-plus-pour-tous-les-peres-veufs.html\" \/>\n<meta property=\"og:site_name\" content=\"Retraite\" \/>\n<meta property=\"article:published_time\" content=\"2014-02-11T16:23:44+00:00\" \/>\n<meta property=\"article:modified_time\" content=\"2021-12-08T14:28:54+00:00\" \/>\n<meta property=\"og:image\" content=\"https:\/\/www.toutsurmesfinances.com\/retraite\/wp-content\/uploads\/sites\/4\/2014\/02\/p\u00e8reenfant.jpg\" \/>\n\t<meta property=\"og:image:width\" content=\"480\" \/>\n\t<meta property=\"og:image:height\" content=\"360\" \/>\n\t<meta property=\"og:image:type\" content=\"image\/jpeg\" \/>\n<meta name=\"author\" content=\"Jean-Philippe Dubosc\" \/>\n<meta name=\"twitter:card\" content=\"summary_large_image\" \/>\n<meta name=\"twitter:creator\" content=\"@Toutsur\" \/>\n<meta name=\"twitter:site\" content=\"@Toutsur\" \/>\n<meta name=\"twitter:label1\" content=\"\u00c9crit par\" \/>\n\t<meta name=\"twitter:data1\" content=\"Jean-Philippe Dubosc\" \/>\n\t<meta name=\"twitter:label2\" content=\"Dur\u00e9e de lecture estim\u00e9e\" \/>\n\t<meta name=\"twitter:data2\" content=\"2 minutes\" \/>\n<script type=\"application\/ld+json\" class=\"yoast-schema-graph\">{\"@context\":\"https:\/\/schema.org\",\"@graph\":[{\"@type\":\"Article\",\"@id\":\"https:\/\/www.toutsurmesfinances.com\/retraite\/retraites-des-trimestres-de-cotisation-en-plus-pour-tous-les-peres-veufs.html#article\",\"isPartOf\":{\"@id\":\"https:\/\/www.toutsurmesfinances.com\/retraite\/retraites-des-trimestres-de-cotisation-en-plus-pour-tous-les-peres-veufs.html\"},\"author\":{\"name\":\"Jean-Philippe Dubosc\",\"@id\":\"https:\/\/www.toutsurmesfinances.com\/retraite\/#\/schema\/person\/addc9e9b3978fa7947ead71bab57694c\"},\"headline\":\"Retraites : des trimestres de cotisation en plus pour tous les p\u00e8res veufs\",\"dateModified\":\"2021-12-08T14:28:54+00:00\",\"mainEntityOfPage\":{\"@id\":\"https:\/\/www.toutsurmesfinances.com\/retraite\/retraites-des-trimestres-de-cotisation-en-plus-pour-tous-les-peres-veufs.html\"},\"wordCount\":478,\"publisher\":{\"@id\":\"https:\/\/www.toutsurmesfinances.com\/retraite\/#organization\"},\"image\":{\"@id\":\"https:\/\/www.toutsurmesfinances.com\/retraite\/retraites-des-trimestres-de-cotisation-en-plus-pour-tous-les-peres-veufs.html#primaryimage\"},\"thumbnailUrl\":\"https:\/\/www.toutsurmesfinances.com\/retraite\/wp-content\/uploads\/sites\/4\/2014\/02\/p\u00e8reenfant.jpg\",\"articleSection\":[\"Cotisations retraite\"],\"inLanguage\":\"fr-FR\"},{\"@type\":\"WebPage\",\"@id\":\"https:\/\/www.toutsurmesfinances.com\/retraite\/retraites-des-trimestres-de-cotisation-en-plus-pour-tous-les-peres-veufs.html\",\"url\":\"https:\/\/www.toutsurmesfinances.com\/retraite\/retraites-des-trimestres-de-cotisation-en-plus-pour-tous-les-peres-veufs.html\",\"name\":\"Retraites : des trimestres de cotisation en plus pour tous les p\u00e8res veufs\",\"isPartOf\":{\"@id\":\"https:\/\/www.toutsurmesfinances.com\/retraite\/#website\"},\"primaryImageOfPage\":{\"@id\":\"https:\/\/www.toutsurmesfinances.com\/retraite\/retraites-des-trimestres-de-cotisation-en-plus-pour-tous-les-peres-veufs.html#primaryimage\"},\"image\":{\"@id\":\"https:\/\/www.toutsurmesfinances.com\/retraite\/retraites-des-trimestres-de-cotisation-en-plus-pour-tous-les-peres-veufs.html#primaryimage\"},\"thumbnailUrl\":\"https:\/\/www.toutsurmesfinances.com\/retraite\/wp-content\/uploads\/sites\/4\/2014\/02\/p\u00e8reenfant.jpg\",\"dateModified\":\"2021-12-08T14:28:54+00:00\",\"description\":\"D\u00e9sormais, l'ensemble des veufs ayant \u00e9lev\u00e9 seuls leurs enfants peuvent b\u00e9n\u00e9ficier de la majoration d'\u00e9ducation ou d'adoption. Un dispositif jusqu'ici limit\u00e9 aux seuls p\u00e8res d'enfants n\u00e9s ou adopt\u00e9s apr\u00e8s le 1er janvier 2010.\",\"breadcrumb\":{\"@id\":\"https:\/\/www.toutsurmesfinances.com\/retraite\/retraites-des-trimestres-de-cotisation-en-plus-pour-tous-les-peres-veufs.html#breadcrumb\"},\"inLanguage\":\"fr-FR\",\"potentialAction\":[{\"@type\":\"ReadAction\",\"target\":[\"https:\/\/www.toutsurmesfinances.com\/retraite\/retraites-des-trimestres-de-cotisation-en-plus-pour-tous-les-peres-veufs.html\"]}]},{\"@type\":\"ImageObject\",\"inLanguage\":\"fr-FR\",\"@id\":\"https:\/\/www.toutsurmesfinances.com\/retraite\/retraites-des-trimestres-de-cotisation-en-plus-pour-tous-les-peres-veufs.html#primaryimage\",\"url\":\"https:\/\/www.toutsurmesfinances.com\/retraite\/wp-content\/uploads\/sites\/4\/2014\/02\/p\u00e8reenfant.jpg\",\"contentUrl\":\"https:\/\/www.toutsurmesfinances.com\/retraite\/wp-content\/uploads\/sites\/4\/2014\/02\/p\u00e8reenfant.jpg\",\"width\":480,\"height\":360,\"caption\":\"Tous les p\u00e8res veufs ayant \u00e9lev\u00e9 seuls leurs enfants ont d\u00e9sormais le droits \u00e0 une majoration d'assurance\"},{\"@type\":\"BreadcrumbList\",\"@id\":\"https:\/\/www.toutsurmesfinances.com\/retraite\/retraites-des-trimestres-de-cotisation-en-plus-pour-tous-les-peres-veufs.html#breadcrumb\",\"itemListElement\":[{\"@type\":\"ListItem\",\"position\":1,\"name\":\"Accueil\",\"item\":\"https:\/\/www.toutsurmesfinances.com\/retraite\/\"},{\"@type\":\"ListItem\",\"position\":2,\"name\":\"Droits\",\"item\":\"https:\/\/www.toutsurmesfinances.com\/retraite\/c\/droits\"},{\"@type\":\"ListItem\",\"position\":3,\"name\":\"Cotisations retraite\",\"item\":\"https:\/\/www.toutsurmesfinances.com\/retraite\/c\/cotisations-retraite\"},{\"@type\":\"ListItem\",\"position\":4,\"name\":\"Retraites : des trimestres de cotisation en plus pour tous les p\u00e8res veufs\"}]},{\"@type\":\"WebSite\",\"@id\":\"https:\/\/www.toutsurmesfinances.com\/retraite\/#website\",\"url\":\"https:\/\/www.toutsurmesfinances.com\/retraite\/\",\"name\":\"Retraite\",\"description\":\"\",\"publisher\":{\"@id\":\"https:\/\/www.toutsurmesfinances.com\/retraite\/#organization\"},\"potentialAction\":[{\"@type\":\"SearchAction\",\"target\":{\"@type\":\"EntryPoint\",\"urlTemplate\":\"https:\/\/www.toutsurmesfinances.com\/retraite\/?s={search_term_string}\"},\"query-input\":{\"@type\":\"PropertyValueSpecification\",\"valueRequired\":true,\"valueName\":\"search_term_string\"}}],\"inLanguage\":\"fr-FR\"},{\"@type\":\"Organization\",\"@id\":\"https:\/\/www.toutsurmesfinances.com\/retraite\/#organization\",\"name\":\"Tout Sur Mes Finances\",\"url\":\"https:\/\/www.toutsurmesfinances.com\/retraite\/\",\"logo\":{\"@type\":\"ImageObject\",\"inLanguage\":\"fr-FR\",\"@id\":\"https:\/\/www.toutsurmesfinances.com\/retraite\/#\/schema\/logo\/image\/\",\"url\":\"https:\/\/www.toutsurmesfinances.com\/retraite\/wp-content\/uploads\/sites\/4\/2021\/01\/favicon.png\",\"contentUrl\":\"https:\/\/www.toutsurmesfinances.com\/retraite\/wp-content\/uploads\/sites\/4\/2021\/01\/favicon.png\",\"width\":512,\"height\":512,\"caption\":\"Tout Sur Mes Finances\"},\"image\":{\"@id\":\"https:\/\/www.toutsurmesfinances.com\/retraite\/#\/schema\/logo\/image\/\"},\"sameAs\":[\"https:\/\/x.com\/Toutsur\"]},{\"@type\":\"Person\",\"@id\":\"https:\/\/www.toutsurmesfinances.com\/retraite\/#\/schema\/person\/addc9e9b3978fa7947ead71bab57694c\",\"name\":\"Jean-Philippe Dubosc\",\"image\":{\"@type\":\"ImageObject\",\"inLanguage\":\"fr-FR\",\"@id\":\"https:\/\/www.toutsurmesfinances.com\/retraite\/#\/schema\/person\/image\/\",\"url\":\"https:\/\/secure.gravatar.com\/avatar\/a3cba30cdda1afe79f6ebffc6e952291?s=96&d=mm&r=g\",\"contentUrl\":\"https:\/\/secure.gravatar.com\/avatar\/a3cba30cdda1afe79f6ebffc6e952291?s=96&d=mm&r=g\",\"caption\":\"Jean-Philippe Dubosc\"},\"description\":\"Jean-Philippe Dubosc est r\u00e9dacteur en chef de ToutSurMesFinances.com et sp\u00e9cialiste des questions de retraite obligatoire et d\u2019\u00e9pargne. Pr\u00e9sent au sein du m\u00e9dia depuis plus de 13 ans, il analyse les r\u00e9formes, les dispositifs r\u00e9glementaires et les strat\u00e9gies de d\u00e9part \u00e0 la retraite, avec une approche fond\u00e9e sur une lecture rigoureuse des textes et une connaissance approfondie des diff\u00e9rents r\u00e9gimes de retraite.\",\"sameAs\":[\"https:\/\/www.toutsurmesfinances.com\/author\/jpdubosc\",\"https:\/\/fr.linkedin.com\/in\/jpdubosc\"]}]}<\/script>\n<!-- \/ Yoast SEO plugin. -->","yoast_head_json":{"title":"Retraites : des trimestres de cotisation en plus pour tous les p\u00e8res veufs","description":"D\u00e9sormais, l'ensemble des veufs ayant \u00e9lev\u00e9 seuls leurs enfants peuvent b\u00e9n\u00e9ficier de la majoration d'\u00e9ducation ou d'adoption. Un dispositif jusqu'ici limit\u00e9 aux seuls p\u00e8res d'enfants n\u00e9s ou adopt\u00e9s apr\u00e8s le 1er janvier 2010.","robots":{"index":"index","follow":"follow","max-snippet":"max-snippet:-1","max-image-preview":"max-image-preview:large","max-video-preview":"max-video-preview:-1"},"canonical":"https:\/\/www.toutsurmesfinances.com\/retraite\/retraites-des-trimestres-de-cotisation-en-plus-pour-tous-les-peres-veufs.html","og_locale":"fr_FR","og_type":"article","og_title":"Retraites : des trimestres de cotisation en plus pour tous les p\u00e8res veufs","og_description":"D\u00e9sormais, l'ensemble des veufs ayant \u00e9lev\u00e9 seuls leurs enfants peuvent b\u00e9n\u00e9ficier de la majoration d'\u00e9ducation ou d'adoption. Un dispositif jusqu'ici limit\u00e9 aux seuls p\u00e8res d'enfants n\u00e9s ou adopt\u00e9s apr\u00e8s le 1er janvier 2010.","og_url":"https:\/\/www.toutsurmesfinances.com\/retraite\/retraites-des-trimestres-de-cotisation-en-plus-pour-tous-les-peres-veufs.html","og_site_name":"Retraite","article_published_time":"2014-02-11T16:23:44+00:00","article_modified_time":"2021-12-08T14:28:54+00:00","og_image":[{"width":480,"height":360,"url":"https:\/\/www.toutsurmesfinances.com\/retraite\/wp-content\/uploads\/sites\/4\/2014\/02\/p\u00e8reenfant.jpg","type":"image\/jpeg"}],"author":"Jean-Philippe Dubosc","twitter_card":"summary_large_image","twitter_creator":"@Toutsur","twitter_site":"@Toutsur","twitter_misc":{"\u00c9crit par":"Jean-Philippe Dubosc","Dur\u00e9e de lecture estim\u00e9e":"2 minutes"},"schema":{"@context":"https:\/\/schema.org","@graph":[{"@type":"Article","@id":"https:\/\/www.toutsurmesfinances.com\/retraite\/retraites-des-trimestres-de-cotisation-en-plus-pour-tous-les-peres-veufs.html#article","isPartOf":{"@id":"https:\/\/www.toutsurmesfinances.com\/retraite\/retraites-des-trimestres-de-cotisation-en-plus-pour-tous-les-peres-veufs.html"},"author":{"name":"Jean-Philippe Dubosc","@id":"https:\/\/www.toutsurmesfinances.com\/retraite\/#\/schema\/person\/addc9e9b3978fa7947ead71bab57694c"},"headline":"Retraites : des trimestres de cotisation en plus pour tous les p\u00e8res veufs","dateModified":"2021-12-08T14:28:54+00:00","mainEntityOfPage":{"@id":"https:\/\/www.toutsurmesfinances.com\/retraite\/retraites-des-trimestres-de-cotisation-en-plus-pour-tous-les-peres-veufs.html"},"wordCount":478,"publisher":{"@id":"https:\/\/www.toutsurmesfinances.com\/retraite\/#organization"},"image":{"@id":"https:\/\/www.toutsurmesfinances.com\/retraite\/retraites-des-trimestres-de-cotisation-en-plus-pour-tous-les-peres-veufs.html#primaryimage"},"thumbnailUrl":"https:\/\/www.toutsurmesfinances.com\/retraite\/wp-content\/uploads\/sites\/4\/2014\/02\/p\u00e8reenfant.jpg","articleSection":["Cotisations retraite"],"inLanguage":"fr-FR"},{"@type":"WebPage","@id":"https:\/\/www.toutsurmesfinances.com\/retraite\/retraites-des-trimestres-de-cotisation-en-plus-pour-tous-les-peres-veufs.html","url":"https:\/\/www.toutsurmesfinances.com\/retraite\/retraites-des-trimestres-de-cotisation-en-plus-pour-tous-les-peres-veufs.html","name":"Retraites : des trimestres de cotisation en plus pour tous les p\u00e8res veufs","isPartOf":{"@id":"https:\/\/www.toutsurmesfinances.com\/retraite\/#website"},"primaryImageOfPage":{"@id":"https:\/\/www.toutsurmesfinances.com\/retraite\/retraites-des-trimestres-de-cotisation-en-plus-pour-tous-les-peres-veufs.html#primaryimage"},"image":{"@id":"https:\/\/www.toutsurmesfinances.com\/retraite\/retraites-des-trimestres-de-cotisation-en-plus-pour-tous-les-peres-veufs.html#primaryimage"},"thumbnailUrl":"https:\/\/www.toutsurmesfinances.com\/retraite\/wp-content\/uploads\/sites\/4\/2014\/02\/p\u00e8reenfant.jpg","dateModified":"2021-12-08T14:28:54+00:00","description":"D\u00e9sormais, l'ensemble des veufs ayant \u00e9lev\u00e9 seuls leurs enfants peuvent b\u00e9n\u00e9ficier de la majoration d'\u00e9ducation ou d'adoption. Un dispositif jusqu'ici limit\u00e9 aux seuls p\u00e8res d'enfants n\u00e9s ou adopt\u00e9s apr\u00e8s le 1er janvier 2010.","breadcrumb":{"@id":"https:\/\/www.toutsurmesfinances.com\/retraite\/retraites-des-trimestres-de-cotisation-en-plus-pour-tous-les-peres-veufs.html#breadcrumb"},"inLanguage":"fr-FR","potentialAction":[{"@type":"ReadAction","target":["https:\/\/www.toutsurmesfinances.com\/retraite\/retraites-des-trimestres-de-cotisation-en-plus-pour-tous-les-peres-veufs.html"]}]},{"@type":"ImageObject","inLanguage":"fr-FR","@id":"https:\/\/www.toutsurmesfinances.com\/retraite\/retraites-des-trimestres-de-cotisation-en-plus-pour-tous-les-peres-veufs.html#primaryimage","url":"https:\/\/www.toutsurmesfinances.com\/retraite\/wp-content\/uploads\/sites\/4\/2014\/02\/p\u00e8reenfant.jpg","contentUrl":"https:\/\/www.toutsurmesfinances.com\/retraite\/wp-content\/uploads\/sites\/4\/2014\/02\/p\u00e8reenfant.jpg","width":480,"height":360,"caption":"Tous les p\u00e8res veufs ayant \u00e9lev\u00e9 seuls leurs enfants ont d\u00e9sormais le droits \u00e0 une majoration d'assurance"},{"@type":"BreadcrumbList","@id":"https:\/\/www.toutsurmesfinances.com\/retraite\/retraites-des-trimestres-de-cotisation-en-plus-pour-tous-les-peres-veufs.html#breadcrumb","itemListElement":[{"@type":"ListItem","position":1,"name":"Accueil","item":"https:\/\/www.toutsurmesfinances.com\/retraite\/"},{"@type":"ListItem","position":2,"name":"Droits","item":"https:\/\/www.toutsurmesfinances.com\/retraite\/c\/droits"},{"@type":"ListItem","position":3,"name":"Cotisations retraite","item":"https:\/\/www.toutsurmesfinances.com\/retraite\/c\/cotisations-retraite"},{"@type":"ListItem","position":4,"name":"Retraites : des trimestres de cotisation en plus pour tous les p\u00e8res veufs"}]},{"@type":"WebSite","@id":"https:\/\/www.toutsurmesfinances.com\/retraite\/#website","url":"https:\/\/www.toutsurmesfinances.com\/retraite\/","name":"Retraite","description":"","publisher":{"@id":"https:\/\/www.toutsurmesfinances.com\/retraite\/#organization"},"potentialAction":[{"@type":"SearchAction","target":{"@type":"EntryPoint","urlTemplate":"https:\/\/www.toutsurmesfinances.com\/retraite\/?s={search_term_string}"},"query-input":{"@type":"PropertyValueSpecification","valueRequired":true,"valueName":"search_term_string"}}],"inLanguage":"fr-FR"},{"@type":"Organization","@id":"https:\/\/www.toutsurmesfinances.com\/retraite\/#organization","name":"Tout Sur Mes Finances","url":"https:\/\/www.toutsurmesfinances.com\/retraite\/","logo":{"@type":"ImageObject","inLanguage":"fr-FR","@id":"https:\/\/www.toutsurmesfinances.com\/retraite\/#\/schema\/logo\/image\/","url":"https:\/\/www.toutsurmesfinances.com\/retraite\/wp-content\/uploads\/sites\/4\/2021\/01\/favicon.png","contentUrl":"https:\/\/www.toutsurmesfinances.com\/retraite\/wp-content\/uploads\/sites\/4\/2021\/01\/favicon.png","width":512,"height":512,"caption":"Tout Sur Mes Finances"},"image":{"@id":"https:\/\/www.toutsurmesfinances.com\/retraite\/#\/schema\/logo\/image\/"},"sameAs":["https:\/\/x.com\/Toutsur"]},{"@type":"Person","@id":"https:\/\/www.toutsurmesfinances.com\/retraite\/#\/schema\/person\/addc9e9b3978fa7947ead71bab57694c","name":"Jean-Philippe Dubosc","image":{"@type":"ImageObject","inLanguage":"fr-FR","@id":"https:\/\/www.toutsurmesfinances.com\/retraite\/#\/schema\/person\/image\/","url":"https:\/\/secure.gravatar.com\/avatar\/a3cba30cdda1afe79f6ebffc6e952291?s=96&d=mm&r=g","contentUrl":"https:\/\/secure.gravatar.com\/avatar\/a3cba30cdda1afe79f6ebffc6e952291?s=96&d=mm&r=g","caption":"Jean-Philippe Dubosc"},"description":"Jean-Philippe Dubosc est r\u00e9dacteur en chef de ToutSurMesFinances.com et sp\u00e9cialiste des questions de retraite obligatoire et d\u2019\u00e9pargne. Pr\u00e9sent au sein du m\u00e9dia depuis plus de 13 ans, il analyse les r\u00e9formes, les dispositifs r\u00e9glementaires et les strat\u00e9gies de d\u00e9part \u00e0 la retraite, avec une approche fond\u00e9e sur une lecture rigoureuse des textes et une connaissance approfondie des diff\u00e9rents r\u00e9gimes de retraite.","sameAs":["https:\/\/www.toutsurmesfinances.com\/author\/jpdubosc","https:\/\/fr.linkedin.com\/in\/jpdubosc"]}]}},"_links":{"self":[{"href":"https:\/\/www.toutsurmesfinances.com\/retraite\/wp-json\/wp\/v2\/posts\/19683","targetHints":{"allow":["GET"]}}],"collection":[{"href":"https:\/\/www.toutsurmesfinances.com\/retraite\/wp-json\/wp\/v2\/posts"}],"about":[{"href":"https:\/\/www.toutsurmesfinances.com\/retraite\/wp-json\/wp\/v2\/types\/post"}],"author":[{"embeddable":true,"href":"https:\/\/www.toutsurmesfinances.com\/retraite\/wp-json\/wp\/v2\/users\/13713"}],"replies":[{"embeddable":true,"href":"https:\/\/www.toutsurmesfinances.com\/retraite\/wp-json\/wp\/v2\/comments?post=19683"}],"version-history":[{"count":2,"href":"https:\/\/www.toutsurmesfinances.com\/retraite\/wp-json\/wp\/v2\/posts\/19683\/revisions"}],"predecessor-version":[{"id":30570,"href":"https:\/\/www.toutsurmesfinances.com\/retraite\/wp-json\/wp\/v2\/posts\/19683\/revisions\/30570"}],"wp:featuredmedia":[{"embeddable":true,"href":"https:\/\/www.toutsurmesfinances.com\/retraite\/wp-json\/wp\/v2\/media\/19682"}],"wp:attachment":[{"href":"https:\/\/www.toutsurmesfinances.com\/retraite\/wp-json\/wp\/v2\/media?parent=19683"}],"wp:term":[{"taxonomy":"category","embeddable":true,"href":"https:\/\/www.toutsurmesfinances.com\/retraite\/wp-json\/wp\/v2\/categories?post=19683"},{"taxonomy":"post_tag","embeddable":true,"href":"https:\/\/www.toutsurmesfinances.com\/retraite\/wp-json\/wp\/v2\/tags?post=19683"}],"curies":[{"name":"wp","href":"https:\/\/api.w.org\/{rel}","templated":true}]}}