{"id":19896,"date":"2014-05-14T13:48:46","date_gmt":"2014-05-14T11:48:46","guid":{"rendered":"https:\/\/www.toutsurmesfinances.com\/retraite\/trimestre-cotise-trimestre-valide-quelle-difference.html"},"modified":"2023-12-21T10:40:01","modified_gmt":"2023-12-21T09:40:01","slug":"trimestre-cotise-trimestre-valide-quelle-difference","status":"publish","type":"post","link":"https:\/\/www.toutsurmesfinances.com\/retraite\/trimestre-cotise-trimestre-valide-quelle-difference.html","title":{"rendered":"Trimestre cotis\u00e9, trimestre valid\u00e9 : quelle diff\u00e9rence ?"},"content":{"rendered":"<p><span style=\"background-color: transparent;line-height: 1.3em\">Pour pouvoir partir en retraite avec une pension \u00e0 taux plein, vous devez avoir atteint un nombre minimal de trimestres valid\u00e9s. Ce nombre est fix\u00e9 \u00e0 166 trimestres (41,5 ans) pour les g\u00e9n\u00e9rations n\u00e9es en 1955, 1956 et 1957. Il augmente d&rsquo;un trimestre tous les ans \u00e0 partir des assur\u00e9s n\u00e9s \u00e0 compter du 1er septembre 1961 pour atteindre 172 trimestres (43 ans) pour les assur\u00e9s\u00a0 \u00e0 compter du 1er janvier 1965. Le d\u00e9tail des dur\u00e9es de cotisation exig\u00e9es selon l&rsquo;ann\u00e9e de naissance figure en pied de cet article.<\/span><\/p>\n<p>Cette dur\u00e9e de cotisation ne signifie cependant pas que vous devez avoir obligatoirement cotis\u00e9, et donc travaill\u00e9, sur une telle p\u00e9riode. Car c&rsquo;est le nombre de trimestres valid\u00e9s, et non cotis\u00e9s, qui est pris en compte pour d\u00e9terminer le montant de votre pension de retraite.<\/p>\n<h2><span class=\"ez-toc-section\" id=\"Trimestre_cotise_trimestre_travaille\"><\/span>Trimestre cotis\u00e9 = trimestre travaill\u00e9<span class=\"ez-toc-section-end\"><\/span><\/h2>\n<p>Un trimestre est consid\u00e9r\u00e9 cotis\u00e9 si vous avez effectivement vers\u00e9 vos cotisations vieillesse.<\/p>\n<p>Dans la fonction publique et les r\u00e9gimes dits \u00ab sp\u00e9ciaux \u00bb (EDF, <a href=\"https:\/\/www.toutsurmesfinances.com\/retraite\/regimes-speciaux-la-retraite-de-la-sncf.html\" target=\"_blank\" rel=\"noopener noreferrer\">SNCF<\/a>, <a href=\"https:\/\/www.toutsurmesfinances.com\/retraite\/regime-special-de-la-ratp-la-retraite-des-cheminots.html\" target=\"_blank\" rel=\"noopener noreferrer\">RATP<\/a>, Banque de France&#8230;), il s&rsquo;agit de la dur\u00e9e effective de services. Si un fonctionnaire travaille sur une dur\u00e9e de 90 jours, il dispose d&rsquo;un trimestre de cotisation.<\/p>\n<p>Dans le secteur priv\u00e9, le trimestre d\u00e9pend de la r\u00e9mun\u00e9ration. Jusqu&rsquo;au 1er janvier 2014 , il fallait gagner l&rsquo;\u00e9quivalent de 200 heures pay\u00e9es au Smic pour valider un trimestre \u00e0 la retraite de base. Depuis cette date, <strong>il suffit d&rsquo;avoir per\u00e7u 150 heures <a href=\"https:\/\/www.toutsurmesfinances.com\/argent\/a\/smic-brut-net-montants-taux-et-revalorisation\" target=\"_blank\" rel=\"noopener noreferrer\">Smic <\/a><\/strong>(1.747,50 euros bruts en 2024). Sur une ann\u00e9e enti\u00e8re, vous pouvez accumuler seulement 4 trimestres cotis\u00e9s, m\u00eame si votre r\u00e9mun\u00e9ration d\u00e9passe 600 heures Smic (150 X 4).<\/p>\n<h2><span class=\"ez-toc-section\" id=\"Trimestres_valides_trimestres_cotises_trimestres_assimiles_et_equivalents\"><\/span>Trimestres valid\u00e9s = trimestres cotis\u00e9s + trimestres assimil\u00e9s (et \u00e9quivalents)<span class=\"ez-toc-section-end\"><\/span><\/h2>\n<p>Pour trouver le nombre de trimestres valid\u00e9s, il faut additionner les trimestres cotis\u00e9s aux trimestres \u00ab assimil\u00e9s \u00bb (ou \u00ab r\u00e9put\u00e9s cotis\u00e9s \u00bb). Il s&rsquo;agit des p\u00e9riodes (maternit\u00e9, maladie, ch\u00f4mage&#8230;) durant laquelle vous n&rsquo;avez pas travaill\u00e9, et donc pas cotis\u00e9, mais qui est tout de m\u00eame prise en compte pour d\u00e9terminer la dur\u00e9e d&rsquo;assurance.<\/p>\n<p>Les trimestres assimil\u00e9s sont additionn\u00e9s aux trimestres cotis\u00e9s si besoin est. Une personne qui justifie du nombre de trimestres requis dans sa classe d&rsquo;\u00e2ge (166 pour les actifs n\u00e9s en 1955, par exemple) ne peut pas b\u00e9n\u00e9ficier de trimestres suppl\u00e9mentaires au titre des trimestres assimil\u00e9s et ainsi b\u00e9n\u00e9ficier d&rsquo;<a href=\"https:\/\/www.toutsurmesfinances.com\/retraite\/la-surcote-les-conditions-pour-beneficier-d-une-meilleure-retraite.html\" target=\"_blank\" rel=\"noopener noreferrer\">une \u00ab surcote \u00bb<\/a>. Une partie des<strong> trimestres r\u00e9put\u00e9s cotis\u00e9s<\/strong> entrent \u00e9galement dans les trimestres retenus pour l&rsquo;octroi de la <a href=\"https:\/\/www.toutsurmesfinances.com\/retraite\/retraite-anticipee-principe-conditions-demarches.html#Retraite_anticipee_pour_carriere_longue_a_partir_de_57_ans\" target=\"_blank\" rel=\"noopener noreferrer\">retraite anticip\u00e9e pour carri\u00e8re longue<\/a> (RACL).<\/p>\n<p>Les trimestres assimil\u00e9s sont accord\u00e9s sous certaines conditions :<\/p>\n<ul>\n<li data-leveltext=\"-\" data-font=\"Calibri\" data-listid=\"1\" data-aria-posinset=\"1\" data-aria-level=\"1\"><span data-contrast=\"none\">service militaire <\/span><span data-contrast=\"none\">:\u00a0<\/span><span data-contrast=\"none\">4 trimestres maximum<\/span><span data-ccp-props=\"{&quot;134233279&quot;:true,&quot;201341983&quot;:0,&quot;335551550&quot;:6,&quot;335551620&quot;:6,&quot;335559737&quot;:0,&quot;335559739&quot;:160,&quot;335559740&quot;:360}\">\u00a0<\/span><\/li>\n<li data-leveltext=\"-\" data-font=\"Calibri\" data-listid=\"1\" data-aria-posinset=\"2\" data-aria-level=\"1\"><span data-contrast=\"none\">maternit\u00e9 <\/span><span data-contrast=\"none\">:\u00a0<\/span><span data-contrast=\"none\">8 trimestres par enfant dans le secteur priv\u00e9, 4 trimestres par enfant dans le secteur public<\/span><span data-ccp-props=\"{&quot;134233279&quot;:true,&quot;201341983&quot;:0,&quot;335551550&quot;:6,&quot;335551620&quot;:6,&quot;335559737&quot;:0,&quot;335559739&quot;:160,&quot;335559740&quot;:360}\">\u00a0<\/span><\/li>\n<li data-leveltext=\"-\" data-font=\"Calibri\" data-listid=\"1\" data-aria-posinset=\"3\" data-aria-level=\"1\"><span data-contrast=\"none\">maladie <\/span><span data-contrast=\"none\">:\u00a0<\/span><span data-contrast=\"none\">1 trimestre tous les 60 jours d\u2019indemnit\u00e9s journali\u00e8res vers<\/span><span data-contrast=\"none\">\u00e9es par l\u2019Assurance maladie<\/span><span data-ccp-props=\"{&quot;134233279&quot;:true,&quot;201341983&quot;:0,&quot;335551550&quot;:6,&quot;335551620&quot;:6,&quot;335559737&quot;:0,&quot;335559739&quot;:160,&quot;335559740&quot;:360}\">\u00a0<\/span><\/li>\n<li data-leveltext=\"-\" data-font=\"Calibri\" data-listid=\"1\" data-aria-posinset=\"3\" data-aria-level=\"1\"><span data-contrast=\"none\">ch\u00f4mage <\/span><span data-contrast=\"none\">:\u00a0<\/span><span data-contrast=\"none\">1 trimestre tous les 50 jours\u00a0<\/span><span data-contrast=\"none\">d\u2019allocations ch\u00f4mage\u00a0<\/span><span data-contrast=\"none\">vers<\/span><span data-contrast=\"none\">\u00e9<\/span><span data-contrast=\"none\">e<\/span><span data-contrast=\"none\">s<\/span><span data-contrast=\"none\">\u00a0par P\u00f4le emploi<\/span><span data-ccp-props=\"{&quot;134233279&quot;:true,&quot;201341983&quot;:0,&quot;335551550&quot;:6,&quot;335551620&quot;:6,&quot;335559737&quot;:0,&quot;335559739&quot;:160,&quot;335559740&quot;:360}\">\u00a0<\/span><\/li>\n<li data-leveltext=\"-\" data-font=\"Calibri\" data-listid=\"1\" data-aria-posinset=\"5\" data-aria-level=\"1\"><span data-contrast=\"none\">invalidit\u00e9 <\/span><span data-contrast=\"none\">:\u00a0<\/span><span data-contrast=\"none\">1 trimestres tous les 90 jours de versement d\u2019une <a href=\"https:\/\/www.toutsurmesfinances.com\/argent\/a\/pension-dinvalidite-definition-conditions-demande-et-calendrier\">pension d\u2019invalidit\u00e9<\/a><\/span><span data-ccp-props=\"{&quot;134233279&quot;:true,&quot;201341983&quot;:0,&quot;335551550&quot;:6,&quot;335551620&quot;:6,&quot;335559737&quot;:0,&quot;335559739&quot;:160,&quot;335559740&quot;:360}\">\u00a0<\/span><\/li>\n<li data-leveltext=\"-\" data-font=\"Calibri\" data-listid=\"1\" data-aria-posinset=\"6\" data-aria-level=\"1\"><span data-contrast=\"none\">activit\u00e9 partielle (la nouvelle appellation du <a href=\"https:\/\/www.toutsurmesfinances.com\/argent\/a\/chomage-partiel-definition-conditions-et-indemnisation\" target=\"_blank\" rel=\"noopener noreferrer\">ch\u00f4mage partie<\/a>l)<\/span><span data-contrast=\"none\">\u00a0<\/span><span data-contrast=\"none\">:\u00a0<\/span><span data-contrast=\"none\">1 trimestre tous les 50 jours\u00a0<\/span><span data-contrast=\"none\">d\u2019indemn<\/span><span data-contrast=\"none\">isation.<\/span><span data-ccp-props=\"{&quot;134233279&quot;:true,&quot;201341983&quot;:0,&quot;335551550&quot;:6,&quot;335551620&quot;:6,&quot;335559685&quot;:720,&quot;335559737&quot;:0,&quot;335559739&quot;:160,&quot;335559740&quot;:360,&quot;335559991&quot;:360}\">\u00a0<\/span><\/li>\n<\/ul>\n<div id=\"tablepress-11-scroll-wrapper\" class=\"tablepress-scroll-wrapper\">\n\n<table id=\"tablepress-11\" class=\"tablepress tablepress-id-11 tablepress-responsive\">\n<thead>\n<tr class=\"row-1 odd\">\n\t<th colspan=\"2\" class=\"column-1\"><strong>Dur\u00e9e de cotisation exig\u00e9e pour chaque g\u00e9n\u00e9ration<\/strong><\/th>\n<\/tr>\n<\/thead>\n<tbody class=\"row-hover\">\n<tr class=\"row-2 even\">\n\t<td class=\"column-1\"><strong>Ann\u00e9e de naissance<\/strong><\/td><td class=\"column-2\"><strong>Trimestres exig\u00e9s<\/strong><\/td>\n<\/tr>\n<tr class=\"row-3 odd\">\n\t<td class=\"column-1\">1948 ou avant<\/td><td class=\"column-2\">160<\/td>\n<\/tr>\n<tr class=\"row-4 even\">\n\t<td class=\"column-1\">1949<\/td><td class=\"column-2\">161<\/td>\n<\/tr>\n<tr class=\"row-5 odd\">\n\t<td class=\"column-1\">1950<\/td><td class=\"column-2\">162<\/td>\n<\/tr>\n<tr class=\"row-6 even\">\n\t<td class=\"column-1\">1951<\/td><td class=\"column-2\">163<\/td>\n<\/tr>\n<tr class=\"row-7 odd\">\n\t<td class=\"column-1\">1952<\/td><td class=\"column-2\">164<\/td>\n<\/tr>\n<tr class=\"row-8 even\">\n\t<td class=\"column-1\">1953, 1954<\/td><td class=\"column-2\">165<\/td>\n<\/tr>\n<tr class=\"row-9 odd\">\n\t<td class=\"column-1\">1955, 1956, 1957<\/td><td class=\"column-2\">166<\/td>\n<\/tr>\n<tr class=\"row-10 even\">\n\t<td class=\"column-1\">1958, 1959, 1960<\/td><td class=\"column-2\">167<\/td>\n<\/tr>\n<tr class=\"row-11 odd\">\n\t<td class=\"column-1\">Du 1er janvier au 31 ao\u00fbt 1961<\/td><td class=\"column-2\">168<\/td>\n<\/tr>\n<tr class=\"row-12 even\">\n\t<td class=\"column-1\">Du 1er septembre 1961 au 31 d\u00e9cembre 1962<\/td><td class=\"column-2\">169<\/td>\n<\/tr>\n<tr class=\"row-13 odd\">\n\t<td class=\"column-1\">1963<\/td><td class=\"column-2\">170<\/td>\n<\/tr>\n<tr class=\"row-14 even\">\n\t<td class=\"column-1\">1964<\/td><td class=\"column-2\">171<\/td>\n<\/tr>\n<tr class=\"row-15 odd\">\n\t<td class=\"column-1\">\u00c0 partir de 1965<\/td><td class=\"column-2\">172<\/td>\n<\/tr>\n<\/tbody>\n<\/table>\n\n<\/div><!-- #tablepress-11 from cache -->\n<table style=\"background-color: #e0e0dd;width: 100%;border: #b0b0b0 thin solid\" border=\"0\" cellpadding=\"5\">\n<tbody>\n<tr>\n<td>\n<h2 style=\"text-align: center\"><span class=\"ez-toc-section\" id=\"Les_trimestres_equivalents\"><\/span>Les trimestres \u00e9quivalents<span class=\"ez-toc-section-end\"><\/span><\/h2>\n<p>Dans certains cas sp\u00e9cifiques, un actif peut b\u00e9n\u00e9ficier de trimestres \u00e9quivalents pour le calcul de sa dur\u00e9e d\u2019assurance retraite. Ils sont notamment accord\u00e9s aux aides familiaux dans l\u2019agriculture, le commerce et l\u2019artisanat. Les trimestres \u00e9quivalents sont \u00e9galement retenus pour les p\u00e9riodes d\u2019activit\u00e9 \u00e0 l\u2019\u00e9tranger.<\/p>\n<p><strong>ATTENTION :<\/strong>\u00a0les trimestres \u00e9quivalents ne sont pas retenus pour le calcul du taux de la pension de retraite.<\/td>\n<\/tr>\n<\/tbody>\n<\/table>\n<p><strong>\u00c0 lire aussi sur le sujet :<\/strong><\/p>\n<ul>\n<li><a href=\"https:\/\/www.toutsurmesfinances.com\/retraite\/age-de-depart-a-la-retraite-quand-partir.html\" target=\"_blank\" rel=\"noopener noreferrer\"><strong>\u00c2ge de d\u00e9part \u00e0 la retraite : quand partir ?<\/strong><\/a><\/li>\n<li><a href=\"https:\/\/www.toutsurmesfinances.com\/retraite\/demande-de-retraite-quelle-est-la-demarche-a-suivre-pour-son-depart.html\" target=\"_blank\" rel=\"noopener noreferrer\"><strong>Demande de retraite : quelle est la d\u00e9marche \u00e0 suivre pour son d\u00e9part ?<\/strong><\/a><\/li>\n<\/ul>\n","protected":false},"excerpt":{"rendered":"<p>Pour partir en retraite et toucher une pension \u00e0 taux plein, il est n\u00e9cessaire de valider un certain nombre de trimestres. M\u00eame si vous n&rsquo;avez pas accumul\u00e9 assez de trimestres cotis\u00e9s, vous pouvez tout de m\u00eame en avoir valid\u00e9 suffisamment. Explications.<\/p>\n","protected":false},"author":13710,"featured_media":19895,"comment_status":"closed","ping_status":"closed","sticky":false,"template":"","format":"standard","meta":{"footnotes":""},"categories":[11],"tags":[],"class_list":["post-19896","post","type-post","status-publish","format-standard","has-post-thumbnail","hentry","category-droits-a-la-retraite"],"acf":[],"yoast_head":"<!-- This site is optimized with the Yoast SEO plugin v24.9 - https:\/\/yoast.com\/wordpress\/plugins\/seo\/ -->\n<title>Trimestre cotis\u00e9, trimestre valid\u00e9 : quelle diff\u00e9rence ?<\/title>\n<meta name=\"description\" content=\"Pour partir en retraite et toucher une pension \u00e0 taux plein, il est n\u00e9cessaire de valider un certain nombre de trimestres. M\u00eame si vous n&#039;avez pas accumul\u00e9 assez de trimestres cotis\u00e9s, vous pouvez tout de m\u00eame en avoir valid\u00e9 suffisamment.\" \/>\n<meta name=\"robots\" content=\"index, follow, max-snippet:-1, max-image-preview:large, max-video-preview:-1\" \/>\n<link rel=\"canonical\" href=\"https:\/\/www.toutsurmesfinances.com\/retraite\/trimestre-cotise-trimestre-valide-quelle-difference.html\" \/>\n<meta property=\"og:locale\" content=\"fr_FR\" \/>\n<meta property=\"og:type\" content=\"article\" \/>\n<meta property=\"og:title\" content=\"Trimestre cotis\u00e9, trimestre valid\u00e9 : quelle diff\u00e9rence ?\" \/>\n<meta property=\"og:description\" content=\"Pour partir en retraite et toucher une pension \u00e0 taux plein, il est n\u00e9cessaire de valider un certain nombre de trimestres. M\u00eame si vous n&#039;avez pas accumul\u00e9 assez de trimestres cotis\u00e9s, vous pouvez tout de m\u00eame en avoir valid\u00e9 suffisamment.\" \/>\n<meta property=\"og:url\" content=\"https:\/\/www.toutsurmesfinances.com\/retraite\/trimestre-cotise-trimestre-valide-quelle-difference.html\" \/>\n<meta property=\"og:site_name\" content=\"Retraite\" \/>\n<meta property=\"article:published_time\" content=\"2014-05-14T11:48:46+00:00\" \/>\n<meta property=\"article:modified_time\" content=\"2023-12-21T09:40:01+00:00\" \/>\n<meta property=\"og:image\" content=\"https:\/\/www.toutsurmesfinances.com\/retraite\/wp-content\/uploads\/sites\/4\/2014\/05\/couple-reflexion-credit.jpg\" \/>\n\t<meta property=\"og:image:width\" content=\"823\" \/>\n\t<meta property=\"og:image:height\" content=\"463\" \/>\n\t<meta property=\"og:image:type\" content=\"image\/jpeg\" \/>\n<meta name=\"author\" content=\"Thibault Fingonnet\" \/>\n<meta name=\"twitter:card\" content=\"summary_large_image\" \/>\n<meta name=\"twitter:creator\" content=\"@Toutsur\" \/>\n<meta name=\"twitter:site\" content=\"@Toutsur\" \/>\n<meta name=\"twitter:label1\" content=\"\u00c9crit par\" \/>\n\t<meta name=\"twitter:data1\" content=\"Thibault Fingonnet\" \/>\n\t<meta name=\"twitter:label2\" content=\"Dur\u00e9e de lecture estim\u00e9e\" \/>\n\t<meta name=\"twitter:data2\" content=\"3 minutes\" \/>\n<script type=\"application\/ld+json\" class=\"yoast-schema-graph\">{\"@context\":\"https:\/\/schema.org\",\"@graph\":[{\"@type\":\"Article\",\"@id\":\"https:\/\/www.toutsurmesfinances.com\/retraite\/trimestre-cotise-trimestre-valide-quelle-difference.html#article\",\"isPartOf\":{\"@id\":\"https:\/\/www.toutsurmesfinances.com\/retraite\/trimestre-cotise-trimestre-valide-quelle-difference.html\"},\"author\":{\"name\":\"Thibault Fingonnet\",\"@id\":\"https:\/\/www.toutsurmesfinances.com\/retraite\/#\/schema\/person\/86ed62048219a3c310268cf8e534d65e\"},\"headline\":\"Trimestre cotis\u00e9, trimestre valid\u00e9 : quelle diff\u00e9rence ?\",\"dateModified\":\"2023-12-21T09:40:01+00:00\",\"mainEntityOfPage\":{\"@id\":\"https:\/\/www.toutsurmesfinances.com\/retraite\/trimestre-cotise-trimestre-valide-quelle-difference.html\"},\"wordCount\":639,\"publisher\":{\"@id\":\"https:\/\/www.toutsurmesfinances.com\/retraite\/#organization\"},\"image\":{\"@id\":\"https:\/\/www.toutsurmesfinances.com\/retraite\/trimestre-cotise-trimestre-valide-quelle-difference.html#primaryimage\"},\"thumbnailUrl\":\"https:\/\/www.toutsurmesfinances.com\/retraite\/wp-content\/uploads\/sites\/4\/2014\/05\/couple-reflexion-credit.jpg\",\"articleSection\":[\"Droits \u00e0 la retraite\"],\"inLanguage\":\"fr-FR\"},{\"@type\":\"WebPage\",\"@id\":\"https:\/\/www.toutsurmesfinances.com\/retraite\/trimestre-cotise-trimestre-valide-quelle-difference.html\",\"url\":\"https:\/\/www.toutsurmesfinances.com\/retraite\/trimestre-cotise-trimestre-valide-quelle-difference.html\",\"name\":\"Trimestre cotis\u00e9, trimestre valid\u00e9 : quelle diff\u00e9rence ?\",\"isPartOf\":{\"@id\":\"https:\/\/www.toutsurmesfinances.com\/retraite\/#website\"},\"primaryImageOfPage\":{\"@id\":\"https:\/\/www.toutsurmesfinances.com\/retraite\/trimestre-cotise-trimestre-valide-quelle-difference.html#primaryimage\"},\"image\":{\"@id\":\"https:\/\/www.toutsurmesfinances.com\/retraite\/trimestre-cotise-trimestre-valide-quelle-difference.html#primaryimage\"},\"thumbnailUrl\":\"https:\/\/www.toutsurmesfinances.com\/retraite\/wp-content\/uploads\/sites\/4\/2014\/05\/couple-reflexion-credit.jpg\",\"dateModified\":\"2023-12-21T09:40:01+00:00\",\"description\":\"Pour partir en retraite et toucher une pension \u00e0 taux plein, il est n\u00e9cessaire de valider un certain nombre de trimestres. M\u00eame si vous n\\\\'avez pas accumul\u00e9 assez de trimestres cotis\u00e9s, vous pouvez tout de m\u00eame en avoir valid\u00e9 suffisamment.\",\"breadcrumb\":{\"@id\":\"https:\/\/www.toutsurmesfinances.com\/retraite\/trimestre-cotise-trimestre-valide-quelle-difference.html#breadcrumb\"},\"inLanguage\":\"fr-FR\",\"potentialAction\":[{\"@type\":\"ReadAction\",\"target\":[\"https:\/\/www.toutsurmesfinances.com\/retraite\/trimestre-cotise-trimestre-valide-quelle-difference.html\"]}]},{\"@type\":\"ImageObject\",\"inLanguage\":\"fr-FR\",\"@id\":\"https:\/\/www.toutsurmesfinances.com\/retraite\/trimestre-cotise-trimestre-valide-quelle-difference.html#primaryimage\",\"url\":\"https:\/\/www.toutsurmesfinances.com\/retraite\/wp-content\/uploads\/sites\/4\/2014\/05\/couple-reflexion-credit.jpg\",\"contentUrl\":\"https:\/\/www.toutsurmesfinances.com\/retraite\/wp-content\/uploads\/sites\/4\/2014\/05\/couple-reflexion-credit.jpg\",\"width\":823,\"height\":463,\"caption\":\"Il existe une diff\u00e9rence entre les trimestres de retraite r\u00e9ellement cotis\u00e9s et ceux &quot;r\u00e9put\u00e9s cotis\u00e9s&quot;\"},{\"@type\":\"BreadcrumbList\",\"@id\":\"https:\/\/www.toutsurmesfinances.com\/retraite\/trimestre-cotise-trimestre-valide-quelle-difference.html#breadcrumb\",\"itemListElement\":[{\"@type\":\"ListItem\",\"position\":1,\"name\":\"Accueil\",\"item\":\"https:\/\/www.toutsurmesfinances.com\/retraite\/\"},{\"@type\":\"ListItem\",\"position\":2,\"name\":\"Droits\",\"item\":\"https:\/\/www.toutsurmesfinances.com\/retraite\/c\/droits\"},{\"@type\":\"ListItem\",\"position\":3,\"name\":\"Droits \u00e0 la retraite\",\"item\":\"https:\/\/www.toutsurmesfinances.com\/retraite\/c\/droits-a-la-retraite\"},{\"@type\":\"ListItem\",\"position\":4,\"name\":\"Trimestre cotis\u00e9, trimestre valid\u00e9 : quelle diff\u00e9rence ?\"}]},{\"@type\":\"WebSite\",\"@id\":\"https:\/\/www.toutsurmesfinances.com\/retraite\/#website\",\"url\":\"https:\/\/www.toutsurmesfinances.com\/retraite\/\",\"name\":\"Retraite\",\"description\":\"\",\"publisher\":{\"@id\":\"https:\/\/www.toutsurmesfinances.com\/retraite\/#organization\"},\"potentialAction\":[{\"@type\":\"SearchAction\",\"target\":{\"@type\":\"EntryPoint\",\"urlTemplate\":\"https:\/\/www.toutsurmesfinances.com\/retraite\/?s={search_term_string}\"},\"query-input\":{\"@type\":\"PropertyValueSpecification\",\"valueRequired\":true,\"valueName\":\"search_term_string\"}}],\"inLanguage\":\"fr-FR\"},{\"@type\":\"Organization\",\"@id\":\"https:\/\/www.toutsurmesfinances.com\/retraite\/#organization\",\"name\":\"Tout Sur Mes Finances\",\"url\":\"https:\/\/www.toutsurmesfinances.com\/retraite\/\",\"logo\":{\"@type\":\"ImageObject\",\"inLanguage\":\"fr-FR\",\"@id\":\"https:\/\/www.toutsurmesfinances.com\/retraite\/#\/schema\/logo\/image\/\",\"url\":\"https:\/\/www.toutsurmesfinances.com\/retraite\/wp-content\/uploads\/sites\/4\/2021\/01\/favicon.png\",\"contentUrl\":\"https:\/\/www.toutsurmesfinances.com\/retraite\/wp-content\/uploads\/sites\/4\/2021\/01\/favicon.png\",\"width\":512,\"height\":512,\"caption\":\"Tout Sur Mes Finances\"},\"image\":{\"@id\":\"https:\/\/www.toutsurmesfinances.com\/retraite\/#\/schema\/logo\/image\/\"},\"sameAs\":[\"https:\/\/x.com\/Toutsur\"]},{\"@type\":\"Person\",\"@id\":\"https:\/\/www.toutsurmesfinances.com\/retraite\/#\/schema\/person\/86ed62048219a3c310268cf8e534d65e\",\"name\":\"Thibault Fingonnet\",\"image\":{\"@type\":\"ImageObject\",\"inLanguage\":\"fr-FR\",\"@id\":\"https:\/\/www.toutsurmesfinances.com\/retraite\/#\/schema\/person\/image\/\",\"url\":\"https:\/\/secure.gravatar.com\/avatar\/07dc3aa2788dfbdc4f0f9bc0f6cd7593?s=96&d=mm&r=g\",\"contentUrl\":\"https:\/\/secure.gravatar.com\/avatar\/07dc3aa2788dfbdc4f0f9bc0f6cd7593?s=96&d=mm&r=g\",\"caption\":\"Thibault Fingonnet\"},\"description\":\"Thibault Fingonnet est journaliste sp\u00e9cialis\u00e9 en finances personnelles et en immobilier. Il a collabor\u00e9 avec ToutSurMesFinances de 2012 \u00e0 2017, notamment en tant que responsable \u00e9ditorial du p\u00f4le immobilier.\",\"sameAs\":[\"https:\/\/www.toutsurmesfinances.com\/author\/thibaultfingonnet\",\"https:\/\/www.linkedin.com\/in\/thibault-fingonnet-1a25a431\/\"]}]}<\/script>\n<!-- \/ Yoast SEO plugin. -->","yoast_head_json":{"title":"Trimestre cotis\u00e9, trimestre valid\u00e9 : quelle diff\u00e9rence ?","description":"Pour partir en retraite et toucher une pension \u00e0 taux plein, il est n\u00e9cessaire de valider un certain nombre de trimestres. M\u00eame si vous n'avez pas accumul\u00e9 assez de trimestres cotis\u00e9s, vous pouvez tout de m\u00eame en avoir valid\u00e9 suffisamment.","robots":{"index":"index","follow":"follow","max-snippet":"max-snippet:-1","max-image-preview":"max-image-preview:large","max-video-preview":"max-video-preview:-1"},"canonical":"https:\/\/www.toutsurmesfinances.com\/retraite\/trimestre-cotise-trimestre-valide-quelle-difference.html","og_locale":"fr_FR","og_type":"article","og_title":"Trimestre cotis\u00e9, trimestre valid\u00e9 : quelle diff\u00e9rence ?","og_description":"Pour partir en retraite et toucher une pension \u00e0 taux plein, il est n\u00e9cessaire de valider un certain nombre de trimestres. M\u00eame si vous n'avez pas accumul\u00e9 assez de trimestres cotis\u00e9s, vous pouvez tout de m\u00eame en avoir valid\u00e9 suffisamment.","og_url":"https:\/\/www.toutsurmesfinances.com\/retraite\/trimestre-cotise-trimestre-valide-quelle-difference.html","og_site_name":"Retraite","article_published_time":"2014-05-14T11:48:46+00:00","article_modified_time":"2023-12-21T09:40:01+00:00","og_image":[{"width":823,"height":463,"url":"https:\/\/www.toutsurmesfinances.com\/retraite\/wp-content\/uploads\/sites\/4\/2014\/05\/couple-reflexion-credit.jpg","type":"image\/jpeg"}],"author":"Thibault Fingonnet","twitter_card":"summary_large_image","twitter_creator":"@Toutsur","twitter_site":"@Toutsur","twitter_misc":{"\u00c9crit par":"Thibault Fingonnet","Dur\u00e9e de lecture estim\u00e9e":"3 minutes"},"schema":{"@context":"https:\/\/schema.org","@graph":[{"@type":"Article","@id":"https:\/\/www.toutsurmesfinances.com\/retraite\/trimestre-cotise-trimestre-valide-quelle-difference.html#article","isPartOf":{"@id":"https:\/\/www.toutsurmesfinances.com\/retraite\/trimestre-cotise-trimestre-valide-quelle-difference.html"},"author":{"name":"Thibault Fingonnet","@id":"https:\/\/www.toutsurmesfinances.com\/retraite\/#\/schema\/person\/86ed62048219a3c310268cf8e534d65e"},"headline":"Trimestre cotis\u00e9, trimestre valid\u00e9 : quelle diff\u00e9rence ?","dateModified":"2023-12-21T09:40:01+00:00","mainEntityOfPage":{"@id":"https:\/\/www.toutsurmesfinances.com\/retraite\/trimestre-cotise-trimestre-valide-quelle-difference.html"},"wordCount":639,"publisher":{"@id":"https:\/\/www.toutsurmesfinances.com\/retraite\/#organization"},"image":{"@id":"https:\/\/www.toutsurmesfinances.com\/retraite\/trimestre-cotise-trimestre-valide-quelle-difference.html#primaryimage"},"thumbnailUrl":"https:\/\/www.toutsurmesfinances.com\/retraite\/wp-content\/uploads\/sites\/4\/2014\/05\/couple-reflexion-credit.jpg","articleSection":["Droits \u00e0 la retraite"],"inLanguage":"fr-FR"},{"@type":"WebPage","@id":"https:\/\/www.toutsurmesfinances.com\/retraite\/trimestre-cotise-trimestre-valide-quelle-difference.html","url":"https:\/\/www.toutsurmesfinances.com\/retraite\/trimestre-cotise-trimestre-valide-quelle-difference.html","name":"Trimestre cotis\u00e9, trimestre valid\u00e9 : quelle diff\u00e9rence ?","isPartOf":{"@id":"https:\/\/www.toutsurmesfinances.com\/retraite\/#website"},"primaryImageOfPage":{"@id":"https:\/\/www.toutsurmesfinances.com\/retraite\/trimestre-cotise-trimestre-valide-quelle-difference.html#primaryimage"},"image":{"@id":"https:\/\/www.toutsurmesfinances.com\/retraite\/trimestre-cotise-trimestre-valide-quelle-difference.html#primaryimage"},"thumbnailUrl":"https:\/\/www.toutsurmesfinances.com\/retraite\/wp-content\/uploads\/sites\/4\/2014\/05\/couple-reflexion-credit.jpg","dateModified":"2023-12-21T09:40:01+00:00","description":"Pour partir en retraite et toucher une pension \u00e0 taux plein, il est n\u00e9cessaire de valider un certain nombre de trimestres. M\u00eame si vous n\\'avez pas accumul\u00e9 assez de trimestres cotis\u00e9s, vous pouvez tout de m\u00eame en avoir valid\u00e9 suffisamment.","breadcrumb":{"@id":"https:\/\/www.toutsurmesfinances.com\/retraite\/trimestre-cotise-trimestre-valide-quelle-difference.html#breadcrumb"},"inLanguage":"fr-FR","potentialAction":[{"@type":"ReadAction","target":["https:\/\/www.toutsurmesfinances.com\/retraite\/trimestre-cotise-trimestre-valide-quelle-difference.html"]}]},{"@type":"ImageObject","inLanguage":"fr-FR","@id":"https:\/\/www.toutsurmesfinances.com\/retraite\/trimestre-cotise-trimestre-valide-quelle-difference.html#primaryimage","url":"https:\/\/www.toutsurmesfinances.com\/retraite\/wp-content\/uploads\/sites\/4\/2014\/05\/couple-reflexion-credit.jpg","contentUrl":"https:\/\/www.toutsurmesfinances.com\/retraite\/wp-content\/uploads\/sites\/4\/2014\/05\/couple-reflexion-credit.jpg","width":823,"height":463,"caption":"Il existe une diff\u00e9rence entre les trimestres de retraite r\u00e9ellement cotis\u00e9s et ceux &quot;r\u00e9put\u00e9s cotis\u00e9s&quot;"},{"@type":"BreadcrumbList","@id":"https:\/\/www.toutsurmesfinances.com\/retraite\/trimestre-cotise-trimestre-valide-quelle-difference.html#breadcrumb","itemListElement":[{"@type":"ListItem","position":1,"name":"Accueil","item":"https:\/\/www.toutsurmesfinances.com\/retraite\/"},{"@type":"ListItem","position":2,"name":"Droits","item":"https:\/\/www.toutsurmesfinances.com\/retraite\/c\/droits"},{"@type":"ListItem","position":3,"name":"Droits \u00e0 la retraite","item":"https:\/\/www.toutsurmesfinances.com\/retraite\/c\/droits-a-la-retraite"},{"@type":"ListItem","position":4,"name":"Trimestre cotis\u00e9, trimestre valid\u00e9 : quelle diff\u00e9rence ?"}]},{"@type":"WebSite","@id":"https:\/\/www.toutsurmesfinances.com\/retraite\/#website","url":"https:\/\/www.toutsurmesfinances.com\/retraite\/","name":"Retraite","description":"","publisher":{"@id":"https:\/\/www.toutsurmesfinances.com\/retraite\/#organization"},"potentialAction":[{"@type":"SearchAction","target":{"@type":"EntryPoint","urlTemplate":"https:\/\/www.toutsurmesfinances.com\/retraite\/?s={search_term_string}"},"query-input":{"@type":"PropertyValueSpecification","valueRequired":true,"valueName":"search_term_string"}}],"inLanguage":"fr-FR"},{"@type":"Organization","@id":"https:\/\/www.toutsurmesfinances.com\/retraite\/#organization","name":"Tout Sur Mes Finances","url":"https:\/\/www.toutsurmesfinances.com\/retraite\/","logo":{"@type":"ImageObject","inLanguage":"fr-FR","@id":"https:\/\/www.toutsurmesfinances.com\/retraite\/#\/schema\/logo\/image\/","url":"https:\/\/www.toutsurmesfinances.com\/retraite\/wp-content\/uploads\/sites\/4\/2021\/01\/favicon.png","contentUrl":"https:\/\/www.toutsurmesfinances.com\/retraite\/wp-content\/uploads\/sites\/4\/2021\/01\/favicon.png","width":512,"height":512,"caption":"Tout Sur Mes Finances"},"image":{"@id":"https:\/\/www.toutsurmesfinances.com\/retraite\/#\/schema\/logo\/image\/"},"sameAs":["https:\/\/x.com\/Toutsur"]},{"@type":"Person","@id":"https:\/\/www.toutsurmesfinances.com\/retraite\/#\/schema\/person\/86ed62048219a3c310268cf8e534d65e","name":"Thibault Fingonnet","image":{"@type":"ImageObject","inLanguage":"fr-FR","@id":"https:\/\/www.toutsurmesfinances.com\/retraite\/#\/schema\/person\/image\/","url":"https:\/\/secure.gravatar.com\/avatar\/07dc3aa2788dfbdc4f0f9bc0f6cd7593?s=96&d=mm&r=g","contentUrl":"https:\/\/secure.gravatar.com\/avatar\/07dc3aa2788dfbdc4f0f9bc0f6cd7593?s=96&d=mm&r=g","caption":"Thibault Fingonnet"},"description":"Thibault Fingonnet est journaliste sp\u00e9cialis\u00e9 en finances personnelles et en immobilier. Il a collabor\u00e9 avec ToutSurMesFinances de 2012 \u00e0 2017, notamment en tant que responsable \u00e9ditorial du p\u00f4le immobilier.","sameAs":["https:\/\/www.toutsurmesfinances.com\/author\/thibaultfingonnet","https:\/\/www.linkedin.com\/in\/thibault-fingonnet-1a25a431\/"]}]}},"_links":{"self":[{"href":"https:\/\/www.toutsurmesfinances.com\/retraite\/wp-json\/wp\/v2\/posts\/19896","targetHints":{"allow":["GET"]}}],"collection":[{"href":"https:\/\/www.toutsurmesfinances.com\/retraite\/wp-json\/wp\/v2\/posts"}],"about":[{"href":"https:\/\/www.toutsurmesfinances.com\/retraite\/wp-json\/wp\/v2\/types\/post"}],"author":[{"embeddable":true,"href":"https:\/\/www.toutsurmesfinances.com\/retraite\/wp-json\/wp\/v2\/users\/13710"}],"replies":[{"embeddable":true,"href":"https:\/\/www.toutsurmesfinances.com\/retraite\/wp-json\/wp\/v2\/comments?post=19896"}],"version-history":[{"count":5,"href":"https:\/\/www.toutsurmesfinances.com\/retraite\/wp-json\/wp\/v2\/posts\/19896\/revisions"}],"predecessor-version":[{"id":31762,"href":"https:\/\/www.toutsurmesfinances.com\/retraite\/wp-json\/wp\/v2\/posts\/19896\/revisions\/31762"}],"wp:featuredmedia":[{"embeddable":true,"href":"https:\/\/www.toutsurmesfinances.com\/retraite\/wp-json\/wp\/v2\/media\/19895"}],"wp:attachment":[{"href":"https:\/\/www.toutsurmesfinances.com\/retraite\/wp-json\/wp\/v2\/media?parent=19896"}],"wp:term":[{"taxonomy":"category","embeddable":true,"href":"https:\/\/www.toutsurmesfinances.com\/retraite\/wp-json\/wp\/v2\/categories?post=19896"},{"taxonomy":"post_tag","embeddable":true,"href":"https:\/\/www.toutsurmesfinances.com\/retraite\/wp-json\/wp\/v2\/tags?post=19896"}],"curies":[{"name":"wp","href":"https:\/\/api.w.org\/{rel}","templated":true}]}}