{"id":20040,"date":"2014-07-04T09:29:12","date_gmt":"2014-07-04T07:29:12","guid":{"rendered":"https:\/\/www.toutsurmesfinances.com\/retraite\/de-plus-en-plus-de-retraites-anticipees-pour-carrieres-longues.html"},"modified":"2025-07-10T16:02:30","modified_gmt":"2025-07-10T14:02:30","slug":"de-plus-en-plus-de-retraites-anticipees-pour-carrieres-longues","status":"publish","type":"post","link":"https:\/\/www.toutsurmesfinances.com\/retraite\/de-plus-en-plus-de-retraites-anticipees-pour-carrieres-longues.html","title":{"rendered":"De plus en plus de retraites anticip\u00e9es pour \u00ab carri\u00e8res longues \u00bb"},"content":{"rendered":"<section class=\"l-section wpb_row height_small\"><div class=\"l-section-h i-cf\"><div class=\"g-cols vc_row via_flex valign_top type_default stacking_default\"><div class=\"vc_col-sm-12 wpb_column vc_column_container\"><div class=\"vc_column-inner\"><div class=\"wpb_wrapper\"><div class=\"wpb_text_column\"><div class=\"wpb_wrapper\"><p>La progression du nombre de <strong>d\u00e9parts anticip\u00e9s<\/strong> \u00e0 la retraite au titre des \u00ab carri\u00e8res longues \u00bb continue. Apr\u00e8s 150.000 d\u00e9parts enregistr\u00e9s en 2013, le dispositif devrait g\u00e9n\u00e9rer 160.000 d\u00e9parts cette ann\u00e9e, a annonc\u00e9 la ministre des Affaires sociales et de la Sant\u00e9 <strong>Marisol Touraine<\/strong> lors de la c\u00e9l\u00e9bration des deux ans du \u00ab d\u00e9cret Hollande \u00bb organis\u00e9e le 2 juillet 2014 en son minist\u00e8re.<\/p>\n<p>Ce d\u00e9cret, sign\u00e9 par <strong>Fran\u00e7ois Hollande<\/strong> le 2 juillet 2012, explique en grande partie la mont\u00e9e en charge de ce dispositif instaur\u00e9 par <strong>la loi Fillon de 2003<\/strong> et qui permet aux actifs ayant commenc\u00e9 \u00e0 travailler jeune et justifiant de tous leurs trimestres de cotisation de partir \u00e0 la retraite avant 62 ans. Comme promis par le chef de l&rsquo;Etat lors de la campagne pr\u00e9sidentielle, le dispositif a \u00e9t\u00e9 \u00e9tendu aux actifs ayant d\u00e9but\u00e9 dans la vie active avant 20 ans (contre 18 ans auparavant). Le d\u00e9cret du 2 juillet 2012 est responsable \u00e0 lui-seul de 115.000 des 150.000 d\u00e9parts anticip\u00e9s de 2013.<\/p>\n<h2>Nouvel \u00e9largissement<\/h2>\n<p>Le soufflet ne devrait pas retomber : dans le cadre de la derni\u00e8re r\u00e9forme des retraites, <a href=\"https:\/\/www.toutsurmesfinances.com\/retraite\/retraite-anticipee-extension-des-trimestres-pour-carrieres-longues.html\" target=\"_blank\" rel=\"noopener noreferrer\">un d\u00e9cret paru le 20 mars 2014 <\/a>a \u00e9largi, depuis le 1er avril dernier, le p\u00e9rim\u00e8tre des trimestres pris en compte pour b\u00e9n\u00e9ficier du dispositif \u00ab carri\u00e8res longues \u00bb. Quatre trimestres sont d\u00e9sormais comptabilis\u00e9s au titre de la maternit\u00e9 au lieu de deux auparavant. Quatre trimestres de ch\u00f4mage sont \u00e9galement compt\u00e9s, contre deux avant le d\u00e9cret. Deux trimestres au titre de l&rsquo;invalidit\u00e9 ont \u00e9t\u00e9 cr\u00e9\u00e9s.<\/p>\n<p>Ces nouveaux trimestres s&rsquo;ajoutent aux quatre trimestres au titre du service militaire et aux quatre trimestres pour maladie et\/ou arr\u00eat de travail. Le ministre des Affaires sociales et de la Sant\u00e9 pr\u00e9voit un rythme annuel de 180.000 retraites anticip\u00e9es pour \u00ab carri\u00e8res longues \u00bb d&rsquo;ici \u00e0 2017. \u00ab Nous sommes en plein pic \u00bb, a r\u00e9sum\u00e9 Marisol Touraine. La ministre n&rsquo;a pas souhait\u00e9 divulguer le co\u00fbt du dispositif.<\/p>\n<p>&nbsp;<\/p>\n<\/div><\/div><\/div><\/div><\/div><\/div><\/div><\/section>\n","protected":false},"excerpt":{"rendered":"<p>D&rsquo;apr\u00e8s les pr\u00e9visions du minist\u00e8re des Affaires sociales et de la Sant\u00e9, 160.000 d\u00e9parts anticip\u00e9s \u00e0 la retraite pour \u00ab carri\u00e8res longues \u00bb devraient \u00eatre enregistr\u00e9s en 2014, contre 150.000 en 2013. Leur nombre devrait atteindre 180.000 en 2017. \u00a0  \u00a0<\/p>\n","protected":false},"author":13713,"featured_media":32228,"comment_status":"closed","ping_status":"closed","sticky":false,"template":"","format":"standard","meta":{"footnotes":""},"categories":[13],"tags":[],"class_list":["post-20040","post","type-post","status-publish","format-standard","has-post-thumbnail","hentry","category-depart-a-la-retraite"],"acf":[],"yoast_head":"<!-- This site is optimized with the Yoast SEO plugin v24.9 - https:\/\/yoast.com\/wordpress\/plugins\/seo\/ -->\n<title>De plus en plus de retraites anticip\u00e9es pour \u00ab carri\u00e8res longues \u00bb<\/title>\n<meta name=\"description\" content=\"D&#039;apr\u00e8s les pr\u00e9visions du minist\u00e8re des Affaires sociales et de la Sant\u00e9, 160.000 d\u00e9parts anticip\u00e9s \u00e0 la retraite pour \u00ab carri\u00e8res longues \u00bb devraient \u00eatre enregistr\u00e9s en 2014, contre 150.000 en 2013. Leur nombre devrait atteindre 180.000 en 2017.\" \/>\n<meta name=\"robots\" content=\"index, follow, max-snippet:-1, max-image-preview:large, max-video-preview:-1\" \/>\n<link rel=\"canonical\" href=\"https:\/\/www.toutsurmesfinances.com\/retraite\/de-plus-en-plus-de-retraites-anticipees-pour-carrieres-longues.html\" \/>\n<meta property=\"og:locale\" content=\"fr_FR\" \/>\n<meta property=\"og:type\" content=\"article\" \/>\n<meta property=\"og:title\" content=\"De plus en plus de retraites anticip\u00e9es pour \u00ab carri\u00e8res longues \u00bb\" \/>\n<meta property=\"og:description\" content=\"D&#039;apr\u00e8s les pr\u00e9visions du minist\u00e8re des Affaires sociales et de la Sant\u00e9, 160.000 d\u00e9parts anticip\u00e9s \u00e0 la retraite pour \u00ab carri\u00e8res longues \u00bb devraient \u00eatre enregistr\u00e9s en 2014, contre 150.000 en 2013. Leur nombre devrait atteindre 180.000 en 2017.\" \/>\n<meta property=\"og:url\" content=\"https:\/\/www.toutsurmesfinances.com\/retraite\/de-plus-en-plus-de-retraites-anticipees-pour-carrieres-longues.html\" \/>\n<meta property=\"og:site_name\" content=\"Retraite\" \/>\n<meta property=\"article:published_time\" content=\"2014-07-04T07:29:12+00:00\" \/>\n<meta property=\"article:modified_time\" content=\"2025-07-10T14:02:30+00:00\" \/>\n<meta property=\"og:image\" content=\"https:\/\/www.toutsurmesfinances.com\/retraite\/wp-content\/uploads\/sites\/4\/2025\/04\/image-retraite-liquidation.jpg\" \/>\n\t<meta property=\"og:image:width\" content=\"600\" \/>\n\t<meta property=\"og:image:height\" content=\"400\" \/>\n\t<meta property=\"og:image:type\" content=\"image\/jpeg\" \/>\n<meta name=\"author\" content=\"Jean-Philippe Dubosc\" \/>\n<meta name=\"twitter:card\" content=\"summary_large_image\" \/>\n<meta name=\"twitter:creator\" content=\"@Toutsur\" \/>\n<meta name=\"twitter:site\" content=\"@Toutsur\" \/>\n<meta name=\"twitter:label1\" content=\"\u00c9crit par\" \/>\n\t<meta name=\"twitter:data1\" content=\"Jean-Philippe Dubosc\" \/>\n\t<meta name=\"twitter:label2\" content=\"Dur\u00e9e de lecture estim\u00e9e\" \/>\n\t<meta name=\"twitter:data2\" content=\"2 minutes\" \/>\n<script type=\"application\/ld+json\" class=\"yoast-schema-graph\">{\"@context\":\"https:\/\/schema.org\",\"@graph\":[{\"@type\":\"Article\",\"@id\":\"https:\/\/www.toutsurmesfinances.com\/retraite\/de-plus-en-plus-de-retraites-anticipees-pour-carrieres-longues.html#article\",\"isPartOf\":{\"@id\":\"https:\/\/www.toutsurmesfinances.com\/retraite\/de-plus-en-plus-de-retraites-anticipees-pour-carrieres-longues.html\"},\"author\":{\"name\":\"Jean-Philippe Dubosc\",\"@id\":\"https:\/\/www.toutsurmesfinances.com\/retraite\/#\/schema\/person\/addc9e9b3978fa7947ead71bab57694c\"},\"headline\":\"De plus en plus de retraites anticip\u00e9es pour \u00ab carri\u00e8res longues \u00bb\",\"dateModified\":\"2025-07-10T14:02:30+00:00\",\"mainEntityOfPage\":{\"@id\":\"https:\/\/www.toutsurmesfinances.com\/retraite\/de-plus-en-plus-de-retraites-anticipees-pour-carrieres-longues.html\"},\"wordCount\":360,\"publisher\":{\"@id\":\"https:\/\/www.toutsurmesfinances.com\/retraite\/#organization\"},\"image\":{\"@id\":\"https:\/\/www.toutsurmesfinances.com\/retraite\/de-plus-en-plus-de-retraites-anticipees-pour-carrieres-longues.html#primaryimage\"},\"thumbnailUrl\":\"https:\/\/www.toutsurmesfinances.com\/retraite\/wp-content\/uploads\/sites\/4\/2025\/04\/image-retraite-liquidation.jpg\",\"articleSection\":[\"D\u00e9part \u00e0 la retraite\"],\"inLanguage\":\"fr-FR\"},{\"@type\":\"WebPage\",\"@id\":\"https:\/\/www.toutsurmesfinances.com\/retraite\/de-plus-en-plus-de-retraites-anticipees-pour-carrieres-longues.html\",\"url\":\"https:\/\/www.toutsurmesfinances.com\/retraite\/de-plus-en-plus-de-retraites-anticipees-pour-carrieres-longues.html\",\"name\":\"De plus en plus de retraites anticip\u00e9es pour \u00ab carri\u00e8res longues \u00bb\",\"isPartOf\":{\"@id\":\"https:\/\/www.toutsurmesfinances.com\/retraite\/#website\"},\"primaryImageOfPage\":{\"@id\":\"https:\/\/www.toutsurmesfinances.com\/retraite\/de-plus-en-plus-de-retraites-anticipees-pour-carrieres-longues.html#primaryimage\"},\"image\":{\"@id\":\"https:\/\/www.toutsurmesfinances.com\/retraite\/de-plus-en-plus-de-retraites-anticipees-pour-carrieres-longues.html#primaryimage\"},\"thumbnailUrl\":\"https:\/\/www.toutsurmesfinances.com\/retraite\/wp-content\/uploads\/sites\/4\/2025\/04\/image-retraite-liquidation.jpg\",\"dateModified\":\"2025-07-10T14:02:30+00:00\",\"description\":\"D'apr\u00e8s les pr\u00e9visions du minist\u00e8re des Affaires sociales et de la Sant\u00e9, 160.000 d\u00e9parts anticip\u00e9s \u00e0 la retraite pour \u00ab carri\u00e8res longues \u00bb devraient \u00eatre enregistr\u00e9s en 2014, contre 150.000 en 2013. Leur nombre devrait atteindre 180.000 en 2017.\",\"breadcrumb\":{\"@id\":\"https:\/\/www.toutsurmesfinances.com\/retraite\/de-plus-en-plus-de-retraites-anticipees-pour-carrieres-longues.html#breadcrumb\"},\"inLanguage\":\"fr-FR\",\"potentialAction\":[{\"@type\":\"ReadAction\",\"target\":[\"https:\/\/www.toutsurmesfinances.com\/retraite\/de-plus-en-plus-de-retraites-anticipees-pour-carrieres-longues.html\"]}]},{\"@type\":\"ImageObject\",\"inLanguage\":\"fr-FR\",\"@id\":\"https:\/\/www.toutsurmesfinances.com\/retraite\/de-plus-en-plus-de-retraites-anticipees-pour-carrieres-longues.html#primaryimage\",\"url\":\"https:\/\/www.toutsurmesfinances.com\/retraite\/wp-content\/uploads\/sites\/4\/2025\/04\/image-retraite-liquidation.jpg\",\"contentUrl\":\"https:\/\/www.toutsurmesfinances.com\/retraite\/wp-content\/uploads\/sites\/4\/2025\/04\/image-retraite-liquidation.jpg\",\"width\":600,\"height\":400},{\"@type\":\"BreadcrumbList\",\"@id\":\"https:\/\/www.toutsurmesfinances.com\/retraite\/de-plus-en-plus-de-retraites-anticipees-pour-carrieres-longues.html#breadcrumb\",\"itemListElement\":[{\"@type\":\"ListItem\",\"position\":1,\"name\":\"Accueil\",\"item\":\"https:\/\/www.toutsurmesfinances.com\/retraite\/\"},{\"@type\":\"ListItem\",\"position\":2,\"name\":\"Liquidation\",\"item\":\"https:\/\/www.toutsurmesfinances.com\/retraite\/c\/liquidation\"},{\"@type\":\"ListItem\",\"position\":3,\"name\":\"D\u00e9part \u00e0 la retraite\",\"item\":\"https:\/\/www.toutsurmesfinances.com\/retraite\/c\/depart-a-la-retraite\"},{\"@type\":\"ListItem\",\"position\":4,\"name\":\"De plus en plus de retraites anticip\u00e9es pour \u00ab carri\u00e8res longues \u00bb\"}]},{\"@type\":\"WebSite\",\"@id\":\"https:\/\/www.toutsurmesfinances.com\/retraite\/#website\",\"url\":\"https:\/\/www.toutsurmesfinances.com\/retraite\/\",\"name\":\"Retraite\",\"description\":\"\",\"publisher\":{\"@id\":\"https:\/\/www.toutsurmesfinances.com\/retraite\/#organization\"},\"potentialAction\":[{\"@type\":\"SearchAction\",\"target\":{\"@type\":\"EntryPoint\",\"urlTemplate\":\"https:\/\/www.toutsurmesfinances.com\/retraite\/?s={search_term_string}\"},\"query-input\":{\"@type\":\"PropertyValueSpecification\",\"valueRequired\":true,\"valueName\":\"search_term_string\"}}],\"inLanguage\":\"fr-FR\"},{\"@type\":\"Organization\",\"@id\":\"https:\/\/www.toutsurmesfinances.com\/retraite\/#organization\",\"name\":\"Tout Sur Mes Finances\",\"url\":\"https:\/\/www.toutsurmesfinances.com\/retraite\/\",\"logo\":{\"@type\":\"ImageObject\",\"inLanguage\":\"fr-FR\",\"@id\":\"https:\/\/www.toutsurmesfinances.com\/retraite\/#\/schema\/logo\/image\/\",\"url\":\"https:\/\/www.toutsurmesfinances.com\/retraite\/wp-content\/uploads\/sites\/4\/2021\/01\/favicon.png\",\"contentUrl\":\"https:\/\/www.toutsurmesfinances.com\/retraite\/wp-content\/uploads\/sites\/4\/2021\/01\/favicon.png\",\"width\":512,\"height\":512,\"caption\":\"Tout Sur Mes Finances\"},\"image\":{\"@id\":\"https:\/\/www.toutsurmesfinances.com\/retraite\/#\/schema\/logo\/image\/\"},\"sameAs\":[\"https:\/\/x.com\/Toutsur\"]},{\"@type\":\"Person\",\"@id\":\"https:\/\/www.toutsurmesfinances.com\/retraite\/#\/schema\/person\/addc9e9b3978fa7947ead71bab57694c\",\"name\":\"Jean-Philippe Dubosc\",\"image\":{\"@type\":\"ImageObject\",\"inLanguage\":\"fr-FR\",\"@id\":\"https:\/\/www.toutsurmesfinances.com\/retraite\/#\/schema\/person\/image\/\",\"url\":\"https:\/\/secure.gravatar.com\/avatar\/a3cba30cdda1afe79f6ebffc6e952291?s=96&d=mm&r=g\",\"contentUrl\":\"https:\/\/secure.gravatar.com\/avatar\/a3cba30cdda1afe79f6ebffc6e952291?s=96&d=mm&r=g\",\"caption\":\"Jean-Philippe Dubosc\"},\"description\":\"Jean-Philippe Dubosc est r\u00e9dacteur en chef de ToutSurMesFinances.com et sp\u00e9cialiste des questions de retraite obligatoire et d\u2019\u00e9pargne. Pr\u00e9sent au sein du m\u00e9dia depuis plus de 13 ans, il analyse les r\u00e9formes, les dispositifs r\u00e9glementaires et les strat\u00e9gies de d\u00e9part \u00e0 la retraite, avec une approche fond\u00e9e sur une lecture rigoureuse des textes et une connaissance approfondie des diff\u00e9rents r\u00e9gimes de retraite.\",\"sameAs\":[\"https:\/\/www.toutsurmesfinances.com\/author\/jpdubosc\",\"https:\/\/fr.linkedin.com\/in\/jpdubosc\"]}]}<\/script>\n<!-- \/ Yoast SEO plugin. -->","yoast_head_json":{"title":"De plus en plus de retraites anticip\u00e9es pour \u00ab carri\u00e8res longues \u00bb","description":"D'apr\u00e8s les pr\u00e9visions du minist\u00e8re des Affaires sociales et de la Sant\u00e9, 160.000 d\u00e9parts anticip\u00e9s \u00e0 la retraite pour \u00ab carri\u00e8res longues \u00bb devraient \u00eatre enregistr\u00e9s en 2014, contre 150.000 en 2013. Leur nombre devrait atteindre 180.000 en 2017.","robots":{"index":"index","follow":"follow","max-snippet":"max-snippet:-1","max-image-preview":"max-image-preview:large","max-video-preview":"max-video-preview:-1"},"canonical":"https:\/\/www.toutsurmesfinances.com\/retraite\/de-plus-en-plus-de-retraites-anticipees-pour-carrieres-longues.html","og_locale":"fr_FR","og_type":"article","og_title":"De plus en plus de retraites anticip\u00e9es pour \u00ab carri\u00e8res longues \u00bb","og_description":"D'apr\u00e8s les pr\u00e9visions du minist\u00e8re des Affaires sociales et de la Sant\u00e9, 160.000 d\u00e9parts anticip\u00e9s \u00e0 la retraite pour \u00ab carri\u00e8res longues \u00bb devraient \u00eatre enregistr\u00e9s en 2014, contre 150.000 en 2013. Leur nombre devrait atteindre 180.000 en 2017.","og_url":"https:\/\/www.toutsurmesfinances.com\/retraite\/de-plus-en-plus-de-retraites-anticipees-pour-carrieres-longues.html","og_site_name":"Retraite","article_published_time":"2014-07-04T07:29:12+00:00","article_modified_time":"2025-07-10T14:02:30+00:00","og_image":[{"width":600,"height":400,"url":"https:\/\/www.toutsurmesfinances.com\/retraite\/wp-content\/uploads\/sites\/4\/2025\/04\/image-retraite-liquidation.jpg","type":"image\/jpeg"}],"author":"Jean-Philippe Dubosc","twitter_card":"summary_large_image","twitter_creator":"@Toutsur","twitter_site":"@Toutsur","twitter_misc":{"\u00c9crit par":"Jean-Philippe Dubosc","Dur\u00e9e de lecture estim\u00e9e":"2 minutes"},"schema":{"@context":"https:\/\/schema.org","@graph":[{"@type":"Article","@id":"https:\/\/www.toutsurmesfinances.com\/retraite\/de-plus-en-plus-de-retraites-anticipees-pour-carrieres-longues.html#article","isPartOf":{"@id":"https:\/\/www.toutsurmesfinances.com\/retraite\/de-plus-en-plus-de-retraites-anticipees-pour-carrieres-longues.html"},"author":{"name":"Jean-Philippe Dubosc","@id":"https:\/\/www.toutsurmesfinances.com\/retraite\/#\/schema\/person\/addc9e9b3978fa7947ead71bab57694c"},"headline":"De plus en plus de retraites anticip\u00e9es pour \u00ab carri\u00e8res longues \u00bb","dateModified":"2025-07-10T14:02:30+00:00","mainEntityOfPage":{"@id":"https:\/\/www.toutsurmesfinances.com\/retraite\/de-plus-en-plus-de-retraites-anticipees-pour-carrieres-longues.html"},"wordCount":360,"publisher":{"@id":"https:\/\/www.toutsurmesfinances.com\/retraite\/#organization"},"image":{"@id":"https:\/\/www.toutsurmesfinances.com\/retraite\/de-plus-en-plus-de-retraites-anticipees-pour-carrieres-longues.html#primaryimage"},"thumbnailUrl":"https:\/\/www.toutsurmesfinances.com\/retraite\/wp-content\/uploads\/sites\/4\/2025\/04\/image-retraite-liquidation.jpg","articleSection":["D\u00e9part \u00e0 la retraite"],"inLanguage":"fr-FR"},{"@type":"WebPage","@id":"https:\/\/www.toutsurmesfinances.com\/retraite\/de-plus-en-plus-de-retraites-anticipees-pour-carrieres-longues.html","url":"https:\/\/www.toutsurmesfinances.com\/retraite\/de-plus-en-plus-de-retraites-anticipees-pour-carrieres-longues.html","name":"De plus en plus de retraites anticip\u00e9es pour \u00ab carri\u00e8res longues \u00bb","isPartOf":{"@id":"https:\/\/www.toutsurmesfinances.com\/retraite\/#website"},"primaryImageOfPage":{"@id":"https:\/\/www.toutsurmesfinances.com\/retraite\/de-plus-en-plus-de-retraites-anticipees-pour-carrieres-longues.html#primaryimage"},"image":{"@id":"https:\/\/www.toutsurmesfinances.com\/retraite\/de-plus-en-plus-de-retraites-anticipees-pour-carrieres-longues.html#primaryimage"},"thumbnailUrl":"https:\/\/www.toutsurmesfinances.com\/retraite\/wp-content\/uploads\/sites\/4\/2025\/04\/image-retraite-liquidation.jpg","dateModified":"2025-07-10T14:02:30+00:00","description":"D'apr\u00e8s les pr\u00e9visions du minist\u00e8re des Affaires sociales et de la Sant\u00e9, 160.000 d\u00e9parts anticip\u00e9s \u00e0 la retraite pour \u00ab carri\u00e8res longues \u00bb devraient \u00eatre enregistr\u00e9s en 2014, contre 150.000 en 2013. Leur nombre devrait atteindre 180.000 en 2017.","breadcrumb":{"@id":"https:\/\/www.toutsurmesfinances.com\/retraite\/de-plus-en-plus-de-retraites-anticipees-pour-carrieres-longues.html#breadcrumb"},"inLanguage":"fr-FR","potentialAction":[{"@type":"ReadAction","target":["https:\/\/www.toutsurmesfinances.com\/retraite\/de-plus-en-plus-de-retraites-anticipees-pour-carrieres-longues.html"]}]},{"@type":"ImageObject","inLanguage":"fr-FR","@id":"https:\/\/www.toutsurmesfinances.com\/retraite\/de-plus-en-plus-de-retraites-anticipees-pour-carrieres-longues.html#primaryimage","url":"https:\/\/www.toutsurmesfinances.com\/retraite\/wp-content\/uploads\/sites\/4\/2025\/04\/image-retraite-liquidation.jpg","contentUrl":"https:\/\/www.toutsurmesfinances.com\/retraite\/wp-content\/uploads\/sites\/4\/2025\/04\/image-retraite-liquidation.jpg","width":600,"height":400},{"@type":"BreadcrumbList","@id":"https:\/\/www.toutsurmesfinances.com\/retraite\/de-plus-en-plus-de-retraites-anticipees-pour-carrieres-longues.html#breadcrumb","itemListElement":[{"@type":"ListItem","position":1,"name":"Accueil","item":"https:\/\/www.toutsurmesfinances.com\/retraite\/"},{"@type":"ListItem","position":2,"name":"Liquidation","item":"https:\/\/www.toutsurmesfinances.com\/retraite\/c\/liquidation"},{"@type":"ListItem","position":3,"name":"D\u00e9part \u00e0 la retraite","item":"https:\/\/www.toutsurmesfinances.com\/retraite\/c\/depart-a-la-retraite"},{"@type":"ListItem","position":4,"name":"De plus en plus de retraites anticip\u00e9es pour \u00ab carri\u00e8res longues \u00bb"}]},{"@type":"WebSite","@id":"https:\/\/www.toutsurmesfinances.com\/retraite\/#website","url":"https:\/\/www.toutsurmesfinances.com\/retraite\/","name":"Retraite","description":"","publisher":{"@id":"https:\/\/www.toutsurmesfinances.com\/retraite\/#organization"},"potentialAction":[{"@type":"SearchAction","target":{"@type":"EntryPoint","urlTemplate":"https:\/\/www.toutsurmesfinances.com\/retraite\/?s={search_term_string}"},"query-input":{"@type":"PropertyValueSpecification","valueRequired":true,"valueName":"search_term_string"}}],"inLanguage":"fr-FR"},{"@type":"Organization","@id":"https:\/\/www.toutsurmesfinances.com\/retraite\/#organization","name":"Tout Sur Mes Finances","url":"https:\/\/www.toutsurmesfinances.com\/retraite\/","logo":{"@type":"ImageObject","inLanguage":"fr-FR","@id":"https:\/\/www.toutsurmesfinances.com\/retraite\/#\/schema\/logo\/image\/","url":"https:\/\/www.toutsurmesfinances.com\/retraite\/wp-content\/uploads\/sites\/4\/2021\/01\/favicon.png","contentUrl":"https:\/\/www.toutsurmesfinances.com\/retraite\/wp-content\/uploads\/sites\/4\/2021\/01\/favicon.png","width":512,"height":512,"caption":"Tout Sur Mes Finances"},"image":{"@id":"https:\/\/www.toutsurmesfinances.com\/retraite\/#\/schema\/logo\/image\/"},"sameAs":["https:\/\/x.com\/Toutsur"]},{"@type":"Person","@id":"https:\/\/www.toutsurmesfinances.com\/retraite\/#\/schema\/person\/addc9e9b3978fa7947ead71bab57694c","name":"Jean-Philippe Dubosc","image":{"@type":"ImageObject","inLanguage":"fr-FR","@id":"https:\/\/www.toutsurmesfinances.com\/retraite\/#\/schema\/person\/image\/","url":"https:\/\/secure.gravatar.com\/avatar\/a3cba30cdda1afe79f6ebffc6e952291?s=96&d=mm&r=g","contentUrl":"https:\/\/secure.gravatar.com\/avatar\/a3cba30cdda1afe79f6ebffc6e952291?s=96&d=mm&r=g","caption":"Jean-Philippe Dubosc"},"description":"Jean-Philippe Dubosc est r\u00e9dacteur en chef de ToutSurMesFinances.com et sp\u00e9cialiste des questions de retraite obligatoire et d\u2019\u00e9pargne. Pr\u00e9sent au sein du m\u00e9dia depuis plus de 13 ans, il analyse les r\u00e9formes, les dispositifs r\u00e9glementaires et les strat\u00e9gies de d\u00e9part \u00e0 la retraite, avec une approche fond\u00e9e sur une lecture rigoureuse des textes et une connaissance approfondie des diff\u00e9rents r\u00e9gimes de retraite.","sameAs":["https:\/\/www.toutsurmesfinances.com\/author\/jpdubosc","https:\/\/fr.linkedin.com\/in\/jpdubosc"]}]}},"_links":{"self":[{"href":"https:\/\/www.toutsurmesfinances.com\/retraite\/wp-json\/wp\/v2\/posts\/20040","targetHints":{"allow":["GET"]}}],"collection":[{"href":"https:\/\/www.toutsurmesfinances.com\/retraite\/wp-json\/wp\/v2\/posts"}],"about":[{"href":"https:\/\/www.toutsurmesfinances.com\/retraite\/wp-json\/wp\/v2\/types\/post"}],"author":[{"embeddable":true,"href":"https:\/\/www.toutsurmesfinances.com\/retraite\/wp-json\/wp\/v2\/users\/13713"}],"replies":[{"embeddable":true,"href":"https:\/\/www.toutsurmesfinances.com\/retraite\/wp-json\/wp\/v2\/comments?post=20040"}],"version-history":[{"count":3,"href":"https:\/\/www.toutsurmesfinances.com\/retraite\/wp-json\/wp\/v2\/posts\/20040\/revisions"}],"predecessor-version":[{"id":32265,"href":"https:\/\/www.toutsurmesfinances.com\/retraite\/wp-json\/wp\/v2\/posts\/20040\/revisions\/32265"}],"wp:featuredmedia":[{"embeddable":true,"href":"https:\/\/www.toutsurmesfinances.com\/retraite\/wp-json\/wp\/v2\/media\/32228"}],"wp:attachment":[{"href":"https:\/\/www.toutsurmesfinances.com\/retraite\/wp-json\/wp\/v2\/media?parent=20040"}],"wp:term":[{"taxonomy":"category","embeddable":true,"href":"https:\/\/www.toutsurmesfinances.com\/retraite\/wp-json\/wp\/v2\/categories?post=20040"},{"taxonomy":"post_tag","embeddable":true,"href":"https:\/\/www.toutsurmesfinances.com\/retraite\/wp-json\/wp\/v2\/tags?post=20040"}],"curies":[{"name":"wp","href":"https:\/\/api.w.org\/{rel}","templated":true}]}}