{"id":20119,"date":"2014-09-10T11:00:51","date_gmt":"2014-09-10T09:00:51","guid":{"rendered":"https:\/\/www.toutsurmesfinances.com\/retraite\/aide-a-la-complementaire-sante-renouvellement-automatique-pour-les-retraites-modestes.html"},"modified":"2021-12-08T13:43:18","modified_gmt":"2021-12-08T12:43:18","slug":"aide-a-la-complementaire-sante-renouvellement-automatique-pour-les-retraites-modestes","status":"publish","type":"post","link":"https:\/\/www.toutsurmesfinances.com\/retraite\/aide-a-la-complementaire-sante-renouvellement-automatique-pour-les-retraites-modestes.html","title":{"rendered":"Aide \u00e0 la compl\u00e9mentaire sant\u00e9 : renouvellement automatique pour les retrait\u00e9s modestes"},"content":{"rendered":"<section class=\"l-section wpb_row height_small\"><div class=\"l-section-h i-cf\"><div class=\"g-cols vc_row via_flex valign_top type_default stacking_default\"><div class=\"vc_col-sm-12 wpb_column vc_column_container\"><div class=\"vc_column-inner\"><div class=\"wpb_wrapper\"><div class=\"wpb_text_column\"><div class=\"wpb_wrapper\"><p>Les retrait\u00e9s modestes n&rsquo;auront plus besoin de d\u00e9poser tous les ans une demande pour avoir acc\u00e8s \u00e0 l&rsquo;aide \u00e0 la compl\u00e9mentaire sant\u00e9 (<strong>ACS<\/strong>). Dans le cadre de l&rsquo;examen \u00e0 l&rsquo;Assembl\u00e9e nationale du projet de loi d&rsquo;adaptation de la soci\u00e9t\u00e9 au vieillissement, un amendement a \u00e9t\u00e9 adopt\u00e9 le 9 septembre 2014 instaurant que l&rsquo;ACS est d\u00e9sormais renouvel\u00e9e automatiquement pour les b\u00e9n\u00e9ficiaires de l&rsquo;allocation de solidarit\u00e9 aux personnes \u00e2g\u00e9es (<strong>Aspa<\/strong>) qui remplace le minimum vieillesse depuis 2006.<\/p>\n<h2>550 euros pour les seniors<\/h2>\n<p>L&rsquo;ACS est une aide de l&rsquo;Etat, sous la forme d&rsquo;un ch\u00e8que, visant \u00e0 permettre aux personnes aux revenus modestes, mais suffisamment \u00e9lev\u00e9s pour ne pas avoir droit \u00e0 la couverture maladie universelle compl\u00e9mentaire (<strong>CMU-C<\/strong>), de souscrire \u00e0 une compl\u00e9mentaire sant\u00e9 aupr\u00e8s d&rsquo;une mutuelle, d&rsquo;une compagnie d&rsquo;assurance ou d&rsquo;une institution de pr\u00e9voyance. Depuis le 1er janvier 2014, son montant, qui varie en fonction de l&rsquo;\u00e2ge, s&rsquo;\u00e9l\u00e8ve \u00e0 550 euros pour les personnes \u00e2g\u00e9es de 60 ans et plus.<\/p>\n<p>L&rsquo;attribution de l&rsquo;ACS d\u00e9pendant du niveau de ressources, du nombre de personnes au foyer et du lieu de r\u00e9sidence (m\u00e9tropole ou DOM), c&rsquo;est-\u00e0-dire des param\u00e8tres qui peuvent \u00e9voluer d&rsquo;une ann\u00e9e \u00e0 l&rsquo;autre, une demande doit \u00eatre adress\u00e9e tous les ans \u00e0 sa caisse primaire d&rsquo;assurance maladie (CPAM). Ce n&rsquo;est dor\u00e9navant plus le cas pour les b\u00e9n\u00e9ficiaires de l&rsquo;Aspa. A l&rsquo;origine, cette mesure \u00e9tait inscrite dans le Budget de la S\u00e9curit\u00e9 sociale pour 2014. Mais le Conseil constitutionnel l&rsquo;a retoqu\u00e9 estimant qu&rsquo;il s&rsquo;agissait d&rsquo;une disposition sans rapport avec l&rsquo;objet d&rsquo;une loi de financement de la S\u00e9curit\u00e9 sociale.<\/p>\n<\/div><\/div><\/div><\/div><\/div><\/div><\/div><\/section>\n","protected":false},"excerpt":{"rendered":"<p>Un amendement vot\u00e9 le 9 septembre 2014 pr\u00e9voit que l&rsquo;aide de l&rsquo;Etat permettant de r\u00e9duire le co\u00fbt de la compl\u00e9mentaire sant\u00e9 est d\u00e9sormais renouvel\u00e9e automatiquement pour les b\u00e9n\u00e9ficiaires du minimum vieillesse. \u00a0  \u00a0<\/p>\n","protected":false},"author":13713,"featured_media":20118,"comment_status":"closed","ping_status":"closed","sticky":false,"template":"","format":"standard","meta":{"footnotes":""},"categories":[17],"tags":[],"class_list":["post-20119","post","type-post","status-publish","format-standard","has-post-thumbnail","hentry","category-vie-a-la-retraite"],"acf":[],"yoast_head":"<!-- This site is optimized with the Yoast SEO plugin v24.9 - https:\/\/yoast.com\/wordpress\/plugins\/seo\/ -->\n<title>Aide \u00e0 la compl\u00e9mentaire sant\u00e9 : renouvellement automatique pour les retrait\u00e9s modestes<\/title>\n<meta name=\"description\" content=\"Un amendement vot\u00e9 le 9 septembre 2014 pr\u00e9voit que l&#039;aide de l&#039;Etat permettant de r\u00e9duire le co\u00fbt de la compl\u00e9mentaire sant\u00e9 est d\u00e9sormais renouvel\u00e9e automatiquement pour les b\u00e9n\u00e9ficiaires du minimum vieillesse.\" \/>\n<meta name=\"robots\" content=\"index, follow, max-snippet:-1, max-image-preview:large, max-video-preview:-1\" \/>\n<link rel=\"canonical\" href=\"https:\/\/www.toutsurmesfinances.com\/retraite\/aide-a-la-complementaire-sante-renouvellement-automatique-pour-les-retraites-modestes.html\" \/>\n<meta property=\"og:locale\" content=\"fr_FR\" \/>\n<meta property=\"og:type\" content=\"article\" \/>\n<meta property=\"og:title\" content=\"Aide \u00e0 la compl\u00e9mentaire sant\u00e9 : renouvellement automatique pour les retrait\u00e9s modestes\" \/>\n<meta property=\"og:description\" content=\"Un amendement vot\u00e9 le 9 septembre 2014 pr\u00e9voit que l&#039;aide de l&#039;Etat permettant de r\u00e9duire le co\u00fbt de la compl\u00e9mentaire sant\u00e9 est d\u00e9sormais renouvel\u00e9e automatiquement pour les b\u00e9n\u00e9ficiaires du minimum vieillesse.\" \/>\n<meta property=\"og:url\" content=\"https:\/\/www.toutsurmesfinances.com\/retraite\/aide-a-la-complementaire-sante-renouvellement-automatique-pour-les-retraites-modestes.html\" \/>\n<meta property=\"og:site_name\" content=\"Retraite\" \/>\n<meta property=\"article:published_time\" content=\"2014-09-10T09:00:51+00:00\" \/>\n<meta property=\"article:modified_time\" content=\"2021-12-08T12:43:18+00:00\" \/>\n<meta property=\"og:image\" content=\"https:\/\/www.toutsurmesfinances.com\/retraite\/wp-content\/uploads\/sites\/4\/2014\/09\/retraite-pharmacie-1.jpg\" \/>\n\t<meta property=\"og:image:width\" content=\"480\" \/>\n\t<meta property=\"og:image:height\" content=\"360\" \/>\n\t<meta property=\"og:image:type\" content=\"image\/jpeg\" \/>\n<meta name=\"author\" content=\"Jean-Philippe Dubosc\" \/>\n<meta name=\"twitter:card\" content=\"summary_large_image\" \/>\n<meta name=\"twitter:creator\" content=\"@Toutsur\" \/>\n<meta name=\"twitter:site\" content=\"@Toutsur\" \/>\n<meta name=\"twitter:label1\" content=\"\u00c9crit par\" \/>\n\t<meta name=\"twitter:data1\" content=\"Jean-Philippe Dubosc\" \/>\n\t<meta name=\"twitter:label2\" content=\"Dur\u00e9e de lecture estim\u00e9e\" \/>\n\t<meta name=\"twitter:data2\" content=\"1 minute\" \/>\n<script type=\"application\/ld+json\" class=\"yoast-schema-graph\">{\"@context\":\"https:\/\/schema.org\",\"@graph\":[{\"@type\":\"Article\",\"@id\":\"https:\/\/www.toutsurmesfinances.com\/retraite\/aide-a-la-complementaire-sante-renouvellement-automatique-pour-les-retraites-modestes.html#article\",\"isPartOf\":{\"@id\":\"https:\/\/www.toutsurmesfinances.com\/retraite\/aide-a-la-complementaire-sante-renouvellement-automatique-pour-les-retraites-modestes.html\"},\"author\":{\"name\":\"Jean-Philippe Dubosc\",\"@id\":\"https:\/\/www.toutsurmesfinances.com\/retraite\/#\/schema\/person\/addc9e9b3978fa7947ead71bab57694c\"},\"headline\":\"Aide \u00e0 la compl\u00e9mentaire sant\u00e9 : renouvellement automatique pour les retrait\u00e9s modestes\",\"dateModified\":\"2021-12-08T12:43:18+00:00\",\"mainEntityOfPage\":{\"@id\":\"https:\/\/www.toutsurmesfinances.com\/retraite\/aide-a-la-complementaire-sante-renouvellement-automatique-pour-les-retraites-modestes.html\"},\"wordCount\":324,\"publisher\":{\"@id\":\"https:\/\/www.toutsurmesfinances.com\/retraite\/#organization\"},\"image\":{\"@id\":\"https:\/\/www.toutsurmesfinances.com\/retraite\/aide-a-la-complementaire-sante-renouvellement-automatique-pour-les-retraites-modestes.html#primaryimage\"},\"thumbnailUrl\":\"https:\/\/www.toutsurmesfinances.com\/retraite\/wp-content\/uploads\/sites\/4\/2014\/09\/retraite-pharmacie-1.jpg\",\"articleSection\":[\"Vie \u00e0 la retraite\"],\"inLanguage\":\"fr-FR\"},{\"@type\":\"WebPage\",\"@id\":\"https:\/\/www.toutsurmesfinances.com\/retraite\/aide-a-la-complementaire-sante-renouvellement-automatique-pour-les-retraites-modestes.html\",\"url\":\"https:\/\/www.toutsurmesfinances.com\/retraite\/aide-a-la-complementaire-sante-renouvellement-automatique-pour-les-retraites-modestes.html\",\"name\":\"Aide \u00e0 la compl\u00e9mentaire sant\u00e9 : renouvellement automatique pour les retrait\u00e9s modestes\",\"isPartOf\":{\"@id\":\"https:\/\/www.toutsurmesfinances.com\/retraite\/#website\"},\"primaryImageOfPage\":{\"@id\":\"https:\/\/www.toutsurmesfinances.com\/retraite\/aide-a-la-complementaire-sante-renouvellement-automatique-pour-les-retraites-modestes.html#primaryimage\"},\"image\":{\"@id\":\"https:\/\/www.toutsurmesfinances.com\/retraite\/aide-a-la-complementaire-sante-renouvellement-automatique-pour-les-retraites-modestes.html#primaryimage\"},\"thumbnailUrl\":\"https:\/\/www.toutsurmesfinances.com\/retraite\/wp-content\/uploads\/sites\/4\/2014\/09\/retraite-pharmacie-1.jpg\",\"dateModified\":\"2021-12-08T12:43:18+00:00\",\"description\":\"Un amendement vot\u00e9 le 9 septembre 2014 pr\u00e9voit que l'aide de l'Etat permettant de r\u00e9duire le co\u00fbt de la compl\u00e9mentaire sant\u00e9 est d\u00e9sormais renouvel\u00e9e automatiquement pour les b\u00e9n\u00e9ficiaires du minimum vieillesse.\",\"breadcrumb\":{\"@id\":\"https:\/\/www.toutsurmesfinances.com\/retraite\/aide-a-la-complementaire-sante-renouvellement-automatique-pour-les-retraites-modestes.html#breadcrumb\"},\"inLanguage\":\"fr-FR\",\"potentialAction\":[{\"@type\":\"ReadAction\",\"target\":[\"https:\/\/www.toutsurmesfinances.com\/retraite\/aide-a-la-complementaire-sante-renouvellement-automatique-pour-les-retraites-modestes.html\"]}]},{\"@type\":\"ImageObject\",\"inLanguage\":\"fr-FR\",\"@id\":\"https:\/\/www.toutsurmesfinances.com\/retraite\/aide-a-la-complementaire-sante-renouvellement-automatique-pour-les-retraites-modestes.html#primaryimage\",\"url\":\"https:\/\/www.toutsurmesfinances.com\/retraite\/wp-content\/uploads\/sites\/4\/2014\/09\/retraite-pharmacie-1.jpg\",\"contentUrl\":\"https:\/\/www.toutsurmesfinances.com\/retraite\/wp-content\/uploads\/sites\/4\/2014\/09\/retraite-pharmacie-1.jpg\",\"width\":480,\"height\":360,\"caption\":\"L'ACS est automatis\u00e9e pour les titulaires de l'Aspa\"},{\"@type\":\"BreadcrumbList\",\"@id\":\"https:\/\/www.toutsurmesfinances.com\/retraite\/aide-a-la-complementaire-sante-renouvellement-automatique-pour-les-retraites-modestes.html#breadcrumb\",\"itemListElement\":[{\"@type\":\"ListItem\",\"position\":1,\"name\":\"Accueil\",\"item\":\"https:\/\/www.toutsurmesfinances.com\/retraite\/\"},{\"@type\":\"ListItem\",\"position\":2,\"name\":\"Retrait\u00e9\",\"item\":\"https:\/\/www.toutsurmesfinances.com\/retraite\/c\/retraite\"},{\"@type\":\"ListItem\",\"position\":3,\"name\":\"Vie \u00e0 la retraite\",\"item\":\"https:\/\/www.toutsurmesfinances.com\/retraite\/c\/vie-a-la-retraite\"},{\"@type\":\"ListItem\",\"position\":4,\"name\":\"Aide \u00e0 la compl\u00e9mentaire sant\u00e9 : renouvellement automatique pour les retrait\u00e9s modestes\"}]},{\"@type\":\"WebSite\",\"@id\":\"https:\/\/www.toutsurmesfinances.com\/retraite\/#website\",\"url\":\"https:\/\/www.toutsurmesfinances.com\/retraite\/\",\"name\":\"Retraite\",\"description\":\"\",\"publisher\":{\"@id\":\"https:\/\/www.toutsurmesfinances.com\/retraite\/#organization\"},\"potentialAction\":[{\"@type\":\"SearchAction\",\"target\":{\"@type\":\"EntryPoint\",\"urlTemplate\":\"https:\/\/www.toutsurmesfinances.com\/retraite\/?s={search_term_string}\"},\"query-input\":{\"@type\":\"PropertyValueSpecification\",\"valueRequired\":true,\"valueName\":\"search_term_string\"}}],\"inLanguage\":\"fr-FR\"},{\"@type\":\"Organization\",\"@id\":\"https:\/\/www.toutsurmesfinances.com\/retraite\/#organization\",\"name\":\"Tout Sur Mes Finances\",\"url\":\"https:\/\/www.toutsurmesfinances.com\/retraite\/\",\"logo\":{\"@type\":\"ImageObject\",\"inLanguage\":\"fr-FR\",\"@id\":\"https:\/\/www.toutsurmesfinances.com\/retraite\/#\/schema\/logo\/image\/\",\"url\":\"https:\/\/www.toutsurmesfinances.com\/retraite\/wp-content\/uploads\/sites\/4\/2021\/01\/favicon.png\",\"contentUrl\":\"https:\/\/www.toutsurmesfinances.com\/retraite\/wp-content\/uploads\/sites\/4\/2021\/01\/favicon.png\",\"width\":512,\"height\":512,\"caption\":\"Tout Sur Mes Finances\"},\"image\":{\"@id\":\"https:\/\/www.toutsurmesfinances.com\/retraite\/#\/schema\/logo\/image\/\"},\"sameAs\":[\"https:\/\/x.com\/Toutsur\"]},{\"@type\":\"Person\",\"@id\":\"https:\/\/www.toutsurmesfinances.com\/retraite\/#\/schema\/person\/addc9e9b3978fa7947ead71bab57694c\",\"name\":\"Jean-Philippe Dubosc\",\"image\":{\"@type\":\"ImageObject\",\"inLanguage\":\"fr-FR\",\"@id\":\"https:\/\/www.toutsurmesfinances.com\/retraite\/#\/schema\/person\/image\/\",\"url\":\"https:\/\/secure.gravatar.com\/avatar\/a3cba30cdda1afe79f6ebffc6e952291?s=96&d=mm&r=g\",\"contentUrl\":\"https:\/\/secure.gravatar.com\/avatar\/a3cba30cdda1afe79f6ebffc6e952291?s=96&d=mm&r=g\",\"caption\":\"Jean-Philippe Dubosc\"},\"description\":\"Jean-Philippe Dubosc est r\u00e9dacteur en chef de ToutSurMesFinances.com et sp\u00e9cialiste des questions de retraite obligatoire et d\u2019\u00e9pargne. Pr\u00e9sent au sein du m\u00e9dia depuis plus de 13 ans, il analyse les r\u00e9formes, les dispositifs r\u00e9glementaires et les strat\u00e9gies de d\u00e9part \u00e0 la retraite, avec une approche fond\u00e9e sur une lecture rigoureuse des textes et une connaissance approfondie des diff\u00e9rents r\u00e9gimes de retraite.\",\"sameAs\":[\"https:\/\/www.toutsurmesfinances.com\/author\/jpdubosc\",\"https:\/\/fr.linkedin.com\/in\/jpdubosc\"]}]}<\/script>\n<!-- \/ Yoast SEO plugin. -->","yoast_head_json":{"title":"Aide \u00e0 la compl\u00e9mentaire sant\u00e9 : renouvellement automatique pour les retrait\u00e9s modestes","description":"Un amendement vot\u00e9 le 9 septembre 2014 pr\u00e9voit que l'aide de l'Etat permettant de r\u00e9duire le co\u00fbt de la compl\u00e9mentaire sant\u00e9 est d\u00e9sormais renouvel\u00e9e automatiquement pour les b\u00e9n\u00e9ficiaires du minimum vieillesse.","robots":{"index":"index","follow":"follow","max-snippet":"max-snippet:-1","max-image-preview":"max-image-preview:large","max-video-preview":"max-video-preview:-1"},"canonical":"https:\/\/www.toutsurmesfinances.com\/retraite\/aide-a-la-complementaire-sante-renouvellement-automatique-pour-les-retraites-modestes.html","og_locale":"fr_FR","og_type":"article","og_title":"Aide \u00e0 la compl\u00e9mentaire sant\u00e9 : renouvellement automatique pour les retrait\u00e9s modestes","og_description":"Un amendement vot\u00e9 le 9 septembre 2014 pr\u00e9voit que l'aide de l'Etat permettant de r\u00e9duire le co\u00fbt de la compl\u00e9mentaire sant\u00e9 est d\u00e9sormais renouvel\u00e9e automatiquement pour les b\u00e9n\u00e9ficiaires du minimum vieillesse.","og_url":"https:\/\/www.toutsurmesfinances.com\/retraite\/aide-a-la-complementaire-sante-renouvellement-automatique-pour-les-retraites-modestes.html","og_site_name":"Retraite","article_published_time":"2014-09-10T09:00:51+00:00","article_modified_time":"2021-12-08T12:43:18+00:00","og_image":[{"width":480,"height":360,"url":"https:\/\/www.toutsurmesfinances.com\/retraite\/wp-content\/uploads\/sites\/4\/2014\/09\/retraite-pharmacie-1.jpg","type":"image\/jpeg"}],"author":"Jean-Philippe Dubosc","twitter_card":"summary_large_image","twitter_creator":"@Toutsur","twitter_site":"@Toutsur","twitter_misc":{"\u00c9crit par":"Jean-Philippe Dubosc","Dur\u00e9e de lecture estim\u00e9e":"1 minute"},"schema":{"@context":"https:\/\/schema.org","@graph":[{"@type":"Article","@id":"https:\/\/www.toutsurmesfinances.com\/retraite\/aide-a-la-complementaire-sante-renouvellement-automatique-pour-les-retraites-modestes.html#article","isPartOf":{"@id":"https:\/\/www.toutsurmesfinances.com\/retraite\/aide-a-la-complementaire-sante-renouvellement-automatique-pour-les-retraites-modestes.html"},"author":{"name":"Jean-Philippe Dubosc","@id":"https:\/\/www.toutsurmesfinances.com\/retraite\/#\/schema\/person\/addc9e9b3978fa7947ead71bab57694c"},"headline":"Aide \u00e0 la compl\u00e9mentaire sant\u00e9 : renouvellement automatique pour les retrait\u00e9s modestes","dateModified":"2021-12-08T12:43:18+00:00","mainEntityOfPage":{"@id":"https:\/\/www.toutsurmesfinances.com\/retraite\/aide-a-la-complementaire-sante-renouvellement-automatique-pour-les-retraites-modestes.html"},"wordCount":324,"publisher":{"@id":"https:\/\/www.toutsurmesfinances.com\/retraite\/#organization"},"image":{"@id":"https:\/\/www.toutsurmesfinances.com\/retraite\/aide-a-la-complementaire-sante-renouvellement-automatique-pour-les-retraites-modestes.html#primaryimage"},"thumbnailUrl":"https:\/\/www.toutsurmesfinances.com\/retraite\/wp-content\/uploads\/sites\/4\/2014\/09\/retraite-pharmacie-1.jpg","articleSection":["Vie \u00e0 la retraite"],"inLanguage":"fr-FR"},{"@type":"WebPage","@id":"https:\/\/www.toutsurmesfinances.com\/retraite\/aide-a-la-complementaire-sante-renouvellement-automatique-pour-les-retraites-modestes.html","url":"https:\/\/www.toutsurmesfinances.com\/retraite\/aide-a-la-complementaire-sante-renouvellement-automatique-pour-les-retraites-modestes.html","name":"Aide \u00e0 la compl\u00e9mentaire sant\u00e9 : renouvellement automatique pour les retrait\u00e9s modestes","isPartOf":{"@id":"https:\/\/www.toutsurmesfinances.com\/retraite\/#website"},"primaryImageOfPage":{"@id":"https:\/\/www.toutsurmesfinances.com\/retraite\/aide-a-la-complementaire-sante-renouvellement-automatique-pour-les-retraites-modestes.html#primaryimage"},"image":{"@id":"https:\/\/www.toutsurmesfinances.com\/retraite\/aide-a-la-complementaire-sante-renouvellement-automatique-pour-les-retraites-modestes.html#primaryimage"},"thumbnailUrl":"https:\/\/www.toutsurmesfinances.com\/retraite\/wp-content\/uploads\/sites\/4\/2014\/09\/retraite-pharmacie-1.jpg","dateModified":"2021-12-08T12:43:18+00:00","description":"Un amendement vot\u00e9 le 9 septembre 2014 pr\u00e9voit que l'aide de l'Etat permettant de r\u00e9duire le co\u00fbt de la compl\u00e9mentaire sant\u00e9 est d\u00e9sormais renouvel\u00e9e automatiquement pour les b\u00e9n\u00e9ficiaires du minimum vieillesse.","breadcrumb":{"@id":"https:\/\/www.toutsurmesfinances.com\/retraite\/aide-a-la-complementaire-sante-renouvellement-automatique-pour-les-retraites-modestes.html#breadcrumb"},"inLanguage":"fr-FR","potentialAction":[{"@type":"ReadAction","target":["https:\/\/www.toutsurmesfinances.com\/retraite\/aide-a-la-complementaire-sante-renouvellement-automatique-pour-les-retraites-modestes.html"]}]},{"@type":"ImageObject","inLanguage":"fr-FR","@id":"https:\/\/www.toutsurmesfinances.com\/retraite\/aide-a-la-complementaire-sante-renouvellement-automatique-pour-les-retraites-modestes.html#primaryimage","url":"https:\/\/www.toutsurmesfinances.com\/retraite\/wp-content\/uploads\/sites\/4\/2014\/09\/retraite-pharmacie-1.jpg","contentUrl":"https:\/\/www.toutsurmesfinances.com\/retraite\/wp-content\/uploads\/sites\/4\/2014\/09\/retraite-pharmacie-1.jpg","width":480,"height":360,"caption":"L'ACS est automatis\u00e9e pour les titulaires de l'Aspa"},{"@type":"BreadcrumbList","@id":"https:\/\/www.toutsurmesfinances.com\/retraite\/aide-a-la-complementaire-sante-renouvellement-automatique-pour-les-retraites-modestes.html#breadcrumb","itemListElement":[{"@type":"ListItem","position":1,"name":"Accueil","item":"https:\/\/www.toutsurmesfinances.com\/retraite\/"},{"@type":"ListItem","position":2,"name":"Retrait\u00e9","item":"https:\/\/www.toutsurmesfinances.com\/retraite\/c\/retraite"},{"@type":"ListItem","position":3,"name":"Vie \u00e0 la retraite","item":"https:\/\/www.toutsurmesfinances.com\/retraite\/c\/vie-a-la-retraite"},{"@type":"ListItem","position":4,"name":"Aide \u00e0 la compl\u00e9mentaire sant\u00e9 : renouvellement automatique pour les retrait\u00e9s modestes"}]},{"@type":"WebSite","@id":"https:\/\/www.toutsurmesfinances.com\/retraite\/#website","url":"https:\/\/www.toutsurmesfinances.com\/retraite\/","name":"Retraite","description":"","publisher":{"@id":"https:\/\/www.toutsurmesfinances.com\/retraite\/#organization"},"potentialAction":[{"@type":"SearchAction","target":{"@type":"EntryPoint","urlTemplate":"https:\/\/www.toutsurmesfinances.com\/retraite\/?s={search_term_string}"},"query-input":{"@type":"PropertyValueSpecification","valueRequired":true,"valueName":"search_term_string"}}],"inLanguage":"fr-FR"},{"@type":"Organization","@id":"https:\/\/www.toutsurmesfinances.com\/retraite\/#organization","name":"Tout Sur Mes Finances","url":"https:\/\/www.toutsurmesfinances.com\/retraite\/","logo":{"@type":"ImageObject","inLanguage":"fr-FR","@id":"https:\/\/www.toutsurmesfinances.com\/retraite\/#\/schema\/logo\/image\/","url":"https:\/\/www.toutsurmesfinances.com\/retraite\/wp-content\/uploads\/sites\/4\/2021\/01\/favicon.png","contentUrl":"https:\/\/www.toutsurmesfinances.com\/retraite\/wp-content\/uploads\/sites\/4\/2021\/01\/favicon.png","width":512,"height":512,"caption":"Tout Sur Mes Finances"},"image":{"@id":"https:\/\/www.toutsurmesfinances.com\/retraite\/#\/schema\/logo\/image\/"},"sameAs":["https:\/\/x.com\/Toutsur"]},{"@type":"Person","@id":"https:\/\/www.toutsurmesfinances.com\/retraite\/#\/schema\/person\/addc9e9b3978fa7947ead71bab57694c","name":"Jean-Philippe Dubosc","image":{"@type":"ImageObject","inLanguage":"fr-FR","@id":"https:\/\/www.toutsurmesfinances.com\/retraite\/#\/schema\/person\/image\/","url":"https:\/\/secure.gravatar.com\/avatar\/a3cba30cdda1afe79f6ebffc6e952291?s=96&d=mm&r=g","contentUrl":"https:\/\/secure.gravatar.com\/avatar\/a3cba30cdda1afe79f6ebffc6e952291?s=96&d=mm&r=g","caption":"Jean-Philippe Dubosc"},"description":"Jean-Philippe Dubosc est r\u00e9dacteur en chef de ToutSurMesFinances.com et sp\u00e9cialiste des questions de retraite obligatoire et d\u2019\u00e9pargne. Pr\u00e9sent au sein du m\u00e9dia depuis plus de 13 ans, il analyse les r\u00e9formes, les dispositifs r\u00e9glementaires et les strat\u00e9gies de d\u00e9part \u00e0 la retraite, avec une approche fond\u00e9e sur une lecture rigoureuse des textes et une connaissance approfondie des diff\u00e9rents r\u00e9gimes de retraite.","sameAs":["https:\/\/www.toutsurmesfinances.com\/author\/jpdubosc","https:\/\/fr.linkedin.com\/in\/jpdubosc"]}]}},"_links":{"self":[{"href":"https:\/\/www.toutsurmesfinances.com\/retraite\/wp-json\/wp\/v2\/posts\/20119","targetHints":{"allow":["GET"]}}],"collection":[{"href":"https:\/\/www.toutsurmesfinances.com\/retraite\/wp-json\/wp\/v2\/posts"}],"about":[{"href":"https:\/\/www.toutsurmesfinances.com\/retraite\/wp-json\/wp\/v2\/types\/post"}],"author":[{"embeddable":true,"href":"https:\/\/www.toutsurmesfinances.com\/retraite\/wp-json\/wp\/v2\/users\/13713"}],"replies":[{"embeddable":true,"href":"https:\/\/www.toutsurmesfinances.com\/retraite\/wp-json\/wp\/v2\/comments?post=20119"}],"version-history":[{"count":2,"href":"https:\/\/www.toutsurmesfinances.com\/retraite\/wp-json\/wp\/v2\/posts\/20119\/revisions"}],"predecessor-version":[{"id":30370,"href":"https:\/\/www.toutsurmesfinances.com\/retraite\/wp-json\/wp\/v2\/posts\/20119\/revisions\/30370"}],"wp:featuredmedia":[{"embeddable":true,"href":"https:\/\/www.toutsurmesfinances.com\/retraite\/wp-json\/wp\/v2\/media\/20118"}],"wp:attachment":[{"href":"https:\/\/www.toutsurmesfinances.com\/retraite\/wp-json\/wp\/v2\/media?parent=20119"}],"wp:term":[{"taxonomy":"category","embeddable":true,"href":"https:\/\/www.toutsurmesfinances.com\/retraite\/wp-json\/wp\/v2\/categories?post=20119"},{"taxonomy":"post_tag","embeddable":true,"href":"https:\/\/www.toutsurmesfinances.com\/retraite\/wp-json\/wp\/v2\/tags?post=20119"}],"curies":[{"name":"wp","href":"https:\/\/api.w.org\/{rel}","templated":true}]}}