{"id":20181,"date":"2014-10-01T16:38:42","date_gmt":"2014-10-01T14:38:42","guid":{"rendered":"https:\/\/www.toutsurmesfinances.com\/retraite\/les-artisans-et-commercants-prives-d-indemnite-de-depart-a-la-retraite.html"},"modified":"2021-12-08T14:21:00","modified_gmt":"2021-12-08T13:21:00","slug":"les-artisans-et-commercants-prives-d-indemnite-de-depart-a-la-retraite","status":"publish","type":"post","link":"https:\/\/www.toutsurmesfinances.com\/retraite\/les-artisans-et-commercants-prives-d-indemnite-de-depart-a-la-retraite.html","title":{"rendered":"Les artisans et commer\u00e7ants priv\u00e9s d&rsquo;indemnit\u00e9 de d\u00e9part \u00e0 la retraite"},"content":{"rendered":"<section class=\"l-section wpb_row height_small\"><div class=\"l-section-h i-cf\"><div class=\"g-cols vc_row via_flex valign_top type_default stacking_default\"><div class=\"vc_col-sm-12 wpb_column vc_column_container\"><div class=\"vc_column-inner\"><div class=\"wpb_wrapper\"><div class=\"wpb_text_column\"><div class=\"wpb_wrapper\"><p>A compter du 1er janvier 2015, les artisans et les commer\u00e7ants n&rsquo;auront plus droit de toucher d&rsquo;<strong>indemnit\u00e9 compensatrice de d\u00e9part \u00e0 la retraite<\/strong>. L&rsquo;article 51 du projet de loi de finances (<strong>PLF<\/strong>) pour 2015, pr\u00e9sent\u00e9 le 1er octobre 2014 en Conseil des ministres, supprime cette aide de l&rsquo;Etat qui vise \u00e0 compenser la chute de la valeur des fonds de commerce en raison notamment de la concurrence des enseignes de la grande distribution.<\/p>\n<p>&nbsp;<\/p>\n<p>Des commer\u00e7ants et des artisans, qui comptaient sur la vente de leur boutique ou de leur atelier pour financer leurs vieux jours, se retrouvent ainsi d\u00e9munis \u00e0 la retraite. D&rsquo;o\u00f9 la cr\u00e9ation en 1972 de l&rsquo;aide sp\u00e9ciale compensatrice remplac\u00e9e depuis 2003 par une indemnit\u00e9 de d\u00e9part financ\u00e9e par l&rsquo;Etat et g\u00e9r\u00e9e par le R\u00e9gime social des ind\u00e9pendants (<strong>RSI<\/strong>). Cette aide <em>\u00ab ne remplit plus aujourd&rsquo;hui son objectif social originel et produit des effets \u00e9conomiques non vertueux. Il est donc propos\u00e9 de la supprimer \u00bb,<\/em> justifie l&rsquo;expos\u00e9 des motifs de l&rsquo;article 51.<\/p>\n<p><em>\u00ab Le fonds d&rsquo;action sociale du RSI soutient par ailleurs, sur la base d&rsquo;une \u00e9valuation individualis\u00e9e de leurs besoins, les commer\u00e7ants et artisans en situation difficile pendant toute leur p\u00e9riode d&rsquo;activit\u00e9 et au-del\u00e0 apr\u00e8s leur d\u00e9part \u00e0 la retraite \u00bb,<\/em> ajoute-t-il. Les administrateurs du RSI, qui ont \u00e9t\u00e9 inform\u00e9s de la suppression de l&rsquo;indemnit\u00e9 de d\u00e9part seulement la veille de la pr\u00e9sentation du Budget 2015, ne sont pas du m\u00eame avis.<\/p>\n<p>&nbsp;<\/p>\n<h2>Une aide sous condition de ressources<\/h2>\n<p><em>\u00ab Il s&rsquo;agit pour chacun des artisans et commer\u00e7ants \u00e9ligibles \u00e0 cette aide, d&rsquo;un soutien individuel important au moment de son d\u00e9part \u00e0 la retraite, alors que c&rsquo;est un effort modeste de la solidarit\u00e9 nationale \u00e0 l&rsquo;\u00e9gard de personnes qui ont jou\u00e9 un r\u00f4le \u00e9conomique et social majeur, dans les centres villes et les villages \u00bb,<\/em> souligne le pr\u00e9sident du RSI <strong>G\u00e9rard Quevillon<\/strong> dans un communiqu\u00e9 diffus\u00e9 le 1er octobre. En 2013, le r\u00e9gime a vers\u00e9, pour le compte de l&rsquo;Etat, cette indemnit\u00e9 \u00e0 1.330 ind\u00e9pendants pour un montant global de 12,66 millions d&rsquo;euros. En supprimant cette aide, l&rsquo;ex\u00e9cutif table sur une (petite) \u00e9conomie de 7 millions d&rsquo;euros.<\/p>\n<p>Pour b\u00e9n\u00e9ficier aujourd&rsquo;hui de l&rsquo;indemnit\u00e9 de d\u00e9part, l&rsquo;artisan ou le commer\u00e7ant doit \u00eatre propri\u00e9taire de son fonds de commerce, \u00eatre \u00e2g\u00e9 d&rsquo;au moins 60 ans (55 ans en cas d&rsquo;invalidit\u00e9 d&rsquo;au moins 80%), avoir cotis\u00e9 au moins 15 ans au RSI (ou anciennement Ava et Organic), ne plus exercer d&rsquo;activit\u00e9 (y compris en tant qu&rsquo;auto-entrepreneur) et se faire radier du registre du commerce et des soci\u00e9t\u00e9s ou du r\u00e9pertoire des m\u00e9tiers. L&rsquo;aide est \u00e9galement octroy\u00e9e sous conditions de ressources. La moyenne des revenus annuels des cinq derni\u00e8res ann\u00e9es ne doit pas d\u00e9passer 11.940 euros (dont 5.780 euros de ressources non professionnelles) pour un chef d&rsquo;entreprise et 21.210 euros (dont 10.490 euros de ressources non professionnelles) pour un couple.<\/p>\n<\/div><\/div><\/div><\/div><\/div><\/div><\/div><\/section>\n","protected":false},"excerpt":{"rendered":"<p>Le projet de loi de finances pour 2015 pr\u00e9voit notamment la suppression de l&rsquo;indemnit\u00e9 compensatrice de d\u00e9part \u00e0 la retraite pour les ind\u00e9pendants aux revenus modestes et dont le fonds de commerce a perdu de sa valeur. \u00a0  \u00a0<\/p>\n","protected":false},"author":13713,"featured_media":20180,"comment_status":"closed","ping_status":"closed","sticky":false,"template":"","format":"standard","meta":{"footnotes":""},"categories":[13],"tags":[],"class_list":["post-20181","post","type-post","status-publish","format-standard","has-post-thumbnail","hentry","category-depart-a-la-retraite"],"acf":[],"yoast_head":"<!-- This site is optimized with the Yoast SEO plugin v24.9 - https:\/\/yoast.com\/wordpress\/plugins\/seo\/ -->\n<title>Les artisans et commer\u00e7ants priv\u00e9s d&#039;indemnit\u00e9 de d\u00e9part \u00e0 la retraite<\/title>\n<meta name=\"description\" content=\"Le projet de loi de finances pour 2015 pr\u00e9voit notamment la suppression de l&#039;indemnit\u00e9 compensatrice de d\u00e9part \u00e0 la retraite pour les ind\u00e9pendants aux revenus modestes et dont le fonds de commerce a perdu de sa valeur.\" \/>\n<meta name=\"robots\" content=\"index, follow, max-snippet:-1, max-image-preview:large, max-video-preview:-1\" \/>\n<link rel=\"canonical\" href=\"https:\/\/www.toutsurmesfinances.com\/retraite\/les-artisans-et-commercants-prives-d-indemnite-de-depart-a-la-retraite.html\" \/>\n<meta property=\"og:locale\" content=\"fr_FR\" \/>\n<meta property=\"og:type\" content=\"article\" \/>\n<meta property=\"og:title\" content=\"Les artisans et commer\u00e7ants priv\u00e9s d&#039;indemnit\u00e9 de d\u00e9part \u00e0 la retraite\" \/>\n<meta property=\"og:description\" content=\"Le projet de loi de finances pour 2015 pr\u00e9voit notamment la suppression de l&#039;indemnit\u00e9 compensatrice de d\u00e9part \u00e0 la retraite pour les ind\u00e9pendants aux revenus modestes et dont le fonds de commerce a perdu de sa valeur.\" \/>\n<meta property=\"og:url\" content=\"https:\/\/www.toutsurmesfinances.com\/retraite\/les-artisans-et-commercants-prives-d-indemnite-de-depart-a-la-retraite.html\" \/>\n<meta property=\"og:site_name\" content=\"Retraite\" \/>\n<meta property=\"article:published_time\" content=\"2014-10-01T14:38:42+00:00\" \/>\n<meta property=\"article:modified_time\" content=\"2021-12-08T13:21:00+00:00\" \/>\n<meta property=\"og:image\" content=\"https:\/\/www.toutsurmesfinances.com\/retraite\/wp-content\/uploads\/sites\/4\/2014\/10\/artisan.jpg\" \/>\n\t<meta property=\"og:image:width\" content=\"480\" \/>\n\t<meta property=\"og:image:height\" content=\"360\" \/>\n\t<meta property=\"og:image:type\" content=\"image\/jpeg\" \/>\n<meta name=\"author\" content=\"Jean-Philippe Dubosc\" \/>\n<meta name=\"twitter:card\" content=\"summary_large_image\" \/>\n<meta name=\"twitter:creator\" content=\"@Toutsur\" \/>\n<meta name=\"twitter:site\" content=\"@Toutsur\" \/>\n<meta name=\"twitter:label1\" content=\"\u00c9crit par\" \/>\n\t<meta name=\"twitter:data1\" content=\"Jean-Philippe Dubosc\" \/>\n\t<meta name=\"twitter:label2\" content=\"Dur\u00e9e de lecture estim\u00e9e\" \/>\n\t<meta name=\"twitter:data2\" content=\"2 minutes\" \/>\n<script type=\"application\/ld+json\" class=\"yoast-schema-graph\">{\"@context\":\"https:\/\/schema.org\",\"@graph\":[{\"@type\":\"Article\",\"@id\":\"https:\/\/www.toutsurmesfinances.com\/retraite\/les-artisans-et-commercants-prives-d-indemnite-de-depart-a-la-retraite.html#article\",\"isPartOf\":{\"@id\":\"https:\/\/www.toutsurmesfinances.com\/retraite\/les-artisans-et-commercants-prives-d-indemnite-de-depart-a-la-retraite.html\"},\"author\":{\"name\":\"Jean-Philippe Dubosc\",\"@id\":\"https:\/\/www.toutsurmesfinances.com\/retraite\/#\/schema\/person\/addc9e9b3978fa7947ead71bab57694c\"},\"headline\":\"Les artisans et commer\u00e7ants priv\u00e9s d&rsquo;indemnit\u00e9 de d\u00e9part \u00e0 la retraite\",\"dateModified\":\"2021-12-08T13:21:00+00:00\",\"mainEntityOfPage\":{\"@id\":\"https:\/\/www.toutsurmesfinances.com\/retraite\/les-artisans-et-commercants-prives-d-indemnite-de-depart-a-la-retraite.html\"},\"wordCount\":539,\"publisher\":{\"@id\":\"https:\/\/www.toutsurmesfinances.com\/retraite\/#organization\"},\"image\":{\"@id\":\"https:\/\/www.toutsurmesfinances.com\/retraite\/les-artisans-et-commercants-prives-d-indemnite-de-depart-a-la-retraite.html#primaryimage\"},\"thumbnailUrl\":\"https:\/\/www.toutsurmesfinances.com\/retraite\/wp-content\/uploads\/sites\/4\/2014\/10\/artisan.jpg\",\"articleSection\":[\"D\u00e9part \u00e0 la retraite\"],\"inLanguage\":\"fr-FR\"},{\"@type\":\"WebPage\",\"@id\":\"https:\/\/www.toutsurmesfinances.com\/retraite\/les-artisans-et-commercants-prives-d-indemnite-de-depart-a-la-retraite.html\",\"url\":\"https:\/\/www.toutsurmesfinances.com\/retraite\/les-artisans-et-commercants-prives-d-indemnite-de-depart-a-la-retraite.html\",\"name\":\"Les artisans et commer\u00e7ants priv\u00e9s d'indemnit\u00e9 de d\u00e9part \u00e0 la retraite\",\"isPartOf\":{\"@id\":\"https:\/\/www.toutsurmesfinances.com\/retraite\/#website\"},\"primaryImageOfPage\":{\"@id\":\"https:\/\/www.toutsurmesfinances.com\/retraite\/les-artisans-et-commercants-prives-d-indemnite-de-depart-a-la-retraite.html#primaryimage\"},\"image\":{\"@id\":\"https:\/\/www.toutsurmesfinances.com\/retraite\/les-artisans-et-commercants-prives-d-indemnite-de-depart-a-la-retraite.html#primaryimage\"},\"thumbnailUrl\":\"https:\/\/www.toutsurmesfinances.com\/retraite\/wp-content\/uploads\/sites\/4\/2014\/10\/artisan.jpg\",\"dateModified\":\"2021-12-08T13:21:00+00:00\",\"description\":\"Le projet de loi de finances pour 2015 pr\u00e9voit notamment la suppression de l'indemnit\u00e9 compensatrice de d\u00e9part \u00e0 la retraite pour les ind\u00e9pendants aux revenus modestes et dont le fonds de commerce a perdu de sa valeur.\",\"breadcrumb\":{\"@id\":\"https:\/\/www.toutsurmesfinances.com\/retraite\/les-artisans-et-commercants-prives-d-indemnite-de-depart-a-la-retraite.html#breadcrumb\"},\"inLanguage\":\"fr-FR\",\"potentialAction\":[{\"@type\":\"ReadAction\",\"target\":[\"https:\/\/www.toutsurmesfinances.com\/retraite\/les-artisans-et-commercants-prives-d-indemnite-de-depart-a-la-retraite.html\"]}]},{\"@type\":\"ImageObject\",\"inLanguage\":\"fr-FR\",\"@id\":\"https:\/\/www.toutsurmesfinances.com\/retraite\/les-artisans-et-commercants-prives-d-indemnite-de-depart-a-la-retraite.html#primaryimage\",\"url\":\"https:\/\/www.toutsurmesfinances.com\/retraite\/wp-content\/uploads\/sites\/4\/2014\/10\/artisan.jpg\",\"contentUrl\":\"https:\/\/www.toutsurmesfinances.com\/retraite\/wp-content\/uploads\/sites\/4\/2014\/10\/artisan.jpg\",\"width\":480,\"height\":360,\"caption\":\"L'indemnit\u00e9 de d\u00e9part \u00e0 la retraite pour les artisans et les commer\u00e7ants va \u00eatre supprim\u00e9e en 2015\"},{\"@type\":\"BreadcrumbList\",\"@id\":\"https:\/\/www.toutsurmesfinances.com\/retraite\/les-artisans-et-commercants-prives-d-indemnite-de-depart-a-la-retraite.html#breadcrumb\",\"itemListElement\":[{\"@type\":\"ListItem\",\"position\":1,\"name\":\"Accueil\",\"item\":\"https:\/\/www.toutsurmesfinances.com\/retraite\/\"},{\"@type\":\"ListItem\",\"position\":2,\"name\":\"Liquidation\",\"item\":\"https:\/\/www.toutsurmesfinances.com\/retraite\/c\/liquidation\"},{\"@type\":\"ListItem\",\"position\":3,\"name\":\"D\u00e9part \u00e0 la retraite\",\"item\":\"https:\/\/www.toutsurmesfinances.com\/retraite\/c\/depart-a-la-retraite\"},{\"@type\":\"ListItem\",\"position\":4,\"name\":\"Les artisans et commer\u00e7ants priv\u00e9s d&rsquo;indemnit\u00e9 de d\u00e9part \u00e0 la retraite\"}]},{\"@type\":\"WebSite\",\"@id\":\"https:\/\/www.toutsurmesfinances.com\/retraite\/#website\",\"url\":\"https:\/\/www.toutsurmesfinances.com\/retraite\/\",\"name\":\"Retraite\",\"description\":\"\",\"publisher\":{\"@id\":\"https:\/\/www.toutsurmesfinances.com\/retraite\/#organization\"},\"potentialAction\":[{\"@type\":\"SearchAction\",\"target\":{\"@type\":\"EntryPoint\",\"urlTemplate\":\"https:\/\/www.toutsurmesfinances.com\/retraite\/?s={search_term_string}\"},\"query-input\":{\"@type\":\"PropertyValueSpecification\",\"valueRequired\":true,\"valueName\":\"search_term_string\"}}],\"inLanguage\":\"fr-FR\"},{\"@type\":\"Organization\",\"@id\":\"https:\/\/www.toutsurmesfinances.com\/retraite\/#organization\",\"name\":\"Tout Sur Mes Finances\",\"url\":\"https:\/\/www.toutsurmesfinances.com\/retraite\/\",\"logo\":{\"@type\":\"ImageObject\",\"inLanguage\":\"fr-FR\",\"@id\":\"https:\/\/www.toutsurmesfinances.com\/retraite\/#\/schema\/logo\/image\/\",\"url\":\"https:\/\/www.toutsurmesfinances.com\/retraite\/wp-content\/uploads\/sites\/4\/2021\/01\/favicon.png\",\"contentUrl\":\"https:\/\/www.toutsurmesfinances.com\/retraite\/wp-content\/uploads\/sites\/4\/2021\/01\/favicon.png\",\"width\":512,\"height\":512,\"caption\":\"Tout Sur Mes Finances\"},\"image\":{\"@id\":\"https:\/\/www.toutsurmesfinances.com\/retraite\/#\/schema\/logo\/image\/\"},\"sameAs\":[\"https:\/\/x.com\/Toutsur\"]},{\"@type\":\"Person\",\"@id\":\"https:\/\/www.toutsurmesfinances.com\/retraite\/#\/schema\/person\/addc9e9b3978fa7947ead71bab57694c\",\"name\":\"Jean-Philippe Dubosc\",\"image\":{\"@type\":\"ImageObject\",\"inLanguage\":\"fr-FR\",\"@id\":\"https:\/\/www.toutsurmesfinances.com\/retraite\/#\/schema\/person\/image\/\",\"url\":\"https:\/\/secure.gravatar.com\/avatar\/a3cba30cdda1afe79f6ebffc6e952291?s=96&d=mm&r=g\",\"contentUrl\":\"https:\/\/secure.gravatar.com\/avatar\/a3cba30cdda1afe79f6ebffc6e952291?s=96&d=mm&r=g\",\"caption\":\"Jean-Philippe Dubosc\"},\"description\":\"Jean-Philippe Dubosc est r\u00e9dacteur en chef de ToutSurMesFinances.com et sp\u00e9cialiste des questions de retraite obligatoire et d\u2019\u00e9pargne. Pr\u00e9sent au sein du m\u00e9dia depuis plus de 13 ans, il analyse les r\u00e9formes, les dispositifs r\u00e9glementaires et les strat\u00e9gies de d\u00e9part \u00e0 la retraite, avec une approche fond\u00e9e sur une lecture rigoureuse des textes et une connaissance approfondie des diff\u00e9rents r\u00e9gimes de retraite.\",\"sameAs\":[\"https:\/\/www.toutsurmesfinances.com\/author\/jpdubosc\",\"https:\/\/fr.linkedin.com\/in\/jpdubosc\"]}]}<\/script>\n<!-- \/ Yoast SEO plugin. -->","yoast_head_json":{"title":"Les artisans et commer\u00e7ants priv\u00e9s d'indemnit\u00e9 de d\u00e9part \u00e0 la retraite","description":"Le projet de loi de finances pour 2015 pr\u00e9voit notamment la suppression de l'indemnit\u00e9 compensatrice de d\u00e9part \u00e0 la retraite pour les ind\u00e9pendants aux revenus modestes et dont le fonds de commerce a perdu de sa valeur.","robots":{"index":"index","follow":"follow","max-snippet":"max-snippet:-1","max-image-preview":"max-image-preview:large","max-video-preview":"max-video-preview:-1"},"canonical":"https:\/\/www.toutsurmesfinances.com\/retraite\/les-artisans-et-commercants-prives-d-indemnite-de-depart-a-la-retraite.html","og_locale":"fr_FR","og_type":"article","og_title":"Les artisans et commer\u00e7ants priv\u00e9s d'indemnit\u00e9 de d\u00e9part \u00e0 la retraite","og_description":"Le projet de loi de finances pour 2015 pr\u00e9voit notamment la suppression de l'indemnit\u00e9 compensatrice de d\u00e9part \u00e0 la retraite pour les ind\u00e9pendants aux revenus modestes et dont le fonds de commerce a perdu de sa valeur.","og_url":"https:\/\/www.toutsurmesfinances.com\/retraite\/les-artisans-et-commercants-prives-d-indemnite-de-depart-a-la-retraite.html","og_site_name":"Retraite","article_published_time":"2014-10-01T14:38:42+00:00","article_modified_time":"2021-12-08T13:21:00+00:00","og_image":[{"width":480,"height":360,"url":"https:\/\/www.toutsurmesfinances.com\/retraite\/wp-content\/uploads\/sites\/4\/2014\/10\/artisan.jpg","type":"image\/jpeg"}],"author":"Jean-Philippe Dubosc","twitter_card":"summary_large_image","twitter_creator":"@Toutsur","twitter_site":"@Toutsur","twitter_misc":{"\u00c9crit par":"Jean-Philippe Dubosc","Dur\u00e9e de lecture estim\u00e9e":"2 minutes"},"schema":{"@context":"https:\/\/schema.org","@graph":[{"@type":"Article","@id":"https:\/\/www.toutsurmesfinances.com\/retraite\/les-artisans-et-commercants-prives-d-indemnite-de-depart-a-la-retraite.html#article","isPartOf":{"@id":"https:\/\/www.toutsurmesfinances.com\/retraite\/les-artisans-et-commercants-prives-d-indemnite-de-depart-a-la-retraite.html"},"author":{"name":"Jean-Philippe Dubosc","@id":"https:\/\/www.toutsurmesfinances.com\/retraite\/#\/schema\/person\/addc9e9b3978fa7947ead71bab57694c"},"headline":"Les artisans et commer\u00e7ants priv\u00e9s d&rsquo;indemnit\u00e9 de d\u00e9part \u00e0 la retraite","dateModified":"2021-12-08T13:21:00+00:00","mainEntityOfPage":{"@id":"https:\/\/www.toutsurmesfinances.com\/retraite\/les-artisans-et-commercants-prives-d-indemnite-de-depart-a-la-retraite.html"},"wordCount":539,"publisher":{"@id":"https:\/\/www.toutsurmesfinances.com\/retraite\/#organization"},"image":{"@id":"https:\/\/www.toutsurmesfinances.com\/retraite\/les-artisans-et-commercants-prives-d-indemnite-de-depart-a-la-retraite.html#primaryimage"},"thumbnailUrl":"https:\/\/www.toutsurmesfinances.com\/retraite\/wp-content\/uploads\/sites\/4\/2014\/10\/artisan.jpg","articleSection":["D\u00e9part \u00e0 la retraite"],"inLanguage":"fr-FR"},{"@type":"WebPage","@id":"https:\/\/www.toutsurmesfinances.com\/retraite\/les-artisans-et-commercants-prives-d-indemnite-de-depart-a-la-retraite.html","url":"https:\/\/www.toutsurmesfinances.com\/retraite\/les-artisans-et-commercants-prives-d-indemnite-de-depart-a-la-retraite.html","name":"Les artisans et commer\u00e7ants priv\u00e9s d'indemnit\u00e9 de d\u00e9part \u00e0 la retraite","isPartOf":{"@id":"https:\/\/www.toutsurmesfinances.com\/retraite\/#website"},"primaryImageOfPage":{"@id":"https:\/\/www.toutsurmesfinances.com\/retraite\/les-artisans-et-commercants-prives-d-indemnite-de-depart-a-la-retraite.html#primaryimage"},"image":{"@id":"https:\/\/www.toutsurmesfinances.com\/retraite\/les-artisans-et-commercants-prives-d-indemnite-de-depart-a-la-retraite.html#primaryimage"},"thumbnailUrl":"https:\/\/www.toutsurmesfinances.com\/retraite\/wp-content\/uploads\/sites\/4\/2014\/10\/artisan.jpg","dateModified":"2021-12-08T13:21:00+00:00","description":"Le projet de loi de finances pour 2015 pr\u00e9voit notamment la suppression de l'indemnit\u00e9 compensatrice de d\u00e9part \u00e0 la retraite pour les ind\u00e9pendants aux revenus modestes et dont le fonds de commerce a perdu de sa valeur.","breadcrumb":{"@id":"https:\/\/www.toutsurmesfinances.com\/retraite\/les-artisans-et-commercants-prives-d-indemnite-de-depart-a-la-retraite.html#breadcrumb"},"inLanguage":"fr-FR","potentialAction":[{"@type":"ReadAction","target":["https:\/\/www.toutsurmesfinances.com\/retraite\/les-artisans-et-commercants-prives-d-indemnite-de-depart-a-la-retraite.html"]}]},{"@type":"ImageObject","inLanguage":"fr-FR","@id":"https:\/\/www.toutsurmesfinances.com\/retraite\/les-artisans-et-commercants-prives-d-indemnite-de-depart-a-la-retraite.html#primaryimage","url":"https:\/\/www.toutsurmesfinances.com\/retraite\/wp-content\/uploads\/sites\/4\/2014\/10\/artisan.jpg","contentUrl":"https:\/\/www.toutsurmesfinances.com\/retraite\/wp-content\/uploads\/sites\/4\/2014\/10\/artisan.jpg","width":480,"height":360,"caption":"L'indemnit\u00e9 de d\u00e9part \u00e0 la retraite pour les artisans et les commer\u00e7ants va \u00eatre supprim\u00e9e en 2015"},{"@type":"BreadcrumbList","@id":"https:\/\/www.toutsurmesfinances.com\/retraite\/les-artisans-et-commercants-prives-d-indemnite-de-depart-a-la-retraite.html#breadcrumb","itemListElement":[{"@type":"ListItem","position":1,"name":"Accueil","item":"https:\/\/www.toutsurmesfinances.com\/retraite\/"},{"@type":"ListItem","position":2,"name":"Liquidation","item":"https:\/\/www.toutsurmesfinances.com\/retraite\/c\/liquidation"},{"@type":"ListItem","position":3,"name":"D\u00e9part \u00e0 la retraite","item":"https:\/\/www.toutsurmesfinances.com\/retraite\/c\/depart-a-la-retraite"},{"@type":"ListItem","position":4,"name":"Les artisans et commer\u00e7ants priv\u00e9s d&rsquo;indemnit\u00e9 de d\u00e9part \u00e0 la retraite"}]},{"@type":"WebSite","@id":"https:\/\/www.toutsurmesfinances.com\/retraite\/#website","url":"https:\/\/www.toutsurmesfinances.com\/retraite\/","name":"Retraite","description":"","publisher":{"@id":"https:\/\/www.toutsurmesfinances.com\/retraite\/#organization"},"potentialAction":[{"@type":"SearchAction","target":{"@type":"EntryPoint","urlTemplate":"https:\/\/www.toutsurmesfinances.com\/retraite\/?s={search_term_string}"},"query-input":{"@type":"PropertyValueSpecification","valueRequired":true,"valueName":"search_term_string"}}],"inLanguage":"fr-FR"},{"@type":"Organization","@id":"https:\/\/www.toutsurmesfinances.com\/retraite\/#organization","name":"Tout Sur Mes Finances","url":"https:\/\/www.toutsurmesfinances.com\/retraite\/","logo":{"@type":"ImageObject","inLanguage":"fr-FR","@id":"https:\/\/www.toutsurmesfinances.com\/retraite\/#\/schema\/logo\/image\/","url":"https:\/\/www.toutsurmesfinances.com\/retraite\/wp-content\/uploads\/sites\/4\/2021\/01\/favicon.png","contentUrl":"https:\/\/www.toutsurmesfinances.com\/retraite\/wp-content\/uploads\/sites\/4\/2021\/01\/favicon.png","width":512,"height":512,"caption":"Tout Sur Mes Finances"},"image":{"@id":"https:\/\/www.toutsurmesfinances.com\/retraite\/#\/schema\/logo\/image\/"},"sameAs":["https:\/\/x.com\/Toutsur"]},{"@type":"Person","@id":"https:\/\/www.toutsurmesfinances.com\/retraite\/#\/schema\/person\/addc9e9b3978fa7947ead71bab57694c","name":"Jean-Philippe Dubosc","image":{"@type":"ImageObject","inLanguage":"fr-FR","@id":"https:\/\/www.toutsurmesfinances.com\/retraite\/#\/schema\/person\/image\/","url":"https:\/\/secure.gravatar.com\/avatar\/a3cba30cdda1afe79f6ebffc6e952291?s=96&d=mm&r=g","contentUrl":"https:\/\/secure.gravatar.com\/avatar\/a3cba30cdda1afe79f6ebffc6e952291?s=96&d=mm&r=g","caption":"Jean-Philippe Dubosc"},"description":"Jean-Philippe Dubosc est r\u00e9dacteur en chef de ToutSurMesFinances.com et sp\u00e9cialiste des questions de retraite obligatoire et d\u2019\u00e9pargne. Pr\u00e9sent au sein du m\u00e9dia depuis plus de 13 ans, il analyse les r\u00e9formes, les dispositifs r\u00e9glementaires et les strat\u00e9gies de d\u00e9part \u00e0 la retraite, avec une approche fond\u00e9e sur une lecture rigoureuse des textes et une connaissance approfondie des diff\u00e9rents r\u00e9gimes de retraite.","sameAs":["https:\/\/www.toutsurmesfinances.com\/author\/jpdubosc","https:\/\/fr.linkedin.com\/in\/jpdubosc"]}]}},"_links":{"self":[{"href":"https:\/\/www.toutsurmesfinances.com\/retraite\/wp-json\/wp\/v2\/posts\/20181","targetHints":{"allow":["GET"]}}],"collection":[{"href":"https:\/\/www.toutsurmesfinances.com\/retraite\/wp-json\/wp\/v2\/posts"}],"about":[{"href":"https:\/\/www.toutsurmesfinances.com\/retraite\/wp-json\/wp\/v2\/types\/post"}],"author":[{"embeddable":true,"href":"https:\/\/www.toutsurmesfinances.com\/retraite\/wp-json\/wp\/v2\/users\/13713"}],"replies":[{"embeddable":true,"href":"https:\/\/www.toutsurmesfinances.com\/retraite\/wp-json\/wp\/v2\/comments?post=20181"}],"version-history":[{"count":2,"href":"https:\/\/www.toutsurmesfinances.com\/retraite\/wp-json\/wp\/v2\/posts\/20181\/revisions"}],"predecessor-version":[{"id":30450,"href":"https:\/\/www.toutsurmesfinances.com\/retraite\/wp-json\/wp\/v2\/posts\/20181\/revisions\/30450"}],"wp:featuredmedia":[{"embeddable":true,"href":"https:\/\/www.toutsurmesfinances.com\/retraite\/wp-json\/wp\/v2\/media\/20180"}],"wp:attachment":[{"href":"https:\/\/www.toutsurmesfinances.com\/retraite\/wp-json\/wp\/v2\/media?parent=20181"}],"wp:term":[{"taxonomy":"category","embeddable":true,"href":"https:\/\/www.toutsurmesfinances.com\/retraite\/wp-json\/wp\/v2\/categories?post=20181"},{"taxonomy":"post_tag","embeddable":true,"href":"https:\/\/www.toutsurmesfinances.com\/retraite\/wp-json\/wp\/v2\/tags?post=20181"}],"curies":[{"name":"wp","href":"https:\/\/api.w.org\/{rel}","templated":true}]}}