{"id":20342,"date":"2014-12-05T10:09:18","date_gmt":"2014-12-05T09:09:18","guid":{"rendered":"https:\/\/www.toutsurmesfinances.com\/retraite\/allocation-veuvage-quels-sont-les-capitaux-deces-pris-en-compte.html"},"modified":"2025-07-10T15:59:31","modified_gmt":"2025-07-10T13:59:31","slug":"allocation-veuvage-quels-sont-les-capitaux-deces-pris-en-compte","status":"publish","type":"post","link":"https:\/\/www.toutsurmesfinances.com\/retraite\/allocation-veuvage-quels-sont-les-capitaux-deces-pris-en-compte.html","title":{"rendered":"Allocation veuvage : quels sont les capitaux-d\u00e9c\u00e8s pris en compte ?"},"content":{"rendered":"<section class=\"l-section wpb_row height_small\"><div class=\"l-section-h i-cf\"><div class=\"g-cols vc_row via_flex valign_top type_default stacking_default\"><div class=\"vc_col-sm-12 wpb_column vc_column_container\"><div class=\"vc_column-inner\"><div class=\"wpb_wrapper\"><div class=\"wpb_text_column\"><div class=\"wpb_wrapper\"><p>Pour percevoir l<strong>&lsquo;allocation veuvage<\/strong> servie par la S\u00e9curit\u00e9 sociale, le conjoint survivant (\u00e2g\u00e9 d&rsquo;au moins 55 ans) doit justifier d&rsquo;un certain niveau de ressources. Les revenus ne doivent pas d\u00e9passer 2.257,95 euros dans le trimestre pr\u00e9c\u00e9dant la demande, soit 752,65 euros par mois. Parmi ces ressources figurent les capitaux d\u00e9c\u00e8s octroy\u00e9s par certains r\u00e9gimes obligatoires.<\/p>\n<p>Une circulaire de la Caisse nationale d&rsquo;assurance vieillesse (<strong>Cnav<\/strong>) dat\u00e9e du 3 d\u00e9cembre 2014 rappelle que les capitaux-d\u00e9c\u00e8s attribu\u00e9s par la Cnav, le r\u00e9gime de base des salari\u00e9s du priv\u00e9, et par la Mutualit\u00e9 sociale agricole (<strong>MSA<\/strong>) \u00ab salari\u00e9s \u00bb, le r\u00e9gime de base des salari\u00e9s agricoles, ne sont pas int\u00e9gr\u00e9s dans les ressources prises en compte pour l&rsquo;attribution de l&rsquo;allocation veuvage (602,12 euros par mois).<\/p>\n<p>&nbsp;<\/p>\n<h2><span class=\"ez-toc-section\" id=\"Le_cas_des_%C2%AB_poly-affilies_%C2%BB\"><\/span>Le cas des \u00ab poly-affili\u00e9s \u00bb<span class=\"ez-toc-section-end\"><\/span><\/h2>\n<p>En revanche, dans le cas o\u00f9 le d\u00e9funt \u00e9tait \u00ab poly-affili\u00e9 \u00bb, les capitaux d\u00e9c\u00e8s vers\u00e9s \u00e0 la veuve ou au veuf par les r\u00e9gimes autres que la Cnav et la MSA salari\u00e9s sont, eux, bien pris en compte. Tous les r\u00e9gimes de base pr\u00e9voient le versement d&rsquo;un capital au d\u00e9c\u00e8s de leurs affili\u00e9s que ce soit le Service des retraites de l&rsquo;Etat (<strong>SRE<\/strong>) pour les fonctionnaires d&rsquo;Etat, la Caisse nationale de retraite des agents des collectivit\u00e9s locales (<strong>CNRACL<\/strong>) pour les fonctionnaires territoriaux et hospitaliers, le R\u00e9gime social des ind\u00e9pendants (<strong>RSI<\/strong>) pour les artisans, commer\u00e7ants et chefs d&rsquo;entreprise ou les diff\u00e9rentes caisses des professions lib\u00e9rales.<\/p>\n<p>C&rsquo;est le cas \u00e9galement des r\u00e9gimes compl\u00e9mentaires du priv\u00e9 (<strong>Arrco<\/strong>, <strong>Agirc<\/strong>) et du r\u00e9gime compl\u00e9mentaire des agents publics non titulaires (<strong>Ircantec<\/strong>). Chaque r\u00e9gime a ses propres crit\u00e8res d&rsquo;\u00e2ge et de ressources pour octroyer le capital-d\u00e9c\u00e8s dont le montant varie \u00e9galement. Ce n&rsquo;est pas la totalit\u00e9 du capital-d\u00e9c\u00e8s des autres r\u00e9gimes qui est pris en compte mais un pourcentage de leur valeur.<\/p>\n<h2><span class=\"ez-toc-section\" id=\"Taux_calque_sur_le_Livret_A\"><\/span>Taux calqu\u00e9 sur le Livret A<span class=\"ez-toc-section-end\"><\/span><\/h2>\n<p>La circulaire du 3 d\u00e9cembre souligne que ce taux est celui du <strong>Livret A<\/strong> en vigueur au 1er janvier. <em>\u00ab Ce taux est fix\u00e9 \u00e0 1% pour la p\u00e9riode du 1er ao\u00fbt 2014 au 31 janvier 2015 \u00bb<\/em>, pr\u00e9cise le document. A titre d&rsquo;exemple, pour une demande d&rsquo;allocation veuvage d\u00e9pos\u00e9e le 1er f\u00e9vrier 2015 et avec un capital-d\u00e9c\u00e8s hors Cnav et MSA salari\u00e9s de 3.000 euros, on prendra en compte dans les ressources du conjoint survivant 1% de 3.000 euros, soit 30 euros.<\/p>\n<p>A noter : les capitaux-d\u00e9c\u00e8s attribu\u00e9s dans le cadre des <strong>compl\u00e9mentaires sant\u00e9<\/strong> et des <strong>contrats de pr\u00e9voyance<\/strong> sont consid\u00e9r\u00e9s comme des \u00ab biens financiers \u00bb. A ce titre, 3% de leur valeur sont pris en compte divis\u00e9s par quatre (pour avoir le montant pour un trimestre).<\/p>\n<p>&nbsp;<\/p>\n<\/div><\/div><\/div><\/div><\/div><\/div><\/div><\/section>\n","protected":false},"excerpt":{"rendered":"<p>Si les capitaux-d\u00e9c\u00e8s des r\u00e9gimes de base des salari\u00e9s et des salari\u00e9s agricoles ne sont pas int\u00e9gr\u00e9s dans les ressources prises en compte pour l&rsquo;attribution de l&rsquo;allocation veuvage, ce n&rsquo;est pas le cas des capitaux-d\u00e9c\u00e8s vers\u00e9s par les autres r\u00e9gimes, rappelle une circulaire dat\u00e9e du 3 d\u00e9cembre 2014. \u00a0  \u00a0<\/p>\n","protected":false},"author":13713,"featured_media":32232,"comment_status":"closed","ping_status":"closed","sticky":false,"template":"","format":"standard","meta":{"footnotes":""},"categories":[33],"tags":[],"class_list":["post-20342","post","type-post","status-publish","format-standard","has-post-thumbnail","hentry","category-deces"],"acf":[],"yoast_head":"<!-- This site is optimized with the Yoast SEO plugin v24.9 - https:\/\/yoast.com\/wordpress\/plugins\/seo\/ -->\n<title>Allocation veuvage : quels sont les capitaux-d\u00e9c\u00e8s pris en compte ?<\/title>\n<meta name=\"description\" content=\"Si les capitaux-d\u00e9c\u00e8s des r\u00e9gimes de base des salari\u00e9s et des salari\u00e9s agricoles ne sont pas int\u00e9gr\u00e9s dans les ressources prises en compte pour l&#039;attribution de l&#039;allocation veuvage, ce n&#039;est pas le cas des capitaux-d\u00e9c\u00e8s vers\u00e9s par les autres r\u00e9gimes,\" \/>\n<meta name=\"robots\" content=\"index, follow, max-snippet:-1, max-image-preview:large, max-video-preview:-1\" \/>\n<link rel=\"canonical\" href=\"https:\/\/www.toutsurmesfinances.com\/retraite\/allocation-veuvage-quels-sont-les-capitaux-deces-pris-en-compte.html\" \/>\n<meta property=\"og:locale\" content=\"fr_FR\" \/>\n<meta property=\"og:type\" content=\"article\" \/>\n<meta property=\"og:title\" content=\"Allocation veuvage : quels sont les capitaux-d\u00e9c\u00e8s pris en compte ?\" \/>\n<meta property=\"og:description\" content=\"Si les capitaux-d\u00e9c\u00e8s des r\u00e9gimes de base des salari\u00e9s et des salari\u00e9s agricoles ne sont pas int\u00e9gr\u00e9s dans les ressources prises en compte pour l&#039;attribution de l&#039;allocation veuvage, ce n&#039;est pas le cas des capitaux-d\u00e9c\u00e8s vers\u00e9s par les autres r\u00e9gimes,\" \/>\n<meta property=\"og:url\" content=\"https:\/\/www.toutsurmesfinances.com\/retraite\/allocation-veuvage-quels-sont-les-capitaux-deces-pris-en-compte.html\" \/>\n<meta property=\"og:site_name\" content=\"Retraite\" \/>\n<meta property=\"article:published_time\" content=\"2014-12-05T09:09:18+00:00\" \/>\n<meta property=\"article:modified_time\" content=\"2025-07-10T13:59:31+00:00\" \/>\n<meta property=\"og:image\" content=\"https:\/\/www.toutsurmesfinances.com\/retraite\/wp-content\/uploads\/sites\/4\/2025\/04\/image-retraite-retraite.jpg\" \/>\n\t<meta property=\"og:image:width\" content=\"600\" \/>\n\t<meta property=\"og:image:height\" content=\"400\" \/>\n\t<meta property=\"og:image:type\" content=\"image\/jpeg\" \/>\n<meta name=\"author\" content=\"Jean-Philippe Dubosc\" \/>\n<meta name=\"twitter:card\" content=\"summary_large_image\" \/>\n<meta name=\"twitter:creator\" content=\"@Toutsur\" \/>\n<meta name=\"twitter:site\" content=\"@Toutsur\" \/>\n<meta name=\"twitter:label1\" content=\"\u00c9crit par\" \/>\n\t<meta name=\"twitter:data1\" content=\"Jean-Philippe Dubosc\" \/>\n\t<meta name=\"twitter:label2\" content=\"Dur\u00e9e de lecture estim\u00e9e\" \/>\n\t<meta name=\"twitter:data2\" content=\"3 minutes\" \/>\n<script type=\"application\/ld+json\" class=\"yoast-schema-graph\">{\"@context\":\"https:\/\/schema.org\",\"@graph\":[{\"@type\":\"Article\",\"@id\":\"https:\/\/www.toutsurmesfinances.com\/retraite\/allocation-veuvage-quels-sont-les-capitaux-deces-pris-en-compte.html#article\",\"isPartOf\":{\"@id\":\"https:\/\/www.toutsurmesfinances.com\/retraite\/allocation-veuvage-quels-sont-les-capitaux-deces-pris-en-compte.html\"},\"author\":{\"name\":\"Jean-Philippe Dubosc\",\"@id\":\"https:\/\/www.toutsurmesfinances.com\/retraite\/#\/schema\/person\/addc9e9b3978fa7947ead71bab57694c\"},\"headline\":\"Allocation veuvage : quels sont les capitaux-d\u00e9c\u00e8s pris en compte ?\",\"dateModified\":\"2025-07-10T13:59:31+00:00\",\"mainEntityOfPage\":{\"@id\":\"https:\/\/www.toutsurmesfinances.com\/retraite\/allocation-veuvage-quels-sont-les-capitaux-deces-pris-en-compte.html\"},\"wordCount\":507,\"publisher\":{\"@id\":\"https:\/\/www.toutsurmesfinances.com\/retraite\/#organization\"},\"image\":{\"@id\":\"https:\/\/www.toutsurmesfinances.com\/retraite\/allocation-veuvage-quels-sont-les-capitaux-deces-pris-en-compte.html#primaryimage\"},\"thumbnailUrl\":\"https:\/\/www.toutsurmesfinances.com\/retraite\/wp-content\/uploads\/sites\/4\/2025\/04\/image-retraite-retraite.jpg\",\"articleSection\":[\"D\u00e9c\u00e8s\"],\"inLanguage\":\"fr-FR\"},{\"@type\":\"WebPage\",\"@id\":\"https:\/\/www.toutsurmesfinances.com\/retraite\/allocation-veuvage-quels-sont-les-capitaux-deces-pris-en-compte.html\",\"url\":\"https:\/\/www.toutsurmesfinances.com\/retraite\/allocation-veuvage-quels-sont-les-capitaux-deces-pris-en-compte.html\",\"name\":\"Allocation veuvage : quels sont les capitaux-d\u00e9c\u00e8s pris en compte ?\",\"isPartOf\":{\"@id\":\"https:\/\/www.toutsurmesfinances.com\/retraite\/#website\"},\"primaryImageOfPage\":{\"@id\":\"https:\/\/www.toutsurmesfinances.com\/retraite\/allocation-veuvage-quels-sont-les-capitaux-deces-pris-en-compte.html#primaryimage\"},\"image\":{\"@id\":\"https:\/\/www.toutsurmesfinances.com\/retraite\/allocation-veuvage-quels-sont-les-capitaux-deces-pris-en-compte.html#primaryimage\"},\"thumbnailUrl\":\"https:\/\/www.toutsurmesfinances.com\/retraite\/wp-content\/uploads\/sites\/4\/2025\/04\/image-retraite-retraite.jpg\",\"dateModified\":\"2025-07-10T13:59:31+00:00\",\"description\":\"Si les capitaux-d\u00e9c\u00e8s des r\u00e9gimes de base des salari\u00e9s et des salari\u00e9s agricoles ne sont pas int\u00e9gr\u00e9s dans les ressources prises en compte pour l'attribution de l'allocation veuvage, ce n'est pas le cas des capitaux-d\u00e9c\u00e8s vers\u00e9s par les autres r\u00e9gimes,\",\"breadcrumb\":{\"@id\":\"https:\/\/www.toutsurmesfinances.com\/retraite\/allocation-veuvage-quels-sont-les-capitaux-deces-pris-en-compte.html#breadcrumb\"},\"inLanguage\":\"fr-FR\",\"potentialAction\":[{\"@type\":\"ReadAction\",\"target\":[\"https:\/\/www.toutsurmesfinances.com\/retraite\/allocation-veuvage-quels-sont-les-capitaux-deces-pris-en-compte.html\"]}]},{\"@type\":\"ImageObject\",\"inLanguage\":\"fr-FR\",\"@id\":\"https:\/\/www.toutsurmesfinances.com\/retraite\/allocation-veuvage-quels-sont-les-capitaux-deces-pris-en-compte.html#primaryimage\",\"url\":\"https:\/\/www.toutsurmesfinances.com\/retraite\/wp-content\/uploads\/sites\/4\/2025\/04\/image-retraite-retraite.jpg\",\"contentUrl\":\"https:\/\/www.toutsurmesfinances.com\/retraite\/wp-content\/uploads\/sites\/4\/2025\/04\/image-retraite-retraite.jpg\",\"width\":600,\"height\":400},{\"@type\":\"BreadcrumbList\",\"@id\":\"https:\/\/www.toutsurmesfinances.com\/retraite\/allocation-veuvage-quels-sont-les-capitaux-deces-pris-en-compte.html#breadcrumb\",\"itemListElement\":[{\"@type\":\"ListItem\",\"position\":1,\"name\":\"Accueil\",\"item\":\"https:\/\/www.toutsurmesfinances.com\/retraite\/\"},{\"@type\":\"ListItem\",\"position\":2,\"name\":\"Retrait\u00e9\",\"item\":\"https:\/\/www.toutsurmesfinances.com\/retraite\/c\/retraite\"},{\"@type\":\"ListItem\",\"position\":3,\"name\":\"D\u00e9c\u00e8s\",\"item\":\"https:\/\/www.toutsurmesfinances.com\/retraite\/c\/deces\"},{\"@type\":\"ListItem\",\"position\":4,\"name\":\"Allocation veuvage : quels sont les capitaux-d\u00e9c\u00e8s pris en compte ?\"}]},{\"@type\":\"WebSite\",\"@id\":\"https:\/\/www.toutsurmesfinances.com\/retraite\/#website\",\"url\":\"https:\/\/www.toutsurmesfinances.com\/retraite\/\",\"name\":\"Retraite\",\"description\":\"\",\"publisher\":{\"@id\":\"https:\/\/www.toutsurmesfinances.com\/retraite\/#organization\"},\"potentialAction\":[{\"@type\":\"SearchAction\",\"target\":{\"@type\":\"EntryPoint\",\"urlTemplate\":\"https:\/\/www.toutsurmesfinances.com\/retraite\/?s={search_term_string}\"},\"query-input\":{\"@type\":\"PropertyValueSpecification\",\"valueRequired\":true,\"valueName\":\"search_term_string\"}}],\"inLanguage\":\"fr-FR\"},{\"@type\":\"Organization\",\"@id\":\"https:\/\/www.toutsurmesfinances.com\/retraite\/#organization\",\"name\":\"Tout Sur Mes Finances\",\"url\":\"https:\/\/www.toutsurmesfinances.com\/retraite\/\",\"logo\":{\"@type\":\"ImageObject\",\"inLanguage\":\"fr-FR\",\"@id\":\"https:\/\/www.toutsurmesfinances.com\/retraite\/#\/schema\/logo\/image\/\",\"url\":\"https:\/\/www.toutsurmesfinances.com\/retraite\/wp-content\/uploads\/sites\/4\/2021\/01\/favicon.png\",\"contentUrl\":\"https:\/\/www.toutsurmesfinances.com\/retraite\/wp-content\/uploads\/sites\/4\/2021\/01\/favicon.png\",\"width\":512,\"height\":512,\"caption\":\"Tout Sur Mes Finances\"},\"image\":{\"@id\":\"https:\/\/www.toutsurmesfinances.com\/retraite\/#\/schema\/logo\/image\/\"},\"sameAs\":[\"https:\/\/x.com\/Toutsur\"]},{\"@type\":\"Person\",\"@id\":\"https:\/\/www.toutsurmesfinances.com\/retraite\/#\/schema\/person\/addc9e9b3978fa7947ead71bab57694c\",\"name\":\"Jean-Philippe Dubosc\",\"image\":{\"@type\":\"ImageObject\",\"inLanguage\":\"fr-FR\",\"@id\":\"https:\/\/www.toutsurmesfinances.com\/retraite\/#\/schema\/person\/image\/\",\"url\":\"https:\/\/secure.gravatar.com\/avatar\/a3cba30cdda1afe79f6ebffc6e952291?s=96&d=mm&r=g\",\"contentUrl\":\"https:\/\/secure.gravatar.com\/avatar\/a3cba30cdda1afe79f6ebffc6e952291?s=96&d=mm&r=g\",\"caption\":\"Jean-Philippe Dubosc\"},\"description\":\"Jean-Philippe Dubosc est r\u00e9dacteur en chef de ToutSurMesFinances.com et sp\u00e9cialiste des questions de retraite obligatoire et d\u2019\u00e9pargne. Pr\u00e9sent au sein du m\u00e9dia depuis plus de 13 ans, il analyse les r\u00e9formes, les dispositifs r\u00e9glementaires et les strat\u00e9gies de d\u00e9part \u00e0 la retraite, avec une approche fond\u00e9e sur une lecture rigoureuse des textes et une connaissance approfondie des diff\u00e9rents r\u00e9gimes de retraite.\",\"sameAs\":[\"https:\/\/www.toutsurmesfinances.com\/author\/jpdubosc\",\"https:\/\/fr.linkedin.com\/in\/jpdubosc\"]}]}<\/script>\n<!-- \/ Yoast SEO plugin. -->","yoast_head_json":{"title":"Allocation veuvage : quels sont les capitaux-d\u00e9c\u00e8s pris en compte ?","description":"Si les capitaux-d\u00e9c\u00e8s des r\u00e9gimes de base des salari\u00e9s et des salari\u00e9s agricoles ne sont pas int\u00e9gr\u00e9s dans les ressources prises en compte pour l'attribution de l'allocation veuvage, ce n'est pas le cas des capitaux-d\u00e9c\u00e8s vers\u00e9s par les autres r\u00e9gimes,","robots":{"index":"index","follow":"follow","max-snippet":"max-snippet:-1","max-image-preview":"max-image-preview:large","max-video-preview":"max-video-preview:-1"},"canonical":"https:\/\/www.toutsurmesfinances.com\/retraite\/allocation-veuvage-quels-sont-les-capitaux-deces-pris-en-compte.html","og_locale":"fr_FR","og_type":"article","og_title":"Allocation veuvage : quels sont les capitaux-d\u00e9c\u00e8s pris en compte ?","og_description":"Si les capitaux-d\u00e9c\u00e8s des r\u00e9gimes de base des salari\u00e9s et des salari\u00e9s agricoles ne sont pas int\u00e9gr\u00e9s dans les ressources prises en compte pour l'attribution de l'allocation veuvage, ce n'est pas le cas des capitaux-d\u00e9c\u00e8s vers\u00e9s par les autres r\u00e9gimes,","og_url":"https:\/\/www.toutsurmesfinances.com\/retraite\/allocation-veuvage-quels-sont-les-capitaux-deces-pris-en-compte.html","og_site_name":"Retraite","article_published_time":"2014-12-05T09:09:18+00:00","article_modified_time":"2025-07-10T13:59:31+00:00","og_image":[{"width":600,"height":400,"url":"https:\/\/www.toutsurmesfinances.com\/retraite\/wp-content\/uploads\/sites\/4\/2025\/04\/image-retraite-retraite.jpg","type":"image\/jpeg"}],"author":"Jean-Philippe Dubosc","twitter_card":"summary_large_image","twitter_creator":"@Toutsur","twitter_site":"@Toutsur","twitter_misc":{"\u00c9crit par":"Jean-Philippe Dubosc","Dur\u00e9e de lecture estim\u00e9e":"3 minutes"},"schema":{"@context":"https:\/\/schema.org","@graph":[{"@type":"Article","@id":"https:\/\/www.toutsurmesfinances.com\/retraite\/allocation-veuvage-quels-sont-les-capitaux-deces-pris-en-compte.html#article","isPartOf":{"@id":"https:\/\/www.toutsurmesfinances.com\/retraite\/allocation-veuvage-quels-sont-les-capitaux-deces-pris-en-compte.html"},"author":{"name":"Jean-Philippe Dubosc","@id":"https:\/\/www.toutsurmesfinances.com\/retraite\/#\/schema\/person\/addc9e9b3978fa7947ead71bab57694c"},"headline":"Allocation veuvage : quels sont les capitaux-d\u00e9c\u00e8s pris en compte ?","dateModified":"2025-07-10T13:59:31+00:00","mainEntityOfPage":{"@id":"https:\/\/www.toutsurmesfinances.com\/retraite\/allocation-veuvage-quels-sont-les-capitaux-deces-pris-en-compte.html"},"wordCount":507,"publisher":{"@id":"https:\/\/www.toutsurmesfinances.com\/retraite\/#organization"},"image":{"@id":"https:\/\/www.toutsurmesfinances.com\/retraite\/allocation-veuvage-quels-sont-les-capitaux-deces-pris-en-compte.html#primaryimage"},"thumbnailUrl":"https:\/\/www.toutsurmesfinances.com\/retraite\/wp-content\/uploads\/sites\/4\/2025\/04\/image-retraite-retraite.jpg","articleSection":["D\u00e9c\u00e8s"],"inLanguage":"fr-FR"},{"@type":"WebPage","@id":"https:\/\/www.toutsurmesfinances.com\/retraite\/allocation-veuvage-quels-sont-les-capitaux-deces-pris-en-compte.html","url":"https:\/\/www.toutsurmesfinances.com\/retraite\/allocation-veuvage-quels-sont-les-capitaux-deces-pris-en-compte.html","name":"Allocation veuvage : quels sont les capitaux-d\u00e9c\u00e8s pris en compte ?","isPartOf":{"@id":"https:\/\/www.toutsurmesfinances.com\/retraite\/#website"},"primaryImageOfPage":{"@id":"https:\/\/www.toutsurmesfinances.com\/retraite\/allocation-veuvage-quels-sont-les-capitaux-deces-pris-en-compte.html#primaryimage"},"image":{"@id":"https:\/\/www.toutsurmesfinances.com\/retraite\/allocation-veuvage-quels-sont-les-capitaux-deces-pris-en-compte.html#primaryimage"},"thumbnailUrl":"https:\/\/www.toutsurmesfinances.com\/retraite\/wp-content\/uploads\/sites\/4\/2025\/04\/image-retraite-retraite.jpg","dateModified":"2025-07-10T13:59:31+00:00","description":"Si les capitaux-d\u00e9c\u00e8s des r\u00e9gimes de base des salari\u00e9s et des salari\u00e9s agricoles ne sont pas int\u00e9gr\u00e9s dans les ressources prises en compte pour l'attribution de l'allocation veuvage, ce n'est pas le cas des capitaux-d\u00e9c\u00e8s vers\u00e9s par les autres r\u00e9gimes,","breadcrumb":{"@id":"https:\/\/www.toutsurmesfinances.com\/retraite\/allocation-veuvage-quels-sont-les-capitaux-deces-pris-en-compte.html#breadcrumb"},"inLanguage":"fr-FR","potentialAction":[{"@type":"ReadAction","target":["https:\/\/www.toutsurmesfinances.com\/retraite\/allocation-veuvage-quels-sont-les-capitaux-deces-pris-en-compte.html"]}]},{"@type":"ImageObject","inLanguage":"fr-FR","@id":"https:\/\/www.toutsurmesfinances.com\/retraite\/allocation-veuvage-quels-sont-les-capitaux-deces-pris-en-compte.html#primaryimage","url":"https:\/\/www.toutsurmesfinances.com\/retraite\/wp-content\/uploads\/sites\/4\/2025\/04\/image-retraite-retraite.jpg","contentUrl":"https:\/\/www.toutsurmesfinances.com\/retraite\/wp-content\/uploads\/sites\/4\/2025\/04\/image-retraite-retraite.jpg","width":600,"height":400},{"@type":"BreadcrumbList","@id":"https:\/\/www.toutsurmesfinances.com\/retraite\/allocation-veuvage-quels-sont-les-capitaux-deces-pris-en-compte.html#breadcrumb","itemListElement":[{"@type":"ListItem","position":1,"name":"Accueil","item":"https:\/\/www.toutsurmesfinances.com\/retraite\/"},{"@type":"ListItem","position":2,"name":"Retrait\u00e9","item":"https:\/\/www.toutsurmesfinances.com\/retraite\/c\/retraite"},{"@type":"ListItem","position":3,"name":"D\u00e9c\u00e8s","item":"https:\/\/www.toutsurmesfinances.com\/retraite\/c\/deces"},{"@type":"ListItem","position":4,"name":"Allocation veuvage : quels sont les capitaux-d\u00e9c\u00e8s pris en compte ?"}]},{"@type":"WebSite","@id":"https:\/\/www.toutsurmesfinances.com\/retraite\/#website","url":"https:\/\/www.toutsurmesfinances.com\/retraite\/","name":"Retraite","description":"","publisher":{"@id":"https:\/\/www.toutsurmesfinances.com\/retraite\/#organization"},"potentialAction":[{"@type":"SearchAction","target":{"@type":"EntryPoint","urlTemplate":"https:\/\/www.toutsurmesfinances.com\/retraite\/?s={search_term_string}"},"query-input":{"@type":"PropertyValueSpecification","valueRequired":true,"valueName":"search_term_string"}}],"inLanguage":"fr-FR"},{"@type":"Organization","@id":"https:\/\/www.toutsurmesfinances.com\/retraite\/#organization","name":"Tout Sur Mes Finances","url":"https:\/\/www.toutsurmesfinances.com\/retraite\/","logo":{"@type":"ImageObject","inLanguage":"fr-FR","@id":"https:\/\/www.toutsurmesfinances.com\/retraite\/#\/schema\/logo\/image\/","url":"https:\/\/www.toutsurmesfinances.com\/retraite\/wp-content\/uploads\/sites\/4\/2021\/01\/favicon.png","contentUrl":"https:\/\/www.toutsurmesfinances.com\/retraite\/wp-content\/uploads\/sites\/4\/2021\/01\/favicon.png","width":512,"height":512,"caption":"Tout Sur Mes Finances"},"image":{"@id":"https:\/\/www.toutsurmesfinances.com\/retraite\/#\/schema\/logo\/image\/"},"sameAs":["https:\/\/x.com\/Toutsur"]},{"@type":"Person","@id":"https:\/\/www.toutsurmesfinances.com\/retraite\/#\/schema\/person\/addc9e9b3978fa7947ead71bab57694c","name":"Jean-Philippe Dubosc","image":{"@type":"ImageObject","inLanguage":"fr-FR","@id":"https:\/\/www.toutsurmesfinances.com\/retraite\/#\/schema\/person\/image\/","url":"https:\/\/secure.gravatar.com\/avatar\/a3cba30cdda1afe79f6ebffc6e952291?s=96&d=mm&r=g","contentUrl":"https:\/\/secure.gravatar.com\/avatar\/a3cba30cdda1afe79f6ebffc6e952291?s=96&d=mm&r=g","caption":"Jean-Philippe Dubosc"},"description":"Jean-Philippe Dubosc est r\u00e9dacteur en chef de ToutSurMesFinances.com et sp\u00e9cialiste des questions de retraite obligatoire et d\u2019\u00e9pargne. Pr\u00e9sent au sein du m\u00e9dia depuis plus de 13 ans, il analyse les r\u00e9formes, les dispositifs r\u00e9glementaires et les strat\u00e9gies de d\u00e9part \u00e0 la retraite, avec une approche fond\u00e9e sur une lecture rigoureuse des textes et une connaissance approfondie des diff\u00e9rents r\u00e9gimes de retraite.","sameAs":["https:\/\/www.toutsurmesfinances.com\/author\/jpdubosc","https:\/\/fr.linkedin.com\/in\/jpdubosc"]}]}},"_links":{"self":[{"href":"https:\/\/www.toutsurmesfinances.com\/retraite\/wp-json\/wp\/v2\/posts\/20342","targetHints":{"allow":["GET"]}}],"collection":[{"href":"https:\/\/www.toutsurmesfinances.com\/retraite\/wp-json\/wp\/v2\/posts"}],"about":[{"href":"https:\/\/www.toutsurmesfinances.com\/retraite\/wp-json\/wp\/v2\/types\/post"}],"author":[{"embeddable":true,"href":"https:\/\/www.toutsurmesfinances.com\/retraite\/wp-json\/wp\/v2\/users\/13713"}],"replies":[{"embeddable":true,"href":"https:\/\/www.toutsurmesfinances.com\/retraite\/wp-json\/wp\/v2\/comments?post=20342"}],"version-history":[{"count":3,"href":"https:\/\/www.toutsurmesfinances.com\/retraite\/wp-json\/wp\/v2\/posts\/20342\/revisions"}],"predecessor-version":[{"id":32261,"href":"https:\/\/www.toutsurmesfinances.com\/retraite\/wp-json\/wp\/v2\/posts\/20342\/revisions\/32261"}],"wp:featuredmedia":[{"embeddable":true,"href":"https:\/\/www.toutsurmesfinances.com\/retraite\/wp-json\/wp\/v2\/media\/32232"}],"wp:attachment":[{"href":"https:\/\/www.toutsurmesfinances.com\/retraite\/wp-json\/wp\/v2\/media?parent=20342"}],"wp:term":[{"taxonomy":"category","embeddable":true,"href":"https:\/\/www.toutsurmesfinances.com\/retraite\/wp-json\/wp\/v2\/categories?post=20342"},{"taxonomy":"post_tag","embeddable":true,"href":"https:\/\/www.toutsurmesfinances.com\/retraite\/wp-json\/wp\/v2\/tags?post=20342"}],"curies":[{"name":"wp","href":"https:\/\/api.w.org\/{rel}","templated":true}]}}