{"id":20438,"date":"2015-01-21T11:24:58","date_gmt":"2015-01-21T10:24:58","guid":{"rendered":"https:\/\/www.toutsurmesfinances.com\/retraite\/retraite-une-nouvelle-aide-pour-les-artisans-et-commercants-modestes.html"},"modified":"2021-12-08T15:16:10","modified_gmt":"2021-12-08T14:16:10","slug":"retraite-une-nouvelle-aide-pour-les-artisans-et-commercants-modestes","status":"publish","type":"post","link":"https:\/\/www.toutsurmesfinances.com\/retraite\/retraite-une-nouvelle-aide-pour-les-artisans-et-commercants-modestes.html","title":{"rendered":"Retraite : une nouvelle aide pour les artisans et commer\u00e7ants modestes"},"content":{"rendered":"<section class=\"l-section wpb_row height_small\"><div class=\"l-section-h i-cf\"><div class=\"g-cols vc_row via_flex valign_top type_default stacking_default\"><div class=\"vc_col-sm-12 wpb_column vc_column_container\"><div class=\"vc_column-inner\"><div class=\"wpb_wrapper\"><div class=\"wpb_text_column\"><div class=\"wpb_wrapper\"><p>Les artisans et les commer\u00e7ants modestes d\u00e9sireux de partir \u00e0 la retraite b\u00e9n\u00e9ficient d&rsquo;une nouvelle aide financi\u00e8re. Depuis le 1er janvier 2015, le R\u00e9gime social des ind\u00e9pendants (<strong>RSI<\/strong>) a mis en place un accompagnement au d\u00e9part \u00e0 la retraite (<strong>ADR<\/strong>) destin\u00e9 aux <em>\u00ab artisans et commer\u00e7ants en difficult\u00e9 financi\u00e8re \u00e0 l&rsquo;occasion de leur d\u00e9part \u00e0 la retraite \u00bb<\/em>, annonce un communiqu\u00e9 du secr\u00e9tariat d&rsquo;Etat au Commerce et \u00e0 l&rsquo;Artisanat diffus\u00e9 le 21 janvier 2015.<\/p>\n<p>L&rsquo;ADR sera attribu\u00e9 par la commission d&rsquo;action sanitaire et sociale de la caisse r\u00e9gionale du RSI dont d\u00e9pend l&rsquo;affili\u00e9<em> \u00ab dans la limite des budgets disponibles \u00bb<\/em> et sous certains crit\u00e8res. Pour percevoir l&rsquo;aide, il faut atteindre l&rsquo;\u00e2ge l\u00e9gal de la retraite (62 ans d&rsquo;ici 2017), \u00eatre cotisant actif\u00a0 au moment du passage \u00e0 la retraite, avoir cotis\u00e9 plus de 15 ann\u00e9es au RSI, \u00eatre non imposable sur les revenus durant les deux ann\u00e9es pr\u00e9c\u00e9dant la retraite ou remplir les conditions de plafond de ressources d&rsquo;\u00e9ligibilit\u00e9 \u00e0 l&rsquo;aide \u00e0 la compl\u00e9mentaire sant\u00e9 (ACS). Dans ce dernier, il faut justifier d&rsquo;un revenu annuel inf\u00e9rieur \u00e0 11.670 euros pour une personne seule ou 17.505 euros pour un couple. \u00ab\u00a0<em>Le montant de l&rsquo;ADR variera, selon les revenus de l&rsquo;assur\u00e9, entre 7.500 euros et 10.000 euros \u00bb,<\/em> stipule le communiqu\u00e9.<\/p>\n<h2>En remplacement de l&rsquo;IDD<\/h2>\n<p>L&rsquo;ADR vise \u00e0 surseoir \u00e0 la disparition de l&rsquo;indemnit\u00e9 de d\u00e9part (<strong>IDD<\/strong>) instaur\u00e9e<a href=\"https:\/\/www.toutsurmesfinances.com\/retraite\/les-artisans-et-commercants-prives-d-indemnite-de-depart-a-la-retraite.html\" target=\"_blank\" rel=\"noopener noreferrer\"> par la loi de finances pour 2015<\/a>. Cr\u00e9\u00e9e en 1972, l&rsquo;IDD avait pour objectif de compenser la chute de la valeur des fonds de commerce en raison notamment de la concurrence des enseignes de la grande distribution alors que les ind\u00e9pendants comptaient traditionnellement sur la vente de leur \u00ab affaire \u00bb pour financer leurs vieux jours.<\/p>\n<p>La valeur du patrimoine (hors fonds de commerce) n&rsquo;\u00e9tant pas prise en compte, <em>\u00ab cette indemnit\u00e9 ne permettait plus de cibler les commer\u00e7ants et artisans qui partent en retraite en se trouvant en r\u00e9elle difficult\u00e9 financi\u00e8re en raison de leur cessation d&rsquo;activit\u00e9 et faute d&rsquo;avoir \u00e9t\u00e9 en mesure de cotiser suffisamment \u00bb<\/em>, justifie le communiqu\u00e9 du secr\u00e9tariat d&rsquo;Etat. D&rsquo;o\u00f9 la d\u00e9cision de supprimer l&rsquo;IDD.<\/p>\n<p>Toutefois, pour ne pas p\u00e9naliser les travailleurs ind\u00e9pendants en fin de carri\u00e8re se trouvant en difficult\u00e9 financi\u00e8re, la secr\u00e9taire d&rsquo;Etat charg\u00e9e du Commerce et de l&rsquo;Artisanat <strong>Carole Delga<\/strong> a demand\u00e9, d\u00e8s novembre 2014, au pr\u00e9sident du RSI <strong>G\u00e9rard Qu\u00e9villon<\/strong> de trouver un dispositif de substitution \u00e0 l&rsquo;IDD, via une aide sociale g\u00e9r\u00e9e par le r\u00e9gime.<em> \u00ab L&rsquo;action sociale du RSI permet une d\u00e9marche plus adapt\u00e9e \u00e0 la situation individuelle de chaque artisan et commer\u00e7ant \u00bb<\/em>, estime le secr\u00e9tariat d&rsquo;Etat. Environ 1.500 commer\u00e7ants et artisans seraient concern\u00e9s par l&rsquo;ADR, d&rsquo;apr\u00e8s un communiqu\u00e9 du RSI publi\u00e9 le 23 janvier 2015.<\/p>\n<\/div><\/div><\/div><\/div><\/div><\/div><\/div><\/section>\n","protected":false},"excerpt":{"rendered":"<p>Les affili\u00e9s au R\u00e9gime social des ind\u00e9pendants, en proie \u00e0 des difficult\u00e9s financi\u00e8res, peuvent d\u00e9sormais b\u00e9n\u00e9ficier d&rsquo;un accompagnement au d\u00e9part \u00e0 la retraite. Cette aide financi\u00e8re peut atteindre 10.000 euros. \u00a0  \u00a0<\/p>\n","protected":false},"author":13713,"featured_media":20326,"comment_status":"closed","ping_status":"closed","sticky":false,"template":"","format":"standard","meta":{"footnotes":""},"categories":[17],"tags":[],"class_list":["post-20438","post","type-post","status-publish","format-standard","has-post-thumbnail","hentry","category-vie-a-la-retraite"],"acf":[],"yoast_head":"<!-- This site is optimized with the Yoast SEO plugin v24.9 - https:\/\/yoast.com\/wordpress\/plugins\/seo\/ -->\n<title>Retraite : une nouvelle aide pour les artisans et commer\u00e7ants modestes<\/title>\n<meta name=\"description\" content=\"Les affili\u00e9s au R\u00e9gime social des ind\u00e9pendants, en proie \u00e0 des difficult\u00e9s financi\u00e8res, peuvent d\u00e9sormais b\u00e9n\u00e9ficier d&#039;un accompagnement au d\u00e9part \u00e0 la retraite. Cette aide financi\u00e8re peut atteindre 10.000 euros.\" \/>\n<meta name=\"robots\" content=\"index, follow, max-snippet:-1, max-image-preview:large, max-video-preview:-1\" \/>\n<link rel=\"canonical\" href=\"https:\/\/www.toutsurmesfinances.com\/retraite\/retraite-une-nouvelle-aide-pour-les-artisans-et-commercants-modestes.html\" \/>\n<meta property=\"og:locale\" content=\"fr_FR\" \/>\n<meta property=\"og:type\" content=\"article\" \/>\n<meta property=\"og:title\" content=\"Retraite : une nouvelle aide pour les artisans et commer\u00e7ants modestes\" \/>\n<meta property=\"og:description\" content=\"Les affili\u00e9s au R\u00e9gime social des ind\u00e9pendants, en proie \u00e0 des difficult\u00e9s financi\u00e8res, peuvent d\u00e9sormais b\u00e9n\u00e9ficier d&#039;un accompagnement au d\u00e9part \u00e0 la retraite. Cette aide financi\u00e8re peut atteindre 10.000 euros.\" \/>\n<meta property=\"og:url\" content=\"https:\/\/www.toutsurmesfinances.com\/retraite\/retraite-une-nouvelle-aide-pour-les-artisans-et-commercants-modestes.html\" \/>\n<meta property=\"og:site_name\" content=\"Retraite\" \/>\n<meta property=\"article:published_time\" content=\"2015-01-21T10:24:58+00:00\" \/>\n<meta property=\"article:modified_time\" content=\"2021-12-08T14:16:10+00:00\" \/>\n<meta property=\"og:image\" content=\"https:\/\/www.toutsurmesfinances.com\/retraite\/wp-content\/uploads\/sites\/4\/2014\/12\/artisan.jpg\" \/>\n\t<meta property=\"og:image:width\" content=\"480\" \/>\n\t<meta property=\"og:image:height\" content=\"360\" \/>\n\t<meta property=\"og:image:type\" content=\"image\/jpeg\" \/>\n<meta name=\"author\" content=\"Jean-Philippe Dubosc\" \/>\n<meta name=\"twitter:card\" content=\"summary_large_image\" \/>\n<meta name=\"twitter:creator\" content=\"@Toutsur\" \/>\n<meta name=\"twitter:site\" content=\"@Toutsur\" \/>\n<meta name=\"twitter:label1\" content=\"\u00c9crit par\" \/>\n\t<meta name=\"twitter:data1\" content=\"Jean-Philippe Dubosc\" \/>\n\t<meta name=\"twitter:label2\" content=\"Dur\u00e9e de lecture estim\u00e9e\" \/>\n\t<meta name=\"twitter:data2\" content=\"2 minutes\" \/>\n<script type=\"application\/ld+json\" class=\"yoast-schema-graph\">{\"@context\":\"https:\/\/schema.org\",\"@graph\":[{\"@type\":\"Article\",\"@id\":\"https:\/\/www.toutsurmesfinances.com\/retraite\/retraite-une-nouvelle-aide-pour-les-artisans-et-commercants-modestes.html#article\",\"isPartOf\":{\"@id\":\"https:\/\/www.toutsurmesfinances.com\/retraite\/retraite-une-nouvelle-aide-pour-les-artisans-et-commercants-modestes.html\"},\"author\":{\"name\":\"Jean-Philippe Dubosc\",\"@id\":\"https:\/\/www.toutsurmesfinances.com\/retraite\/#\/schema\/person\/addc9e9b3978fa7947ead71bab57694c\"},\"headline\":\"Retraite : une nouvelle aide pour les artisans et commer\u00e7ants modestes\",\"dateModified\":\"2021-12-08T14:16:10+00:00\",\"mainEntityOfPage\":{\"@id\":\"https:\/\/www.toutsurmesfinances.com\/retraite\/retraite-une-nouvelle-aide-pour-les-artisans-et-commercants-modestes.html\"},\"wordCount\":513,\"publisher\":{\"@id\":\"https:\/\/www.toutsurmesfinances.com\/retraite\/#organization\"},\"image\":{\"@id\":\"https:\/\/www.toutsurmesfinances.com\/retraite\/retraite-une-nouvelle-aide-pour-les-artisans-et-commercants-modestes.html#primaryimage\"},\"thumbnailUrl\":\"https:\/\/www.toutsurmesfinances.com\/retraite\/wp-content\/uploads\/sites\/4\/2014\/12\/artisan.jpg\",\"articleSection\":[\"Vie \u00e0 la retraite\"],\"inLanguage\":\"fr-FR\"},{\"@type\":\"WebPage\",\"@id\":\"https:\/\/www.toutsurmesfinances.com\/retraite\/retraite-une-nouvelle-aide-pour-les-artisans-et-commercants-modestes.html\",\"url\":\"https:\/\/www.toutsurmesfinances.com\/retraite\/retraite-une-nouvelle-aide-pour-les-artisans-et-commercants-modestes.html\",\"name\":\"Retraite : une nouvelle aide pour les artisans et commer\u00e7ants modestes\",\"isPartOf\":{\"@id\":\"https:\/\/www.toutsurmesfinances.com\/retraite\/#website\"},\"primaryImageOfPage\":{\"@id\":\"https:\/\/www.toutsurmesfinances.com\/retraite\/retraite-une-nouvelle-aide-pour-les-artisans-et-commercants-modestes.html#primaryimage\"},\"image\":{\"@id\":\"https:\/\/www.toutsurmesfinances.com\/retraite\/retraite-une-nouvelle-aide-pour-les-artisans-et-commercants-modestes.html#primaryimage\"},\"thumbnailUrl\":\"https:\/\/www.toutsurmesfinances.com\/retraite\/wp-content\/uploads\/sites\/4\/2014\/12\/artisan.jpg\",\"dateModified\":\"2021-12-08T14:16:10+00:00\",\"description\":\"Les affili\u00e9s au R\u00e9gime social des ind\u00e9pendants, en proie \u00e0 des difficult\u00e9s financi\u00e8res, peuvent d\u00e9sormais b\u00e9n\u00e9ficier d'un accompagnement au d\u00e9part \u00e0 la retraite. Cette aide financi\u00e8re peut atteindre 10.000 euros.\",\"breadcrumb\":{\"@id\":\"https:\/\/www.toutsurmesfinances.com\/retraite\/retraite-une-nouvelle-aide-pour-les-artisans-et-commercants-modestes.html#breadcrumb\"},\"inLanguage\":\"fr-FR\",\"potentialAction\":[{\"@type\":\"ReadAction\",\"target\":[\"https:\/\/www.toutsurmesfinances.com\/retraite\/retraite-une-nouvelle-aide-pour-les-artisans-et-commercants-modestes.html\"]}]},{\"@type\":\"ImageObject\",\"inLanguage\":\"fr-FR\",\"@id\":\"https:\/\/www.toutsurmesfinances.com\/retraite\/retraite-une-nouvelle-aide-pour-les-artisans-et-commercants-modestes.html#primaryimage\",\"url\":\"https:\/\/www.toutsurmesfinances.com\/retraite\/wp-content\/uploads\/sites\/4\/2014\/12\/artisan.jpg\",\"contentUrl\":\"https:\/\/www.toutsurmesfinances.com\/retraite\/wp-content\/uploads\/sites\/4\/2014\/12\/artisan.jpg\",\"width\":480,\"height\":360,\"caption\":\"Les comptes p\u00e9nibilit\u00e9 permettront, \u00e0 compter du 1er janvier 2015, de partir notamment plus t\u00f4t \u00e0 la retraite\"},{\"@type\":\"BreadcrumbList\",\"@id\":\"https:\/\/www.toutsurmesfinances.com\/retraite\/retraite-une-nouvelle-aide-pour-les-artisans-et-commercants-modestes.html#breadcrumb\",\"itemListElement\":[{\"@type\":\"ListItem\",\"position\":1,\"name\":\"Accueil\",\"item\":\"https:\/\/www.toutsurmesfinances.com\/retraite\/\"},{\"@type\":\"ListItem\",\"position\":2,\"name\":\"Retrait\u00e9\",\"item\":\"https:\/\/www.toutsurmesfinances.com\/retraite\/c\/retraite\"},{\"@type\":\"ListItem\",\"position\":3,\"name\":\"Vie \u00e0 la retraite\",\"item\":\"https:\/\/www.toutsurmesfinances.com\/retraite\/c\/vie-a-la-retraite\"},{\"@type\":\"ListItem\",\"position\":4,\"name\":\"Retraite : une nouvelle aide pour les artisans et commer\u00e7ants modestes\"}]},{\"@type\":\"WebSite\",\"@id\":\"https:\/\/www.toutsurmesfinances.com\/retraite\/#website\",\"url\":\"https:\/\/www.toutsurmesfinances.com\/retraite\/\",\"name\":\"Retraite\",\"description\":\"\",\"publisher\":{\"@id\":\"https:\/\/www.toutsurmesfinances.com\/retraite\/#organization\"},\"potentialAction\":[{\"@type\":\"SearchAction\",\"target\":{\"@type\":\"EntryPoint\",\"urlTemplate\":\"https:\/\/www.toutsurmesfinances.com\/retraite\/?s={search_term_string}\"},\"query-input\":{\"@type\":\"PropertyValueSpecification\",\"valueRequired\":true,\"valueName\":\"search_term_string\"}}],\"inLanguage\":\"fr-FR\"},{\"@type\":\"Organization\",\"@id\":\"https:\/\/www.toutsurmesfinances.com\/retraite\/#organization\",\"name\":\"Tout Sur Mes Finances\",\"url\":\"https:\/\/www.toutsurmesfinances.com\/retraite\/\",\"logo\":{\"@type\":\"ImageObject\",\"inLanguage\":\"fr-FR\",\"@id\":\"https:\/\/www.toutsurmesfinances.com\/retraite\/#\/schema\/logo\/image\/\",\"url\":\"https:\/\/www.toutsurmesfinances.com\/retraite\/wp-content\/uploads\/sites\/4\/2021\/01\/favicon.png\",\"contentUrl\":\"https:\/\/www.toutsurmesfinances.com\/retraite\/wp-content\/uploads\/sites\/4\/2021\/01\/favicon.png\",\"width\":512,\"height\":512,\"caption\":\"Tout Sur Mes Finances\"},\"image\":{\"@id\":\"https:\/\/www.toutsurmesfinances.com\/retraite\/#\/schema\/logo\/image\/\"},\"sameAs\":[\"https:\/\/x.com\/Toutsur\"]},{\"@type\":\"Person\",\"@id\":\"https:\/\/www.toutsurmesfinances.com\/retraite\/#\/schema\/person\/addc9e9b3978fa7947ead71bab57694c\",\"name\":\"Jean-Philippe Dubosc\",\"image\":{\"@type\":\"ImageObject\",\"inLanguage\":\"fr-FR\",\"@id\":\"https:\/\/www.toutsurmesfinances.com\/retraite\/#\/schema\/person\/image\/\",\"url\":\"https:\/\/secure.gravatar.com\/avatar\/a3cba30cdda1afe79f6ebffc6e952291?s=96&d=mm&r=g\",\"contentUrl\":\"https:\/\/secure.gravatar.com\/avatar\/a3cba30cdda1afe79f6ebffc6e952291?s=96&d=mm&r=g\",\"caption\":\"Jean-Philippe Dubosc\"},\"description\":\"Jean-Philippe Dubosc est r\u00e9dacteur en chef de ToutSurMesFinances.com et sp\u00e9cialiste des questions de retraite obligatoire et d\u2019\u00e9pargne. Pr\u00e9sent au sein du m\u00e9dia depuis plus de 13 ans, il analyse les r\u00e9formes, les dispositifs r\u00e9glementaires et les strat\u00e9gies de d\u00e9part \u00e0 la retraite, avec une approche fond\u00e9e sur une lecture rigoureuse des textes et une connaissance approfondie des diff\u00e9rents r\u00e9gimes de retraite.\",\"sameAs\":[\"https:\/\/www.toutsurmesfinances.com\/author\/jpdubosc\",\"https:\/\/fr.linkedin.com\/in\/jpdubosc\"]}]}<\/script>\n<!-- \/ Yoast SEO plugin. -->","yoast_head_json":{"title":"Retraite : une nouvelle aide pour les artisans et commer\u00e7ants modestes","description":"Les affili\u00e9s au R\u00e9gime social des ind\u00e9pendants, en proie \u00e0 des difficult\u00e9s financi\u00e8res, peuvent d\u00e9sormais b\u00e9n\u00e9ficier d'un accompagnement au d\u00e9part \u00e0 la retraite. Cette aide financi\u00e8re peut atteindre 10.000 euros.","robots":{"index":"index","follow":"follow","max-snippet":"max-snippet:-1","max-image-preview":"max-image-preview:large","max-video-preview":"max-video-preview:-1"},"canonical":"https:\/\/www.toutsurmesfinances.com\/retraite\/retraite-une-nouvelle-aide-pour-les-artisans-et-commercants-modestes.html","og_locale":"fr_FR","og_type":"article","og_title":"Retraite : une nouvelle aide pour les artisans et commer\u00e7ants modestes","og_description":"Les affili\u00e9s au R\u00e9gime social des ind\u00e9pendants, en proie \u00e0 des difficult\u00e9s financi\u00e8res, peuvent d\u00e9sormais b\u00e9n\u00e9ficier d'un accompagnement au d\u00e9part \u00e0 la retraite. Cette aide financi\u00e8re peut atteindre 10.000 euros.","og_url":"https:\/\/www.toutsurmesfinances.com\/retraite\/retraite-une-nouvelle-aide-pour-les-artisans-et-commercants-modestes.html","og_site_name":"Retraite","article_published_time":"2015-01-21T10:24:58+00:00","article_modified_time":"2021-12-08T14:16:10+00:00","og_image":[{"width":480,"height":360,"url":"https:\/\/www.toutsurmesfinances.com\/retraite\/wp-content\/uploads\/sites\/4\/2014\/12\/artisan.jpg","type":"image\/jpeg"}],"author":"Jean-Philippe Dubosc","twitter_card":"summary_large_image","twitter_creator":"@Toutsur","twitter_site":"@Toutsur","twitter_misc":{"\u00c9crit par":"Jean-Philippe Dubosc","Dur\u00e9e de lecture estim\u00e9e":"2 minutes"},"schema":{"@context":"https:\/\/schema.org","@graph":[{"@type":"Article","@id":"https:\/\/www.toutsurmesfinances.com\/retraite\/retraite-une-nouvelle-aide-pour-les-artisans-et-commercants-modestes.html#article","isPartOf":{"@id":"https:\/\/www.toutsurmesfinances.com\/retraite\/retraite-une-nouvelle-aide-pour-les-artisans-et-commercants-modestes.html"},"author":{"name":"Jean-Philippe Dubosc","@id":"https:\/\/www.toutsurmesfinances.com\/retraite\/#\/schema\/person\/addc9e9b3978fa7947ead71bab57694c"},"headline":"Retraite : une nouvelle aide pour les artisans et commer\u00e7ants modestes","dateModified":"2021-12-08T14:16:10+00:00","mainEntityOfPage":{"@id":"https:\/\/www.toutsurmesfinances.com\/retraite\/retraite-une-nouvelle-aide-pour-les-artisans-et-commercants-modestes.html"},"wordCount":513,"publisher":{"@id":"https:\/\/www.toutsurmesfinances.com\/retraite\/#organization"},"image":{"@id":"https:\/\/www.toutsurmesfinances.com\/retraite\/retraite-une-nouvelle-aide-pour-les-artisans-et-commercants-modestes.html#primaryimage"},"thumbnailUrl":"https:\/\/www.toutsurmesfinances.com\/retraite\/wp-content\/uploads\/sites\/4\/2014\/12\/artisan.jpg","articleSection":["Vie \u00e0 la retraite"],"inLanguage":"fr-FR"},{"@type":"WebPage","@id":"https:\/\/www.toutsurmesfinances.com\/retraite\/retraite-une-nouvelle-aide-pour-les-artisans-et-commercants-modestes.html","url":"https:\/\/www.toutsurmesfinances.com\/retraite\/retraite-une-nouvelle-aide-pour-les-artisans-et-commercants-modestes.html","name":"Retraite : une nouvelle aide pour les artisans et commer\u00e7ants modestes","isPartOf":{"@id":"https:\/\/www.toutsurmesfinances.com\/retraite\/#website"},"primaryImageOfPage":{"@id":"https:\/\/www.toutsurmesfinances.com\/retraite\/retraite-une-nouvelle-aide-pour-les-artisans-et-commercants-modestes.html#primaryimage"},"image":{"@id":"https:\/\/www.toutsurmesfinances.com\/retraite\/retraite-une-nouvelle-aide-pour-les-artisans-et-commercants-modestes.html#primaryimage"},"thumbnailUrl":"https:\/\/www.toutsurmesfinances.com\/retraite\/wp-content\/uploads\/sites\/4\/2014\/12\/artisan.jpg","dateModified":"2021-12-08T14:16:10+00:00","description":"Les affili\u00e9s au R\u00e9gime social des ind\u00e9pendants, en proie \u00e0 des difficult\u00e9s financi\u00e8res, peuvent d\u00e9sormais b\u00e9n\u00e9ficier d'un accompagnement au d\u00e9part \u00e0 la retraite. Cette aide financi\u00e8re peut atteindre 10.000 euros.","breadcrumb":{"@id":"https:\/\/www.toutsurmesfinances.com\/retraite\/retraite-une-nouvelle-aide-pour-les-artisans-et-commercants-modestes.html#breadcrumb"},"inLanguage":"fr-FR","potentialAction":[{"@type":"ReadAction","target":["https:\/\/www.toutsurmesfinances.com\/retraite\/retraite-une-nouvelle-aide-pour-les-artisans-et-commercants-modestes.html"]}]},{"@type":"ImageObject","inLanguage":"fr-FR","@id":"https:\/\/www.toutsurmesfinances.com\/retraite\/retraite-une-nouvelle-aide-pour-les-artisans-et-commercants-modestes.html#primaryimage","url":"https:\/\/www.toutsurmesfinances.com\/retraite\/wp-content\/uploads\/sites\/4\/2014\/12\/artisan.jpg","contentUrl":"https:\/\/www.toutsurmesfinances.com\/retraite\/wp-content\/uploads\/sites\/4\/2014\/12\/artisan.jpg","width":480,"height":360,"caption":"Les comptes p\u00e9nibilit\u00e9 permettront, \u00e0 compter du 1er janvier 2015, de partir notamment plus t\u00f4t \u00e0 la retraite"},{"@type":"BreadcrumbList","@id":"https:\/\/www.toutsurmesfinances.com\/retraite\/retraite-une-nouvelle-aide-pour-les-artisans-et-commercants-modestes.html#breadcrumb","itemListElement":[{"@type":"ListItem","position":1,"name":"Accueil","item":"https:\/\/www.toutsurmesfinances.com\/retraite\/"},{"@type":"ListItem","position":2,"name":"Retrait\u00e9","item":"https:\/\/www.toutsurmesfinances.com\/retraite\/c\/retraite"},{"@type":"ListItem","position":3,"name":"Vie \u00e0 la retraite","item":"https:\/\/www.toutsurmesfinances.com\/retraite\/c\/vie-a-la-retraite"},{"@type":"ListItem","position":4,"name":"Retraite : une nouvelle aide pour les artisans et commer\u00e7ants modestes"}]},{"@type":"WebSite","@id":"https:\/\/www.toutsurmesfinances.com\/retraite\/#website","url":"https:\/\/www.toutsurmesfinances.com\/retraite\/","name":"Retraite","description":"","publisher":{"@id":"https:\/\/www.toutsurmesfinances.com\/retraite\/#organization"},"potentialAction":[{"@type":"SearchAction","target":{"@type":"EntryPoint","urlTemplate":"https:\/\/www.toutsurmesfinances.com\/retraite\/?s={search_term_string}"},"query-input":{"@type":"PropertyValueSpecification","valueRequired":true,"valueName":"search_term_string"}}],"inLanguage":"fr-FR"},{"@type":"Organization","@id":"https:\/\/www.toutsurmesfinances.com\/retraite\/#organization","name":"Tout Sur Mes Finances","url":"https:\/\/www.toutsurmesfinances.com\/retraite\/","logo":{"@type":"ImageObject","inLanguage":"fr-FR","@id":"https:\/\/www.toutsurmesfinances.com\/retraite\/#\/schema\/logo\/image\/","url":"https:\/\/www.toutsurmesfinances.com\/retraite\/wp-content\/uploads\/sites\/4\/2021\/01\/favicon.png","contentUrl":"https:\/\/www.toutsurmesfinances.com\/retraite\/wp-content\/uploads\/sites\/4\/2021\/01\/favicon.png","width":512,"height":512,"caption":"Tout Sur Mes Finances"},"image":{"@id":"https:\/\/www.toutsurmesfinances.com\/retraite\/#\/schema\/logo\/image\/"},"sameAs":["https:\/\/x.com\/Toutsur"]},{"@type":"Person","@id":"https:\/\/www.toutsurmesfinances.com\/retraite\/#\/schema\/person\/addc9e9b3978fa7947ead71bab57694c","name":"Jean-Philippe Dubosc","image":{"@type":"ImageObject","inLanguage":"fr-FR","@id":"https:\/\/www.toutsurmesfinances.com\/retraite\/#\/schema\/person\/image\/","url":"https:\/\/secure.gravatar.com\/avatar\/a3cba30cdda1afe79f6ebffc6e952291?s=96&d=mm&r=g","contentUrl":"https:\/\/secure.gravatar.com\/avatar\/a3cba30cdda1afe79f6ebffc6e952291?s=96&d=mm&r=g","caption":"Jean-Philippe Dubosc"},"description":"Jean-Philippe Dubosc est r\u00e9dacteur en chef de ToutSurMesFinances.com et sp\u00e9cialiste des questions de retraite obligatoire et d\u2019\u00e9pargne. Pr\u00e9sent au sein du m\u00e9dia depuis plus de 13 ans, il analyse les r\u00e9formes, les dispositifs r\u00e9glementaires et les strat\u00e9gies de d\u00e9part \u00e0 la retraite, avec une approche fond\u00e9e sur une lecture rigoureuse des textes et une connaissance approfondie des diff\u00e9rents r\u00e9gimes de retraite.","sameAs":["https:\/\/www.toutsurmesfinances.com\/author\/jpdubosc","https:\/\/fr.linkedin.com\/in\/jpdubosc"]}]}},"_links":{"self":[{"href":"https:\/\/www.toutsurmesfinances.com\/retraite\/wp-json\/wp\/v2\/posts\/20438","targetHints":{"allow":["GET"]}}],"collection":[{"href":"https:\/\/www.toutsurmesfinances.com\/retraite\/wp-json\/wp\/v2\/posts"}],"about":[{"href":"https:\/\/www.toutsurmesfinances.com\/retraite\/wp-json\/wp\/v2\/types\/post"}],"author":[{"embeddable":true,"href":"https:\/\/www.toutsurmesfinances.com\/retraite\/wp-json\/wp\/v2\/users\/13713"}],"replies":[{"embeddable":true,"href":"https:\/\/www.toutsurmesfinances.com\/retraite\/wp-json\/wp\/v2\/comments?post=20438"}],"version-history":[{"count":2,"href":"https:\/\/www.toutsurmesfinances.com\/retraite\/wp-json\/wp\/v2\/posts\/20438\/revisions"}],"predecessor-version":[{"id":30553,"href":"https:\/\/www.toutsurmesfinances.com\/retraite\/wp-json\/wp\/v2\/posts\/20438\/revisions\/30553"}],"wp:featuredmedia":[{"embeddable":true,"href":"https:\/\/www.toutsurmesfinances.com\/retraite\/wp-json\/wp\/v2\/media\/20326"}],"wp:attachment":[{"href":"https:\/\/www.toutsurmesfinances.com\/retraite\/wp-json\/wp\/v2\/media?parent=20438"}],"wp:term":[{"taxonomy":"category","embeddable":true,"href":"https:\/\/www.toutsurmesfinances.com\/retraite\/wp-json\/wp\/v2\/categories?post=20438"},{"taxonomy":"post_tag","embeddable":true,"href":"https:\/\/www.toutsurmesfinances.com\/retraite\/wp-json\/wp\/v2\/tags?post=20438"}],"curies":[{"name":"wp","href":"https:\/\/api.w.org\/{rel}","templated":true}]}}