{"id":20466,"date":"2015-02-04T09:19:55","date_gmt":"2015-02-04T08:19:55","guid":{"rendered":"https:\/\/www.toutsurmesfinances.com\/retraite\/retraite-des-notaires-l-age-limite-de-70-ans-vote-a-l-assemblee-nationale.html"},"modified":"2025-07-10T16:03:00","modified_gmt":"2025-07-10T14:03:00","slug":"retraite-des-notaires-l-age-limite-de-70-ans-vote-a-l-assemblee-nationale","status":"publish","type":"post","link":"https:\/\/www.toutsurmesfinances.com\/retraite\/retraite-des-notaires-l-age-limite-de-70-ans-vote-a-l-assemblee-nationale.html","title":{"rendered":"Retraite des notaires : l\u2019\u00e2ge limite de 70 ans vot\u00e9 \u00e0 l\u2019Assembl\u00e9e nationale"},"content":{"rendered":"<p>L&rsquo;Assembl\u00e9e nationale a vot\u00e9, dans la nuit du 3 au 4 f\u00e9vrier 2014, l&rsquo;article 14 du projet de loi Macron qui instaure une limite d&rsquo;\u00e2ge \u00e0 70 ans pour les notaires. Cette retraite d&rsquo;office, si elle venait \u00e0 \u00eatre adopt\u00e9e d\u00e9finitivement, mettrait un terme au principe d&rsquo;institution <em>\u00ab \u00e0 vie \u00bb<\/em> issu de la loi du 25 vent\u00f4se an XI (16 mars 1803) sur l&rsquo;organisation du notariat proclam\u00e9e sous le Consulat de Bonaparte. Le texte g\u00e9n\u00e9ralise ainsi \u00e0 l&rsquo;ensemble du pays une pratique qui n&rsquo;existait qu&rsquo;en Alsace-Moselle.<\/p>\n<h2><span class=\"ez-toc-section\" id=\"Delai_supplementaire_de_6_mois\"><\/span>D\u00e9lai suppl\u00e9mentaire de 6 mois<span class=\"ez-toc-section-end\"><\/span><\/h2>\n<p>Le texte, tel que propos\u00e9 par la commission sp\u00e9ciale charg\u00e9e d&rsquo;examiner le projet de loi pour la croissance et l&rsquo;activit\u00e9, pr\u00e9voit que <em>\u00ab les notaires cessent leurs fonctions lorsqu&rsquo;ils atteignent l&rsquo;\u00e2ge de 70 ans. Sur autorisation du ministre de la Justice, ils peuvent continuer d&rsquo;exercer leurs fonctions jusqu&rsquo;au jour o\u00f9 leur successeur pr\u00eate serment, pour une dur\u00e9e qui ne peut exc\u00e9der six mois \u00bb.<\/em><\/p>\n<p>Ainsi, en attendant la prestation de serment de leur successeur, les notaires ayant d\u00e9pass\u00e9 l&rsquo;\u00e2ge de 70 ans pourront continuer \u00e0 exercer provisoirement leurs fonctions pendant une dur\u00e9e maximale de six mois, \u00e0 condition d&rsquo;avoir re\u00e7u le feu vert du Garde des Sceaux. Au-del\u00e0, ils devront cesser toute fonction notariale. Ce d\u00e9lai suppl\u00e9mentaire de six mois, qui n&rsquo;existait pas pour les notaires alsaciens et mosellans d\u00e9j\u00e0 soumis \u00e0 la limite d&rsquo;\u00e2ge de 70 ans, a \u00e9t\u00e9 introduit pour ceux-ci par un amendement de la commission sp\u00e9ciale adopt\u00e9e dans la nuit en s\u00e9ance publique.<\/p>\n<h2><span class=\"ez-toc-section\" id=\"Favoriser_la_reprise_doffices_par_les_plus_jeunes\"><\/span>Favoriser la reprise d&rsquo;offices par les plus jeunes<span class=\"ez-toc-section-end\"><\/span><\/h2>\n<p>En commission, la d\u00e9put\u00e9e (PS) C\u00e9cile Untermaier, rapporteure th\u00e9matique en charge de la r\u00e9forme des professions juridiques r\u00e9glement\u00e9es, avait estim\u00e9 que le maintien en fonction de notaires au-del\u00e0 de 70 ans avait pour cons\u00e9quence de r\u00e9duire <em>\u00ab les possibilit\u00e9s de reprise des candidats \u00e0 la succession dans leurs offices \u00bb<\/em>. Pour la d\u00e9put\u00e9e socialiste de Sa\u00f4ne-et-Loire, l&rsquo;instauration d&rsquo;un \u00e2ge limite permettra <em>\u00ab le renouvellement des notaires \u00e2g\u00e9s actuellement en service \u00bb<\/em>. Le d\u00e9put\u00e9 \u00e9cologiste Jean-Louis Roum\u00e9gas a soulign\u00e9 que la fixation d&rsquo;une limite \u00e0 70 ans serait favorable aux cr\u00e9ations d&#8217;emplois, puisqu&rsquo;elle <em>\u00ab permettrait dans un premier temps de cr\u00e9er un millier de postes de notaires \u00bb<\/em>.<\/p>\n<p>Selon les statistiques du minist\u00e8re de la Justice au 1<sup>er<\/sup> janvier 2012, 131 notaires \u00e9taient \u00e2g\u00e9s de plus de 70 ans, soit 1,40% des notaires de France, et 1624 d&rsquo;entre eux \u00e9taient \u00e2g\u00e9s de 60 ans \u00e0 70 ans (17,4%).<\/p>\n","protected":false},"excerpt":{"rendered":"<p>La Loi Macron \u00e9tend \u00e0 l&rsquo;ensemble de la France la retraite d&rsquo;office \u00e0 70 ans des notaires jusque-l\u00e0 en vigueur dans les d\u00e9partements du Bas-Rhin, du Haut-Rhin et de la Moselle. L&rsquo;objectif est de favoriser le renouvellement des g\u00e9n\u00e9rations dans les offices.  \u00a0<\/p>\n","protected":false},"author":13709,"featured_media":32228,"comment_status":"closed","ping_status":"closed","sticky":false,"template":"","format":"standard","meta":{"footnotes":""},"categories":[13],"tags":[],"class_list":["post-20466","post","type-post","status-publish","format-standard","has-post-thumbnail","hentry","category-depart-a-la-retraite"],"acf":[],"yoast_head":"<!-- This site is optimized with the Yoast SEO plugin v24.9 - https:\/\/yoast.com\/wordpress\/plugins\/seo\/ -->\n<title>Retraite des notaires : l\u2019\u00e2ge limite de 70 ans vot\u00e9 \u00e0 l\u2019Assembl\u00e9e nationale<\/title>\n<meta name=\"description\" content=\"La Loi Macron \u00e9tend \u00e0 l&#039;ensemble de la France la retraite d&#039;office \u00e0 70 ans des notaires jusque-l\u00e0 en vigueur dans les d\u00e9partements du Bas-Rhin, du Haut-Rhin et de la Moselle. L&#039;objectif est de favoriser le renouvellement des g\u00e9n\u00e9rations dans les offices.\" \/>\n<meta name=\"robots\" content=\"index, follow, max-snippet:-1, max-image-preview:large, max-video-preview:-1\" \/>\n<link rel=\"canonical\" href=\"https:\/\/www.toutsurmesfinances.com\/retraite\/retraite-des-notaires-l-age-limite-de-70-ans-vote-a-l-assemblee-nationale.html\" \/>\n<meta property=\"og:locale\" content=\"fr_FR\" \/>\n<meta property=\"og:type\" content=\"article\" \/>\n<meta property=\"og:title\" content=\"Retraite des notaires : l\u2019\u00e2ge limite de 70 ans vot\u00e9 \u00e0 l\u2019Assembl\u00e9e nationale\" \/>\n<meta property=\"og:description\" content=\"La Loi Macron \u00e9tend \u00e0 l&#039;ensemble de la France la retraite d&#039;office \u00e0 70 ans des notaires jusque-l\u00e0 en vigueur dans les d\u00e9partements du Bas-Rhin, du Haut-Rhin et de la Moselle. L&#039;objectif est de favoriser le renouvellement des g\u00e9n\u00e9rations dans les offices.\" \/>\n<meta property=\"og:url\" content=\"https:\/\/www.toutsurmesfinances.com\/retraite\/retraite-des-notaires-l-age-limite-de-70-ans-vote-a-l-assemblee-nationale.html\" \/>\n<meta property=\"og:site_name\" content=\"Retraite\" \/>\n<meta property=\"article:published_time\" content=\"2015-02-04T08:19:55+00:00\" \/>\n<meta property=\"article:modified_time\" content=\"2025-07-10T14:03:00+00:00\" \/>\n<meta property=\"og:image\" content=\"https:\/\/www.toutsurmesfinances.com\/retraite\/wp-content\/uploads\/sites\/4\/2025\/04\/image-retraite-liquidation.jpg\" \/>\n\t<meta property=\"og:image:width\" content=\"600\" \/>\n\t<meta property=\"og:image:height\" content=\"400\" \/>\n\t<meta property=\"og:image:type\" content=\"image\/jpeg\" \/>\n<meta name=\"author\" content=\"Olivier Brunet\" \/>\n<meta name=\"twitter:card\" content=\"summary_large_image\" \/>\n<meta name=\"twitter:creator\" content=\"@Toutsur\" \/>\n<meta name=\"twitter:site\" content=\"@Toutsur\" \/>\n<meta name=\"twitter:label1\" content=\"\u00c9crit par\" \/>\n\t<meta name=\"twitter:data1\" content=\"Olivier Brunet\" \/>\n\t<meta name=\"twitter:label2\" content=\"Dur\u00e9e de lecture estim\u00e9e\" \/>\n\t<meta name=\"twitter:data2\" content=\"3 minutes\" \/>\n<script type=\"application\/ld+json\" class=\"yoast-schema-graph\">{\"@context\":\"https:\/\/schema.org\",\"@graph\":[{\"@type\":\"Article\",\"@id\":\"https:\/\/www.toutsurmesfinances.com\/retraite\/retraite-des-notaires-l-age-limite-de-70-ans-vote-a-l-assemblee-nationale.html#article\",\"isPartOf\":{\"@id\":\"https:\/\/www.toutsurmesfinances.com\/retraite\/retraite-des-notaires-l-age-limite-de-70-ans-vote-a-l-assemblee-nationale.html\"},\"author\":{\"name\":\"Olivier Brunet\",\"@id\":\"https:\/\/www.toutsurmesfinances.com\/retraite\/#\/schema\/person\/f3692b3163890cd1408bd0dc68a1b55a\"},\"headline\":\"Retraite des notaires : l\u2019\u00e2ge limite de 70 ans vot\u00e9 \u00e0 l\u2019Assembl\u00e9e nationale\",\"dateModified\":\"2025-07-10T14:03:00+00:00\",\"mainEntityOfPage\":{\"@id\":\"https:\/\/www.toutsurmesfinances.com\/retraite\/retraite-des-notaires-l-age-limite-de-70-ans-vote-a-l-assemblee-nationale.html\"},\"wordCount\":447,\"publisher\":{\"@id\":\"https:\/\/www.toutsurmesfinances.com\/retraite\/#organization\"},\"image\":{\"@id\":\"https:\/\/www.toutsurmesfinances.com\/retraite\/retraite-des-notaires-l-age-limite-de-70-ans-vote-a-l-assemblee-nationale.html#primaryimage\"},\"thumbnailUrl\":\"https:\/\/www.toutsurmesfinances.com\/retraite\/wp-content\/uploads\/sites\/4\/2025\/04\/image-retraite-liquidation.jpg\",\"articleSection\":[\"D\u00e9part \u00e0 la retraite\"],\"inLanguage\":\"fr-FR\"},{\"@type\":\"WebPage\",\"@id\":\"https:\/\/www.toutsurmesfinances.com\/retraite\/retraite-des-notaires-l-age-limite-de-70-ans-vote-a-l-assemblee-nationale.html\",\"url\":\"https:\/\/www.toutsurmesfinances.com\/retraite\/retraite-des-notaires-l-age-limite-de-70-ans-vote-a-l-assemblee-nationale.html\",\"name\":\"Retraite des notaires : l\u2019\u00e2ge limite de 70 ans vot\u00e9 \u00e0 l\u2019Assembl\u00e9e nationale\",\"isPartOf\":{\"@id\":\"https:\/\/www.toutsurmesfinances.com\/retraite\/#website\"},\"primaryImageOfPage\":{\"@id\":\"https:\/\/www.toutsurmesfinances.com\/retraite\/retraite-des-notaires-l-age-limite-de-70-ans-vote-a-l-assemblee-nationale.html#primaryimage\"},\"image\":{\"@id\":\"https:\/\/www.toutsurmesfinances.com\/retraite\/retraite-des-notaires-l-age-limite-de-70-ans-vote-a-l-assemblee-nationale.html#primaryimage\"},\"thumbnailUrl\":\"https:\/\/www.toutsurmesfinances.com\/retraite\/wp-content\/uploads\/sites\/4\/2025\/04\/image-retraite-liquidation.jpg\",\"dateModified\":\"2025-07-10T14:03:00+00:00\",\"description\":\"La Loi Macron \u00e9tend \u00e0 l'ensemble de la France la retraite d'office \u00e0 70 ans des notaires jusque-l\u00e0 en vigueur dans les d\u00e9partements du Bas-Rhin, du Haut-Rhin et de la Moselle. L'objectif est de favoriser le renouvellement des g\u00e9n\u00e9rations dans les offices.\",\"breadcrumb\":{\"@id\":\"https:\/\/www.toutsurmesfinances.com\/retraite\/retraite-des-notaires-l-age-limite-de-70-ans-vote-a-l-assemblee-nationale.html#breadcrumb\"},\"inLanguage\":\"fr-FR\",\"potentialAction\":[{\"@type\":\"ReadAction\",\"target\":[\"https:\/\/www.toutsurmesfinances.com\/retraite\/retraite-des-notaires-l-age-limite-de-70-ans-vote-a-l-assemblee-nationale.html\"]}]},{\"@type\":\"ImageObject\",\"inLanguage\":\"fr-FR\",\"@id\":\"https:\/\/www.toutsurmesfinances.com\/retraite\/retraite-des-notaires-l-age-limite-de-70-ans-vote-a-l-assemblee-nationale.html#primaryimage\",\"url\":\"https:\/\/www.toutsurmesfinances.com\/retraite\/wp-content\/uploads\/sites\/4\/2025\/04\/image-retraite-liquidation.jpg\",\"contentUrl\":\"https:\/\/www.toutsurmesfinances.com\/retraite\/wp-content\/uploads\/sites\/4\/2025\/04\/image-retraite-liquidation.jpg\",\"width\":600,\"height\":400},{\"@type\":\"BreadcrumbList\",\"@id\":\"https:\/\/www.toutsurmesfinances.com\/retraite\/retraite-des-notaires-l-age-limite-de-70-ans-vote-a-l-assemblee-nationale.html#breadcrumb\",\"itemListElement\":[{\"@type\":\"ListItem\",\"position\":1,\"name\":\"Accueil\",\"item\":\"https:\/\/www.toutsurmesfinances.com\/retraite\/\"},{\"@type\":\"ListItem\",\"position\":2,\"name\":\"Liquidation\",\"item\":\"https:\/\/www.toutsurmesfinances.com\/retraite\/c\/liquidation\"},{\"@type\":\"ListItem\",\"position\":3,\"name\":\"D\u00e9part \u00e0 la retraite\",\"item\":\"https:\/\/www.toutsurmesfinances.com\/retraite\/c\/depart-a-la-retraite\"},{\"@type\":\"ListItem\",\"position\":4,\"name\":\"Retraite des notaires : l\u2019\u00e2ge limite de 70 ans vot\u00e9 \u00e0 l\u2019Assembl\u00e9e nationale\"}]},{\"@type\":\"WebSite\",\"@id\":\"https:\/\/www.toutsurmesfinances.com\/retraite\/#website\",\"url\":\"https:\/\/www.toutsurmesfinances.com\/retraite\/\",\"name\":\"Retraite\",\"description\":\"\",\"publisher\":{\"@id\":\"https:\/\/www.toutsurmesfinances.com\/retraite\/#organization\"},\"potentialAction\":[{\"@type\":\"SearchAction\",\"target\":{\"@type\":\"EntryPoint\",\"urlTemplate\":\"https:\/\/www.toutsurmesfinances.com\/retraite\/?s={search_term_string}\"},\"query-input\":{\"@type\":\"PropertyValueSpecification\",\"valueRequired\":true,\"valueName\":\"search_term_string\"}}],\"inLanguage\":\"fr-FR\"},{\"@type\":\"Organization\",\"@id\":\"https:\/\/www.toutsurmesfinances.com\/retraite\/#organization\",\"name\":\"Tout Sur Mes Finances\",\"url\":\"https:\/\/www.toutsurmesfinances.com\/retraite\/\",\"logo\":{\"@type\":\"ImageObject\",\"inLanguage\":\"fr-FR\",\"@id\":\"https:\/\/www.toutsurmesfinances.com\/retraite\/#\/schema\/logo\/image\/\",\"url\":\"https:\/\/www.toutsurmesfinances.com\/retraite\/wp-content\/uploads\/sites\/4\/2021\/01\/favicon.png\",\"contentUrl\":\"https:\/\/www.toutsurmesfinances.com\/retraite\/wp-content\/uploads\/sites\/4\/2021\/01\/favicon.png\",\"width\":512,\"height\":512,\"caption\":\"Tout Sur Mes Finances\"},\"image\":{\"@id\":\"https:\/\/www.toutsurmesfinances.com\/retraite\/#\/schema\/logo\/image\/\"},\"sameAs\":[\"https:\/\/x.com\/Toutsur\"]},{\"@type\":\"Person\",\"@id\":\"https:\/\/www.toutsurmesfinances.com\/retraite\/#\/schema\/person\/f3692b3163890cd1408bd0dc68a1b55a\",\"name\":\"Olivier Brunet\",\"image\":{\"@type\":\"ImageObject\",\"inLanguage\":\"fr-FR\",\"@id\":\"https:\/\/www.toutsurmesfinances.com\/retraite\/#\/schema\/person\/image\/\",\"url\":\"https:\/\/secure.gravatar.com\/avatar\/59a19214b7bb3163a27d873fa61f9a80?s=96&d=mm&r=g\",\"contentUrl\":\"https:\/\/secure.gravatar.com\/avatar\/59a19214b7bb3163a27d873fa61f9a80?s=96&d=mm&r=g\",\"caption\":\"Olivier Brunet\"},\"description\":\"Olivier Brunet est cofondateur de\u00a0ToutSurMesFinances.com\u00a0et r\u00e9dacteur en chef sp\u00e9cialis\u00e9 en placements et fiscalit\u00e9\u00a0des particuliers. Pr\u00e9sent\u00a0au sein du\u00a0m\u00e9dia\u00a0depuis sa cr\u00e9ation, il en est l\u2019un des piliers \u00e9ditoriaux. Il analyse les strat\u00e9gies d\u2019investissement,\u00a0suit\u00a0les \u00e9volutions fiscales et les\u00a0probl\u00e9matiques\u00a0patrimoniales\u00a0avec une vision long terme, forg\u00e9e par des ann\u00e9es de pratique et de suivi des march\u00e9s.\u00a0\",\"sameAs\":[\"https:\/\/www.toutsurmesfinances.com\/author\/olivier\",\"https:\/\/www.linkedin.com\/in\/obrunet\/\"]}]}<\/script>\n<!-- \/ Yoast SEO plugin. -->","yoast_head_json":{"title":"Retraite des notaires : l\u2019\u00e2ge limite de 70 ans vot\u00e9 \u00e0 l\u2019Assembl\u00e9e nationale","description":"La Loi Macron \u00e9tend \u00e0 l'ensemble de la France la retraite d'office \u00e0 70 ans des notaires jusque-l\u00e0 en vigueur dans les d\u00e9partements du Bas-Rhin, du Haut-Rhin et de la Moselle. L'objectif est de favoriser le renouvellement des g\u00e9n\u00e9rations dans les offices.","robots":{"index":"index","follow":"follow","max-snippet":"max-snippet:-1","max-image-preview":"max-image-preview:large","max-video-preview":"max-video-preview:-1"},"canonical":"https:\/\/www.toutsurmesfinances.com\/retraite\/retraite-des-notaires-l-age-limite-de-70-ans-vote-a-l-assemblee-nationale.html","og_locale":"fr_FR","og_type":"article","og_title":"Retraite des notaires : l\u2019\u00e2ge limite de 70 ans vot\u00e9 \u00e0 l\u2019Assembl\u00e9e nationale","og_description":"La Loi Macron \u00e9tend \u00e0 l'ensemble de la France la retraite d'office \u00e0 70 ans des notaires jusque-l\u00e0 en vigueur dans les d\u00e9partements du Bas-Rhin, du Haut-Rhin et de la Moselle. L'objectif est de favoriser le renouvellement des g\u00e9n\u00e9rations dans les offices.","og_url":"https:\/\/www.toutsurmesfinances.com\/retraite\/retraite-des-notaires-l-age-limite-de-70-ans-vote-a-l-assemblee-nationale.html","og_site_name":"Retraite","article_published_time":"2015-02-04T08:19:55+00:00","article_modified_time":"2025-07-10T14:03:00+00:00","og_image":[{"width":600,"height":400,"url":"https:\/\/www.toutsurmesfinances.com\/retraite\/wp-content\/uploads\/sites\/4\/2025\/04\/image-retraite-liquidation.jpg","type":"image\/jpeg"}],"author":"Olivier Brunet","twitter_card":"summary_large_image","twitter_creator":"@Toutsur","twitter_site":"@Toutsur","twitter_misc":{"\u00c9crit par":"Olivier Brunet","Dur\u00e9e de lecture estim\u00e9e":"3 minutes"},"schema":{"@context":"https:\/\/schema.org","@graph":[{"@type":"Article","@id":"https:\/\/www.toutsurmesfinances.com\/retraite\/retraite-des-notaires-l-age-limite-de-70-ans-vote-a-l-assemblee-nationale.html#article","isPartOf":{"@id":"https:\/\/www.toutsurmesfinances.com\/retraite\/retraite-des-notaires-l-age-limite-de-70-ans-vote-a-l-assemblee-nationale.html"},"author":{"name":"Olivier Brunet","@id":"https:\/\/www.toutsurmesfinances.com\/retraite\/#\/schema\/person\/f3692b3163890cd1408bd0dc68a1b55a"},"headline":"Retraite des notaires : l\u2019\u00e2ge limite de 70 ans vot\u00e9 \u00e0 l\u2019Assembl\u00e9e nationale","dateModified":"2025-07-10T14:03:00+00:00","mainEntityOfPage":{"@id":"https:\/\/www.toutsurmesfinances.com\/retraite\/retraite-des-notaires-l-age-limite-de-70-ans-vote-a-l-assemblee-nationale.html"},"wordCount":447,"publisher":{"@id":"https:\/\/www.toutsurmesfinances.com\/retraite\/#organization"},"image":{"@id":"https:\/\/www.toutsurmesfinances.com\/retraite\/retraite-des-notaires-l-age-limite-de-70-ans-vote-a-l-assemblee-nationale.html#primaryimage"},"thumbnailUrl":"https:\/\/www.toutsurmesfinances.com\/retraite\/wp-content\/uploads\/sites\/4\/2025\/04\/image-retraite-liquidation.jpg","articleSection":["D\u00e9part \u00e0 la retraite"],"inLanguage":"fr-FR"},{"@type":"WebPage","@id":"https:\/\/www.toutsurmesfinances.com\/retraite\/retraite-des-notaires-l-age-limite-de-70-ans-vote-a-l-assemblee-nationale.html","url":"https:\/\/www.toutsurmesfinances.com\/retraite\/retraite-des-notaires-l-age-limite-de-70-ans-vote-a-l-assemblee-nationale.html","name":"Retraite des notaires : l\u2019\u00e2ge limite de 70 ans vot\u00e9 \u00e0 l\u2019Assembl\u00e9e nationale","isPartOf":{"@id":"https:\/\/www.toutsurmesfinances.com\/retraite\/#website"},"primaryImageOfPage":{"@id":"https:\/\/www.toutsurmesfinances.com\/retraite\/retraite-des-notaires-l-age-limite-de-70-ans-vote-a-l-assemblee-nationale.html#primaryimage"},"image":{"@id":"https:\/\/www.toutsurmesfinances.com\/retraite\/retraite-des-notaires-l-age-limite-de-70-ans-vote-a-l-assemblee-nationale.html#primaryimage"},"thumbnailUrl":"https:\/\/www.toutsurmesfinances.com\/retraite\/wp-content\/uploads\/sites\/4\/2025\/04\/image-retraite-liquidation.jpg","dateModified":"2025-07-10T14:03:00+00:00","description":"La Loi Macron \u00e9tend \u00e0 l'ensemble de la France la retraite d'office \u00e0 70 ans des notaires jusque-l\u00e0 en vigueur dans les d\u00e9partements du Bas-Rhin, du Haut-Rhin et de la Moselle. L'objectif est de favoriser le renouvellement des g\u00e9n\u00e9rations dans les offices.","breadcrumb":{"@id":"https:\/\/www.toutsurmesfinances.com\/retraite\/retraite-des-notaires-l-age-limite-de-70-ans-vote-a-l-assemblee-nationale.html#breadcrumb"},"inLanguage":"fr-FR","potentialAction":[{"@type":"ReadAction","target":["https:\/\/www.toutsurmesfinances.com\/retraite\/retraite-des-notaires-l-age-limite-de-70-ans-vote-a-l-assemblee-nationale.html"]}]},{"@type":"ImageObject","inLanguage":"fr-FR","@id":"https:\/\/www.toutsurmesfinances.com\/retraite\/retraite-des-notaires-l-age-limite-de-70-ans-vote-a-l-assemblee-nationale.html#primaryimage","url":"https:\/\/www.toutsurmesfinances.com\/retraite\/wp-content\/uploads\/sites\/4\/2025\/04\/image-retraite-liquidation.jpg","contentUrl":"https:\/\/www.toutsurmesfinances.com\/retraite\/wp-content\/uploads\/sites\/4\/2025\/04\/image-retraite-liquidation.jpg","width":600,"height":400},{"@type":"BreadcrumbList","@id":"https:\/\/www.toutsurmesfinances.com\/retraite\/retraite-des-notaires-l-age-limite-de-70-ans-vote-a-l-assemblee-nationale.html#breadcrumb","itemListElement":[{"@type":"ListItem","position":1,"name":"Accueil","item":"https:\/\/www.toutsurmesfinances.com\/retraite\/"},{"@type":"ListItem","position":2,"name":"Liquidation","item":"https:\/\/www.toutsurmesfinances.com\/retraite\/c\/liquidation"},{"@type":"ListItem","position":3,"name":"D\u00e9part \u00e0 la retraite","item":"https:\/\/www.toutsurmesfinances.com\/retraite\/c\/depart-a-la-retraite"},{"@type":"ListItem","position":4,"name":"Retraite des notaires : l\u2019\u00e2ge limite de 70 ans vot\u00e9 \u00e0 l\u2019Assembl\u00e9e nationale"}]},{"@type":"WebSite","@id":"https:\/\/www.toutsurmesfinances.com\/retraite\/#website","url":"https:\/\/www.toutsurmesfinances.com\/retraite\/","name":"Retraite","description":"","publisher":{"@id":"https:\/\/www.toutsurmesfinances.com\/retraite\/#organization"},"potentialAction":[{"@type":"SearchAction","target":{"@type":"EntryPoint","urlTemplate":"https:\/\/www.toutsurmesfinances.com\/retraite\/?s={search_term_string}"},"query-input":{"@type":"PropertyValueSpecification","valueRequired":true,"valueName":"search_term_string"}}],"inLanguage":"fr-FR"},{"@type":"Organization","@id":"https:\/\/www.toutsurmesfinances.com\/retraite\/#organization","name":"Tout Sur Mes Finances","url":"https:\/\/www.toutsurmesfinances.com\/retraite\/","logo":{"@type":"ImageObject","inLanguage":"fr-FR","@id":"https:\/\/www.toutsurmesfinances.com\/retraite\/#\/schema\/logo\/image\/","url":"https:\/\/www.toutsurmesfinances.com\/retraite\/wp-content\/uploads\/sites\/4\/2021\/01\/favicon.png","contentUrl":"https:\/\/www.toutsurmesfinances.com\/retraite\/wp-content\/uploads\/sites\/4\/2021\/01\/favicon.png","width":512,"height":512,"caption":"Tout Sur Mes Finances"},"image":{"@id":"https:\/\/www.toutsurmesfinances.com\/retraite\/#\/schema\/logo\/image\/"},"sameAs":["https:\/\/x.com\/Toutsur"]},{"@type":"Person","@id":"https:\/\/www.toutsurmesfinances.com\/retraite\/#\/schema\/person\/f3692b3163890cd1408bd0dc68a1b55a","name":"Olivier Brunet","image":{"@type":"ImageObject","inLanguage":"fr-FR","@id":"https:\/\/www.toutsurmesfinances.com\/retraite\/#\/schema\/person\/image\/","url":"https:\/\/secure.gravatar.com\/avatar\/59a19214b7bb3163a27d873fa61f9a80?s=96&d=mm&r=g","contentUrl":"https:\/\/secure.gravatar.com\/avatar\/59a19214b7bb3163a27d873fa61f9a80?s=96&d=mm&r=g","caption":"Olivier Brunet"},"description":"Olivier Brunet est cofondateur de\u00a0ToutSurMesFinances.com\u00a0et r\u00e9dacteur en chef sp\u00e9cialis\u00e9 en placements et fiscalit\u00e9\u00a0des particuliers. Pr\u00e9sent\u00a0au sein du\u00a0m\u00e9dia\u00a0depuis sa cr\u00e9ation, il en est l\u2019un des piliers \u00e9ditoriaux. Il analyse les strat\u00e9gies d\u2019investissement,\u00a0suit\u00a0les \u00e9volutions fiscales et les\u00a0probl\u00e9matiques\u00a0patrimoniales\u00a0avec une vision long terme, forg\u00e9e par des ann\u00e9es de pratique et de suivi des march\u00e9s.\u00a0","sameAs":["https:\/\/www.toutsurmesfinances.com\/author\/olivier","https:\/\/www.linkedin.com\/in\/obrunet\/"]}]}},"_links":{"self":[{"href":"https:\/\/www.toutsurmesfinances.com\/retraite\/wp-json\/wp\/v2\/posts\/20466","targetHints":{"allow":["GET"]}}],"collection":[{"href":"https:\/\/www.toutsurmesfinances.com\/retraite\/wp-json\/wp\/v2\/posts"}],"about":[{"href":"https:\/\/www.toutsurmesfinances.com\/retraite\/wp-json\/wp\/v2\/types\/post"}],"author":[{"embeddable":true,"href":"https:\/\/www.toutsurmesfinances.com\/retraite\/wp-json\/wp\/v2\/users\/13709"}],"replies":[{"embeddable":true,"href":"https:\/\/www.toutsurmesfinances.com\/retraite\/wp-json\/wp\/v2\/comments?post=20466"}],"version-history":[{"count":2,"href":"https:\/\/www.toutsurmesfinances.com\/retraite\/wp-json\/wp\/v2\/posts\/20466\/revisions"}],"predecessor-version":[{"id":32266,"href":"https:\/\/www.toutsurmesfinances.com\/retraite\/wp-json\/wp\/v2\/posts\/20466\/revisions\/32266"}],"wp:featuredmedia":[{"embeddable":true,"href":"https:\/\/www.toutsurmesfinances.com\/retraite\/wp-json\/wp\/v2\/media\/32228"}],"wp:attachment":[{"href":"https:\/\/www.toutsurmesfinances.com\/retraite\/wp-json\/wp\/v2\/media?parent=20466"}],"wp:term":[{"taxonomy":"category","embeddable":true,"href":"https:\/\/www.toutsurmesfinances.com\/retraite\/wp-json\/wp\/v2\/categories?post=20466"},{"taxonomy":"post_tag","embeddable":true,"href":"https:\/\/www.toutsurmesfinances.com\/retraite\/wp-json\/wp\/v2\/tags?post=20466"}],"curies":[{"name":"wp","href":"https:\/\/api.w.org\/{rel}","templated":true}]}}