{"id":20504,"date":"2015-02-20T09:41:51","date_gmt":"2015-02-20T08:41:51","guid":{"rendered":"https:\/\/www.toutsurmesfinances.com\/retraite\/agirc-la-retraite-complementaire-des-cadres.html"},"modified":"2021-12-08T13:42:46","modified_gmt":"2021-12-08T12:42:46","slug":"agirc-la-retraite-complementaire-des-cadres","status":"publish","type":"post","link":"https:\/\/www.toutsurmesfinances.com\/retraite\/agirc-la-retraite-complementaire-des-cadres.html","title":{"rendered":"Agirc, la retraite compl\u00e9mentaire des cadres"},"content":{"rendered":"<section class=\"l-section wpb_row height_small\"><div class=\"l-section-h i-cf\"><div class=\"g-cols vc_row via_flex valign_top type_default stacking_default\"><div class=\"vc_col-sm-12 wpb_column vc_column_container\"><div class=\"vc_column-inner\"><div class=\"wpb_wrapper\"><div class=\"wpb_text_column\"><div class=\"wpb_wrapper\"><h2><span class=\"ez-toc-section\" id=\"LAgirc_en_chiffres-cles\"><\/span><a name=\"chiffres-cles\"><\/a>L&rsquo;Agirc en chiffres-cl\u00e9s<span class=\"ez-toc-section-end\"><\/span><\/h2>\n<h3><span class=\"ez-toc-section\" id=\"Rapport_cotisantsretraites_chiffres_au_31_decembre_2016\"><\/span>Rapport cotisants\/retrait\u00e9s (chiffres au 31 d\u00e9cembre 2016) :<span class=\"ez-toc-section-end\"><\/span><\/h3>\n<p>Nombre de cotisants : 4,21 millions<br \/>\nNombre de retrait\u00e9s: 2,94 millions<\/p>\n<h3><span class=\"ez-toc-section\" id=\"Le_montant_moyen_de_la_retraite_chiffres_au_31_decembre_2016\"><\/span>Le montant moyen de la retraite (chiffres au 31 d\u00e9cembre 2016) :<span class=\"ez-toc-section-end\"><\/span><\/h3>\n<p>862,75 euros par mois en moyenne pour les hommes et 347,75 euros pour les femmes.<\/p>\n<p>&nbsp;<\/p>\n<h2><span class=\"ez-toc-section\" id=\"Mes_cotisations_Agirc\"><\/span><a name=\"cotisations\"><\/a>Mes cotisations Agirc<span class=\"ez-toc-section-end\"><\/span><\/h2>\n<p>Les cotisations de l&rsquo;Agirc sont assises sur une base salariale plus large que celles de l&rsquo;Arrco.<\/p>\n<h3><span class=\"ez-toc-section\" id=\"Les_taux_et_assiettes_de_cotisation\"><\/span>Les taux et assiettes de cotisation :<span class=\"ez-toc-section-end\"><\/span><\/h3>\n<p>Le taux de cotisation n&rsquo;est pas le m\u00eame pour tous : il varie en fonction du montant de la r\u00e9mun\u00e9ration.<\/p>\n<p>Pour la tranche 1 (Arrco), portant sur les salaires jusqu&rsquo;\u00e0 1 <a href=\"https:\/\/www.toutsurmesfinances.com\/argent\/a\/plafond-de-la-securite-sociale-pss-definition-montants-et-revalorisation\" target=\"_blank\" rel=\"noopener noreferrer\">plafond mensuel de la S\u00e9curit\u00e9 sociale<\/a> (PMSS), soit centre 1 et 3.311 euros par mois, le taux de cotisation est fix\u00e9 \u00e0 7,75%. Il faut y ajouter la CET (0,35%) et l&rsquo;AGFF (2%).<br \/>\nPour la tranche B (Agirc), portant sur les salaires entre 1 et 4 PMSS, soit entre 3.311 euros et\u00a013.244 euros, le taux de cotisation est de 20,55%. Il faut y ajouter la CET (0,35%) et l&rsquo;AGFF (2,20%).<br \/>\nPour la tranche C (Agirc), portant sur les salaires entre 4 et 8 PMSS, soit entre\u00a013.244 euros et\u00a026.152 euros, le taux de cotisation est de 20,55%. Il faut y ajouter la CET (0,35%) et, \u00e0 partir de 2016, l&rsquo;AGFF (2,20%).<br \/>\n<strong>&gt; A savoir<\/strong> : Une partie des cotisations (1\/5e) n&rsquo;est pas prise en compte dans le calcul dans l&rsquo;acquisition des points de retraite compl\u00e9mentaire.<\/p>\n<p>Deux cotisations n&rsquo;ouvrent droit \u00e0 aucun point suppl\u00e9mentaire : la cotisation AGFF (Association pour la gestion du fonds de financement de l&rsquo;Agirc et de l&rsquo;Arrco), qui sert \u00e0 financer les pensions des personnes parties en retraite avant 67 ans, et la CET (contribution exceptionnelle temporaire), une cotisation de solidarit\u00e9 pour le r\u00e9gime Agirc.<\/p>\n<h3><span class=\"ez-toc-section\" id=\"Valeur_dachat_du_point_Agirc_au_1er_novembre_2017_58166_euros\"><\/span>Valeur d&rsquo;achat du point Agirc (au 1er novembre 2017) : 5,8166 euros<span class=\"ez-toc-section-end\"><\/span><\/h3>\n<p>&nbsp;<\/p>\n<h2><span class=\"ez-toc-section\" id=\"Conditions_douverture_de_mes_droits_a_pension\"><\/span><a name=\"conditions-liquidation\"><\/a>Conditions d&rsquo;ouverture de mes droits \u00e0 pension<span class=\"ez-toc-section-end\"><\/span><\/h2>\n<h3><span class=\"ez-toc-section\" id=\"_Lage_minimum_de_depart\"><\/span>\u00a0L&rsquo;\u00e2ge minimum de d\u00e9part :<span class=\"ez-toc-section-end\"><\/span><\/h3>\n<p>Vous pouvez partir \u00e0 la retraite avec minoration d\u00e8s 57 ans. Cependant, le coefficient de minoration par rapport \u00e0 une retraite \u00e0 taux plein est tr\u00e8s important : 0,43. En somme, si vous partez \u00e0 la retraite \u00e0 57 ans au lieu de votre \u00e2ge de d\u00e9part l\u00e9gal \u00e0 taux plein, vous ne toucherez que 43% de votre pension. Cette d\u00e9cote diminue au fur et \u00e0 mesure que vous vous rapprochez de cet \u00e2ge l\u00e9gal.<\/p>\n<h3><span class=\"ez-toc-section\" id=\"Age_de_depart_et_duree_de_cotisation\"><\/span>Age de d\u00e9part et dur\u00e9e de cotisation :<span class=\"ez-toc-section-end\"><\/span><\/h3>\n<p><strong>&#8211; Age l\u00e9gal de d\u00e9part<br \/>\n<\/strong><\/p>\n<p>60 ans : pour les personnes n\u00e9es avant le 1er juillet 1951<br \/>\n60 ans et 4 mois : pour les personnes n\u00e9es entre le 1er juillet et le 31 d\u00e9cembre 1951.<br \/>\n60 ans et 9 mois : pour les personnes n\u00e9es en 1952<br \/>\n61 ans et 2 mois : pour les personnes n\u00e9es en 1953<br \/>\n61 ans et 7 mois : pour les personnes n\u00e9es en 1954<br \/>\n62 ans : pour les personnes n\u00e9es apr\u00e8s le 1er janvier 1955<\/p>\n<p><strong>&#8211; Dur\u00e9e de cotisation<\/strong><\/p>\n<p>Pour partir \u00e0 la retraite \u00e0 taux plein \u00e0 ces \u00e2ges-l\u00e0, il faudra \u00e9galement justifier du nombre de trimestres requis :<br \/>\n160 trimestres (40 ans) pour les personnes n\u00e9es avant 1949<br \/>\n161 trimestres (40 ans et 3 mois) pour les personnes n\u00e9es en 1949<br \/>\n162 trimestres (40 ans et 6 mois) pour les personnes n\u00e9es en 1950<br \/>\n163 trimestres (40 ans et 9 mois) pour les personnes n\u00e9es en 1951<br \/>\n164 trimestres (41 ans) pour les personnes n\u00e9es en 1952<br \/>\n165 trimestres (41 ans et 3 mois) pour les personnes n\u00e9es en 1953 et 1954<br \/>\n166 trimestres (41 ans et 6 mois) pour les personnes n\u00e9es en 1955, 1956 et 1957<br \/>\n167 trimestres (41 ans et 9 mois) pour les personnes n\u00e9es en 1958, 1959 et 1960<br \/>\n168 trimestres (42 ans) pour les personnes n\u00e9es en 1961, 1962 et 1963<br \/>\n169 trimestres (42 ans et 3 mois) pour les personnes n\u00e9es en 1964, 1965 et 1966<br \/>\n170 trimestres (42 ans et 6 mois) pour les personnes n\u00e9es en 1967, 1968 et 1969<br \/>\n171 trimestres (42 ans et 9 mois) pour les personnes n\u00e9es en 1970, 1971 ou 1972)<br \/>\n172 trimestres (43 ans) pour les personnes n\u00e9es en 1973<\/p>\n<p>Pour les g\u00e9n\u00e9rations 1956 et 1957, les dur\u00e9es de cotisations ont \u00e9t\u00e9 <strong><a href=\"https:\/\/www.toutsurmesfinances.com\/retraite\/retraites-la-generation-1957-va-devoir-cotiser-41-5-ans.html\" target=\"_blank\" rel=\"noopener noreferrer\">fix\u00e9es par d\u00e9cret<\/a><\/strong>. A partir de la g\u00e9n\u00e9ration 1958, les dur\u00e9es de cotisations sont pr\u00e9vues par la r\u00e9forme des retraites de janvier 2014.<\/p>\n<p><strong>&#8211; Age de d\u00e9part sans d\u00e9cote viag\u00e8re<br \/>\n<\/strong><\/p>\n<p>65 ans : pour les personnes n\u00e9es avant le 1er juillet 1951 (ann\u00e9e de d\u00e9part : 2016)<br \/>\n65 ans et 4 mois : pour les personnes n\u00e9es du 1er juillet au 31 d\u00e9cembre 1951 (ann\u00e9e de d\u00e9part : 2016-2017)<br \/>\n65 ans et 8 mois : pour les personnes n\u00e9es en 1952 (ann\u00e9e de d\u00e9part : 2017-2018)<br \/>\n66 ans : pour les personnes n\u00e9es en 1953 (ann\u00e9e de d\u00e9part : 2019)<br \/>\n66 ans et 4 mois : pour les personnes n\u00e9es en 1954 (ann\u00e9e de d\u00e9part : 2020-2021)<br \/>\n66 ans et 8 mois : pour les personnes n\u00e9es en 1955 (ann\u00e9e de d\u00e9part : 2021-2022)<br \/>\n67 ans : pour les personnes n\u00e9es en 1956 (ann\u00e9e de d\u00e9part : 2023)<\/p>\n<table style=\"background-color: #e0e0dd; width: 100%; border: thin solid #b0b0b0;\" border=\"0\" cellpadding=\"5\">\n<tbody>\n<tr>\n<td><strong>Dans le cadre du futur nouveau r\u00e9gime unifi\u00e9 Agirc-Arrco instaur\u00e9 \u00e0 partir du 1er janvier 2019<br \/>\n<\/strong>&nbsp;<\/p>\n<p><strong>&#8211; Malus temporaire<\/strong><\/p>\n<p>Pour les assur\u00e9s n\u00e9s \u00e0 compter de 1957, disposant de leur dur\u00e9e de cotisation et partant \u00e0 l&rsquo;\u00e2ge l\u00e9gal, un abattement de 10% sera appliqu\u00e9 durant trois ans dans la limite de 67 ans. Le \u00ab coefficient transitoire de solidarit\u00e9 minorant \u00bb sera supprim\u00e9 si le salari\u00e9 justifie de 4 trimestres cotis\u00e9s au-del\u00e0 de la dur\u00e9e de cotisation.<\/p>\n<p>&nbsp;<\/p>\n<p><strong>&#8211; Bonus annuel<\/strong><\/p>\n<p>Pour les assur\u00e9s n\u00e9s \u00e0 compter de 1957, un \u00ab coefficient transitoire de solidarit\u00e9 majorant \u00bb de 10% sera appliqu\u00e9 durant un an si le salari\u00e9 justifie de 8 trimestres cotis\u00e9s au-del\u00e0 de la dur\u00e9e de cotisation. Le bonus atteint 20% avec 12 trimestres suppl\u00e9mentaires cotis\u00e9s et 30% avec 16 trimestres suppl\u00e9mentaires cotis\u00e9s.<\/td>\n<\/tr>\n<\/tbody>\n<\/table>\n<h3><\/h3>\n<h3><span class=\"ez-toc-section\" id=\"Les_trimestres_assimiles\"><\/span>Les trimestres assimil\u00e9s :<span class=\"ez-toc-section-end\"><\/span><\/h3>\n<p>&#8211; maternit\u00e9 : oui<br \/>\n&#8211; service militaire : oui<br \/>\n&#8211; ch\u00f4mage : oui (indemnis\u00e9)<\/p>\n<p>&nbsp;<\/p>\n<h2><span class=\"ez-toc-section\" id=\"Ma_pension\"><\/span><a name=\"pension\"><\/a>Ma pension<span class=\"ez-toc-section-end\"><\/span><\/h2>\n<h3><span class=\"ez-toc-section\" id=\"_La_valeur_du_point_de_retraite\"><\/span>\u00a0La valeur du point de retraite :<span class=\"ez-toc-section-end\"><\/span><\/h3>\n<p>0,4352 euro au 1er novembre 2017.<br \/>\nPour obtenir le montant brut annuel de votre retraite Agirc, il faut multiplier le total de vos points par la valeur du point. Il faut ensuite retrancher les pr\u00e9l\u00e8vements sociaux pour obtenir le montant net annuel.<\/p>\n<h3><span class=\"ez-toc-section\" id=\"Date_de_revalorisation_annuelle\"><\/span>Date de revalorisation annuelle :<span class=\"ez-toc-section-end\"><\/span><\/h3>\n<p>Chaque 1er novembre depuis 2016<\/p>\n<h3><span class=\"ez-toc-section\" id=\"Calendrier_2018_des_versements\"><\/span>Calendrier 2018 des versements :<span class=\"ez-toc-section-end\"><\/span><\/h3>\n<p>Depuis le 1er janvier 2014, les pensions ne sont plus vers\u00e9es par trimestre mais au d\u00e9but de chaque mois.<\/p>\n<p>&#8211; Janvier 2018 : 2 janvier 2018<\/p>\n<p>&#8211; F\u00e9vrier 2018 : 1er f\u00e9vrier 2018<\/p>\n<p>&#8211; Mars 2018 : 1er mars 2018<\/p>\n<p>&#8211; Avril 2018 : 3 avril 2018<\/p>\n<p>&#8211; Mai 2018 : 2 mai 2018<\/p>\n<p>&#8211; Juin 2018 : 1er juin 2018<\/p>\n<p>&#8211; Juillet 2018 : 2 juillet 2018<\/p>\n<p>&#8211; Ao\u00fbt 2018 : 1er ao\u00fbt 2018<\/p>\n<p>&#8211; Septembre 2018 : 3 septembre 2018<\/p>\n<p>&#8211; Octobre 2018 : 1er octobre 2018<\/p>\n<p>&#8211; Novembre 2018 : 2 novembre 2018<\/p>\n<p>&#8211; D\u00e9cembre 2018 : 3 d\u00e9cembre 2018.<\/p>\n<p><a href=\"https:\/\/www.toutsurmesfinances.com\/retraite\/retraites-calendrier-de-versements-2015-multi-caisses.html\" target=\"_blank\" rel=\"noopener noreferrer\"><strong>Consulter notre calendrier de versements 2018 des principales caisses de retraite<\/strong><br \/>\n<\/a><\/p>\n<p>&nbsp;<\/p>\n<h3><span class=\"ez-toc-section\" id=\"La_pension_de_reversion\"><\/span>La pension de r\u00e9version :<span class=\"ez-toc-section-end\"><\/span><\/h3>\n<p>Le taux de r\u00e9version : 60% de la retraite compl\u00e9mentaire du salari\u00e9 ou retrait\u00e9 d\u00e9c\u00e9d\u00e9<br \/>\nConditions de ressources : non<br \/>\nAyants droits : Les conjoints (\u00e0 partir de 60 ans) et les orphelins des deux parents. Dans le cadre d&rsquo;un Pacs ou d&rsquo;un concubinage, la pension de r\u00e9version ne peut pas \u00eatre attribu\u00e9e. Dans le cadre du nouveau r\u00e9gime Agirc-Arrco, le droit d&rsquo;acc\u00e8s \u00e0 la r\u00e9version sera abaiss\u00e9 \u00e0 55 ans.<\/p>\n<h2><span class=\"ez-toc-section\" id=\"Les_dispositifs\"><\/span>Les dispositifs<span class=\"ez-toc-section-end\"><\/span><\/h2>\n<h3><span class=\"ez-toc-section\" id=\"_Retraite_progressive\"><\/span>\u00a0Retraite progressive :<span class=\"ez-toc-section-end\"><\/span><\/h3>\n<p>Oui (sous conditions)<\/p>\n<h3><span class=\"ez-toc-section\" id=\"Rachats_de_points\"><\/span>Rachats de points :<span class=\"ez-toc-section-end\"><\/span><\/h3>\n<p>Oui, dans la limite de 70 points par ann\u00e9e d&rsquo;\u00e9tudes sup\u00e9rieures et, \u00e0 partir de 2019, pour les ann\u00e9es incompl\u00e8tes de cotisation au r\u00e9gime de retraite de base. Les rachats \u00e0 l&rsquo;Agirc sont possibles uniquement si des rachats ont \u00e9t\u00e9 effectu\u00e9s au r\u00e9gime de base (Assurance retraite ou MSA).<\/p>\n<h3><span class=\"ez-toc-section\" id=\"Retraite_anticipee\"><\/span>Retraite anticip\u00e9e :<span class=\"ez-toc-section-end\"><\/span><\/h3>\n<p>&#8211; pour carri\u00e8re longue oui, d\u00e8s 56 ans<br \/>\n&#8211; pour p\u00e9nibilit\u00e9 : oui, d\u00e8s 60 ans<br \/>\n&#8211; pour amiante : oui, d\u00e8s 60 ans<br \/>\n&#8211; pour handicap : oui, d\u00e8s 55 ans<\/p>\n<h3><span class=\"ez-toc-section\" id=\"Cumul_emploi-retraite\"><\/span>Cumul emploi-retraite :<span class=\"ez-toc-section-end\"><\/span><\/h3>\n<p>Oui (sous conditions)<\/p>\n<p>&nbsp;<\/p>\n<h2><span class=\"ez-toc-section\" id=\"Ma_demande_de_retraite\"><\/span><a name=\"demarches\"><\/a>Ma demande de retraite<span class=\"ez-toc-section-end\"><\/span><\/h2>\n<h3><span class=\"ez-toc-section\" id=\"_Les_demarches\"><\/span>\u00a0Les d\u00e9marches :<span class=\"ez-toc-section-end\"><\/span><\/h3>\n<p>Il est recommand\u00e9 de faire sa demande de retraite quatre mois avant la date de d\u00e9part souhait\u00e9e. L&rsquo;Agirc conseille de contacter les centres d&rsquo;information de la retraite compl\u00e9mentaire Cicas par t\u00e9l\u00e9phone au 0 820 200 189 (du lundi au vendredi, de 8h30 \u00e0 18h \/ 0,09 euro ttc\/mn \u00e0 partir d&rsquo;un poste fixe). Des points d&rsquo;accueil et des permanences sont \u00e9galement organis\u00e9s dans certaines mairies. Vous pouvez aussi faire cette demande par internet, via le site <a href=\"http:\/\/www.agirc-arrco.fr\" target=\"_blank\" rel=\"nofollow noopener noreferrer\">agirc-arrco.fr<\/a>.<\/p>\n<p>&nbsp;<\/p>\n<p>L&rsquo;Agirc conseille de faire deux d\u00e9marches de demande de retraite simultan\u00e9es : une aupr\u00e8s de votre r\u00e9gime de base (Assurance retraite ou MSA) et une aupr\u00e8s de l&rsquo;Agirc-Arrco. Il est d\u00e9sormais possible d&rsquo;effectuer une demande de retraite en ligne sur agirc-arrco.fr<\/p>\n<p>&nbsp;<\/p>\n<h3><span class=\"ez-toc-section\" id=\"Les_documents_et_informations_a_fournir\"><\/span>Les documents et informations \u00e0 fournir :<span class=\"ez-toc-section-end\"><\/span><\/h3>\n<p>Lors de votre demande de retraite, l&rsquo;Agirc vous demandera simplement vos noms et pr\u00e9noms, votre \u00e2ge, situation professionnelle et num\u00e9ro de s\u00e9curit\u00e9 sociale. A partir de ces informations, le Cicas vous enverra votre dossier que vous devrez v\u00e9rifier. S&rsquo;il manque des p\u00e9riodes de travail, il vous faudra alors envoyer des justificatifs (bulletins de paye, attestations ch\u00f4mage, indemnit\u00e9s journali\u00e8res en cas d&rsquo;arr\u00eats maladie \/ maternit\u00e9, etc.) \u00e0 votre Cicas ou les remettre \u00e0 votre conseiller en mains propres lors de votre rendez-vous. Une fois votre dossier complet, le Cicas le transmettra \u00e0 la caisse de retraite compl\u00e9mentaire charg\u00e9e de calculer et de payer les allocations.<\/p>\n<p>&nbsp;<\/p>\n<h2><span class=\"ez-toc-section\" id=\"Demande_dinformations\"><\/span><a name=\"informations\"><\/a>Demande d&rsquo;informations<span class=\"ez-toc-section-end\"><\/span><\/h2>\n<p>Pour faire un point sur votre retraite, vous pouvez demander \u00e0 partir de 35 ans un <a href=\"https:\/\/www.toutsurmesfinances.com\/retraite\/retraites-comment-lire-un-releve-de-carriere.html\" target=\"_blank\" rel=\"noopener noreferrer\">relev\u00e9 individuel de situation<\/a> (<strong>RIS<\/strong>) aupr\u00e8s de l&rsquo;Agirc, via un conseiller retraite de Cicas (0 820 200 189 ; de 8 h 30 \u00e0 18 h &#8211; 0,09 euro TTC par minute depuis un poste fixe) ou par internet via le site <a href=\"http:\/\/www.agirc-arrco.fr\/\" target=\"_blank\" rel=\"nofollow noopener noreferrer\">agirc-arrco.fr.<\/a><\/p>\n<p>&nbsp;<\/p>\n<p>D\u00e8s vos 45 ans, vous pouvez demander au m\u00eame num\u00e9ro un entretien information retraite avec un conseiller.<\/p>\n<p>&gt; <strong><a href=\"https:\/\/www.toutsurmesfinances.com\/retraite\/\" target=\"_blank\" rel=\"noopener noreferrer\">Coordonn\u00e9es de l&rsquo;Agirc<br \/>\n<\/a><\/strong><\/p>\n<p>&nbsp;<\/p>\n<h2><span class=\"ez-toc-section\" id=\"Ma_fiscalite\"><\/span>Ma fiscalit\u00e9<span class=\"ez-toc-section-end\"><\/span><\/h2>\n<h3><span class=\"ez-toc-section\" id=\"Contributions_sociales\"><\/span>Contributions sociales :<span class=\"ez-toc-section-end\"><\/span><\/h3>\n<p>Oui<\/p>\n<p>&#8211; Cotisation d&rsquo;assurance maladie : 1% (1,5% au r\u00e9gime local g\u00e9n\u00e9ral d&rsquo;Alsace-Moselle, 1,1% au r\u00e9gime local agricole d&rsquo;Alsace-Moselle)<br \/>\n&#8211; CSG : 8,3% (taux r\u00e9duit \u00e0 3,8% ou exon\u00e9ration dans certains cas)<br \/>\n&#8211; CRDS : 0,5% (ou 0%)<br \/>\n&#8211; CASA (contribution additionnelle de solidarit\u00e9 pour l&rsquo;autonomie) : 0,3% (ou 0%)<br \/>\nLes montants per\u00e7us tous les mois par les retrait\u00e9s de l&rsquo;Arrco sont <a href=\"https:\/\/www.toutsurmesfinances.com\/retraite\/pourquoi-ma-retraite-a-baisse-au-1er-janvier-2015.html\" target=\"_blank\" rel=\"noopener noreferrer\"><strong>nets de CSG, CRDS, CASA<\/strong> <\/a>et cotisation d&rsquo;assurance maladie car ces contributions sociales sont pr\u00e9lev\u00e9es \u00e0 la source.<\/p>\n<h3><span class=\"ez-toc-section\" id=\"Impot_sur_le_revenu\"><\/span>Imp\u00f4t sur le revenu :<span class=\"ez-toc-section-end\"><\/span><\/h3>\n<p>Oui, int\u00e9gration au revenu imposable comme les retraites de base apr\u00e8s abattement de 10%.<\/p>\n<p>&nbsp;<\/p>\n<p><strong>A lire \u00e9galement :<\/strong><\/p>\n<p><a href=\"https:\/\/www.toutsurmesfinances.com\/retraite\/retraites-complementaires-agirc-et-arrco-ce-qui-va-changer-pour-les-salaries-en-2019.html\" target=\"_blank\" rel=\"noopener noreferrer\">Retraites compl\u00e9mentaires Agirc et Arrco : ce qui va changer pour les salari\u00e9s en 2019<\/a><\/p>\n<\/div><\/div><\/div><\/div><\/div><\/div><\/div><\/section>\n","protected":false},"excerpt":{"rendered":"<p>L&rsquo;Agirc, Association g\u00e9n\u00e9rale des institutions de retraite des cadres, est comme son nom l&rsquo;indique le r\u00e9gime de retraite compl\u00e9mentaire obligatoire des cadres du secteur priv\u00e9. Tous les cadres cotisent donc \u00e0 l&rsquo;Agirc et \u00e9galement \u00e0 l&rsquo;Arrco. Il repose sur un syst\u00e8me en points qui le diff\u00e9rencie du r\u00e9gime de base en annuit\u00e9s (trimestres).  \u00a0<\/p>\n","protected":false},"author":13718,"featured_media":20544,"comment_status":"closed","ping_status":"closed","sticky":false,"template":"","format":"standard","meta":{"footnotes":""},"categories":[26],"tags":[],"class_list":["post-20504","post","type-post","status-publish","format-standard","has-post-thumbnail","hentry","category-caisse-de-retraite"],"acf":[],"yoast_head":"<!-- This site is optimized with the Yoast SEO plugin v24.9 - https:\/\/yoast.com\/wordpress\/plugins\/seo\/ -->\n<title>Agirc, la retraite compl\u00e9mentaire des cadres<\/title>\n<meta name=\"description\" content=\"Tout savoir sur le r\u00e9gime de retraite compl\u00e9mentaire des cadres, l&#039;Agirc\" \/>\n<meta name=\"robots\" content=\"index, follow, max-snippet:-1, max-image-preview:large, max-video-preview:-1\" \/>\n<link rel=\"canonical\" href=\"https:\/\/www.toutsurmesfinances.com\/retraite\/agirc-la-retraite-complementaire-des-cadres.html\" \/>\n<meta property=\"og:locale\" content=\"fr_FR\" \/>\n<meta property=\"og:type\" content=\"article\" \/>\n<meta property=\"og:title\" content=\"Agirc, la retraite compl\u00e9mentaire des cadres\" \/>\n<meta property=\"og:description\" content=\"Tout savoir sur le r\u00e9gime de retraite compl\u00e9mentaire des cadres, l&#039;Agirc\" \/>\n<meta property=\"og:url\" content=\"https:\/\/www.toutsurmesfinances.com\/retraite\/agirc-la-retraite-complementaire-des-cadres.html\" \/>\n<meta property=\"og:site_name\" content=\"Retraite\" \/>\n<meta property=\"article:published_time\" content=\"2015-02-20T08:41:51+00:00\" \/>\n<meta property=\"article:modified_time\" content=\"2021-12-08T12:42:46+00:00\" \/>\n<meta property=\"og:image\" content=\"https:\/\/www.toutsurmesfinances.com\/retraite\/wp-content\/uploads\/sites\/4\/2015\/03\/agirc-retraite-cadre.jpg\" \/>\n\t<meta property=\"og:image:width\" content=\"823\" \/>\n\t<meta property=\"og:image:height\" content=\"463\" \/>\n\t<meta property=\"og:image:type\" content=\"image\/jpeg\" \/>\n<meta name=\"author\" content=\"L&#039;\u00e9quipe de r\u00e9daction\" \/>\n<meta name=\"twitter:card\" content=\"summary_large_image\" \/>\n<meta name=\"twitter:creator\" content=\"@Toutsur\" \/>\n<meta name=\"twitter:site\" content=\"@Toutsur\" \/>\n<meta name=\"twitter:label1\" content=\"\u00c9crit par\" \/>\n\t<meta name=\"twitter:data1\" content=\"L&#039;\u00e9quipe de r\u00e9daction\" \/>\n\t<meta name=\"twitter:label2\" content=\"Dur\u00e9e de lecture estim\u00e9e\" \/>\n\t<meta name=\"twitter:data2\" content=\"8 minutes\" \/>\n<script type=\"application\/ld+json\" class=\"yoast-schema-graph\">{\"@context\":\"https:\/\/schema.org\",\"@graph\":[{\"@type\":\"Article\",\"@id\":\"https:\/\/www.toutsurmesfinances.com\/retraite\/agirc-la-retraite-complementaire-des-cadres.html#article\",\"isPartOf\":{\"@id\":\"https:\/\/www.toutsurmesfinances.com\/retraite\/agirc-la-retraite-complementaire-des-cadres.html\"},\"author\":{\"name\":\"L'\u00e9quipe de r\u00e9daction\",\"@id\":\"https:\/\/www.toutsurmesfinances.com\/retraite\/#\/schema\/person\/19a038f31d078d13966363e7ab7343c6\"},\"headline\":\"Agirc, la retraite compl\u00e9mentaire des cadres\",\"dateModified\":\"2021-12-08T12:42:46+00:00\",\"mainEntityOfPage\":{\"@id\":\"https:\/\/www.toutsurmesfinances.com\/retraite\/agirc-la-retraite-complementaire-des-cadres.html\"},\"wordCount\":1714,\"publisher\":{\"@id\":\"https:\/\/www.toutsurmesfinances.com\/retraite\/#organization\"},\"image\":{\"@id\":\"https:\/\/www.toutsurmesfinances.com\/retraite\/agirc-la-retraite-complementaire-des-cadres.html#primaryimage\"},\"thumbnailUrl\":\"https:\/\/www.toutsurmesfinances.com\/retraite\/wp-content\/uploads\/sites\/4\/2015\/03\/agirc-retraite-cadre.jpg\",\"articleSection\":[\"Caisse de retraite\"],\"inLanguage\":\"fr-FR\"},{\"@type\":\"WebPage\",\"@id\":\"https:\/\/www.toutsurmesfinances.com\/retraite\/agirc-la-retraite-complementaire-des-cadres.html\",\"url\":\"https:\/\/www.toutsurmesfinances.com\/retraite\/agirc-la-retraite-complementaire-des-cadres.html\",\"name\":\"Agirc, la retraite compl\u00e9mentaire des cadres\",\"isPartOf\":{\"@id\":\"https:\/\/www.toutsurmesfinances.com\/retraite\/#website\"},\"primaryImageOfPage\":{\"@id\":\"https:\/\/www.toutsurmesfinances.com\/retraite\/agirc-la-retraite-complementaire-des-cadres.html#primaryimage\"},\"image\":{\"@id\":\"https:\/\/www.toutsurmesfinances.com\/retraite\/agirc-la-retraite-complementaire-des-cadres.html#primaryimage\"},\"thumbnailUrl\":\"https:\/\/www.toutsurmesfinances.com\/retraite\/wp-content\/uploads\/sites\/4\/2015\/03\/agirc-retraite-cadre.jpg\",\"dateModified\":\"2021-12-08T12:42:46+00:00\",\"description\":\"Tout savoir sur le r\u00e9gime de retraite compl\u00e9mentaire des cadres, l'Agirc\",\"breadcrumb\":{\"@id\":\"https:\/\/www.toutsurmesfinances.com\/retraite\/agirc-la-retraite-complementaire-des-cadres.html#breadcrumb\"},\"inLanguage\":\"fr-FR\",\"potentialAction\":[{\"@type\":\"ReadAction\",\"target\":[\"https:\/\/www.toutsurmesfinances.com\/retraite\/agirc-la-retraite-complementaire-des-cadres.html\"]}]},{\"@type\":\"ImageObject\",\"inLanguage\":\"fr-FR\",\"@id\":\"https:\/\/www.toutsurmesfinances.com\/retraite\/agirc-la-retraite-complementaire-des-cadres.html#primaryimage\",\"url\":\"https:\/\/www.toutsurmesfinances.com\/retraite\/wp-content\/uploads\/sites\/4\/2015\/03\/agirc-retraite-cadre.jpg\",\"contentUrl\":\"https:\/\/www.toutsurmesfinances.com\/retraite\/wp-content\/uploads\/sites\/4\/2015\/03\/agirc-retraite-cadre.jpg\",\"width\":823,\"height\":463,\"caption\":\"La valeur du point Agirc ne sera pas revaloris\u00e9e au 1er avril 2015\"},{\"@type\":\"BreadcrumbList\",\"@id\":\"https:\/\/www.toutsurmesfinances.com\/retraite\/agirc-la-retraite-complementaire-des-cadres.html#breadcrumb\",\"itemListElement\":[{\"@type\":\"ListItem\",\"position\":1,\"name\":\"Accueil\",\"item\":\"https:\/\/www.toutsurmesfinances.com\/retraite\/\"},{\"@type\":\"ListItem\",\"position\":2,\"name\":\"Pension\",\"item\":\"https:\/\/www.toutsurmesfinances.com\/retraite\/c\/pension\"},{\"@type\":\"ListItem\",\"position\":3,\"name\":\"Caisse de retraite\",\"item\":\"https:\/\/www.toutsurmesfinances.com\/retraite\/c\/caisse-de-retraite\"},{\"@type\":\"ListItem\",\"position\":4,\"name\":\"Agirc, la retraite compl\u00e9mentaire des cadres\"}]},{\"@type\":\"WebSite\",\"@id\":\"https:\/\/www.toutsurmesfinances.com\/retraite\/#website\",\"url\":\"https:\/\/www.toutsurmesfinances.com\/retraite\/\",\"name\":\"Retraite\",\"description\":\"\",\"publisher\":{\"@id\":\"https:\/\/www.toutsurmesfinances.com\/retraite\/#organization\"},\"potentialAction\":[{\"@type\":\"SearchAction\",\"target\":{\"@type\":\"EntryPoint\",\"urlTemplate\":\"https:\/\/www.toutsurmesfinances.com\/retraite\/?s={search_term_string}\"},\"query-input\":{\"@type\":\"PropertyValueSpecification\",\"valueRequired\":true,\"valueName\":\"search_term_string\"}}],\"inLanguage\":\"fr-FR\"},{\"@type\":\"Organization\",\"@id\":\"https:\/\/www.toutsurmesfinances.com\/retraite\/#organization\",\"name\":\"Tout Sur Mes Finances\",\"url\":\"https:\/\/www.toutsurmesfinances.com\/retraite\/\",\"logo\":{\"@type\":\"ImageObject\",\"inLanguage\":\"fr-FR\",\"@id\":\"https:\/\/www.toutsurmesfinances.com\/retraite\/#\/schema\/logo\/image\/\",\"url\":\"https:\/\/www.toutsurmesfinances.com\/retraite\/wp-content\/uploads\/sites\/4\/2021\/01\/favicon.png\",\"contentUrl\":\"https:\/\/www.toutsurmesfinances.com\/retraite\/wp-content\/uploads\/sites\/4\/2021\/01\/favicon.png\",\"width\":512,\"height\":512,\"caption\":\"Tout Sur Mes Finances\"},\"image\":{\"@id\":\"https:\/\/www.toutsurmesfinances.com\/retraite\/#\/schema\/logo\/image\/\"},\"sameAs\":[\"https:\/\/x.com\/Toutsur\"]},{\"@type\":\"Person\",\"@id\":\"https:\/\/www.toutsurmesfinances.com\/retraite\/#\/schema\/person\/19a038f31d078d13966363e7ab7343c6\",\"name\":\"L'\u00e9quipe de r\u00e9daction\",\"image\":{\"@type\":\"ImageObject\",\"inLanguage\":\"fr-FR\",\"@id\":\"https:\/\/www.toutsurmesfinances.com\/retraite\/#\/schema\/person\/image\/\",\"url\":\"https:\/\/secure.gravatar.com\/avatar\/5d078ff23d3ce7cd29bc258e76954673?s=96&d=mm&r=g\",\"contentUrl\":\"https:\/\/secure.gravatar.com\/avatar\/5d078ff23d3ce7cd29bc258e76954673?s=96&d=mm&r=g\",\"caption\":\"L'\u00e9quipe de r\u00e9daction\"}}]}<\/script>\n<!-- \/ Yoast SEO plugin. -->","yoast_head_json":{"title":"Agirc, la retraite compl\u00e9mentaire des cadres","description":"Tout savoir sur le r\u00e9gime de retraite compl\u00e9mentaire des cadres, l'Agirc","robots":{"index":"index","follow":"follow","max-snippet":"max-snippet:-1","max-image-preview":"max-image-preview:large","max-video-preview":"max-video-preview:-1"},"canonical":"https:\/\/www.toutsurmesfinances.com\/retraite\/agirc-la-retraite-complementaire-des-cadres.html","og_locale":"fr_FR","og_type":"article","og_title":"Agirc, la retraite compl\u00e9mentaire des cadres","og_description":"Tout savoir sur le r\u00e9gime de retraite compl\u00e9mentaire des cadres, l'Agirc","og_url":"https:\/\/www.toutsurmesfinances.com\/retraite\/agirc-la-retraite-complementaire-des-cadres.html","og_site_name":"Retraite","article_published_time":"2015-02-20T08:41:51+00:00","article_modified_time":"2021-12-08T12:42:46+00:00","og_image":[{"width":823,"height":463,"url":"https:\/\/www.toutsurmesfinances.com\/retraite\/wp-content\/uploads\/sites\/4\/2015\/03\/agirc-retraite-cadre.jpg","type":"image\/jpeg"}],"author":"L'\u00e9quipe de r\u00e9daction","twitter_card":"summary_large_image","twitter_creator":"@Toutsur","twitter_site":"@Toutsur","twitter_misc":{"\u00c9crit par":"L'\u00e9quipe de r\u00e9daction","Dur\u00e9e de lecture estim\u00e9e":"8 minutes"},"schema":{"@context":"https:\/\/schema.org","@graph":[{"@type":"Article","@id":"https:\/\/www.toutsurmesfinances.com\/retraite\/agirc-la-retraite-complementaire-des-cadres.html#article","isPartOf":{"@id":"https:\/\/www.toutsurmesfinances.com\/retraite\/agirc-la-retraite-complementaire-des-cadres.html"},"author":{"name":"L'\u00e9quipe de r\u00e9daction","@id":"https:\/\/www.toutsurmesfinances.com\/retraite\/#\/schema\/person\/19a038f31d078d13966363e7ab7343c6"},"headline":"Agirc, la retraite compl\u00e9mentaire des cadres","dateModified":"2021-12-08T12:42:46+00:00","mainEntityOfPage":{"@id":"https:\/\/www.toutsurmesfinances.com\/retraite\/agirc-la-retraite-complementaire-des-cadres.html"},"wordCount":1714,"publisher":{"@id":"https:\/\/www.toutsurmesfinances.com\/retraite\/#organization"},"image":{"@id":"https:\/\/www.toutsurmesfinances.com\/retraite\/agirc-la-retraite-complementaire-des-cadres.html#primaryimage"},"thumbnailUrl":"https:\/\/www.toutsurmesfinances.com\/retraite\/wp-content\/uploads\/sites\/4\/2015\/03\/agirc-retraite-cadre.jpg","articleSection":["Caisse de retraite"],"inLanguage":"fr-FR"},{"@type":"WebPage","@id":"https:\/\/www.toutsurmesfinances.com\/retraite\/agirc-la-retraite-complementaire-des-cadres.html","url":"https:\/\/www.toutsurmesfinances.com\/retraite\/agirc-la-retraite-complementaire-des-cadres.html","name":"Agirc, la retraite compl\u00e9mentaire des cadres","isPartOf":{"@id":"https:\/\/www.toutsurmesfinances.com\/retraite\/#website"},"primaryImageOfPage":{"@id":"https:\/\/www.toutsurmesfinances.com\/retraite\/agirc-la-retraite-complementaire-des-cadres.html#primaryimage"},"image":{"@id":"https:\/\/www.toutsurmesfinances.com\/retraite\/agirc-la-retraite-complementaire-des-cadres.html#primaryimage"},"thumbnailUrl":"https:\/\/www.toutsurmesfinances.com\/retraite\/wp-content\/uploads\/sites\/4\/2015\/03\/agirc-retraite-cadre.jpg","dateModified":"2021-12-08T12:42:46+00:00","description":"Tout savoir sur le r\u00e9gime de retraite compl\u00e9mentaire des cadres, l'Agirc","breadcrumb":{"@id":"https:\/\/www.toutsurmesfinances.com\/retraite\/agirc-la-retraite-complementaire-des-cadres.html#breadcrumb"},"inLanguage":"fr-FR","potentialAction":[{"@type":"ReadAction","target":["https:\/\/www.toutsurmesfinances.com\/retraite\/agirc-la-retraite-complementaire-des-cadres.html"]}]},{"@type":"ImageObject","inLanguage":"fr-FR","@id":"https:\/\/www.toutsurmesfinances.com\/retraite\/agirc-la-retraite-complementaire-des-cadres.html#primaryimage","url":"https:\/\/www.toutsurmesfinances.com\/retraite\/wp-content\/uploads\/sites\/4\/2015\/03\/agirc-retraite-cadre.jpg","contentUrl":"https:\/\/www.toutsurmesfinances.com\/retraite\/wp-content\/uploads\/sites\/4\/2015\/03\/agirc-retraite-cadre.jpg","width":823,"height":463,"caption":"La valeur du point Agirc ne sera pas revaloris\u00e9e au 1er avril 2015"},{"@type":"BreadcrumbList","@id":"https:\/\/www.toutsurmesfinances.com\/retraite\/agirc-la-retraite-complementaire-des-cadres.html#breadcrumb","itemListElement":[{"@type":"ListItem","position":1,"name":"Accueil","item":"https:\/\/www.toutsurmesfinances.com\/retraite\/"},{"@type":"ListItem","position":2,"name":"Pension","item":"https:\/\/www.toutsurmesfinances.com\/retraite\/c\/pension"},{"@type":"ListItem","position":3,"name":"Caisse de retraite","item":"https:\/\/www.toutsurmesfinances.com\/retraite\/c\/caisse-de-retraite"},{"@type":"ListItem","position":4,"name":"Agirc, la retraite compl\u00e9mentaire des cadres"}]},{"@type":"WebSite","@id":"https:\/\/www.toutsurmesfinances.com\/retraite\/#website","url":"https:\/\/www.toutsurmesfinances.com\/retraite\/","name":"Retraite","description":"","publisher":{"@id":"https:\/\/www.toutsurmesfinances.com\/retraite\/#organization"},"potentialAction":[{"@type":"SearchAction","target":{"@type":"EntryPoint","urlTemplate":"https:\/\/www.toutsurmesfinances.com\/retraite\/?s={search_term_string}"},"query-input":{"@type":"PropertyValueSpecification","valueRequired":true,"valueName":"search_term_string"}}],"inLanguage":"fr-FR"},{"@type":"Organization","@id":"https:\/\/www.toutsurmesfinances.com\/retraite\/#organization","name":"Tout Sur Mes Finances","url":"https:\/\/www.toutsurmesfinances.com\/retraite\/","logo":{"@type":"ImageObject","inLanguage":"fr-FR","@id":"https:\/\/www.toutsurmesfinances.com\/retraite\/#\/schema\/logo\/image\/","url":"https:\/\/www.toutsurmesfinances.com\/retraite\/wp-content\/uploads\/sites\/4\/2021\/01\/favicon.png","contentUrl":"https:\/\/www.toutsurmesfinances.com\/retraite\/wp-content\/uploads\/sites\/4\/2021\/01\/favicon.png","width":512,"height":512,"caption":"Tout Sur Mes Finances"},"image":{"@id":"https:\/\/www.toutsurmesfinances.com\/retraite\/#\/schema\/logo\/image\/"},"sameAs":["https:\/\/x.com\/Toutsur"]},{"@type":"Person","@id":"https:\/\/www.toutsurmesfinances.com\/retraite\/#\/schema\/person\/19a038f31d078d13966363e7ab7343c6","name":"L'\u00e9quipe de r\u00e9daction","image":{"@type":"ImageObject","inLanguage":"fr-FR","@id":"https:\/\/www.toutsurmesfinances.com\/retraite\/#\/schema\/person\/image\/","url":"https:\/\/secure.gravatar.com\/avatar\/5d078ff23d3ce7cd29bc258e76954673?s=96&d=mm&r=g","contentUrl":"https:\/\/secure.gravatar.com\/avatar\/5d078ff23d3ce7cd29bc258e76954673?s=96&d=mm&r=g","caption":"L'\u00e9quipe de r\u00e9daction"}}]}},"_links":{"self":[{"href":"https:\/\/www.toutsurmesfinances.com\/retraite\/wp-json\/wp\/v2\/posts\/20504","targetHints":{"allow":["GET"]}}],"collection":[{"href":"https:\/\/www.toutsurmesfinances.com\/retraite\/wp-json\/wp\/v2\/posts"}],"about":[{"href":"https:\/\/www.toutsurmesfinances.com\/retraite\/wp-json\/wp\/v2\/types\/post"}],"author":[{"embeddable":true,"href":"https:\/\/www.toutsurmesfinances.com\/retraite\/wp-json\/wp\/v2\/users\/13718"}],"replies":[{"embeddable":true,"href":"https:\/\/www.toutsurmesfinances.com\/retraite\/wp-json\/wp\/v2\/comments?post=20504"}],"version-history":[{"count":3,"href":"https:\/\/www.toutsurmesfinances.com\/retraite\/wp-json\/wp\/v2\/posts\/20504\/revisions"}],"predecessor-version":[{"id":30369,"href":"https:\/\/www.toutsurmesfinances.com\/retraite\/wp-json\/wp\/v2\/posts\/20504\/revisions\/30369"}],"wp:featuredmedia":[{"embeddable":true,"href":"https:\/\/www.toutsurmesfinances.com\/retraite\/wp-json\/wp\/v2\/media\/20544"}],"wp:attachment":[{"href":"https:\/\/www.toutsurmesfinances.com\/retraite\/wp-json\/wp\/v2\/media?parent=20504"}],"wp:term":[{"taxonomy":"category","embeddable":true,"href":"https:\/\/www.toutsurmesfinances.com\/retraite\/wp-json\/wp\/v2\/categories?post=20504"},{"taxonomy":"post_tag","embeddable":true,"href":"https:\/\/www.toutsurmesfinances.com\/retraite\/wp-json\/wp\/v2\/tags?post=20504"}],"curies":[{"name":"wp","href":"https:\/\/api.w.org\/{rel}","templated":true}]}}