{"id":20505,"date":"2015-02-20T11:10:10","date_gmt":"2015-02-20T10:10:10","guid":{"rendered":"https:\/\/www.toutsurmesfinances.com\/retraite\/retraite-mutualiste-du-combattant-plafond-deductible-fixe-a-1-745-euros-en-2015.html"},"modified":"2021-12-08T15:15:15","modified_gmt":"2021-12-08T14:15:15","slug":"retraite-mutualiste-du-combattant-plafond-deductible-fixe-a-1-745-euros-en-2015","status":"publish","type":"post","link":"https:\/\/www.toutsurmesfinances.com\/retraite\/retraite-mutualiste-du-combattant-plafond-deductible-fixe-a-1-745-euros-en-2015.html","title":{"rendered":"Retraite mutualiste du combattant : plafond d\u00e9ductible fix\u00e9 \u00e0 1.745 euros en 2015"},"content":{"rendered":"<section class=\"l-section wpb_row height_small\"><div class=\"l-section-h i-cf\"><div class=\"g-cols vc_row via_flex valign_top type_default stacking_default\"><div class=\"vc_col-sm-12 wpb_column vc_column_container\"><div class=\"vc_column-inner\"><div class=\"wpb_wrapper\"><div class=\"wpb_text_column\"><div class=\"wpb_wrapper\"><p>Une instruction fiscale publi\u00e9e le 12 f\u00e9vrier 2015 au Bulletin officiel des finances publiques (BOFiP-Imp\u00f4ts) fixe le plafond de d\u00e9duction au titre de la retraite mutualiste du combatant (<strong>RMC<\/strong>). Les militaires, anciens combattants et victimes de guerre, qui ont souscrit \u00e0 cette retraite suppl\u00e9mentaire facultative, pourront d\u00e9duire de leur declaration 2015 portant sur leurs revenus per\u00e7us en 2014 leurs versements donnant droit \u00e0 terme \u00e0 une rente annuelle maximale de <strong>1.745 euros<\/strong>. Le plafond en vigueur pour la d\u00e9claration 2014 \u00e9tait fix\u00e9 \u00e0 1.741 euros.<\/p>\n<p>Pour rappel, la RMC est une retraite par capitalisation r\u00e9serv\u00e9e aux anciens combattants titulaires de la<strong> Carte du combattan<\/strong>t et\/ou du Titre de Reconnaissance de la Nation (<strong>TRN<\/strong>) ainsi qu&rsquo;aux victimes de guerre. Contrairement aux id\u00e9es re\u00e7ues, elle n&rsquo;est pas limit\u00e9e aux v\u00e9t\u00e9rans des guerres d&rsquo;Indochine ou d&rsquo;Alg\u00e9rie mais peut \u00eatre souscrite par des militaires ou des anciens militaires ayant particip\u00e9 \u00e0 des conflits plus r\u00e9cents, comme l&rsquo;Afghanistan, le Kosovo ou le Mali. Ils doivent, toutefois, avoir fait une demande pour obtenir la Carte du combatant ou le TRN aupr\u00e8s de l&rsquo;Office national des anciens combattants (<strong>ONAC<\/strong>).<\/p>\n<p>Outre la d\u00e9duction fiscale, la RMC permet de b\u00e9n\u00e9ficier d&rsquo;une <strong>majoration de la rente<\/strong> vers\u00e9e par l&rsquo;Etat. Cette majoration varie de 12,5% \u00e0 60% en fonction de la date de souscription, de la date de d\u00e9livrance du titre d\u00e9tenu et de l&rsquo;\u00e2ge, dans la limite de 1.745 euros en 2015. Enfin, la RMC pr\u00e9voit une<strong> revalorisation annuelle<\/strong> de la rente par l&rsquo;Etat sans conditions de ressources.<\/p>\n<\/div><\/div><\/div><\/div><\/div><\/div><\/div><\/section>\n","protected":false},"excerpt":{"rendered":"<p>\u00a0<\/p>\n","protected":false},"author":13713,"featured_media":0,"comment_status":"closed","ping_status":"closed","sticky":false,"template":"","format":"standard","meta":{"footnotes":""},"categories":[20],"tags":[],"class_list":["post-20505","post","type-post","status-publish","format-standard","hentry","category-epargne-retraite"],"acf":[],"yoast_head":"<!-- This site is optimized with the Yoast SEO plugin v24.9 - https:\/\/yoast.com\/wordpress\/plugins\/seo\/ -->\n<title>Retraite mutualiste du combattant : plafond d\u00e9ductible fix\u00e9 \u00e0 1.745 euros en 2015<\/title>\n<meta name=\"description\" content=\"ne instruction fiscale publi\u00e9e le 12 f\u00e9vrier 2015 au Bulletin officiel des finances publiques (BOFiP-Imp\u00f4ts) fixe le plafond de d\u00e9duction au titre de la retraite mutualiste du combatant (RMC). Les militaires, anciens combattants et victimes de guerre, qui\" \/>\n<meta name=\"robots\" content=\"index, follow, max-snippet:-1, max-image-preview:large, max-video-preview:-1\" \/>\n<link rel=\"canonical\" href=\"https:\/\/www.toutsurmesfinances.com\/retraite\/retraite-mutualiste-du-combattant-plafond-deductible-fixe-a-1-745-euros-en-2015.html\" \/>\n<meta property=\"og:locale\" content=\"fr_FR\" \/>\n<meta property=\"og:type\" content=\"article\" \/>\n<meta property=\"og:title\" content=\"Retraite mutualiste du combattant : plafond d\u00e9ductible fix\u00e9 \u00e0 1.745 euros en 2015\" \/>\n<meta property=\"og:description\" content=\"ne instruction fiscale publi\u00e9e le 12 f\u00e9vrier 2015 au Bulletin officiel des finances publiques (BOFiP-Imp\u00f4ts) fixe le plafond de d\u00e9duction au titre de la retraite mutualiste du combatant (RMC). Les militaires, anciens combattants et victimes de guerre, qui\" \/>\n<meta property=\"og:url\" content=\"https:\/\/www.toutsurmesfinances.com\/retraite\/retraite-mutualiste-du-combattant-plafond-deductible-fixe-a-1-745-euros-en-2015.html\" \/>\n<meta property=\"og:site_name\" content=\"Retraite\" \/>\n<meta property=\"article:published_time\" content=\"2015-02-20T10:10:10+00:00\" \/>\n<meta property=\"article:modified_time\" content=\"2021-12-08T14:15:15+00:00\" \/>\n<meta name=\"author\" content=\"Jean-Philippe Dubosc\" \/>\n<meta name=\"twitter:card\" content=\"summary_large_image\" \/>\n<meta name=\"twitter:creator\" content=\"@Toutsur\" \/>\n<meta name=\"twitter:site\" content=\"@Toutsur\" \/>\n<meta name=\"twitter:label1\" content=\"\u00c9crit par\" \/>\n\t<meta name=\"twitter:data1\" content=\"Jean-Philippe Dubosc\" \/>\n\t<meta name=\"twitter:label2\" content=\"Dur\u00e9e de lecture estim\u00e9e\" \/>\n\t<meta name=\"twitter:data2\" content=\"1 minute\" \/>\n<script type=\"application\/ld+json\" class=\"yoast-schema-graph\">{\"@context\":\"https:\/\/schema.org\",\"@graph\":[{\"@type\":\"Article\",\"@id\":\"https:\/\/www.toutsurmesfinances.com\/retraite\/retraite-mutualiste-du-combattant-plafond-deductible-fixe-a-1-745-euros-en-2015.html#article\",\"isPartOf\":{\"@id\":\"https:\/\/www.toutsurmesfinances.com\/retraite\/retraite-mutualiste-du-combattant-plafond-deductible-fixe-a-1-745-euros-en-2015.html\"},\"author\":{\"name\":\"Jean-Philippe Dubosc\",\"@id\":\"https:\/\/www.toutsurmesfinances.com\/retraite\/#\/schema\/person\/addc9e9b3978fa7947ead71bab57694c\"},\"headline\":\"Retraite mutualiste du combattant : plafond d\u00e9ductible fix\u00e9 \u00e0 1.745 euros en 2015\",\"dateModified\":\"2021-12-08T14:15:15+00:00\",\"mainEntityOfPage\":{\"@id\":\"https:\/\/www.toutsurmesfinances.com\/retraite\/retraite-mutualiste-du-combattant-plafond-deductible-fixe-a-1-745-euros-en-2015.html\"},\"wordCount\":291,\"publisher\":{\"@id\":\"https:\/\/www.toutsurmesfinances.com\/retraite\/#organization\"},\"articleSection\":[\"Epargne retraite\"],\"inLanguage\":\"fr-FR\"},{\"@type\":\"WebPage\",\"@id\":\"https:\/\/www.toutsurmesfinances.com\/retraite\/retraite-mutualiste-du-combattant-plafond-deductible-fixe-a-1-745-euros-en-2015.html\",\"url\":\"https:\/\/www.toutsurmesfinances.com\/retraite\/retraite-mutualiste-du-combattant-plafond-deductible-fixe-a-1-745-euros-en-2015.html\",\"name\":\"Retraite mutualiste du combattant : plafond d\u00e9ductible fix\u00e9 \u00e0 1.745 euros en 2015\",\"isPartOf\":{\"@id\":\"https:\/\/www.toutsurmesfinances.com\/retraite\/#website\"},\"dateModified\":\"2021-12-08T14:15:15+00:00\",\"description\":\"ne instruction fiscale publi\u00e9e le 12 f\u00e9vrier 2015 au Bulletin officiel des finances publiques (BOFiP-Imp\u00f4ts) fixe le plafond de d\u00e9duction au titre de la retraite mutualiste du combatant (RMC). Les militaires, anciens combattants et victimes de guerre, qui\",\"breadcrumb\":{\"@id\":\"https:\/\/www.toutsurmesfinances.com\/retraite\/retraite-mutualiste-du-combattant-plafond-deductible-fixe-a-1-745-euros-en-2015.html#breadcrumb\"},\"inLanguage\":\"fr-FR\",\"potentialAction\":[{\"@type\":\"ReadAction\",\"target\":[\"https:\/\/www.toutsurmesfinances.com\/retraite\/retraite-mutualiste-du-combattant-plafond-deductible-fixe-a-1-745-euros-en-2015.html\"]}]},{\"@type\":\"BreadcrumbList\",\"@id\":\"https:\/\/www.toutsurmesfinances.com\/retraite\/retraite-mutualiste-du-combattant-plafond-deductible-fixe-a-1-745-euros-en-2015.html#breadcrumb\",\"itemListElement\":[{\"@type\":\"ListItem\",\"position\":1,\"name\":\"Accueil\",\"item\":\"https:\/\/www.toutsurmesfinances.com\/retraite\/\"},{\"@type\":\"ListItem\",\"position\":2,\"name\":\"Pr\u00e9paration\",\"item\":\"https:\/\/www.toutsurmesfinances.com\/retraite\/c\/preparation\"},{\"@type\":\"ListItem\",\"position\":3,\"name\":\"Epargne retraite\",\"item\":\"https:\/\/www.toutsurmesfinances.com\/retraite\/c\/epargne-retraite\"},{\"@type\":\"ListItem\",\"position\":4,\"name\":\"Retraite mutualiste du combattant : plafond d\u00e9ductible fix\u00e9 \u00e0 1.745 euros en 2015\"}]},{\"@type\":\"WebSite\",\"@id\":\"https:\/\/www.toutsurmesfinances.com\/retraite\/#website\",\"url\":\"https:\/\/www.toutsurmesfinances.com\/retraite\/\",\"name\":\"Retraite\",\"description\":\"\",\"publisher\":{\"@id\":\"https:\/\/www.toutsurmesfinances.com\/retraite\/#organization\"},\"potentialAction\":[{\"@type\":\"SearchAction\",\"target\":{\"@type\":\"EntryPoint\",\"urlTemplate\":\"https:\/\/www.toutsurmesfinances.com\/retraite\/?s={search_term_string}\"},\"query-input\":{\"@type\":\"PropertyValueSpecification\",\"valueRequired\":true,\"valueName\":\"search_term_string\"}}],\"inLanguage\":\"fr-FR\"},{\"@type\":\"Organization\",\"@id\":\"https:\/\/www.toutsurmesfinances.com\/retraite\/#organization\",\"name\":\"Tout Sur Mes Finances\",\"url\":\"https:\/\/www.toutsurmesfinances.com\/retraite\/\",\"logo\":{\"@type\":\"ImageObject\",\"inLanguage\":\"fr-FR\",\"@id\":\"https:\/\/www.toutsurmesfinances.com\/retraite\/#\/schema\/logo\/image\/\",\"url\":\"https:\/\/www.toutsurmesfinances.com\/retraite\/wp-content\/uploads\/sites\/4\/2021\/01\/favicon.png\",\"contentUrl\":\"https:\/\/www.toutsurmesfinances.com\/retraite\/wp-content\/uploads\/sites\/4\/2021\/01\/favicon.png\",\"width\":512,\"height\":512,\"caption\":\"Tout Sur Mes Finances\"},\"image\":{\"@id\":\"https:\/\/www.toutsurmesfinances.com\/retraite\/#\/schema\/logo\/image\/\"},\"sameAs\":[\"https:\/\/x.com\/Toutsur\"]},{\"@type\":\"Person\",\"@id\":\"https:\/\/www.toutsurmesfinances.com\/retraite\/#\/schema\/person\/addc9e9b3978fa7947ead71bab57694c\",\"name\":\"Jean-Philippe Dubosc\",\"image\":{\"@type\":\"ImageObject\",\"inLanguage\":\"fr-FR\",\"@id\":\"https:\/\/www.toutsurmesfinances.com\/retraite\/#\/schema\/person\/image\/\",\"url\":\"https:\/\/secure.gravatar.com\/avatar\/a3cba30cdda1afe79f6ebffc6e952291?s=96&d=mm&r=g\",\"contentUrl\":\"https:\/\/secure.gravatar.com\/avatar\/a3cba30cdda1afe79f6ebffc6e952291?s=96&d=mm&r=g\",\"caption\":\"Jean-Philippe Dubosc\"},\"description\":\"Jean-Philippe Dubosc est r\u00e9dacteur en chef de ToutSurMesFinances.com et sp\u00e9cialiste des questions de retraite obligatoire et d\u2019\u00e9pargne. Pr\u00e9sent au sein du m\u00e9dia depuis plus de 13 ans, il analyse les r\u00e9formes, les dispositifs r\u00e9glementaires et les strat\u00e9gies de d\u00e9part \u00e0 la retraite, avec une approche fond\u00e9e sur une lecture rigoureuse des textes et une connaissance approfondie des diff\u00e9rents r\u00e9gimes de retraite.\",\"sameAs\":[\"https:\/\/www.toutsurmesfinances.com\/author\/jpdubosc\",\"https:\/\/fr.linkedin.com\/in\/jpdubosc\"]}]}<\/script>\n<!-- \/ Yoast SEO plugin. -->","yoast_head_json":{"title":"Retraite mutualiste du combattant : plafond d\u00e9ductible fix\u00e9 \u00e0 1.745 euros en 2015","description":"ne instruction fiscale publi\u00e9e le 12 f\u00e9vrier 2015 au Bulletin officiel des finances publiques (BOFiP-Imp\u00f4ts) fixe le plafond de d\u00e9duction au titre de la retraite mutualiste du combatant (RMC). Les militaires, anciens combattants et victimes de guerre, qui","robots":{"index":"index","follow":"follow","max-snippet":"max-snippet:-1","max-image-preview":"max-image-preview:large","max-video-preview":"max-video-preview:-1"},"canonical":"https:\/\/www.toutsurmesfinances.com\/retraite\/retraite-mutualiste-du-combattant-plafond-deductible-fixe-a-1-745-euros-en-2015.html","og_locale":"fr_FR","og_type":"article","og_title":"Retraite mutualiste du combattant : plafond d\u00e9ductible fix\u00e9 \u00e0 1.745 euros en 2015","og_description":"ne instruction fiscale publi\u00e9e le 12 f\u00e9vrier 2015 au Bulletin officiel des finances publiques (BOFiP-Imp\u00f4ts) fixe le plafond de d\u00e9duction au titre de la retraite mutualiste du combatant (RMC). Les militaires, anciens combattants et victimes de guerre, qui","og_url":"https:\/\/www.toutsurmesfinances.com\/retraite\/retraite-mutualiste-du-combattant-plafond-deductible-fixe-a-1-745-euros-en-2015.html","og_site_name":"Retraite","article_published_time":"2015-02-20T10:10:10+00:00","article_modified_time":"2021-12-08T14:15:15+00:00","author":"Jean-Philippe Dubosc","twitter_card":"summary_large_image","twitter_creator":"@Toutsur","twitter_site":"@Toutsur","twitter_misc":{"\u00c9crit par":"Jean-Philippe Dubosc","Dur\u00e9e de lecture estim\u00e9e":"1 minute"},"schema":{"@context":"https:\/\/schema.org","@graph":[{"@type":"Article","@id":"https:\/\/www.toutsurmesfinances.com\/retraite\/retraite-mutualiste-du-combattant-plafond-deductible-fixe-a-1-745-euros-en-2015.html#article","isPartOf":{"@id":"https:\/\/www.toutsurmesfinances.com\/retraite\/retraite-mutualiste-du-combattant-plafond-deductible-fixe-a-1-745-euros-en-2015.html"},"author":{"name":"Jean-Philippe Dubosc","@id":"https:\/\/www.toutsurmesfinances.com\/retraite\/#\/schema\/person\/addc9e9b3978fa7947ead71bab57694c"},"headline":"Retraite mutualiste du combattant : plafond d\u00e9ductible fix\u00e9 \u00e0 1.745 euros en 2015","dateModified":"2021-12-08T14:15:15+00:00","mainEntityOfPage":{"@id":"https:\/\/www.toutsurmesfinances.com\/retraite\/retraite-mutualiste-du-combattant-plafond-deductible-fixe-a-1-745-euros-en-2015.html"},"wordCount":291,"publisher":{"@id":"https:\/\/www.toutsurmesfinances.com\/retraite\/#organization"},"articleSection":["Epargne retraite"],"inLanguage":"fr-FR"},{"@type":"WebPage","@id":"https:\/\/www.toutsurmesfinances.com\/retraite\/retraite-mutualiste-du-combattant-plafond-deductible-fixe-a-1-745-euros-en-2015.html","url":"https:\/\/www.toutsurmesfinances.com\/retraite\/retraite-mutualiste-du-combattant-plafond-deductible-fixe-a-1-745-euros-en-2015.html","name":"Retraite mutualiste du combattant : plafond d\u00e9ductible fix\u00e9 \u00e0 1.745 euros en 2015","isPartOf":{"@id":"https:\/\/www.toutsurmesfinances.com\/retraite\/#website"},"dateModified":"2021-12-08T14:15:15+00:00","description":"ne instruction fiscale publi\u00e9e le 12 f\u00e9vrier 2015 au Bulletin officiel des finances publiques (BOFiP-Imp\u00f4ts) fixe le plafond de d\u00e9duction au titre de la retraite mutualiste du combatant (RMC). Les militaires, anciens combattants et victimes de guerre, qui","breadcrumb":{"@id":"https:\/\/www.toutsurmesfinances.com\/retraite\/retraite-mutualiste-du-combattant-plafond-deductible-fixe-a-1-745-euros-en-2015.html#breadcrumb"},"inLanguage":"fr-FR","potentialAction":[{"@type":"ReadAction","target":["https:\/\/www.toutsurmesfinances.com\/retraite\/retraite-mutualiste-du-combattant-plafond-deductible-fixe-a-1-745-euros-en-2015.html"]}]},{"@type":"BreadcrumbList","@id":"https:\/\/www.toutsurmesfinances.com\/retraite\/retraite-mutualiste-du-combattant-plafond-deductible-fixe-a-1-745-euros-en-2015.html#breadcrumb","itemListElement":[{"@type":"ListItem","position":1,"name":"Accueil","item":"https:\/\/www.toutsurmesfinances.com\/retraite\/"},{"@type":"ListItem","position":2,"name":"Pr\u00e9paration","item":"https:\/\/www.toutsurmesfinances.com\/retraite\/c\/preparation"},{"@type":"ListItem","position":3,"name":"Epargne retraite","item":"https:\/\/www.toutsurmesfinances.com\/retraite\/c\/epargne-retraite"},{"@type":"ListItem","position":4,"name":"Retraite mutualiste du combattant : plafond d\u00e9ductible fix\u00e9 \u00e0 1.745 euros en 2015"}]},{"@type":"WebSite","@id":"https:\/\/www.toutsurmesfinances.com\/retraite\/#website","url":"https:\/\/www.toutsurmesfinances.com\/retraite\/","name":"Retraite","description":"","publisher":{"@id":"https:\/\/www.toutsurmesfinances.com\/retraite\/#organization"},"potentialAction":[{"@type":"SearchAction","target":{"@type":"EntryPoint","urlTemplate":"https:\/\/www.toutsurmesfinances.com\/retraite\/?s={search_term_string}"},"query-input":{"@type":"PropertyValueSpecification","valueRequired":true,"valueName":"search_term_string"}}],"inLanguage":"fr-FR"},{"@type":"Organization","@id":"https:\/\/www.toutsurmesfinances.com\/retraite\/#organization","name":"Tout Sur Mes Finances","url":"https:\/\/www.toutsurmesfinances.com\/retraite\/","logo":{"@type":"ImageObject","inLanguage":"fr-FR","@id":"https:\/\/www.toutsurmesfinances.com\/retraite\/#\/schema\/logo\/image\/","url":"https:\/\/www.toutsurmesfinances.com\/retraite\/wp-content\/uploads\/sites\/4\/2021\/01\/favicon.png","contentUrl":"https:\/\/www.toutsurmesfinances.com\/retraite\/wp-content\/uploads\/sites\/4\/2021\/01\/favicon.png","width":512,"height":512,"caption":"Tout Sur Mes Finances"},"image":{"@id":"https:\/\/www.toutsurmesfinances.com\/retraite\/#\/schema\/logo\/image\/"},"sameAs":["https:\/\/x.com\/Toutsur"]},{"@type":"Person","@id":"https:\/\/www.toutsurmesfinances.com\/retraite\/#\/schema\/person\/addc9e9b3978fa7947ead71bab57694c","name":"Jean-Philippe Dubosc","image":{"@type":"ImageObject","inLanguage":"fr-FR","@id":"https:\/\/www.toutsurmesfinances.com\/retraite\/#\/schema\/person\/image\/","url":"https:\/\/secure.gravatar.com\/avatar\/a3cba30cdda1afe79f6ebffc6e952291?s=96&d=mm&r=g","contentUrl":"https:\/\/secure.gravatar.com\/avatar\/a3cba30cdda1afe79f6ebffc6e952291?s=96&d=mm&r=g","caption":"Jean-Philippe Dubosc"},"description":"Jean-Philippe Dubosc est r\u00e9dacteur en chef de ToutSurMesFinances.com et sp\u00e9cialiste des questions de retraite obligatoire et d\u2019\u00e9pargne. Pr\u00e9sent au sein du m\u00e9dia depuis plus de 13 ans, il analyse les r\u00e9formes, les dispositifs r\u00e9glementaires et les strat\u00e9gies de d\u00e9part \u00e0 la retraite, avec une approche fond\u00e9e sur une lecture rigoureuse des textes et une connaissance approfondie des diff\u00e9rents r\u00e9gimes de retraite.","sameAs":["https:\/\/www.toutsurmesfinances.com\/author\/jpdubosc","https:\/\/fr.linkedin.com\/in\/jpdubosc"]}]}},"_links":{"self":[{"href":"https:\/\/www.toutsurmesfinances.com\/retraite\/wp-json\/wp\/v2\/posts\/20505","targetHints":{"allow":["GET"]}}],"collection":[{"href":"https:\/\/www.toutsurmesfinances.com\/retraite\/wp-json\/wp\/v2\/posts"}],"about":[{"href":"https:\/\/www.toutsurmesfinances.com\/retraite\/wp-json\/wp\/v2\/types\/post"}],"author":[{"embeddable":true,"href":"https:\/\/www.toutsurmesfinances.com\/retraite\/wp-json\/wp\/v2\/users\/13713"}],"replies":[{"embeddable":true,"href":"https:\/\/www.toutsurmesfinances.com\/retraite\/wp-json\/wp\/v2\/comments?post=20505"}],"version-history":[{"count":3,"href":"https:\/\/www.toutsurmesfinances.com\/retraite\/wp-json\/wp\/v2\/posts\/20505\/revisions"}],"predecessor-version":[{"id":30551,"href":"https:\/\/www.toutsurmesfinances.com\/retraite\/wp-json\/wp\/v2\/posts\/20505\/revisions\/30551"}],"wp:attachment":[{"href":"https:\/\/www.toutsurmesfinances.com\/retraite\/wp-json\/wp\/v2\/media?parent=20505"}],"wp:term":[{"taxonomy":"category","embeddable":true,"href":"https:\/\/www.toutsurmesfinances.com\/retraite\/wp-json\/wp\/v2\/categories?post=20505"},{"taxonomy":"post_tag","embeddable":true,"href":"https:\/\/www.toutsurmesfinances.com\/retraite\/wp-json\/wp\/v2\/tags?post=20505"}],"curies":[{"name":"wp","href":"https:\/\/api.w.org\/{rel}","templated":true}]}}