{"id":20562,"date":"2015-03-19T16:21:37","date_gmt":"2015-03-19T15:21:37","guid":{"rendered":"https:\/\/www.toutsurmesfinances.com\/retraite\/agirc-arrco-les-retraites-complementaires-gelees-jusqu-en-2018.html"},"modified":"2025-07-10T16:08:23","modified_gmt":"2025-07-10T14:08:23","slug":"agirc-arrco-les-retraites-complementaires-gelees-jusqu-en-2018","status":"publish","type":"post","link":"https:\/\/www.toutsurmesfinances.com\/retraite\/agirc-arrco-les-retraites-complementaires-gelees-jusqu-en-2018.html","title":{"rendered":"Agirc-Arrco : les retraites compl\u00e9mentaires gel\u00e9es jusqu&rsquo;en 2018 ?"},"content":{"rendered":"<section class=\"l-section wpb_row height_small\"><div class=\"l-section-h i-cf\"><div class=\"g-cols vc_row via_flex valign_top type_default stacking_default\"><div class=\"vc_col-sm-12 wpb_column vc_column_container\"><div class=\"vc_column-inner\"><div class=\"wpb_wrapper\"><div class=\"wpb_text_column\"><div class=\"wpb_wrapper\"><p>Les retrait\u00e9s du priv\u00e9 n&rsquo;ont peut-\u00eatre pas fini de souffrir. Alors que l&rsquo;<strong>Arrco<\/strong> (l<a href=\"https:\/\/www.toutsurmesfinances.com\/retraite\/arrco-la-retraite-complementaire-des-salaries.html\" target=\"_blank\" rel=\"noopener noreferrer\">e r\u00e9gime compl\u00e9mentaire de tous les salari\u00e9s<\/a>) et l<strong>&lsquo;Agirc<\/strong> (<a href=\"https:\/\/www.toutsurmesfinances.com\/retraite\/agirc-la-retraite-complementaire-des-cadres.html\" target=\"_blank\" rel=\"noopener noreferrer\">le r\u00e9gime compl\u00e9mentaire des seuls cadres<\/a>) viennent de d\u00e9cider de ne pas augmenter pour la deuxi\u00e8me ann\u00e9e cons\u00e9cutive les points de service, les partenaires sociaux, gestionnaires des deux r\u00e9gimes, pourraient se r\u00e9soudre \u00e0 geler les pensions jusqu&rsquo;en&#8230; 2018 !<\/p>\n<p>C&rsquo;est du moins l&rsquo;une des solutions propos\u00e9es par le <strong>Medef<\/strong> pour restaurer les finances de l&rsquo;Agirc et de l&rsquo;Arrco. D&rsquo;apr\u00e8s un document de travail r\u00e9dig\u00e9 par l&rsquo;organisation patronale et qui sera examin\u00e9 au cours de la deuxi\u00e8me journ\u00e9e de n\u00e9gociation sur les retraites compl\u00e9mentaires organis\u00e9e le 20 mars 2015, ne pas revaloriser les pensions compl\u00e9mentaires dans les trois prochaines ann\u00e9es permettrait de g\u00e9n\u00e9rer 4 milliards d&rsquo;euros d&rsquo;\u00e9conomies en 2020.<\/p>\n<h2><span class=\"ez-toc-section\" id=\"Plus_de_la_moitie_du_deficit_resorbe\"><\/span>Plus de la moiti\u00e9 du d\u00e9ficit r\u00e9sorb\u00e9<span class=\"ez-toc-section-end\"><\/span><\/h2>\n<p>L&rsquo;op\u00e9ration permettrait ainsi de r\u00e9sorber \u00e0 elle-seule plus de la moiti\u00e9 des 7 milliards d&rsquo;euros de d\u00e9ficit cumul\u00e9 attendu \u00e0 cette date. Cependant, le document du Medef s&rsquo;appuie sur des pr\u00e9visions d&rsquo;inflation plut\u00f4t optimistes (+ 1,4% en 2016, + 1,75% en 2017, + 1,75% en 2018). Or, en cas de faible hausse des prix \u00e0 la consommation, une absence d&rsquo;indexation rapporte peu. Il n&#8217;emp\u00eache, la solution peut para\u00eetre s\u00e9duisante, y compris chez les syndicats.<\/p>\n<p>Un gel, m\u00eame s&rsquo;il \u00e9rode le pouvoir d&rsquo;achat des retrait\u00e9s, n&rsquo;a pas un impact traumatisant, comme pourrait provoquer une baisse du montant des pensions. En outre, les syndicats (\u00e0 l&rsquo;exception de la <strong>CGT<\/strong> et dans une moindre mesure de <strong>FO<\/strong>) reconnaissent que les efforts doivent \u00eatre partag\u00e9s. Difficile de ne pas solliciter les retrait\u00e9s alors que les entreprises et les salari\u00e9s pourraient \u00eatre soumis \u00e0 une nouvelle hausse des cotisations \u00e0 l&rsquo;issue des n\u00e9gociations en cours.<\/p>\n<h2><span class=\"ez-toc-section\" id=\"Alternative_inacceptable\"><\/span>Alternative inacceptable<span class=\"ez-toc-section-end\"><\/span><\/h2>\n<p>Le Medef propose une autre alternative : instaurer un abattement d\u00e9gressif entre 62 et 67 ans afin d&rsquo;inciter les actifs \u00e0 travailler, et donc \u00e0 cotiser, plus longtemps. Probl\u00e8me : pour \u00eatre efficace, la d\u00e9cote devra \u00eatre \u00e9lev\u00e9e. En instaurant une minoration de \u00ab seulement \u00bb 20% sur la pension compl\u00e9mentaire \u00e0 62 ans, le Medef a estim\u00e9 l&rsquo;\u00e9conomie g\u00e9n\u00e9r\u00e9e \u00e0 2,1 milliards d&rsquo;euros en 2020. Avec un abattement de 40% \u00e0 62 ans, le gain atteindrait 4,3 milliards d&rsquo;euros en 2020. Soit un peu plus que le gel des pensions sur trois ans.<\/p>\n<p>Reste qu&rsquo;aux yeux des syndicats, un tel m\u00e9canisme remettrait en cause le d\u00e9part \u00e0 la retraite \u00e0 62 ans. Impossible ! En comparaison, l&rsquo;absence de revalorisation des pensions compl\u00e9mentaires leur para\u00eet plus acceptable, d&rsquo;autant que la mesure est d\u00e9j\u00e0 en vigueur aujourd&rsquo;hui&#8230;<\/p>\n<p>&nbsp;<\/p>\n<\/div><\/div><\/div><\/div><\/div><\/div><\/div><\/section>\n","protected":false},"excerpt":{"rendered":"<p>Patronat et syndicats vont se r\u00e9unir pour la deuxi\u00e8me fois le 20 mars 2015 pour d\u00e9gager des solutions de financement pour les r\u00e9gimes de retraite compl\u00e9mentaire. Un gel des pensions durant trois ans fait partie des pistes envisag\u00e9es. \u00a0  \u00a0<\/p>\n","protected":false},"author":13713,"featured_media":32226,"comment_status":"closed","ping_status":"closed","sticky":false,"template":"","format":"standard","meta":{"footnotes":""},"categories":[29],"tags":[],"class_list":["post-20562","post","type-post","status-publish","format-standard","has-post-thumbnail","hentry","category-retraite-complementaire"],"acf":[],"yoast_head":"<!-- This site is optimized with the Yoast SEO plugin v24.9 - https:\/\/yoast.com\/wordpress\/plugins\/seo\/ -->\n<title>Agirc-Arrco : les retraites compl\u00e9mentaires gel\u00e9es jusqu&#039;en 2018 ?<\/title>\n<meta name=\"description\" content=\"Patronat et syndicats vont se r\u00e9unir pour la deuxi\u00e8me fois le 20 mars 2015 pour d\u00e9gager des solutions de financement pour les r\u00e9gimes de retraite compl\u00e9mentaire. Un gel des pensions durant trois ans fait partie des pistes envisag\u00e9es.\" \/>\n<meta name=\"robots\" content=\"index, follow, max-snippet:-1, max-image-preview:large, max-video-preview:-1\" \/>\n<link rel=\"canonical\" href=\"https:\/\/www.toutsurmesfinances.com\/retraite\/agirc-arrco-les-retraites-complementaires-gelees-jusqu-en-2018.html\" \/>\n<meta property=\"og:locale\" content=\"fr_FR\" \/>\n<meta property=\"og:type\" content=\"article\" \/>\n<meta property=\"og:title\" content=\"Agirc-Arrco : les retraites compl\u00e9mentaires gel\u00e9es jusqu&#039;en 2018 ?\" \/>\n<meta property=\"og:description\" content=\"Patronat et syndicats vont se r\u00e9unir pour la deuxi\u00e8me fois le 20 mars 2015 pour d\u00e9gager des solutions de financement pour les r\u00e9gimes de retraite compl\u00e9mentaire. Un gel des pensions durant trois ans fait partie des pistes envisag\u00e9es.\" \/>\n<meta property=\"og:url\" content=\"https:\/\/www.toutsurmesfinances.com\/retraite\/agirc-arrco-les-retraites-complementaires-gelees-jusqu-en-2018.html\" \/>\n<meta property=\"og:site_name\" content=\"Retraite\" \/>\n<meta property=\"article:published_time\" content=\"2015-03-19T15:21:37+00:00\" \/>\n<meta property=\"article:modified_time\" content=\"2025-07-10T14:08:23+00:00\" \/>\n<meta property=\"og:image\" content=\"https:\/\/www.toutsurmesfinances.com\/retraite\/wp-content\/uploads\/sites\/4\/2025\/04\/image-retraite-complementaire.jpg\" \/>\n\t<meta property=\"og:image:width\" content=\"600\" \/>\n\t<meta property=\"og:image:height\" content=\"400\" \/>\n\t<meta property=\"og:image:type\" content=\"image\/jpeg\" \/>\n<meta name=\"author\" content=\"Jean-Philippe Dubosc\" \/>\n<meta name=\"twitter:card\" content=\"summary_large_image\" \/>\n<meta name=\"twitter:creator\" content=\"@Toutsur\" \/>\n<meta name=\"twitter:site\" content=\"@Toutsur\" \/>\n<meta name=\"twitter:label1\" content=\"\u00c9crit par\" \/>\n\t<meta name=\"twitter:data1\" content=\"Jean-Philippe Dubosc\" \/>\n\t<meta name=\"twitter:label2\" content=\"Dur\u00e9e de lecture estim\u00e9e\" \/>\n\t<meta name=\"twitter:data2\" content=\"3 minutes\" \/>\n<script type=\"application\/ld+json\" class=\"yoast-schema-graph\">{\"@context\":\"https:\/\/schema.org\",\"@graph\":[{\"@type\":\"Article\",\"@id\":\"https:\/\/www.toutsurmesfinances.com\/retraite\/agirc-arrco-les-retraites-complementaires-gelees-jusqu-en-2018.html#article\",\"isPartOf\":{\"@id\":\"https:\/\/www.toutsurmesfinances.com\/retraite\/agirc-arrco-les-retraites-complementaires-gelees-jusqu-en-2018.html\"},\"author\":{\"name\":\"Jean-Philippe Dubosc\",\"@id\":\"https:\/\/www.toutsurmesfinances.com\/retraite\/#\/schema\/person\/addc9e9b3978fa7947ead71bab57694c\"},\"headline\":\"Agirc-Arrco : les retraites compl\u00e9mentaires gel\u00e9es jusqu&rsquo;en 2018 ?\",\"dateModified\":\"2025-07-10T14:08:23+00:00\",\"mainEntityOfPage\":{\"@id\":\"https:\/\/www.toutsurmesfinances.com\/retraite\/agirc-arrco-les-retraites-complementaires-gelees-jusqu-en-2018.html\"},\"wordCount\":488,\"publisher\":{\"@id\":\"https:\/\/www.toutsurmesfinances.com\/retraite\/#organization\"},\"image\":{\"@id\":\"https:\/\/www.toutsurmesfinances.com\/retraite\/agirc-arrco-les-retraites-complementaires-gelees-jusqu-en-2018.html#primaryimage\"},\"thumbnailUrl\":\"https:\/\/www.toutsurmesfinances.com\/retraite\/wp-content\/uploads\/sites\/4\/2025\/04\/image-retraite-complementaire.jpg\",\"articleSection\":[\"Retraite compl\u00e9mentaire\"],\"inLanguage\":\"fr-FR\"},{\"@type\":\"WebPage\",\"@id\":\"https:\/\/www.toutsurmesfinances.com\/retraite\/agirc-arrco-les-retraites-complementaires-gelees-jusqu-en-2018.html\",\"url\":\"https:\/\/www.toutsurmesfinances.com\/retraite\/agirc-arrco-les-retraites-complementaires-gelees-jusqu-en-2018.html\",\"name\":\"Agirc-Arrco : les retraites compl\u00e9mentaires gel\u00e9es jusqu'en 2018 ?\",\"isPartOf\":{\"@id\":\"https:\/\/www.toutsurmesfinances.com\/retraite\/#website\"},\"primaryImageOfPage\":{\"@id\":\"https:\/\/www.toutsurmesfinances.com\/retraite\/agirc-arrco-les-retraites-complementaires-gelees-jusqu-en-2018.html#primaryimage\"},\"image\":{\"@id\":\"https:\/\/www.toutsurmesfinances.com\/retraite\/agirc-arrco-les-retraites-complementaires-gelees-jusqu-en-2018.html#primaryimage\"},\"thumbnailUrl\":\"https:\/\/www.toutsurmesfinances.com\/retraite\/wp-content\/uploads\/sites\/4\/2025\/04\/image-retraite-complementaire.jpg\",\"dateModified\":\"2025-07-10T14:08:23+00:00\",\"description\":\"Patronat et syndicats vont se r\u00e9unir pour la deuxi\u00e8me fois le 20 mars 2015 pour d\u00e9gager des solutions de financement pour les r\u00e9gimes de retraite compl\u00e9mentaire. Un gel des pensions durant trois ans fait partie des pistes envisag\u00e9es.\",\"breadcrumb\":{\"@id\":\"https:\/\/www.toutsurmesfinances.com\/retraite\/agirc-arrco-les-retraites-complementaires-gelees-jusqu-en-2018.html#breadcrumb\"},\"inLanguage\":\"fr-FR\",\"potentialAction\":[{\"@type\":\"ReadAction\",\"target\":[\"https:\/\/www.toutsurmesfinances.com\/retraite\/agirc-arrco-les-retraites-complementaires-gelees-jusqu-en-2018.html\"]}]},{\"@type\":\"ImageObject\",\"inLanguage\":\"fr-FR\",\"@id\":\"https:\/\/www.toutsurmesfinances.com\/retraite\/agirc-arrco-les-retraites-complementaires-gelees-jusqu-en-2018.html#primaryimage\",\"url\":\"https:\/\/www.toutsurmesfinances.com\/retraite\/wp-content\/uploads\/sites\/4\/2025\/04\/image-retraite-complementaire.jpg\",\"contentUrl\":\"https:\/\/www.toutsurmesfinances.com\/retraite\/wp-content\/uploads\/sites\/4\/2025\/04\/image-retraite-complementaire.jpg\",\"width\":600,\"height\":400},{\"@type\":\"BreadcrumbList\",\"@id\":\"https:\/\/www.toutsurmesfinances.com\/retraite\/agirc-arrco-les-retraites-complementaires-gelees-jusqu-en-2018.html#breadcrumb\",\"itemListElement\":[{\"@type\":\"ListItem\",\"position\":1,\"name\":\"Accueil\",\"item\":\"https:\/\/www.toutsurmesfinances.com\/retraite\/\"},{\"@type\":\"ListItem\",\"position\":2,\"name\":\"Compl\u00e9mentaire\",\"item\":\"https:\/\/www.toutsurmesfinances.com\/retraite\/c\/complementaire\"},{\"@type\":\"ListItem\",\"position\":3,\"name\":\"Retraite compl\u00e9mentaire\",\"item\":\"https:\/\/www.toutsurmesfinances.com\/retraite\/c\/retraite-complementaire\"},{\"@type\":\"ListItem\",\"position\":4,\"name\":\"Agirc-Arrco : les retraites compl\u00e9mentaires gel\u00e9es jusqu&rsquo;en 2018 ?\"}]},{\"@type\":\"WebSite\",\"@id\":\"https:\/\/www.toutsurmesfinances.com\/retraite\/#website\",\"url\":\"https:\/\/www.toutsurmesfinances.com\/retraite\/\",\"name\":\"Retraite\",\"description\":\"\",\"publisher\":{\"@id\":\"https:\/\/www.toutsurmesfinances.com\/retraite\/#organization\"},\"potentialAction\":[{\"@type\":\"SearchAction\",\"target\":{\"@type\":\"EntryPoint\",\"urlTemplate\":\"https:\/\/www.toutsurmesfinances.com\/retraite\/?s={search_term_string}\"},\"query-input\":{\"@type\":\"PropertyValueSpecification\",\"valueRequired\":true,\"valueName\":\"search_term_string\"}}],\"inLanguage\":\"fr-FR\"},{\"@type\":\"Organization\",\"@id\":\"https:\/\/www.toutsurmesfinances.com\/retraite\/#organization\",\"name\":\"Tout Sur Mes Finances\",\"url\":\"https:\/\/www.toutsurmesfinances.com\/retraite\/\",\"logo\":{\"@type\":\"ImageObject\",\"inLanguage\":\"fr-FR\",\"@id\":\"https:\/\/www.toutsurmesfinances.com\/retraite\/#\/schema\/logo\/image\/\",\"url\":\"https:\/\/www.toutsurmesfinances.com\/retraite\/wp-content\/uploads\/sites\/4\/2021\/01\/favicon.png\",\"contentUrl\":\"https:\/\/www.toutsurmesfinances.com\/retraite\/wp-content\/uploads\/sites\/4\/2021\/01\/favicon.png\",\"width\":512,\"height\":512,\"caption\":\"Tout Sur Mes Finances\"},\"image\":{\"@id\":\"https:\/\/www.toutsurmesfinances.com\/retraite\/#\/schema\/logo\/image\/\"},\"sameAs\":[\"https:\/\/x.com\/Toutsur\"]},{\"@type\":\"Person\",\"@id\":\"https:\/\/www.toutsurmesfinances.com\/retraite\/#\/schema\/person\/addc9e9b3978fa7947ead71bab57694c\",\"name\":\"Jean-Philippe Dubosc\",\"image\":{\"@type\":\"ImageObject\",\"inLanguage\":\"fr-FR\",\"@id\":\"https:\/\/www.toutsurmesfinances.com\/retraite\/#\/schema\/person\/image\/\",\"url\":\"https:\/\/secure.gravatar.com\/avatar\/a3cba30cdda1afe79f6ebffc6e952291?s=96&d=mm&r=g\",\"contentUrl\":\"https:\/\/secure.gravatar.com\/avatar\/a3cba30cdda1afe79f6ebffc6e952291?s=96&d=mm&r=g\",\"caption\":\"Jean-Philippe Dubosc\"},\"description\":\"Jean-Philippe Dubosc est r\u00e9dacteur en chef de ToutSurMesFinances.com et sp\u00e9cialiste des questions de retraite obligatoire et d\u2019\u00e9pargne. Pr\u00e9sent au sein du m\u00e9dia depuis plus de 13 ans, il analyse les r\u00e9formes, les dispositifs r\u00e9glementaires et les strat\u00e9gies de d\u00e9part \u00e0 la retraite, avec une approche fond\u00e9e sur une lecture rigoureuse des textes et une connaissance approfondie des diff\u00e9rents r\u00e9gimes de retraite.\",\"sameAs\":[\"https:\/\/www.toutsurmesfinances.com\/author\/jpdubosc\",\"https:\/\/fr.linkedin.com\/in\/jpdubosc\"]}]}<\/script>\n<!-- \/ Yoast SEO plugin. -->","yoast_head_json":{"title":"Agirc-Arrco : les retraites compl\u00e9mentaires gel\u00e9es jusqu'en 2018 ?","description":"Patronat et syndicats vont se r\u00e9unir pour la deuxi\u00e8me fois le 20 mars 2015 pour d\u00e9gager des solutions de financement pour les r\u00e9gimes de retraite compl\u00e9mentaire. Un gel des pensions durant trois ans fait partie des pistes envisag\u00e9es.","robots":{"index":"index","follow":"follow","max-snippet":"max-snippet:-1","max-image-preview":"max-image-preview:large","max-video-preview":"max-video-preview:-1"},"canonical":"https:\/\/www.toutsurmesfinances.com\/retraite\/agirc-arrco-les-retraites-complementaires-gelees-jusqu-en-2018.html","og_locale":"fr_FR","og_type":"article","og_title":"Agirc-Arrco : les retraites compl\u00e9mentaires gel\u00e9es jusqu'en 2018 ?","og_description":"Patronat et syndicats vont se r\u00e9unir pour la deuxi\u00e8me fois le 20 mars 2015 pour d\u00e9gager des solutions de financement pour les r\u00e9gimes de retraite compl\u00e9mentaire. Un gel des pensions durant trois ans fait partie des pistes envisag\u00e9es.","og_url":"https:\/\/www.toutsurmesfinances.com\/retraite\/agirc-arrco-les-retraites-complementaires-gelees-jusqu-en-2018.html","og_site_name":"Retraite","article_published_time":"2015-03-19T15:21:37+00:00","article_modified_time":"2025-07-10T14:08:23+00:00","og_image":[{"width":600,"height":400,"url":"https:\/\/www.toutsurmesfinances.com\/retraite\/wp-content\/uploads\/sites\/4\/2025\/04\/image-retraite-complementaire.jpg","type":"image\/jpeg"}],"author":"Jean-Philippe Dubosc","twitter_card":"summary_large_image","twitter_creator":"@Toutsur","twitter_site":"@Toutsur","twitter_misc":{"\u00c9crit par":"Jean-Philippe Dubosc","Dur\u00e9e de lecture estim\u00e9e":"3 minutes"},"schema":{"@context":"https:\/\/schema.org","@graph":[{"@type":"Article","@id":"https:\/\/www.toutsurmesfinances.com\/retraite\/agirc-arrco-les-retraites-complementaires-gelees-jusqu-en-2018.html#article","isPartOf":{"@id":"https:\/\/www.toutsurmesfinances.com\/retraite\/agirc-arrco-les-retraites-complementaires-gelees-jusqu-en-2018.html"},"author":{"name":"Jean-Philippe Dubosc","@id":"https:\/\/www.toutsurmesfinances.com\/retraite\/#\/schema\/person\/addc9e9b3978fa7947ead71bab57694c"},"headline":"Agirc-Arrco : les retraites compl\u00e9mentaires gel\u00e9es jusqu&rsquo;en 2018 ?","dateModified":"2025-07-10T14:08:23+00:00","mainEntityOfPage":{"@id":"https:\/\/www.toutsurmesfinances.com\/retraite\/agirc-arrco-les-retraites-complementaires-gelees-jusqu-en-2018.html"},"wordCount":488,"publisher":{"@id":"https:\/\/www.toutsurmesfinances.com\/retraite\/#organization"},"image":{"@id":"https:\/\/www.toutsurmesfinances.com\/retraite\/agirc-arrco-les-retraites-complementaires-gelees-jusqu-en-2018.html#primaryimage"},"thumbnailUrl":"https:\/\/www.toutsurmesfinances.com\/retraite\/wp-content\/uploads\/sites\/4\/2025\/04\/image-retraite-complementaire.jpg","articleSection":["Retraite compl\u00e9mentaire"],"inLanguage":"fr-FR"},{"@type":"WebPage","@id":"https:\/\/www.toutsurmesfinances.com\/retraite\/agirc-arrco-les-retraites-complementaires-gelees-jusqu-en-2018.html","url":"https:\/\/www.toutsurmesfinances.com\/retraite\/agirc-arrco-les-retraites-complementaires-gelees-jusqu-en-2018.html","name":"Agirc-Arrco : les retraites compl\u00e9mentaires gel\u00e9es jusqu'en 2018 ?","isPartOf":{"@id":"https:\/\/www.toutsurmesfinances.com\/retraite\/#website"},"primaryImageOfPage":{"@id":"https:\/\/www.toutsurmesfinances.com\/retraite\/agirc-arrco-les-retraites-complementaires-gelees-jusqu-en-2018.html#primaryimage"},"image":{"@id":"https:\/\/www.toutsurmesfinances.com\/retraite\/agirc-arrco-les-retraites-complementaires-gelees-jusqu-en-2018.html#primaryimage"},"thumbnailUrl":"https:\/\/www.toutsurmesfinances.com\/retraite\/wp-content\/uploads\/sites\/4\/2025\/04\/image-retraite-complementaire.jpg","dateModified":"2025-07-10T14:08:23+00:00","description":"Patronat et syndicats vont se r\u00e9unir pour la deuxi\u00e8me fois le 20 mars 2015 pour d\u00e9gager des solutions de financement pour les r\u00e9gimes de retraite compl\u00e9mentaire. Un gel des pensions durant trois ans fait partie des pistes envisag\u00e9es.","breadcrumb":{"@id":"https:\/\/www.toutsurmesfinances.com\/retraite\/agirc-arrco-les-retraites-complementaires-gelees-jusqu-en-2018.html#breadcrumb"},"inLanguage":"fr-FR","potentialAction":[{"@type":"ReadAction","target":["https:\/\/www.toutsurmesfinances.com\/retraite\/agirc-arrco-les-retraites-complementaires-gelees-jusqu-en-2018.html"]}]},{"@type":"ImageObject","inLanguage":"fr-FR","@id":"https:\/\/www.toutsurmesfinances.com\/retraite\/agirc-arrco-les-retraites-complementaires-gelees-jusqu-en-2018.html#primaryimage","url":"https:\/\/www.toutsurmesfinances.com\/retraite\/wp-content\/uploads\/sites\/4\/2025\/04\/image-retraite-complementaire.jpg","contentUrl":"https:\/\/www.toutsurmesfinances.com\/retraite\/wp-content\/uploads\/sites\/4\/2025\/04\/image-retraite-complementaire.jpg","width":600,"height":400},{"@type":"BreadcrumbList","@id":"https:\/\/www.toutsurmesfinances.com\/retraite\/agirc-arrco-les-retraites-complementaires-gelees-jusqu-en-2018.html#breadcrumb","itemListElement":[{"@type":"ListItem","position":1,"name":"Accueil","item":"https:\/\/www.toutsurmesfinances.com\/retraite\/"},{"@type":"ListItem","position":2,"name":"Compl\u00e9mentaire","item":"https:\/\/www.toutsurmesfinances.com\/retraite\/c\/complementaire"},{"@type":"ListItem","position":3,"name":"Retraite compl\u00e9mentaire","item":"https:\/\/www.toutsurmesfinances.com\/retraite\/c\/retraite-complementaire"},{"@type":"ListItem","position":4,"name":"Agirc-Arrco : les retraites compl\u00e9mentaires gel\u00e9es jusqu&rsquo;en 2018 ?"}]},{"@type":"WebSite","@id":"https:\/\/www.toutsurmesfinances.com\/retraite\/#website","url":"https:\/\/www.toutsurmesfinances.com\/retraite\/","name":"Retraite","description":"","publisher":{"@id":"https:\/\/www.toutsurmesfinances.com\/retraite\/#organization"},"potentialAction":[{"@type":"SearchAction","target":{"@type":"EntryPoint","urlTemplate":"https:\/\/www.toutsurmesfinances.com\/retraite\/?s={search_term_string}"},"query-input":{"@type":"PropertyValueSpecification","valueRequired":true,"valueName":"search_term_string"}}],"inLanguage":"fr-FR"},{"@type":"Organization","@id":"https:\/\/www.toutsurmesfinances.com\/retraite\/#organization","name":"Tout Sur Mes Finances","url":"https:\/\/www.toutsurmesfinances.com\/retraite\/","logo":{"@type":"ImageObject","inLanguage":"fr-FR","@id":"https:\/\/www.toutsurmesfinances.com\/retraite\/#\/schema\/logo\/image\/","url":"https:\/\/www.toutsurmesfinances.com\/retraite\/wp-content\/uploads\/sites\/4\/2021\/01\/favicon.png","contentUrl":"https:\/\/www.toutsurmesfinances.com\/retraite\/wp-content\/uploads\/sites\/4\/2021\/01\/favicon.png","width":512,"height":512,"caption":"Tout Sur Mes Finances"},"image":{"@id":"https:\/\/www.toutsurmesfinances.com\/retraite\/#\/schema\/logo\/image\/"},"sameAs":["https:\/\/x.com\/Toutsur"]},{"@type":"Person","@id":"https:\/\/www.toutsurmesfinances.com\/retraite\/#\/schema\/person\/addc9e9b3978fa7947ead71bab57694c","name":"Jean-Philippe Dubosc","image":{"@type":"ImageObject","inLanguage":"fr-FR","@id":"https:\/\/www.toutsurmesfinances.com\/retraite\/#\/schema\/person\/image\/","url":"https:\/\/secure.gravatar.com\/avatar\/a3cba30cdda1afe79f6ebffc6e952291?s=96&d=mm&r=g","contentUrl":"https:\/\/secure.gravatar.com\/avatar\/a3cba30cdda1afe79f6ebffc6e952291?s=96&d=mm&r=g","caption":"Jean-Philippe Dubosc"},"description":"Jean-Philippe Dubosc est r\u00e9dacteur en chef de ToutSurMesFinances.com et sp\u00e9cialiste des questions de retraite obligatoire et d\u2019\u00e9pargne. Pr\u00e9sent au sein du m\u00e9dia depuis plus de 13 ans, il analyse les r\u00e9formes, les dispositifs r\u00e9glementaires et les strat\u00e9gies de d\u00e9part \u00e0 la retraite, avec une approche fond\u00e9e sur une lecture rigoureuse des textes et une connaissance approfondie des diff\u00e9rents r\u00e9gimes de retraite.","sameAs":["https:\/\/www.toutsurmesfinances.com\/author\/jpdubosc","https:\/\/fr.linkedin.com\/in\/jpdubosc"]}]}},"_links":{"self":[{"href":"https:\/\/www.toutsurmesfinances.com\/retraite\/wp-json\/wp\/v2\/posts\/20562","targetHints":{"allow":["GET"]}}],"collection":[{"href":"https:\/\/www.toutsurmesfinances.com\/retraite\/wp-json\/wp\/v2\/posts"}],"about":[{"href":"https:\/\/www.toutsurmesfinances.com\/retraite\/wp-json\/wp\/v2\/types\/post"}],"author":[{"embeddable":true,"href":"https:\/\/www.toutsurmesfinances.com\/retraite\/wp-json\/wp\/v2\/users\/13713"}],"replies":[{"embeddable":true,"href":"https:\/\/www.toutsurmesfinances.com\/retraite\/wp-json\/wp\/v2\/comments?post=20562"}],"version-history":[{"count":3,"href":"https:\/\/www.toutsurmesfinances.com\/retraite\/wp-json\/wp\/v2\/posts\/20562\/revisions"}],"predecessor-version":[{"id":32272,"href":"https:\/\/www.toutsurmesfinances.com\/retraite\/wp-json\/wp\/v2\/posts\/20562\/revisions\/32272"}],"wp:featuredmedia":[{"embeddable":true,"href":"https:\/\/www.toutsurmesfinances.com\/retraite\/wp-json\/wp\/v2\/media\/32226"}],"wp:attachment":[{"href":"https:\/\/www.toutsurmesfinances.com\/retraite\/wp-json\/wp\/v2\/media?parent=20562"}],"wp:term":[{"taxonomy":"category","embeddable":true,"href":"https:\/\/www.toutsurmesfinances.com\/retraite\/wp-json\/wp\/v2\/categories?post=20562"},{"taxonomy":"post_tag","embeddable":true,"href":"https:\/\/www.toutsurmesfinances.com\/retraite\/wp-json\/wp\/v2\/tags?post=20562"}],"curies":[{"name":"wp","href":"https:\/\/api.w.org\/{rel}","templated":true}]}}