{"id":20575,"date":"2015-03-25T09:57:05","date_gmt":"2015-03-25T08:57:05","guid":{"rendered":"https:\/\/www.toutsurmesfinances.com\/retraite\/formation-professionnelle-les-cotisations-retraite-des-stagiaires-payees-par-l-etat.html"},"modified":"2021-12-08T14:06:33","modified_gmt":"2021-12-08T13:06:33","slug":"formation-professionnelle-les-cotisations-retraite-des-stagiaires-payees-par-l-etat","status":"publish","type":"post","link":"https:\/\/www.toutsurmesfinances.com\/retraite\/formation-professionnelle-les-cotisations-retraite-des-stagiaires-payees-par-l-etat.html","title":{"rendered":"Formation professionnelle : les cotisations retraite des stagiaires pay\u00e9es par l&rsquo;Etat"},"content":{"rendered":"<section class=\"l-section wpb_row height_small\"><div class=\"l-section-h i-cf\"><div class=\"g-cols vc_row via_flex valign_top type_default stacking_default\"><div class=\"vc_col-sm-12 wpb_column vc_column_container\"><div class=\"vc_column-inner\"><div class=\"wpb_wrapper\"><div class=\"wpb_text_column\"><div class=\"wpb_wrapper\"><p>L&rsquo;Etat prend en charge tout ou partie des cotisations retraite des stagiaires en<strong> formation professionnelle<\/strong>, rappelle une circulaire de la Caisse nationale d&rsquo;assurance vieillesse (<strong>Cnav<\/strong>) dat\u00e9e du 24 mars 2015. Les stagiaires de la formation professionnelle sont en effet obligatoirement affili\u00e9s \u00e0 un r\u00e9gime de S\u00e9curit\u00e9 sociale.<\/p>\n<p>Si le stagiaire est salari\u00e9, les cotisations patronales sont prises en charge par son employeur et une partie par l&rsquo;Etat. Si le stagiaire est r\u00e9mun\u00e9r\u00e9 par l&rsquo;Etat ou ne re\u00e7oit pas de r\u00e9mun\u00e9ration durant son stage, l&rsquo;ensemble des cotisations est pay\u00e9 par l&rsquo;Etat. Ces derni\u00e8res se basent sur une assiette forfaitaire horaire.<\/p>\n<p>Cette assiette forfaitaire, fix\u00e9e par rapport au plafond de la S\u00e9curit\u00e9 sociale, s&rsquo;\u00e9l\u00e8ve \u00e0 1,61 euro de l&rsquo;heure en 2015. Les cotisations vieillesse, toujours pour 2015, se situent \u00e0 0,28 euro par heure de formation.<\/p>\n<\/div><\/div><\/div><\/div><\/div><\/div><\/div><\/section>\n","protected":false},"excerpt":{"rendered":"<p>\u00a0<\/p>\n","protected":false},"author":13713,"featured_media":0,"comment_status":"closed","ping_status":"closed","sticky":false,"template":"","format":"standard","meta":{"footnotes":""},"categories":[24],"tags":[],"class_list":["post-20575","post","type-post","status-publish","format-standard","hentry","category-cotisations-retraite"],"acf":[],"yoast_head":"<!-- This site is optimized with the Yoast SEO plugin v24.9 - https:\/\/yoast.com\/wordpress\/plugins\/seo\/ -->\n<title>Formation professionnelle : les cotisations retraite des stagiaires pay\u00e9es par l&#039;Etat<\/title>\n<meta name=\"description\" content=\"L&#039;Etat prend en charge tout ou partie des cotisations retraite des stagiaires en formation professionnelle, rappelle une circulaire de la Caisse nationale d&#039;assurance vieillesse (Cnav) dat\u00e9e du 24 mars 2015. Les stagiaires de la formation professionnelle\" \/>\n<meta name=\"robots\" content=\"index, follow, max-snippet:-1, max-image-preview:large, max-video-preview:-1\" \/>\n<link rel=\"canonical\" href=\"https:\/\/www.toutsurmesfinances.com\/retraite\/formation-professionnelle-les-cotisations-retraite-des-stagiaires-payees-par-l-etat.html\" \/>\n<meta property=\"og:locale\" content=\"fr_FR\" \/>\n<meta property=\"og:type\" content=\"article\" \/>\n<meta property=\"og:title\" content=\"Formation professionnelle : les cotisations retraite des stagiaires pay\u00e9es par l&#039;Etat\" \/>\n<meta property=\"og:description\" content=\"L&#039;Etat prend en charge tout ou partie des cotisations retraite des stagiaires en formation professionnelle, rappelle une circulaire de la Caisse nationale d&#039;assurance vieillesse (Cnav) dat\u00e9e du 24 mars 2015. Les stagiaires de la formation professionnelle\" \/>\n<meta property=\"og:url\" content=\"https:\/\/www.toutsurmesfinances.com\/retraite\/formation-professionnelle-les-cotisations-retraite-des-stagiaires-payees-par-l-etat.html\" \/>\n<meta property=\"og:site_name\" content=\"Retraite\" \/>\n<meta property=\"article:published_time\" content=\"2015-03-25T08:57:05+00:00\" \/>\n<meta property=\"article:modified_time\" content=\"2021-12-08T13:06:33+00:00\" \/>\n<meta name=\"author\" content=\"Jean-Philippe Dubosc\" \/>\n<meta name=\"twitter:card\" content=\"summary_large_image\" \/>\n<meta name=\"twitter:creator\" content=\"@Toutsur\" \/>\n<meta name=\"twitter:site\" content=\"@Toutsur\" \/>\n<meta name=\"twitter:label1\" content=\"\u00c9crit par\" \/>\n\t<meta name=\"twitter:data1\" content=\"Jean-Philippe Dubosc\" \/>\n\t<meta name=\"twitter:label2\" content=\"Dur\u00e9e de lecture estim\u00e9e\" \/>\n\t<meta name=\"twitter:data2\" content=\"1 minute\" \/>\n<script type=\"application\/ld+json\" class=\"yoast-schema-graph\">{\"@context\":\"https:\/\/schema.org\",\"@graph\":[{\"@type\":\"Article\",\"@id\":\"https:\/\/www.toutsurmesfinances.com\/retraite\/formation-professionnelle-les-cotisations-retraite-des-stagiaires-payees-par-l-etat.html#article\",\"isPartOf\":{\"@id\":\"https:\/\/www.toutsurmesfinances.com\/retraite\/formation-professionnelle-les-cotisations-retraite-des-stagiaires-payees-par-l-etat.html\"},\"author\":{\"name\":\"Jean-Philippe Dubosc\",\"@id\":\"https:\/\/www.toutsurmesfinances.com\/retraite\/#\/schema\/person\/addc9e9b3978fa7947ead71bab57694c\"},\"headline\":\"Formation professionnelle : les cotisations retraite des stagiaires pay\u00e9es par l&rsquo;Etat\",\"dateModified\":\"2021-12-08T13:06:33+00:00\",\"mainEntityOfPage\":{\"@id\":\"https:\/\/www.toutsurmesfinances.com\/retraite\/formation-professionnelle-les-cotisations-retraite-des-stagiaires-payees-par-l-etat.html\"},\"wordCount\":172,\"publisher\":{\"@id\":\"https:\/\/www.toutsurmesfinances.com\/retraite\/#organization\"},\"articleSection\":[\"Cotisations retraite\"],\"inLanguage\":\"fr-FR\"},{\"@type\":\"WebPage\",\"@id\":\"https:\/\/www.toutsurmesfinances.com\/retraite\/formation-professionnelle-les-cotisations-retraite-des-stagiaires-payees-par-l-etat.html\",\"url\":\"https:\/\/www.toutsurmesfinances.com\/retraite\/formation-professionnelle-les-cotisations-retraite-des-stagiaires-payees-par-l-etat.html\",\"name\":\"Formation professionnelle : les cotisations retraite des stagiaires pay\u00e9es par l'Etat\",\"isPartOf\":{\"@id\":\"https:\/\/www.toutsurmesfinances.com\/retraite\/#website\"},\"dateModified\":\"2021-12-08T13:06:33+00:00\",\"description\":\"L'Etat prend en charge tout ou partie des cotisations retraite des stagiaires en formation professionnelle, rappelle une circulaire de la Caisse nationale d'assurance vieillesse (Cnav) dat\u00e9e du 24 mars 2015. Les stagiaires de la formation professionnelle\",\"breadcrumb\":{\"@id\":\"https:\/\/www.toutsurmesfinances.com\/retraite\/formation-professionnelle-les-cotisations-retraite-des-stagiaires-payees-par-l-etat.html#breadcrumb\"},\"inLanguage\":\"fr-FR\",\"potentialAction\":[{\"@type\":\"ReadAction\",\"target\":[\"https:\/\/www.toutsurmesfinances.com\/retraite\/formation-professionnelle-les-cotisations-retraite-des-stagiaires-payees-par-l-etat.html\"]}]},{\"@type\":\"BreadcrumbList\",\"@id\":\"https:\/\/www.toutsurmesfinances.com\/retraite\/formation-professionnelle-les-cotisations-retraite-des-stagiaires-payees-par-l-etat.html#breadcrumb\",\"itemListElement\":[{\"@type\":\"ListItem\",\"position\":1,\"name\":\"Accueil\",\"item\":\"https:\/\/www.toutsurmesfinances.com\/retraite\/\"},{\"@type\":\"ListItem\",\"position\":2,\"name\":\"Droits\",\"item\":\"https:\/\/www.toutsurmesfinances.com\/retraite\/c\/droits\"},{\"@type\":\"ListItem\",\"position\":3,\"name\":\"Cotisations retraite\",\"item\":\"https:\/\/www.toutsurmesfinances.com\/retraite\/c\/cotisations-retraite\"},{\"@type\":\"ListItem\",\"position\":4,\"name\":\"Formation professionnelle : les cotisations retraite des stagiaires pay\u00e9es par l&rsquo;Etat\"}]},{\"@type\":\"WebSite\",\"@id\":\"https:\/\/www.toutsurmesfinances.com\/retraite\/#website\",\"url\":\"https:\/\/www.toutsurmesfinances.com\/retraite\/\",\"name\":\"Retraite\",\"description\":\"\",\"publisher\":{\"@id\":\"https:\/\/www.toutsurmesfinances.com\/retraite\/#organization\"},\"potentialAction\":[{\"@type\":\"SearchAction\",\"target\":{\"@type\":\"EntryPoint\",\"urlTemplate\":\"https:\/\/www.toutsurmesfinances.com\/retraite\/?s={search_term_string}\"},\"query-input\":{\"@type\":\"PropertyValueSpecification\",\"valueRequired\":true,\"valueName\":\"search_term_string\"}}],\"inLanguage\":\"fr-FR\"},{\"@type\":\"Organization\",\"@id\":\"https:\/\/www.toutsurmesfinances.com\/retraite\/#organization\",\"name\":\"Tout Sur Mes Finances\",\"url\":\"https:\/\/www.toutsurmesfinances.com\/retraite\/\",\"logo\":{\"@type\":\"ImageObject\",\"inLanguage\":\"fr-FR\",\"@id\":\"https:\/\/www.toutsurmesfinances.com\/retraite\/#\/schema\/logo\/image\/\",\"url\":\"https:\/\/www.toutsurmesfinances.com\/retraite\/wp-content\/uploads\/sites\/4\/2021\/01\/favicon.png\",\"contentUrl\":\"https:\/\/www.toutsurmesfinances.com\/retraite\/wp-content\/uploads\/sites\/4\/2021\/01\/favicon.png\",\"width\":512,\"height\":512,\"caption\":\"Tout Sur Mes Finances\"},\"image\":{\"@id\":\"https:\/\/www.toutsurmesfinances.com\/retraite\/#\/schema\/logo\/image\/\"},\"sameAs\":[\"https:\/\/x.com\/Toutsur\"]},{\"@type\":\"Person\",\"@id\":\"https:\/\/www.toutsurmesfinances.com\/retraite\/#\/schema\/person\/addc9e9b3978fa7947ead71bab57694c\",\"name\":\"Jean-Philippe Dubosc\",\"image\":{\"@type\":\"ImageObject\",\"inLanguage\":\"fr-FR\",\"@id\":\"https:\/\/www.toutsurmesfinances.com\/retraite\/#\/schema\/person\/image\/\",\"url\":\"https:\/\/secure.gravatar.com\/avatar\/a3cba30cdda1afe79f6ebffc6e952291?s=96&d=mm&r=g\",\"contentUrl\":\"https:\/\/secure.gravatar.com\/avatar\/a3cba30cdda1afe79f6ebffc6e952291?s=96&d=mm&r=g\",\"caption\":\"Jean-Philippe Dubosc\"},\"description\":\"Jean-Philippe Dubosc est r\u00e9dacteur en chef de ToutSurMesFinances.com et sp\u00e9cialiste des questions de retraite obligatoire et d\u2019\u00e9pargne. Pr\u00e9sent au sein du m\u00e9dia depuis plus de 13 ans, il analyse les r\u00e9formes, les dispositifs r\u00e9glementaires et les strat\u00e9gies de d\u00e9part \u00e0 la retraite, avec une approche fond\u00e9e sur une lecture rigoureuse des textes et une connaissance approfondie des diff\u00e9rents r\u00e9gimes de retraite.\",\"sameAs\":[\"https:\/\/www.toutsurmesfinances.com\/author\/jpdubosc\",\"https:\/\/fr.linkedin.com\/in\/jpdubosc\"]}]}<\/script>\n<!-- \/ Yoast SEO plugin. -->","yoast_head_json":{"title":"Formation professionnelle : les cotisations retraite des stagiaires pay\u00e9es par l'Etat","description":"L'Etat prend en charge tout ou partie des cotisations retraite des stagiaires en formation professionnelle, rappelle une circulaire de la Caisse nationale d'assurance vieillesse (Cnav) dat\u00e9e du 24 mars 2015. Les stagiaires de la formation professionnelle","robots":{"index":"index","follow":"follow","max-snippet":"max-snippet:-1","max-image-preview":"max-image-preview:large","max-video-preview":"max-video-preview:-1"},"canonical":"https:\/\/www.toutsurmesfinances.com\/retraite\/formation-professionnelle-les-cotisations-retraite-des-stagiaires-payees-par-l-etat.html","og_locale":"fr_FR","og_type":"article","og_title":"Formation professionnelle : les cotisations retraite des stagiaires pay\u00e9es par l'Etat","og_description":"L'Etat prend en charge tout ou partie des cotisations retraite des stagiaires en formation professionnelle, rappelle une circulaire de la Caisse nationale d'assurance vieillesse (Cnav) dat\u00e9e du 24 mars 2015. Les stagiaires de la formation professionnelle","og_url":"https:\/\/www.toutsurmesfinances.com\/retraite\/formation-professionnelle-les-cotisations-retraite-des-stagiaires-payees-par-l-etat.html","og_site_name":"Retraite","article_published_time":"2015-03-25T08:57:05+00:00","article_modified_time":"2021-12-08T13:06:33+00:00","author":"Jean-Philippe Dubosc","twitter_card":"summary_large_image","twitter_creator":"@Toutsur","twitter_site":"@Toutsur","twitter_misc":{"\u00c9crit par":"Jean-Philippe Dubosc","Dur\u00e9e de lecture estim\u00e9e":"1 minute"},"schema":{"@context":"https:\/\/schema.org","@graph":[{"@type":"Article","@id":"https:\/\/www.toutsurmesfinances.com\/retraite\/formation-professionnelle-les-cotisations-retraite-des-stagiaires-payees-par-l-etat.html#article","isPartOf":{"@id":"https:\/\/www.toutsurmesfinances.com\/retraite\/formation-professionnelle-les-cotisations-retraite-des-stagiaires-payees-par-l-etat.html"},"author":{"name":"Jean-Philippe Dubosc","@id":"https:\/\/www.toutsurmesfinances.com\/retraite\/#\/schema\/person\/addc9e9b3978fa7947ead71bab57694c"},"headline":"Formation professionnelle : les cotisations retraite des stagiaires pay\u00e9es par l&rsquo;Etat","dateModified":"2021-12-08T13:06:33+00:00","mainEntityOfPage":{"@id":"https:\/\/www.toutsurmesfinances.com\/retraite\/formation-professionnelle-les-cotisations-retraite-des-stagiaires-payees-par-l-etat.html"},"wordCount":172,"publisher":{"@id":"https:\/\/www.toutsurmesfinances.com\/retraite\/#organization"},"articleSection":["Cotisations retraite"],"inLanguage":"fr-FR"},{"@type":"WebPage","@id":"https:\/\/www.toutsurmesfinances.com\/retraite\/formation-professionnelle-les-cotisations-retraite-des-stagiaires-payees-par-l-etat.html","url":"https:\/\/www.toutsurmesfinances.com\/retraite\/formation-professionnelle-les-cotisations-retraite-des-stagiaires-payees-par-l-etat.html","name":"Formation professionnelle : les cotisations retraite des stagiaires pay\u00e9es par l'Etat","isPartOf":{"@id":"https:\/\/www.toutsurmesfinances.com\/retraite\/#website"},"dateModified":"2021-12-08T13:06:33+00:00","description":"L'Etat prend en charge tout ou partie des cotisations retraite des stagiaires en formation professionnelle, rappelle une circulaire de la Caisse nationale d'assurance vieillesse (Cnav) dat\u00e9e du 24 mars 2015. Les stagiaires de la formation professionnelle","breadcrumb":{"@id":"https:\/\/www.toutsurmesfinances.com\/retraite\/formation-professionnelle-les-cotisations-retraite-des-stagiaires-payees-par-l-etat.html#breadcrumb"},"inLanguage":"fr-FR","potentialAction":[{"@type":"ReadAction","target":["https:\/\/www.toutsurmesfinances.com\/retraite\/formation-professionnelle-les-cotisations-retraite-des-stagiaires-payees-par-l-etat.html"]}]},{"@type":"BreadcrumbList","@id":"https:\/\/www.toutsurmesfinances.com\/retraite\/formation-professionnelle-les-cotisations-retraite-des-stagiaires-payees-par-l-etat.html#breadcrumb","itemListElement":[{"@type":"ListItem","position":1,"name":"Accueil","item":"https:\/\/www.toutsurmesfinances.com\/retraite\/"},{"@type":"ListItem","position":2,"name":"Droits","item":"https:\/\/www.toutsurmesfinances.com\/retraite\/c\/droits"},{"@type":"ListItem","position":3,"name":"Cotisations retraite","item":"https:\/\/www.toutsurmesfinances.com\/retraite\/c\/cotisations-retraite"},{"@type":"ListItem","position":4,"name":"Formation professionnelle : les cotisations retraite des stagiaires pay\u00e9es par l&rsquo;Etat"}]},{"@type":"WebSite","@id":"https:\/\/www.toutsurmesfinances.com\/retraite\/#website","url":"https:\/\/www.toutsurmesfinances.com\/retraite\/","name":"Retraite","description":"","publisher":{"@id":"https:\/\/www.toutsurmesfinances.com\/retraite\/#organization"},"potentialAction":[{"@type":"SearchAction","target":{"@type":"EntryPoint","urlTemplate":"https:\/\/www.toutsurmesfinances.com\/retraite\/?s={search_term_string}"},"query-input":{"@type":"PropertyValueSpecification","valueRequired":true,"valueName":"search_term_string"}}],"inLanguage":"fr-FR"},{"@type":"Organization","@id":"https:\/\/www.toutsurmesfinances.com\/retraite\/#organization","name":"Tout Sur Mes Finances","url":"https:\/\/www.toutsurmesfinances.com\/retraite\/","logo":{"@type":"ImageObject","inLanguage":"fr-FR","@id":"https:\/\/www.toutsurmesfinances.com\/retraite\/#\/schema\/logo\/image\/","url":"https:\/\/www.toutsurmesfinances.com\/retraite\/wp-content\/uploads\/sites\/4\/2021\/01\/favicon.png","contentUrl":"https:\/\/www.toutsurmesfinances.com\/retraite\/wp-content\/uploads\/sites\/4\/2021\/01\/favicon.png","width":512,"height":512,"caption":"Tout Sur Mes Finances"},"image":{"@id":"https:\/\/www.toutsurmesfinances.com\/retraite\/#\/schema\/logo\/image\/"},"sameAs":["https:\/\/x.com\/Toutsur"]},{"@type":"Person","@id":"https:\/\/www.toutsurmesfinances.com\/retraite\/#\/schema\/person\/addc9e9b3978fa7947ead71bab57694c","name":"Jean-Philippe Dubosc","image":{"@type":"ImageObject","inLanguage":"fr-FR","@id":"https:\/\/www.toutsurmesfinances.com\/retraite\/#\/schema\/person\/image\/","url":"https:\/\/secure.gravatar.com\/avatar\/a3cba30cdda1afe79f6ebffc6e952291?s=96&d=mm&r=g","contentUrl":"https:\/\/secure.gravatar.com\/avatar\/a3cba30cdda1afe79f6ebffc6e952291?s=96&d=mm&r=g","caption":"Jean-Philippe Dubosc"},"description":"Jean-Philippe Dubosc est r\u00e9dacteur en chef de ToutSurMesFinances.com et sp\u00e9cialiste des questions de retraite obligatoire et d\u2019\u00e9pargne. Pr\u00e9sent au sein du m\u00e9dia depuis plus de 13 ans, il analyse les r\u00e9formes, les dispositifs r\u00e9glementaires et les strat\u00e9gies de d\u00e9part \u00e0 la retraite, avec une approche fond\u00e9e sur une lecture rigoureuse des textes et une connaissance approfondie des diff\u00e9rents r\u00e9gimes de retraite.","sameAs":["https:\/\/www.toutsurmesfinances.com\/author\/jpdubosc","https:\/\/fr.linkedin.com\/in\/jpdubosc"]}]}},"_links":{"self":[{"href":"https:\/\/www.toutsurmesfinances.com\/retraite\/wp-json\/wp\/v2\/posts\/20575","targetHints":{"allow":["GET"]}}],"collection":[{"href":"https:\/\/www.toutsurmesfinances.com\/retraite\/wp-json\/wp\/v2\/posts"}],"about":[{"href":"https:\/\/www.toutsurmesfinances.com\/retraite\/wp-json\/wp\/v2\/types\/post"}],"author":[{"embeddable":true,"href":"https:\/\/www.toutsurmesfinances.com\/retraite\/wp-json\/wp\/v2\/users\/13713"}],"replies":[{"embeddable":true,"href":"https:\/\/www.toutsurmesfinances.com\/retraite\/wp-json\/wp\/v2\/comments?post=20575"}],"version-history":[{"count":2,"href":"https:\/\/www.toutsurmesfinances.com\/retraite\/wp-json\/wp\/v2\/posts\/20575\/revisions"}],"predecessor-version":[{"id":30418,"href":"https:\/\/www.toutsurmesfinances.com\/retraite\/wp-json\/wp\/v2\/posts\/20575\/revisions\/30418"}],"wp:attachment":[{"href":"https:\/\/www.toutsurmesfinances.com\/retraite\/wp-json\/wp\/v2\/media?parent=20575"}],"wp:term":[{"taxonomy":"category","embeddable":true,"href":"https:\/\/www.toutsurmesfinances.com\/retraite\/wp-json\/wp\/v2\/categories?post=20575"},{"taxonomy":"post_tag","embeddable":true,"href":"https:\/\/www.toutsurmesfinances.com\/retraite\/wp-json\/wp\/v2\/tags?post=20575"}],"curies":[{"name":"wp","href":"https:\/\/api.w.org\/{rel}","templated":true}]}}