{"id":20590,"date":"2015-04-02T16:28:05","date_gmt":"2015-04-02T14:28:05","guid":{"rendered":"https:\/\/www.toutsurmesfinances.com\/retraite\/cnav-la-retraite-de-base-des-salaries.html"},"modified":"2025-09-05T10:34:40","modified_gmt":"2025-09-05T08:34:40","slug":"cnav-la-retraite-de-base-des-salaries","status":"publish","type":"post","link":"https:\/\/www.toutsurmesfinances.com\/retraite\/cnav-la-retraite-de-base-des-salaries.html","title":{"rendered":"Cnav, la retraite de base des salari\u00e9s"},"content":{"rendered":"<p>&nbsp;<\/p>\n<h2><span class=\"ez-toc-section\" id=\"La_CNAV_en_chiffres-cles\"><\/span>La CNAV en chiffres-cl\u00e9s<span class=\"ez-toc-section-end\"><\/span><\/h2>\n<h3><span class=\"ez-toc-section\" id=\"Rapport_cotisantsretraites_chiffres_metropole_2014\"><\/span>Rapport cotisants\/retrait\u00e9s (chiffres m\u00e9tropole 2014) :<span class=\"ez-toc-section-end\"><\/span><\/h3>\n<p>Nombre de cotisants : 17,56 millions<br \/>\nNombre de retrait\u00e9s: 13,38 millions<\/p>\n<p>&nbsp;<\/p>\n<p>Le montant moyen de la retraite (chiffres 2014) : 746 euros en moyenne pour les hommes et 615 euros pour les femmes.<\/p>\n<p>&nbsp;<\/p>\n<h2><span class=\"ez-toc-section\" id=\"Mes_cotisations_CNAV\"><\/span>Mes cotisations CNAV<span class=\"ez-toc-section-end\"><\/span><\/h2>\n<p>&nbsp;<\/p>\n<h3><span class=\"ez-toc-section\" id=\"Les_taux_et_assiettes_de_cotisation\"><\/span>Les taux et assiettes de cotisation :<span class=\"ez-toc-section-end\"><\/span><\/h3>\n<p>La cotisation pay\u00e9e par le salari\u00e9 s&rsquo;\u00e9l\u00e8ve \u00e0 6,90% du salaire limit\u00e9 au plafond mensuel de la S\u00e9curit\u00e9 sociale. S&rsquo;y ajoute une cotisation de 0,35%, portant sur l&rsquo;ensemble du salaire, qui sert \u00e0 financer la mise en place du nouveau dispositif de retraite anticip\u00e9e pour carri\u00e8re longue et qui n&rsquo;ouvre de droits \u00e0 la retraite.<\/p>\n<p>Le plafond mensuel de la S\u00e9curit\u00e9 sociale pour 2016 est fix\u00e9 \u00e0 3.218 euros mensuels.<\/p>\n<p>&nbsp;<\/p>\n<h2><span class=\"ez-toc-section\" id=\"Conditions_douverture_de_mes_droits_a_pension\"><\/span>Conditions d&rsquo;ouverture de mes droits \u00e0 pension<span class=\"ez-toc-section-end\"><\/span><\/h2>\n<h3><span class=\"ez-toc-section\" id=\"Age_de_depart_et_duree_de_cotisation\"><\/span>Age de d\u00e9part et dur\u00e9e de cotisation :<span class=\"ez-toc-section-end\"><\/span><\/h3>\n<p><strong>&#8211; Age l\u00e9gal de d\u00e9part<\/strong><\/p>\n<p>60 ans : pour les personnes n\u00e9es avant le 1er juillet 1951<br \/>\n60 ans et 4 mois : pour les personnes n\u00e9es entre le 1er juillet et le 31 d\u00e9cembre 1951.<br \/>\n60 ans et 9 mois : pour les personnes n\u00e9es en 1952<br \/>\n61 ans et 2 mois : pour les personnes n\u00e9es en 1953<br \/>\n61 ans et 7 mois : pour les personnes n\u00e9es en 1954<br \/>\n62 ans : pour les personnes n\u00e9es apr\u00e8s le 1er janvier 1955<\/p>\n<p>&nbsp;<\/p>\n<p><strong>&#8211; Dur\u00e9e de cotisation<\/strong><\/p>\n<p>Pour partir \u00e0 la retraite \u00e0 taux plein (sans d\u00e9cote), il faut justifier du nombre de trimestres requis dans sa g\u00e9n\u00e9ration :<br \/>\n160 trimestres (40 ans) pour les personnes n\u00e9es avant 1949<br \/>\n161 trimestres (40 ans et 3 mois) pour les personnes n\u00e9es en 1949<br \/>\n162 trimestres (40 ans et 6 mois) pour les personnes n\u00e9es en 1950<br \/>\n163 trimestres (40 ans et 9 mois) pour les personnes n\u00e9es en 1951<br \/>\n164 trimestres (41 ans) pour les personnes n\u00e9es en 1952<br \/>\n165 trimestres (41 ans et 3 mois) pour les personnes n\u00e9es en 1953 et 1954<br \/>\n166 trimestres (41 ans et 6 mois) pour les personnes n\u00e9es en 1955, 1956 et 1957<br \/>\n167 trimestres (41 ans et 9 mois) pour les personnes n\u00e9es en 1958, 1959 et 1960<br \/>\n168 trimestres (42 ans) pour les personnes n\u00e9es en 1961, 1962 et 1963<br \/>\n169 trimestres (42 ans et 3 mois) pour les personnes n\u00e9es en 1964, 1965 et 1966<br \/>\n170 trimestres (42 ans et 6 mois) pour les personnes n\u00e9es en 1967, 1968 et 1969<br \/>\n171 trimestres (42 ans et 9 mois) pour les personnes n\u00e9es en 1970, 1971 ou 1972)<br \/>\n172 trimestres (43 ans) pour les personnes n\u00e9es \u00e0 partir de 1973.<\/p>\n<p>&nbsp;<\/p>\n<p>Pour les personnes n\u00e9es en 1956 et 1957, les dur\u00e9es de cotisations ont \u00e9t\u00e9 <a href=\"https:\/\/www.toutsurmesfinances.com\/retraite\/retraites-la-generation-1957-va-devoir-cotiser-41-5-ans.html\" target=\"_blank\" rel=\"noopener\"><strong>fix\u00e9es par d\u00e9cret<\/strong> <\/a>. A partir de la g\u00e9n\u00e9ration 1958, elles sont pr\u00e9vues par la r\u00e9forme des retraites de janvier 2014.<\/p>\n<p>&nbsp;<\/p>\n<p><strong>&#8211; Age de retraite \u00e0 taux plein (sans d\u00e9cote)<\/strong><\/p>\n<p>65 ans : pour les personnes n\u00e9es avant le 1er juillet 1951 (date de d\u00e9part possible : jour du 65\u00e8me anniversaire)<br \/>\n65 ans et 4 mois : pour les personnes n\u00e9es du 1er juillet au 31 d\u00e9cembre 1951 (date de d\u00e9part possible : d\u00e8s le 1er novembre 2016)<br \/>\n65 ans et 9 mois : pour les personnes n\u00e9es en 1952 (date de d\u00e9part possible: d\u00e8s le 1er octobre 2017)<br \/>\n66 ans et 2 mois : pour les personnes n\u00e9es en 1953 (date de d\u00e9part possible : d\u00e8s le 1er mars 2019)<br \/>\n66 ans et 7 mois : pour les personnes n\u00e9es en 1954 (date de d\u00e9part possible : d\u00e8s le 1er ao\u00fbt 2020)<br \/>\n67 ans : pour les personnes n\u00e9es en 1955 (date de d\u00e9part possible : d\u00e8s le 1er janvier 2022)<\/p>\n<p>&nbsp;<\/p>\n<h3><span class=\"ez-toc-section\" id=\"Les_trimestres_assimiles\"><\/span>Les trimestres assimil\u00e9s :<span class=\"ez-toc-section-end\"><\/span><\/h3>\n<p>&#8211; maternit\u00e9 : oui<br \/>\n&#8211; service militaire : oui (4 trimestres maximum)<br \/>\n&#8211; ch\u00f4mage : oui (indemnis\u00e9, 4 trimestres maximum)<br \/>\n&#8211; maladie et accident du travail (4 trimestres maximum)<\/p>\n<p>&nbsp;<\/p>\n<h2><span class=\"ez-toc-section\" id=\"Ma_pension\"><\/span>Ma pension<span class=\"ez-toc-section-end\"><\/span><\/h2>\n<p>&nbsp;<\/p>\n<h3><span class=\"ez-toc-section\" id=\"Date_de_revalorisation_annuelle\"><\/span>Date de revalorisation annuelle :<span class=\"ez-toc-section-end\"><\/span><\/h3>\n<p>Tous les 1er octobre depuis 2014. Auparavant, l&rsquo;indexation avait lieu le 1er avril de chaque ann\u00e9e.<\/p>\n<p>&nbsp;<\/p>\n<h3><span class=\"ez-toc-section\" id=\"Calendrier_2016_des_versements\"><\/span>Calendrier 2016 des versements :<span class=\"ez-toc-section-end\"><\/span><\/h3>\n<p>Le paiement aux pensionn\u00e9s intervient g\u00e9n\u00e9ralement le 9 de chaque mois, sauf si ce jour tombe un week-end ou un jour f\u00e9ri\u00e9. Dans ce cas, le versement tombe le premier jour ouvr\u00e9 suivant.<\/p>\n<p>Janvier 2016 : 9 f\u00e9vrier 2016<br \/>\n&#8211; F\u00e9vrier 2016 : 9 mars 2016<br \/>\n&#8211; Mars 2016 : 8 avril 2016<br \/>\n&#8211; Avril 2016 : 9 mai 2016<br \/>\n&#8211; Mai 2016 : 9 juin 2016<br \/>\n&#8211; Juin 2016 : 8 juillet 2016<br \/>\n&#8211; Juillet 2016 : 9 ao\u00fbt 2016<br \/>\n&#8211; Ao\u00fbt 2016 : 9 septembre 2016<br \/>\n&#8211; Septembre 2016 : 10 octobre 2016<br \/>\n&#8211; Octobre 2016 : 9 novembre 2016<br \/>\n&#8211; Novembre 2016 : 9 d\u00e9cembre 2016<\/p>\n<p>&nbsp;<\/p>\n<p><a href=\"https:\/\/www.toutsurmesfinances.com\/retraite\/retraites-calendrier-de-versements-2015-multi-caisses.html\" target=\"_blank\" rel=\"noopener\"><strong>&gt; Consultez notre calendrier 2015 des versements des caisses de retraite<\/strong> <\/a><\/p>\n<p>&nbsp;<\/p>\n<h3><span class=\"ez-toc-section\" id=\"La_pension_de_reversion\"><\/span>La pension de r\u00e9version :<span class=\"ez-toc-section-end\"><\/span><\/h3>\n<p>Le taux de r\u00e9version : 54% de la retraite base du salari\u00e9 ou retrait\u00e9 d\u00e9c\u00e9d\u00e9<br \/>\nConditions de ressources : oui, les plafonds de revenus sont fix\u00e9s \u00e0 20.113,60 euros si vous vivez seul et 32.181,76 euros si vous vivez en couple.<br \/>\nAyants droits : Les conjoints (\u00e0 partir de 55 ans) et les orphelins des deux parents. La pension de r\u00e9version n&rsquo;est pas attribu\u00e9e en cas de Pacs ou de concubinage.<\/p>\n<p>&nbsp;<\/p>\n<h2><span class=\"ez-toc-section\" id=\"Les_dispositifs\"><\/span>Les dispositifs<span class=\"ez-toc-section-end\"><\/span><\/h2>\n<h3><span class=\"ez-toc-section\" id=\"Retraite_progressive\"><\/span>Retraite progressive :<span class=\"ez-toc-section-end\"><\/span><\/h3>\n<p>Oui (sous conditions)<\/p>\n<p>&nbsp;<\/p>\n<h3><span class=\"ez-toc-section\" id=\"Rachats_de_trimestres\"><\/span>Rachats de trimestres :<span class=\"ez-toc-section-end\"><\/span><\/h3>\n<p>Oui<\/p>\n<p>&nbsp;<\/p>\n<h3><span class=\"ez-toc-section\" id=\"Retraite_anticipee\"><\/span>Retraite anticip\u00e9e :<span class=\"ez-toc-section-end\"><\/span><\/h3>\n<p>&#8211; pour carri\u00e8re longue : oui, d\u00e8s 60 ans ou avant dans certains cas<br \/>\n&#8211; pour p\u00e9nibilit\u00e9 : oui, d\u00e8s 60 ans<br \/>\n&#8211; pour amiante : oui, d\u00e8s 50 ans dans certains cas<br \/>\n&#8211; pour handicap : oui, d\u00e8s 55 ans<\/p>\n<p>&nbsp;<\/p>\n<h3><span class=\"ez-toc-section\" id=\"Cumul_emploi-retraite\"><\/span>Cumul emploi-retraite :<span class=\"ez-toc-section-end\"><\/span><\/h3>\n<p>Oui (sous condition)<\/p>\n<p>&nbsp;<\/p>\n<h2><span class=\"ez-toc-section\" id=\"Ma_demande_de_retraite\"><\/span>Ma demande de retraite<span class=\"ez-toc-section-end\"><\/span><\/h2>\n<h3><span class=\"ez-toc-section\" id=\"Les_demarches\"><\/span>Les d\u00e9marches :<span class=\"ez-toc-section-end\"><\/span><\/h3>\n<p>Le site d&rsquo;assurance retraite pr\u00e9cise \u00ab <em>qu&rsquo;aucune retraite n&rsquo;est accord\u00e9e automatiquement<\/em> \u00bb. Il est donc recommand\u00e9 de faire sa demande \u00e0 la Cnav 4 mois avant la date de d\u00e9part souhait\u00e9e. Avant de faire votre demande, il est imp\u00e9ratif de \u00ab <em>faire le point sur vos droits<\/em> \u00bb et donc de consulter votre relev\u00e9 de carri\u00e8re. Vous devez demander ce relev\u00e9 au moins deux ans avant la date de d\u00e9part choisie.<\/p>\n<p>&nbsp;<\/p>\n<p>La demande peut \u00eatre effectu\u00e9e par internet, via le service s\u00e9curis\u00e9 du site <strong><a href=\"https:\/\/www.lassuranceretraite.fr\/portail-info\/home.html\" target=\"_blank\" rel=\"noopener\">www.lassuranceretraite.fr<\/a><\/strong>, ou directement aupr\u00e8s de votre caisse de retraite, en l&rsquo;envoyant par courrier ou en la d\u00e9posant dans un point d&rsquo;accueil retraite.<br \/>\nComme le pr\u00e9cise le site <strong><a href=\"https:\/\/www.info-retraite.fr\/portail-info\/home.html\" target=\"_blank\" rel=\"noopener\">info-retraite.fr<\/a><\/strong>, \u00ab <em>si vous avez cotis\u00e9 \u00e0 plusieurs r\u00e9gimes de base, une seule demande suffit<\/em> \u00bb.<\/p>\n<p>&nbsp;<\/p>\n<h3><span class=\"ez-toc-section\" id=\"Les_documents_et_informations_a_fournir\"><\/span>Les documents et informations \u00e0 fournir :<span class=\"ez-toc-section-end\"><\/span><\/h3>\n<p>Vous devrez fournir plusieurs documents et justificatifs \u00e0 votre caisse de retraite : une pi\u00e8ce d&rsquo;identit\u00e9, votre derni\u00e8re d\u00e9claration de revenus, un RIB et des justificatifs sp\u00e9cifiques aux cas particuliers.<\/p>\n<p>&nbsp;<\/p>\n<h2><span class=\"ez-toc-section\" id=\"Demande_dinformations\"><\/span>Demande d&rsquo;informations<span class=\"ez-toc-section-end\"><\/span><\/h2>\n<p>Vous recevez automatiquement une estimation du montant de votre retraite quand vous atteignez l&rsquo;\u00e2ge de 55 ans. Vous avez \u00e9galement la possibilit\u00e9 de demander un entretien information retraite (EIR) avec un conseiller \u00e0 compter de 45 ans.<\/p>\n<p><strong><a href=\"https:\/\/www.toutsurmesfinances.com\/retraite\/\" target=\"_blank\" rel=\"noopener\">&gt; Coordonn\u00e9es de votre caisse de retraite<\/a><\/strong><\/p>\n<p>&nbsp;<\/p>\n<h2><span class=\"ez-toc-section\" id=\"Ma_fiscalite\"><\/span>Ma fiscalit\u00e9<span class=\"ez-toc-section-end\"><\/span><\/h2>\n<h3><span class=\"ez-toc-section\" id=\"Contributions_sociales\"><\/span>Contributions sociales :<span class=\"ez-toc-section-end\"><\/span><\/h3>\n<p>Oui<br \/>\n&#8211; CSG : 6,6% (taux r\u00e9duit \u00e0 3,8% ou exon\u00e9ration dans certains cas)<br \/>\n&#8211; CRDS : 0,5% (ou 0%, si taux de CSG \u00e0 0%)<br \/>\n&#8211; CASA : 0,3% (ou 0%, si taux de CSG \u00e0 0% ou 3,8%),<br \/>\nLes contributions sociales sont pr\u00e9lev\u00e9es \u00e0 la source et le retrait\u00e9 per\u00e7oit donc <strong><a href=\"https:\/\/www.toutsurmesfinances.com\/retraite\/pourquoi-ma-retraite-a-baisse-au-1er-janvier-2015.html\" target=\"_blank\" rel=\"noopener\">une pension nette de CSG, de CRDS et de CASA tous les mois<\/a><\/strong>.<\/p>\n<p>&nbsp;<\/p>\n<h3><span class=\"ez-toc-section\" id=\"Impot_sur_le_revenu\"><\/span>Imp\u00f4t sur le revenu :<span class=\"ez-toc-section-end\"><\/span><\/h3>\n<p>Oui, int\u00e9gration au revenu imposable.<\/p>\n<p>&nbsp;<\/p>\n","protected":false},"excerpt":{"rendered":"<p>La Caisse nationale d&rsquo;assurance vieillesse (Cnav) est l&rsquo;organisme qui g\u00e8re r\u00e9gime de retraite de base des salari\u00e9s du priv\u00e9, \u00e9galement appel\u00e9 r\u00e9gime g\u00e9n\u00e9ral de la S\u00e9curit\u00e9 sociale. En 2013, ce r\u00e9gime couvrait plus de deux tiers (68,7%) des actifs. La Cnav fait \u00e0 la fois office d&rsquo;organisme de tutelle des Caisses d&rsquo;assurance retraite et de sant\u00e9 au travail (Carsat) en r\u00e9gions et de caisse de retraite en Ile de France.  \u00a0<\/p>\n","protected":false},"author":13718,"featured_media":32227,"comment_status":"closed","ping_status":"closed","sticky":false,"template":"","format":"standard","meta":{"footnotes":""},"categories":[11],"tags":[],"class_list":["post-20590","post","type-post","status-publish","format-standard","has-post-thumbnail","hentry","category-droits-a-la-retraite"],"acf":[],"yoast_head":"<!-- This site is optimized with the Yoast SEO plugin v24.9 - https:\/\/yoast.com\/wordpress\/plugins\/seo\/ -->\n<title>Cnav, la retraite de base des salari\u00e9s<\/title>\n<meta name=\"description\" content=\"Les informations essentielles sur le r\u00e9gime g\u00e9n\u00e9ral de la S\u00e9curit\u00e9 sociale.\" \/>\n<meta name=\"robots\" content=\"index, follow, max-snippet:-1, max-image-preview:large, max-video-preview:-1\" \/>\n<link rel=\"canonical\" href=\"https:\/\/www.toutsurmesfinances.com\/retraite\/cnav-la-retraite-de-base-des-salaries.html\" \/>\n<meta property=\"og:locale\" content=\"fr_FR\" \/>\n<meta property=\"og:type\" content=\"article\" \/>\n<meta property=\"og:title\" content=\"Cnav, la retraite de base des salari\u00e9s\" \/>\n<meta property=\"og:description\" content=\"Les informations essentielles sur le r\u00e9gime g\u00e9n\u00e9ral de la S\u00e9curit\u00e9 sociale.\" \/>\n<meta property=\"og:url\" content=\"https:\/\/www.toutsurmesfinances.com\/retraite\/cnav-la-retraite-de-base-des-salaries.html\" \/>\n<meta property=\"og:site_name\" content=\"Retraite\" \/>\n<meta property=\"article:published_time\" content=\"2015-04-02T14:28:05+00:00\" \/>\n<meta property=\"article:modified_time\" content=\"2025-09-05T08:34:40+00:00\" \/>\n<meta property=\"og:image\" content=\"https:\/\/www.toutsurmesfinances.com\/retraite\/wp-content\/uploads\/sites\/4\/2025\/04\/image-retraite-droits.jpg\" \/>\n\t<meta property=\"og:image:width\" content=\"600\" \/>\n\t<meta property=\"og:image:height\" content=\"400\" \/>\n\t<meta property=\"og:image:type\" content=\"image\/jpeg\" \/>\n<meta name=\"author\" content=\"L&#039;\u00e9quipe de r\u00e9daction\" \/>\n<meta name=\"twitter:card\" content=\"summary_large_image\" \/>\n<meta name=\"twitter:creator\" content=\"@Toutsur\" \/>\n<meta name=\"twitter:site\" content=\"@Toutsur\" \/>\n<meta name=\"twitter:label1\" content=\"\u00c9crit par\" \/>\n\t<meta name=\"twitter:data1\" content=\"L&#039;\u00e9quipe de r\u00e9daction\" \/>\n\t<meta name=\"twitter:label2\" content=\"Dur\u00e9e de lecture estim\u00e9e\" \/>\n\t<meta name=\"twitter:data2\" content=\"6 minutes\" \/>\n<script type=\"application\/ld+json\" class=\"yoast-schema-graph\">{\"@context\":\"https:\/\/schema.org\",\"@graph\":[{\"@type\":\"Article\",\"@id\":\"https:\/\/www.toutsurmesfinances.com\/retraite\/cnav-la-retraite-de-base-des-salaries.html#article\",\"isPartOf\":{\"@id\":\"https:\/\/www.toutsurmesfinances.com\/retraite\/cnav-la-retraite-de-base-des-salaries.html\"},\"author\":{\"name\":\"L'\u00e9quipe de r\u00e9daction\",\"@id\":\"https:\/\/www.toutsurmesfinances.com\/retraite\/#\/schema\/person\/19a038f31d078d13966363e7ab7343c6\"},\"headline\":\"Cnav, la retraite de base des salari\u00e9s\",\"dateModified\":\"2025-09-05T08:34:40+00:00\",\"mainEntityOfPage\":{\"@id\":\"https:\/\/www.toutsurmesfinances.com\/retraite\/cnav-la-retraite-de-base-des-salaries.html\"},\"wordCount\":1131,\"publisher\":{\"@id\":\"https:\/\/www.toutsurmesfinances.com\/retraite\/#organization\"},\"image\":{\"@id\":\"https:\/\/www.toutsurmesfinances.com\/retraite\/cnav-la-retraite-de-base-des-salaries.html#primaryimage\"},\"thumbnailUrl\":\"https:\/\/www.toutsurmesfinances.com\/retraite\/wp-content\/uploads\/sites\/4\/2025\/04\/image-retraite-droits.jpg\",\"articleSection\":[\"Droits \u00e0 la retraite\"],\"inLanguage\":\"fr-FR\"},{\"@type\":\"WebPage\",\"@id\":\"https:\/\/www.toutsurmesfinances.com\/retraite\/cnav-la-retraite-de-base-des-salaries.html\",\"url\":\"https:\/\/www.toutsurmesfinances.com\/retraite\/cnav-la-retraite-de-base-des-salaries.html\",\"name\":\"Cnav, la retraite de base des salari\u00e9s\",\"isPartOf\":{\"@id\":\"https:\/\/www.toutsurmesfinances.com\/retraite\/#website\"},\"primaryImageOfPage\":{\"@id\":\"https:\/\/www.toutsurmesfinances.com\/retraite\/cnav-la-retraite-de-base-des-salaries.html#primaryimage\"},\"image\":{\"@id\":\"https:\/\/www.toutsurmesfinances.com\/retraite\/cnav-la-retraite-de-base-des-salaries.html#primaryimage\"},\"thumbnailUrl\":\"https:\/\/www.toutsurmesfinances.com\/retraite\/wp-content\/uploads\/sites\/4\/2025\/04\/image-retraite-droits.jpg\",\"dateModified\":\"2025-09-05T08:34:40+00:00\",\"description\":\"Les informations essentielles sur le r\u00e9gime g\u00e9n\u00e9ral de la S\u00e9curit\u00e9 sociale.\",\"breadcrumb\":{\"@id\":\"https:\/\/www.toutsurmesfinances.com\/retraite\/cnav-la-retraite-de-base-des-salaries.html#breadcrumb\"},\"inLanguage\":\"fr-FR\",\"potentialAction\":[{\"@type\":\"ReadAction\",\"target\":[\"https:\/\/www.toutsurmesfinances.com\/retraite\/cnav-la-retraite-de-base-des-salaries.html\"]}]},{\"@type\":\"ImageObject\",\"inLanguage\":\"fr-FR\",\"@id\":\"https:\/\/www.toutsurmesfinances.com\/retraite\/cnav-la-retraite-de-base-des-salaries.html#primaryimage\",\"url\":\"https:\/\/www.toutsurmesfinances.com\/retraite\/wp-content\/uploads\/sites\/4\/2025\/04\/image-retraite-droits.jpg\",\"contentUrl\":\"https:\/\/www.toutsurmesfinances.com\/retraite\/wp-content\/uploads\/sites\/4\/2025\/04\/image-retraite-droits.jpg\",\"width\":600,\"height\":400},{\"@type\":\"BreadcrumbList\",\"@id\":\"https:\/\/www.toutsurmesfinances.com\/retraite\/cnav-la-retraite-de-base-des-salaries.html#breadcrumb\",\"itemListElement\":[{\"@type\":\"ListItem\",\"position\":1,\"name\":\"Accueil\",\"item\":\"https:\/\/www.toutsurmesfinances.com\/retraite\/\"},{\"@type\":\"ListItem\",\"position\":2,\"name\":\"Droits\",\"item\":\"https:\/\/www.toutsurmesfinances.com\/retraite\/c\/droits\"},{\"@type\":\"ListItem\",\"position\":3,\"name\":\"Droits \u00e0 la retraite\",\"item\":\"https:\/\/www.toutsurmesfinances.com\/retraite\/c\/droits-a-la-retraite\"},{\"@type\":\"ListItem\",\"position\":4,\"name\":\"Cnav, la retraite de base des salari\u00e9s\"}]},{\"@type\":\"WebSite\",\"@id\":\"https:\/\/www.toutsurmesfinances.com\/retraite\/#website\",\"url\":\"https:\/\/www.toutsurmesfinances.com\/retraite\/\",\"name\":\"Retraite\",\"description\":\"\",\"publisher\":{\"@id\":\"https:\/\/www.toutsurmesfinances.com\/retraite\/#organization\"},\"potentialAction\":[{\"@type\":\"SearchAction\",\"target\":{\"@type\":\"EntryPoint\",\"urlTemplate\":\"https:\/\/www.toutsurmesfinances.com\/retraite\/?s={search_term_string}\"},\"query-input\":{\"@type\":\"PropertyValueSpecification\",\"valueRequired\":true,\"valueName\":\"search_term_string\"}}],\"inLanguage\":\"fr-FR\"},{\"@type\":\"Organization\",\"@id\":\"https:\/\/www.toutsurmesfinances.com\/retraite\/#organization\",\"name\":\"Tout Sur Mes Finances\",\"url\":\"https:\/\/www.toutsurmesfinances.com\/retraite\/\",\"logo\":{\"@type\":\"ImageObject\",\"inLanguage\":\"fr-FR\",\"@id\":\"https:\/\/www.toutsurmesfinances.com\/retraite\/#\/schema\/logo\/image\/\",\"url\":\"https:\/\/www.toutsurmesfinances.com\/retraite\/wp-content\/uploads\/sites\/4\/2021\/01\/favicon.png\",\"contentUrl\":\"https:\/\/www.toutsurmesfinances.com\/retraite\/wp-content\/uploads\/sites\/4\/2021\/01\/favicon.png\",\"width\":512,\"height\":512,\"caption\":\"Tout Sur Mes Finances\"},\"image\":{\"@id\":\"https:\/\/www.toutsurmesfinances.com\/retraite\/#\/schema\/logo\/image\/\"},\"sameAs\":[\"https:\/\/x.com\/Toutsur\"]},{\"@type\":\"Person\",\"@id\":\"https:\/\/www.toutsurmesfinances.com\/retraite\/#\/schema\/person\/19a038f31d078d13966363e7ab7343c6\",\"name\":\"L'\u00e9quipe de r\u00e9daction\",\"image\":{\"@type\":\"ImageObject\",\"inLanguage\":\"fr-FR\",\"@id\":\"https:\/\/www.toutsurmesfinances.com\/retraite\/#\/schema\/person\/image\/\",\"url\":\"https:\/\/secure.gravatar.com\/avatar\/5d078ff23d3ce7cd29bc258e76954673?s=96&d=mm&r=g\",\"contentUrl\":\"https:\/\/secure.gravatar.com\/avatar\/5d078ff23d3ce7cd29bc258e76954673?s=96&d=mm&r=g\",\"caption\":\"L'\u00e9quipe de r\u00e9daction\"}}]}<\/script>\n<!-- \/ Yoast SEO plugin. -->","yoast_head_json":{"title":"Cnav, la retraite de base des salari\u00e9s","description":"Les informations essentielles sur le r\u00e9gime g\u00e9n\u00e9ral de la S\u00e9curit\u00e9 sociale.","robots":{"index":"index","follow":"follow","max-snippet":"max-snippet:-1","max-image-preview":"max-image-preview:large","max-video-preview":"max-video-preview:-1"},"canonical":"https:\/\/www.toutsurmesfinances.com\/retraite\/cnav-la-retraite-de-base-des-salaries.html","og_locale":"fr_FR","og_type":"article","og_title":"Cnav, la retraite de base des salari\u00e9s","og_description":"Les informations essentielles sur le r\u00e9gime g\u00e9n\u00e9ral de la S\u00e9curit\u00e9 sociale.","og_url":"https:\/\/www.toutsurmesfinances.com\/retraite\/cnav-la-retraite-de-base-des-salaries.html","og_site_name":"Retraite","article_published_time":"2015-04-02T14:28:05+00:00","article_modified_time":"2025-09-05T08:34:40+00:00","og_image":[{"width":600,"height":400,"url":"https:\/\/www.toutsurmesfinances.com\/retraite\/wp-content\/uploads\/sites\/4\/2025\/04\/image-retraite-droits.jpg","type":"image\/jpeg"}],"author":"L'\u00e9quipe de r\u00e9daction","twitter_card":"summary_large_image","twitter_creator":"@Toutsur","twitter_site":"@Toutsur","twitter_misc":{"\u00c9crit par":"L'\u00e9quipe de r\u00e9daction","Dur\u00e9e de lecture estim\u00e9e":"6 minutes"},"schema":{"@context":"https:\/\/schema.org","@graph":[{"@type":"Article","@id":"https:\/\/www.toutsurmesfinances.com\/retraite\/cnav-la-retraite-de-base-des-salaries.html#article","isPartOf":{"@id":"https:\/\/www.toutsurmesfinances.com\/retraite\/cnav-la-retraite-de-base-des-salaries.html"},"author":{"name":"L'\u00e9quipe de r\u00e9daction","@id":"https:\/\/www.toutsurmesfinances.com\/retraite\/#\/schema\/person\/19a038f31d078d13966363e7ab7343c6"},"headline":"Cnav, la retraite de base des salari\u00e9s","dateModified":"2025-09-05T08:34:40+00:00","mainEntityOfPage":{"@id":"https:\/\/www.toutsurmesfinances.com\/retraite\/cnav-la-retraite-de-base-des-salaries.html"},"wordCount":1131,"publisher":{"@id":"https:\/\/www.toutsurmesfinances.com\/retraite\/#organization"},"image":{"@id":"https:\/\/www.toutsurmesfinances.com\/retraite\/cnav-la-retraite-de-base-des-salaries.html#primaryimage"},"thumbnailUrl":"https:\/\/www.toutsurmesfinances.com\/retraite\/wp-content\/uploads\/sites\/4\/2025\/04\/image-retraite-droits.jpg","articleSection":["Droits \u00e0 la retraite"],"inLanguage":"fr-FR"},{"@type":"WebPage","@id":"https:\/\/www.toutsurmesfinances.com\/retraite\/cnav-la-retraite-de-base-des-salaries.html","url":"https:\/\/www.toutsurmesfinances.com\/retraite\/cnav-la-retraite-de-base-des-salaries.html","name":"Cnav, la retraite de base des salari\u00e9s","isPartOf":{"@id":"https:\/\/www.toutsurmesfinances.com\/retraite\/#website"},"primaryImageOfPage":{"@id":"https:\/\/www.toutsurmesfinances.com\/retraite\/cnav-la-retraite-de-base-des-salaries.html#primaryimage"},"image":{"@id":"https:\/\/www.toutsurmesfinances.com\/retraite\/cnav-la-retraite-de-base-des-salaries.html#primaryimage"},"thumbnailUrl":"https:\/\/www.toutsurmesfinances.com\/retraite\/wp-content\/uploads\/sites\/4\/2025\/04\/image-retraite-droits.jpg","dateModified":"2025-09-05T08:34:40+00:00","description":"Les informations essentielles sur le r\u00e9gime g\u00e9n\u00e9ral de la S\u00e9curit\u00e9 sociale.","breadcrumb":{"@id":"https:\/\/www.toutsurmesfinances.com\/retraite\/cnav-la-retraite-de-base-des-salaries.html#breadcrumb"},"inLanguage":"fr-FR","potentialAction":[{"@type":"ReadAction","target":["https:\/\/www.toutsurmesfinances.com\/retraite\/cnav-la-retraite-de-base-des-salaries.html"]}]},{"@type":"ImageObject","inLanguage":"fr-FR","@id":"https:\/\/www.toutsurmesfinances.com\/retraite\/cnav-la-retraite-de-base-des-salaries.html#primaryimage","url":"https:\/\/www.toutsurmesfinances.com\/retraite\/wp-content\/uploads\/sites\/4\/2025\/04\/image-retraite-droits.jpg","contentUrl":"https:\/\/www.toutsurmesfinances.com\/retraite\/wp-content\/uploads\/sites\/4\/2025\/04\/image-retraite-droits.jpg","width":600,"height":400},{"@type":"BreadcrumbList","@id":"https:\/\/www.toutsurmesfinances.com\/retraite\/cnav-la-retraite-de-base-des-salaries.html#breadcrumb","itemListElement":[{"@type":"ListItem","position":1,"name":"Accueil","item":"https:\/\/www.toutsurmesfinances.com\/retraite\/"},{"@type":"ListItem","position":2,"name":"Droits","item":"https:\/\/www.toutsurmesfinances.com\/retraite\/c\/droits"},{"@type":"ListItem","position":3,"name":"Droits \u00e0 la retraite","item":"https:\/\/www.toutsurmesfinances.com\/retraite\/c\/droits-a-la-retraite"},{"@type":"ListItem","position":4,"name":"Cnav, la retraite de base des salari\u00e9s"}]},{"@type":"WebSite","@id":"https:\/\/www.toutsurmesfinances.com\/retraite\/#website","url":"https:\/\/www.toutsurmesfinances.com\/retraite\/","name":"Retraite","description":"","publisher":{"@id":"https:\/\/www.toutsurmesfinances.com\/retraite\/#organization"},"potentialAction":[{"@type":"SearchAction","target":{"@type":"EntryPoint","urlTemplate":"https:\/\/www.toutsurmesfinances.com\/retraite\/?s={search_term_string}"},"query-input":{"@type":"PropertyValueSpecification","valueRequired":true,"valueName":"search_term_string"}}],"inLanguage":"fr-FR"},{"@type":"Organization","@id":"https:\/\/www.toutsurmesfinances.com\/retraite\/#organization","name":"Tout Sur Mes Finances","url":"https:\/\/www.toutsurmesfinances.com\/retraite\/","logo":{"@type":"ImageObject","inLanguage":"fr-FR","@id":"https:\/\/www.toutsurmesfinances.com\/retraite\/#\/schema\/logo\/image\/","url":"https:\/\/www.toutsurmesfinances.com\/retraite\/wp-content\/uploads\/sites\/4\/2021\/01\/favicon.png","contentUrl":"https:\/\/www.toutsurmesfinances.com\/retraite\/wp-content\/uploads\/sites\/4\/2021\/01\/favicon.png","width":512,"height":512,"caption":"Tout Sur Mes Finances"},"image":{"@id":"https:\/\/www.toutsurmesfinances.com\/retraite\/#\/schema\/logo\/image\/"},"sameAs":["https:\/\/x.com\/Toutsur"]},{"@type":"Person","@id":"https:\/\/www.toutsurmesfinances.com\/retraite\/#\/schema\/person\/19a038f31d078d13966363e7ab7343c6","name":"L'\u00e9quipe de r\u00e9daction","image":{"@type":"ImageObject","inLanguage":"fr-FR","@id":"https:\/\/www.toutsurmesfinances.com\/retraite\/#\/schema\/person\/image\/","url":"https:\/\/secure.gravatar.com\/avatar\/5d078ff23d3ce7cd29bc258e76954673?s=96&d=mm&r=g","contentUrl":"https:\/\/secure.gravatar.com\/avatar\/5d078ff23d3ce7cd29bc258e76954673?s=96&d=mm&r=g","caption":"L'\u00e9quipe de r\u00e9daction"}}]}},"_links":{"self":[{"href":"https:\/\/www.toutsurmesfinances.com\/retraite\/wp-json\/wp\/v2\/posts\/20590","targetHints":{"allow":["GET"]}}],"collection":[{"href":"https:\/\/www.toutsurmesfinances.com\/retraite\/wp-json\/wp\/v2\/posts"}],"about":[{"href":"https:\/\/www.toutsurmesfinances.com\/retraite\/wp-json\/wp\/v2\/types\/post"}],"author":[{"embeddable":true,"href":"https:\/\/www.toutsurmesfinances.com\/retraite\/wp-json\/wp\/v2\/users\/13718"}],"replies":[{"embeddable":true,"href":"https:\/\/www.toutsurmesfinances.com\/retraite\/wp-json\/wp\/v2\/comments?post=20590"}],"version-history":[{"count":3,"href":"https:\/\/www.toutsurmesfinances.com\/retraite\/wp-json\/wp\/v2\/posts\/20590\/revisions"}],"predecessor-version":[{"id":32327,"href":"https:\/\/www.toutsurmesfinances.com\/retraite\/wp-json\/wp\/v2\/posts\/20590\/revisions\/32327"}],"wp:featuredmedia":[{"embeddable":true,"href":"https:\/\/www.toutsurmesfinances.com\/retraite\/wp-json\/wp\/v2\/media\/32227"}],"wp:attachment":[{"href":"https:\/\/www.toutsurmesfinances.com\/retraite\/wp-json\/wp\/v2\/media?parent=20590"}],"wp:term":[{"taxonomy":"category","embeddable":true,"href":"https:\/\/www.toutsurmesfinances.com\/retraite\/wp-json\/wp\/v2\/categories?post=20590"},{"taxonomy":"post_tag","embeddable":true,"href":"https:\/\/www.toutsurmesfinances.com\/retraite\/wp-json\/wp\/v2\/tags?post=20590"}],"curies":[{"name":"wp","href":"https:\/\/api.w.org\/{rel}","templated":true}]}}