{"id":20662,"date":"2015-05-08T16:20:23","date_gmt":"2015-05-08T14:20:23","guid":{"rendered":"https:\/\/www.toutsurmesfinances.com\/retraite\/droits-a-la-retraite-pour-les-responsables-d-association-une-proposition-de-loi-udi.html"},"modified":"2021-12-08T14:01:57","modified_gmt":"2021-12-08T13:01:57","slug":"droits-a-la-retraite-pour-les-responsables-d-association-une-proposition-de-loi-udi","status":"publish","type":"post","link":"https:\/\/www.toutsurmesfinances.com\/retraite\/droits-a-la-retraite-pour-les-responsables-d-association-une-proposition-de-loi-udi.html","title":{"rendered":"Droits \u00e0 la retraite pour les responsables d\u2019association : une proposition de loi UDI"},"content":{"rendered":"<section class=\"l-section wpb_row height_small\"><div class=\"l-section-h i-cf\"><div class=\"g-cols vc_row via_flex valign_top type_default stacking_default\"><div class=\"vc_col-sm-12 wpb_column vc_column_container\"><div class=\"vc_column-inner\"><div class=\"wpb_wrapper\"><div class=\"wpb_text_column\"><div class=\"wpb_wrapper\"><p>Le d\u00e9put\u00e9 centriste Yannick Favennec veut battre le fer tant qu&rsquo;il est encore chaud. Quelques jours apr\u00e8s la remise d&rsquo;un rapport sur l&rsquo;engagement citoyen o\u00f9 le pr\u00e9sident de l&rsquo;Assembl\u00e9e nationale Claude Bartolone (PS) proposait l&rsquo;attribution de trimestres de retraite suppl\u00e9mentaires aux b\u00e9n\u00e9voles exer\u00e7ant une <em>\u00ab responsabilit\u00e9 administrative \u00bb<\/em> au sein des associations, l&rsquo;\u00e9lu UDI de la Mayenne a d\u00e9pos\u00e9 une proposition de loi (PPL) dans le m\u00eame sens, le 6 mai 2015, au Palais Bourbon.<\/p>\n<h2><span class=\"ez-toc-section\" id=\"1_trimestre_pour_5_ans_de_fonctions\"><\/span>1 trimestre pour 5 ans de fonctions<span class=\"ez-toc-section-end\"><\/span><\/h2>\n<p>Le texte, vise <em>\u00ab \u00e0 accorder des trimestres compl\u00e9mentaires aux responsables associatifs lors du calcul de leur retraite \u00bb.<\/em> Un moyen de valoriser le b\u00e9n\u00e9volat qui repr\u00e9sente<em> \u00ab bien souvent de lourds sacrifices dans la vie personnelle et professionnelle \u00bb<\/em> sans \u00eatre pris <em>\u00ab en compte pour l&rsquo;ouverture des droits \u00e0 retraite \u00bb<\/em>, d\u00e9plore le d\u00e9put\u00e9 dans l&rsquo;expos\u00e9 des motifs de sa PPL.<\/p>\n<p>Pr\u00e9cis\u00e9ment, le vice-pr\u00e9sident national de l&rsquo;UDI en charge de l&rsquo;agriculture et de la ruralit\u00e9 propose de valider <em>\u00ab un trimestre suppl\u00e9mentaire par tranche de cinq ann\u00e9es effectives de responsabilit\u00e9s assum\u00e9es au sein du bureau de l&rsquo;association \u00bb,<\/em> m\u00eame non cons\u00e9cutives. Les responsables d&rsquo;associations, occupant la fonction de pr\u00e9sident, de vice-pr\u00e9sident, de tr\u00e9sorier ou de secr\u00e9taire pourraient pr\u00e9tendre \u00e0 ces nouveaux droits \u00e0 la retraite, mais pas les simples b\u00e9n\u00e9voles, ni les adjoints pourtant membres du bureau (tr\u00e9sorier adjoint, secr\u00e9taire adjoint). Seraient \u00e9ligibles les fonctions exerc\u00e9es dans des associations \u00e0 but non lucratif (loi 1901), des associations d&rsquo;int\u00e9r\u00eat g\u00e9n\u00e9ral ainsi que des associations d\u00e9clar\u00e9es ou reconnues d&rsquo;utilit\u00e9 publique.<\/p>\n<h2><span class=\"ez-toc-section\" id=\"Une_regle_de_non_cumul\"><\/span>Une r\u00e8gle de non cumul<span class=\"ez-toc-section-end\"><\/span><\/h2>\n<p>Afin de pr\u00e9venir<em> \u00ab tout risque de d\u00e9tournement ou d&rsquo;utilisation abusive \u00bb<\/em> de la mesure, son champ d&rsquo;application serait limit\u00e9. Le texte pr\u00e9voit ainsi une r\u00e8gle de non cumul : si une personne occupe simultan\u00e9ment des fonctions de responsable dans plusieurs associations, celles-ci ne seraient <em>\u00ab pas cumulables dans le calcul du nombre d&rsquo;ann\u00e9es prises en compte \u00bb<\/em>. Enfin, la proposition de loi pr\u00e9voit l&rsquo;instauration de cette attribution de trimestres \u00e0 partir du 1er janvier 2016. Les fonctions exerc\u00e9es dans le pass\u00e9, jusqu&rsquo;au 31 d\u00e9cembre 2015, seraient donc sans impact sur le calcul des droits \u00e0 la retraite.<\/p>\n<p>C&rsquo;est en fait la troisi\u00e8me fois que Yannick Favennec \u00e9met une telle proposition, dans les m\u00eames termes, apr\u00e8s deux premi\u00e8res tentatives vaines en juin 2011 (avec l&rsquo;ex-d\u00e9put\u00e9e Fabienne Labrette M\u00e9nager, lorsqu&rsquo;il \u00e9tait \u00e9lu sous l&rsquo;\u00e9tiquette UMP) et juin 2013 (cette fois dans l&rsquo;opposition). Dans l&rsquo;intervalle, une proposition de loi quasi-identique avait \u00e9t\u00e9 d\u00e9pos\u00e9e en novembre 2012 par le d\u00e9put\u00e9 UMP Paul Salen (Loire), \u00e9galement sans suite. La prise de position de Claude Bartolone va-t-elle changer la donne ?<\/p>\n<\/div><\/div><\/div><\/div><\/div><\/div><\/div><\/section>\n","protected":false},"excerpt":{"rendered":"<p>Pour la troisi\u00e8me fois en cinq ans, Yannick Favennec, d\u00e9put\u00e9 UDI de la Mayenne, a d\u00e9pos\u00e9 une proposition de loi afin d&rsquo;octroyer un trimestre suppl\u00e9mentaire de retraite par tranche de\u00a0cinq ann\u00e9es de responsabilit\u00e9s b\u00e9n\u00e9voles assum\u00e9es au sein du bureau d&rsquo;une association. Une fa\u00e7on de profiter de la m\u00e9diatisation r\u00e9cente de la mesure par Claude Bartolone.  \u00a0<\/p>\n","protected":false},"author":13709,"featured_media":20661,"comment_status":"closed","ping_status":"closed","sticky":false,"template":"","format":"standard","meta":{"footnotes":""},"categories":[11],"tags":[],"class_list":["post-20662","post","type-post","status-publish","format-standard","has-post-thumbnail","hentry","category-droits-a-la-retraite"],"acf":[],"yoast_head":"<!-- This site is optimized with the Yoast SEO plugin v24.9 - https:\/\/yoast.com\/wordpress\/plugins\/seo\/ -->\n<title>Droits \u00e0 la retraite pour les responsables d\u2019association : une proposition de loi UDI<\/title>\n<meta name=\"description\" content=\"Pour la troisi\u00e8me fois en quatre ans, Yannick Favennec, d\u00e9put\u00e9 UDI de la Mayenne, a d\u00e9pos\u00e9 une proposition de loi afin d&#039;octroyer un trimestre suppl\u00e9mentaire de retraite par tranche de 5 ann\u00e9es de responsabilit\u00e9s b\u00e9n\u00e9voles assum\u00e9es au sein du bureau d&#039;u\" \/>\n<meta name=\"robots\" content=\"index, follow, max-snippet:-1, max-image-preview:large, max-video-preview:-1\" \/>\n<link rel=\"canonical\" href=\"https:\/\/www.toutsurmesfinances.com\/retraite\/droits-a-la-retraite-pour-les-responsables-d-association-une-proposition-de-loi-udi.html\" \/>\n<meta property=\"og:locale\" content=\"fr_FR\" \/>\n<meta property=\"og:type\" content=\"article\" \/>\n<meta property=\"og:title\" content=\"Droits \u00e0 la retraite pour les responsables d\u2019association : une proposition de loi UDI\" \/>\n<meta property=\"og:description\" content=\"Pour la troisi\u00e8me fois en quatre ans, Yannick Favennec, d\u00e9put\u00e9 UDI de la Mayenne, a d\u00e9pos\u00e9 une proposition de loi afin d&#039;octroyer un trimestre suppl\u00e9mentaire de retraite par tranche de 5 ann\u00e9es de responsabilit\u00e9s b\u00e9n\u00e9voles assum\u00e9es au sein du bureau d&#039;u\" \/>\n<meta property=\"og:url\" content=\"https:\/\/www.toutsurmesfinances.com\/retraite\/droits-a-la-retraite-pour-les-responsables-d-association-une-proposition-de-loi-udi.html\" \/>\n<meta property=\"og:site_name\" content=\"Retraite\" \/>\n<meta property=\"article:published_time\" content=\"2015-05-08T14:20:23+00:00\" \/>\n<meta property=\"article:modified_time\" content=\"2021-12-08T13:01:57+00:00\" \/>\n<meta property=\"og:image\" content=\"https:\/\/www.toutsurmesfinances.com\/retraite\/wp-content\/uploads\/sites\/4\/2015\/05\/ppl-trimestres-benevolat.jpg\" \/>\n\t<meta property=\"og:image:width\" content=\"823\" \/>\n\t<meta property=\"og:image:height\" content=\"463\" \/>\n\t<meta property=\"og:image:type\" content=\"image\/jpeg\" \/>\n<meta name=\"author\" content=\"Olivier Brunet\" \/>\n<meta name=\"twitter:card\" content=\"summary_large_image\" \/>\n<meta name=\"twitter:creator\" content=\"@Toutsur\" \/>\n<meta name=\"twitter:site\" content=\"@Toutsur\" \/>\n<meta name=\"twitter:label1\" content=\"\u00c9crit par\" \/>\n\t<meta name=\"twitter:data1\" content=\"Olivier Brunet\" \/>\n\t<meta name=\"twitter:label2\" content=\"Dur\u00e9e de lecture estim\u00e9e\" \/>\n\t<meta name=\"twitter:data2\" content=\"2 minutes\" \/>\n<script type=\"application\/ld+json\" class=\"yoast-schema-graph\">{\"@context\":\"https:\/\/schema.org\",\"@graph\":[{\"@type\":\"Article\",\"@id\":\"https:\/\/www.toutsurmesfinances.com\/retraite\/droits-a-la-retraite-pour-les-responsables-d-association-une-proposition-de-loi-udi.html#article\",\"isPartOf\":{\"@id\":\"https:\/\/www.toutsurmesfinances.com\/retraite\/droits-a-la-retraite-pour-les-responsables-d-association-une-proposition-de-loi-udi.html\"},\"author\":{\"name\":\"Olivier Brunet\",\"@id\":\"https:\/\/www.toutsurmesfinances.com\/retraite\/#\/schema\/person\/f3692b3163890cd1408bd0dc68a1b55a\"},\"headline\":\"Droits \u00e0 la retraite pour les responsables d\u2019association : une proposition de loi UDI\",\"dateModified\":\"2021-12-08T13:01:57+00:00\",\"mainEntityOfPage\":{\"@id\":\"https:\/\/www.toutsurmesfinances.com\/retraite\/droits-a-la-retraite-pour-les-responsables-d-association-une-proposition-de-loi-udi.html\"},\"wordCount\":512,\"publisher\":{\"@id\":\"https:\/\/www.toutsurmesfinances.com\/retraite\/#organization\"},\"image\":{\"@id\":\"https:\/\/www.toutsurmesfinances.com\/retraite\/droits-a-la-retraite-pour-les-responsables-d-association-une-proposition-de-loi-udi.html#primaryimage\"},\"thumbnailUrl\":\"https:\/\/www.toutsurmesfinances.com\/retraite\/wp-content\/uploads\/sites\/4\/2015\/05\/ppl-trimestres-benevolat.jpg\",\"articleSection\":[\"Droits \u00e0 la retraite\"],\"inLanguage\":\"fr-FR\"},{\"@type\":\"WebPage\",\"@id\":\"https:\/\/www.toutsurmesfinances.com\/retraite\/droits-a-la-retraite-pour-les-responsables-d-association-une-proposition-de-loi-udi.html\",\"url\":\"https:\/\/www.toutsurmesfinances.com\/retraite\/droits-a-la-retraite-pour-les-responsables-d-association-une-proposition-de-loi-udi.html\",\"name\":\"Droits \u00e0 la retraite pour les responsables d\u2019association : une proposition de loi UDI\",\"isPartOf\":{\"@id\":\"https:\/\/www.toutsurmesfinances.com\/retraite\/#website\"},\"primaryImageOfPage\":{\"@id\":\"https:\/\/www.toutsurmesfinances.com\/retraite\/droits-a-la-retraite-pour-les-responsables-d-association-une-proposition-de-loi-udi.html#primaryimage\"},\"image\":{\"@id\":\"https:\/\/www.toutsurmesfinances.com\/retraite\/droits-a-la-retraite-pour-les-responsables-d-association-une-proposition-de-loi-udi.html#primaryimage\"},\"thumbnailUrl\":\"https:\/\/www.toutsurmesfinances.com\/retraite\/wp-content\/uploads\/sites\/4\/2015\/05\/ppl-trimestres-benevolat.jpg\",\"dateModified\":\"2021-12-08T13:01:57+00:00\",\"description\":\"Pour la troisi\u00e8me fois en quatre ans, Yannick Favennec, d\u00e9put\u00e9 UDI de la Mayenne, a d\u00e9pos\u00e9 une proposition de loi afin d'octroyer un trimestre suppl\u00e9mentaire de retraite par tranche de 5 ann\u00e9es de responsabilit\u00e9s b\u00e9n\u00e9voles assum\u00e9es au sein du bureau d'u\",\"breadcrumb\":{\"@id\":\"https:\/\/www.toutsurmesfinances.com\/retraite\/droits-a-la-retraite-pour-les-responsables-d-association-une-proposition-de-loi-udi.html#breadcrumb\"},\"inLanguage\":\"fr-FR\",\"potentialAction\":[{\"@type\":\"ReadAction\",\"target\":[\"https:\/\/www.toutsurmesfinances.com\/retraite\/droits-a-la-retraite-pour-les-responsables-d-association-une-proposition-de-loi-udi.html\"]}]},{\"@type\":\"ImageObject\",\"inLanguage\":\"fr-FR\",\"@id\":\"https:\/\/www.toutsurmesfinances.com\/retraite\/droits-a-la-retraite-pour-les-responsables-d-association-une-proposition-de-loi-udi.html#primaryimage\",\"url\":\"https:\/\/www.toutsurmesfinances.com\/retraite\/wp-content\/uploads\/sites\/4\/2015\/05\/ppl-trimestres-benevolat.jpg\",\"contentUrl\":\"https:\/\/www.toutsurmesfinances.com\/retraite\/wp-content\/uploads\/sites\/4\/2015\/05\/ppl-trimestres-benevolat.jpg\",\"width\":823,\"height\":463,\"caption\":\"Surfant sur la m\u00e9diatisation de la mesure par Claude Bartolone, le d\u00e9put\u00e9 centriste Yannick Favennec renouvelle sa proposition d'accorder des trimestres aux responsables d'associations\"},{\"@type\":\"BreadcrumbList\",\"@id\":\"https:\/\/www.toutsurmesfinances.com\/retraite\/droits-a-la-retraite-pour-les-responsables-d-association-une-proposition-de-loi-udi.html#breadcrumb\",\"itemListElement\":[{\"@type\":\"ListItem\",\"position\":1,\"name\":\"Accueil\",\"item\":\"https:\/\/www.toutsurmesfinances.com\/retraite\/\"},{\"@type\":\"ListItem\",\"position\":2,\"name\":\"Droits\",\"item\":\"https:\/\/www.toutsurmesfinances.com\/retraite\/c\/droits\"},{\"@type\":\"ListItem\",\"position\":3,\"name\":\"Droits \u00e0 la retraite\",\"item\":\"https:\/\/www.toutsurmesfinances.com\/retraite\/c\/droits-a-la-retraite\"},{\"@type\":\"ListItem\",\"position\":4,\"name\":\"Droits \u00e0 la retraite pour les responsables d\u2019association : une proposition de loi UDI\"}]},{\"@type\":\"WebSite\",\"@id\":\"https:\/\/www.toutsurmesfinances.com\/retraite\/#website\",\"url\":\"https:\/\/www.toutsurmesfinances.com\/retraite\/\",\"name\":\"Retraite\",\"description\":\"\",\"publisher\":{\"@id\":\"https:\/\/www.toutsurmesfinances.com\/retraite\/#organization\"},\"potentialAction\":[{\"@type\":\"SearchAction\",\"target\":{\"@type\":\"EntryPoint\",\"urlTemplate\":\"https:\/\/www.toutsurmesfinances.com\/retraite\/?s={search_term_string}\"},\"query-input\":{\"@type\":\"PropertyValueSpecification\",\"valueRequired\":true,\"valueName\":\"search_term_string\"}}],\"inLanguage\":\"fr-FR\"},{\"@type\":\"Organization\",\"@id\":\"https:\/\/www.toutsurmesfinances.com\/retraite\/#organization\",\"name\":\"Tout Sur Mes Finances\",\"url\":\"https:\/\/www.toutsurmesfinances.com\/retraite\/\",\"logo\":{\"@type\":\"ImageObject\",\"inLanguage\":\"fr-FR\",\"@id\":\"https:\/\/www.toutsurmesfinances.com\/retraite\/#\/schema\/logo\/image\/\",\"url\":\"https:\/\/www.toutsurmesfinances.com\/retraite\/wp-content\/uploads\/sites\/4\/2021\/01\/favicon.png\",\"contentUrl\":\"https:\/\/www.toutsurmesfinances.com\/retraite\/wp-content\/uploads\/sites\/4\/2021\/01\/favicon.png\",\"width\":512,\"height\":512,\"caption\":\"Tout Sur Mes Finances\"},\"image\":{\"@id\":\"https:\/\/www.toutsurmesfinances.com\/retraite\/#\/schema\/logo\/image\/\"},\"sameAs\":[\"https:\/\/x.com\/Toutsur\"]},{\"@type\":\"Person\",\"@id\":\"https:\/\/www.toutsurmesfinances.com\/retraite\/#\/schema\/person\/f3692b3163890cd1408bd0dc68a1b55a\",\"name\":\"Olivier Brunet\",\"image\":{\"@type\":\"ImageObject\",\"inLanguage\":\"fr-FR\",\"@id\":\"https:\/\/www.toutsurmesfinances.com\/retraite\/#\/schema\/person\/image\/\",\"url\":\"https:\/\/secure.gravatar.com\/avatar\/59a19214b7bb3163a27d873fa61f9a80?s=96&d=mm&r=g\",\"contentUrl\":\"https:\/\/secure.gravatar.com\/avatar\/59a19214b7bb3163a27d873fa61f9a80?s=96&d=mm&r=g\",\"caption\":\"Olivier Brunet\"},\"description\":\"Olivier Brunet est cofondateur de\u00a0ToutSurMesFinances.com\u00a0et r\u00e9dacteur en chef sp\u00e9cialis\u00e9 en placements et fiscalit\u00e9\u00a0des particuliers. Pr\u00e9sent\u00a0au sein du\u00a0m\u00e9dia\u00a0depuis sa cr\u00e9ation, il en est l\u2019un des piliers \u00e9ditoriaux. Il analyse les strat\u00e9gies d\u2019investissement,\u00a0suit\u00a0les \u00e9volutions fiscales et les\u00a0probl\u00e9matiques\u00a0patrimoniales\u00a0avec une vision long terme, forg\u00e9e par des ann\u00e9es de pratique et de suivi des march\u00e9s.\u00a0\",\"sameAs\":[\"https:\/\/www.toutsurmesfinances.com\/author\/olivier\",\"https:\/\/www.linkedin.com\/in\/obrunet\/\"]}]}<\/script>\n<!-- \/ Yoast SEO plugin. -->","yoast_head_json":{"title":"Droits \u00e0 la retraite pour les responsables d\u2019association : une proposition de loi UDI","description":"Pour la troisi\u00e8me fois en quatre ans, Yannick Favennec, d\u00e9put\u00e9 UDI de la Mayenne, a d\u00e9pos\u00e9 une proposition de loi afin d'octroyer un trimestre suppl\u00e9mentaire de retraite par tranche de 5 ann\u00e9es de responsabilit\u00e9s b\u00e9n\u00e9voles assum\u00e9es au sein du bureau d'u","robots":{"index":"index","follow":"follow","max-snippet":"max-snippet:-1","max-image-preview":"max-image-preview:large","max-video-preview":"max-video-preview:-1"},"canonical":"https:\/\/www.toutsurmesfinances.com\/retraite\/droits-a-la-retraite-pour-les-responsables-d-association-une-proposition-de-loi-udi.html","og_locale":"fr_FR","og_type":"article","og_title":"Droits \u00e0 la retraite pour les responsables d\u2019association : une proposition de loi UDI","og_description":"Pour la troisi\u00e8me fois en quatre ans, Yannick Favennec, d\u00e9put\u00e9 UDI de la Mayenne, a d\u00e9pos\u00e9 une proposition de loi afin d'octroyer un trimestre suppl\u00e9mentaire de retraite par tranche de 5 ann\u00e9es de responsabilit\u00e9s b\u00e9n\u00e9voles assum\u00e9es au sein du bureau d'u","og_url":"https:\/\/www.toutsurmesfinances.com\/retraite\/droits-a-la-retraite-pour-les-responsables-d-association-une-proposition-de-loi-udi.html","og_site_name":"Retraite","article_published_time":"2015-05-08T14:20:23+00:00","article_modified_time":"2021-12-08T13:01:57+00:00","og_image":[{"width":823,"height":463,"url":"https:\/\/www.toutsurmesfinances.com\/retraite\/wp-content\/uploads\/sites\/4\/2015\/05\/ppl-trimestres-benevolat.jpg","type":"image\/jpeg"}],"author":"Olivier Brunet","twitter_card":"summary_large_image","twitter_creator":"@Toutsur","twitter_site":"@Toutsur","twitter_misc":{"\u00c9crit par":"Olivier Brunet","Dur\u00e9e de lecture estim\u00e9e":"2 minutes"},"schema":{"@context":"https:\/\/schema.org","@graph":[{"@type":"Article","@id":"https:\/\/www.toutsurmesfinances.com\/retraite\/droits-a-la-retraite-pour-les-responsables-d-association-une-proposition-de-loi-udi.html#article","isPartOf":{"@id":"https:\/\/www.toutsurmesfinances.com\/retraite\/droits-a-la-retraite-pour-les-responsables-d-association-une-proposition-de-loi-udi.html"},"author":{"name":"Olivier Brunet","@id":"https:\/\/www.toutsurmesfinances.com\/retraite\/#\/schema\/person\/f3692b3163890cd1408bd0dc68a1b55a"},"headline":"Droits \u00e0 la retraite pour les responsables d\u2019association : une proposition de loi UDI","dateModified":"2021-12-08T13:01:57+00:00","mainEntityOfPage":{"@id":"https:\/\/www.toutsurmesfinances.com\/retraite\/droits-a-la-retraite-pour-les-responsables-d-association-une-proposition-de-loi-udi.html"},"wordCount":512,"publisher":{"@id":"https:\/\/www.toutsurmesfinances.com\/retraite\/#organization"},"image":{"@id":"https:\/\/www.toutsurmesfinances.com\/retraite\/droits-a-la-retraite-pour-les-responsables-d-association-une-proposition-de-loi-udi.html#primaryimage"},"thumbnailUrl":"https:\/\/www.toutsurmesfinances.com\/retraite\/wp-content\/uploads\/sites\/4\/2015\/05\/ppl-trimestres-benevolat.jpg","articleSection":["Droits \u00e0 la retraite"],"inLanguage":"fr-FR"},{"@type":"WebPage","@id":"https:\/\/www.toutsurmesfinances.com\/retraite\/droits-a-la-retraite-pour-les-responsables-d-association-une-proposition-de-loi-udi.html","url":"https:\/\/www.toutsurmesfinances.com\/retraite\/droits-a-la-retraite-pour-les-responsables-d-association-une-proposition-de-loi-udi.html","name":"Droits \u00e0 la retraite pour les responsables d\u2019association : une proposition de loi UDI","isPartOf":{"@id":"https:\/\/www.toutsurmesfinances.com\/retraite\/#website"},"primaryImageOfPage":{"@id":"https:\/\/www.toutsurmesfinances.com\/retraite\/droits-a-la-retraite-pour-les-responsables-d-association-une-proposition-de-loi-udi.html#primaryimage"},"image":{"@id":"https:\/\/www.toutsurmesfinances.com\/retraite\/droits-a-la-retraite-pour-les-responsables-d-association-une-proposition-de-loi-udi.html#primaryimage"},"thumbnailUrl":"https:\/\/www.toutsurmesfinances.com\/retraite\/wp-content\/uploads\/sites\/4\/2015\/05\/ppl-trimestres-benevolat.jpg","dateModified":"2021-12-08T13:01:57+00:00","description":"Pour la troisi\u00e8me fois en quatre ans, Yannick Favennec, d\u00e9put\u00e9 UDI de la Mayenne, a d\u00e9pos\u00e9 une proposition de loi afin d'octroyer un trimestre suppl\u00e9mentaire de retraite par tranche de 5 ann\u00e9es de responsabilit\u00e9s b\u00e9n\u00e9voles assum\u00e9es au sein du bureau d'u","breadcrumb":{"@id":"https:\/\/www.toutsurmesfinances.com\/retraite\/droits-a-la-retraite-pour-les-responsables-d-association-une-proposition-de-loi-udi.html#breadcrumb"},"inLanguage":"fr-FR","potentialAction":[{"@type":"ReadAction","target":["https:\/\/www.toutsurmesfinances.com\/retraite\/droits-a-la-retraite-pour-les-responsables-d-association-une-proposition-de-loi-udi.html"]}]},{"@type":"ImageObject","inLanguage":"fr-FR","@id":"https:\/\/www.toutsurmesfinances.com\/retraite\/droits-a-la-retraite-pour-les-responsables-d-association-une-proposition-de-loi-udi.html#primaryimage","url":"https:\/\/www.toutsurmesfinances.com\/retraite\/wp-content\/uploads\/sites\/4\/2015\/05\/ppl-trimestres-benevolat.jpg","contentUrl":"https:\/\/www.toutsurmesfinances.com\/retraite\/wp-content\/uploads\/sites\/4\/2015\/05\/ppl-trimestres-benevolat.jpg","width":823,"height":463,"caption":"Surfant sur la m\u00e9diatisation de la mesure par Claude Bartolone, le d\u00e9put\u00e9 centriste Yannick Favennec renouvelle sa proposition d'accorder des trimestres aux responsables d'associations"},{"@type":"BreadcrumbList","@id":"https:\/\/www.toutsurmesfinances.com\/retraite\/droits-a-la-retraite-pour-les-responsables-d-association-une-proposition-de-loi-udi.html#breadcrumb","itemListElement":[{"@type":"ListItem","position":1,"name":"Accueil","item":"https:\/\/www.toutsurmesfinances.com\/retraite\/"},{"@type":"ListItem","position":2,"name":"Droits","item":"https:\/\/www.toutsurmesfinances.com\/retraite\/c\/droits"},{"@type":"ListItem","position":3,"name":"Droits \u00e0 la retraite","item":"https:\/\/www.toutsurmesfinances.com\/retraite\/c\/droits-a-la-retraite"},{"@type":"ListItem","position":4,"name":"Droits \u00e0 la retraite pour les responsables d\u2019association : une proposition de loi UDI"}]},{"@type":"WebSite","@id":"https:\/\/www.toutsurmesfinances.com\/retraite\/#website","url":"https:\/\/www.toutsurmesfinances.com\/retraite\/","name":"Retraite","description":"","publisher":{"@id":"https:\/\/www.toutsurmesfinances.com\/retraite\/#organization"},"potentialAction":[{"@type":"SearchAction","target":{"@type":"EntryPoint","urlTemplate":"https:\/\/www.toutsurmesfinances.com\/retraite\/?s={search_term_string}"},"query-input":{"@type":"PropertyValueSpecification","valueRequired":true,"valueName":"search_term_string"}}],"inLanguage":"fr-FR"},{"@type":"Organization","@id":"https:\/\/www.toutsurmesfinances.com\/retraite\/#organization","name":"Tout Sur Mes Finances","url":"https:\/\/www.toutsurmesfinances.com\/retraite\/","logo":{"@type":"ImageObject","inLanguage":"fr-FR","@id":"https:\/\/www.toutsurmesfinances.com\/retraite\/#\/schema\/logo\/image\/","url":"https:\/\/www.toutsurmesfinances.com\/retraite\/wp-content\/uploads\/sites\/4\/2021\/01\/favicon.png","contentUrl":"https:\/\/www.toutsurmesfinances.com\/retraite\/wp-content\/uploads\/sites\/4\/2021\/01\/favicon.png","width":512,"height":512,"caption":"Tout Sur Mes Finances"},"image":{"@id":"https:\/\/www.toutsurmesfinances.com\/retraite\/#\/schema\/logo\/image\/"},"sameAs":["https:\/\/x.com\/Toutsur"]},{"@type":"Person","@id":"https:\/\/www.toutsurmesfinances.com\/retraite\/#\/schema\/person\/f3692b3163890cd1408bd0dc68a1b55a","name":"Olivier Brunet","image":{"@type":"ImageObject","inLanguage":"fr-FR","@id":"https:\/\/www.toutsurmesfinances.com\/retraite\/#\/schema\/person\/image\/","url":"https:\/\/secure.gravatar.com\/avatar\/59a19214b7bb3163a27d873fa61f9a80?s=96&d=mm&r=g","contentUrl":"https:\/\/secure.gravatar.com\/avatar\/59a19214b7bb3163a27d873fa61f9a80?s=96&d=mm&r=g","caption":"Olivier Brunet"},"description":"Olivier Brunet est cofondateur de\u00a0ToutSurMesFinances.com\u00a0et r\u00e9dacteur en chef sp\u00e9cialis\u00e9 en placements et fiscalit\u00e9\u00a0des particuliers. Pr\u00e9sent\u00a0au sein du\u00a0m\u00e9dia\u00a0depuis sa cr\u00e9ation, il en est l\u2019un des piliers \u00e9ditoriaux. Il analyse les strat\u00e9gies d\u2019investissement,\u00a0suit\u00a0les \u00e9volutions fiscales et les\u00a0probl\u00e9matiques\u00a0patrimoniales\u00a0avec une vision long terme, forg\u00e9e par des ann\u00e9es de pratique et de suivi des march\u00e9s.\u00a0","sameAs":["https:\/\/www.toutsurmesfinances.com\/author\/olivier","https:\/\/www.linkedin.com\/in\/obrunet\/"]}]}},"_links":{"self":[{"href":"https:\/\/www.toutsurmesfinances.com\/retraite\/wp-json\/wp\/v2\/posts\/20662","targetHints":{"allow":["GET"]}}],"collection":[{"href":"https:\/\/www.toutsurmesfinances.com\/retraite\/wp-json\/wp\/v2\/posts"}],"about":[{"href":"https:\/\/www.toutsurmesfinances.com\/retraite\/wp-json\/wp\/v2\/types\/post"}],"author":[{"embeddable":true,"href":"https:\/\/www.toutsurmesfinances.com\/retraite\/wp-json\/wp\/v2\/users\/13709"}],"replies":[{"embeddable":true,"href":"https:\/\/www.toutsurmesfinances.com\/retraite\/wp-json\/wp\/v2\/comments?post=20662"}],"version-history":[{"count":2,"href":"https:\/\/www.toutsurmesfinances.com\/retraite\/wp-json\/wp\/v2\/posts\/20662\/revisions"}],"predecessor-version":[{"id":30407,"href":"https:\/\/www.toutsurmesfinances.com\/retraite\/wp-json\/wp\/v2\/posts\/20662\/revisions\/30407"}],"wp:featuredmedia":[{"embeddable":true,"href":"https:\/\/www.toutsurmesfinances.com\/retraite\/wp-json\/wp\/v2\/media\/20661"}],"wp:attachment":[{"href":"https:\/\/www.toutsurmesfinances.com\/retraite\/wp-json\/wp\/v2\/media?parent=20662"}],"wp:term":[{"taxonomy":"category","embeddable":true,"href":"https:\/\/www.toutsurmesfinances.com\/retraite\/wp-json\/wp\/v2\/categories?post=20662"},{"taxonomy":"post_tag","embeddable":true,"href":"https:\/\/www.toutsurmesfinances.com\/retraite\/wp-json\/wp\/v2\/tags?post=20662"}],"curies":[{"name":"wp","href":"https:\/\/api.w.org\/{rel}","templated":true}]}}