{"id":20717,"date":"2015-05-29T11:10:32","date_gmt":"2015-05-29T09:10:32","guid":{"rendered":"https:\/\/www.toutsurmesfinances.com\/retraite\/la-carsat-normandie-ferme-ses-agences-pour-le-bien-des-retraites.html"},"modified":"2021-12-08T14:12:20","modified_gmt":"2021-12-08T13:12:20","slug":"la-carsat-normandie-ferme-ses-agences-pour-le-bien-des-retraites","status":"publish","type":"post","link":"https:\/\/www.toutsurmesfinances.com\/retraite\/la-carsat-normandie-ferme-ses-agences-pour-le-bien-des-retraites.html","title":{"rendered":"La Carsat Normandie ferme ses agences pour le bien des retrait\u00e9s"},"content":{"rendered":"<section class=\"l-section wpb_row height_small\"><div class=\"l-section-h i-cf\"><div class=\"g-cols vc_row via_flex valign_top type_default stacking_default\"><div class=\"vc_col-sm-12 wpb_column vc_column_container\"><div class=\"vc_column-inner\"><div class=\"wpb_wrapper\"><div class=\"wpb_text_column\"><div class=\"wpb_wrapper\"><p>Pour s&rsquo;assurer de payer les nouvelles pensions en temps et en heure, la Caisse d&rsquo;assurance retraite et de sant\u00e9 au travail (<strong>Carsat<\/strong>) de <strong>Normandie<\/strong> va limiter l&rsquo;acc\u00e8s au public d&rsquo;une grande partie de son r\u00e9seau. Les agences de Rouen (rive droite et rive gauche), de Saint-L\u00f4, d&rsquo;Alen\u00e7on, d&rsquo;Evreux, de Montivilliers et d&rsquo;H\u00e9rouville-Saint-Clair vont fermer leurs portes deux jours par semaine \u00e0 partir du 1er juin prochain. Cette nouveaut\u00e9 qui concerne les sept plus grosses agences dans la r\u00e9gion (sur 20) doit permettre de mieux traiter les demandes de retraite, a annonc\u00e9 la Carsat Normandie dans un communiqu\u00e9 diffus\u00e9 le 28 mai 2015.<\/p>\n<p><em>\u00ab Les assur\u00e9s sont invit\u00e9s \u00e0 adresser leur dossier par voie postale ou le d\u00e9poser dans la bo\u00eete aux lettres de leur agence. Le dossier est trait\u00e9 dans les m\u00eames d\u00e9lais quel que soit le mode de d\u00e9p\u00f4t \u00bb,<\/em> assure le communiqu\u00e9. La caisse rappelle, par ailleurs, que les affili\u00e9s peuvent effectuer leurs d\u00e9marches sur Internet. Ils ont aussi la possibilit\u00e9 de prendre rendez-vous en appelant le <strong>3960<\/strong> <em>\u00ab pour b\u00e9n\u00e9ficier d&rsquo;un entretien personnalis\u00e9, planifi\u00e9 au meilleur moment afin de bien pr\u00e9parer sa retraite \u00bb. <\/em><\/p>\n<h2><span class=\"ez-toc-section\" id=\"Conjonction_de_plusieurs_facteurs\"><\/span>Conjonction de plusieurs facteurs<span class=\"ez-toc-section-end\"><\/span><\/h2>\n<p>La fermeture partielle des agences est dict\u00e9e par une situation exceptionnelle. Pour le second semestre 2015, la Carsat Normandie anticipe une augmentation de plus de 45% des d\u00e9p\u00f4ts de dossiers compar\u00e9 au premier semestre ! Cet afflux r\u00e9sulte \u00e0 la fois du \u00ab papy-boom \u00bb, du report progressif de l&rsquo;\u00e2ge l\u00e9gal de 60 \u00e0 62 ans qui se traduit par des d\u00e9parts par vagues et non plus \u00e9tal\u00e9s sur l&rsquo;ann\u00e9e et par l&rsquo;extension des retraites anticip\u00e9es pour carri\u00e8re longue instaur\u00e9e par le d\u00e9cret du 2 juillet 2012 sign\u00e9 par<strong> Fran\u00e7ois Hollande<\/strong>.<\/p>\n<p>A ces raisons d\u00e9mographiques et r\u00e9glementaires, s&rsquo;ajouterait un facteur socio-culturel : les affili\u00e9s de la Carsat Normandie auraient tendance \u00e0 demander la liquidation de leurs droits en septembre pour pouvoir partir \u00e0 la retraite fin d\u00e9cembre. L&rsquo;an dernier d\u00e9j\u00e0, la caisse avait proc\u00e9d\u00e9 au deuxi\u00e8me trimestre \u00e0 des fermetures d&rsquo;agences d&rsquo;un \u00e0 deux jours par semaine en pr\u00e9vision de la hausse des demandes de retraite.<\/p>\n<h2><span class=\"ez-toc-section\" id=\"Le_contre-exemple_de_Lille_et_de_Montpellier\"><\/span>Le contre-exemple de Lille et de Montpellier<span class=\"ez-toc-section-end\"><\/span><\/h2>\n<p>Cette fermeture partielle des agences, qui s&rsquo;\u00e9tait \u00e9tal\u00e9e sur quelques semaines, aurait permis, selon la Carsat Normandie, d&rsquo;\u00e9viter des retards dans le versement des pensions des nouveaux retrait\u00e9s. Le proc\u00e9d\u00e9 ayant fait ses preuves, la caisse a d\u00e9cid\u00e9 de l&rsquo;appliquer \u00e0 nouveau en 2015 mais \u00e0 une \u00e9chelle plus importante, le \u00ab pic \u00bb de d\u00e9parts \u00e0 la retraite devant \u00eatre plus cons\u00e9quent cette ann\u00e9e. Aucune date de fin de l&rsquo;op\u00e9ration n&rsquo;a \u00e9t\u00e9 fix\u00e9e pour l&rsquo;instant.<\/p>\n<p>Cette strat\u00e9gie d&rsquo;anticipation semble pertinente alors que la <strong>Carsat de Nord Picardie<\/strong> et la<strong> Carsat du Languedoc Roussillon<\/strong> doivent faire face \u00e0 d&rsquo;importants retards de pension depuis novembre 2014. Selon le dernier relev\u00e9 de la Caisse nationale d&rsquo;assurance vieillesse (<strong>Cnav<\/strong>), la situation serait, toutefois, revenue \u00e0 la normale en avril dernier \u00e0 Lille et \u00e0 Montpellier.<\/p>\n<h2><span class=\"ez-toc-section\" id=\"La_liquidation_provisoire_bientot_generalisee\"><\/span>La liquidation provisoire bient\u00f4t g\u00e9n\u00e9ralis\u00e9e<span class=\"ez-toc-section-end\"><\/span><\/h2>\n<p>Il n&#8217;emp\u00eache, pour \u00e9viter que <em>\u00ab ce dysfonctionnement du service public \u00bb<\/em> ne se r\u00e9p\u00e8te et ne se s&rsquo;\u00e9tende \u00e0 d&rsquo;autres caisses, la ministre des Affaires sociales <strong>Marisol Touraine<\/strong> a annonc\u00e9 ke 19 mai 2015 la mise en place d&rsquo;un <em>\u00ab droit opposable \u00bb<\/em> \u00e0 la retraite. A partir du 1er janvier 2016, tous les dossiers complets de retraite d\u00e9pos\u00e9s quatre mois plus t\u00f4t donneront lieu au versement automatique d&rsquo;une pension. Le montant sera susceptible d&rsquo;\u00eatre revu \u00e0 la hausse une fois que toutes les donn\u00e9es seront rassembl\u00e9es et valid\u00e9es.<\/p>\n<p>Cette \u00ab liquidation provisoire \u00bb est d\u00e9j\u00e0 en vigueur depuis janvier en Nord Picardie et en Languedoc Roussillon. Un rapport de l&rsquo;Inspection g\u00e9n\u00e9rale des affaires sociales (<strong>Igas<\/strong>) a pr\u00e9conis\u00e9 de l&rsquo;\u00e9tendre au reste du pays. La ministre a suivi cet avis. La \u00ab garantie de retraite \u00bb concernera, toutefois, uniquement<a href=\"https:\/\/www.toutsurmesfinances.com\/retraite\/cnav-la-retraite-de-base-des-salaries.html\" target=\"_blank\" rel=\"noopener noreferrer\"> le r\u00e9gime g\u00e9n\u00e9ral des salari\u00e9s du priv\u00e9<\/a>. Il faudra attendre la publication d&rsquo;un d\u00e9cret d&rsquo;application pour en conna\u00eetre toutes les modalit\u00e9s.<\/p>\n<\/div><\/div><\/div><\/div><\/div><\/div><\/div><\/section>\n","protected":false},"excerpt":{"rendered":"<p>A partir du 1er juin 2015, la caisse de retraite de Normandie va fermer ses agences principales deux jours par semaine. Cette mesure vise \u00e0 \u00e9viter les retards dans les versements des nouvelles pensions alors que la caisse s&rsquo;attend \u00e0 une hausse de 45% des demandes de retraite au second semestre. \u00a0  \u00a0<\/p>\n","protected":false},"author":13713,"featured_media":20716,"comment_status":"closed","ping_status":"closed","sticky":false,"template":"","format":"standard","meta":{"footnotes":""},"categories":[26],"tags":[],"class_list":["post-20717","post","type-post","status-publish","format-standard","has-post-thumbnail","hentry","category-caisse-de-retraite"],"acf":[],"yoast_head":"<!-- This site is optimized with the Yoast SEO plugin v24.9 - https:\/\/yoast.com\/wordpress\/plugins\/seo\/ -->\n<title>La Carsat Normandie ferme ses agences pour le bien des retrait\u00e9s<\/title>\n<meta name=\"description\" content=\"A partir du 1er juin 2015, la caisse de retraite de Normandie va fermer ses agences principales deux jours par semaine. Cette mesure vise \u00e0 \u00e9viter les retards dans les versements des nouvelles pensions alors que la caisse s&#039;attend \u00e0 une hausse de 45% des\" \/>\n<meta name=\"robots\" content=\"index, follow, max-snippet:-1, max-image-preview:large, max-video-preview:-1\" \/>\n<link rel=\"canonical\" href=\"https:\/\/www.toutsurmesfinances.com\/retraite\/la-carsat-normandie-ferme-ses-agences-pour-le-bien-des-retraites.html\" \/>\n<meta property=\"og:locale\" content=\"fr_FR\" \/>\n<meta property=\"og:type\" content=\"article\" \/>\n<meta property=\"og:title\" content=\"La Carsat Normandie ferme ses agences pour le bien des retrait\u00e9s\" \/>\n<meta property=\"og:description\" content=\"A partir du 1er juin 2015, la caisse de retraite de Normandie va fermer ses agences principales deux jours par semaine. Cette mesure vise \u00e0 \u00e9viter les retards dans les versements des nouvelles pensions alors que la caisse s&#039;attend \u00e0 une hausse de 45% des\" \/>\n<meta property=\"og:url\" content=\"https:\/\/www.toutsurmesfinances.com\/retraite\/la-carsat-normandie-ferme-ses-agences-pour-le-bien-des-retraites.html\" \/>\n<meta property=\"og:site_name\" content=\"Retraite\" \/>\n<meta property=\"article:published_time\" content=\"2015-05-29T09:10:32+00:00\" \/>\n<meta property=\"article:modified_time\" content=\"2021-12-08T13:12:20+00:00\" \/>\n<meta property=\"og:image\" content=\"https:\/\/www.toutsurmesfinances.com\/retraite\/wp-content\/uploads\/sites\/4\/2015\/05\/carsat-normandie.jpg\" \/>\n\t<meta property=\"og:image:width\" content=\"823\" \/>\n\t<meta property=\"og:image:height\" content=\"463\" \/>\n\t<meta property=\"og:image:type\" content=\"image\/jpeg\" \/>\n<meta name=\"author\" content=\"Jean-Philippe Dubosc\" \/>\n<meta name=\"twitter:card\" content=\"summary_large_image\" \/>\n<meta name=\"twitter:creator\" content=\"@Toutsur\" \/>\n<meta name=\"twitter:site\" content=\"@Toutsur\" \/>\n<meta name=\"twitter:label1\" content=\"\u00c9crit par\" \/>\n\t<meta name=\"twitter:data1\" content=\"Jean-Philippe Dubosc\" \/>\n\t<meta name=\"twitter:label2\" content=\"Dur\u00e9e de lecture estim\u00e9e\" \/>\n\t<meta name=\"twitter:data2\" content=\"3 minutes\" \/>\n<script type=\"application\/ld+json\" class=\"yoast-schema-graph\">{\"@context\":\"https:\/\/schema.org\",\"@graph\":[{\"@type\":\"Article\",\"@id\":\"https:\/\/www.toutsurmesfinances.com\/retraite\/la-carsat-normandie-ferme-ses-agences-pour-le-bien-des-retraites.html#article\",\"isPartOf\":{\"@id\":\"https:\/\/www.toutsurmesfinances.com\/retraite\/la-carsat-normandie-ferme-ses-agences-pour-le-bien-des-retraites.html\"},\"author\":{\"name\":\"Jean-Philippe Dubosc\",\"@id\":\"https:\/\/www.toutsurmesfinances.com\/retraite\/#\/schema\/person\/addc9e9b3978fa7947ead71bab57694c\"},\"headline\":\"La Carsat Normandie ferme ses agences pour le bien des retrait\u00e9s\",\"dateModified\":\"2021-12-08T13:12:20+00:00\",\"mainEntityOfPage\":{\"@id\":\"https:\/\/www.toutsurmesfinances.com\/retraite\/la-carsat-normandie-ferme-ses-agences-pour-le-bien-des-retraites.html\"},\"wordCount\":734,\"publisher\":{\"@id\":\"https:\/\/www.toutsurmesfinances.com\/retraite\/#organization\"},\"image\":{\"@id\":\"https:\/\/www.toutsurmesfinances.com\/retraite\/la-carsat-normandie-ferme-ses-agences-pour-le-bien-des-retraites.html#primaryimage\"},\"thumbnailUrl\":\"https:\/\/www.toutsurmesfinances.com\/retraite\/wp-content\/uploads\/sites\/4\/2015\/05\/carsat-normandie.jpg\",\"articleSection\":[\"Caisse de retraite\"],\"inLanguage\":\"fr-FR\"},{\"@type\":\"WebPage\",\"@id\":\"https:\/\/www.toutsurmesfinances.com\/retraite\/la-carsat-normandie-ferme-ses-agences-pour-le-bien-des-retraites.html\",\"url\":\"https:\/\/www.toutsurmesfinances.com\/retraite\/la-carsat-normandie-ferme-ses-agences-pour-le-bien-des-retraites.html\",\"name\":\"La Carsat Normandie ferme ses agences pour le bien des retrait\u00e9s\",\"isPartOf\":{\"@id\":\"https:\/\/www.toutsurmesfinances.com\/retraite\/#website\"},\"primaryImageOfPage\":{\"@id\":\"https:\/\/www.toutsurmesfinances.com\/retraite\/la-carsat-normandie-ferme-ses-agences-pour-le-bien-des-retraites.html#primaryimage\"},\"image\":{\"@id\":\"https:\/\/www.toutsurmesfinances.com\/retraite\/la-carsat-normandie-ferme-ses-agences-pour-le-bien-des-retraites.html#primaryimage\"},\"thumbnailUrl\":\"https:\/\/www.toutsurmesfinances.com\/retraite\/wp-content\/uploads\/sites\/4\/2015\/05\/carsat-normandie.jpg\",\"dateModified\":\"2021-12-08T13:12:20+00:00\",\"description\":\"A partir du 1er juin 2015, la caisse de retraite de Normandie va fermer ses agences principales deux jours par semaine. Cette mesure vise \u00e0 \u00e9viter les retards dans les versements des nouvelles pensions alors que la caisse s'attend \u00e0 une hausse de 45% des\",\"breadcrumb\":{\"@id\":\"https:\/\/www.toutsurmesfinances.com\/retraite\/la-carsat-normandie-ferme-ses-agences-pour-le-bien-des-retraites.html#breadcrumb\"},\"inLanguage\":\"fr-FR\",\"potentialAction\":[{\"@type\":\"ReadAction\",\"target\":[\"https:\/\/www.toutsurmesfinances.com\/retraite\/la-carsat-normandie-ferme-ses-agences-pour-le-bien-des-retraites.html\"]}]},{\"@type\":\"ImageObject\",\"inLanguage\":\"fr-FR\",\"@id\":\"https:\/\/www.toutsurmesfinances.com\/retraite\/la-carsat-normandie-ferme-ses-agences-pour-le-bien-des-retraites.html#primaryimage\",\"url\":\"https:\/\/www.toutsurmesfinances.com\/retraite\/wp-content\/uploads\/sites\/4\/2015\/05\/carsat-normandie.jpg\",\"contentUrl\":\"https:\/\/www.toutsurmesfinances.com\/retraite\/wp-content\/uploads\/sites\/4\/2015\/05\/carsat-normandie.jpg\",\"width\":823,\"height\":463,\"caption\":\"L'agence d'Argentan de la Carsat Normandie\"},{\"@type\":\"BreadcrumbList\",\"@id\":\"https:\/\/www.toutsurmesfinances.com\/retraite\/la-carsat-normandie-ferme-ses-agences-pour-le-bien-des-retraites.html#breadcrumb\",\"itemListElement\":[{\"@type\":\"ListItem\",\"position\":1,\"name\":\"Accueil\",\"item\":\"https:\/\/www.toutsurmesfinances.com\/retraite\/\"},{\"@type\":\"ListItem\",\"position\":2,\"name\":\"Pension\",\"item\":\"https:\/\/www.toutsurmesfinances.com\/retraite\/c\/pension\"},{\"@type\":\"ListItem\",\"position\":3,\"name\":\"Caisse de retraite\",\"item\":\"https:\/\/www.toutsurmesfinances.com\/retraite\/c\/caisse-de-retraite\"},{\"@type\":\"ListItem\",\"position\":4,\"name\":\"La Carsat Normandie ferme ses agences pour le bien des retrait\u00e9s\"}]},{\"@type\":\"WebSite\",\"@id\":\"https:\/\/www.toutsurmesfinances.com\/retraite\/#website\",\"url\":\"https:\/\/www.toutsurmesfinances.com\/retraite\/\",\"name\":\"Retraite\",\"description\":\"\",\"publisher\":{\"@id\":\"https:\/\/www.toutsurmesfinances.com\/retraite\/#organization\"},\"potentialAction\":[{\"@type\":\"SearchAction\",\"target\":{\"@type\":\"EntryPoint\",\"urlTemplate\":\"https:\/\/www.toutsurmesfinances.com\/retraite\/?s={search_term_string}\"},\"query-input\":{\"@type\":\"PropertyValueSpecification\",\"valueRequired\":true,\"valueName\":\"search_term_string\"}}],\"inLanguage\":\"fr-FR\"},{\"@type\":\"Organization\",\"@id\":\"https:\/\/www.toutsurmesfinances.com\/retraite\/#organization\",\"name\":\"Tout Sur Mes Finances\",\"url\":\"https:\/\/www.toutsurmesfinances.com\/retraite\/\",\"logo\":{\"@type\":\"ImageObject\",\"inLanguage\":\"fr-FR\",\"@id\":\"https:\/\/www.toutsurmesfinances.com\/retraite\/#\/schema\/logo\/image\/\",\"url\":\"https:\/\/www.toutsurmesfinances.com\/retraite\/wp-content\/uploads\/sites\/4\/2021\/01\/favicon.png\",\"contentUrl\":\"https:\/\/www.toutsurmesfinances.com\/retraite\/wp-content\/uploads\/sites\/4\/2021\/01\/favicon.png\",\"width\":512,\"height\":512,\"caption\":\"Tout Sur Mes Finances\"},\"image\":{\"@id\":\"https:\/\/www.toutsurmesfinances.com\/retraite\/#\/schema\/logo\/image\/\"},\"sameAs\":[\"https:\/\/x.com\/Toutsur\"]},{\"@type\":\"Person\",\"@id\":\"https:\/\/www.toutsurmesfinances.com\/retraite\/#\/schema\/person\/addc9e9b3978fa7947ead71bab57694c\",\"name\":\"Jean-Philippe Dubosc\",\"image\":{\"@type\":\"ImageObject\",\"inLanguage\":\"fr-FR\",\"@id\":\"https:\/\/www.toutsurmesfinances.com\/retraite\/#\/schema\/person\/image\/\",\"url\":\"https:\/\/secure.gravatar.com\/avatar\/a3cba30cdda1afe79f6ebffc6e952291?s=96&d=mm&r=g\",\"contentUrl\":\"https:\/\/secure.gravatar.com\/avatar\/a3cba30cdda1afe79f6ebffc6e952291?s=96&d=mm&r=g\",\"caption\":\"Jean-Philippe Dubosc\"},\"description\":\"Jean-Philippe Dubosc est r\u00e9dacteur en chef de ToutSurMesFinances.com et sp\u00e9cialiste des questions de retraite obligatoire et d\u2019\u00e9pargne. Pr\u00e9sent au sein du m\u00e9dia depuis plus de 13 ans, il analyse les r\u00e9formes, les dispositifs r\u00e9glementaires et les strat\u00e9gies de d\u00e9part \u00e0 la retraite, avec une approche fond\u00e9e sur une lecture rigoureuse des textes et une connaissance approfondie des diff\u00e9rents r\u00e9gimes de retraite.\",\"sameAs\":[\"https:\/\/www.toutsurmesfinances.com\/author\/jpdubosc\",\"https:\/\/fr.linkedin.com\/in\/jpdubosc\"]}]}<\/script>\n<!-- \/ Yoast SEO plugin. -->","yoast_head_json":{"title":"La Carsat Normandie ferme ses agences pour le bien des retrait\u00e9s","description":"A partir du 1er juin 2015, la caisse de retraite de Normandie va fermer ses agences principales deux jours par semaine. Cette mesure vise \u00e0 \u00e9viter les retards dans les versements des nouvelles pensions alors que la caisse s'attend \u00e0 une hausse de 45% des","robots":{"index":"index","follow":"follow","max-snippet":"max-snippet:-1","max-image-preview":"max-image-preview:large","max-video-preview":"max-video-preview:-1"},"canonical":"https:\/\/www.toutsurmesfinances.com\/retraite\/la-carsat-normandie-ferme-ses-agences-pour-le-bien-des-retraites.html","og_locale":"fr_FR","og_type":"article","og_title":"La Carsat Normandie ferme ses agences pour le bien des retrait\u00e9s","og_description":"A partir du 1er juin 2015, la caisse de retraite de Normandie va fermer ses agences principales deux jours par semaine. Cette mesure vise \u00e0 \u00e9viter les retards dans les versements des nouvelles pensions alors que la caisse s'attend \u00e0 une hausse de 45% des","og_url":"https:\/\/www.toutsurmesfinances.com\/retraite\/la-carsat-normandie-ferme-ses-agences-pour-le-bien-des-retraites.html","og_site_name":"Retraite","article_published_time":"2015-05-29T09:10:32+00:00","article_modified_time":"2021-12-08T13:12:20+00:00","og_image":[{"width":823,"height":463,"url":"https:\/\/www.toutsurmesfinances.com\/retraite\/wp-content\/uploads\/sites\/4\/2015\/05\/carsat-normandie.jpg","type":"image\/jpeg"}],"author":"Jean-Philippe Dubosc","twitter_card":"summary_large_image","twitter_creator":"@Toutsur","twitter_site":"@Toutsur","twitter_misc":{"\u00c9crit par":"Jean-Philippe Dubosc","Dur\u00e9e de lecture estim\u00e9e":"3 minutes"},"schema":{"@context":"https:\/\/schema.org","@graph":[{"@type":"Article","@id":"https:\/\/www.toutsurmesfinances.com\/retraite\/la-carsat-normandie-ferme-ses-agences-pour-le-bien-des-retraites.html#article","isPartOf":{"@id":"https:\/\/www.toutsurmesfinances.com\/retraite\/la-carsat-normandie-ferme-ses-agences-pour-le-bien-des-retraites.html"},"author":{"name":"Jean-Philippe Dubosc","@id":"https:\/\/www.toutsurmesfinances.com\/retraite\/#\/schema\/person\/addc9e9b3978fa7947ead71bab57694c"},"headline":"La Carsat Normandie ferme ses agences pour le bien des retrait\u00e9s","dateModified":"2021-12-08T13:12:20+00:00","mainEntityOfPage":{"@id":"https:\/\/www.toutsurmesfinances.com\/retraite\/la-carsat-normandie-ferme-ses-agences-pour-le-bien-des-retraites.html"},"wordCount":734,"publisher":{"@id":"https:\/\/www.toutsurmesfinances.com\/retraite\/#organization"},"image":{"@id":"https:\/\/www.toutsurmesfinances.com\/retraite\/la-carsat-normandie-ferme-ses-agences-pour-le-bien-des-retraites.html#primaryimage"},"thumbnailUrl":"https:\/\/www.toutsurmesfinances.com\/retraite\/wp-content\/uploads\/sites\/4\/2015\/05\/carsat-normandie.jpg","articleSection":["Caisse de retraite"],"inLanguage":"fr-FR"},{"@type":"WebPage","@id":"https:\/\/www.toutsurmesfinances.com\/retraite\/la-carsat-normandie-ferme-ses-agences-pour-le-bien-des-retraites.html","url":"https:\/\/www.toutsurmesfinances.com\/retraite\/la-carsat-normandie-ferme-ses-agences-pour-le-bien-des-retraites.html","name":"La Carsat Normandie ferme ses agences pour le bien des retrait\u00e9s","isPartOf":{"@id":"https:\/\/www.toutsurmesfinances.com\/retraite\/#website"},"primaryImageOfPage":{"@id":"https:\/\/www.toutsurmesfinances.com\/retraite\/la-carsat-normandie-ferme-ses-agences-pour-le-bien-des-retraites.html#primaryimage"},"image":{"@id":"https:\/\/www.toutsurmesfinances.com\/retraite\/la-carsat-normandie-ferme-ses-agences-pour-le-bien-des-retraites.html#primaryimage"},"thumbnailUrl":"https:\/\/www.toutsurmesfinances.com\/retraite\/wp-content\/uploads\/sites\/4\/2015\/05\/carsat-normandie.jpg","dateModified":"2021-12-08T13:12:20+00:00","description":"A partir du 1er juin 2015, la caisse de retraite de Normandie va fermer ses agences principales deux jours par semaine. Cette mesure vise \u00e0 \u00e9viter les retards dans les versements des nouvelles pensions alors que la caisse s'attend \u00e0 une hausse de 45% des","breadcrumb":{"@id":"https:\/\/www.toutsurmesfinances.com\/retraite\/la-carsat-normandie-ferme-ses-agences-pour-le-bien-des-retraites.html#breadcrumb"},"inLanguage":"fr-FR","potentialAction":[{"@type":"ReadAction","target":["https:\/\/www.toutsurmesfinances.com\/retraite\/la-carsat-normandie-ferme-ses-agences-pour-le-bien-des-retraites.html"]}]},{"@type":"ImageObject","inLanguage":"fr-FR","@id":"https:\/\/www.toutsurmesfinances.com\/retraite\/la-carsat-normandie-ferme-ses-agences-pour-le-bien-des-retraites.html#primaryimage","url":"https:\/\/www.toutsurmesfinances.com\/retraite\/wp-content\/uploads\/sites\/4\/2015\/05\/carsat-normandie.jpg","contentUrl":"https:\/\/www.toutsurmesfinances.com\/retraite\/wp-content\/uploads\/sites\/4\/2015\/05\/carsat-normandie.jpg","width":823,"height":463,"caption":"L'agence d'Argentan de la Carsat Normandie"},{"@type":"BreadcrumbList","@id":"https:\/\/www.toutsurmesfinances.com\/retraite\/la-carsat-normandie-ferme-ses-agences-pour-le-bien-des-retraites.html#breadcrumb","itemListElement":[{"@type":"ListItem","position":1,"name":"Accueil","item":"https:\/\/www.toutsurmesfinances.com\/retraite\/"},{"@type":"ListItem","position":2,"name":"Pension","item":"https:\/\/www.toutsurmesfinances.com\/retraite\/c\/pension"},{"@type":"ListItem","position":3,"name":"Caisse de retraite","item":"https:\/\/www.toutsurmesfinances.com\/retraite\/c\/caisse-de-retraite"},{"@type":"ListItem","position":4,"name":"La Carsat Normandie ferme ses agences pour le bien des retrait\u00e9s"}]},{"@type":"WebSite","@id":"https:\/\/www.toutsurmesfinances.com\/retraite\/#website","url":"https:\/\/www.toutsurmesfinances.com\/retraite\/","name":"Retraite","description":"","publisher":{"@id":"https:\/\/www.toutsurmesfinances.com\/retraite\/#organization"},"potentialAction":[{"@type":"SearchAction","target":{"@type":"EntryPoint","urlTemplate":"https:\/\/www.toutsurmesfinances.com\/retraite\/?s={search_term_string}"},"query-input":{"@type":"PropertyValueSpecification","valueRequired":true,"valueName":"search_term_string"}}],"inLanguage":"fr-FR"},{"@type":"Organization","@id":"https:\/\/www.toutsurmesfinances.com\/retraite\/#organization","name":"Tout Sur Mes Finances","url":"https:\/\/www.toutsurmesfinances.com\/retraite\/","logo":{"@type":"ImageObject","inLanguage":"fr-FR","@id":"https:\/\/www.toutsurmesfinances.com\/retraite\/#\/schema\/logo\/image\/","url":"https:\/\/www.toutsurmesfinances.com\/retraite\/wp-content\/uploads\/sites\/4\/2021\/01\/favicon.png","contentUrl":"https:\/\/www.toutsurmesfinances.com\/retraite\/wp-content\/uploads\/sites\/4\/2021\/01\/favicon.png","width":512,"height":512,"caption":"Tout Sur Mes Finances"},"image":{"@id":"https:\/\/www.toutsurmesfinances.com\/retraite\/#\/schema\/logo\/image\/"},"sameAs":["https:\/\/x.com\/Toutsur"]},{"@type":"Person","@id":"https:\/\/www.toutsurmesfinances.com\/retraite\/#\/schema\/person\/addc9e9b3978fa7947ead71bab57694c","name":"Jean-Philippe Dubosc","image":{"@type":"ImageObject","inLanguage":"fr-FR","@id":"https:\/\/www.toutsurmesfinances.com\/retraite\/#\/schema\/person\/image\/","url":"https:\/\/secure.gravatar.com\/avatar\/a3cba30cdda1afe79f6ebffc6e952291?s=96&d=mm&r=g","contentUrl":"https:\/\/secure.gravatar.com\/avatar\/a3cba30cdda1afe79f6ebffc6e952291?s=96&d=mm&r=g","caption":"Jean-Philippe Dubosc"},"description":"Jean-Philippe Dubosc est r\u00e9dacteur en chef de ToutSurMesFinances.com et sp\u00e9cialiste des questions de retraite obligatoire et d\u2019\u00e9pargne. Pr\u00e9sent au sein du m\u00e9dia depuis plus de 13 ans, il analyse les r\u00e9formes, les dispositifs r\u00e9glementaires et les strat\u00e9gies de d\u00e9part \u00e0 la retraite, avec une approche fond\u00e9e sur une lecture rigoureuse des textes et une connaissance approfondie des diff\u00e9rents r\u00e9gimes de retraite.","sameAs":["https:\/\/www.toutsurmesfinances.com\/author\/jpdubosc","https:\/\/fr.linkedin.com\/in\/jpdubosc"]}]}},"_links":{"self":[{"href":"https:\/\/www.toutsurmesfinances.com\/retraite\/wp-json\/wp\/v2\/posts\/20717","targetHints":{"allow":["GET"]}}],"collection":[{"href":"https:\/\/www.toutsurmesfinances.com\/retraite\/wp-json\/wp\/v2\/posts"}],"about":[{"href":"https:\/\/www.toutsurmesfinances.com\/retraite\/wp-json\/wp\/v2\/types\/post"}],"author":[{"embeddable":true,"href":"https:\/\/www.toutsurmesfinances.com\/retraite\/wp-json\/wp\/v2\/users\/13713"}],"replies":[{"embeddable":true,"href":"https:\/\/www.toutsurmesfinances.com\/retraite\/wp-json\/wp\/v2\/comments?post=20717"}],"version-history":[{"count":2,"href":"https:\/\/www.toutsurmesfinances.com\/retraite\/wp-json\/wp\/v2\/posts\/20717\/revisions"}],"predecessor-version":[{"id":30431,"href":"https:\/\/www.toutsurmesfinances.com\/retraite\/wp-json\/wp\/v2\/posts\/20717\/revisions\/30431"}],"wp:featuredmedia":[{"embeddable":true,"href":"https:\/\/www.toutsurmesfinances.com\/retraite\/wp-json\/wp\/v2\/media\/20716"}],"wp:attachment":[{"href":"https:\/\/www.toutsurmesfinances.com\/retraite\/wp-json\/wp\/v2\/media?parent=20717"}],"wp:term":[{"taxonomy":"category","embeddable":true,"href":"https:\/\/www.toutsurmesfinances.com\/retraite\/wp-json\/wp\/v2\/categories?post=20717"},{"taxonomy":"post_tag","embeddable":true,"href":"https:\/\/www.toutsurmesfinances.com\/retraite\/wp-json\/wp\/v2\/tags?post=20717"}],"curies":[{"name":"wp","href":"https:\/\/api.w.org\/{rel}","templated":true}]}}