{"id":20788,"date":"2015-07-02T20:24:53","date_gmt":"2015-07-02T18:24:53","guid":{"rendered":"https:\/\/www.toutsurmesfinances.com\/retraite\/des-rachats-de-trimestres-de-retraite-moins-chers-pour-les-enfants-de-harkis.html"},"modified":"2021-12-08T13:59:55","modified_gmt":"2021-12-08T12:59:55","slug":"des-rachats-de-trimestres-de-retraite-moins-chers-pour-les-enfants-de-harkis","status":"publish","type":"post","link":"https:\/\/www.toutsurmesfinances.com\/retraite\/des-rachats-de-trimestres-de-retraite-moins-chers-pour-les-enfants-de-harkis.html","title":{"rendered":"Des rachats de trimestres de retraite moins chers pour les enfants de harkis"},"content":{"rendered":"<section class=\"l-section wpb_row height_small\"><div class=\"l-section-h i-cf\"><div class=\"g-cols vc_row via_flex valign_top type_default stacking_default\"><div class=\"vc_col-sm-12 wpb_column vc_column_container\"><div class=\"vc_column-inner\"><div class=\"wpb_wrapper\"><div class=\"wpb_text_column\"><div class=\"wpb_wrapper\"><p>C&rsquo;est une forme de compensation pour service rendu. Un d\u00e9cret est paru le 30 juin 2015 au<em> Journal Officiel<\/em> autorisant les enfants des anciens <strong>harkis<\/strong>, <strong>moghaznis<\/strong> et personnels des diverses formations suppl\u00e9tives \u00e0 l&rsquo;arm\u00e9e fran\u00e7aise durant la guerre d&rsquo;Alg\u00e9rie \u00e0 racheter des trimestres de cotisation \u00e0 la retraite. Instaur\u00e9e par la loi de financement de la S\u00e9curit\u00e9 sociale (<strong>LFSS<\/strong>) pour 2015, cette mesure fait partie du plan d&rsquo;action en faveur des harkis annonc\u00e9 le 4 juillet 2014 par <strong>Fran\u00e7ois Hollande<\/strong>.<\/p>\n<p>&nbsp;<\/p>\n<p>Elle vise \u00e0 compenser pour les quelque 150.000 descendants directs des suppl\u00e9tifs leur \u00ab maintien \u00bb, entre l&rsquo;\u00e2ge de 16 et de 21 ans, dans des camps de transit et d&rsquo;h\u00e9bergement \u00e0 l&rsquo;issue du conflit alg\u00e9rien qui les a emp\u00each\u00e9 de poursuivre des \u00e9tudes ou de commencer \u00e0 travailler. Depuis le 1er juillet 2015, ceux qui ont \u00e9t\u00e9 dans cette situation et qui ne disposent pas de tous leurs trimestres de cotisation pour percevoir une retraite \u00e0 taux plein (sans d\u00e9cote) peuvent racheter des trimestres.<\/p>\n<p>&nbsp;<\/p>\n<h2><span class=\"ez-toc-section\" id=\"Pas_plus_de_4_trimestres\"><\/span>Pas plus de 4 trimestres<span class=\"ez-toc-section-end\"><\/span><\/h2>\n<p>Jusqu&rsquo;ici, les rachats de trimestres, \u00e9galement appel\u00e9s versements pour la retraite (<strong>VPLR<\/strong>), \u00e9taient possibles uniquement au titre des ann\u00e9es d&rsquo;\u00e9tudes sup\u00e9rieures (valid\u00e9es par un dipl\u00f4me reconnu par l&rsquo;Etat) ou des ann\u00e9es incompl\u00e8tes de cotisation (temps partiel, int\u00e9rim, ch\u00f4mage non indemnis\u00e9, job d&rsquo;\u00e9tudiant&#8230;).<\/p>\n<p>&nbsp;<\/p>\n<p>Dans le cas des enfants de harkis, les VPLR ne peuvent d\u00e9passer 4 trimestres (contre 12 trimestres pour les rachats \u00ab classiques \u00bb). Outre une pi\u00e8ce d&rsquo;identit\u00e9, il est demand\u00e9 un certificat administratif attestant de la pr\u00e9sence du demandeur dans un des six camps militaires d&rsquo;h\u00e9bergement et de transit (La Cavallerie-Larzac, Bourg-Lastic, La Rye Le Vigeant, Saint-Maurice-l&rsquo;Ardoise, Rivesaltes, Bias).<\/p>\n<p>&nbsp;<\/p>\n<p><em>\u00ab Ce certificat administratif est d\u00e9livr\u00e9 \u00e0 l&rsquo;int\u00e9ress\u00e9, sur sa demande, par le directeur du service d\u00e9partemental de l&rsquo;Office national des anciens combattants et victimes de guerre \u00bb,<\/em> pr\u00e9cise le d\u00e9cret. Pour obtenir le certificat, il faut pr\u00e9senter le carnet familial de rapatri\u00e9, la notice de renseignements ou le livret de famille, les fiches d&rsquo;identification produites par le Service central des rapatri\u00e9s et \u00e0 d\u00e9faut, les pi\u00e8ces conserv\u00e9es par les services des archives d\u00e9partementales.<\/p>\n<p>&nbsp;<\/p>\n<h2><span class=\"ez-toc-section\" id=\"8000_euros_daide_au_maximum\"><\/span>8.000 euros d&rsquo;aide au maximum<span class=\"ez-toc-section-end\"><\/span><\/h2>\n<p>Comme pour les autres VPLR, le demandeur doit s\u00e9lectionner une option de rachat. L&rsquo;option 1 permet de minorer uniquement la d\u00e9cote (1,25% par trimestre manquant) appliqu\u00e9 au taux de pension (50% dans le priv\u00e9, 75% dans le public). L&rsquo;option 2, plus ch\u00e8re, permet de minorer la d\u00e9cote sur le taux de pension et de majorer le nombre de trimestres.<\/p>\n<p>&nbsp;<\/p>\n<p>Le prix du trimestre varie en fonction de l&rsquo;\u00e2ge du demandeur, de son niveau de salaire et de l&rsquo;option qu&rsquo;il a choisie. Plus il s&rsquo;approche de l&rsquo;\u00e2ge de la retraite, plus sa r\u00e9mun\u00e9ration annuelle est cons\u00e9quente et plus le tarif sera \u00e9lev\u00e9 (jusqu&rsquo;\u00e0 6.500 euros \u00e0 60 ans). La LFSS 2015 pr\u00e9voit une r\u00e9duction forfaitaire de 2.000 euros par trimestre (soit 8.000 euros au maximum) pour les rachats op\u00e9r\u00e9s par les enfants de harkis. Cette somme est directement d\u00e9duite du montant \u00e0 payer \u00e0 la caisse de retraite.<\/p>\n<p>&nbsp;<\/p>\n<table style=\"background-color: #e0e0dd; width: 100%; border: #b0b0b0 thin solid;\" border=\"0\" cellpadding=\"5\">\n<tbody>\n<tr>\n<td><strong>D&rsquo;autres \u00ab\u00a0ristournes\u00a0\u00bb pour les rachats<\/strong><\/p>\n<p>La r\u00e9forme des retraites de 2014 a instaur\u00e9 des <a href=\"https:\/\/www.toutsurmesfinances.com\/retraite\/retraites-les-rabais-sur-les-rachats-de-trimestre-precises.html\" target=\"_blank\" rel=\"noopener noreferrer\">rabais forfaitaires<\/a> (jusqu\u2019\u00e0 1.000 euros par trimestre) sur les VPLR effectu\u00e9s par les<strong> jeunes actifs<\/strong> dans les dix ans suivant la fin de leurs \u00e9tudes. Par ailleurs, un abattement (\u00e9quivalent \u00e0 75% des cotisations vieillesse de l\u2019\u00e9poque) a \u00e9t\u00e9 instaur\u00e9 pour certains anciens <strong>apprentis<\/strong> et <strong>assistants maternels<\/strong> dont les modalit\u00e9s de cotisation ne leur ont pas permis de cotiser pleinement \u00e0 la retraite.<\/td>\n<\/tr>\n<\/tbody>\n<\/table>\n<\/div><\/div><\/div><\/div><\/div><\/div><\/div><\/section>\n","protected":false},"excerpt":{"rendered":"<p>Depuis le 1er juillet 2015, les descendants directs des ex-suppl\u00e9tifs de l&rsquo;arm\u00e9e fran\u00e7aise durant la guerre d&rsquo;Alg\u00e9rie peuvent racheter jusqu&rsquo;\u00e0 4 trimestres de cotisation \u00e0 la retraite. Ils b\u00e9n\u00e9ficient, en outre, d&rsquo;une r\u00e9duction de 2.000 euros par trimestre rachet\u00e9. \u00a0  \u00a0<\/p>\n","protected":false},"author":13713,"featured_media":20787,"comment_status":"closed","ping_status":"closed","sticky":false,"template":"","format":"standard","meta":{"footnotes":""},"categories":[25],"tags":[],"class_list":["post-20788","post","type-post","status-publish","format-standard","has-post-thumbnail","hentry","category-preparation-a-la-retraite"],"acf":[],"yoast_head":"<!-- This site is optimized with the Yoast SEO plugin v24.9 - https:\/\/yoast.com\/wordpress\/plugins\/seo\/ -->\n<title>Des rachats de trimestres de retraite moins chers pour les enfants de harkis<\/title>\n<meta name=\"description\" content=\"Depuis le 1er juillet 2015, les descendants directs des ex-suppl\u00e9tifs de l&#039;arm\u00e9e fran\u00e7aise durant la guerre d&#039;Alg\u00e9rie peuvent racheter jusqu&#039;\u00e0 4 trimestres de cotisation \u00e0 la retraite. Ils b\u00e9n\u00e9ficient, en outre, d&#039;une r\u00e9duction de 2.000 euros par trim\" \/>\n<meta name=\"robots\" content=\"index, follow, max-snippet:-1, max-image-preview:large, max-video-preview:-1\" \/>\n<link rel=\"canonical\" href=\"https:\/\/www.toutsurmesfinances.com\/retraite\/des-rachats-de-trimestres-de-retraite-moins-chers-pour-les-enfants-de-harkis.html\" \/>\n<meta property=\"og:locale\" content=\"fr_FR\" \/>\n<meta property=\"og:type\" content=\"article\" \/>\n<meta property=\"og:title\" content=\"Des rachats de trimestres de retraite moins chers pour les enfants de harkis\" \/>\n<meta property=\"og:description\" content=\"Depuis le 1er juillet 2015, les descendants directs des ex-suppl\u00e9tifs de l&#039;arm\u00e9e fran\u00e7aise durant la guerre d&#039;Alg\u00e9rie peuvent racheter jusqu&#039;\u00e0 4 trimestres de cotisation \u00e0 la retraite. Ils b\u00e9n\u00e9ficient, en outre, d&#039;une r\u00e9duction de 2.000 euros par trim\" \/>\n<meta property=\"og:url\" content=\"https:\/\/www.toutsurmesfinances.com\/retraite\/des-rachats-de-trimestres-de-retraite-moins-chers-pour-les-enfants-de-harkis.html\" \/>\n<meta property=\"og:site_name\" content=\"Retraite\" \/>\n<meta property=\"article:published_time\" content=\"2015-07-02T18:24:53+00:00\" \/>\n<meta property=\"article:modified_time\" content=\"2021-12-08T12:59:55+00:00\" \/>\n<meta property=\"og:image\" content=\"https:\/\/www.toutsurmesfinances.com\/retraite\/wp-content\/uploads\/sites\/4\/2015\/07\/foule.jpg\" \/>\n\t<meta property=\"og:image:width\" content=\"823\" \/>\n\t<meta property=\"og:image:height\" content=\"463\" \/>\n\t<meta property=\"og:image:type\" content=\"image\/jpeg\" \/>\n<meta name=\"author\" content=\"Jean-Philippe Dubosc\" \/>\n<meta name=\"twitter:card\" content=\"summary_large_image\" \/>\n<meta name=\"twitter:creator\" content=\"@Toutsur\" \/>\n<meta name=\"twitter:site\" content=\"@Toutsur\" \/>\n<meta name=\"twitter:label1\" content=\"\u00c9crit par\" \/>\n\t<meta name=\"twitter:data1\" content=\"Jean-Philippe Dubosc\" \/>\n\t<meta name=\"twitter:label2\" content=\"Dur\u00e9e de lecture estim\u00e9e\" \/>\n\t<meta name=\"twitter:data2\" content=\"3 minutes\" \/>\n<script type=\"application\/ld+json\" class=\"yoast-schema-graph\">{\"@context\":\"https:\/\/schema.org\",\"@graph\":[{\"@type\":\"Article\",\"@id\":\"https:\/\/www.toutsurmesfinances.com\/retraite\/des-rachats-de-trimestres-de-retraite-moins-chers-pour-les-enfants-de-harkis.html#article\",\"isPartOf\":{\"@id\":\"https:\/\/www.toutsurmesfinances.com\/retraite\/des-rachats-de-trimestres-de-retraite-moins-chers-pour-les-enfants-de-harkis.html\"},\"author\":{\"name\":\"Jean-Philippe Dubosc\",\"@id\":\"https:\/\/www.toutsurmesfinances.com\/retraite\/#\/schema\/person\/addc9e9b3978fa7947ead71bab57694c\"},\"headline\":\"Des rachats de trimestres de retraite moins chers pour les enfants de harkis\",\"dateModified\":\"2021-12-08T12:59:55+00:00\",\"mainEntityOfPage\":{\"@id\":\"https:\/\/www.toutsurmesfinances.com\/retraite\/des-rachats-de-trimestres-de-retraite-moins-chers-pour-les-enfants-de-harkis.html\"},\"wordCount\":641,\"publisher\":{\"@id\":\"https:\/\/www.toutsurmesfinances.com\/retraite\/#organization\"},\"image\":{\"@id\":\"https:\/\/www.toutsurmesfinances.com\/retraite\/des-rachats-de-trimestres-de-retraite-moins-chers-pour-les-enfants-de-harkis.html#primaryimage\"},\"thumbnailUrl\":\"https:\/\/www.toutsurmesfinances.com\/retraite\/wp-content\/uploads\/sites\/4\/2015\/07\/foule.jpg\",\"articleSection\":[\"Pr\u00e9paration \u00e0 la retraite\"],\"inLanguage\":\"fr-FR\"},{\"@type\":\"WebPage\",\"@id\":\"https:\/\/www.toutsurmesfinances.com\/retraite\/des-rachats-de-trimestres-de-retraite-moins-chers-pour-les-enfants-de-harkis.html\",\"url\":\"https:\/\/www.toutsurmesfinances.com\/retraite\/des-rachats-de-trimestres-de-retraite-moins-chers-pour-les-enfants-de-harkis.html\",\"name\":\"Des rachats de trimestres de retraite moins chers pour les enfants de harkis\",\"isPartOf\":{\"@id\":\"https:\/\/www.toutsurmesfinances.com\/retraite\/#website\"},\"primaryImageOfPage\":{\"@id\":\"https:\/\/www.toutsurmesfinances.com\/retraite\/des-rachats-de-trimestres-de-retraite-moins-chers-pour-les-enfants-de-harkis.html#primaryimage\"},\"image\":{\"@id\":\"https:\/\/www.toutsurmesfinances.com\/retraite\/des-rachats-de-trimestres-de-retraite-moins-chers-pour-les-enfants-de-harkis.html#primaryimage\"},\"thumbnailUrl\":\"https:\/\/www.toutsurmesfinances.com\/retraite\/wp-content\/uploads\/sites\/4\/2015\/07\/foule.jpg\",\"dateModified\":\"2021-12-08T12:59:55+00:00\",\"description\":\"Depuis le 1er juillet 2015, les descendants directs des ex-suppl\u00e9tifs de l'arm\u00e9e fran\u00e7aise durant la guerre d'Alg\u00e9rie peuvent racheter jusqu'\u00e0 4 trimestres de cotisation \u00e0 la retraite. Ils b\u00e9n\u00e9ficient, en outre, d'une r\u00e9duction de 2.000 euros par trim\",\"breadcrumb\":{\"@id\":\"https:\/\/www.toutsurmesfinances.com\/retraite\/des-rachats-de-trimestres-de-retraite-moins-chers-pour-les-enfants-de-harkis.html#breadcrumb\"},\"inLanguage\":\"fr-FR\",\"potentialAction\":[{\"@type\":\"ReadAction\",\"target\":[\"https:\/\/www.toutsurmesfinances.com\/retraite\/des-rachats-de-trimestres-de-retraite-moins-chers-pour-les-enfants-de-harkis.html\"]}]},{\"@type\":\"ImageObject\",\"inLanguage\":\"fr-FR\",\"@id\":\"https:\/\/www.toutsurmesfinances.com\/retraite\/des-rachats-de-trimestres-de-retraite-moins-chers-pour-les-enfants-de-harkis.html#primaryimage\",\"url\":\"https:\/\/www.toutsurmesfinances.com\/retraite\/wp-content\/uploads\/sites\/4\/2015\/07\/foule.jpg\",\"contentUrl\":\"https:\/\/www.toutsurmesfinances.com\/retraite\/wp-content\/uploads\/sites\/4\/2015\/07\/foule.jpg\",\"width\":823,\"height\":463,\"caption\":\"Les enfants des anciens harkis peuvent b\u00e9n\u00e9ficier depuis le 1er juillet 2015 d'une r\u00e9duction forfaitaire sur les rachats de trimestre\"},{\"@type\":\"BreadcrumbList\",\"@id\":\"https:\/\/www.toutsurmesfinances.com\/retraite\/des-rachats-de-trimestres-de-retraite-moins-chers-pour-les-enfants-de-harkis.html#breadcrumb\",\"itemListElement\":[{\"@type\":\"ListItem\",\"position\":1,\"name\":\"Accueil\",\"item\":\"https:\/\/www.toutsurmesfinances.com\/retraite\/\"},{\"@type\":\"ListItem\",\"position\":2,\"name\":\"Pr\u00e9paration\",\"item\":\"https:\/\/www.toutsurmesfinances.com\/retraite\/c\/preparation\"},{\"@type\":\"ListItem\",\"position\":3,\"name\":\"Pr\u00e9paration \u00e0 la retraite\",\"item\":\"https:\/\/www.toutsurmesfinances.com\/retraite\/c\/preparation-a-la-retraite\"},{\"@type\":\"ListItem\",\"position\":4,\"name\":\"Des rachats de trimestres de retraite moins chers pour les enfants de harkis\"}]},{\"@type\":\"WebSite\",\"@id\":\"https:\/\/www.toutsurmesfinances.com\/retraite\/#website\",\"url\":\"https:\/\/www.toutsurmesfinances.com\/retraite\/\",\"name\":\"Retraite\",\"description\":\"\",\"publisher\":{\"@id\":\"https:\/\/www.toutsurmesfinances.com\/retraite\/#organization\"},\"potentialAction\":[{\"@type\":\"SearchAction\",\"target\":{\"@type\":\"EntryPoint\",\"urlTemplate\":\"https:\/\/www.toutsurmesfinances.com\/retraite\/?s={search_term_string}\"},\"query-input\":{\"@type\":\"PropertyValueSpecification\",\"valueRequired\":true,\"valueName\":\"search_term_string\"}}],\"inLanguage\":\"fr-FR\"},{\"@type\":\"Organization\",\"@id\":\"https:\/\/www.toutsurmesfinances.com\/retraite\/#organization\",\"name\":\"Tout Sur Mes Finances\",\"url\":\"https:\/\/www.toutsurmesfinances.com\/retraite\/\",\"logo\":{\"@type\":\"ImageObject\",\"inLanguage\":\"fr-FR\",\"@id\":\"https:\/\/www.toutsurmesfinances.com\/retraite\/#\/schema\/logo\/image\/\",\"url\":\"https:\/\/www.toutsurmesfinances.com\/retraite\/wp-content\/uploads\/sites\/4\/2021\/01\/favicon.png\",\"contentUrl\":\"https:\/\/www.toutsurmesfinances.com\/retraite\/wp-content\/uploads\/sites\/4\/2021\/01\/favicon.png\",\"width\":512,\"height\":512,\"caption\":\"Tout Sur Mes Finances\"},\"image\":{\"@id\":\"https:\/\/www.toutsurmesfinances.com\/retraite\/#\/schema\/logo\/image\/\"},\"sameAs\":[\"https:\/\/x.com\/Toutsur\"]},{\"@type\":\"Person\",\"@id\":\"https:\/\/www.toutsurmesfinances.com\/retraite\/#\/schema\/person\/addc9e9b3978fa7947ead71bab57694c\",\"name\":\"Jean-Philippe Dubosc\",\"image\":{\"@type\":\"ImageObject\",\"inLanguage\":\"fr-FR\",\"@id\":\"https:\/\/www.toutsurmesfinances.com\/retraite\/#\/schema\/person\/image\/\",\"url\":\"https:\/\/secure.gravatar.com\/avatar\/a3cba30cdda1afe79f6ebffc6e952291?s=96&d=mm&r=g\",\"contentUrl\":\"https:\/\/secure.gravatar.com\/avatar\/a3cba30cdda1afe79f6ebffc6e952291?s=96&d=mm&r=g\",\"caption\":\"Jean-Philippe Dubosc\"},\"description\":\"Jean-Philippe Dubosc est r\u00e9dacteur en chef de ToutSurMesFinances.com et sp\u00e9cialiste des questions de retraite obligatoire et d\u2019\u00e9pargne. Pr\u00e9sent au sein du m\u00e9dia depuis plus de 13 ans, il analyse les r\u00e9formes, les dispositifs r\u00e9glementaires et les strat\u00e9gies de d\u00e9part \u00e0 la retraite, avec une approche fond\u00e9e sur une lecture rigoureuse des textes et une connaissance approfondie des diff\u00e9rents r\u00e9gimes de retraite.\",\"sameAs\":[\"https:\/\/www.toutsurmesfinances.com\/author\/jpdubosc\",\"https:\/\/fr.linkedin.com\/in\/jpdubosc\"]}]}<\/script>\n<!-- \/ Yoast SEO plugin. -->","yoast_head_json":{"title":"Des rachats de trimestres de retraite moins chers pour les enfants de harkis","description":"Depuis le 1er juillet 2015, les descendants directs des ex-suppl\u00e9tifs de l'arm\u00e9e fran\u00e7aise durant la guerre d'Alg\u00e9rie peuvent racheter jusqu'\u00e0 4 trimestres de cotisation \u00e0 la retraite. Ils b\u00e9n\u00e9ficient, en outre, d'une r\u00e9duction de 2.000 euros par trim","robots":{"index":"index","follow":"follow","max-snippet":"max-snippet:-1","max-image-preview":"max-image-preview:large","max-video-preview":"max-video-preview:-1"},"canonical":"https:\/\/www.toutsurmesfinances.com\/retraite\/des-rachats-de-trimestres-de-retraite-moins-chers-pour-les-enfants-de-harkis.html","og_locale":"fr_FR","og_type":"article","og_title":"Des rachats de trimestres de retraite moins chers pour les enfants de harkis","og_description":"Depuis le 1er juillet 2015, les descendants directs des ex-suppl\u00e9tifs de l'arm\u00e9e fran\u00e7aise durant la guerre d'Alg\u00e9rie peuvent racheter jusqu'\u00e0 4 trimestres de cotisation \u00e0 la retraite. Ils b\u00e9n\u00e9ficient, en outre, d'une r\u00e9duction de 2.000 euros par trim","og_url":"https:\/\/www.toutsurmesfinances.com\/retraite\/des-rachats-de-trimestres-de-retraite-moins-chers-pour-les-enfants-de-harkis.html","og_site_name":"Retraite","article_published_time":"2015-07-02T18:24:53+00:00","article_modified_time":"2021-12-08T12:59:55+00:00","og_image":[{"width":823,"height":463,"url":"https:\/\/www.toutsurmesfinances.com\/retraite\/wp-content\/uploads\/sites\/4\/2015\/07\/foule.jpg","type":"image\/jpeg"}],"author":"Jean-Philippe Dubosc","twitter_card":"summary_large_image","twitter_creator":"@Toutsur","twitter_site":"@Toutsur","twitter_misc":{"\u00c9crit par":"Jean-Philippe Dubosc","Dur\u00e9e de lecture estim\u00e9e":"3 minutes"},"schema":{"@context":"https:\/\/schema.org","@graph":[{"@type":"Article","@id":"https:\/\/www.toutsurmesfinances.com\/retraite\/des-rachats-de-trimestres-de-retraite-moins-chers-pour-les-enfants-de-harkis.html#article","isPartOf":{"@id":"https:\/\/www.toutsurmesfinances.com\/retraite\/des-rachats-de-trimestres-de-retraite-moins-chers-pour-les-enfants-de-harkis.html"},"author":{"name":"Jean-Philippe Dubosc","@id":"https:\/\/www.toutsurmesfinances.com\/retraite\/#\/schema\/person\/addc9e9b3978fa7947ead71bab57694c"},"headline":"Des rachats de trimestres de retraite moins chers pour les enfants de harkis","dateModified":"2021-12-08T12:59:55+00:00","mainEntityOfPage":{"@id":"https:\/\/www.toutsurmesfinances.com\/retraite\/des-rachats-de-trimestres-de-retraite-moins-chers-pour-les-enfants-de-harkis.html"},"wordCount":641,"publisher":{"@id":"https:\/\/www.toutsurmesfinances.com\/retraite\/#organization"},"image":{"@id":"https:\/\/www.toutsurmesfinances.com\/retraite\/des-rachats-de-trimestres-de-retraite-moins-chers-pour-les-enfants-de-harkis.html#primaryimage"},"thumbnailUrl":"https:\/\/www.toutsurmesfinances.com\/retraite\/wp-content\/uploads\/sites\/4\/2015\/07\/foule.jpg","articleSection":["Pr\u00e9paration \u00e0 la retraite"],"inLanguage":"fr-FR"},{"@type":"WebPage","@id":"https:\/\/www.toutsurmesfinances.com\/retraite\/des-rachats-de-trimestres-de-retraite-moins-chers-pour-les-enfants-de-harkis.html","url":"https:\/\/www.toutsurmesfinances.com\/retraite\/des-rachats-de-trimestres-de-retraite-moins-chers-pour-les-enfants-de-harkis.html","name":"Des rachats de trimestres de retraite moins chers pour les enfants de harkis","isPartOf":{"@id":"https:\/\/www.toutsurmesfinances.com\/retraite\/#website"},"primaryImageOfPage":{"@id":"https:\/\/www.toutsurmesfinances.com\/retraite\/des-rachats-de-trimestres-de-retraite-moins-chers-pour-les-enfants-de-harkis.html#primaryimage"},"image":{"@id":"https:\/\/www.toutsurmesfinances.com\/retraite\/des-rachats-de-trimestres-de-retraite-moins-chers-pour-les-enfants-de-harkis.html#primaryimage"},"thumbnailUrl":"https:\/\/www.toutsurmesfinances.com\/retraite\/wp-content\/uploads\/sites\/4\/2015\/07\/foule.jpg","dateModified":"2021-12-08T12:59:55+00:00","description":"Depuis le 1er juillet 2015, les descendants directs des ex-suppl\u00e9tifs de l'arm\u00e9e fran\u00e7aise durant la guerre d'Alg\u00e9rie peuvent racheter jusqu'\u00e0 4 trimestres de cotisation \u00e0 la retraite. Ils b\u00e9n\u00e9ficient, en outre, d'une r\u00e9duction de 2.000 euros par trim","breadcrumb":{"@id":"https:\/\/www.toutsurmesfinances.com\/retraite\/des-rachats-de-trimestres-de-retraite-moins-chers-pour-les-enfants-de-harkis.html#breadcrumb"},"inLanguage":"fr-FR","potentialAction":[{"@type":"ReadAction","target":["https:\/\/www.toutsurmesfinances.com\/retraite\/des-rachats-de-trimestres-de-retraite-moins-chers-pour-les-enfants-de-harkis.html"]}]},{"@type":"ImageObject","inLanguage":"fr-FR","@id":"https:\/\/www.toutsurmesfinances.com\/retraite\/des-rachats-de-trimestres-de-retraite-moins-chers-pour-les-enfants-de-harkis.html#primaryimage","url":"https:\/\/www.toutsurmesfinances.com\/retraite\/wp-content\/uploads\/sites\/4\/2015\/07\/foule.jpg","contentUrl":"https:\/\/www.toutsurmesfinances.com\/retraite\/wp-content\/uploads\/sites\/4\/2015\/07\/foule.jpg","width":823,"height":463,"caption":"Les enfants des anciens harkis peuvent b\u00e9n\u00e9ficier depuis le 1er juillet 2015 d'une r\u00e9duction forfaitaire sur les rachats de trimestre"},{"@type":"BreadcrumbList","@id":"https:\/\/www.toutsurmesfinances.com\/retraite\/des-rachats-de-trimestres-de-retraite-moins-chers-pour-les-enfants-de-harkis.html#breadcrumb","itemListElement":[{"@type":"ListItem","position":1,"name":"Accueil","item":"https:\/\/www.toutsurmesfinances.com\/retraite\/"},{"@type":"ListItem","position":2,"name":"Pr\u00e9paration","item":"https:\/\/www.toutsurmesfinances.com\/retraite\/c\/preparation"},{"@type":"ListItem","position":3,"name":"Pr\u00e9paration \u00e0 la retraite","item":"https:\/\/www.toutsurmesfinances.com\/retraite\/c\/preparation-a-la-retraite"},{"@type":"ListItem","position":4,"name":"Des rachats de trimestres de retraite moins chers pour les enfants de harkis"}]},{"@type":"WebSite","@id":"https:\/\/www.toutsurmesfinances.com\/retraite\/#website","url":"https:\/\/www.toutsurmesfinances.com\/retraite\/","name":"Retraite","description":"","publisher":{"@id":"https:\/\/www.toutsurmesfinances.com\/retraite\/#organization"},"potentialAction":[{"@type":"SearchAction","target":{"@type":"EntryPoint","urlTemplate":"https:\/\/www.toutsurmesfinances.com\/retraite\/?s={search_term_string}"},"query-input":{"@type":"PropertyValueSpecification","valueRequired":true,"valueName":"search_term_string"}}],"inLanguage":"fr-FR"},{"@type":"Organization","@id":"https:\/\/www.toutsurmesfinances.com\/retraite\/#organization","name":"Tout Sur Mes Finances","url":"https:\/\/www.toutsurmesfinances.com\/retraite\/","logo":{"@type":"ImageObject","inLanguage":"fr-FR","@id":"https:\/\/www.toutsurmesfinances.com\/retraite\/#\/schema\/logo\/image\/","url":"https:\/\/www.toutsurmesfinances.com\/retraite\/wp-content\/uploads\/sites\/4\/2021\/01\/favicon.png","contentUrl":"https:\/\/www.toutsurmesfinances.com\/retraite\/wp-content\/uploads\/sites\/4\/2021\/01\/favicon.png","width":512,"height":512,"caption":"Tout Sur Mes Finances"},"image":{"@id":"https:\/\/www.toutsurmesfinances.com\/retraite\/#\/schema\/logo\/image\/"},"sameAs":["https:\/\/x.com\/Toutsur"]},{"@type":"Person","@id":"https:\/\/www.toutsurmesfinances.com\/retraite\/#\/schema\/person\/addc9e9b3978fa7947ead71bab57694c","name":"Jean-Philippe Dubosc","image":{"@type":"ImageObject","inLanguage":"fr-FR","@id":"https:\/\/www.toutsurmesfinances.com\/retraite\/#\/schema\/person\/image\/","url":"https:\/\/secure.gravatar.com\/avatar\/a3cba30cdda1afe79f6ebffc6e952291?s=96&d=mm&r=g","contentUrl":"https:\/\/secure.gravatar.com\/avatar\/a3cba30cdda1afe79f6ebffc6e952291?s=96&d=mm&r=g","caption":"Jean-Philippe Dubosc"},"description":"Jean-Philippe Dubosc est r\u00e9dacteur en chef de ToutSurMesFinances.com et sp\u00e9cialiste des questions de retraite obligatoire et d\u2019\u00e9pargne. Pr\u00e9sent au sein du m\u00e9dia depuis plus de 13 ans, il analyse les r\u00e9formes, les dispositifs r\u00e9glementaires et les strat\u00e9gies de d\u00e9part \u00e0 la retraite, avec une approche fond\u00e9e sur une lecture rigoureuse des textes et une connaissance approfondie des diff\u00e9rents r\u00e9gimes de retraite.","sameAs":["https:\/\/www.toutsurmesfinances.com\/author\/jpdubosc","https:\/\/fr.linkedin.com\/in\/jpdubosc"]}]}},"_links":{"self":[{"href":"https:\/\/www.toutsurmesfinances.com\/retraite\/wp-json\/wp\/v2\/posts\/20788","targetHints":{"allow":["GET"]}}],"collection":[{"href":"https:\/\/www.toutsurmesfinances.com\/retraite\/wp-json\/wp\/v2\/posts"}],"about":[{"href":"https:\/\/www.toutsurmesfinances.com\/retraite\/wp-json\/wp\/v2\/types\/post"}],"author":[{"embeddable":true,"href":"https:\/\/www.toutsurmesfinances.com\/retraite\/wp-json\/wp\/v2\/users\/13713"}],"replies":[{"embeddable":true,"href":"https:\/\/www.toutsurmesfinances.com\/retraite\/wp-json\/wp\/v2\/comments?post=20788"}],"version-history":[{"count":2,"href":"https:\/\/www.toutsurmesfinances.com\/retraite\/wp-json\/wp\/v2\/posts\/20788\/revisions"}],"predecessor-version":[{"id":30404,"href":"https:\/\/www.toutsurmesfinances.com\/retraite\/wp-json\/wp\/v2\/posts\/20788\/revisions\/30404"}],"wp:featuredmedia":[{"embeddable":true,"href":"https:\/\/www.toutsurmesfinances.com\/retraite\/wp-json\/wp\/v2\/media\/20787"}],"wp:attachment":[{"href":"https:\/\/www.toutsurmesfinances.com\/retraite\/wp-json\/wp\/v2\/media?parent=20788"}],"wp:term":[{"taxonomy":"category","embeddable":true,"href":"https:\/\/www.toutsurmesfinances.com\/retraite\/wp-json\/wp\/v2\/categories?post=20788"},{"taxonomy":"post_tag","embeddable":true,"href":"https:\/\/www.toutsurmesfinances.com\/retraite\/wp-json\/wp\/v2\/tags?post=20788"}],"curies":[{"name":"wp","href":"https:\/\/api.w.org\/{rel}","templated":true}]}}