{"id":20824,"date":"2015-07-23T07:26:41","date_gmt":"2015-07-23T05:26:41","guid":{"rendered":"https:\/\/www.toutsurmesfinances.com\/retraite\/il-faudrait-retablir-la-dispense-de-recherche-d-emploi-pour-les-chomeurs-seniors.html"},"modified":"2021-12-08T14:07:16","modified_gmt":"2021-12-08T13:07:16","slug":"il-faudrait-retablir-la-dispense-de-recherche-d-emploi-pour-les-chomeurs-seniors","status":"publish","type":"post","link":"https:\/\/www.toutsurmesfinances.com\/retraite\/il-faudrait-retablir-la-dispense-de-recherche-d-emploi-pour-les-chomeurs-seniors.html","title":{"rendered":"\u00ab Il faudrait r\u00e9tablir la dispense de recherche d&#8217;emploi pour les ch\u00f4meurs seniors \u00bb"},"content":{"rendered":"<section class=\"l-section wpb_row height_small\"><div class=\"l-section-h i-cf\"><div class=\"g-cols vc_row via_flex valign_top type_default stacking_default\"><div class=\"vc_col-sm-12 wpb_column vc_column_container\"><div class=\"vc_column-inner\"><div class=\"wpb_wrapper\"><div class=\"wpb_text_column\"><div class=\"wpb_wrapper\"><p><strong>Toutsurmesfinances.com : Que pensez-vous de la prime transitoire de solidarit\u00e9 pour les ch\u00f4meurs \u00e2g\u00e9s de 60 \u00e0 62 ans qui disposent de tous leurs trimestres de retraite et qui per\u00e7oivent l&rsquo;allocation de solidarit\u00e9 sp\u00e9cifique (ASS) ou le revenu de solidarit\u00e9 active (RSA) ?<\/strong><br \/>\n<strong>Sylvain Denis, d\u00e9l\u00e9gu\u00e9 aupr\u00e8s du pr\u00e9sident de la FNAR<\/strong> : A priori, c&rsquo;est une bonne chose car cette prime de 300 euros par mois va profiter \u00e0 des demandeurs d&#8217;emploi seniors qui n&rsquo;ont plus d&rsquo;allocation ch\u00f4mage et qui ne peuvent pas partir \u00e0 la retraite parce qu&rsquo;ils n&rsquo;ont pas encore atteint l&rsquo;\u00e2ge l\u00e9gal de d\u00e9part. Or, on sait tr\u00e8s bien que les entreprises n&#8217;embauchent pas les personnes apr\u00e8s 60 ans. En revanche, on peut regretter que l&rsquo;on rajoute ici une nouvelle couche au syst\u00e8me fran\u00e7ais de protection sociale qui est d\u00e9j\u00e0 tr\u00e8s compliqu\u00e9. Le m\u00e9canisme m\u00eame de la prime est complexe puisqu&rsquo;elle est financ\u00e9e par la solidarit\u00e9 nationale mais vers\u00e9e par P\u00f4le Emploi, qu&rsquo;elle s&rsquo;ajoute au RSA vers\u00e9, lui par le d\u00e9partement, et qu&rsquo;elle s&rsquo;arr\u00eate \u00e0 l&rsquo;entr\u00e9e \u00e0 la retraite. Ce qui implique que l&rsquo;Etat, P\u00f4le Emploi, les d\u00e9partements et les caisses de retraite communiquent entre eux. Ce n&rsquo;est pas gagn\u00e9.<\/p>\n<p>&nbsp;<\/p>\n<p><strong>N&rsquo;est-ce pas injuste que ces ch\u00f4meurs ne puissent pas partir \u00e0 la retraite alors qu&rsquo;ils justifient de tous leurs trimestres ?<\/strong><br \/>\nSi. Pour percevoir en France une pension de retraite sans d\u00e9cote (sans minoration, NDLR), il faut avoir non seulement cotis\u00e9 un certain nombre de trimestres, mais en plus atteindre un \u00e2ge minimum. Nous sommes le seul syst\u00e8me de retraite au monde \u00e0 exiger \u00e0 la fois une dur\u00e9e de cotisation et le respect de bornes d&rsquo;\u00e2ge. A la FNAR, nous militons pour un syst\u00e8me unique de retraites que l&rsquo;on travaille dans le secteur priv\u00e9 ou public, syst\u00e8me qui devrait \u00eatre largement simplifi\u00e9. L&rsquo;\u00e2ge l\u00e9gal de d\u00e9part n&rsquo;est qu&rsquo;un param\u00e8tre qui d\u00e9bouche sur des situations dramatiques comme ces demandeurs d&#8217;emploi seniors qui ont tous leurs trimestres, qui ne peuvent pas partir leur retraite mais qui ne peuvent pas travailler non plus et se retrouvent au RSA.<\/p>\n<p>&nbsp;<\/p>\n<p><strong>La prime transitoire de solidarit\u00e9 s&rsquo;adresse aux ch\u00f4meurs n\u00e9s en 1954 et en 1955. Que va-t-il se passer pour les autres ?<\/strong><br \/>\nCette prime transitoire est en effet&#8230; temporaire. Or, on doute que la situation va s&rsquo;am\u00e9liorer pour les demandeurs d&#8217;emploi n\u00e9s apr\u00e8s 1955. Par ailleurs, je tiens \u00e0 souligner qu&rsquo;il faut en faire la demande pour en b\u00e9n\u00e9ficier. Je crains que nombre de ch\u00f4meurs \u00e9ligibles n&rsquo;effectuent pas la d\u00e9marche car l\u00e0 encore, elle est compliqu\u00e9e et que cette population \u00e9prouve souvent des difficult\u00e9s \u00e0 monter des dossiers. Si P\u00f4le Emploi ne communique pas sur le sujet, il n&rsquo;est m\u00eame pas s\u00fbr que les seniors connaissent l&rsquo;existence de cette prime !<\/p>\n<p>&nbsp;<\/p>\n<p><strong>Suite \u00e0 la suppression de la dispense de recherche d&#8217;emploi (DRE) pour les ch\u00f4meurs seniors, les pouvoirs publics ont mis en place l&rsquo;allocation \u00e9quivalent retraite (AER), puis l&rsquo;allocation transitoire de solidarit\u00e9 (ATS) et maintenant la prime transitoire de solidarit\u00e9 (PTS). Ne faudrait-il pas r\u00e9tablir la DRE ?<\/strong><br \/>\nCe serait en effet la solution la plus simple. Jusqu&rsquo;en 2008, les demandeurs d&#8217;emploi de plus de 57 ans et &#8211; dans certaines conditions &#8211; de plus de 55 ans, \u00e9taient dispens\u00e9s de recherche d&#8217;emploi. Ils percevaient leurs allocations ch\u00f4mage jusqu&rsquo;\u00e0 leur d\u00e9part \u00e0 la retraite. Ils passaient ainsi automatiquement du ch\u00f4mage \u00e0 la retraite. Pour r\u00e9aliser des \u00e9conomies \u00e0 l&rsquo;Unedic, la DRE a \u00e9t\u00e9 supprim\u00e9e. On s&rsquo;est alors retrouv\u00e9 avec des cohortes de ch\u00f4meurs seniors en fin de droits, sans espoir de retrouver du travail et dans une situation de grand d\u00e9nuement. C&rsquo;est ainsi qu&rsquo;a \u00e9t\u00e9 cr\u00e9\u00e9e l&rsquo;AER qui, elle-m\u00eame, a fini par \u00eatre supprim\u00e9e en 2011. Elle a \u00e9t\u00e9 remplac\u00e9e par l&rsquo;ATS dont les conditions d&rsquo;acc\u00e8s se sont av\u00e9r\u00e9es tellement restrictives que peu de gens peuvent en b\u00e9n\u00e9ficier. Fran\u00e7ois Hollande avait promis le r\u00e9tablissement de l&rsquo;AER. En d\u00e9finitive, l&rsquo;ATS a \u00e9t\u00e9 prolong\u00e9e et voici maintenant la cr\u00e9ation de la PTS. On n&rsquo;y comprend plus rien.<\/p>\n<p>&nbsp;<\/p>\n<p><strong>Mais ne serait-ce pas compliqu\u00e9 pour l&rsquo;ex\u00e9cutif de r\u00e9tablir la DRE alors que la France s&rsquo;est engag\u00e9e aupr\u00e8s de Bruxelles \u00e0 augmenter le taux d&rsquo;activit\u00e9 des seniors ?<\/strong><br \/>\nOutre les \u00e9conomies pour l&rsquo;Unedic, la suppression de la DRE \u00e9tait en effet guid\u00e9e par la volont\u00e9 de contraindre les entreprises \u00e0 garder leurs seniors. Jusque-l\u00e0, il leur \u00e9tait facile de se s\u00e9parer de leurs salari\u00e9s de plus de 55 ou 57 ans en leur disant qu&rsquo;ils profiteraient du ch\u00f4mage, puis de la retraite. Supprimer la DRE a constitu\u00e9 un signal fort en faveur de l&#8217;emploi des seniors. Ca a d&rsquo;ailleurs partiellement march\u00e9. Le taux d&rsquo;activit\u00e9 des 55-59 ans en France est d\u00e9sormais sup\u00e9rieur \u00e0 la moyenne europ\u00e9enne. Toutefois, force est de constater qu&rsquo;\u00e0 compter de 60 ans, c&rsquo;est-\u00e0-dire \u00e0 partir du moment o\u00f9 les personnes sont autoris\u00e9es \u00e0 prendre leur retraite, il chute brutalement.<\/p>\n<p style=\"text-align: right;\"><em>Propos recueillis par Jean-Philippe Dubosc<\/em><\/p>\n<\/div><\/div><\/div><\/div><\/div><\/div><\/div><\/section>\n","protected":false},"excerpt":{"rendered":"<p>INTERVIEW \u2013 Le gouvernement vient de mettre en place une prime de 300 euros par mois pour les demandeurs d&#8217;emploi proches de la retraite, b\u00e9n\u00e9ficiaires des minima sociaux. Pour Sylvain Denis, d\u00e9l\u00e9gu\u00e9 aupr\u00e8s du pr\u00e9sident de la F\u00e9d\u00e9ration nationale des associations de retrait\u00e9s (FNAR), cette prime ne va rien r\u00e9gler. \u00a0  \u00a0<\/p>\n","protected":false},"author":13713,"featured_media":20823,"comment_status":"closed","ping_status":"closed","sticky":false,"template":"","format":"standard","meta":{"footnotes":""},"categories":[16],"tags":[],"class_list":["post-20824","post","type-post","status-publish","format-standard","has-post-thumbnail","hentry","category-seniors"],"acf":[],"yoast_head":"<!-- This site is optimized with the Yoast SEO plugin v24.9 - https:\/\/yoast.com\/wordpress\/plugins\/seo\/ -->\n<title>\u00ab Il faudrait r\u00e9tablir la dispense de recherche d&#039;emploi pour les ch\u00f4meurs seniors \u00bb<\/title>\n<meta name=\"description\" content=\"Le gouvernement vient de mettre en place une prime de 300 euros par mois pour les demandeurs d&#039;emploi proches de la retraite, b\u00e9n\u00e9ficiaires des minima sociaux. Pour Sylvain Denis, d\u00e9l\u00e9gu\u00e9 aupr\u00e8s du pr\u00e9sident de la F\u00e9d\u00e9ration nationale des associations de\" \/>\n<meta name=\"robots\" content=\"index, follow, max-snippet:-1, max-image-preview:large, max-video-preview:-1\" \/>\n<link rel=\"canonical\" href=\"https:\/\/www.toutsurmesfinances.com\/retraite\/il-faudrait-retablir-la-dispense-de-recherche-d-emploi-pour-les-chomeurs-seniors.html\" \/>\n<meta property=\"og:locale\" content=\"fr_FR\" \/>\n<meta property=\"og:type\" content=\"article\" \/>\n<meta property=\"og:title\" content=\"\u00ab Il faudrait r\u00e9tablir la dispense de recherche d&#039;emploi pour les ch\u00f4meurs seniors \u00bb\" \/>\n<meta property=\"og:description\" content=\"Le gouvernement vient de mettre en place une prime de 300 euros par mois pour les demandeurs d&#039;emploi proches de la retraite, b\u00e9n\u00e9ficiaires des minima sociaux. Pour Sylvain Denis, d\u00e9l\u00e9gu\u00e9 aupr\u00e8s du pr\u00e9sident de la F\u00e9d\u00e9ration nationale des associations de\" \/>\n<meta property=\"og:url\" content=\"https:\/\/www.toutsurmesfinances.com\/retraite\/il-faudrait-retablir-la-dispense-de-recherche-d-emploi-pour-les-chomeurs-seniors.html\" \/>\n<meta property=\"og:site_name\" content=\"Retraite\" \/>\n<meta property=\"article:published_time\" content=\"2015-07-23T05:26:41+00:00\" \/>\n<meta property=\"article:modified_time\" content=\"2021-12-08T13:07:16+00:00\" \/>\n<meta property=\"og:image\" content=\"https:\/\/www.toutsurmesfinances.com\/retraite\/wp-content\/uploads\/sites\/4\/2015\/07\/sylvain-denis-Fnar.jpg\" \/>\n\t<meta property=\"og:image:width\" content=\"496\" \/>\n\t<meta property=\"og:image:height\" content=\"279\" \/>\n\t<meta property=\"og:image:type\" content=\"image\/jpeg\" \/>\n<meta name=\"author\" content=\"Jean-Philippe Dubosc\" \/>\n<meta name=\"twitter:card\" content=\"summary_large_image\" \/>\n<meta name=\"twitter:creator\" content=\"@Toutsur\" \/>\n<meta name=\"twitter:site\" content=\"@Toutsur\" \/>\n<meta name=\"twitter:label1\" content=\"\u00c9crit par\" \/>\n\t<meta name=\"twitter:data1\" content=\"Jean-Philippe Dubosc\" \/>\n\t<meta name=\"twitter:label2\" content=\"Dur\u00e9e de lecture estim\u00e9e\" \/>\n\t<meta name=\"twitter:data2\" content=\"4 minutes\" \/>\n<script type=\"application\/ld+json\" class=\"yoast-schema-graph\">{\"@context\":\"https:\/\/schema.org\",\"@graph\":[{\"@type\":\"Article\",\"@id\":\"https:\/\/www.toutsurmesfinances.com\/retraite\/il-faudrait-retablir-la-dispense-de-recherche-d-emploi-pour-les-chomeurs-seniors.html#article\",\"isPartOf\":{\"@id\":\"https:\/\/www.toutsurmesfinances.com\/retraite\/il-faudrait-retablir-la-dispense-de-recherche-d-emploi-pour-les-chomeurs-seniors.html\"},\"author\":{\"name\":\"Jean-Philippe Dubosc\",\"@id\":\"https:\/\/www.toutsurmesfinances.com\/retraite\/#\/schema\/person\/addc9e9b3978fa7947ead71bab57694c\"},\"headline\":\"\u00ab Il faudrait r\u00e9tablir la dispense de recherche d&#8217;emploi pour les ch\u00f4meurs seniors \u00bb\",\"dateModified\":\"2021-12-08T13:07:16+00:00\",\"mainEntityOfPage\":{\"@id\":\"https:\/\/www.toutsurmesfinances.com\/retraite\/il-faudrait-retablir-la-dispense-de-recherche-d-emploi-pour-les-chomeurs-seniors.html\"},\"wordCount\":942,\"publisher\":{\"@id\":\"https:\/\/www.toutsurmesfinances.com\/retraite\/#organization\"},\"image\":{\"@id\":\"https:\/\/www.toutsurmesfinances.com\/retraite\/il-faudrait-retablir-la-dispense-de-recherche-d-emploi-pour-les-chomeurs-seniors.html#primaryimage\"},\"thumbnailUrl\":\"https:\/\/www.toutsurmesfinances.com\/retraite\/wp-content\/uploads\/sites\/4\/2015\/07\/sylvain-denis-Fnar.jpg\",\"articleSection\":[\"Seniors\"],\"inLanguage\":\"fr-FR\"},{\"@type\":\"WebPage\",\"@id\":\"https:\/\/www.toutsurmesfinances.com\/retraite\/il-faudrait-retablir-la-dispense-de-recherche-d-emploi-pour-les-chomeurs-seniors.html\",\"url\":\"https:\/\/www.toutsurmesfinances.com\/retraite\/il-faudrait-retablir-la-dispense-de-recherche-d-emploi-pour-les-chomeurs-seniors.html\",\"name\":\"\u00ab Il faudrait r\u00e9tablir la dispense de recherche d'emploi pour les ch\u00f4meurs seniors \u00bb\",\"isPartOf\":{\"@id\":\"https:\/\/www.toutsurmesfinances.com\/retraite\/#website\"},\"primaryImageOfPage\":{\"@id\":\"https:\/\/www.toutsurmesfinances.com\/retraite\/il-faudrait-retablir-la-dispense-de-recherche-d-emploi-pour-les-chomeurs-seniors.html#primaryimage\"},\"image\":{\"@id\":\"https:\/\/www.toutsurmesfinances.com\/retraite\/il-faudrait-retablir-la-dispense-de-recherche-d-emploi-pour-les-chomeurs-seniors.html#primaryimage\"},\"thumbnailUrl\":\"https:\/\/www.toutsurmesfinances.com\/retraite\/wp-content\/uploads\/sites\/4\/2015\/07\/sylvain-denis-Fnar.jpg\",\"dateModified\":\"2021-12-08T13:07:16+00:00\",\"description\":\"Le gouvernement vient de mettre en place une prime de 300 euros par mois pour les demandeurs d'emploi proches de la retraite, b\u00e9n\u00e9ficiaires des minima sociaux. Pour Sylvain Denis, d\u00e9l\u00e9gu\u00e9 aupr\u00e8s du pr\u00e9sident de la F\u00e9d\u00e9ration nationale des associations de\",\"breadcrumb\":{\"@id\":\"https:\/\/www.toutsurmesfinances.com\/retraite\/il-faudrait-retablir-la-dispense-de-recherche-d-emploi-pour-les-chomeurs-seniors.html#breadcrumb\"},\"inLanguage\":\"fr-FR\",\"potentialAction\":[{\"@type\":\"ReadAction\",\"target\":[\"https:\/\/www.toutsurmesfinances.com\/retraite\/il-faudrait-retablir-la-dispense-de-recherche-d-emploi-pour-les-chomeurs-seniors.html\"]}]},{\"@type\":\"ImageObject\",\"inLanguage\":\"fr-FR\",\"@id\":\"https:\/\/www.toutsurmesfinances.com\/retraite\/il-faudrait-retablir-la-dispense-de-recherche-d-emploi-pour-les-chomeurs-seniors.html#primaryimage\",\"url\":\"https:\/\/www.toutsurmesfinances.com\/retraite\/wp-content\/uploads\/sites\/4\/2015\/07\/sylvain-denis-Fnar.jpg\",\"contentUrl\":\"https:\/\/www.toutsurmesfinances.com\/retraite\/wp-content\/uploads\/sites\/4\/2015\/07\/sylvain-denis-Fnar.jpg\",\"width\":496,\"height\":279,\"caption\":\"Sylvain Denis, d\u00e9l\u00e9gu\u00e9 aupr\u00e8s du pr\u00e9sident de la FNAR\"},{\"@type\":\"BreadcrumbList\",\"@id\":\"https:\/\/www.toutsurmesfinances.com\/retraite\/il-faudrait-retablir-la-dispense-de-recherche-d-emploi-pour-les-chomeurs-seniors.html#breadcrumb\",\"itemListElement\":[{\"@type\":\"ListItem\",\"position\":1,\"name\":\"Accueil\",\"item\":\"https:\/\/www.toutsurmesfinances.com\/retraite\/\"},{\"@type\":\"ListItem\",\"position\":2,\"name\":\"Retrait\u00e9\",\"item\":\"https:\/\/www.toutsurmesfinances.com\/retraite\/c\/retraite\"},{\"@type\":\"ListItem\",\"position\":3,\"name\":\"Seniors\",\"item\":\"https:\/\/www.toutsurmesfinances.com\/retraite\/c\/seniors\"},{\"@type\":\"ListItem\",\"position\":4,\"name\":\"\u00ab Il faudrait r\u00e9tablir la dispense de recherche d&#8217;emploi pour les ch\u00f4meurs seniors \u00bb\"}]},{\"@type\":\"WebSite\",\"@id\":\"https:\/\/www.toutsurmesfinances.com\/retraite\/#website\",\"url\":\"https:\/\/www.toutsurmesfinances.com\/retraite\/\",\"name\":\"Retraite\",\"description\":\"\",\"publisher\":{\"@id\":\"https:\/\/www.toutsurmesfinances.com\/retraite\/#organization\"},\"potentialAction\":[{\"@type\":\"SearchAction\",\"target\":{\"@type\":\"EntryPoint\",\"urlTemplate\":\"https:\/\/www.toutsurmesfinances.com\/retraite\/?s={search_term_string}\"},\"query-input\":{\"@type\":\"PropertyValueSpecification\",\"valueRequired\":true,\"valueName\":\"search_term_string\"}}],\"inLanguage\":\"fr-FR\"},{\"@type\":\"Organization\",\"@id\":\"https:\/\/www.toutsurmesfinances.com\/retraite\/#organization\",\"name\":\"Tout Sur Mes Finances\",\"url\":\"https:\/\/www.toutsurmesfinances.com\/retraite\/\",\"logo\":{\"@type\":\"ImageObject\",\"inLanguage\":\"fr-FR\",\"@id\":\"https:\/\/www.toutsurmesfinances.com\/retraite\/#\/schema\/logo\/image\/\",\"url\":\"https:\/\/www.toutsurmesfinances.com\/retraite\/wp-content\/uploads\/sites\/4\/2021\/01\/favicon.png\",\"contentUrl\":\"https:\/\/www.toutsurmesfinances.com\/retraite\/wp-content\/uploads\/sites\/4\/2021\/01\/favicon.png\",\"width\":512,\"height\":512,\"caption\":\"Tout Sur Mes Finances\"},\"image\":{\"@id\":\"https:\/\/www.toutsurmesfinances.com\/retraite\/#\/schema\/logo\/image\/\"},\"sameAs\":[\"https:\/\/x.com\/Toutsur\"]},{\"@type\":\"Person\",\"@id\":\"https:\/\/www.toutsurmesfinances.com\/retraite\/#\/schema\/person\/addc9e9b3978fa7947ead71bab57694c\",\"name\":\"Jean-Philippe Dubosc\",\"image\":{\"@type\":\"ImageObject\",\"inLanguage\":\"fr-FR\",\"@id\":\"https:\/\/www.toutsurmesfinances.com\/retraite\/#\/schema\/person\/image\/\",\"url\":\"https:\/\/secure.gravatar.com\/avatar\/a3cba30cdda1afe79f6ebffc6e952291?s=96&d=mm&r=g\",\"contentUrl\":\"https:\/\/secure.gravatar.com\/avatar\/a3cba30cdda1afe79f6ebffc6e952291?s=96&d=mm&r=g\",\"caption\":\"Jean-Philippe Dubosc\"},\"description\":\"Jean-Philippe Dubosc est r\u00e9dacteur en chef de ToutSurMesFinances.com et sp\u00e9cialiste des questions de retraite obligatoire et d\u2019\u00e9pargne. Pr\u00e9sent au sein du m\u00e9dia depuis plus de 13 ans, il analyse les r\u00e9formes, les dispositifs r\u00e9glementaires et les strat\u00e9gies de d\u00e9part \u00e0 la retraite, avec une approche fond\u00e9e sur une lecture rigoureuse des textes et une connaissance approfondie des diff\u00e9rents r\u00e9gimes de retraite.\",\"sameAs\":[\"https:\/\/www.toutsurmesfinances.com\/author\/jpdubosc\",\"https:\/\/fr.linkedin.com\/in\/jpdubosc\"]}]}<\/script>\n<!-- \/ Yoast SEO plugin. -->","yoast_head_json":{"title":"\u00ab Il faudrait r\u00e9tablir la dispense de recherche d'emploi pour les ch\u00f4meurs seniors \u00bb","description":"Le gouvernement vient de mettre en place une prime de 300 euros par mois pour les demandeurs d'emploi proches de la retraite, b\u00e9n\u00e9ficiaires des minima sociaux. Pour Sylvain Denis, d\u00e9l\u00e9gu\u00e9 aupr\u00e8s du pr\u00e9sident de la F\u00e9d\u00e9ration nationale des associations de","robots":{"index":"index","follow":"follow","max-snippet":"max-snippet:-1","max-image-preview":"max-image-preview:large","max-video-preview":"max-video-preview:-1"},"canonical":"https:\/\/www.toutsurmesfinances.com\/retraite\/il-faudrait-retablir-la-dispense-de-recherche-d-emploi-pour-les-chomeurs-seniors.html","og_locale":"fr_FR","og_type":"article","og_title":"\u00ab Il faudrait r\u00e9tablir la dispense de recherche d'emploi pour les ch\u00f4meurs seniors \u00bb","og_description":"Le gouvernement vient de mettre en place une prime de 300 euros par mois pour les demandeurs d'emploi proches de la retraite, b\u00e9n\u00e9ficiaires des minima sociaux. Pour Sylvain Denis, d\u00e9l\u00e9gu\u00e9 aupr\u00e8s du pr\u00e9sident de la F\u00e9d\u00e9ration nationale des associations de","og_url":"https:\/\/www.toutsurmesfinances.com\/retraite\/il-faudrait-retablir-la-dispense-de-recherche-d-emploi-pour-les-chomeurs-seniors.html","og_site_name":"Retraite","article_published_time":"2015-07-23T05:26:41+00:00","article_modified_time":"2021-12-08T13:07:16+00:00","og_image":[{"width":496,"height":279,"url":"https:\/\/www.toutsurmesfinances.com\/retraite\/wp-content\/uploads\/sites\/4\/2015\/07\/sylvain-denis-Fnar.jpg","type":"image\/jpeg"}],"author":"Jean-Philippe Dubosc","twitter_card":"summary_large_image","twitter_creator":"@Toutsur","twitter_site":"@Toutsur","twitter_misc":{"\u00c9crit par":"Jean-Philippe Dubosc","Dur\u00e9e de lecture estim\u00e9e":"4 minutes"},"schema":{"@context":"https:\/\/schema.org","@graph":[{"@type":"Article","@id":"https:\/\/www.toutsurmesfinances.com\/retraite\/il-faudrait-retablir-la-dispense-de-recherche-d-emploi-pour-les-chomeurs-seniors.html#article","isPartOf":{"@id":"https:\/\/www.toutsurmesfinances.com\/retraite\/il-faudrait-retablir-la-dispense-de-recherche-d-emploi-pour-les-chomeurs-seniors.html"},"author":{"name":"Jean-Philippe Dubosc","@id":"https:\/\/www.toutsurmesfinances.com\/retraite\/#\/schema\/person\/addc9e9b3978fa7947ead71bab57694c"},"headline":"\u00ab Il faudrait r\u00e9tablir la dispense de recherche d&#8217;emploi pour les ch\u00f4meurs seniors \u00bb","dateModified":"2021-12-08T13:07:16+00:00","mainEntityOfPage":{"@id":"https:\/\/www.toutsurmesfinances.com\/retraite\/il-faudrait-retablir-la-dispense-de-recherche-d-emploi-pour-les-chomeurs-seniors.html"},"wordCount":942,"publisher":{"@id":"https:\/\/www.toutsurmesfinances.com\/retraite\/#organization"},"image":{"@id":"https:\/\/www.toutsurmesfinances.com\/retraite\/il-faudrait-retablir-la-dispense-de-recherche-d-emploi-pour-les-chomeurs-seniors.html#primaryimage"},"thumbnailUrl":"https:\/\/www.toutsurmesfinances.com\/retraite\/wp-content\/uploads\/sites\/4\/2015\/07\/sylvain-denis-Fnar.jpg","articleSection":["Seniors"],"inLanguage":"fr-FR"},{"@type":"WebPage","@id":"https:\/\/www.toutsurmesfinances.com\/retraite\/il-faudrait-retablir-la-dispense-de-recherche-d-emploi-pour-les-chomeurs-seniors.html","url":"https:\/\/www.toutsurmesfinances.com\/retraite\/il-faudrait-retablir-la-dispense-de-recherche-d-emploi-pour-les-chomeurs-seniors.html","name":"\u00ab Il faudrait r\u00e9tablir la dispense de recherche d'emploi pour les ch\u00f4meurs seniors \u00bb","isPartOf":{"@id":"https:\/\/www.toutsurmesfinances.com\/retraite\/#website"},"primaryImageOfPage":{"@id":"https:\/\/www.toutsurmesfinances.com\/retraite\/il-faudrait-retablir-la-dispense-de-recherche-d-emploi-pour-les-chomeurs-seniors.html#primaryimage"},"image":{"@id":"https:\/\/www.toutsurmesfinances.com\/retraite\/il-faudrait-retablir-la-dispense-de-recherche-d-emploi-pour-les-chomeurs-seniors.html#primaryimage"},"thumbnailUrl":"https:\/\/www.toutsurmesfinances.com\/retraite\/wp-content\/uploads\/sites\/4\/2015\/07\/sylvain-denis-Fnar.jpg","dateModified":"2021-12-08T13:07:16+00:00","description":"Le gouvernement vient de mettre en place une prime de 300 euros par mois pour les demandeurs d'emploi proches de la retraite, b\u00e9n\u00e9ficiaires des minima sociaux. Pour Sylvain Denis, d\u00e9l\u00e9gu\u00e9 aupr\u00e8s du pr\u00e9sident de la F\u00e9d\u00e9ration nationale des associations de","breadcrumb":{"@id":"https:\/\/www.toutsurmesfinances.com\/retraite\/il-faudrait-retablir-la-dispense-de-recherche-d-emploi-pour-les-chomeurs-seniors.html#breadcrumb"},"inLanguage":"fr-FR","potentialAction":[{"@type":"ReadAction","target":["https:\/\/www.toutsurmesfinances.com\/retraite\/il-faudrait-retablir-la-dispense-de-recherche-d-emploi-pour-les-chomeurs-seniors.html"]}]},{"@type":"ImageObject","inLanguage":"fr-FR","@id":"https:\/\/www.toutsurmesfinances.com\/retraite\/il-faudrait-retablir-la-dispense-de-recherche-d-emploi-pour-les-chomeurs-seniors.html#primaryimage","url":"https:\/\/www.toutsurmesfinances.com\/retraite\/wp-content\/uploads\/sites\/4\/2015\/07\/sylvain-denis-Fnar.jpg","contentUrl":"https:\/\/www.toutsurmesfinances.com\/retraite\/wp-content\/uploads\/sites\/4\/2015\/07\/sylvain-denis-Fnar.jpg","width":496,"height":279,"caption":"Sylvain Denis, d\u00e9l\u00e9gu\u00e9 aupr\u00e8s du pr\u00e9sident de la FNAR"},{"@type":"BreadcrumbList","@id":"https:\/\/www.toutsurmesfinances.com\/retraite\/il-faudrait-retablir-la-dispense-de-recherche-d-emploi-pour-les-chomeurs-seniors.html#breadcrumb","itemListElement":[{"@type":"ListItem","position":1,"name":"Accueil","item":"https:\/\/www.toutsurmesfinances.com\/retraite\/"},{"@type":"ListItem","position":2,"name":"Retrait\u00e9","item":"https:\/\/www.toutsurmesfinances.com\/retraite\/c\/retraite"},{"@type":"ListItem","position":3,"name":"Seniors","item":"https:\/\/www.toutsurmesfinances.com\/retraite\/c\/seniors"},{"@type":"ListItem","position":4,"name":"\u00ab Il faudrait r\u00e9tablir la dispense de recherche d&#8217;emploi pour les ch\u00f4meurs seniors \u00bb"}]},{"@type":"WebSite","@id":"https:\/\/www.toutsurmesfinances.com\/retraite\/#website","url":"https:\/\/www.toutsurmesfinances.com\/retraite\/","name":"Retraite","description":"","publisher":{"@id":"https:\/\/www.toutsurmesfinances.com\/retraite\/#organization"},"potentialAction":[{"@type":"SearchAction","target":{"@type":"EntryPoint","urlTemplate":"https:\/\/www.toutsurmesfinances.com\/retraite\/?s={search_term_string}"},"query-input":{"@type":"PropertyValueSpecification","valueRequired":true,"valueName":"search_term_string"}}],"inLanguage":"fr-FR"},{"@type":"Organization","@id":"https:\/\/www.toutsurmesfinances.com\/retraite\/#organization","name":"Tout Sur Mes Finances","url":"https:\/\/www.toutsurmesfinances.com\/retraite\/","logo":{"@type":"ImageObject","inLanguage":"fr-FR","@id":"https:\/\/www.toutsurmesfinances.com\/retraite\/#\/schema\/logo\/image\/","url":"https:\/\/www.toutsurmesfinances.com\/retraite\/wp-content\/uploads\/sites\/4\/2021\/01\/favicon.png","contentUrl":"https:\/\/www.toutsurmesfinances.com\/retraite\/wp-content\/uploads\/sites\/4\/2021\/01\/favicon.png","width":512,"height":512,"caption":"Tout Sur Mes Finances"},"image":{"@id":"https:\/\/www.toutsurmesfinances.com\/retraite\/#\/schema\/logo\/image\/"},"sameAs":["https:\/\/x.com\/Toutsur"]},{"@type":"Person","@id":"https:\/\/www.toutsurmesfinances.com\/retraite\/#\/schema\/person\/addc9e9b3978fa7947ead71bab57694c","name":"Jean-Philippe Dubosc","image":{"@type":"ImageObject","inLanguage":"fr-FR","@id":"https:\/\/www.toutsurmesfinances.com\/retraite\/#\/schema\/person\/image\/","url":"https:\/\/secure.gravatar.com\/avatar\/a3cba30cdda1afe79f6ebffc6e952291?s=96&d=mm&r=g","contentUrl":"https:\/\/secure.gravatar.com\/avatar\/a3cba30cdda1afe79f6ebffc6e952291?s=96&d=mm&r=g","caption":"Jean-Philippe Dubosc"},"description":"Jean-Philippe Dubosc est r\u00e9dacteur en chef de ToutSurMesFinances.com et sp\u00e9cialiste des questions de retraite obligatoire et d\u2019\u00e9pargne. Pr\u00e9sent au sein du m\u00e9dia depuis plus de 13 ans, il analyse les r\u00e9formes, les dispositifs r\u00e9glementaires et les strat\u00e9gies de d\u00e9part \u00e0 la retraite, avec une approche fond\u00e9e sur une lecture rigoureuse des textes et une connaissance approfondie des diff\u00e9rents r\u00e9gimes de retraite.","sameAs":["https:\/\/www.toutsurmesfinances.com\/author\/jpdubosc","https:\/\/fr.linkedin.com\/in\/jpdubosc"]}]}},"_links":{"self":[{"href":"https:\/\/www.toutsurmesfinances.com\/retraite\/wp-json\/wp\/v2\/posts\/20824","targetHints":{"allow":["GET"]}}],"collection":[{"href":"https:\/\/www.toutsurmesfinances.com\/retraite\/wp-json\/wp\/v2\/posts"}],"about":[{"href":"https:\/\/www.toutsurmesfinances.com\/retraite\/wp-json\/wp\/v2\/types\/post"}],"author":[{"embeddable":true,"href":"https:\/\/www.toutsurmesfinances.com\/retraite\/wp-json\/wp\/v2\/users\/13713"}],"replies":[{"embeddable":true,"href":"https:\/\/www.toutsurmesfinances.com\/retraite\/wp-json\/wp\/v2\/comments?post=20824"}],"version-history":[{"count":2,"href":"https:\/\/www.toutsurmesfinances.com\/retraite\/wp-json\/wp\/v2\/posts\/20824\/revisions"}],"predecessor-version":[{"id":30420,"href":"https:\/\/www.toutsurmesfinances.com\/retraite\/wp-json\/wp\/v2\/posts\/20824\/revisions\/30420"}],"wp:featuredmedia":[{"embeddable":true,"href":"https:\/\/www.toutsurmesfinances.com\/retraite\/wp-json\/wp\/v2\/media\/20823"}],"wp:attachment":[{"href":"https:\/\/www.toutsurmesfinances.com\/retraite\/wp-json\/wp\/v2\/media?parent=20824"}],"wp:term":[{"taxonomy":"category","embeddable":true,"href":"https:\/\/www.toutsurmesfinances.com\/retraite\/wp-json\/wp\/v2\/categories?post=20824"},{"taxonomy":"post_tag","embeddable":true,"href":"https:\/\/www.toutsurmesfinances.com\/retraite\/wp-json\/wp\/v2\/tags?post=20824"}],"curies":[{"name":"wp","href":"https:\/\/api.w.org\/{rel}","templated":true}]}}