{"id":20851,"date":"2015-08-11T09:32:43","date_gmt":"2015-08-11T07:32:43","guid":{"rendered":"https:\/\/www.toutsurmesfinances.com\/retraite\/les-justificatifs-pour-la-retraite-anticipee-des-handicapes.html"},"modified":"2021-12-08T14:24:00","modified_gmt":"2021-12-08T13:24:00","slug":"les-justificatifs-pour-la-retraite-anticipee-des-handicapes","status":"publish","type":"post","link":"https:\/\/www.toutsurmesfinances.com\/retraite\/les-justificatifs-pour-la-retraite-anticipee-des-handicapes.html","title":{"rendered":"Les justificatifs pour la retraite anticip\u00e9e des handicap\u00e9s"},"content":{"rendered":"<section class=\"l-section wpb_row height_small\"><div class=\"l-section-h i-cf\"><div class=\"g-cols vc_row via_flex valign_top type_default stacking_default\"><div class=\"vc_col-sm-12 wpb_column vc_column_container\"><div class=\"vc_column-inner\"><div class=\"wpb_wrapper\"><div class=\"wpb_text_column\"><div class=\"wpb_wrapper\"><p>Les pi\u00e8ces justificatives attestant d&rsquo;un taux d&rsquo;incapacit\u00e9 permanente de 50% ont \u00e9t\u00e9 fix\u00e9es par un arr\u00eat\u00e9 publi\u00e9 le 8 ao\u00fbt 2015 au Journal Officiel.<\/p>\n<p>Pour rappel, les seniors handicap\u00e9s peuvent depuis le 1er janvier 2015 partir en retraite anticip\u00e9e d\u00e8s 55 ans s&rsquo;ils prouvent un taux d&rsquo;incapacit\u00e9 permanente de 50%, contre 80% auparavant, aupr\u00e8s de leur caisse de retraite. Leur handicap leur permet de liquider leur retraite \u00e0 taux plein \u00e0 62 ans sans d\u00e9cote. Cette mesure s&rsquo;applique \u00e0 tous les travailleurs handicap\u00e9s, peu importe le r\u00e9gime auquel ils appartiennent (ind\u00e9pendants, fonctionnaires&#8230;).<\/p>\n<p>&gt;&gt; Pour en savoir plus : Retraite anticip\u00e9e pour handicap : les nouvelles r\u00e8gles pr\u00e9cis\u00e9es<\/p>\n<p>En plus de la carte d&rsquo;invalidit\u00e9, les assur\u00e9s peuvent \u00e9galement justifier leur taux d&rsquo;incapacit\u00e9 permanente d&rsquo;au moins 50% aupr\u00e8s de leur caisse de retraite en fournissant la d\u00e9cision de la commission des droits et de l&rsquo;autonomie des personnes handicap\u00e9es (CDAPH), celle de la commission technique d&rsquo;orientation et de reclassement professionnel (Cotorep) ou encore celle des services et organismes d\u00e9biteurs des prestations familiales.<\/p>\n<p>Sont \u00e9galement accept\u00e9es les d\u00e9cisions provenant d&rsquo;un des organismes d&rsquo;assurance maladie, que ce soit le r\u00e9gime g\u00e9n\u00e9ral ou un des r\u00e9gimes sp\u00e9cifiques, comme celui des ind\u00e9pendants (<strong><a href=\"https:\/\/www.toutsurmesfinances.com\/retraite\/rsi-la-retraite-de-base-des-independants.html\" target=\"_blank\" rel=\"noopener noreferrer\">RSI<\/a><\/strong>) ou des agriculteurs (<strong><a href=\"https:\/\/www.toutsurmesfinances.com\/retraite\/msa-salaries-la-retraite-de-base-des-salaries-agricoles.html\" target=\"_blank\" rel=\"noopener noreferrer\">MSA<\/a><\/strong>). Par ailleurs, \u00ab <em>les d\u00e9cisions des juridictions de premi\u00e8re instance, d&rsquo;appel ou de cassation sont accept\u00e9es si elles accordent \u00e0 l&rsquo;assur\u00e9 les allocations ou les cartes d&rsquo;invalidit\u00e9 ou si elles les lui refusent mais font \u00e9tat d&rsquo;un taux d&rsquo;incapacit\u00e9 permanente d&rsquo;au moins 50%<\/em> \u00bb, est-il pr\u00e9cis\u00e9 dans l&rsquo;arr\u00eat\u00e9. Ces documents doivent couvrir l&rsquo;ensemble de la p\u00e9riode d&rsquo;assurance requise.<\/p>\n<p>Si vous ne disposez pas de l&rsquo;ensemble des pi\u00e8ces justificatives demand\u00e9es, vous pouvez vous adresser au secr\u00e9tariat de la commission des droits et de l&rsquo;autonomie des personnes handicap\u00e9es. Ce dernier, \u00ab <em>au vu des pi\u00e8ces disponibles de [votre] dossier, [vous] fournit des duplicatas de d\u00e9cisions ou, le cas \u00e9ch\u00e9ant, une attestation sign\u00e9e par le pr\u00e9sident de cet organisme pr\u00e9cisant la ou les p\u00e9riodes durant lesquelles un taux d&rsquo;incapacit\u00e9 permanente d&rsquo;au moins 50% [vous] a \u00e9t\u00e9 attribu\u00e9 ou reconnu<\/em> \u00bb.<\/p>\n<p>Ces pi\u00e8ces doivent \u00eatre envoy\u00e9es \u00e0 la caisse du r\u00e9gime de votre derni\u00e8re activit\u00e9.<\/p>\n<p><strong>A lire \u00e9galement :<\/strong><br \/>\n<a href=\"https:\/\/www.toutsurmesfinances.com\/retraite\/l-agirc-arrco-ameliore-les-droits-de-retraite-des-handicapes.html\" target=\"_blank\" rel=\"noopener noreferrer\">L&rsquo;Agirc-Arrco am\u00e9liore les droits de retraite des handicap\u00e9s<\/a><\/p>\n<\/div><\/div><\/div><\/div><\/div><\/div><\/div><\/section>\n","protected":false},"excerpt":{"rendered":"<p>Depuis le 1er janvier 2015, les travailleurs handicap\u00e9s peuvent partir en retraite anticip\u00e9e s&rsquo;ils prouvent un taux d&rsquo;incapacit\u00e9 permanente de 50%. Un arr\u00eat\u00e9 vient pr\u00e9ciser les pi\u00e8ces justificatives accept\u00e9es par les caisses de retraite.  \u00a0<\/p>\n","protected":false},"author":13712,"featured_media":20850,"comment_status":"closed","ping_status":"closed","sticky":false,"template":"","format":"standard","meta":{"footnotes":""},"categories":[14],"tags":[],"class_list":["post-20851","post","type-post","status-publish","format-standard","has-post-thumbnail","hentry","category-demarches-de-retraite"],"acf":[],"yoast_head":"<!-- This site is optimized with the Yoast SEO plugin v24.9 - https:\/\/yoast.com\/wordpress\/plugins\/seo\/ -->\n<title>Les justificatifs pour la retraite anticip\u00e9e des handicap\u00e9s<\/title>\n<meta name=\"description\" content=\"Depuis le 1er janvier 2015, les travailleurs handicap\u00e9s peuvent partir en retraite anticip\u00e9e s&#039;ils prouvent un taux d&#039;incapacit\u00e9 permanente de 50%. Un arr\u00eat\u00e9 vient pr\u00e9ciser les pi\u00e8ces justificatives accept\u00e9es par les caisses de retraite.\" \/>\n<meta name=\"robots\" content=\"index, follow, max-snippet:-1, max-image-preview:large, max-video-preview:-1\" \/>\n<link rel=\"canonical\" href=\"https:\/\/www.toutsurmesfinances.com\/retraite\/les-justificatifs-pour-la-retraite-anticipee-des-handicapes.html\" \/>\n<meta property=\"og:locale\" content=\"fr_FR\" \/>\n<meta property=\"og:type\" content=\"article\" \/>\n<meta property=\"og:title\" content=\"Les justificatifs pour la retraite anticip\u00e9e des handicap\u00e9s\" \/>\n<meta property=\"og:description\" content=\"Depuis le 1er janvier 2015, les travailleurs handicap\u00e9s peuvent partir en retraite anticip\u00e9e s&#039;ils prouvent un taux d&#039;incapacit\u00e9 permanente de 50%. Un arr\u00eat\u00e9 vient pr\u00e9ciser les pi\u00e8ces justificatives accept\u00e9es par les caisses de retraite.\" \/>\n<meta property=\"og:url\" content=\"https:\/\/www.toutsurmesfinances.com\/retraite\/les-justificatifs-pour-la-retraite-anticipee-des-handicapes.html\" \/>\n<meta property=\"og:site_name\" content=\"Retraite\" \/>\n<meta property=\"article:published_time\" content=\"2015-08-11T07:32:43+00:00\" \/>\n<meta property=\"article:modified_time\" content=\"2021-12-08T13:24:00+00:00\" \/>\n<meta property=\"og:image\" content=\"https:\/\/www.toutsurmesfinances.com\/retraite\/wp-content\/uploads\/sites\/4\/2015\/08\/handicape-travaux.jpg\" \/>\n\t<meta property=\"og:image:width\" content=\"823\" \/>\n\t<meta property=\"og:image:height\" content=\"463\" \/>\n\t<meta property=\"og:image:type\" content=\"image\/jpeg\" \/>\n<meta name=\"author\" content=\"Solenne Dimofski\" \/>\n<meta name=\"twitter:card\" content=\"summary_large_image\" \/>\n<meta name=\"twitter:creator\" content=\"@Toutsur\" \/>\n<meta name=\"twitter:site\" content=\"@Toutsur\" \/>\n<meta name=\"twitter:label1\" content=\"\u00c9crit par\" \/>\n\t<meta name=\"twitter:data1\" content=\"Solenne Dimofski\" \/>\n\t<meta name=\"twitter:label2\" content=\"Dur\u00e9e de lecture estim\u00e9e\" \/>\n\t<meta name=\"twitter:data2\" content=\"2 minutes\" \/>\n<script type=\"application\/ld+json\" class=\"yoast-schema-graph\">{\"@context\":\"https:\/\/schema.org\",\"@graph\":[{\"@type\":\"Article\",\"@id\":\"https:\/\/www.toutsurmesfinances.com\/retraite\/les-justificatifs-pour-la-retraite-anticipee-des-handicapes.html#article\",\"isPartOf\":{\"@id\":\"https:\/\/www.toutsurmesfinances.com\/retraite\/les-justificatifs-pour-la-retraite-anticipee-des-handicapes.html\"},\"author\":{\"name\":\"Solenne Dimofski\",\"@id\":\"https:\/\/www.toutsurmesfinances.com\/retraite\/#\/schema\/person\/0db982772f347427a245285a30f55036\"},\"headline\":\"Les justificatifs pour la retraite anticip\u00e9e des handicap\u00e9s\",\"dateModified\":\"2021-12-08T13:24:00+00:00\",\"mainEntityOfPage\":{\"@id\":\"https:\/\/www.toutsurmesfinances.com\/retraite\/les-justificatifs-pour-la-retraite-anticipee-des-handicapes.html\"},\"wordCount\":443,\"publisher\":{\"@id\":\"https:\/\/www.toutsurmesfinances.com\/retraite\/#organization\"},\"image\":{\"@id\":\"https:\/\/www.toutsurmesfinances.com\/retraite\/les-justificatifs-pour-la-retraite-anticipee-des-handicapes.html#primaryimage\"},\"thumbnailUrl\":\"https:\/\/www.toutsurmesfinances.com\/retraite\/wp-content\/uploads\/sites\/4\/2015\/08\/handicape-travaux.jpg\",\"articleSection\":[\"D\u00e9marches de retraite\"],\"inLanguage\":\"fr-FR\"},{\"@type\":\"WebPage\",\"@id\":\"https:\/\/www.toutsurmesfinances.com\/retraite\/les-justificatifs-pour-la-retraite-anticipee-des-handicapes.html\",\"url\":\"https:\/\/www.toutsurmesfinances.com\/retraite\/les-justificatifs-pour-la-retraite-anticipee-des-handicapes.html\",\"name\":\"Les justificatifs pour la retraite anticip\u00e9e des handicap\u00e9s\",\"isPartOf\":{\"@id\":\"https:\/\/www.toutsurmesfinances.com\/retraite\/#website\"},\"primaryImageOfPage\":{\"@id\":\"https:\/\/www.toutsurmesfinances.com\/retraite\/les-justificatifs-pour-la-retraite-anticipee-des-handicapes.html#primaryimage\"},\"image\":{\"@id\":\"https:\/\/www.toutsurmesfinances.com\/retraite\/les-justificatifs-pour-la-retraite-anticipee-des-handicapes.html#primaryimage\"},\"thumbnailUrl\":\"https:\/\/www.toutsurmesfinances.com\/retraite\/wp-content\/uploads\/sites\/4\/2015\/08\/handicape-travaux.jpg\",\"dateModified\":\"2021-12-08T13:24:00+00:00\",\"description\":\"Depuis le 1er janvier 2015, les travailleurs handicap\u00e9s peuvent partir en retraite anticip\u00e9e s'ils prouvent un taux d'incapacit\u00e9 permanente de 50%. Un arr\u00eat\u00e9 vient pr\u00e9ciser les pi\u00e8ces justificatives accept\u00e9es par les caisses de retraite.\",\"breadcrumb\":{\"@id\":\"https:\/\/www.toutsurmesfinances.com\/retraite\/les-justificatifs-pour-la-retraite-anticipee-des-handicapes.html#breadcrumb\"},\"inLanguage\":\"fr-FR\",\"potentialAction\":[{\"@type\":\"ReadAction\",\"target\":[\"https:\/\/www.toutsurmesfinances.com\/retraite\/les-justificatifs-pour-la-retraite-anticipee-des-handicapes.html\"]}]},{\"@type\":\"ImageObject\",\"inLanguage\":\"fr-FR\",\"@id\":\"https:\/\/www.toutsurmesfinances.com\/retraite\/les-justificatifs-pour-la-retraite-anticipee-des-handicapes.html#primaryimage\",\"url\":\"https:\/\/www.toutsurmesfinances.com\/retraite\/wp-content\/uploads\/sites\/4\/2015\/08\/handicape-travaux.jpg\",\"contentUrl\":\"https:\/\/www.toutsurmesfinances.com\/retraite\/wp-content\/uploads\/sites\/4\/2015\/08\/handicape-travaux.jpg\",\"width\":823,\"height\":463,\"caption\":\"Les seniors handicap\u00e9s pourront fournir d'autres justificatifs que la carte d'invalidit\u00e9 pour partir en retraite anticip\u00e9e.\"},{\"@type\":\"BreadcrumbList\",\"@id\":\"https:\/\/www.toutsurmesfinances.com\/retraite\/les-justificatifs-pour-la-retraite-anticipee-des-handicapes.html#breadcrumb\",\"itemListElement\":[{\"@type\":\"ListItem\",\"position\":1,\"name\":\"Accueil\",\"item\":\"https:\/\/www.toutsurmesfinances.com\/retraite\/\"},{\"@type\":\"ListItem\",\"position\":2,\"name\":\"Liquidation\",\"item\":\"https:\/\/www.toutsurmesfinances.com\/retraite\/c\/liquidation\"},{\"@type\":\"ListItem\",\"position\":3,\"name\":\"D\u00e9marches de retraite\",\"item\":\"https:\/\/www.toutsurmesfinances.com\/retraite\/c\/demarches-de-retraite\"},{\"@type\":\"ListItem\",\"position\":4,\"name\":\"Les justificatifs pour la retraite anticip\u00e9e des handicap\u00e9s\"}]},{\"@type\":\"WebSite\",\"@id\":\"https:\/\/www.toutsurmesfinances.com\/retraite\/#website\",\"url\":\"https:\/\/www.toutsurmesfinances.com\/retraite\/\",\"name\":\"Retraite\",\"description\":\"\",\"publisher\":{\"@id\":\"https:\/\/www.toutsurmesfinances.com\/retraite\/#organization\"},\"potentialAction\":[{\"@type\":\"SearchAction\",\"target\":{\"@type\":\"EntryPoint\",\"urlTemplate\":\"https:\/\/www.toutsurmesfinances.com\/retraite\/?s={search_term_string}\"},\"query-input\":{\"@type\":\"PropertyValueSpecification\",\"valueRequired\":true,\"valueName\":\"search_term_string\"}}],\"inLanguage\":\"fr-FR\"},{\"@type\":\"Organization\",\"@id\":\"https:\/\/www.toutsurmesfinances.com\/retraite\/#organization\",\"name\":\"Tout Sur Mes Finances\",\"url\":\"https:\/\/www.toutsurmesfinances.com\/retraite\/\",\"logo\":{\"@type\":\"ImageObject\",\"inLanguage\":\"fr-FR\",\"@id\":\"https:\/\/www.toutsurmesfinances.com\/retraite\/#\/schema\/logo\/image\/\",\"url\":\"https:\/\/www.toutsurmesfinances.com\/retraite\/wp-content\/uploads\/sites\/4\/2021\/01\/favicon.png\",\"contentUrl\":\"https:\/\/www.toutsurmesfinances.com\/retraite\/wp-content\/uploads\/sites\/4\/2021\/01\/favicon.png\",\"width\":512,\"height\":512,\"caption\":\"Tout Sur Mes Finances\"},\"image\":{\"@id\":\"https:\/\/www.toutsurmesfinances.com\/retraite\/#\/schema\/logo\/image\/\"},\"sameAs\":[\"https:\/\/x.com\/Toutsur\"]},{\"@type\":\"Person\",\"@id\":\"https:\/\/www.toutsurmesfinances.com\/retraite\/#\/schema\/person\/0db982772f347427a245285a30f55036\",\"name\":\"Solenne Dimofski\",\"image\":{\"@type\":\"ImageObject\",\"inLanguage\":\"fr-FR\",\"@id\":\"https:\/\/www.toutsurmesfinances.com\/retraite\/#\/schema\/person\/image\/\",\"url\":\"https:\/\/secure.gravatar.com\/avatar\/c847f59fd93e14cf682fd090abd73a23?s=96&d=mm&r=g\",\"contentUrl\":\"https:\/\/secure.gravatar.com\/avatar\/c847f59fd93e14cf682fd090abd73a23?s=96&d=mm&r=g\",\"caption\":\"Solenne Dimofski\"},\"description\":\"Solenne Dimofski est journaliste sp\u00e9cialis\u00e9e en finances personnelles et consommation. Elle a \u00e9t\u00e9 r\u00e9dactrice chez ToutSurMesFinances de 2013 \u00e0 2017, o\u00f9 elle a couvert l\u2019actualit\u00e9 financi\u00e8re (assurance, placements, immobilier, imp\u00f4ts, retraite) et occup\u00e9 les fonctions de secr\u00e9taire de r\u00e9daction. Elle a \u00e9galement \u00e9t\u00e9 responsable de la rubrique Assurance et r\u00e9dactrice en chef du Mag Mes Finances.\",\"sameAs\":[\"https:\/\/www.toutsurmesfinances.com\/author\/solenne\",\"https:\/\/www.linkedin.com\/in\/solenne-dimofski-solennedim\/\"]}]}<\/script>\n<!-- \/ Yoast SEO plugin. -->","yoast_head_json":{"title":"Les justificatifs pour la retraite anticip\u00e9e des handicap\u00e9s","description":"Depuis le 1er janvier 2015, les travailleurs handicap\u00e9s peuvent partir en retraite anticip\u00e9e s'ils prouvent un taux d'incapacit\u00e9 permanente de 50%. Un arr\u00eat\u00e9 vient pr\u00e9ciser les pi\u00e8ces justificatives accept\u00e9es par les caisses de retraite.","robots":{"index":"index","follow":"follow","max-snippet":"max-snippet:-1","max-image-preview":"max-image-preview:large","max-video-preview":"max-video-preview:-1"},"canonical":"https:\/\/www.toutsurmesfinances.com\/retraite\/les-justificatifs-pour-la-retraite-anticipee-des-handicapes.html","og_locale":"fr_FR","og_type":"article","og_title":"Les justificatifs pour la retraite anticip\u00e9e des handicap\u00e9s","og_description":"Depuis le 1er janvier 2015, les travailleurs handicap\u00e9s peuvent partir en retraite anticip\u00e9e s'ils prouvent un taux d'incapacit\u00e9 permanente de 50%. Un arr\u00eat\u00e9 vient pr\u00e9ciser les pi\u00e8ces justificatives accept\u00e9es par les caisses de retraite.","og_url":"https:\/\/www.toutsurmesfinances.com\/retraite\/les-justificatifs-pour-la-retraite-anticipee-des-handicapes.html","og_site_name":"Retraite","article_published_time":"2015-08-11T07:32:43+00:00","article_modified_time":"2021-12-08T13:24:00+00:00","og_image":[{"width":823,"height":463,"url":"https:\/\/www.toutsurmesfinances.com\/retraite\/wp-content\/uploads\/sites\/4\/2015\/08\/handicape-travaux.jpg","type":"image\/jpeg"}],"author":"Solenne Dimofski","twitter_card":"summary_large_image","twitter_creator":"@Toutsur","twitter_site":"@Toutsur","twitter_misc":{"\u00c9crit par":"Solenne Dimofski","Dur\u00e9e de lecture estim\u00e9e":"2 minutes"},"schema":{"@context":"https:\/\/schema.org","@graph":[{"@type":"Article","@id":"https:\/\/www.toutsurmesfinances.com\/retraite\/les-justificatifs-pour-la-retraite-anticipee-des-handicapes.html#article","isPartOf":{"@id":"https:\/\/www.toutsurmesfinances.com\/retraite\/les-justificatifs-pour-la-retraite-anticipee-des-handicapes.html"},"author":{"name":"Solenne Dimofski","@id":"https:\/\/www.toutsurmesfinances.com\/retraite\/#\/schema\/person\/0db982772f347427a245285a30f55036"},"headline":"Les justificatifs pour la retraite anticip\u00e9e des handicap\u00e9s","dateModified":"2021-12-08T13:24:00+00:00","mainEntityOfPage":{"@id":"https:\/\/www.toutsurmesfinances.com\/retraite\/les-justificatifs-pour-la-retraite-anticipee-des-handicapes.html"},"wordCount":443,"publisher":{"@id":"https:\/\/www.toutsurmesfinances.com\/retraite\/#organization"},"image":{"@id":"https:\/\/www.toutsurmesfinances.com\/retraite\/les-justificatifs-pour-la-retraite-anticipee-des-handicapes.html#primaryimage"},"thumbnailUrl":"https:\/\/www.toutsurmesfinances.com\/retraite\/wp-content\/uploads\/sites\/4\/2015\/08\/handicape-travaux.jpg","articleSection":["D\u00e9marches de retraite"],"inLanguage":"fr-FR"},{"@type":"WebPage","@id":"https:\/\/www.toutsurmesfinances.com\/retraite\/les-justificatifs-pour-la-retraite-anticipee-des-handicapes.html","url":"https:\/\/www.toutsurmesfinances.com\/retraite\/les-justificatifs-pour-la-retraite-anticipee-des-handicapes.html","name":"Les justificatifs pour la retraite anticip\u00e9e des handicap\u00e9s","isPartOf":{"@id":"https:\/\/www.toutsurmesfinances.com\/retraite\/#website"},"primaryImageOfPage":{"@id":"https:\/\/www.toutsurmesfinances.com\/retraite\/les-justificatifs-pour-la-retraite-anticipee-des-handicapes.html#primaryimage"},"image":{"@id":"https:\/\/www.toutsurmesfinances.com\/retraite\/les-justificatifs-pour-la-retraite-anticipee-des-handicapes.html#primaryimage"},"thumbnailUrl":"https:\/\/www.toutsurmesfinances.com\/retraite\/wp-content\/uploads\/sites\/4\/2015\/08\/handicape-travaux.jpg","dateModified":"2021-12-08T13:24:00+00:00","description":"Depuis le 1er janvier 2015, les travailleurs handicap\u00e9s peuvent partir en retraite anticip\u00e9e s'ils prouvent un taux d'incapacit\u00e9 permanente de 50%. Un arr\u00eat\u00e9 vient pr\u00e9ciser les pi\u00e8ces justificatives accept\u00e9es par les caisses de retraite.","breadcrumb":{"@id":"https:\/\/www.toutsurmesfinances.com\/retraite\/les-justificatifs-pour-la-retraite-anticipee-des-handicapes.html#breadcrumb"},"inLanguage":"fr-FR","potentialAction":[{"@type":"ReadAction","target":["https:\/\/www.toutsurmesfinances.com\/retraite\/les-justificatifs-pour-la-retraite-anticipee-des-handicapes.html"]}]},{"@type":"ImageObject","inLanguage":"fr-FR","@id":"https:\/\/www.toutsurmesfinances.com\/retraite\/les-justificatifs-pour-la-retraite-anticipee-des-handicapes.html#primaryimage","url":"https:\/\/www.toutsurmesfinances.com\/retraite\/wp-content\/uploads\/sites\/4\/2015\/08\/handicape-travaux.jpg","contentUrl":"https:\/\/www.toutsurmesfinances.com\/retraite\/wp-content\/uploads\/sites\/4\/2015\/08\/handicape-travaux.jpg","width":823,"height":463,"caption":"Les seniors handicap\u00e9s pourront fournir d'autres justificatifs que la carte d'invalidit\u00e9 pour partir en retraite anticip\u00e9e."},{"@type":"BreadcrumbList","@id":"https:\/\/www.toutsurmesfinances.com\/retraite\/les-justificatifs-pour-la-retraite-anticipee-des-handicapes.html#breadcrumb","itemListElement":[{"@type":"ListItem","position":1,"name":"Accueil","item":"https:\/\/www.toutsurmesfinances.com\/retraite\/"},{"@type":"ListItem","position":2,"name":"Liquidation","item":"https:\/\/www.toutsurmesfinances.com\/retraite\/c\/liquidation"},{"@type":"ListItem","position":3,"name":"D\u00e9marches de retraite","item":"https:\/\/www.toutsurmesfinances.com\/retraite\/c\/demarches-de-retraite"},{"@type":"ListItem","position":4,"name":"Les justificatifs pour la retraite anticip\u00e9e des handicap\u00e9s"}]},{"@type":"WebSite","@id":"https:\/\/www.toutsurmesfinances.com\/retraite\/#website","url":"https:\/\/www.toutsurmesfinances.com\/retraite\/","name":"Retraite","description":"","publisher":{"@id":"https:\/\/www.toutsurmesfinances.com\/retraite\/#organization"},"potentialAction":[{"@type":"SearchAction","target":{"@type":"EntryPoint","urlTemplate":"https:\/\/www.toutsurmesfinances.com\/retraite\/?s={search_term_string}"},"query-input":{"@type":"PropertyValueSpecification","valueRequired":true,"valueName":"search_term_string"}}],"inLanguage":"fr-FR"},{"@type":"Organization","@id":"https:\/\/www.toutsurmesfinances.com\/retraite\/#organization","name":"Tout Sur Mes Finances","url":"https:\/\/www.toutsurmesfinances.com\/retraite\/","logo":{"@type":"ImageObject","inLanguage":"fr-FR","@id":"https:\/\/www.toutsurmesfinances.com\/retraite\/#\/schema\/logo\/image\/","url":"https:\/\/www.toutsurmesfinances.com\/retraite\/wp-content\/uploads\/sites\/4\/2021\/01\/favicon.png","contentUrl":"https:\/\/www.toutsurmesfinances.com\/retraite\/wp-content\/uploads\/sites\/4\/2021\/01\/favicon.png","width":512,"height":512,"caption":"Tout Sur Mes Finances"},"image":{"@id":"https:\/\/www.toutsurmesfinances.com\/retraite\/#\/schema\/logo\/image\/"},"sameAs":["https:\/\/x.com\/Toutsur"]},{"@type":"Person","@id":"https:\/\/www.toutsurmesfinances.com\/retraite\/#\/schema\/person\/0db982772f347427a245285a30f55036","name":"Solenne Dimofski","image":{"@type":"ImageObject","inLanguage":"fr-FR","@id":"https:\/\/www.toutsurmesfinances.com\/retraite\/#\/schema\/person\/image\/","url":"https:\/\/secure.gravatar.com\/avatar\/c847f59fd93e14cf682fd090abd73a23?s=96&d=mm&r=g","contentUrl":"https:\/\/secure.gravatar.com\/avatar\/c847f59fd93e14cf682fd090abd73a23?s=96&d=mm&r=g","caption":"Solenne Dimofski"},"description":"Solenne Dimofski est journaliste sp\u00e9cialis\u00e9e en finances personnelles et consommation. Elle a \u00e9t\u00e9 r\u00e9dactrice chez ToutSurMesFinances de 2013 \u00e0 2017, o\u00f9 elle a couvert l\u2019actualit\u00e9 financi\u00e8re (assurance, placements, immobilier, imp\u00f4ts, retraite) et occup\u00e9 les fonctions de secr\u00e9taire de r\u00e9daction. Elle a \u00e9galement \u00e9t\u00e9 responsable de la rubrique Assurance et r\u00e9dactrice en chef du Mag Mes Finances.","sameAs":["https:\/\/www.toutsurmesfinances.com\/author\/solenne","https:\/\/www.linkedin.com\/in\/solenne-dimofski-solennedim\/"]}]}},"_links":{"self":[{"href":"https:\/\/www.toutsurmesfinances.com\/retraite\/wp-json\/wp\/v2\/posts\/20851","targetHints":{"allow":["GET"]}}],"collection":[{"href":"https:\/\/www.toutsurmesfinances.com\/retraite\/wp-json\/wp\/v2\/posts"}],"about":[{"href":"https:\/\/www.toutsurmesfinances.com\/retraite\/wp-json\/wp\/v2\/types\/post"}],"author":[{"embeddable":true,"href":"https:\/\/www.toutsurmesfinances.com\/retraite\/wp-json\/wp\/v2\/users\/13712"}],"replies":[{"embeddable":true,"href":"https:\/\/www.toutsurmesfinances.com\/retraite\/wp-json\/wp\/v2\/comments?post=20851"}],"version-history":[{"count":2,"href":"https:\/\/www.toutsurmesfinances.com\/retraite\/wp-json\/wp\/v2\/posts\/20851\/revisions"}],"predecessor-version":[{"id":30456,"href":"https:\/\/www.toutsurmesfinances.com\/retraite\/wp-json\/wp\/v2\/posts\/20851\/revisions\/30456"}],"wp:featuredmedia":[{"embeddable":true,"href":"https:\/\/www.toutsurmesfinances.com\/retraite\/wp-json\/wp\/v2\/media\/20850"}],"wp:attachment":[{"href":"https:\/\/www.toutsurmesfinances.com\/retraite\/wp-json\/wp\/v2\/media?parent=20851"}],"wp:term":[{"taxonomy":"category","embeddable":true,"href":"https:\/\/www.toutsurmesfinances.com\/retraite\/wp-json\/wp\/v2\/categories?post=20851"},{"taxonomy":"post_tag","embeddable":true,"href":"https:\/\/www.toutsurmesfinances.com\/retraite\/wp-json\/wp\/v2\/tags?post=20851"}],"curies":[{"name":"wp","href":"https:\/\/api.w.org\/{rel}","templated":true}]}}