{"id":20883,"date":"2015-09-04T12:18:31","date_gmt":"2015-09-04T10:18:31","guid":{"rendered":"https:\/\/www.toutsurmesfinances.com\/retraite\/retraite-chapeau-comment-ca-fonctionne.html"},"modified":"2021-12-08T15:09:50","modified_gmt":"2021-12-08T14:09:50","slug":"retraite-chapeau-comment-ca-fonctionne","status":"publish","type":"post","link":"https:\/\/www.toutsurmesfinances.com\/retraite\/retraite-chapeau-comment-ca-fonctionne.html","title":{"rendered":"Retraite chapeau : comment \u00e7a fonctionne ?"},"content":{"rendered":"<section class=\"l-section wpb_row height_small\"><div class=\"l-section-h i-cf\"><div class=\"g-cols vc_row via_flex valign_top type_default stacking_default\"><div class=\"vc_col-sm-12 wpb_column vc_column_container\"><div class=\"vc_column-inner\"><div class=\"wpb_wrapper\"><div class=\"wpb_text_column\"><div class=\"wpb_wrapper\"><p>Les \u00ab retraites chapeaux \u00bb d\u00e9frayent r\u00e9guli\u00e8rement la chronique. Dans le cadre du scandale r\u00e9v\u00e9l\u00e9 le 30 ao\u00fbt sur le \u00ab parachute dor\u00e9 \u00bb de 13,7 millions d&rsquo;euros que le directeur g\u00e9n\u00e9ral d&rsquo;Alcatel-Lucent <strong>Michel Combes<\/strong> va toucher \u00e0 son d\u00e9part de l&rsquo;\u00e9quipementier t\u00e9l\u00e9com, on apprenait ainsi que ce \u00ab package \u00bb s&rsquo;ajoutait \u00e0 ses 50.000 euros de retraites suppl\u00e9mentaires d&rsquo;entreprise.<\/p>\n<p>Un montant somme toute d\u00e9risoire compar\u00e9s aux 300.000 euros de retraites chapeaux par an de l&rsquo;ex-PDG de PSA Peugeot Citro\u00ebn <strong>Philippe Varin<\/strong> qui ont suscit\u00e9 une vive pol\u00e9mique. Au point que le ministre de l&rsquo;Economie <strong>Emmanuel Macron<\/strong> a int\u00e9gr\u00e9 dans sa loi sur la croissance, l&rsquo;activit\u00e9 et l&rsquo;\u00e9galit\u00e9 des chances \u00e9conomiques promulgu\u00e9e le 6 ao\u00fbt dernier des garde-fous pour limiter les abus. Sur ce sujet \u00f4 combien sensible dans l&rsquo;opinion publique, des amalgames sont faits le plus souvent par m\u00e9connaissance. Raison de plus pour revenir en d\u00e9tail sur ce dispositif d&rsquo;\u00e9pargne retraite collective.<\/p>\n<p>&nbsp;<\/p>\n<p><strong>Qu&rsquo;est-ce que c&rsquo;est ?<\/strong><\/p>\n<p>Les retraites chapeaux font partie des \u00ab retraites suppl\u00e9mentaires \u00e0 prestations d\u00e9finies \u00bb. Ces derni\u00e8res, plus connues sous l&rsquo;appellation d&rsquo;\u00ab<strong> article 39<\/strong> \u00bb (en r\u00e9f\u00e9rence au code g\u00e9n\u00e9ral des imp\u00f4ts qui les r\u00e9glemente), sont, comme leur nom l&rsquo;indique, des retraites qui viennent s&rsquo;ajouter aux retraites obligatoires de base (<a href=\"https:\/\/www.toutsurmesfinances.com\/retraite\/cnav-la-retraite-de-base-des-salaries.html\" target=\"_blank\" rel=\"noopener noreferrer\">r\u00e9gime g\u00e9n\u00e9ral de la S\u00e9curit\u00e9 sociale<\/a>) et compl\u00e9mentaires (<a href=\"https:\/\/www.toutsurmesfinances.com\/retraite\/arrco-la-retraite-complementaire-des-salaries.html\" target=\"_blank\" rel=\"noopener noreferrer\">Arrco<\/a>, <a href=\"https:\/\/www.toutsurmesfinances.com\/retraite\/agirc-la-retraite-complementaire-des-cadres.html\" target=\"_blank\" rel=\"noopener noreferrer\">Agirc<\/a>). Certains parlent de retraites \u00ab surcompl\u00e9mentaires \u00bb.<\/p>\n<p>Les articles 39 sont des contrats d&rsquo;assurance vie souscrits \u00e0 titre collectif et qui garantissent le versement \u00e0 la retraite d&rsquo;un certain niveau de rentes viag\u00e8res (servies \u00e0 vie), fix\u00e9 \u00e0 l&rsquo;avance. D&rsquo;o\u00f9 l&rsquo;expression de \u00ab prestations d\u00e9finies \u00bb.<\/p>\n<p>En r\u00e9alit\u00e9, l&rsquo;article 39 englobe deux r\u00e9gimes diff\u00e9rents. Le r\u00e9gime dit \u00ab<strong> additionnel<\/strong> \u00bb permet de percevoir \u00e0 la retraite un revenu de remplacement \u00e9gal \u00e0 un pourcentage du dernier salaire. Le r\u00e9gime dit \u00ab <strong>diff\u00e9rentiel<\/strong> \u00bb garantit, lui, que les prestations per\u00e7ues \u00e0 la retraite (retraites obligatoires et autres retraites suppl\u00e9mentaires d&rsquo;entreprise comprises) atteignent un certain pourcentage du dernier salaire. C&rsquo;est ce dernier r\u00e9gime qui est baptis\u00e9 \u00ab retraite chapeau. \u00bb<\/p>\n<p>&nbsp;<\/p>\n<p><strong>Qui est concern\u00e9 ?<\/strong><\/p>\n<p>L&rsquo;article 39 est propos\u00e9 uniquement dans le cadre de l&rsquo;entreprise. Ce dispositif n&rsquo;existe pas dans la fonction publique. A l&rsquo;origine, il a d&rsquo;ailleurs \u00e9t\u00e9 con\u00e7u pour les hauts fonctionnaires venus \u00ab pantoufler \u00bb dans le priv\u00e9 et qui auraient pris le risque de se retrouver avec une retraite moins \u00e9lev\u00e9e que s&rsquo;ils avaient poursuivi leur carri\u00e8re dans le secteur public.<\/p>\n<p>Ces contrats sont le plus souvent r\u00e9serv\u00e9s \u00e0 une cat\u00e9gorie sp\u00e9cifique de salari\u00e9s (cadres, cadres dirigeants&#8230;). Depuis la r\u00e9forme de 2010, les entreprises qui proposent une retraite suppl\u00e9mentaire \u00e0 une partie de leur personnel doivent instaurer un dispositif d&rsquo;\u00e9pargne retraite collective pour l&rsquo;ensemble de leur effectif.<\/p>\n<p>Un article 39 est mis en place par d\u00e9cision unilat\u00e9rale de l&#8217;employeur, via un accord d&rsquo;entreprise sign\u00e9 avec les repr\u00e9sentants syndicaux ou (plus rare) via un r\u00e9f\u00e9rendum des salari\u00e9s. La loi Macron pr\u00e9voit que l&rsquo;attribution des retraites chapeaux est d\u00e9sormais conditionn\u00e9e \u00e0 l&rsquo;atteinte d&rsquo;objectifs fix\u00e9s \u00e0 l&rsquo;avance. En outre, l&rsquo;augmentation appliqu\u00e9e aux droits acquis chaque ann\u00e9e ne peut plus d\u00e9sormais d\u00e9passer 3% de la r\u00e9mun\u00e9ration brute annuelle.<\/p>\n<p>&nbsp;<\/p>\n<p><strong>Quels sont les avantages pour le salari\u00e9 ?<\/strong><\/p>\n<p>Ils sont nombreux. Non seulement le b\u00e9n\u00e9ficiaire est assur\u00e9 de percevoir un revenu plus \u00e9lev\u00e9 \u00e0 la retraite, mais les cotisations (fix\u00e9es en fonction du niveau de prestation d\u00e9fini, de l&rsquo;\u00e2ge du salari\u00e9, de son \u00e9volution de salaire, de son \u00e2ge de d\u00e9part \u00e0 la retraite et de son esp\u00e9rance de vie) sont vers\u00e9es uniquement par l&rsquo;entreprise. En d&rsquo;autres termes, le salari\u00e9 touche des rentes \u00e0 la retraite pour lesquelles il n&rsquo;a pas \u00e9pargn\u00e9. Le r\u00eave !<\/p>\n<p>Mieux : les cotisations patronales \u00e9tant jug\u00e9es obligatoires et non du fait du salari\u00e9, ce dernier n&rsquo;a pas \u00e0 les int\u00e9grer \u00e0 ses revenus \u00e0 d\u00e9clarer \u00e0 l&rsquo;administration fiscale. Par ailleurs, selon les contrats, les rentes vers\u00e9es \u00e0 la retraite peuvent comporter des options comme la r\u00e9version (une part de la rente est attribu\u00e9e au conjoint survivant au d\u00e9c\u00e8s de l&rsquo;assur\u00e9) ou une garantie d\u00e9pendance (octroi d&rsquo;une majoration en cas de perte d&rsquo;autonomie).<\/p>\n<p>&nbsp;<\/p>\n<p><strong>Quels sont les inconv\u00e9nients ?<\/strong><br \/>\nContrairement aux autres dispositifs d&rsquo;\u00e9pargne retraite collective (<strong>article 83<\/strong>, <strong>Perco<\/strong>), le salari\u00e9 perd ses droits acquis en cas de d\u00e9part (d\u00e9mission, licenciement) de l&rsquo;entreprise. C&rsquo;est pourquoi l&rsquo;article 39 est g\u00e9n\u00e9ralement pr\u00e9sent\u00e9 comme un outil de fid\u00e9lisation des meilleurs collaborateurs.<\/p>\n<p>Si les cotisations ne sont pas fiscalis\u00e9es, les rentes issues de l&rsquo;article 39 sont, elles, impos\u00e9es. Au m\u00eame titre que les pensions de base et compl\u00e9mentaires, elles doivent \u00eatre int\u00e9gr\u00e9es aux revenus \u00e0 d\u00e9clarer au fisc. Apr\u00e8s abattement de 10%, elles sont soumises au bar\u00e8me de l&rsquo;imp\u00f4t sur le revenu.<\/p>\n<p>En outre, les rentes sont assujetties \u00e0 plusieurs pr\u00e9l\u00e8vements sociaux : contribution sociale g\u00e9n\u00e9ralis\u00e9e (<strong>CSG<\/strong>) \u00e0 6,6%, contribution pour le remboursement de la dette sociale (<strong>CRDS<\/strong>) \u00e0 0,5%, cotisations maladie \u00e0 1% et, depuis le 1er avril 2013, contribution additionnelle de solidarit\u00e9 pour l&rsquo;autonomie (<strong>Casa<\/strong>) \u00e0 0,3%.<\/p>\n<p>Une <strong>contribution sociale<\/strong> sp\u00e9cifique s&rsquo;applique m\u00eame depuis 2011, dont le taux varie en fonction du montant de la rente mensuelle et de la date de versement de celle-ci. Les rentes liquid\u00e9es avant le 1er janvier 2011 en sont exon\u00e9r\u00e9es si elles n&rsquo;exc\u00e8dent pas 523 euros par mois, sont tax\u00e9es \u00e0 7% pour la part comprise entre 523 et 1.046 euros par mois et \u00e0 14% au-del\u00e0 de 1.046 euros par mois. Pour les rentes liquid\u00e9es apr\u00e8s le 1er janvier 2011, l&rsquo;exon\u00e9ration concerne les rentes inf\u00e9rieures \u00e0 418 euros par mois, la taxe de 7% s&rsquo;applique entre 418 et 628 euros par mois et la taxe \u00e0 14% touche la fraction sup\u00e9rieure \u00e0 628 euros par mois.<\/p>\n<\/div><\/div><\/div><\/div><\/div><\/div><\/div><\/section>\n","protected":false},"excerpt":{"rendered":"<p>R\u00e9guli\u00e8rement \u00e9pingl\u00e9es pour les montants exorbitants accord\u00e9s \u00e0 certains cadres dirigeants, les retraites suppl\u00e9mentaires \u00e0 prestations d\u00e9finies sont mal connues du grand public. Petit cours de rattrapage. \u00a0  \u00a0<\/p>\n","protected":false},"author":13713,"featured_media":20882,"comment_status":"closed","ping_status":"closed","sticky":false,"template":"","format":"standard","meta":{"footnotes":""},"categories":[20],"tags":[],"class_list":["post-20883","post","type-post","status-publish","format-standard","has-post-thumbnail","hentry","category-epargne-retraite"],"acf":[],"yoast_head":"<!-- This site is optimized with the Yoast SEO plugin v24.9 - https:\/\/yoast.com\/wordpress\/plugins\/seo\/ -->\n<title>Retraite chapeau : comment \u00e7a fonctionne ?<\/title>\n<meta name=\"description\" content=\"R\u00e9guli\u00e8rement \u00e9pingl\u00e9es pour les montants exorbitants accord\u00e9s \u00e0 certains cadres dirigeants, les retraites suppl\u00e9mentaires \u00e0 prestations d\u00e9finies sont mal connues du grand public. Petit cours de rattrapage.\" \/>\n<meta name=\"robots\" content=\"index, follow, max-snippet:-1, max-image-preview:large, max-video-preview:-1\" \/>\n<link rel=\"canonical\" href=\"https:\/\/www.toutsurmesfinances.com\/retraite\/retraite-chapeau-comment-ca-fonctionne.html\" \/>\n<meta property=\"og:locale\" content=\"fr_FR\" \/>\n<meta property=\"og:type\" content=\"article\" \/>\n<meta property=\"og:title\" content=\"Retraite chapeau : comment \u00e7a fonctionne ?\" \/>\n<meta property=\"og:description\" content=\"R\u00e9guli\u00e8rement \u00e9pingl\u00e9es pour les montants exorbitants accord\u00e9s \u00e0 certains cadres dirigeants, les retraites suppl\u00e9mentaires \u00e0 prestations d\u00e9finies sont mal connues du grand public. Petit cours de rattrapage.\" \/>\n<meta property=\"og:url\" content=\"https:\/\/www.toutsurmesfinances.com\/retraite\/retraite-chapeau-comment-ca-fonctionne.html\" \/>\n<meta property=\"og:site_name\" content=\"Retraite\" \/>\n<meta property=\"article:published_time\" content=\"2015-09-04T10:18:31+00:00\" \/>\n<meta property=\"article:modified_time\" content=\"2021-12-08T14:09:50+00:00\" \/>\n<meta property=\"og:image\" content=\"https:\/\/www.toutsurmesfinances.com\/retraite\/wp-content\/uploads\/sites\/4\/2015\/09\/retraite-senior1.jpg\" \/>\n\t<meta property=\"og:image:width\" content=\"823\" \/>\n\t<meta property=\"og:image:height\" content=\"463\" \/>\n\t<meta property=\"og:image:type\" content=\"image\/jpeg\" \/>\n<meta name=\"author\" content=\"Jean-Philippe Dubosc\" \/>\n<meta name=\"twitter:card\" content=\"summary_large_image\" \/>\n<meta name=\"twitter:creator\" content=\"@Toutsur\" \/>\n<meta name=\"twitter:site\" content=\"@Toutsur\" \/>\n<meta name=\"twitter:label1\" content=\"\u00c9crit par\" \/>\n\t<meta name=\"twitter:data1\" content=\"Jean-Philippe Dubosc\" \/>\n\t<meta name=\"twitter:label2\" content=\"Dur\u00e9e de lecture estim\u00e9e\" \/>\n\t<meta name=\"twitter:data2\" content=\"5 minutes\" \/>\n<script type=\"application\/ld+json\" class=\"yoast-schema-graph\">{\"@context\":\"https:\/\/schema.org\",\"@graph\":[{\"@type\":\"Article\",\"@id\":\"https:\/\/www.toutsurmesfinances.com\/retraite\/retraite-chapeau-comment-ca-fonctionne.html#article\",\"isPartOf\":{\"@id\":\"https:\/\/www.toutsurmesfinances.com\/retraite\/retraite-chapeau-comment-ca-fonctionne.html\"},\"author\":{\"name\":\"Jean-Philippe Dubosc\",\"@id\":\"https:\/\/www.toutsurmesfinances.com\/retraite\/#\/schema\/person\/addc9e9b3978fa7947ead71bab57694c\"},\"headline\":\"Retraite chapeau : comment \u00e7a fonctionne ?\",\"dateModified\":\"2021-12-08T14:09:50+00:00\",\"mainEntityOfPage\":{\"@id\":\"https:\/\/www.toutsurmesfinances.com\/retraite\/retraite-chapeau-comment-ca-fonctionne.html\"},\"wordCount\":1033,\"publisher\":{\"@id\":\"https:\/\/www.toutsurmesfinances.com\/retraite\/#organization\"},\"image\":{\"@id\":\"https:\/\/www.toutsurmesfinances.com\/retraite\/retraite-chapeau-comment-ca-fonctionne.html#primaryimage\"},\"thumbnailUrl\":\"https:\/\/www.toutsurmesfinances.com\/retraite\/wp-content\/uploads\/sites\/4\/2015\/09\/retraite-senior1.jpg\",\"articleSection\":[\"Epargne retraite\"],\"inLanguage\":\"fr-FR\"},{\"@type\":\"WebPage\",\"@id\":\"https:\/\/www.toutsurmesfinances.com\/retraite\/retraite-chapeau-comment-ca-fonctionne.html\",\"url\":\"https:\/\/www.toutsurmesfinances.com\/retraite\/retraite-chapeau-comment-ca-fonctionne.html\",\"name\":\"Retraite chapeau : comment \u00e7a fonctionne ?\",\"isPartOf\":{\"@id\":\"https:\/\/www.toutsurmesfinances.com\/retraite\/#website\"},\"primaryImageOfPage\":{\"@id\":\"https:\/\/www.toutsurmesfinances.com\/retraite\/retraite-chapeau-comment-ca-fonctionne.html#primaryimage\"},\"image\":{\"@id\":\"https:\/\/www.toutsurmesfinances.com\/retraite\/retraite-chapeau-comment-ca-fonctionne.html#primaryimage\"},\"thumbnailUrl\":\"https:\/\/www.toutsurmesfinances.com\/retraite\/wp-content\/uploads\/sites\/4\/2015\/09\/retraite-senior1.jpg\",\"dateModified\":\"2021-12-08T14:09:50+00:00\",\"description\":\"R\u00e9guli\u00e8rement \u00e9pingl\u00e9es pour les montants exorbitants accord\u00e9s \u00e0 certains cadres dirigeants, les retraites suppl\u00e9mentaires \u00e0 prestations d\u00e9finies sont mal connues du grand public. Petit cours de rattrapage.\",\"breadcrumb\":{\"@id\":\"https:\/\/www.toutsurmesfinances.com\/retraite\/retraite-chapeau-comment-ca-fonctionne.html#breadcrumb\"},\"inLanguage\":\"fr-FR\",\"potentialAction\":[{\"@type\":\"ReadAction\",\"target\":[\"https:\/\/www.toutsurmesfinances.com\/retraite\/retraite-chapeau-comment-ca-fonctionne.html\"]}]},{\"@type\":\"ImageObject\",\"inLanguage\":\"fr-FR\",\"@id\":\"https:\/\/www.toutsurmesfinances.com\/retraite\/retraite-chapeau-comment-ca-fonctionne.html#primaryimage\",\"url\":\"https:\/\/www.toutsurmesfinances.com\/retraite\/wp-content\/uploads\/sites\/4\/2015\/09\/retraite-senior1.jpg\",\"contentUrl\":\"https:\/\/www.toutsurmesfinances.com\/retraite\/wp-content\/uploads\/sites\/4\/2015\/09\/retraite-senior1.jpg\",\"width\":823,\"height\":463,\"caption\":\"Le montant des retraites chapeaux octroy\u00e9es \u00e0 certains PDG choque r\u00e9guli\u00e8rement l'opinion publique\"},{\"@type\":\"BreadcrumbList\",\"@id\":\"https:\/\/www.toutsurmesfinances.com\/retraite\/retraite-chapeau-comment-ca-fonctionne.html#breadcrumb\",\"itemListElement\":[{\"@type\":\"ListItem\",\"position\":1,\"name\":\"Accueil\",\"item\":\"https:\/\/www.toutsurmesfinances.com\/retraite\/\"},{\"@type\":\"ListItem\",\"position\":2,\"name\":\"Pr\u00e9paration\",\"item\":\"https:\/\/www.toutsurmesfinances.com\/retraite\/c\/preparation\"},{\"@type\":\"ListItem\",\"position\":3,\"name\":\"Epargne retraite\",\"item\":\"https:\/\/www.toutsurmesfinances.com\/retraite\/c\/epargne-retraite\"},{\"@type\":\"ListItem\",\"position\":4,\"name\":\"Retraite chapeau : comment \u00e7a fonctionne ?\"}]},{\"@type\":\"WebSite\",\"@id\":\"https:\/\/www.toutsurmesfinances.com\/retraite\/#website\",\"url\":\"https:\/\/www.toutsurmesfinances.com\/retraite\/\",\"name\":\"Retraite\",\"description\":\"\",\"publisher\":{\"@id\":\"https:\/\/www.toutsurmesfinances.com\/retraite\/#organization\"},\"potentialAction\":[{\"@type\":\"SearchAction\",\"target\":{\"@type\":\"EntryPoint\",\"urlTemplate\":\"https:\/\/www.toutsurmesfinances.com\/retraite\/?s={search_term_string}\"},\"query-input\":{\"@type\":\"PropertyValueSpecification\",\"valueRequired\":true,\"valueName\":\"search_term_string\"}}],\"inLanguage\":\"fr-FR\"},{\"@type\":\"Organization\",\"@id\":\"https:\/\/www.toutsurmesfinances.com\/retraite\/#organization\",\"name\":\"Tout Sur Mes Finances\",\"url\":\"https:\/\/www.toutsurmesfinances.com\/retraite\/\",\"logo\":{\"@type\":\"ImageObject\",\"inLanguage\":\"fr-FR\",\"@id\":\"https:\/\/www.toutsurmesfinances.com\/retraite\/#\/schema\/logo\/image\/\",\"url\":\"https:\/\/www.toutsurmesfinances.com\/retraite\/wp-content\/uploads\/sites\/4\/2021\/01\/favicon.png\",\"contentUrl\":\"https:\/\/www.toutsurmesfinances.com\/retraite\/wp-content\/uploads\/sites\/4\/2021\/01\/favicon.png\",\"width\":512,\"height\":512,\"caption\":\"Tout Sur Mes Finances\"},\"image\":{\"@id\":\"https:\/\/www.toutsurmesfinances.com\/retraite\/#\/schema\/logo\/image\/\"},\"sameAs\":[\"https:\/\/x.com\/Toutsur\"]},{\"@type\":\"Person\",\"@id\":\"https:\/\/www.toutsurmesfinances.com\/retraite\/#\/schema\/person\/addc9e9b3978fa7947ead71bab57694c\",\"name\":\"Jean-Philippe Dubosc\",\"image\":{\"@type\":\"ImageObject\",\"inLanguage\":\"fr-FR\",\"@id\":\"https:\/\/www.toutsurmesfinances.com\/retraite\/#\/schema\/person\/image\/\",\"url\":\"https:\/\/secure.gravatar.com\/avatar\/a3cba30cdda1afe79f6ebffc6e952291?s=96&d=mm&r=g\",\"contentUrl\":\"https:\/\/secure.gravatar.com\/avatar\/a3cba30cdda1afe79f6ebffc6e952291?s=96&d=mm&r=g\",\"caption\":\"Jean-Philippe Dubosc\"},\"description\":\"Jean-Philippe Dubosc est r\u00e9dacteur en chef de ToutSurMesFinances.com et sp\u00e9cialiste des questions de retraite obligatoire et d\u2019\u00e9pargne. Pr\u00e9sent au sein du m\u00e9dia depuis plus de 13 ans, il analyse les r\u00e9formes, les dispositifs r\u00e9glementaires et les strat\u00e9gies de d\u00e9part \u00e0 la retraite, avec une approche fond\u00e9e sur une lecture rigoureuse des textes et une connaissance approfondie des diff\u00e9rents r\u00e9gimes de retraite.\",\"sameAs\":[\"https:\/\/www.toutsurmesfinances.com\/author\/jpdubosc\",\"https:\/\/fr.linkedin.com\/in\/jpdubosc\"]}]}<\/script>\n<!-- \/ Yoast SEO plugin. -->","yoast_head_json":{"title":"Retraite chapeau : comment \u00e7a fonctionne ?","description":"R\u00e9guli\u00e8rement \u00e9pingl\u00e9es pour les montants exorbitants accord\u00e9s \u00e0 certains cadres dirigeants, les retraites suppl\u00e9mentaires \u00e0 prestations d\u00e9finies sont mal connues du grand public. Petit cours de rattrapage.","robots":{"index":"index","follow":"follow","max-snippet":"max-snippet:-1","max-image-preview":"max-image-preview:large","max-video-preview":"max-video-preview:-1"},"canonical":"https:\/\/www.toutsurmesfinances.com\/retraite\/retraite-chapeau-comment-ca-fonctionne.html","og_locale":"fr_FR","og_type":"article","og_title":"Retraite chapeau : comment \u00e7a fonctionne ?","og_description":"R\u00e9guli\u00e8rement \u00e9pingl\u00e9es pour les montants exorbitants accord\u00e9s \u00e0 certains cadres dirigeants, les retraites suppl\u00e9mentaires \u00e0 prestations d\u00e9finies sont mal connues du grand public. Petit cours de rattrapage.","og_url":"https:\/\/www.toutsurmesfinances.com\/retraite\/retraite-chapeau-comment-ca-fonctionne.html","og_site_name":"Retraite","article_published_time":"2015-09-04T10:18:31+00:00","article_modified_time":"2021-12-08T14:09:50+00:00","og_image":[{"width":823,"height":463,"url":"https:\/\/www.toutsurmesfinances.com\/retraite\/wp-content\/uploads\/sites\/4\/2015\/09\/retraite-senior1.jpg","type":"image\/jpeg"}],"author":"Jean-Philippe Dubosc","twitter_card":"summary_large_image","twitter_creator":"@Toutsur","twitter_site":"@Toutsur","twitter_misc":{"\u00c9crit par":"Jean-Philippe Dubosc","Dur\u00e9e de lecture estim\u00e9e":"5 minutes"},"schema":{"@context":"https:\/\/schema.org","@graph":[{"@type":"Article","@id":"https:\/\/www.toutsurmesfinances.com\/retraite\/retraite-chapeau-comment-ca-fonctionne.html#article","isPartOf":{"@id":"https:\/\/www.toutsurmesfinances.com\/retraite\/retraite-chapeau-comment-ca-fonctionne.html"},"author":{"name":"Jean-Philippe Dubosc","@id":"https:\/\/www.toutsurmesfinances.com\/retraite\/#\/schema\/person\/addc9e9b3978fa7947ead71bab57694c"},"headline":"Retraite chapeau : comment \u00e7a fonctionne ?","dateModified":"2021-12-08T14:09:50+00:00","mainEntityOfPage":{"@id":"https:\/\/www.toutsurmesfinances.com\/retraite\/retraite-chapeau-comment-ca-fonctionne.html"},"wordCount":1033,"publisher":{"@id":"https:\/\/www.toutsurmesfinances.com\/retraite\/#organization"},"image":{"@id":"https:\/\/www.toutsurmesfinances.com\/retraite\/retraite-chapeau-comment-ca-fonctionne.html#primaryimage"},"thumbnailUrl":"https:\/\/www.toutsurmesfinances.com\/retraite\/wp-content\/uploads\/sites\/4\/2015\/09\/retraite-senior1.jpg","articleSection":["Epargne retraite"],"inLanguage":"fr-FR"},{"@type":"WebPage","@id":"https:\/\/www.toutsurmesfinances.com\/retraite\/retraite-chapeau-comment-ca-fonctionne.html","url":"https:\/\/www.toutsurmesfinances.com\/retraite\/retraite-chapeau-comment-ca-fonctionne.html","name":"Retraite chapeau : comment \u00e7a fonctionne ?","isPartOf":{"@id":"https:\/\/www.toutsurmesfinances.com\/retraite\/#website"},"primaryImageOfPage":{"@id":"https:\/\/www.toutsurmesfinances.com\/retraite\/retraite-chapeau-comment-ca-fonctionne.html#primaryimage"},"image":{"@id":"https:\/\/www.toutsurmesfinances.com\/retraite\/retraite-chapeau-comment-ca-fonctionne.html#primaryimage"},"thumbnailUrl":"https:\/\/www.toutsurmesfinances.com\/retraite\/wp-content\/uploads\/sites\/4\/2015\/09\/retraite-senior1.jpg","dateModified":"2021-12-08T14:09:50+00:00","description":"R\u00e9guli\u00e8rement \u00e9pingl\u00e9es pour les montants exorbitants accord\u00e9s \u00e0 certains cadres dirigeants, les retraites suppl\u00e9mentaires \u00e0 prestations d\u00e9finies sont mal connues du grand public. Petit cours de rattrapage.","breadcrumb":{"@id":"https:\/\/www.toutsurmesfinances.com\/retraite\/retraite-chapeau-comment-ca-fonctionne.html#breadcrumb"},"inLanguage":"fr-FR","potentialAction":[{"@type":"ReadAction","target":["https:\/\/www.toutsurmesfinances.com\/retraite\/retraite-chapeau-comment-ca-fonctionne.html"]}]},{"@type":"ImageObject","inLanguage":"fr-FR","@id":"https:\/\/www.toutsurmesfinances.com\/retraite\/retraite-chapeau-comment-ca-fonctionne.html#primaryimage","url":"https:\/\/www.toutsurmesfinances.com\/retraite\/wp-content\/uploads\/sites\/4\/2015\/09\/retraite-senior1.jpg","contentUrl":"https:\/\/www.toutsurmesfinances.com\/retraite\/wp-content\/uploads\/sites\/4\/2015\/09\/retraite-senior1.jpg","width":823,"height":463,"caption":"Le montant des retraites chapeaux octroy\u00e9es \u00e0 certains PDG choque r\u00e9guli\u00e8rement l'opinion publique"},{"@type":"BreadcrumbList","@id":"https:\/\/www.toutsurmesfinances.com\/retraite\/retraite-chapeau-comment-ca-fonctionne.html#breadcrumb","itemListElement":[{"@type":"ListItem","position":1,"name":"Accueil","item":"https:\/\/www.toutsurmesfinances.com\/retraite\/"},{"@type":"ListItem","position":2,"name":"Pr\u00e9paration","item":"https:\/\/www.toutsurmesfinances.com\/retraite\/c\/preparation"},{"@type":"ListItem","position":3,"name":"Epargne retraite","item":"https:\/\/www.toutsurmesfinances.com\/retraite\/c\/epargne-retraite"},{"@type":"ListItem","position":4,"name":"Retraite chapeau : comment \u00e7a fonctionne ?"}]},{"@type":"WebSite","@id":"https:\/\/www.toutsurmesfinances.com\/retraite\/#website","url":"https:\/\/www.toutsurmesfinances.com\/retraite\/","name":"Retraite","description":"","publisher":{"@id":"https:\/\/www.toutsurmesfinances.com\/retraite\/#organization"},"potentialAction":[{"@type":"SearchAction","target":{"@type":"EntryPoint","urlTemplate":"https:\/\/www.toutsurmesfinances.com\/retraite\/?s={search_term_string}"},"query-input":{"@type":"PropertyValueSpecification","valueRequired":true,"valueName":"search_term_string"}}],"inLanguage":"fr-FR"},{"@type":"Organization","@id":"https:\/\/www.toutsurmesfinances.com\/retraite\/#organization","name":"Tout Sur Mes Finances","url":"https:\/\/www.toutsurmesfinances.com\/retraite\/","logo":{"@type":"ImageObject","inLanguage":"fr-FR","@id":"https:\/\/www.toutsurmesfinances.com\/retraite\/#\/schema\/logo\/image\/","url":"https:\/\/www.toutsurmesfinances.com\/retraite\/wp-content\/uploads\/sites\/4\/2021\/01\/favicon.png","contentUrl":"https:\/\/www.toutsurmesfinances.com\/retraite\/wp-content\/uploads\/sites\/4\/2021\/01\/favicon.png","width":512,"height":512,"caption":"Tout Sur Mes Finances"},"image":{"@id":"https:\/\/www.toutsurmesfinances.com\/retraite\/#\/schema\/logo\/image\/"},"sameAs":["https:\/\/x.com\/Toutsur"]},{"@type":"Person","@id":"https:\/\/www.toutsurmesfinances.com\/retraite\/#\/schema\/person\/addc9e9b3978fa7947ead71bab57694c","name":"Jean-Philippe Dubosc","image":{"@type":"ImageObject","inLanguage":"fr-FR","@id":"https:\/\/www.toutsurmesfinances.com\/retraite\/#\/schema\/person\/image\/","url":"https:\/\/secure.gravatar.com\/avatar\/a3cba30cdda1afe79f6ebffc6e952291?s=96&d=mm&r=g","contentUrl":"https:\/\/secure.gravatar.com\/avatar\/a3cba30cdda1afe79f6ebffc6e952291?s=96&d=mm&r=g","caption":"Jean-Philippe Dubosc"},"description":"Jean-Philippe Dubosc est r\u00e9dacteur en chef de ToutSurMesFinances.com et sp\u00e9cialiste des questions de retraite obligatoire et d\u2019\u00e9pargne. Pr\u00e9sent au sein du m\u00e9dia depuis plus de 13 ans, il analyse les r\u00e9formes, les dispositifs r\u00e9glementaires et les strat\u00e9gies de d\u00e9part \u00e0 la retraite, avec une approche fond\u00e9e sur une lecture rigoureuse des textes et une connaissance approfondie des diff\u00e9rents r\u00e9gimes de retraite.","sameAs":["https:\/\/www.toutsurmesfinances.com\/author\/jpdubosc","https:\/\/fr.linkedin.com\/in\/jpdubosc"]}]}},"_links":{"self":[{"href":"https:\/\/www.toutsurmesfinances.com\/retraite\/wp-json\/wp\/v2\/posts\/20883","targetHints":{"allow":["GET"]}}],"collection":[{"href":"https:\/\/www.toutsurmesfinances.com\/retraite\/wp-json\/wp\/v2\/posts"}],"about":[{"href":"https:\/\/www.toutsurmesfinances.com\/retraite\/wp-json\/wp\/v2\/types\/post"}],"author":[{"embeddable":true,"href":"https:\/\/www.toutsurmesfinances.com\/retraite\/wp-json\/wp\/v2\/users\/13713"}],"replies":[{"embeddable":true,"href":"https:\/\/www.toutsurmesfinances.com\/retraite\/wp-json\/wp\/v2\/comments?post=20883"}],"version-history":[{"count":2,"href":"https:\/\/www.toutsurmesfinances.com\/retraite\/wp-json\/wp\/v2\/posts\/20883\/revisions"}],"predecessor-version":[{"id":30538,"href":"https:\/\/www.toutsurmesfinances.com\/retraite\/wp-json\/wp\/v2\/posts\/20883\/revisions\/30538"}],"wp:featuredmedia":[{"embeddable":true,"href":"https:\/\/www.toutsurmesfinances.com\/retraite\/wp-json\/wp\/v2\/media\/20882"}],"wp:attachment":[{"href":"https:\/\/www.toutsurmesfinances.com\/retraite\/wp-json\/wp\/v2\/media?parent=20883"}],"wp:term":[{"taxonomy":"category","embeddable":true,"href":"https:\/\/www.toutsurmesfinances.com\/retraite\/wp-json\/wp\/v2\/categories?post=20883"},{"taxonomy":"post_tag","embeddable":true,"href":"https:\/\/www.toutsurmesfinances.com\/retraite\/wp-json\/wp\/v2\/tags?post=20883"}],"curies":[{"name":"wp","href":"https:\/\/api.w.org\/{rel}","templated":true}]}}