{"id":20926,"date":"2015-09-25T15:03:30","date_gmt":"2015-09-25T13:03:30","guid":{"rendered":"https:\/\/www.toutsurmesfinances.com\/retraite\/le-ratio-cotisants-retraites-se-degrade-dans-le-regime-general.html"},"modified":"2015-09-25T15:04:00","modified_gmt":"2015-09-25T15:04:00","slug":"le-ratio-cotisants-retraites-se-degrade-dans-le-regime-general","status":"publish","type":"post","link":"https:\/\/www.toutsurmesfinances.com\/retraite\/le-ratio-cotisants-retraites-se-degrade-dans-le-regime-general.html","title":{"rendered":"Le ratio cotisants-retrait\u00e9s se d\u00e9grade dans le r\u00e9gime g\u00e9n\u00e9ral"},"content":{"rendered":"\n<p>Le rapport entre les actifs et les pensionn\u00e9s s&rsquo;est encore d\u00e9t\u00e9rior\u00e9 dans la branche retraite de la S\u00e9curit\u00e9 sociale. Selon les derni\u00e8res statistiques rendues publiques le 24 septembre 2015 par la Caisse nationale d&rsquo;assurance vieillesse (<strong>Cnav<\/strong>), on comptait en 2014 quelque 17,56 millions de cotisants au r\u00e9gime g\u00e9n\u00e9ral (<strong>RG<\/strong>), le r\u00e9gime de retraite de base des salari\u00e9s, contre 13,38 millions de retrait\u00e9s affili\u00e9s au RG. Soit un ratio de 1,31 actif pour 1 retrait\u00e9. En 2013, le rapport \u00e9tait l\u00e9g\u00e8rement meilleur (1,33).<\/p>\n<p>En r\u00e9alit\u00e9, cela fait des d\u00e9cennies que le ratio d\u00e9mographique du RG, de loin le plus important r\u00e9gime fran\u00e7ais de retraite (83,4% des retrait\u00e9s en 2014), se d\u00e9grade d&rsquo;ann\u00e9e en ann\u00e9e. A titre de comparaison, il y avait 1,59 cotisant pour 1 pensionn\u00e9 en 2000, 1,88 en 1990, 2,68 en 1980, 3,80 en 1970 et 4,14 en 1960.<\/p>\n<p>Les causes du ph\u00e9nom\u00e8ne sont connues : l&rsquo;augmentation de l&rsquo;esp\u00e9rance de vie combin\u00e9e \u00e0 une envol\u00e9e du ch\u00f4mage qui se traduit par de plus en plus de personnes \u00e0 la retraite et de moins en moins en activit\u00e9. Un \u00ab effet ciseau \u00bb d\u00e9vastateur pour les finances du RG sachant que, comme tous les r\u00e9gimes par r\u00e9partition, les pensions des retrait\u00e9s sont financ\u00e9es par les cotisations des actifs.<\/p>\n<p>A l&rsquo;occasion de la pr\u00e9sentation le 24 septembre du projet de loi de financement de la S\u00e9curit\u00e9 sociale (<strong>PLFSS<\/strong>) pour 2016, il a \u00e9t\u00e9 indiqu\u00e9 que la branche vieillesse allait encore enregistrer un d\u00e9ficit de 600 millions d&rsquo;euros en 2015. Gr\u00e2ce au recul de l&rsquo;\u00e2ge de d\u00e9part \u00e0 62 ans et \u00e0 l&rsquo;absence de revalorisation des pensions due \u00e0 la faible inflation, l&rsquo;Assurance Retraite devrait enregistrer un exc\u00e9dent de 500 millions d&rsquo;euros en 2016, 1 milliard en 2017 et 400 millions en 2018, avant de retomber sur une perte de 100 millions en 2019.<\/p>\n<p>&nbsp;<\/p>\n","protected":false},"excerpt":{"rendered":"<p>\u00a0<\/p>\n","protected":false},"author":13713,"featured_media":0,"comment_status":"closed","ping_status":"closed","sticky":false,"template":"","format":"standard","meta":{"footnotes":""},"categories":[11],"tags":[],"class_list":["post-20926","post","type-post","status-publish","format-standard","hentry","category-droits-a-la-retraite"],"acf":[],"yoast_head":"<!-- This site is optimized with the Yoast SEO plugin v24.9 - https:\/\/yoast.com\/wordpress\/plugins\/seo\/ -->\n<title>Le ratio cotisants-retrait\u00e9s se d\u00e9grade dans le r\u00e9gime g\u00e9n\u00e9ral<\/title>\n<meta name=\"description\" content=\"Le rapport entre les actifs et les pensionn\u00e9s s&#039;est encore d\u00e9t\u00e9rior\u00e9 dans la branche retraite de la S\u00e9curit\u00e9 sociale. Selon les derni\u00e8res statistiques rendues publiques le 24 septembre 2015 par la Caisse nationale d&#039;assurance vieillesse (Cnav), on comptai\" \/>\n<meta name=\"robots\" content=\"index, follow, max-snippet:-1, max-image-preview:large, max-video-preview:-1\" \/>\n<link rel=\"canonical\" href=\"https:\/\/www.toutsurmesfinances.com\/retraite\/le-ratio-cotisants-retraites-se-degrade-dans-le-regime-general.html\" \/>\n<meta property=\"og:locale\" content=\"fr_FR\" \/>\n<meta property=\"og:type\" content=\"article\" \/>\n<meta property=\"og:title\" content=\"Le ratio cotisants-retrait\u00e9s se d\u00e9grade dans le r\u00e9gime g\u00e9n\u00e9ral\" \/>\n<meta property=\"og:description\" content=\"Le rapport entre les actifs et les pensionn\u00e9s s&#039;est encore d\u00e9t\u00e9rior\u00e9 dans la branche retraite de la S\u00e9curit\u00e9 sociale. Selon les derni\u00e8res statistiques rendues publiques le 24 septembre 2015 par la Caisse nationale d&#039;assurance vieillesse (Cnav), on comptai\" \/>\n<meta property=\"og:url\" content=\"https:\/\/www.toutsurmesfinances.com\/retraite\/le-ratio-cotisants-retraites-se-degrade-dans-le-regime-general.html\" \/>\n<meta property=\"og:site_name\" content=\"Retraite\" \/>\n<meta property=\"article:published_time\" content=\"2015-09-25T13:03:30+00:00\" \/>\n<meta property=\"article:modified_time\" content=\"2015-09-25T15:04:00+00:00\" \/>\n<meta name=\"author\" content=\"Jean-Philippe Dubosc\" \/>\n<meta name=\"twitter:card\" content=\"summary_large_image\" \/>\n<meta name=\"twitter:creator\" content=\"@Toutsur\" \/>\n<meta name=\"twitter:site\" content=\"@Toutsur\" \/>\n<meta name=\"twitter:label1\" content=\"\u00c9crit par\" \/>\n\t<meta name=\"twitter:data1\" content=\"Jean-Philippe Dubosc\" \/>\n\t<meta name=\"twitter:label2\" content=\"Dur\u00e9e de lecture estim\u00e9e\" \/>\n\t<meta name=\"twitter:data2\" content=\"2 minutes\" \/>\n<script type=\"application\/ld+json\" class=\"yoast-schema-graph\">{\"@context\":\"https:\/\/schema.org\",\"@graph\":[{\"@type\":\"Article\",\"@id\":\"https:\/\/www.toutsurmesfinances.com\/retraite\/le-ratio-cotisants-retraites-se-degrade-dans-le-regime-general.html#article\",\"isPartOf\":{\"@id\":\"https:\/\/www.toutsurmesfinances.com\/retraite\/le-ratio-cotisants-retraites-se-degrade-dans-le-regime-general.html\"},\"author\":{\"name\":\"Jean-Philippe Dubosc\",\"@id\":\"https:\/\/www.toutsurmesfinances.com\/retraite\/#\/schema\/person\/addc9e9b3978fa7947ead71bab57694c\"},\"headline\":\"Le ratio cotisants-retrait\u00e9s se d\u00e9grade dans le r\u00e9gime g\u00e9n\u00e9ral\",\"dateModified\":\"2015-09-25T15:04:00+00:00\",\"mainEntityOfPage\":{\"@id\":\"https:\/\/www.toutsurmesfinances.com\/retraite\/le-ratio-cotisants-retraites-se-degrade-dans-le-regime-general.html\"},\"wordCount\":325,\"publisher\":{\"@id\":\"https:\/\/www.toutsurmesfinances.com\/retraite\/#organization\"},\"articleSection\":[\"Droits \u00e0 la retraite\"],\"inLanguage\":\"fr-FR\"},{\"@type\":\"WebPage\",\"@id\":\"https:\/\/www.toutsurmesfinances.com\/retraite\/le-ratio-cotisants-retraites-se-degrade-dans-le-regime-general.html\",\"url\":\"https:\/\/www.toutsurmesfinances.com\/retraite\/le-ratio-cotisants-retraites-se-degrade-dans-le-regime-general.html\",\"name\":\"Le ratio cotisants-retrait\u00e9s se d\u00e9grade dans le r\u00e9gime g\u00e9n\u00e9ral\",\"isPartOf\":{\"@id\":\"https:\/\/www.toutsurmesfinances.com\/retraite\/#website\"},\"dateModified\":\"2015-09-25T15:04:00+00:00\",\"description\":\"Le rapport entre les actifs et les pensionn\u00e9s s'est encore d\u00e9t\u00e9rior\u00e9 dans la branche retraite de la S\u00e9curit\u00e9 sociale. Selon les derni\u00e8res statistiques rendues publiques le 24 septembre 2015 par la Caisse nationale d'assurance vieillesse (Cnav), on comptai\",\"breadcrumb\":{\"@id\":\"https:\/\/www.toutsurmesfinances.com\/retraite\/le-ratio-cotisants-retraites-se-degrade-dans-le-regime-general.html#breadcrumb\"},\"inLanguage\":\"fr-FR\",\"potentialAction\":[{\"@type\":\"ReadAction\",\"target\":[\"https:\/\/www.toutsurmesfinances.com\/retraite\/le-ratio-cotisants-retraites-se-degrade-dans-le-regime-general.html\"]}]},{\"@type\":\"BreadcrumbList\",\"@id\":\"https:\/\/www.toutsurmesfinances.com\/retraite\/le-ratio-cotisants-retraites-se-degrade-dans-le-regime-general.html#breadcrumb\",\"itemListElement\":[{\"@type\":\"ListItem\",\"position\":1,\"name\":\"Accueil\",\"item\":\"https:\/\/www.toutsurmesfinances.com\/retraite\/\"},{\"@type\":\"ListItem\",\"position\":2,\"name\":\"Droits\",\"item\":\"https:\/\/www.toutsurmesfinances.com\/retraite\/c\/droits\"},{\"@type\":\"ListItem\",\"position\":3,\"name\":\"Droits \u00e0 la retraite\",\"item\":\"https:\/\/www.toutsurmesfinances.com\/retraite\/c\/droits-a-la-retraite\"},{\"@type\":\"ListItem\",\"position\":4,\"name\":\"Le ratio cotisants-retrait\u00e9s se d\u00e9grade dans le r\u00e9gime g\u00e9n\u00e9ral\"}]},{\"@type\":\"WebSite\",\"@id\":\"https:\/\/www.toutsurmesfinances.com\/retraite\/#website\",\"url\":\"https:\/\/www.toutsurmesfinances.com\/retraite\/\",\"name\":\"Retraite\",\"description\":\"\",\"publisher\":{\"@id\":\"https:\/\/www.toutsurmesfinances.com\/retraite\/#organization\"},\"potentialAction\":[{\"@type\":\"SearchAction\",\"target\":{\"@type\":\"EntryPoint\",\"urlTemplate\":\"https:\/\/www.toutsurmesfinances.com\/retraite\/?s={search_term_string}\"},\"query-input\":{\"@type\":\"PropertyValueSpecification\",\"valueRequired\":true,\"valueName\":\"search_term_string\"}}],\"inLanguage\":\"fr-FR\"},{\"@type\":\"Organization\",\"@id\":\"https:\/\/www.toutsurmesfinances.com\/retraite\/#organization\",\"name\":\"Tout Sur Mes Finances\",\"url\":\"https:\/\/www.toutsurmesfinances.com\/retraite\/\",\"logo\":{\"@type\":\"ImageObject\",\"inLanguage\":\"fr-FR\",\"@id\":\"https:\/\/www.toutsurmesfinances.com\/retraite\/#\/schema\/logo\/image\/\",\"url\":\"https:\/\/www.toutsurmesfinances.com\/retraite\/wp-content\/uploads\/sites\/4\/2021\/01\/favicon.png\",\"contentUrl\":\"https:\/\/www.toutsurmesfinances.com\/retraite\/wp-content\/uploads\/sites\/4\/2021\/01\/favicon.png\",\"width\":512,\"height\":512,\"caption\":\"Tout Sur Mes Finances\"},\"image\":{\"@id\":\"https:\/\/www.toutsurmesfinances.com\/retraite\/#\/schema\/logo\/image\/\"},\"sameAs\":[\"https:\/\/x.com\/Toutsur\"]},{\"@type\":\"Person\",\"@id\":\"https:\/\/www.toutsurmesfinances.com\/retraite\/#\/schema\/person\/addc9e9b3978fa7947ead71bab57694c\",\"name\":\"Jean-Philippe Dubosc\",\"image\":{\"@type\":\"ImageObject\",\"inLanguage\":\"fr-FR\",\"@id\":\"https:\/\/www.toutsurmesfinances.com\/retraite\/#\/schema\/person\/image\/\",\"url\":\"https:\/\/secure.gravatar.com\/avatar\/a3cba30cdda1afe79f6ebffc6e952291?s=96&d=mm&r=g\",\"contentUrl\":\"https:\/\/secure.gravatar.com\/avatar\/a3cba30cdda1afe79f6ebffc6e952291?s=96&d=mm&r=g\",\"caption\":\"Jean-Philippe Dubosc\"},\"description\":\"Jean-Philippe Dubosc est r\u00e9dacteur en chef de ToutSurMesFinances.com et sp\u00e9cialiste des questions de retraite obligatoire et d\u2019\u00e9pargne. Pr\u00e9sent au sein du m\u00e9dia depuis plus de 13 ans, il analyse les r\u00e9formes, les dispositifs r\u00e9glementaires et les strat\u00e9gies de d\u00e9part \u00e0 la retraite, avec une approche fond\u00e9e sur une lecture rigoureuse des textes et une connaissance approfondie des diff\u00e9rents r\u00e9gimes de retraite.\",\"sameAs\":[\"https:\/\/www.toutsurmesfinances.com\/author\/jpdubosc\",\"https:\/\/fr.linkedin.com\/in\/jpdubosc\"]}]}<\/script>\n<!-- \/ Yoast SEO plugin. -->","yoast_head_json":{"title":"Le ratio cotisants-retrait\u00e9s se d\u00e9grade dans le r\u00e9gime g\u00e9n\u00e9ral","description":"Le rapport entre les actifs et les pensionn\u00e9s s'est encore d\u00e9t\u00e9rior\u00e9 dans la branche retraite de la S\u00e9curit\u00e9 sociale. Selon les derni\u00e8res statistiques rendues publiques le 24 septembre 2015 par la Caisse nationale d'assurance vieillesse (Cnav), on comptai","robots":{"index":"index","follow":"follow","max-snippet":"max-snippet:-1","max-image-preview":"max-image-preview:large","max-video-preview":"max-video-preview:-1"},"canonical":"https:\/\/www.toutsurmesfinances.com\/retraite\/le-ratio-cotisants-retraites-se-degrade-dans-le-regime-general.html","og_locale":"fr_FR","og_type":"article","og_title":"Le ratio cotisants-retrait\u00e9s se d\u00e9grade dans le r\u00e9gime g\u00e9n\u00e9ral","og_description":"Le rapport entre les actifs et les pensionn\u00e9s s'est encore d\u00e9t\u00e9rior\u00e9 dans la branche retraite de la S\u00e9curit\u00e9 sociale. Selon les derni\u00e8res statistiques rendues publiques le 24 septembre 2015 par la Caisse nationale d'assurance vieillesse (Cnav), on comptai","og_url":"https:\/\/www.toutsurmesfinances.com\/retraite\/le-ratio-cotisants-retraites-se-degrade-dans-le-regime-general.html","og_site_name":"Retraite","article_published_time":"2015-09-25T13:03:30+00:00","article_modified_time":"2015-09-25T15:04:00+00:00","author":"Jean-Philippe Dubosc","twitter_card":"summary_large_image","twitter_creator":"@Toutsur","twitter_site":"@Toutsur","twitter_misc":{"\u00c9crit par":"Jean-Philippe Dubosc","Dur\u00e9e de lecture estim\u00e9e":"2 minutes"},"schema":{"@context":"https:\/\/schema.org","@graph":[{"@type":"Article","@id":"https:\/\/www.toutsurmesfinances.com\/retraite\/le-ratio-cotisants-retraites-se-degrade-dans-le-regime-general.html#article","isPartOf":{"@id":"https:\/\/www.toutsurmesfinances.com\/retraite\/le-ratio-cotisants-retraites-se-degrade-dans-le-regime-general.html"},"author":{"name":"Jean-Philippe Dubosc","@id":"https:\/\/www.toutsurmesfinances.com\/retraite\/#\/schema\/person\/addc9e9b3978fa7947ead71bab57694c"},"headline":"Le ratio cotisants-retrait\u00e9s se d\u00e9grade dans le r\u00e9gime g\u00e9n\u00e9ral","dateModified":"2015-09-25T15:04:00+00:00","mainEntityOfPage":{"@id":"https:\/\/www.toutsurmesfinances.com\/retraite\/le-ratio-cotisants-retraites-se-degrade-dans-le-regime-general.html"},"wordCount":325,"publisher":{"@id":"https:\/\/www.toutsurmesfinances.com\/retraite\/#organization"},"articleSection":["Droits \u00e0 la retraite"],"inLanguage":"fr-FR"},{"@type":"WebPage","@id":"https:\/\/www.toutsurmesfinances.com\/retraite\/le-ratio-cotisants-retraites-se-degrade-dans-le-regime-general.html","url":"https:\/\/www.toutsurmesfinances.com\/retraite\/le-ratio-cotisants-retraites-se-degrade-dans-le-regime-general.html","name":"Le ratio cotisants-retrait\u00e9s se d\u00e9grade dans le r\u00e9gime g\u00e9n\u00e9ral","isPartOf":{"@id":"https:\/\/www.toutsurmesfinances.com\/retraite\/#website"},"dateModified":"2015-09-25T15:04:00+00:00","description":"Le rapport entre les actifs et les pensionn\u00e9s s'est encore d\u00e9t\u00e9rior\u00e9 dans la branche retraite de la S\u00e9curit\u00e9 sociale. Selon les derni\u00e8res statistiques rendues publiques le 24 septembre 2015 par la Caisse nationale d'assurance vieillesse (Cnav), on comptai","breadcrumb":{"@id":"https:\/\/www.toutsurmesfinances.com\/retraite\/le-ratio-cotisants-retraites-se-degrade-dans-le-regime-general.html#breadcrumb"},"inLanguage":"fr-FR","potentialAction":[{"@type":"ReadAction","target":["https:\/\/www.toutsurmesfinances.com\/retraite\/le-ratio-cotisants-retraites-se-degrade-dans-le-regime-general.html"]}]},{"@type":"BreadcrumbList","@id":"https:\/\/www.toutsurmesfinances.com\/retraite\/le-ratio-cotisants-retraites-se-degrade-dans-le-regime-general.html#breadcrumb","itemListElement":[{"@type":"ListItem","position":1,"name":"Accueil","item":"https:\/\/www.toutsurmesfinances.com\/retraite\/"},{"@type":"ListItem","position":2,"name":"Droits","item":"https:\/\/www.toutsurmesfinances.com\/retraite\/c\/droits"},{"@type":"ListItem","position":3,"name":"Droits \u00e0 la retraite","item":"https:\/\/www.toutsurmesfinances.com\/retraite\/c\/droits-a-la-retraite"},{"@type":"ListItem","position":4,"name":"Le ratio cotisants-retrait\u00e9s se d\u00e9grade dans le r\u00e9gime g\u00e9n\u00e9ral"}]},{"@type":"WebSite","@id":"https:\/\/www.toutsurmesfinances.com\/retraite\/#website","url":"https:\/\/www.toutsurmesfinances.com\/retraite\/","name":"Retraite","description":"","publisher":{"@id":"https:\/\/www.toutsurmesfinances.com\/retraite\/#organization"},"potentialAction":[{"@type":"SearchAction","target":{"@type":"EntryPoint","urlTemplate":"https:\/\/www.toutsurmesfinances.com\/retraite\/?s={search_term_string}"},"query-input":{"@type":"PropertyValueSpecification","valueRequired":true,"valueName":"search_term_string"}}],"inLanguage":"fr-FR"},{"@type":"Organization","@id":"https:\/\/www.toutsurmesfinances.com\/retraite\/#organization","name":"Tout Sur Mes Finances","url":"https:\/\/www.toutsurmesfinances.com\/retraite\/","logo":{"@type":"ImageObject","inLanguage":"fr-FR","@id":"https:\/\/www.toutsurmesfinances.com\/retraite\/#\/schema\/logo\/image\/","url":"https:\/\/www.toutsurmesfinances.com\/retraite\/wp-content\/uploads\/sites\/4\/2021\/01\/favicon.png","contentUrl":"https:\/\/www.toutsurmesfinances.com\/retraite\/wp-content\/uploads\/sites\/4\/2021\/01\/favicon.png","width":512,"height":512,"caption":"Tout Sur Mes Finances"},"image":{"@id":"https:\/\/www.toutsurmesfinances.com\/retraite\/#\/schema\/logo\/image\/"},"sameAs":["https:\/\/x.com\/Toutsur"]},{"@type":"Person","@id":"https:\/\/www.toutsurmesfinances.com\/retraite\/#\/schema\/person\/addc9e9b3978fa7947ead71bab57694c","name":"Jean-Philippe Dubosc","image":{"@type":"ImageObject","inLanguage":"fr-FR","@id":"https:\/\/www.toutsurmesfinances.com\/retraite\/#\/schema\/person\/image\/","url":"https:\/\/secure.gravatar.com\/avatar\/a3cba30cdda1afe79f6ebffc6e952291?s=96&d=mm&r=g","contentUrl":"https:\/\/secure.gravatar.com\/avatar\/a3cba30cdda1afe79f6ebffc6e952291?s=96&d=mm&r=g","caption":"Jean-Philippe Dubosc"},"description":"Jean-Philippe Dubosc est r\u00e9dacteur en chef de ToutSurMesFinances.com et sp\u00e9cialiste des questions de retraite obligatoire et d\u2019\u00e9pargne. Pr\u00e9sent au sein du m\u00e9dia depuis plus de 13 ans, il analyse les r\u00e9formes, les dispositifs r\u00e9glementaires et les strat\u00e9gies de d\u00e9part \u00e0 la retraite, avec une approche fond\u00e9e sur une lecture rigoureuse des textes et une connaissance approfondie des diff\u00e9rents r\u00e9gimes de retraite.","sameAs":["https:\/\/www.toutsurmesfinances.com\/author\/jpdubosc","https:\/\/fr.linkedin.com\/in\/jpdubosc"]}]}},"_links":{"self":[{"href":"https:\/\/www.toutsurmesfinances.com\/retraite\/wp-json\/wp\/v2\/posts\/20926","targetHints":{"allow":["GET"]}}],"collection":[{"href":"https:\/\/www.toutsurmesfinances.com\/retraite\/wp-json\/wp\/v2\/posts"}],"about":[{"href":"https:\/\/www.toutsurmesfinances.com\/retraite\/wp-json\/wp\/v2\/types\/post"}],"author":[{"embeddable":true,"href":"https:\/\/www.toutsurmesfinances.com\/retraite\/wp-json\/wp\/v2\/users\/13713"}],"replies":[{"embeddable":true,"href":"https:\/\/www.toutsurmesfinances.com\/retraite\/wp-json\/wp\/v2\/comments?post=20926"}],"version-history":[{"count":1,"href":"https:\/\/www.toutsurmesfinances.com\/retraite\/wp-json\/wp\/v2\/posts\/20926\/revisions"}],"predecessor-version":[{"id":25009,"href":"https:\/\/www.toutsurmesfinances.com\/retraite\/wp-json\/wp\/v2\/posts\/20926\/revisions\/25009"}],"wp:attachment":[{"href":"https:\/\/www.toutsurmesfinances.com\/retraite\/wp-json\/wp\/v2\/media?parent=20926"}],"wp:term":[{"taxonomy":"category","embeddable":true,"href":"https:\/\/www.toutsurmesfinances.com\/retraite\/wp-json\/wp\/v2\/categories?post=20926"},{"taxonomy":"post_tag","embeddable":true,"href":"https:\/\/www.toutsurmesfinances.com\/retraite\/wp-json\/wp\/v2\/tags?post=20926"}],"curies":[{"name":"wp","href":"https:\/\/api.w.org\/{rel}","templated":true}]}}