{"id":20933,"date":"2015-09-29T08:11:44","date_gmt":"2015-09-29T06:11:44","guid":{"rendered":"https:\/\/www.toutsurmesfinances.com\/retraite\/rsi-l-assiette-unique-de-cotisation-va-ameliorer-la-retraite-des-artisans-et-commercants.html"},"modified":"2015-09-29T16:17:00","modified_gmt":"2015-09-29T16:17:00","slug":"rsi-l-assiette-unique-de-cotisation-va-ameliorer-la-retraite-des-artisans-et-commercants","status":"publish","type":"post","link":"https:\/\/www.toutsurmesfinances.com\/retraite\/rsi-l-assiette-unique-de-cotisation-va-ameliorer-la-retraite-des-artisans-et-commercants.html","title":{"rendered":"RSI : \u00ab L&rsquo;assiette unique de cotisation va am\u00e9liorer la retraite des artisans et commer\u00e7ants \u00bb"},"content":{"rendered":"\n<p><strong>Toutsurmesfinances.com : Que pensez-vous des rapports Bulteau-Verdier et Weber sur le RSI ?<\/strong><br \/><strong>G\u00e9rard Quevillon, pr\u00e9sident du R\u00e9gime social des ind\u00e9pendants :<\/strong> Je suis satisfait des conclusions de ces deux rapports qui convergent sur plusieurs points et notamment qui confirment la p\u00e9rennit\u00e9 et l&rsquo;autonomie du RSI. J&rsquo;appr\u00e9cie que leurs auteurs aient soulign\u00e9 les am\u00e9liorations apport\u00e9es par le RSI dans son organisation, son fonctionnement et sa communication aupr\u00e8s des assur\u00e9s.<\/p>\n<p>J&rsquo;en profite pour pr\u00e9ciser que, depuis le 1er septembre, la plateforme t\u00e9l\u00e9phonique, jusqu&rsquo;ici sous-trait\u00e9e et qui concentrait de nombreuses critiques de la part des affili\u00e9s, a \u00e9t\u00e9 r\u00e9-internalis\u00e9e comme nous nous y \u00e9tions engag\u00e9s. 80 salari\u00e9s du RSI form\u00e9s \u00e0 cette mission ont \u00e9t\u00e9 rattach\u00e9s \u00e0 la plateforme.<br \/>Les deux rapports ne sont pas favorables \u00e0 l&rsquo;id\u00e9e d&rsquo;une fusion du RSI avec le <strong>r\u00e9gime g\u00e9n\u00e9ral<\/strong> (<a href=\"https:\/\/www.toutsurmesfinances.com\/retraite\/cnav-la-retraite-de-base-des-salaries.html\" target=\"_blank\">le r\u00e9gime des salari\u00e9s du priv\u00e9<\/a>, NDLR) ou avec la <strong>MSA<\/strong> (<a href=\"https:\/\/www.toutsurmesfinances.com\/retraite\/msa-salaries-la-retraite-de-base-des-salaries-agricoles.html\" target=\"_blank\">le r\u00e9gime des salari\u00e9s et exploitants agricoles<\/a>, NDLR), comme \u00e9voqu\u00e9 \u00e0 un moment. Les pouvoirs publics eux-m\u00eames semblent s&rsquo;\u00eatre rang\u00e9s \u00e0 cet avis puisque le <strong>PLFSS<\/strong> (projet de loi de financement de la S\u00e9curit\u00e9 sociale, NDLR) pour 2016 ne pr\u00e9voit pas un tel sc\u00e9nario. Le RSI, issu de la fusion de trois r\u00e9gimes diff\u00e9rents (artisans, commer\u00e7ants et professions lib\u00e9rales, NDLR) s&rsquo;est av\u00e9r\u00e9e une op\u00e9ration importante et qui a d\u00e9bouch\u00e9 en 2008 avec la mise en place de l&rsquo;Interlocuteur social unique sur des dysfonctionnements.<\/p>\n<p>&nbsp;<\/p>\n<p><strong>Les deux rapports, comme le PLFSS 2016, reprennent votre proposition d&rsquo;homog\u00e9n\u00e9iser les assiettes de cotisation du RSI. Pouvez-vous nous expliquer la mesure ?<\/strong><br \/>Tout d&rsquo;abord, je tiens \u00e0 dire que je suis ravi que les pouvoirs publics aient repris notre proposition. Celle-ci r\u00e9sulte d&rsquo;une r\u00e9flexion entam\u00e9e d\u00e8s avril dernier avec les \u00e9lus du r\u00e9gime, notamment via des r\u00e9unions en r\u00e9gions, vot\u00e9e par le conseil d&rsquo;administration du RSI et transmise en juillet \u00e0 la DSS (direction de la S\u00e9curit\u00e9 sociale, NDLR) et aux minist\u00e8res des Affaires sociales et des Finances.<br \/>Notre id\u00e9e est de regrouper les cinq assiettes de cotisation existantes en une seule. L&rsquo;appel de cotisation sera ainsi plus lisible pour les affili\u00e9s. Les assur\u00e9s comprendront mieux ce qu&rsquo;ils payent et pourquoi ils payent. D\u00e9j\u00e0, les appels de cotisation stipulent d\u00e9sormais les cotisations sociales relevant de la solidarit\u00e9, comme la <strong>CSG<\/strong> ou la<strong> CRDS<\/strong>.<br \/>Concr\u00e8tement, au 1er janvier 2016 devrait \u00eatre instaur\u00e9e une seule assiette minimale de cotisation \u00e9quivalente \u00e0 11,5% du PASS (plafond annuel de la S\u00e9curit\u00e9 sociale, NDLR). Cette homog\u00e9n\u00e9isation va entra\u00eener une baisse des assiettes des cotisations maladie, indemnit\u00e9s journali\u00e8res et invalidit\u00e9-d\u00e9c\u00e8s et une hausse des assiettes des cotisations vieillesse. Les taux de cotisation demeurent, eux, inchang\u00e9s.<\/p>\n<p>L&rsquo;op\u00e9ration devrait, au final, ne rien changer pour les assur\u00e9s. En revanche, outre une plus grande simplicit\u00e9 et une meilleure compr\u00e9hension, ce syst\u00e8me va permettre aux artisans et aux commer\u00e7ants de valider au minimum <strong>trois trimestres de retraite<\/strong> par an au lieu de deux. Ce qui va, \u00e0 terme, am\u00e9liorer leur niveau de pension.<\/p>\n<p>&nbsp;<\/p>\n<p><strong>Cette derni\u00e8re mesure va-t-elle concerner les professions lib\u00e9rales ?<\/strong><br \/>Non, contrairement \u00e0 la maladie et aux allocations familiales, les retraites de base et compl\u00e9mentaires des professions lib\u00e9rales ne sont pas g\u00e9r\u00e9es par le RSI mais par chacune des dix caisses professionnelles. Il aurait \u00e9t\u00e9 trop compliqu\u00e9 d&rsquo;\u00e9tendre la mesure de validation de trois trimestres car chaque caisse dispose de ses propres r\u00e8gles.<\/p>\n<p>&nbsp;<\/p>\n<p><strong>Avec trois trimestres dans l&rsquo;ann\u00e9e, les artisans et commer\u00e7ants aux revenus modestes ne vont pas pouvoir valider une annuit\u00e9 compl\u00e8te&#8230;<\/strong><br \/>C&rsquo;est vrai et c&rsquo;est pourquoi nous proposons de p\u00e9renniser les rachats de trimestres \u00ab Quevillon \u00bb. Instaur\u00e9 en 2013 et 2014, ce m\u00e9canisme permettait aux artisans et commer\u00e7ants ayant valid\u00e9 moins de quatre trimestres dans l&rsquo;ann\u00e9e de pouvoir en racheter \u00e0 prix r\u00e9duit afin de disposer d&rsquo;annuit\u00e9s compl\u00e8tes. Le prix d&rsquo;un trimestre s&rsquo;\u00e9levait \u00e0 636 euros, contre 4.000 euros en moyenne pour un rachat \u00ab classique \u00bb.<br \/>Il y avait toutefois plusieurs conditions pour en b\u00e9n\u00e9ficier. Les assur\u00e9s devaient \u00eatre n\u00e9s avant le 1er janvier 1960, avoir \u00e9t\u00e9 affili\u00e9s au moins 15 ans au r\u00e9gime des artisans et\/ou au r\u00e9gime des commer\u00e7ants, \u00eatre \u00e0 jour de leurs cotisations et ne pas racheter plus de sept trimestres. Aux derni\u00e8res nouvelles, ce rachat pr\u00e9f\u00e9rentiel n&rsquo;\u00e9tait pas mentionn\u00e9 dans le PLFSS 2016. Nous le regrettons.<\/p>\n<p style=\"text-align: right;\"><em>Propos recueillis par Jean-Philippe Dubosc<\/em><\/p>\n<p style=\"text-align: right;\">&nbsp;<\/p>\n","protected":false},"excerpt":{"rendered":"<p>INTERVIEW \u2013 Le projet de Budget de la S\u00e9curit\u00e9 sociale pour 2016 pr\u00e9voit la mise en place d&rsquo;une seule assiette de cotisation minimale pour le R\u00e9gime social des ind\u00e9pendants (RSI). Cette mesure, \u00e9galement propos\u00e9e dans le rapport des d\u00e9put\u00e9s socialistes Fabienne Bulteau et Eric Verdier ainsi que dans celui de Monique Weber, est soutenue par le pr\u00e9sident du RSI G\u00e9rard Quevillon qui en est \u00e0 l&rsquo;origine. \u00a0  \u00a0<\/p>\n","protected":false},"author":13713,"featured_media":20932,"comment_status":"closed","ping_status":"closed","sticky":false,"template":"","format":"standard","meta":{"footnotes":""},"categories":[24],"tags":[],"class_list":["post-20933","post","type-post","status-publish","format-standard","has-post-thumbnail","hentry","category-cotisations-retraite"],"acf":[],"yoast_head":"<!-- This site is optimized with the Yoast SEO plugin v24.9 - https:\/\/yoast.com\/wordpress\/plugins\/seo\/ -->\n<title>RSI : \u00ab L&#039;assiette unique de cotisation va am\u00e9liorer la retraite des artisans et commer\u00e7ants \u00bb<\/title>\n<meta name=\"description\" content=\"Le projet de Budget de la S\u00e9curit\u00e9 sociale pour 2016 pr\u00e9voit la mise en place d&#039;une seule assiette de cotisation minimale pour le R\u00e9gime social des ind\u00e9pendants (RSI). Cette mesure, \u00e9galement propos\u00e9e dans le rapport des d\u00e9put\u00e9s socialistes Fabienne Bult\" \/>\n<meta name=\"robots\" content=\"index, follow, max-snippet:-1, max-image-preview:large, max-video-preview:-1\" \/>\n<link rel=\"canonical\" href=\"https:\/\/www.toutsurmesfinances.com\/retraite\/rsi-l-assiette-unique-de-cotisation-va-ameliorer-la-retraite-des-artisans-et-commercants.html\" \/>\n<meta property=\"og:locale\" content=\"fr_FR\" \/>\n<meta property=\"og:type\" content=\"article\" \/>\n<meta property=\"og:title\" content=\"RSI : \u00ab L&#039;assiette unique de cotisation va am\u00e9liorer la retraite des artisans et commer\u00e7ants \u00bb\" \/>\n<meta property=\"og:description\" content=\"Le projet de Budget de la S\u00e9curit\u00e9 sociale pour 2016 pr\u00e9voit la mise en place d&#039;une seule assiette de cotisation minimale pour le R\u00e9gime social des ind\u00e9pendants (RSI). Cette mesure, \u00e9galement propos\u00e9e dans le rapport des d\u00e9put\u00e9s socialistes Fabienne Bult\" \/>\n<meta property=\"og:url\" content=\"https:\/\/www.toutsurmesfinances.com\/retraite\/rsi-l-assiette-unique-de-cotisation-va-ameliorer-la-retraite-des-artisans-et-commercants.html\" \/>\n<meta property=\"og:site_name\" content=\"Retraite\" \/>\n<meta property=\"article:published_time\" content=\"2015-09-29T06:11:44+00:00\" \/>\n<meta property=\"article:modified_time\" content=\"2015-09-29T16:17:00+00:00\" \/>\n<meta property=\"og:image\" content=\"https:\/\/www.toutsurmesfinances.com\/retraite\/wp-content\/uploads\/sites\/4\/2015\/09\/Gerard-Quevillon-RSI.jpg\" \/>\n\t<meta property=\"og:image:width\" content=\"823\" \/>\n\t<meta property=\"og:image:height\" content=\"463\" \/>\n\t<meta property=\"og:image:type\" content=\"image\/jpeg\" \/>\n<meta name=\"author\" content=\"Jean-Philippe Dubosc\" \/>\n<meta name=\"twitter:card\" content=\"summary_large_image\" \/>\n<meta name=\"twitter:creator\" content=\"@Toutsur\" \/>\n<meta name=\"twitter:site\" content=\"@Toutsur\" \/>\n<meta name=\"twitter:label1\" content=\"\u00c9crit par\" \/>\n\t<meta name=\"twitter:data1\" content=\"Jean-Philippe Dubosc\" \/>\n\t<meta name=\"twitter:label2\" content=\"Dur\u00e9e de lecture estim\u00e9e\" \/>\n\t<meta name=\"twitter:data2\" content=\"4 minutes\" \/>\n<script type=\"application\/ld+json\" class=\"yoast-schema-graph\">{\"@context\":\"https:\/\/schema.org\",\"@graph\":[{\"@type\":\"Article\",\"@id\":\"https:\/\/www.toutsurmesfinances.com\/retraite\/rsi-l-assiette-unique-de-cotisation-va-ameliorer-la-retraite-des-artisans-et-commercants.html#article\",\"isPartOf\":{\"@id\":\"https:\/\/www.toutsurmesfinances.com\/retraite\/rsi-l-assiette-unique-de-cotisation-va-ameliorer-la-retraite-des-artisans-et-commercants.html\"},\"author\":{\"name\":\"Jean-Philippe Dubosc\",\"@id\":\"https:\/\/www.toutsurmesfinances.com\/retraite\/#\/schema\/person\/addc9e9b3978fa7947ead71bab57694c\"},\"headline\":\"RSI : \u00ab L&rsquo;assiette unique de cotisation va am\u00e9liorer la retraite des artisans et commer\u00e7ants \u00bb\",\"dateModified\":\"2015-09-29T16:17:00+00:00\",\"mainEntityOfPage\":{\"@id\":\"https:\/\/www.toutsurmesfinances.com\/retraite\/rsi-l-assiette-unique-de-cotisation-va-ameliorer-la-retraite-des-artisans-et-commercants.html\"},\"wordCount\":818,\"publisher\":{\"@id\":\"https:\/\/www.toutsurmesfinances.com\/retraite\/#organization\"},\"image\":{\"@id\":\"https:\/\/www.toutsurmesfinances.com\/retraite\/rsi-l-assiette-unique-de-cotisation-va-ameliorer-la-retraite-des-artisans-et-commercants.html#primaryimage\"},\"thumbnailUrl\":\"https:\/\/www.toutsurmesfinances.com\/retraite\/wp-content\/uploads\/sites\/4\/2015\/09\/Gerard-Quevillon-RSI.jpg\",\"articleSection\":[\"Cotisations retraite\"],\"inLanguage\":\"fr-FR\"},{\"@type\":\"WebPage\",\"@id\":\"https:\/\/www.toutsurmesfinances.com\/retraite\/rsi-l-assiette-unique-de-cotisation-va-ameliorer-la-retraite-des-artisans-et-commercants.html\",\"url\":\"https:\/\/www.toutsurmesfinances.com\/retraite\/rsi-l-assiette-unique-de-cotisation-va-ameliorer-la-retraite-des-artisans-et-commercants.html\",\"name\":\"RSI : \u00ab L'assiette unique de cotisation va am\u00e9liorer la retraite des artisans et commer\u00e7ants \u00bb\",\"isPartOf\":{\"@id\":\"https:\/\/www.toutsurmesfinances.com\/retraite\/#website\"},\"primaryImageOfPage\":{\"@id\":\"https:\/\/www.toutsurmesfinances.com\/retraite\/rsi-l-assiette-unique-de-cotisation-va-ameliorer-la-retraite-des-artisans-et-commercants.html#primaryimage\"},\"image\":{\"@id\":\"https:\/\/www.toutsurmesfinances.com\/retraite\/rsi-l-assiette-unique-de-cotisation-va-ameliorer-la-retraite-des-artisans-et-commercants.html#primaryimage\"},\"thumbnailUrl\":\"https:\/\/www.toutsurmesfinances.com\/retraite\/wp-content\/uploads\/sites\/4\/2015\/09\/Gerard-Quevillon-RSI.jpg\",\"dateModified\":\"2015-09-29T16:17:00+00:00\",\"description\":\"Le projet de Budget de la S\u00e9curit\u00e9 sociale pour 2016 pr\u00e9voit la mise en place d'une seule assiette de cotisation minimale pour le R\u00e9gime social des ind\u00e9pendants (RSI). Cette mesure, \u00e9galement propos\u00e9e dans le rapport des d\u00e9put\u00e9s socialistes Fabienne Bult\",\"breadcrumb\":{\"@id\":\"https:\/\/www.toutsurmesfinances.com\/retraite\/rsi-l-assiette-unique-de-cotisation-va-ameliorer-la-retraite-des-artisans-et-commercants.html#breadcrumb\"},\"inLanguage\":\"fr-FR\",\"potentialAction\":[{\"@type\":\"ReadAction\",\"target\":[\"https:\/\/www.toutsurmesfinances.com\/retraite\/rsi-l-assiette-unique-de-cotisation-va-ameliorer-la-retraite-des-artisans-et-commercants.html\"]}]},{\"@type\":\"ImageObject\",\"inLanguage\":\"fr-FR\",\"@id\":\"https:\/\/www.toutsurmesfinances.com\/retraite\/rsi-l-assiette-unique-de-cotisation-va-ameliorer-la-retraite-des-artisans-et-commercants.html#primaryimage\",\"url\":\"https:\/\/www.toutsurmesfinances.com\/retraite\/wp-content\/uploads\/sites\/4\/2015\/09\/Gerard-Quevillon-RSI.jpg\",\"contentUrl\":\"https:\/\/www.toutsurmesfinances.com\/retraite\/wp-content\/uploads\/sites\/4\/2015\/09\/Gerard-Quevillon-RSI.jpg\",\"width\":823,\"height\":463,\"caption\":\"G\u00e9rard Quevillon, pr\u00e9sident du R\u00e9gime social des ind\u00e9pendants\"},{\"@type\":\"BreadcrumbList\",\"@id\":\"https:\/\/www.toutsurmesfinances.com\/retraite\/rsi-l-assiette-unique-de-cotisation-va-ameliorer-la-retraite-des-artisans-et-commercants.html#breadcrumb\",\"itemListElement\":[{\"@type\":\"ListItem\",\"position\":1,\"name\":\"Accueil\",\"item\":\"https:\/\/www.toutsurmesfinances.com\/retraite\/\"},{\"@type\":\"ListItem\",\"position\":2,\"name\":\"Droits\",\"item\":\"https:\/\/www.toutsurmesfinances.com\/retraite\/c\/droits\"},{\"@type\":\"ListItem\",\"position\":3,\"name\":\"Cotisations retraite\",\"item\":\"https:\/\/www.toutsurmesfinances.com\/retraite\/c\/cotisations-retraite\"},{\"@type\":\"ListItem\",\"position\":4,\"name\":\"RSI : \u00ab L&rsquo;assiette unique de cotisation va am\u00e9liorer la retraite des artisans et commer\u00e7ants \u00bb\"}]},{\"@type\":\"WebSite\",\"@id\":\"https:\/\/www.toutsurmesfinances.com\/retraite\/#website\",\"url\":\"https:\/\/www.toutsurmesfinances.com\/retraite\/\",\"name\":\"Retraite\",\"description\":\"\",\"publisher\":{\"@id\":\"https:\/\/www.toutsurmesfinances.com\/retraite\/#organization\"},\"potentialAction\":[{\"@type\":\"SearchAction\",\"target\":{\"@type\":\"EntryPoint\",\"urlTemplate\":\"https:\/\/www.toutsurmesfinances.com\/retraite\/?s={search_term_string}\"},\"query-input\":{\"@type\":\"PropertyValueSpecification\",\"valueRequired\":true,\"valueName\":\"search_term_string\"}}],\"inLanguage\":\"fr-FR\"},{\"@type\":\"Organization\",\"@id\":\"https:\/\/www.toutsurmesfinances.com\/retraite\/#organization\",\"name\":\"Tout Sur Mes Finances\",\"url\":\"https:\/\/www.toutsurmesfinances.com\/retraite\/\",\"logo\":{\"@type\":\"ImageObject\",\"inLanguage\":\"fr-FR\",\"@id\":\"https:\/\/www.toutsurmesfinances.com\/retraite\/#\/schema\/logo\/image\/\",\"url\":\"https:\/\/www.toutsurmesfinances.com\/retraite\/wp-content\/uploads\/sites\/4\/2021\/01\/favicon.png\",\"contentUrl\":\"https:\/\/www.toutsurmesfinances.com\/retraite\/wp-content\/uploads\/sites\/4\/2021\/01\/favicon.png\",\"width\":512,\"height\":512,\"caption\":\"Tout Sur Mes Finances\"},\"image\":{\"@id\":\"https:\/\/www.toutsurmesfinances.com\/retraite\/#\/schema\/logo\/image\/\"},\"sameAs\":[\"https:\/\/x.com\/Toutsur\"]},{\"@type\":\"Person\",\"@id\":\"https:\/\/www.toutsurmesfinances.com\/retraite\/#\/schema\/person\/addc9e9b3978fa7947ead71bab57694c\",\"name\":\"Jean-Philippe Dubosc\",\"image\":{\"@type\":\"ImageObject\",\"inLanguage\":\"fr-FR\",\"@id\":\"https:\/\/www.toutsurmesfinances.com\/retraite\/#\/schema\/person\/image\/\",\"url\":\"https:\/\/secure.gravatar.com\/avatar\/a3cba30cdda1afe79f6ebffc6e952291?s=96&d=mm&r=g\",\"contentUrl\":\"https:\/\/secure.gravatar.com\/avatar\/a3cba30cdda1afe79f6ebffc6e952291?s=96&d=mm&r=g\",\"caption\":\"Jean-Philippe Dubosc\"},\"description\":\"Jean-Philippe Dubosc est r\u00e9dacteur en chef de ToutSurMesFinances.com et sp\u00e9cialiste des questions de retraite obligatoire et d\u2019\u00e9pargne. Pr\u00e9sent au sein du m\u00e9dia depuis plus de 13 ans, il analyse les r\u00e9formes, les dispositifs r\u00e9glementaires et les strat\u00e9gies de d\u00e9part \u00e0 la retraite, avec une approche fond\u00e9e sur une lecture rigoureuse des textes et une connaissance approfondie des diff\u00e9rents r\u00e9gimes de retraite.\",\"sameAs\":[\"https:\/\/www.toutsurmesfinances.com\/author\/jpdubosc\",\"https:\/\/fr.linkedin.com\/in\/jpdubosc\"]}]}<\/script>\n<!-- \/ Yoast SEO plugin. -->","yoast_head_json":{"title":"RSI : \u00ab L'assiette unique de cotisation va am\u00e9liorer la retraite des artisans et commer\u00e7ants \u00bb","description":"Le projet de Budget de la S\u00e9curit\u00e9 sociale pour 2016 pr\u00e9voit la mise en place d'une seule assiette de cotisation minimale pour le R\u00e9gime social des ind\u00e9pendants (RSI). Cette mesure, \u00e9galement propos\u00e9e dans le rapport des d\u00e9put\u00e9s socialistes Fabienne Bult","robots":{"index":"index","follow":"follow","max-snippet":"max-snippet:-1","max-image-preview":"max-image-preview:large","max-video-preview":"max-video-preview:-1"},"canonical":"https:\/\/www.toutsurmesfinances.com\/retraite\/rsi-l-assiette-unique-de-cotisation-va-ameliorer-la-retraite-des-artisans-et-commercants.html","og_locale":"fr_FR","og_type":"article","og_title":"RSI : \u00ab L'assiette unique de cotisation va am\u00e9liorer la retraite des artisans et commer\u00e7ants \u00bb","og_description":"Le projet de Budget de la S\u00e9curit\u00e9 sociale pour 2016 pr\u00e9voit la mise en place d'une seule assiette de cotisation minimale pour le R\u00e9gime social des ind\u00e9pendants (RSI). Cette mesure, \u00e9galement propos\u00e9e dans le rapport des d\u00e9put\u00e9s socialistes Fabienne Bult","og_url":"https:\/\/www.toutsurmesfinances.com\/retraite\/rsi-l-assiette-unique-de-cotisation-va-ameliorer-la-retraite-des-artisans-et-commercants.html","og_site_name":"Retraite","article_published_time":"2015-09-29T06:11:44+00:00","article_modified_time":"2015-09-29T16:17:00+00:00","og_image":[{"width":823,"height":463,"url":"https:\/\/www.toutsurmesfinances.com\/retraite\/wp-content\/uploads\/sites\/4\/2015\/09\/Gerard-Quevillon-RSI.jpg","type":"image\/jpeg"}],"author":"Jean-Philippe Dubosc","twitter_card":"summary_large_image","twitter_creator":"@Toutsur","twitter_site":"@Toutsur","twitter_misc":{"\u00c9crit par":"Jean-Philippe Dubosc","Dur\u00e9e de lecture estim\u00e9e":"4 minutes"},"schema":{"@context":"https:\/\/schema.org","@graph":[{"@type":"Article","@id":"https:\/\/www.toutsurmesfinances.com\/retraite\/rsi-l-assiette-unique-de-cotisation-va-ameliorer-la-retraite-des-artisans-et-commercants.html#article","isPartOf":{"@id":"https:\/\/www.toutsurmesfinances.com\/retraite\/rsi-l-assiette-unique-de-cotisation-va-ameliorer-la-retraite-des-artisans-et-commercants.html"},"author":{"name":"Jean-Philippe Dubosc","@id":"https:\/\/www.toutsurmesfinances.com\/retraite\/#\/schema\/person\/addc9e9b3978fa7947ead71bab57694c"},"headline":"RSI : \u00ab L&rsquo;assiette unique de cotisation va am\u00e9liorer la retraite des artisans et commer\u00e7ants \u00bb","dateModified":"2015-09-29T16:17:00+00:00","mainEntityOfPage":{"@id":"https:\/\/www.toutsurmesfinances.com\/retraite\/rsi-l-assiette-unique-de-cotisation-va-ameliorer-la-retraite-des-artisans-et-commercants.html"},"wordCount":818,"publisher":{"@id":"https:\/\/www.toutsurmesfinances.com\/retraite\/#organization"},"image":{"@id":"https:\/\/www.toutsurmesfinances.com\/retraite\/rsi-l-assiette-unique-de-cotisation-va-ameliorer-la-retraite-des-artisans-et-commercants.html#primaryimage"},"thumbnailUrl":"https:\/\/www.toutsurmesfinances.com\/retraite\/wp-content\/uploads\/sites\/4\/2015\/09\/Gerard-Quevillon-RSI.jpg","articleSection":["Cotisations retraite"],"inLanguage":"fr-FR"},{"@type":"WebPage","@id":"https:\/\/www.toutsurmesfinances.com\/retraite\/rsi-l-assiette-unique-de-cotisation-va-ameliorer-la-retraite-des-artisans-et-commercants.html","url":"https:\/\/www.toutsurmesfinances.com\/retraite\/rsi-l-assiette-unique-de-cotisation-va-ameliorer-la-retraite-des-artisans-et-commercants.html","name":"RSI : \u00ab L'assiette unique de cotisation va am\u00e9liorer la retraite des artisans et commer\u00e7ants \u00bb","isPartOf":{"@id":"https:\/\/www.toutsurmesfinances.com\/retraite\/#website"},"primaryImageOfPage":{"@id":"https:\/\/www.toutsurmesfinances.com\/retraite\/rsi-l-assiette-unique-de-cotisation-va-ameliorer-la-retraite-des-artisans-et-commercants.html#primaryimage"},"image":{"@id":"https:\/\/www.toutsurmesfinances.com\/retraite\/rsi-l-assiette-unique-de-cotisation-va-ameliorer-la-retraite-des-artisans-et-commercants.html#primaryimage"},"thumbnailUrl":"https:\/\/www.toutsurmesfinances.com\/retraite\/wp-content\/uploads\/sites\/4\/2015\/09\/Gerard-Quevillon-RSI.jpg","dateModified":"2015-09-29T16:17:00+00:00","description":"Le projet de Budget de la S\u00e9curit\u00e9 sociale pour 2016 pr\u00e9voit la mise en place d'une seule assiette de cotisation minimale pour le R\u00e9gime social des ind\u00e9pendants (RSI). Cette mesure, \u00e9galement propos\u00e9e dans le rapport des d\u00e9put\u00e9s socialistes Fabienne Bult","breadcrumb":{"@id":"https:\/\/www.toutsurmesfinances.com\/retraite\/rsi-l-assiette-unique-de-cotisation-va-ameliorer-la-retraite-des-artisans-et-commercants.html#breadcrumb"},"inLanguage":"fr-FR","potentialAction":[{"@type":"ReadAction","target":["https:\/\/www.toutsurmesfinances.com\/retraite\/rsi-l-assiette-unique-de-cotisation-va-ameliorer-la-retraite-des-artisans-et-commercants.html"]}]},{"@type":"ImageObject","inLanguage":"fr-FR","@id":"https:\/\/www.toutsurmesfinances.com\/retraite\/rsi-l-assiette-unique-de-cotisation-va-ameliorer-la-retraite-des-artisans-et-commercants.html#primaryimage","url":"https:\/\/www.toutsurmesfinances.com\/retraite\/wp-content\/uploads\/sites\/4\/2015\/09\/Gerard-Quevillon-RSI.jpg","contentUrl":"https:\/\/www.toutsurmesfinances.com\/retraite\/wp-content\/uploads\/sites\/4\/2015\/09\/Gerard-Quevillon-RSI.jpg","width":823,"height":463,"caption":"G\u00e9rard Quevillon, pr\u00e9sident du R\u00e9gime social des ind\u00e9pendants"},{"@type":"BreadcrumbList","@id":"https:\/\/www.toutsurmesfinances.com\/retraite\/rsi-l-assiette-unique-de-cotisation-va-ameliorer-la-retraite-des-artisans-et-commercants.html#breadcrumb","itemListElement":[{"@type":"ListItem","position":1,"name":"Accueil","item":"https:\/\/www.toutsurmesfinances.com\/retraite\/"},{"@type":"ListItem","position":2,"name":"Droits","item":"https:\/\/www.toutsurmesfinances.com\/retraite\/c\/droits"},{"@type":"ListItem","position":3,"name":"Cotisations retraite","item":"https:\/\/www.toutsurmesfinances.com\/retraite\/c\/cotisations-retraite"},{"@type":"ListItem","position":4,"name":"RSI : \u00ab L&rsquo;assiette unique de cotisation va am\u00e9liorer la retraite des artisans et commer\u00e7ants \u00bb"}]},{"@type":"WebSite","@id":"https:\/\/www.toutsurmesfinances.com\/retraite\/#website","url":"https:\/\/www.toutsurmesfinances.com\/retraite\/","name":"Retraite","description":"","publisher":{"@id":"https:\/\/www.toutsurmesfinances.com\/retraite\/#organization"},"potentialAction":[{"@type":"SearchAction","target":{"@type":"EntryPoint","urlTemplate":"https:\/\/www.toutsurmesfinances.com\/retraite\/?s={search_term_string}"},"query-input":{"@type":"PropertyValueSpecification","valueRequired":true,"valueName":"search_term_string"}}],"inLanguage":"fr-FR"},{"@type":"Organization","@id":"https:\/\/www.toutsurmesfinances.com\/retraite\/#organization","name":"Tout Sur Mes Finances","url":"https:\/\/www.toutsurmesfinances.com\/retraite\/","logo":{"@type":"ImageObject","inLanguage":"fr-FR","@id":"https:\/\/www.toutsurmesfinances.com\/retraite\/#\/schema\/logo\/image\/","url":"https:\/\/www.toutsurmesfinances.com\/retraite\/wp-content\/uploads\/sites\/4\/2021\/01\/favicon.png","contentUrl":"https:\/\/www.toutsurmesfinances.com\/retraite\/wp-content\/uploads\/sites\/4\/2021\/01\/favicon.png","width":512,"height":512,"caption":"Tout Sur Mes Finances"},"image":{"@id":"https:\/\/www.toutsurmesfinances.com\/retraite\/#\/schema\/logo\/image\/"},"sameAs":["https:\/\/x.com\/Toutsur"]},{"@type":"Person","@id":"https:\/\/www.toutsurmesfinances.com\/retraite\/#\/schema\/person\/addc9e9b3978fa7947ead71bab57694c","name":"Jean-Philippe Dubosc","image":{"@type":"ImageObject","inLanguage":"fr-FR","@id":"https:\/\/www.toutsurmesfinances.com\/retraite\/#\/schema\/person\/image\/","url":"https:\/\/secure.gravatar.com\/avatar\/a3cba30cdda1afe79f6ebffc6e952291?s=96&d=mm&r=g","contentUrl":"https:\/\/secure.gravatar.com\/avatar\/a3cba30cdda1afe79f6ebffc6e952291?s=96&d=mm&r=g","caption":"Jean-Philippe Dubosc"},"description":"Jean-Philippe Dubosc est r\u00e9dacteur en chef de ToutSurMesFinances.com et sp\u00e9cialiste des questions de retraite obligatoire et d\u2019\u00e9pargne. Pr\u00e9sent au sein du m\u00e9dia depuis plus de 13 ans, il analyse les r\u00e9formes, les dispositifs r\u00e9glementaires et les strat\u00e9gies de d\u00e9part \u00e0 la retraite, avec une approche fond\u00e9e sur une lecture rigoureuse des textes et une connaissance approfondie des diff\u00e9rents r\u00e9gimes de retraite.","sameAs":["https:\/\/www.toutsurmesfinances.com\/author\/jpdubosc","https:\/\/fr.linkedin.com\/in\/jpdubosc"]}]}},"_links":{"self":[{"href":"https:\/\/www.toutsurmesfinances.com\/retraite\/wp-json\/wp\/v2\/posts\/20933","targetHints":{"allow":["GET"]}}],"collection":[{"href":"https:\/\/www.toutsurmesfinances.com\/retraite\/wp-json\/wp\/v2\/posts"}],"about":[{"href":"https:\/\/www.toutsurmesfinances.com\/retraite\/wp-json\/wp\/v2\/types\/post"}],"author":[{"embeddable":true,"href":"https:\/\/www.toutsurmesfinances.com\/retraite\/wp-json\/wp\/v2\/users\/13713"}],"replies":[{"embeddable":true,"href":"https:\/\/www.toutsurmesfinances.com\/retraite\/wp-json\/wp\/v2\/comments?post=20933"}],"version-history":[{"count":1,"href":"https:\/\/www.toutsurmesfinances.com\/retraite\/wp-json\/wp\/v2\/posts\/20933\/revisions"}],"predecessor-version":[{"id":24580,"href":"https:\/\/www.toutsurmesfinances.com\/retraite\/wp-json\/wp\/v2\/posts\/20933\/revisions\/24580"}],"wp:featuredmedia":[{"embeddable":true,"href":"https:\/\/www.toutsurmesfinances.com\/retraite\/wp-json\/wp\/v2\/media\/20932"}],"wp:attachment":[{"href":"https:\/\/www.toutsurmesfinances.com\/retraite\/wp-json\/wp\/v2\/media?parent=20933"}],"wp:term":[{"taxonomy":"category","embeddable":true,"href":"https:\/\/www.toutsurmesfinances.com\/retraite\/wp-json\/wp\/v2\/categories?post=20933"},{"taxonomy":"post_tag","embeddable":true,"href":"https:\/\/www.toutsurmesfinances.com\/retraite\/wp-json\/wp\/v2\/tags?post=20933"}],"curies":[{"name":"wp","href":"https:\/\/api.w.org\/{rel}","templated":true}]}}