{"id":20957,"date":"2015-10-08T08:10:26","date_gmt":"2015-10-08T06:10:26","guid":{"rendered":"https:\/\/www.toutsurmesfinances.com\/retraite\/formation-professionnelle-des-trimestres-de-retraite-pour-les-chomeurs-en-fin-de-droit.html"},"modified":"2021-12-08T14:06:15","modified_gmt":"2021-12-08T13:06:15","slug":"formation-professionnelle-des-trimestres-de-retraite-pour-les-chomeurs-en-fin-de-droit","status":"publish","type":"post","link":"https:\/\/www.toutsurmesfinances.com\/retraite\/formation-professionnelle-des-trimestres-de-retraite-pour-les-chomeurs-en-fin-de-droit.html","title":{"rendered":"Formation professionnelle : des trimestres de retraite pour les ch\u00f4meurs en fin de droit"},"content":{"rendered":"<section class=\"l-section wpb_row height_small\"><div class=\"l-section-h i-cf\"><div class=\"g-cols vc_row via_flex valign_top type_default stacking_default\"><div class=\"vc_col-sm-12 wpb_column vc_column_container\"><div class=\"vc_column-inner\"><div class=\"wpb_wrapper\"><div class=\"wpb_text_column\"><div class=\"wpb_wrapper\"><p>Les ch\u00f4meurs en fin de droits qui suivent une formation professionnelle vont pouvoir valider des trimestres de retraite. Un d\u00e9cret paru le 8 octobre 2015 au<em> Journal Officiel<\/em> instaure l&rsquo;attribution de trimestres \u00ab gratuits \u00bb pour les stagiaires les plus pr\u00e9caires, dont au premier rang les demandeurs d&#8217;emploi ne percevant plus d&rsquo;allocation ch\u00f4mage. Jusqu&rsquo;ici, les ch\u00f4meurs non indemnis\u00e9s, mais aussi certains travailleurs handicap\u00e9s et apprentis, ne cotisaient pas \u00e0 la retraite lorsqu&rsquo;ils effectuaient un stage de formation professionnelle.<\/p>\n<p>D\u00e9sormais, 50 jours de formation donnent droit \u00e0 1 trimestre de cotisation financ\u00e9 par la solidarit\u00e9 nationale, via le Fonds de solidarit\u00e9 vieillesse (<strong>FSV<\/strong>) qui g\u00e8re notamment le <strong>minimum vieillesse<\/strong>. Cette mesure, pr\u00e9vue dans la derni\u00e8re r\u00e9forme des retraites, entre r\u00e9troactivement en vigueur \u00e0 compter du 1er janvier 2015. Selon le minist\u00e8re des Affaires sociales, elle est susceptible de concerner environ 300.000 personnes chaque ann\u00e9e.<\/p>\n<h2>Incitation \u00e0 la formation<\/h2>\n<p><em>\u00ab Jusqu&rsquo;\u00e0 pr\u00e9sent, les travailleurs pr\u00e9caires qui d\u00e9cidaient de suivre une formation professionnelle ne validaient aucun trimestre de retraite. Aujourd&rsquo;hui, nous corrigeons cette injustice et nous levons un frein important \u00e0 la formation professionnelle, levier d\u00e9cisif pour se r\u00e9ins\u00e9rer dans l&#8217;emploi \u00bb,<\/em> a d\u00e9clar\u00e9 la ministre des Affaires sociales <strong>Marisol Touraine<\/strong> dans un communiqu\u00e9 diffus\u00e9 le 8 octobre.<\/p>\n<p>A noter : le projet de loi de financement de la S\u00e9curit\u00e9 sociale (<strong>PLFSS<\/strong>) pour 2016, qui a \u00e9t\u00e9 pr\u00e9sent\u00e9 le 7 octobre en Conseil des ministres, pr\u00e9voit la validation de trimestres de retraite pour les affili\u00e9s \u00e0 l&rsquo;Etablissement national des invalides de la marine (<strong>Enim<\/strong>) b\u00e9n\u00e9ficiant, au ch\u00f4mage,<a href=\"https:\/\/www.toutsurmesfinances.com\/retraite\/le-chomage-mieux-pris-en-compte-dans-la-retraite-des-marins.html\" target=\"_blank\" rel=\"noopener noreferrer\"> d&rsquo;un revenu de remplacement ou d&rsquo;une allocation<\/a>. Concr\u00e8tement, il s&rsquo;agit des marins ch\u00f4meurs en contrat de s\u00e9curisation professionnelle (<strong>CSP<\/strong>) ou en contrat de transition professionnelle (<strong>CTP<\/strong>).<\/p>\n<\/div><\/div><\/div><\/div><\/div><\/div><\/div><\/section>\n","protected":false},"excerpt":{"rendered":"<p>Un d\u00e9cret publi\u00e9 le 8 octobre 2015 instaure des trimestres de cotisation vieillesse \u00ab gratuits \u00bb pour les travailleurs les plus pr\u00e9caires, dont les demandeurs d&#8217;emploi ne percevant plus d&rsquo;allocation ch\u00f4mage. Une mesure dite \u00ab de justice \u00bb pr\u00e9vue dans la derni\u00e8re r\u00e9forme des retraites. \u00a0  \u00a0<\/p>\n","protected":false},"author":13713,"featured_media":20956,"comment_status":"closed","ping_status":"closed","sticky":false,"template":"","format":"standard","meta":{"footnotes":""},"categories":[30],"tags":[],"class_list":["post-20957","post","type-post","status-publish","format-standard","has-post-thumbnail","hentry","category-duree-d-assurance"],"acf":[],"yoast_head":"<!-- This site is optimized with the Yoast SEO plugin v24.9 - https:\/\/yoast.com\/wordpress\/plugins\/seo\/ -->\n<title>Formation professionnelle : des trimestres de retraite pour les ch\u00f4meurs en fin de droit<\/title>\n<meta name=\"description\" content=\"Un d\u00e9cret publi\u00e9 le 8 octobre 2015 instaure des trimestres de cotisation vieillesse \u00ab gratuits \u00bb pour les travailleurs les plus pr\u00e9caires, dont les demandeurs d&#039;emploi ne percevant plus d&#039;allocation ch\u00f4mage. Une mesure dite \u00ab de justice \u00bb pr\u00e9vue dans la\" \/>\n<meta name=\"robots\" content=\"index, follow, max-snippet:-1, max-image-preview:large, max-video-preview:-1\" \/>\n<link rel=\"canonical\" href=\"https:\/\/www.toutsurmesfinances.com\/retraite\/formation-professionnelle-des-trimestres-de-retraite-pour-les-chomeurs-en-fin-de-droit.html\" \/>\n<meta property=\"og:locale\" content=\"fr_FR\" \/>\n<meta property=\"og:type\" content=\"article\" \/>\n<meta property=\"og:title\" content=\"Formation professionnelle : des trimestres de retraite pour les ch\u00f4meurs en fin de droit\" \/>\n<meta property=\"og:description\" content=\"Un d\u00e9cret publi\u00e9 le 8 octobre 2015 instaure des trimestres de cotisation vieillesse \u00ab gratuits \u00bb pour les travailleurs les plus pr\u00e9caires, dont les demandeurs d&#039;emploi ne percevant plus d&#039;allocation ch\u00f4mage. Une mesure dite \u00ab de justice \u00bb pr\u00e9vue dans la\" \/>\n<meta property=\"og:url\" content=\"https:\/\/www.toutsurmesfinances.com\/retraite\/formation-professionnelle-des-trimestres-de-retraite-pour-les-chomeurs-en-fin-de-droit.html\" \/>\n<meta property=\"og:site_name\" content=\"Retraite\" \/>\n<meta property=\"article:published_time\" content=\"2015-10-08T06:10:26+00:00\" \/>\n<meta property=\"article:modified_time\" content=\"2021-12-08T13:06:15+00:00\" \/>\n<meta property=\"og:image\" content=\"https:\/\/www.toutsurmesfinances.com\/retraite\/wp-content\/uploads\/sites\/4\/2015\/10\/jeunes-actifs.jpg\" \/>\n\t<meta property=\"og:image:width\" content=\"823\" \/>\n\t<meta property=\"og:image:height\" content=\"463\" \/>\n\t<meta property=\"og:image:type\" content=\"image\/jpeg\" \/>\n<meta name=\"author\" content=\"Jean-Philippe Dubosc\" \/>\n<meta name=\"twitter:card\" content=\"summary_large_image\" \/>\n<meta name=\"twitter:creator\" content=\"@Toutsur\" \/>\n<meta name=\"twitter:site\" content=\"@Toutsur\" \/>\n<meta name=\"twitter:label1\" content=\"\u00c9crit par\" \/>\n\t<meta name=\"twitter:data1\" content=\"Jean-Philippe Dubosc\" \/>\n\t<meta name=\"twitter:label2\" content=\"Dur\u00e9e de lecture estim\u00e9e\" \/>\n\t<meta name=\"twitter:data2\" content=\"2 minutes\" \/>\n<script type=\"application\/ld+json\" class=\"yoast-schema-graph\">{\"@context\":\"https:\/\/schema.org\",\"@graph\":[{\"@type\":\"Article\",\"@id\":\"https:\/\/www.toutsurmesfinances.com\/retraite\/formation-professionnelle-des-trimestres-de-retraite-pour-les-chomeurs-en-fin-de-droit.html#article\",\"isPartOf\":{\"@id\":\"https:\/\/www.toutsurmesfinances.com\/retraite\/formation-professionnelle-des-trimestres-de-retraite-pour-les-chomeurs-en-fin-de-droit.html\"},\"author\":{\"name\":\"Jean-Philippe Dubosc\",\"@id\":\"https:\/\/www.toutsurmesfinances.com\/retraite\/#\/schema\/person\/addc9e9b3978fa7947ead71bab57694c\"},\"headline\":\"Formation professionnelle : des trimestres de retraite pour les ch\u00f4meurs en fin de droit\",\"dateModified\":\"2021-12-08T13:06:15+00:00\",\"mainEntityOfPage\":{\"@id\":\"https:\/\/www.toutsurmesfinances.com\/retraite\/formation-professionnelle-des-trimestres-de-retraite-pour-les-chomeurs-en-fin-de-droit.html\"},\"wordCount\":331,\"publisher\":{\"@id\":\"https:\/\/www.toutsurmesfinances.com\/retraite\/#organization\"},\"image\":{\"@id\":\"https:\/\/www.toutsurmesfinances.com\/retraite\/formation-professionnelle-des-trimestres-de-retraite-pour-les-chomeurs-en-fin-de-droit.html#primaryimage\"},\"thumbnailUrl\":\"https:\/\/www.toutsurmesfinances.com\/retraite\/wp-content\/uploads\/sites\/4\/2015\/10\/jeunes-actifs.jpg\",\"articleSection\":[\"Dur\u00e9e d'assurance\"],\"inLanguage\":\"fr-FR\"},{\"@type\":\"WebPage\",\"@id\":\"https:\/\/www.toutsurmesfinances.com\/retraite\/formation-professionnelle-des-trimestres-de-retraite-pour-les-chomeurs-en-fin-de-droit.html\",\"url\":\"https:\/\/www.toutsurmesfinances.com\/retraite\/formation-professionnelle-des-trimestres-de-retraite-pour-les-chomeurs-en-fin-de-droit.html\",\"name\":\"Formation professionnelle : des trimestres de retraite pour les ch\u00f4meurs en fin de droit\",\"isPartOf\":{\"@id\":\"https:\/\/www.toutsurmesfinances.com\/retraite\/#website\"},\"primaryImageOfPage\":{\"@id\":\"https:\/\/www.toutsurmesfinances.com\/retraite\/formation-professionnelle-des-trimestres-de-retraite-pour-les-chomeurs-en-fin-de-droit.html#primaryimage\"},\"image\":{\"@id\":\"https:\/\/www.toutsurmesfinances.com\/retraite\/formation-professionnelle-des-trimestres-de-retraite-pour-les-chomeurs-en-fin-de-droit.html#primaryimage\"},\"thumbnailUrl\":\"https:\/\/www.toutsurmesfinances.com\/retraite\/wp-content\/uploads\/sites\/4\/2015\/10\/jeunes-actifs.jpg\",\"dateModified\":\"2021-12-08T13:06:15+00:00\",\"description\":\"Un d\u00e9cret publi\u00e9 le 8 octobre 2015 instaure des trimestres de cotisation vieillesse \u00ab gratuits \u00bb pour les travailleurs les plus pr\u00e9caires, dont les demandeurs d'emploi ne percevant plus d'allocation ch\u00f4mage. Une mesure dite \u00ab de justice \u00bb pr\u00e9vue dans la\",\"breadcrumb\":{\"@id\":\"https:\/\/www.toutsurmesfinances.com\/retraite\/formation-professionnelle-des-trimestres-de-retraite-pour-les-chomeurs-en-fin-de-droit.html#breadcrumb\"},\"inLanguage\":\"fr-FR\",\"potentialAction\":[{\"@type\":\"ReadAction\",\"target\":[\"https:\/\/www.toutsurmesfinances.com\/retraite\/formation-professionnelle-des-trimestres-de-retraite-pour-les-chomeurs-en-fin-de-droit.html\"]}]},{\"@type\":\"ImageObject\",\"inLanguage\":\"fr-FR\",\"@id\":\"https:\/\/www.toutsurmesfinances.com\/retraite\/formation-professionnelle-des-trimestres-de-retraite-pour-les-chomeurs-en-fin-de-droit.html#primaryimage\",\"url\":\"https:\/\/www.toutsurmesfinances.com\/retraite\/wp-content\/uploads\/sites\/4\/2015\/10\/jeunes-actifs.jpg\",\"contentUrl\":\"https:\/\/www.toutsurmesfinances.com\/retraite\/wp-content\/uploads\/sites\/4\/2015\/10\/jeunes-actifs.jpg\",\"width\":823,\"height\":463,\"caption\":\"50 jours de formation professionnelle donne droit depuis le 1er janvier 2015 \u00e0 1 trimestre de retraite\"},{\"@type\":\"BreadcrumbList\",\"@id\":\"https:\/\/www.toutsurmesfinances.com\/retraite\/formation-professionnelle-des-trimestres-de-retraite-pour-les-chomeurs-en-fin-de-droit.html#breadcrumb\",\"itemListElement\":[{\"@type\":\"ListItem\",\"position\":1,\"name\":\"Accueil\",\"item\":\"https:\/\/www.toutsurmesfinances.com\/retraite\/\"},{\"@type\":\"ListItem\",\"position\":2,\"name\":\"Droits\",\"item\":\"https:\/\/www.toutsurmesfinances.com\/retraite\/c\/droits\"},{\"@type\":\"ListItem\",\"position\":3,\"name\":\"Dur\u00e9e d'assurance\",\"item\":\"https:\/\/www.toutsurmesfinances.com\/retraite\/c\/duree-d-assurance\"},{\"@type\":\"ListItem\",\"position\":4,\"name\":\"Formation professionnelle : des trimestres de retraite pour les ch\u00f4meurs en fin de droit\"}]},{\"@type\":\"WebSite\",\"@id\":\"https:\/\/www.toutsurmesfinances.com\/retraite\/#website\",\"url\":\"https:\/\/www.toutsurmesfinances.com\/retraite\/\",\"name\":\"Retraite\",\"description\":\"\",\"publisher\":{\"@id\":\"https:\/\/www.toutsurmesfinances.com\/retraite\/#organization\"},\"potentialAction\":[{\"@type\":\"SearchAction\",\"target\":{\"@type\":\"EntryPoint\",\"urlTemplate\":\"https:\/\/www.toutsurmesfinances.com\/retraite\/?s={search_term_string}\"},\"query-input\":{\"@type\":\"PropertyValueSpecification\",\"valueRequired\":true,\"valueName\":\"search_term_string\"}}],\"inLanguage\":\"fr-FR\"},{\"@type\":\"Organization\",\"@id\":\"https:\/\/www.toutsurmesfinances.com\/retraite\/#organization\",\"name\":\"Tout Sur Mes Finances\",\"url\":\"https:\/\/www.toutsurmesfinances.com\/retraite\/\",\"logo\":{\"@type\":\"ImageObject\",\"inLanguage\":\"fr-FR\",\"@id\":\"https:\/\/www.toutsurmesfinances.com\/retraite\/#\/schema\/logo\/image\/\",\"url\":\"https:\/\/www.toutsurmesfinances.com\/retraite\/wp-content\/uploads\/sites\/4\/2021\/01\/favicon.png\",\"contentUrl\":\"https:\/\/www.toutsurmesfinances.com\/retraite\/wp-content\/uploads\/sites\/4\/2021\/01\/favicon.png\",\"width\":512,\"height\":512,\"caption\":\"Tout Sur Mes Finances\"},\"image\":{\"@id\":\"https:\/\/www.toutsurmesfinances.com\/retraite\/#\/schema\/logo\/image\/\"},\"sameAs\":[\"https:\/\/x.com\/Toutsur\"]},{\"@type\":\"Person\",\"@id\":\"https:\/\/www.toutsurmesfinances.com\/retraite\/#\/schema\/person\/addc9e9b3978fa7947ead71bab57694c\",\"name\":\"Jean-Philippe Dubosc\",\"image\":{\"@type\":\"ImageObject\",\"inLanguage\":\"fr-FR\",\"@id\":\"https:\/\/www.toutsurmesfinances.com\/retraite\/#\/schema\/person\/image\/\",\"url\":\"https:\/\/secure.gravatar.com\/avatar\/a3cba30cdda1afe79f6ebffc6e952291?s=96&d=mm&r=g\",\"contentUrl\":\"https:\/\/secure.gravatar.com\/avatar\/a3cba30cdda1afe79f6ebffc6e952291?s=96&d=mm&r=g\",\"caption\":\"Jean-Philippe Dubosc\"},\"description\":\"Jean-Philippe Dubosc est r\u00e9dacteur en chef de ToutSurMesFinances.com et sp\u00e9cialiste des questions de retraite obligatoire et d\u2019\u00e9pargne. Pr\u00e9sent au sein du m\u00e9dia depuis plus de 13 ans, il analyse les r\u00e9formes, les dispositifs r\u00e9glementaires et les strat\u00e9gies de d\u00e9part \u00e0 la retraite, avec une approche fond\u00e9e sur une lecture rigoureuse des textes et une connaissance approfondie des diff\u00e9rents r\u00e9gimes de retraite.\",\"sameAs\":[\"https:\/\/www.toutsurmesfinances.com\/author\/jpdubosc\",\"https:\/\/fr.linkedin.com\/in\/jpdubosc\"]}]}<\/script>\n<!-- \/ Yoast SEO plugin. -->","yoast_head_json":{"title":"Formation professionnelle : des trimestres de retraite pour les ch\u00f4meurs en fin de droit","description":"Un d\u00e9cret publi\u00e9 le 8 octobre 2015 instaure des trimestres de cotisation vieillesse \u00ab gratuits \u00bb pour les travailleurs les plus pr\u00e9caires, dont les demandeurs d'emploi ne percevant plus d'allocation ch\u00f4mage. Une mesure dite \u00ab de justice \u00bb pr\u00e9vue dans la","robots":{"index":"index","follow":"follow","max-snippet":"max-snippet:-1","max-image-preview":"max-image-preview:large","max-video-preview":"max-video-preview:-1"},"canonical":"https:\/\/www.toutsurmesfinances.com\/retraite\/formation-professionnelle-des-trimestres-de-retraite-pour-les-chomeurs-en-fin-de-droit.html","og_locale":"fr_FR","og_type":"article","og_title":"Formation professionnelle : des trimestres de retraite pour les ch\u00f4meurs en fin de droit","og_description":"Un d\u00e9cret publi\u00e9 le 8 octobre 2015 instaure des trimestres de cotisation vieillesse \u00ab gratuits \u00bb pour les travailleurs les plus pr\u00e9caires, dont les demandeurs d'emploi ne percevant plus d'allocation ch\u00f4mage. Une mesure dite \u00ab de justice \u00bb pr\u00e9vue dans la","og_url":"https:\/\/www.toutsurmesfinances.com\/retraite\/formation-professionnelle-des-trimestres-de-retraite-pour-les-chomeurs-en-fin-de-droit.html","og_site_name":"Retraite","article_published_time":"2015-10-08T06:10:26+00:00","article_modified_time":"2021-12-08T13:06:15+00:00","og_image":[{"width":823,"height":463,"url":"https:\/\/www.toutsurmesfinances.com\/retraite\/wp-content\/uploads\/sites\/4\/2015\/10\/jeunes-actifs.jpg","type":"image\/jpeg"}],"author":"Jean-Philippe Dubosc","twitter_card":"summary_large_image","twitter_creator":"@Toutsur","twitter_site":"@Toutsur","twitter_misc":{"\u00c9crit par":"Jean-Philippe Dubosc","Dur\u00e9e de lecture estim\u00e9e":"2 minutes"},"schema":{"@context":"https:\/\/schema.org","@graph":[{"@type":"Article","@id":"https:\/\/www.toutsurmesfinances.com\/retraite\/formation-professionnelle-des-trimestres-de-retraite-pour-les-chomeurs-en-fin-de-droit.html#article","isPartOf":{"@id":"https:\/\/www.toutsurmesfinances.com\/retraite\/formation-professionnelle-des-trimestres-de-retraite-pour-les-chomeurs-en-fin-de-droit.html"},"author":{"name":"Jean-Philippe Dubosc","@id":"https:\/\/www.toutsurmesfinances.com\/retraite\/#\/schema\/person\/addc9e9b3978fa7947ead71bab57694c"},"headline":"Formation professionnelle : des trimestres de retraite pour les ch\u00f4meurs en fin de droit","dateModified":"2021-12-08T13:06:15+00:00","mainEntityOfPage":{"@id":"https:\/\/www.toutsurmesfinances.com\/retraite\/formation-professionnelle-des-trimestres-de-retraite-pour-les-chomeurs-en-fin-de-droit.html"},"wordCount":331,"publisher":{"@id":"https:\/\/www.toutsurmesfinances.com\/retraite\/#organization"},"image":{"@id":"https:\/\/www.toutsurmesfinances.com\/retraite\/formation-professionnelle-des-trimestres-de-retraite-pour-les-chomeurs-en-fin-de-droit.html#primaryimage"},"thumbnailUrl":"https:\/\/www.toutsurmesfinances.com\/retraite\/wp-content\/uploads\/sites\/4\/2015\/10\/jeunes-actifs.jpg","articleSection":["Dur\u00e9e d'assurance"],"inLanguage":"fr-FR"},{"@type":"WebPage","@id":"https:\/\/www.toutsurmesfinances.com\/retraite\/formation-professionnelle-des-trimestres-de-retraite-pour-les-chomeurs-en-fin-de-droit.html","url":"https:\/\/www.toutsurmesfinances.com\/retraite\/formation-professionnelle-des-trimestres-de-retraite-pour-les-chomeurs-en-fin-de-droit.html","name":"Formation professionnelle : des trimestres de retraite pour les ch\u00f4meurs en fin de droit","isPartOf":{"@id":"https:\/\/www.toutsurmesfinances.com\/retraite\/#website"},"primaryImageOfPage":{"@id":"https:\/\/www.toutsurmesfinances.com\/retraite\/formation-professionnelle-des-trimestres-de-retraite-pour-les-chomeurs-en-fin-de-droit.html#primaryimage"},"image":{"@id":"https:\/\/www.toutsurmesfinances.com\/retraite\/formation-professionnelle-des-trimestres-de-retraite-pour-les-chomeurs-en-fin-de-droit.html#primaryimage"},"thumbnailUrl":"https:\/\/www.toutsurmesfinances.com\/retraite\/wp-content\/uploads\/sites\/4\/2015\/10\/jeunes-actifs.jpg","dateModified":"2021-12-08T13:06:15+00:00","description":"Un d\u00e9cret publi\u00e9 le 8 octobre 2015 instaure des trimestres de cotisation vieillesse \u00ab gratuits \u00bb pour les travailleurs les plus pr\u00e9caires, dont les demandeurs d'emploi ne percevant plus d'allocation ch\u00f4mage. Une mesure dite \u00ab de justice \u00bb pr\u00e9vue dans la","breadcrumb":{"@id":"https:\/\/www.toutsurmesfinances.com\/retraite\/formation-professionnelle-des-trimestres-de-retraite-pour-les-chomeurs-en-fin-de-droit.html#breadcrumb"},"inLanguage":"fr-FR","potentialAction":[{"@type":"ReadAction","target":["https:\/\/www.toutsurmesfinances.com\/retraite\/formation-professionnelle-des-trimestres-de-retraite-pour-les-chomeurs-en-fin-de-droit.html"]}]},{"@type":"ImageObject","inLanguage":"fr-FR","@id":"https:\/\/www.toutsurmesfinances.com\/retraite\/formation-professionnelle-des-trimestres-de-retraite-pour-les-chomeurs-en-fin-de-droit.html#primaryimage","url":"https:\/\/www.toutsurmesfinances.com\/retraite\/wp-content\/uploads\/sites\/4\/2015\/10\/jeunes-actifs.jpg","contentUrl":"https:\/\/www.toutsurmesfinances.com\/retraite\/wp-content\/uploads\/sites\/4\/2015\/10\/jeunes-actifs.jpg","width":823,"height":463,"caption":"50 jours de formation professionnelle donne droit depuis le 1er janvier 2015 \u00e0 1 trimestre de retraite"},{"@type":"BreadcrumbList","@id":"https:\/\/www.toutsurmesfinances.com\/retraite\/formation-professionnelle-des-trimestres-de-retraite-pour-les-chomeurs-en-fin-de-droit.html#breadcrumb","itemListElement":[{"@type":"ListItem","position":1,"name":"Accueil","item":"https:\/\/www.toutsurmesfinances.com\/retraite\/"},{"@type":"ListItem","position":2,"name":"Droits","item":"https:\/\/www.toutsurmesfinances.com\/retraite\/c\/droits"},{"@type":"ListItem","position":3,"name":"Dur\u00e9e d'assurance","item":"https:\/\/www.toutsurmesfinances.com\/retraite\/c\/duree-d-assurance"},{"@type":"ListItem","position":4,"name":"Formation professionnelle : des trimestres de retraite pour les ch\u00f4meurs en fin de droit"}]},{"@type":"WebSite","@id":"https:\/\/www.toutsurmesfinances.com\/retraite\/#website","url":"https:\/\/www.toutsurmesfinances.com\/retraite\/","name":"Retraite","description":"","publisher":{"@id":"https:\/\/www.toutsurmesfinances.com\/retraite\/#organization"},"potentialAction":[{"@type":"SearchAction","target":{"@type":"EntryPoint","urlTemplate":"https:\/\/www.toutsurmesfinances.com\/retraite\/?s={search_term_string}"},"query-input":{"@type":"PropertyValueSpecification","valueRequired":true,"valueName":"search_term_string"}}],"inLanguage":"fr-FR"},{"@type":"Organization","@id":"https:\/\/www.toutsurmesfinances.com\/retraite\/#organization","name":"Tout Sur Mes Finances","url":"https:\/\/www.toutsurmesfinances.com\/retraite\/","logo":{"@type":"ImageObject","inLanguage":"fr-FR","@id":"https:\/\/www.toutsurmesfinances.com\/retraite\/#\/schema\/logo\/image\/","url":"https:\/\/www.toutsurmesfinances.com\/retraite\/wp-content\/uploads\/sites\/4\/2021\/01\/favicon.png","contentUrl":"https:\/\/www.toutsurmesfinances.com\/retraite\/wp-content\/uploads\/sites\/4\/2021\/01\/favicon.png","width":512,"height":512,"caption":"Tout Sur Mes Finances"},"image":{"@id":"https:\/\/www.toutsurmesfinances.com\/retraite\/#\/schema\/logo\/image\/"},"sameAs":["https:\/\/x.com\/Toutsur"]},{"@type":"Person","@id":"https:\/\/www.toutsurmesfinances.com\/retraite\/#\/schema\/person\/addc9e9b3978fa7947ead71bab57694c","name":"Jean-Philippe Dubosc","image":{"@type":"ImageObject","inLanguage":"fr-FR","@id":"https:\/\/www.toutsurmesfinances.com\/retraite\/#\/schema\/person\/image\/","url":"https:\/\/secure.gravatar.com\/avatar\/a3cba30cdda1afe79f6ebffc6e952291?s=96&d=mm&r=g","contentUrl":"https:\/\/secure.gravatar.com\/avatar\/a3cba30cdda1afe79f6ebffc6e952291?s=96&d=mm&r=g","caption":"Jean-Philippe Dubosc"},"description":"Jean-Philippe Dubosc est r\u00e9dacteur en chef de ToutSurMesFinances.com et sp\u00e9cialiste des questions de retraite obligatoire et d\u2019\u00e9pargne. Pr\u00e9sent au sein du m\u00e9dia depuis plus de 13 ans, il analyse les r\u00e9formes, les dispositifs r\u00e9glementaires et les strat\u00e9gies de d\u00e9part \u00e0 la retraite, avec une approche fond\u00e9e sur une lecture rigoureuse des textes et une connaissance approfondie des diff\u00e9rents r\u00e9gimes de retraite.","sameAs":["https:\/\/www.toutsurmesfinances.com\/author\/jpdubosc","https:\/\/fr.linkedin.com\/in\/jpdubosc"]}]}},"_links":{"self":[{"href":"https:\/\/www.toutsurmesfinances.com\/retraite\/wp-json\/wp\/v2\/posts\/20957","targetHints":{"allow":["GET"]}}],"collection":[{"href":"https:\/\/www.toutsurmesfinances.com\/retraite\/wp-json\/wp\/v2\/posts"}],"about":[{"href":"https:\/\/www.toutsurmesfinances.com\/retraite\/wp-json\/wp\/v2\/types\/post"}],"author":[{"embeddable":true,"href":"https:\/\/www.toutsurmesfinances.com\/retraite\/wp-json\/wp\/v2\/users\/13713"}],"replies":[{"embeddable":true,"href":"https:\/\/www.toutsurmesfinances.com\/retraite\/wp-json\/wp\/v2\/comments?post=20957"}],"version-history":[{"count":2,"href":"https:\/\/www.toutsurmesfinances.com\/retraite\/wp-json\/wp\/v2\/posts\/20957\/revisions"}],"predecessor-version":[{"id":30417,"href":"https:\/\/www.toutsurmesfinances.com\/retraite\/wp-json\/wp\/v2\/posts\/20957\/revisions\/30417"}],"wp:featuredmedia":[{"embeddable":true,"href":"https:\/\/www.toutsurmesfinances.com\/retraite\/wp-json\/wp\/v2\/media\/20956"}],"wp:attachment":[{"href":"https:\/\/www.toutsurmesfinances.com\/retraite\/wp-json\/wp\/v2\/media?parent=20957"}],"wp:term":[{"taxonomy":"category","embeddable":true,"href":"https:\/\/www.toutsurmesfinances.com\/retraite\/wp-json\/wp\/v2\/categories?post=20957"},{"taxonomy":"post_tag","embeddable":true,"href":"https:\/\/www.toutsurmesfinances.com\/retraite\/wp-json\/wp\/v2\/tags?post=20957"}],"curies":[{"name":"wp","href":"https:\/\/api.w.org\/{rel}","templated":true}]}}