{"id":20980,"date":"2015-10-19T11:51:51","date_gmt":"2015-10-19T09:51:51","guid":{"rendered":"https:\/\/www.toutsurmesfinances.com\/retraite\/compte-penibilite-les-criteres-seront-mis-en-place-dans-les-temps.html"},"modified":"2021-12-08T13:55:48","modified_gmt":"2021-12-08T12:55:48","slug":"compte-penibilite-les-criteres-seront-mis-en-place-dans-les-temps","status":"publish","type":"post","link":"https:\/\/www.toutsurmesfinances.com\/retraite\/compte-penibilite-les-criteres-seront-mis-en-place-dans-les-temps.html","title":{"rendered":"Compte p\u00e9nibilit\u00e9 : \u00ab Les crit\u00e8res seront mis en place dans les temps \u00bb"},"content":{"rendered":"<section class=\"l-section wpb_row height_small\"><div class=\"l-section-h i-cf\"><div class=\"g-cols vc_row via_flex valign_top type_default stacking_default\"><div class=\"vc_col-sm-12 wpb_column vc_column_container\"><div class=\"vc_column-inner\"><div class=\"wpb_wrapper\"><div class=\"wpb_text_column\"><div class=\"wpb_wrapper\"><p><strong>Toutsurmesfinances.com : Le rapport Lanouzi\u00e8re propose une nouvelle d\u00e9finition des gestes r\u00e9p\u00e9titifs qui seront pris en compte, \u00e0 compter du 1er juillet 2016, pour obtenir des points p\u00e9nibilit\u00e9. Est-ce que cela va changer quelque chose ?<\/strong><br \/>\n<strong>Mouna Elgamali, consultante risques professionnels et performance sociale chez Atequacy<\/strong> : Selon le rapport d&rsquo;<strong>Herv\u00e9 Lanouzi\u00e8re<\/strong>, <em>\u00ab le travail r\u00e9p\u00e9titif est caract\u00e9ris\u00e9 par la r\u00e9alisation de travaux impliquant l&rsquo;ex\u00e9cution de mouvements r\u00e9p\u00e9t\u00e9s, sollicitant tout ou partie du membre sup\u00e9rieur, \u00e0 une fr\u00e9quence \u00e9lev\u00e9e et sous cadence contrainte \u00bb<\/em>. Cette d\u00e9finition fait clairement r\u00e9f\u00e9rence aux articulations de la partie sup\u00e9rieure du corps, comme les poignets, les coudes, le cou. Par ailleurs, elle lie fr\u00e9quence et cadence.<\/p>\n<p>Le d\u00e9cret du 9 octobre 2014, qui fixe les facteurs pris en compte dans le cadre du compte p\u00e9nibilit\u00e9, diff\u00e9rencie ces deux notions. Un point p\u00e9nibilit\u00e9 est octroy\u00e9 si, durant 900 heures par an, le geste r\u00e9p\u00e9titif est effectu\u00e9 dans un<em> \u00ab temps de cycle inf\u00e9rieur ou \u00e9gal \u00e0 30 secondes, comprenant 15 actions techniques ou plus \u00bb<\/em> ou dans un <em>\u00ab temps de cycle sup\u00e9rieur \u00e0 30 secondes, temps de cycle variable ou absence de temps de cycle : 30 actions techniques par minute \u00bb<\/em>. On voit bien ici, que sont associ\u00e9es une cadence contrainte du temps de cycle \u00e0 une fr\u00e9quence \u00e9lev\u00e9e des actions techniques.<\/p>\n<p>&nbsp;<\/p>\n<p><strong>Cette nouvelle d\u00e9finition ne manque-t-elle pas de pr\u00e9cision ?<\/strong><br \/>\nLors de la remise du rapport, la ministre du Travail et de l&rsquo;Emploi <strong>Myriam El Khomri<\/strong> a annonc\u00e9 que des d\u00e9crets pr\u00e9cisant les facteurs d&rsquo;exposition et leur seuil seront publi\u00e9s \u00e0 la fin du mois d&rsquo;octobre. Ils devront concerner d&rsquo;autres facteurs de risque, comme les postures p\u00e9nibles ou l&rsquo;exposition aux agents chimiques dangereux qui ont, eux aussi, besoin d&rsquo;\u00eatre pr\u00e9cis\u00e9s. Une liste des agents chimiques canc\u00e9rig\u00e8nes devrait notamment \u00eatre dress\u00e9e.<\/p>\n<p>&nbsp;<\/p>\n<p><strong>Au final, avec la nouvelle d\u00e9finition, va-t-on vraiment vers une simplification ?<\/strong><br \/>\nLa nouvelle d\u00e9finition des gestes r\u00e9p\u00e9titifs n&rsquo;est pas vraiment plus simple que la pr\u00e9c\u00e9dente. En pratique, m\u00eame si la d\u00e9finition est plus pr\u00e9cise et plus limit\u00e9e, elle risque d&rsquo;\u00eatre difficile \u00e0 mesurer, et l&#8217;employeur devra \u00eatre vigilant dans son analyse de ce facteur de p\u00e9nibilit\u00e9 en n&rsquo; h\u00e9sitant pas \u00e0 se faire aider par son personnel charg\u00e9 de la sant\u00e9 et de la s\u00e9curit\u00e9 au travail.<\/p>\n<p>&nbsp;<\/p>\n<p><strong>Qu&rsquo;en est-il des r\u00e9f\u00e9rentiels m\u00e9tier qui attribueraient d&rsquo;office un certain nombre de points p\u00e9nibilit\u00e9 par an \u00e0 des salari\u00e9s occupant des postes d\u00e9finis p\u00e9nibles ?<\/strong><br \/>\nL&rsquo;id\u00e9e de ces r\u00e9f\u00e9rentiels m\u00e9tier \u00e9voqu\u00e9e dans le rapport Sirugue-Huot-de Virville a \u00e9t\u00e9 reprise dans la loi du 17 ao\u00fbt 2015 sur le dialogue social de l&rsquo;ex-ministre du Travail <strong>Fran\u00e7ois Rebsamen<\/strong>. Cette loi pr\u00e9voit que des r\u00e9f\u00e9rentiels de branches professionnelles soient mis en place, afin d&rsquo;aguiller au maximum les entreprises appartenant \u00e0 une m\u00eame branche d&rsquo;activit\u00e9 et passer ainsi d&rsquo;une logique individuelle \u00e0 une logique collective des expositions.<\/p>\n<p>&nbsp;<\/p>\n<p><strong>O\u00f9 en sommes-nous sur ces accords ?<\/strong><br \/>\nDisons que les branches professionnelles ne se pressent pas forc\u00e9ment pour signer de tels accords, techniquement tr\u00e8s complexes et qui peuvent donner lieu \u00e0 des contestations. Certaines branches s&rsquo;orientent vers la r\u00e9daction de guides de bonnes pratiques qui seront mis en ligne et sur lesquels les entreprises pourront s&rsquo;appuyer.<\/p>\n<p>&nbsp;<\/p>\n<p><strong>Quatre facteurs de p\u00e9nibilit\u00e9 ont \u00e9t\u00e9 instaur\u00e9s au 1er janvier 2015. Six autres, dont les gestes r\u00e9p\u00e9titifs, le seront au 1er juillet 2016. Les entreprises seront-elles pr\u00eates ?<\/strong><br \/>\nOui. Les d\u00e9crets de pr\u00e9cision vont \u00eatre publi\u00e9s prochainement. Les branches professionnelles et les entreprises vont disposer de huit mois pour s&rsquo;adapter. Ce laps de temps sera suffisant. Les crit\u00e8res de p\u00e9nibilit\u00e9 seront mis en place dans les temps.<\/p>\n<p style=\"text-align: right;\"><em>Propos recueillis par Jean-Philippe Dubosc<\/em><\/p>\n<p><center><iframe loading=\"lazy\" src=\"\/\/www.youtube.com\/embed\/66myQ-NljQU\" width=\"660\" height=\"400\" frameborder=\"0\" allowfullscreen=\"allowfullscreen\"><\/iframe><\/center><\/p>\n<\/div><\/div><\/div><\/div><\/div><\/div><\/div><\/section>\n","protected":false},"excerpt":{"rendered":"<p>INTERVIEW \u2013 Le directeur de l&rsquo;Agence nationale pour l&rsquo;am\u00e9lioration des conditions de travail (Anact) Herv\u00e9 Lanouzi\u00e8re a remis le 28 septembre 2015 un rapport instaurant une nouvelle d\u00e9finition des gestes r\u00e9p\u00e9titifs, l&rsquo;un des dix facteurs de risque donnant droit \u00e0 des points de p\u00e9nibilit\u00e9 permettant notamment de b\u00e9n\u00e9ficier d&rsquo;une retraite anticip\u00e9e. Pour la consultante du cabinet Atequacy Mouna Elgamali, cette nouvelle d\u00e9finition va restreindre le champ d&rsquo;application du crit\u00e8re. \u00a0  \u00a0 \u00a0<\/p>\n","protected":false},"author":13713,"featured_media":20979,"comment_status":"closed","ping_status":"closed","sticky":false,"template":"","format":"standard","meta":{"footnotes":""},"categories":[18],"tags":[],"class_list":["post-20980","post","type-post","status-publish","format-standard","has-post-thumbnail","hentry","category-avantages-de-retraite"],"acf":[],"yoast_head":"<!-- This site is optimized with the Yoast SEO plugin v24.9 - https:\/\/yoast.com\/wordpress\/plugins\/seo\/ -->\n<title>Compte p\u00e9nibilit\u00e9 : \u00ab Les crit\u00e8res seront mis en place dans les temps \u00bb<\/title>\n<meta name=\"description\" content=\"INTERVIEW \u2013 Le directeur de l&#039;Agence nationale pour l&#039;am\u00e9lioration des conditions de travail (Anact) Herv\u00e9 Lanouzi\u00e8re a remis le 28 septembre 2015 un rapport instaurant une nouvelle d\u00e9finition des gestes r\u00e9p\u00e9titifs, l&#039;un des dix facteurs de risque\" \/>\n<meta name=\"robots\" content=\"index, follow, max-snippet:-1, max-image-preview:large, max-video-preview:-1\" \/>\n<link rel=\"canonical\" href=\"https:\/\/www.toutsurmesfinances.com\/retraite\/compte-penibilite-les-criteres-seront-mis-en-place-dans-les-temps.html\" \/>\n<meta property=\"og:locale\" content=\"fr_FR\" \/>\n<meta property=\"og:type\" content=\"article\" \/>\n<meta property=\"og:title\" content=\"Compte p\u00e9nibilit\u00e9 : \u00ab Les crit\u00e8res seront mis en place dans les temps \u00bb\" \/>\n<meta property=\"og:description\" content=\"INTERVIEW \u2013 Le directeur de l&#039;Agence nationale pour l&#039;am\u00e9lioration des conditions de travail (Anact) Herv\u00e9 Lanouzi\u00e8re a remis le 28 septembre 2015 un rapport instaurant une nouvelle d\u00e9finition des gestes r\u00e9p\u00e9titifs, l&#039;un des dix facteurs de risque\" \/>\n<meta property=\"og:url\" content=\"https:\/\/www.toutsurmesfinances.com\/retraite\/compte-penibilite-les-criteres-seront-mis-en-place-dans-les-temps.html\" \/>\n<meta property=\"og:site_name\" content=\"Retraite\" \/>\n<meta property=\"article:published_time\" content=\"2015-10-19T09:51:51+00:00\" \/>\n<meta property=\"article:modified_time\" content=\"2021-12-08T12:55:48+00:00\" \/>\n<meta property=\"og:image\" content=\"https:\/\/www.toutsurmesfinances.com\/retraite\/wp-content\/uploads\/sites\/4\/2015\/10\/Mouna-El-Gamali-Atequacy.jpg\" \/>\n\t<meta property=\"og:image:width\" content=\"645\" \/>\n\t<meta property=\"og:image:height\" content=\"363\" \/>\n\t<meta property=\"og:image:type\" content=\"image\/jpeg\" \/>\n<meta name=\"author\" content=\"Jean-Philippe Dubosc\" \/>\n<meta name=\"twitter:card\" content=\"summary_large_image\" \/>\n<meta name=\"twitter:creator\" content=\"@Toutsur\" \/>\n<meta name=\"twitter:site\" content=\"@Toutsur\" \/>\n<meta name=\"twitter:label1\" content=\"\u00c9crit par\" \/>\n\t<meta name=\"twitter:data1\" content=\"Jean-Philippe Dubosc\" \/>\n\t<meta name=\"twitter:label2\" content=\"Dur\u00e9e de lecture estim\u00e9e\" \/>\n\t<meta name=\"twitter:data2\" content=\"3 minutes\" \/>\n<script type=\"application\/ld+json\" class=\"yoast-schema-graph\">{\"@context\":\"https:\/\/schema.org\",\"@graph\":[{\"@type\":\"Article\",\"@id\":\"https:\/\/www.toutsurmesfinances.com\/retraite\/compte-penibilite-les-criteres-seront-mis-en-place-dans-les-temps.html#article\",\"isPartOf\":{\"@id\":\"https:\/\/www.toutsurmesfinances.com\/retraite\/compte-penibilite-les-criteres-seront-mis-en-place-dans-les-temps.html\"},\"author\":{\"name\":\"Jean-Philippe Dubosc\",\"@id\":\"https:\/\/www.toutsurmesfinances.com\/retraite\/#\/schema\/person\/addc9e9b3978fa7947ead71bab57694c\"},\"headline\":\"Compte p\u00e9nibilit\u00e9 : \u00ab Les crit\u00e8res seront mis en place dans les temps \u00bb\",\"dateModified\":\"2021-12-08T12:55:48+00:00\",\"mainEntityOfPage\":{\"@id\":\"https:\/\/www.toutsurmesfinances.com\/retraite\/compte-penibilite-les-criteres-seront-mis-en-place-dans-les-temps.html\"},\"wordCount\":699,\"publisher\":{\"@id\":\"https:\/\/www.toutsurmesfinances.com\/retraite\/#organization\"},\"image\":{\"@id\":\"https:\/\/www.toutsurmesfinances.com\/retraite\/compte-penibilite-les-criteres-seront-mis-en-place-dans-les-temps.html#primaryimage\"},\"thumbnailUrl\":\"https:\/\/www.toutsurmesfinances.com\/retraite\/wp-content\/uploads\/sites\/4\/2015\/10\/Mouna-El-Gamali-Atequacy.jpg\",\"articleSection\":[\"Avantages de retraite\"],\"inLanguage\":\"fr-FR\"},{\"@type\":\"WebPage\",\"@id\":\"https:\/\/www.toutsurmesfinances.com\/retraite\/compte-penibilite-les-criteres-seront-mis-en-place-dans-les-temps.html\",\"url\":\"https:\/\/www.toutsurmesfinances.com\/retraite\/compte-penibilite-les-criteres-seront-mis-en-place-dans-les-temps.html\",\"name\":\"Compte p\u00e9nibilit\u00e9 : \u00ab Les crit\u00e8res seront mis en place dans les temps \u00bb\",\"isPartOf\":{\"@id\":\"https:\/\/www.toutsurmesfinances.com\/retraite\/#website\"},\"primaryImageOfPage\":{\"@id\":\"https:\/\/www.toutsurmesfinances.com\/retraite\/compte-penibilite-les-criteres-seront-mis-en-place-dans-les-temps.html#primaryimage\"},\"image\":{\"@id\":\"https:\/\/www.toutsurmesfinances.com\/retraite\/compte-penibilite-les-criteres-seront-mis-en-place-dans-les-temps.html#primaryimage\"},\"thumbnailUrl\":\"https:\/\/www.toutsurmesfinances.com\/retraite\/wp-content\/uploads\/sites\/4\/2015\/10\/Mouna-El-Gamali-Atequacy.jpg\",\"dateModified\":\"2021-12-08T12:55:48+00:00\",\"description\":\"INTERVIEW \u2013 Le directeur de l'Agence nationale pour l'am\u00e9lioration des conditions de travail (Anact) Herv\u00e9 Lanouzi\u00e8re a remis le 28 septembre 2015 un rapport instaurant une nouvelle d\u00e9finition des gestes r\u00e9p\u00e9titifs, l'un des dix facteurs de risque\",\"breadcrumb\":{\"@id\":\"https:\/\/www.toutsurmesfinances.com\/retraite\/compte-penibilite-les-criteres-seront-mis-en-place-dans-les-temps.html#breadcrumb\"},\"inLanguage\":\"fr-FR\",\"potentialAction\":[{\"@type\":\"ReadAction\",\"target\":[\"https:\/\/www.toutsurmesfinances.com\/retraite\/compte-penibilite-les-criteres-seront-mis-en-place-dans-les-temps.html\"]}]},{\"@type\":\"ImageObject\",\"inLanguage\":\"fr-FR\",\"@id\":\"https:\/\/www.toutsurmesfinances.com\/retraite\/compte-penibilite-les-criteres-seront-mis-en-place-dans-les-temps.html#primaryimage\",\"url\":\"https:\/\/www.toutsurmesfinances.com\/retraite\/wp-content\/uploads\/sites\/4\/2015\/10\/Mouna-El-Gamali-Atequacy.jpg\",\"contentUrl\":\"https:\/\/www.toutsurmesfinances.com\/retraite\/wp-content\/uploads\/sites\/4\/2015\/10\/Mouna-El-Gamali-Atequacy.jpg\",\"width\":645,\"height\":363,\"caption\":\"Mouna Elgamali, consultante risques professionnels et performance sociale au cabinet Atequacy\"},{\"@type\":\"BreadcrumbList\",\"@id\":\"https:\/\/www.toutsurmesfinances.com\/retraite\/compte-penibilite-les-criteres-seront-mis-en-place-dans-les-temps.html#breadcrumb\",\"itemListElement\":[{\"@type\":\"ListItem\",\"position\":1,\"name\":\"Accueil\",\"item\":\"https:\/\/www.toutsurmesfinances.com\/retraite\/\"},{\"@type\":\"ListItem\",\"position\":2,\"name\":\"Pension\",\"item\":\"https:\/\/www.toutsurmesfinances.com\/retraite\/c\/pension\"},{\"@type\":\"ListItem\",\"position\":3,\"name\":\"Avantages de retraite\",\"item\":\"https:\/\/www.toutsurmesfinances.com\/retraite\/c\/avantages-de-retraite\"},{\"@type\":\"ListItem\",\"position\":4,\"name\":\"Compte p\u00e9nibilit\u00e9 : \u00ab Les crit\u00e8res seront mis en place dans les temps \u00bb\"}]},{\"@type\":\"WebSite\",\"@id\":\"https:\/\/www.toutsurmesfinances.com\/retraite\/#website\",\"url\":\"https:\/\/www.toutsurmesfinances.com\/retraite\/\",\"name\":\"Retraite\",\"description\":\"\",\"publisher\":{\"@id\":\"https:\/\/www.toutsurmesfinances.com\/retraite\/#organization\"},\"potentialAction\":[{\"@type\":\"SearchAction\",\"target\":{\"@type\":\"EntryPoint\",\"urlTemplate\":\"https:\/\/www.toutsurmesfinances.com\/retraite\/?s={search_term_string}\"},\"query-input\":{\"@type\":\"PropertyValueSpecification\",\"valueRequired\":true,\"valueName\":\"search_term_string\"}}],\"inLanguage\":\"fr-FR\"},{\"@type\":\"Organization\",\"@id\":\"https:\/\/www.toutsurmesfinances.com\/retraite\/#organization\",\"name\":\"Tout Sur Mes Finances\",\"url\":\"https:\/\/www.toutsurmesfinances.com\/retraite\/\",\"logo\":{\"@type\":\"ImageObject\",\"inLanguage\":\"fr-FR\",\"@id\":\"https:\/\/www.toutsurmesfinances.com\/retraite\/#\/schema\/logo\/image\/\",\"url\":\"https:\/\/www.toutsurmesfinances.com\/retraite\/wp-content\/uploads\/sites\/4\/2021\/01\/favicon.png\",\"contentUrl\":\"https:\/\/www.toutsurmesfinances.com\/retraite\/wp-content\/uploads\/sites\/4\/2021\/01\/favicon.png\",\"width\":512,\"height\":512,\"caption\":\"Tout Sur Mes Finances\"},\"image\":{\"@id\":\"https:\/\/www.toutsurmesfinances.com\/retraite\/#\/schema\/logo\/image\/\"},\"sameAs\":[\"https:\/\/x.com\/Toutsur\"]},{\"@type\":\"Person\",\"@id\":\"https:\/\/www.toutsurmesfinances.com\/retraite\/#\/schema\/person\/addc9e9b3978fa7947ead71bab57694c\",\"name\":\"Jean-Philippe Dubosc\",\"image\":{\"@type\":\"ImageObject\",\"inLanguage\":\"fr-FR\",\"@id\":\"https:\/\/www.toutsurmesfinances.com\/retraite\/#\/schema\/person\/image\/\",\"url\":\"https:\/\/secure.gravatar.com\/avatar\/a3cba30cdda1afe79f6ebffc6e952291?s=96&d=mm&r=g\",\"contentUrl\":\"https:\/\/secure.gravatar.com\/avatar\/a3cba30cdda1afe79f6ebffc6e952291?s=96&d=mm&r=g\",\"caption\":\"Jean-Philippe Dubosc\"},\"description\":\"Jean-Philippe Dubosc est r\u00e9dacteur en chef de ToutSurMesFinances.com et sp\u00e9cialiste des questions de retraite obligatoire et d\u2019\u00e9pargne. Pr\u00e9sent au sein du m\u00e9dia depuis plus de 13 ans, il analyse les r\u00e9formes, les dispositifs r\u00e9glementaires et les strat\u00e9gies de d\u00e9part \u00e0 la retraite, avec une approche fond\u00e9e sur une lecture rigoureuse des textes et une connaissance approfondie des diff\u00e9rents r\u00e9gimes de retraite.\",\"sameAs\":[\"https:\/\/www.toutsurmesfinances.com\/author\/jpdubosc\",\"https:\/\/fr.linkedin.com\/in\/jpdubosc\"]}]}<\/script>\n<!-- \/ Yoast SEO plugin. -->","yoast_head_json":{"title":"Compte p\u00e9nibilit\u00e9 : \u00ab Les crit\u00e8res seront mis en place dans les temps \u00bb","description":"INTERVIEW \u2013 Le directeur de l'Agence nationale pour l'am\u00e9lioration des conditions de travail (Anact) Herv\u00e9 Lanouzi\u00e8re a remis le 28 septembre 2015 un rapport instaurant une nouvelle d\u00e9finition des gestes r\u00e9p\u00e9titifs, l'un des dix facteurs de risque","robots":{"index":"index","follow":"follow","max-snippet":"max-snippet:-1","max-image-preview":"max-image-preview:large","max-video-preview":"max-video-preview:-1"},"canonical":"https:\/\/www.toutsurmesfinances.com\/retraite\/compte-penibilite-les-criteres-seront-mis-en-place-dans-les-temps.html","og_locale":"fr_FR","og_type":"article","og_title":"Compte p\u00e9nibilit\u00e9 : \u00ab Les crit\u00e8res seront mis en place dans les temps \u00bb","og_description":"INTERVIEW \u2013 Le directeur de l'Agence nationale pour l'am\u00e9lioration des conditions de travail (Anact) Herv\u00e9 Lanouzi\u00e8re a remis le 28 septembre 2015 un rapport instaurant une nouvelle d\u00e9finition des gestes r\u00e9p\u00e9titifs, l'un des dix facteurs de risque","og_url":"https:\/\/www.toutsurmesfinances.com\/retraite\/compte-penibilite-les-criteres-seront-mis-en-place-dans-les-temps.html","og_site_name":"Retraite","article_published_time":"2015-10-19T09:51:51+00:00","article_modified_time":"2021-12-08T12:55:48+00:00","og_image":[{"width":645,"height":363,"url":"https:\/\/www.toutsurmesfinances.com\/retraite\/wp-content\/uploads\/sites\/4\/2015\/10\/Mouna-El-Gamali-Atequacy.jpg","type":"image\/jpeg"}],"author":"Jean-Philippe Dubosc","twitter_card":"summary_large_image","twitter_creator":"@Toutsur","twitter_site":"@Toutsur","twitter_misc":{"\u00c9crit par":"Jean-Philippe Dubosc","Dur\u00e9e de lecture estim\u00e9e":"3 minutes"},"schema":{"@context":"https:\/\/schema.org","@graph":[{"@type":"Article","@id":"https:\/\/www.toutsurmesfinances.com\/retraite\/compte-penibilite-les-criteres-seront-mis-en-place-dans-les-temps.html#article","isPartOf":{"@id":"https:\/\/www.toutsurmesfinances.com\/retraite\/compte-penibilite-les-criteres-seront-mis-en-place-dans-les-temps.html"},"author":{"name":"Jean-Philippe Dubosc","@id":"https:\/\/www.toutsurmesfinances.com\/retraite\/#\/schema\/person\/addc9e9b3978fa7947ead71bab57694c"},"headline":"Compte p\u00e9nibilit\u00e9 : \u00ab Les crit\u00e8res seront mis en place dans les temps \u00bb","dateModified":"2021-12-08T12:55:48+00:00","mainEntityOfPage":{"@id":"https:\/\/www.toutsurmesfinances.com\/retraite\/compte-penibilite-les-criteres-seront-mis-en-place-dans-les-temps.html"},"wordCount":699,"publisher":{"@id":"https:\/\/www.toutsurmesfinances.com\/retraite\/#organization"},"image":{"@id":"https:\/\/www.toutsurmesfinances.com\/retraite\/compte-penibilite-les-criteres-seront-mis-en-place-dans-les-temps.html#primaryimage"},"thumbnailUrl":"https:\/\/www.toutsurmesfinances.com\/retraite\/wp-content\/uploads\/sites\/4\/2015\/10\/Mouna-El-Gamali-Atequacy.jpg","articleSection":["Avantages de retraite"],"inLanguage":"fr-FR"},{"@type":"WebPage","@id":"https:\/\/www.toutsurmesfinances.com\/retraite\/compte-penibilite-les-criteres-seront-mis-en-place-dans-les-temps.html","url":"https:\/\/www.toutsurmesfinances.com\/retraite\/compte-penibilite-les-criteres-seront-mis-en-place-dans-les-temps.html","name":"Compte p\u00e9nibilit\u00e9 : \u00ab Les crit\u00e8res seront mis en place dans les temps \u00bb","isPartOf":{"@id":"https:\/\/www.toutsurmesfinances.com\/retraite\/#website"},"primaryImageOfPage":{"@id":"https:\/\/www.toutsurmesfinances.com\/retraite\/compte-penibilite-les-criteres-seront-mis-en-place-dans-les-temps.html#primaryimage"},"image":{"@id":"https:\/\/www.toutsurmesfinances.com\/retraite\/compte-penibilite-les-criteres-seront-mis-en-place-dans-les-temps.html#primaryimage"},"thumbnailUrl":"https:\/\/www.toutsurmesfinances.com\/retraite\/wp-content\/uploads\/sites\/4\/2015\/10\/Mouna-El-Gamali-Atequacy.jpg","dateModified":"2021-12-08T12:55:48+00:00","description":"INTERVIEW \u2013 Le directeur de l'Agence nationale pour l'am\u00e9lioration des conditions de travail (Anact) Herv\u00e9 Lanouzi\u00e8re a remis le 28 septembre 2015 un rapport instaurant une nouvelle d\u00e9finition des gestes r\u00e9p\u00e9titifs, l'un des dix facteurs de risque","breadcrumb":{"@id":"https:\/\/www.toutsurmesfinances.com\/retraite\/compte-penibilite-les-criteres-seront-mis-en-place-dans-les-temps.html#breadcrumb"},"inLanguage":"fr-FR","potentialAction":[{"@type":"ReadAction","target":["https:\/\/www.toutsurmesfinances.com\/retraite\/compte-penibilite-les-criteres-seront-mis-en-place-dans-les-temps.html"]}]},{"@type":"ImageObject","inLanguage":"fr-FR","@id":"https:\/\/www.toutsurmesfinances.com\/retraite\/compte-penibilite-les-criteres-seront-mis-en-place-dans-les-temps.html#primaryimage","url":"https:\/\/www.toutsurmesfinances.com\/retraite\/wp-content\/uploads\/sites\/4\/2015\/10\/Mouna-El-Gamali-Atequacy.jpg","contentUrl":"https:\/\/www.toutsurmesfinances.com\/retraite\/wp-content\/uploads\/sites\/4\/2015\/10\/Mouna-El-Gamali-Atequacy.jpg","width":645,"height":363,"caption":"Mouna Elgamali, consultante risques professionnels et performance sociale au cabinet Atequacy"},{"@type":"BreadcrumbList","@id":"https:\/\/www.toutsurmesfinances.com\/retraite\/compte-penibilite-les-criteres-seront-mis-en-place-dans-les-temps.html#breadcrumb","itemListElement":[{"@type":"ListItem","position":1,"name":"Accueil","item":"https:\/\/www.toutsurmesfinances.com\/retraite\/"},{"@type":"ListItem","position":2,"name":"Pension","item":"https:\/\/www.toutsurmesfinances.com\/retraite\/c\/pension"},{"@type":"ListItem","position":3,"name":"Avantages de retraite","item":"https:\/\/www.toutsurmesfinances.com\/retraite\/c\/avantages-de-retraite"},{"@type":"ListItem","position":4,"name":"Compte p\u00e9nibilit\u00e9 : \u00ab Les crit\u00e8res seront mis en place dans les temps \u00bb"}]},{"@type":"WebSite","@id":"https:\/\/www.toutsurmesfinances.com\/retraite\/#website","url":"https:\/\/www.toutsurmesfinances.com\/retraite\/","name":"Retraite","description":"","publisher":{"@id":"https:\/\/www.toutsurmesfinances.com\/retraite\/#organization"},"potentialAction":[{"@type":"SearchAction","target":{"@type":"EntryPoint","urlTemplate":"https:\/\/www.toutsurmesfinances.com\/retraite\/?s={search_term_string}"},"query-input":{"@type":"PropertyValueSpecification","valueRequired":true,"valueName":"search_term_string"}}],"inLanguage":"fr-FR"},{"@type":"Organization","@id":"https:\/\/www.toutsurmesfinances.com\/retraite\/#organization","name":"Tout Sur Mes Finances","url":"https:\/\/www.toutsurmesfinances.com\/retraite\/","logo":{"@type":"ImageObject","inLanguage":"fr-FR","@id":"https:\/\/www.toutsurmesfinances.com\/retraite\/#\/schema\/logo\/image\/","url":"https:\/\/www.toutsurmesfinances.com\/retraite\/wp-content\/uploads\/sites\/4\/2021\/01\/favicon.png","contentUrl":"https:\/\/www.toutsurmesfinances.com\/retraite\/wp-content\/uploads\/sites\/4\/2021\/01\/favicon.png","width":512,"height":512,"caption":"Tout Sur Mes Finances"},"image":{"@id":"https:\/\/www.toutsurmesfinances.com\/retraite\/#\/schema\/logo\/image\/"},"sameAs":["https:\/\/x.com\/Toutsur"]},{"@type":"Person","@id":"https:\/\/www.toutsurmesfinances.com\/retraite\/#\/schema\/person\/addc9e9b3978fa7947ead71bab57694c","name":"Jean-Philippe Dubosc","image":{"@type":"ImageObject","inLanguage":"fr-FR","@id":"https:\/\/www.toutsurmesfinances.com\/retraite\/#\/schema\/person\/image\/","url":"https:\/\/secure.gravatar.com\/avatar\/a3cba30cdda1afe79f6ebffc6e952291?s=96&d=mm&r=g","contentUrl":"https:\/\/secure.gravatar.com\/avatar\/a3cba30cdda1afe79f6ebffc6e952291?s=96&d=mm&r=g","caption":"Jean-Philippe Dubosc"},"description":"Jean-Philippe Dubosc est r\u00e9dacteur en chef de ToutSurMesFinances.com et sp\u00e9cialiste des questions de retraite obligatoire et d\u2019\u00e9pargne. Pr\u00e9sent au sein du m\u00e9dia depuis plus de 13 ans, il analyse les r\u00e9formes, les dispositifs r\u00e9glementaires et les strat\u00e9gies de d\u00e9part \u00e0 la retraite, avec une approche fond\u00e9e sur une lecture rigoureuse des textes et une connaissance approfondie des diff\u00e9rents r\u00e9gimes de retraite.","sameAs":["https:\/\/www.toutsurmesfinances.com\/author\/jpdubosc","https:\/\/fr.linkedin.com\/in\/jpdubosc"]}]}},"_links":{"self":[{"href":"https:\/\/www.toutsurmesfinances.com\/retraite\/wp-json\/wp\/v2\/posts\/20980","targetHints":{"allow":["GET"]}}],"collection":[{"href":"https:\/\/www.toutsurmesfinances.com\/retraite\/wp-json\/wp\/v2\/posts"}],"about":[{"href":"https:\/\/www.toutsurmesfinances.com\/retraite\/wp-json\/wp\/v2\/types\/post"}],"author":[{"embeddable":true,"href":"https:\/\/www.toutsurmesfinances.com\/retraite\/wp-json\/wp\/v2\/users\/13713"}],"replies":[{"embeddable":true,"href":"https:\/\/www.toutsurmesfinances.com\/retraite\/wp-json\/wp\/v2\/comments?post=20980"}],"version-history":[{"count":2,"href":"https:\/\/www.toutsurmesfinances.com\/retraite\/wp-json\/wp\/v2\/posts\/20980\/revisions"}],"predecessor-version":[{"id":30393,"href":"https:\/\/www.toutsurmesfinances.com\/retraite\/wp-json\/wp\/v2\/posts\/20980\/revisions\/30393"}],"wp:featuredmedia":[{"embeddable":true,"href":"https:\/\/www.toutsurmesfinances.com\/retraite\/wp-json\/wp\/v2\/media\/20979"}],"wp:attachment":[{"href":"https:\/\/www.toutsurmesfinances.com\/retraite\/wp-json\/wp\/v2\/media?parent=20980"}],"wp:term":[{"taxonomy":"category","embeddable":true,"href":"https:\/\/www.toutsurmesfinances.com\/retraite\/wp-json\/wp\/v2\/categories?post=20980"},{"taxonomy":"post_tag","embeddable":true,"href":"https:\/\/www.toutsurmesfinances.com\/retraite\/wp-json\/wp\/v2\/tags?post=20980"}],"curies":[{"name":"wp","href":"https:\/\/api.w.org\/{rel}","templated":true}]}}